{"id":47125,"date":"2021-04-16T12:36:22","date_gmt":"2021-04-16T10:36:22","guid":{"rendered":"https:\/\/conversesacatalunya.cat\/el-fracaso-del-procicat\/"},"modified":"2021-04-16T13:45:48","modified_gmt":"2021-04-16T11:45:48","slug":"el-fracaso-del-procicat","status":"publish","type":"post","link":"https:\/\/conversesacatalunya.cat\/es\/el-fracaso-del-procicat\/","title":{"rendered":"El fracaso del PROCICAT"},"content":{"rendered":"<p>A pesar de que Catalu\u00f1a ha adoptado medidas muy restrictivas, de las\u00a0<strong>m\u00e1s de toda Espa\u00f1a<\/strong>, la situaci\u00f3n sigue siendo desfavorable y no mejora sustancialmente.\u00a0El indicador de incidencia por el n\u00famero de casos en los \u00faltimos 14 d\u00edas cada 100.000 habitantes nos dibuja muy bien el panorama.\u00a0<span class=\"goog-text-highlight\">La Comunidad Valenciana est\u00e1 en una situaci\u00f3n muy buena,\u00a0<\/span><strong><span class=\"goog-text-highlight\">35,57 de IA<\/span><\/strong><span class=\"goog-text-highlight\">\u00a0en fecha 15 de abril.\u00a0<\/span>Catalu\u00f1a se encuentra en\u00a0<strong>219,83<\/strong>\u00a0y Madrid, que no ha cerrado nada, a\u00a0<strong>348,58<\/strong>\u00a0.<\/p>\n<p>Como se puede ver nos encontramos a a\u00f1os lejos de la Comunidad Valenciana y mucho m\u00e1s pr\u00f3ximos a la situaci\u00f3n madrile\u00f1a, a pesar de que en aquella ciudad las restricciones son\u00a0<strong>m\u00ednimas.<\/strong>\u00a0 Hay un error de fondo en el sistema catal\u00e1n que tiene mucho que ver con su capacidad log\u00edstica, tanto por el control de la enfermedad y los contagios, como por la vacunaci\u00f3n.<\/p>\n<p>A estas alturas todav\u00eda no se ha inyectado una primera dosis a toda la poblaci\u00f3n\u00a0<strong>mayor de 80 a\u00f1os<\/strong>, a pesar de que son pocos, del orden de\u00a0<strong>400.000 y pico<\/strong>. Aunque falta un 13%, y estamos hablando, hay que subrayarlo, no de la inmunizaci\u00f3n completa sino s\u00f3lo de <strong>la primera dosis<\/strong>. M\u00e1s grave es a\u00fan el hecho de que la poblaci\u00f3n de\u00a0<strong>70 a 79<\/strong>\u00a0a\u00f1os, tambi\u00e9n de gran riesgo, s\u00f3lo ha recibido una dosis el\u00a0<strong>26,8%<\/strong>. Muy pocas personas por tanto. Y los de\u00a0<strong>60 a 69 s\u00f3lo el 14,7%<\/strong>\u00a0.<\/p>\n<p>En cuanto a los dos primeros grupos, hay que decir que no es por falta de vacunas que no se haya podido completar, sino porque el\u00a0<strong>Procicat ha comenzado a otorgar prioridades a otros grupos<\/strong>\u00a0que no tienen nada que ver con el riesgo de mortalidad o de enfermedad con secuelas graves. Detr\u00e1s de sus decisiones hay extra\u00f1os senderos que merecer\u00edan una mayor atenci\u00f3n del Parlamento.<\/p>\n<p>Y la \u00faltima pieza que completa este desgraciado panorama es el invento de pasar del\u00a0<strong>confinamiento comarcal a las vaguer\u00edas<\/strong>. Evidentemente es m\u00e1s amplio y por tanto facilita la movilidad, pero una vez m\u00e1s, y en el caso de Barcelona, rompe por la mitad el \u00c1rea Metropolitana de Barcelona, dejando el Baix Llobregat, una fuente estrat\u00e9gica por su actividad econ\u00f3mica estrat\u00e9gicamente conectada a Barcelona, en el otro lado de la \u00abfrontera\u00bb, en lugar de hacer confinamientos serios, pero muy puntuales y espec\u00edficos, de localidades o como mucho de algunas comarcas concretas.<\/p>\n<p>Aqu\u00ed el gobierno se dedica a establecer fronteras interiores, como en la Edad Media, con el agravante de que adem\u00e1s en cuanto a su cumplimiento son el pito del sereno. Quiz\u00e1s en este punto encontrar\u00edamos la explicaci\u00f3n del fracaso del Procicat en la gesti\u00f3n de la pandemia.<\/p>\n<div id=\"polls-99\" class=\"wp-polls\">\n\t<form id=\"polls_form_99\" class=\"wp-polls-form\" action=\"\/index.php\" method=\"post\">\n\t\t<p style=\"display: none;\"><input type=\"hidden\" id=\"poll_99_nonce\" name=\"wp-polls-nonce\" value=\"9945a1bffb\" \/><\/p>\n\t\t<p style=\"display: none;\"><input type=\"hidden\" name=\"poll_id\" value=\"99\" \/><\/p>\n\t\t<p style=\"text-align: center\"><strong>Ada Colau ha abandonat el seu compte de Twitter perqu\u00e8 rebia un exc\u00e9s de cr\u00edtiques?<\/strong><\/p><div id=\"polls-99-ans\" class=\"wp-polls-ans\"><ul class=\"wp-polls-ul\">\n\t\t<li><input type=\"radio\" id=\"poll-answer-232\" name=\"poll_99\" value=\"232\" \/> <label for=\"poll-answer-232\">Si<\/label><\/li>\n\t\t<li><input type=\"radio\" id=\"poll-answer-233\" name=\"poll_99\" value=\"233\" \/> <label for=\"poll-answer-233\">No<\/label><\/li>\n\t\t<\/ul><p style=\"text-align: center\"><input type=\"button\" name=\"vote\" value=\"   Vota   \" class=\"Buttons\" onclick=\"poll_vote(99);\" \/><\/p><p style=\"text-align: center\"><a href=\"#ViewPollResults\" onclick=\"poll_result(99); return false;\" title=\"View Results Of This Poll\">Mira els resultats<\/a><\/p><\/div>\n\t<\/form>\n<\/div>\n<div id=\"polls-99-loading\" class=\"wp-polls-loading\"><img decoding=\"async\" data-src=\"https:\/\/conversesacatalunya.cat\/wp-content\/plugins\/wp-polls\/images\/loading.gif\" width=\"16\" height=\"16\" alt=\"Cargando ...\" title=\"Cargando ...\" class=\"wp-polls-image lazyload\" src=\"data:image\/svg+xml;base64,PHN2ZyB3aWR0aD0iMSIgaGVpZ2h0PSIxIiB4bWxucz0iaHR0cDovL3d3dy53My5vcmcvMjAwMC9zdmciPjwvc3ZnPg==\" style=\"--smush-placeholder-width: 16px; --smush-placeholder-aspect-ratio: 16\/16;\" \/>&nbsp;Cargando ...<\/div>\n\n","protected":false},"excerpt":{"rendered":"<p>A pesar de que Catalu\u00f1a ha adoptado medidas muy restrictivas, de las\u00a0m\u00e1s de toda Espa\u00f1a, la situaci\u00f3n sigue siendo desfavorable y no mejora sustancialmente.\u00a0El indicador de incidencia por el n\u00famero de casos en los \u00faltimos 14 d\u00edas cada 100.000 habitantes nos dibuja muy bien el panorama.\u00a0La Comunidad Valenciana est\u00e1 en una situaci\u00f3n muy buena,\u00a035,57 de IA\u00a0en fecha 15 de abril.\u00a0Catalu\u00f1a se encuentra en\u00a0219,83\u00a0y Madrid, que no ha cerrado nada, a\u00a0348,58\u00a0. Como se puede ver nos encontramos a a\u00f1os lejos de la Comunidad Valenciana y mucho m\u00e1s pr\u00f3ximos a la situaci\u00f3n madrile\u00f1a, a pesar de que en aquella ciudad las restricciones son\u00a0m\u00ednimas.\u00a0 Hay un error de fondo en el sistema catal\u00e1n que tiene mucho que ver con su capacidad log\u00edstica, tanto por el control de la enfermedad y los contagios, como por la vacunaci\u00f3n. A estas alturas todav\u00eda no se ha inyectado una primera dosis a toda la poblaci\u00f3n\u00a0mayor de 80 a\u00f1os, a pesar de que son pocos, del orden de\u00a0400.000 y pico. Aunque falta un 13%, y estamos hablando, hay que subrayarlo, no de la inmunizaci\u00f3n completa sino s\u00f3lo de la primera dosis. M\u00e1s grave es a\u00fan el hecho de que la poblaci\u00f3n de\u00a070 a 79\u00a0a\u00f1os, tambi\u00e9n de gran riesgo, s\u00f3lo ha recibido una dosis el\u00a026,8%. Muy pocas personas por tanto. Y los de\u00a060 a 69 s\u00f3lo el 14,7%\u00a0. En cuanto a los dos primeros grupos, hay que decir que no es por falta de vacunas que no se haya podido completar, sino porque el\u00a0Procicat ha comenzado a otorgar prioridades a otros grupos\u00a0que no tienen nada que ver con el riesgo de mortalidad o de enfermedad con secuelas graves. Detr\u00e1s de sus decisiones hay extra\u00f1os senderos que merecer\u00edan una mayor atenci\u00f3n del Parlamento. Y la \u00faltima pieza que completa este desgraciado panorama es el invento de pasar del\u00a0confinamiento comarcal a las vaguer\u00edas. Evidentemente es m\u00e1s amplio y por tanto facilita la movilidad, pero una vez m\u00e1s, y en el caso de Barcelona, rompe por la mitad el \u00c1rea Metropolitana de Barcelona, dejando el Baix Llobregat, una fuente estrat\u00e9gica por su actividad econ\u00f3mica estrat\u00e9gicamente conectada a Barcelona, en el otro lado de la \u00abfrontera\u00bb, en lugar de hacer confinamientos serios, pero muy puntuales y espec\u00edficos, de localidades o como mucho de algunas comarcas concretas. Aqu\u00ed el gobierno se dedica a establecer fronteras interiores, como en la Edad Media, con el agravante de que adem\u00e1s en cuanto a su cumplimiento son el pito del sereno. Quiz\u00e1s en este punto encontrar\u00edamos la explicaci\u00f3n del fracaso del Procicat en la gesti\u00f3n de la pandemia.<\/p>\n","protected":false},"author":2,"featured_media":47110,"comment_status":"open","ping_status":"open","sticky":false,"template":"","format":"standard","meta":{"_FSMCFIC_featured_image_caption":"","_FSMCFIC_featured_image_nocaption":"","_FSMCFIC_featured_image_hide":"","footnotes":""},"categories":[1772,806],"tags":[1504],"class_list":["post-47125","post","type-post","status-publish","format-standard","has-post-thumbnail","hentry","category-especial-coronavirus-es","category-punts-claus-del-dia-es","tag-coronavirus-es"],"yoast_head":"<!-- This site is optimized with the Yoast SEO plugin v26.8 - https:\/\/yoast.com\/product\/yoast-seo-wordpress\/ -->\n<title>El fracaso del PROCICAT - Converses a Catalunya<\/title>\n<meta name=\"robots\" content=\"index, follow, max-snippet:-1, max-image-preview:large, max-video-preview:-1\" \/>\n<link rel=\"canonical\" href=\"https:\/\/conversesacatalunya.cat\/es\/el-fracaso-del-procicat\/\" \/>\n<meta property=\"og:locale\" content=\"es_ES\" \/>\n<meta property=\"og:type\" content=\"article\" \/>\n<meta property=\"og:title\" content=\"El fracaso del PROCICAT - Converses a Catalunya\" \/>\n<meta property=\"og:description\" content=\"A pesar de que Catalu\u00f1a ha adoptado medidas muy restrictivas, de las\u00a0m\u00e1s de toda Espa\u00f1a, la situaci\u00f3n sigue siendo desfavorable y no mejora sustancialmente.\u00a0El indicador de incidencia por el n\u00famero de casos en los \u00faltimos 14 d\u00edas cada 100.000 habitantes nos dibuja muy bien el panorama.\u00a0La Comunidad Valenciana est\u00e1 en una situaci\u00f3n muy buena,\u00a035,57 de IA\u00a0en fecha 15 de abril.\u00a0Catalu\u00f1a se encuentra en\u00a0219,83\u00a0y Madrid, que no ha cerrado nada, a\u00a0348,58\u00a0. Como se puede ver nos encontramos a a\u00f1os lejos de la Comunidad Valenciana y mucho m\u00e1s pr\u00f3ximos a la situaci\u00f3n madrile\u00f1a, a pesar de que en aquella ciudad las restricciones son\u00a0m\u00ednimas.\u00a0 Hay un error de fondo en el sistema catal\u00e1n que tiene mucho que ver con su capacidad log\u00edstica, tanto por el control de la enfermedad y los contagios, como por la vacunaci\u00f3n. A estas alturas todav\u00eda no se ha inyectado una primera dosis a toda la poblaci\u00f3n\u00a0mayor de 80 a\u00f1os, a pesar de que son pocos, del orden de\u00a0400.000 y pico. Aunque falta un 13%, y estamos hablando, hay que subrayarlo, no de la inmunizaci\u00f3n completa sino s\u00f3lo de la primera dosis. M\u00e1s grave es a\u00fan el hecho de que la poblaci\u00f3n de\u00a070 a 79\u00a0a\u00f1os, tambi\u00e9n de gran riesgo, s\u00f3lo ha recibido una dosis el\u00a026,8%. Muy pocas personas por tanto. Y los de\u00a060 a 69 s\u00f3lo el 14,7%\u00a0. En cuanto a los dos primeros grupos, hay que decir que no es por falta de vacunas que no se haya podido completar, sino porque el\u00a0Procicat ha comenzado a otorgar prioridades a otros grupos\u00a0que no tienen nada que ver con el riesgo de mortalidad o de enfermedad con secuelas graves. Detr\u00e1s de sus decisiones hay extra\u00f1os senderos que merecer\u00edan una mayor atenci\u00f3n del Parlamento. Y la \u00faltima pieza que completa este desgraciado panorama es el invento de pasar del\u00a0confinamiento comarcal a las vaguer\u00edas. Evidentemente es m\u00e1s amplio y por tanto facilita la movilidad, pero una vez m\u00e1s, y en el caso de Barcelona, rompe por la mitad el \u00c1rea Metropolitana de Barcelona, dejando el Baix Llobregat, una fuente estrat\u00e9gica por su actividad econ\u00f3mica estrat\u00e9gicamente conectada a Barcelona, en el otro lado de la \u00abfrontera\u00bb, en lugar de hacer confinamientos serios, pero muy puntuales y espec\u00edficos, de localidades o como mucho de algunas comarcas concretas. Aqu\u00ed el gobierno se dedica a establecer fronteras interiores, como en la Edad Media, con el agravante de que adem\u00e1s en cuanto a su cumplimiento son el pito del sereno. Quiz\u00e1s en este punto encontrar\u00edamos la explicaci\u00f3n del fracaso del Procicat en la gesti\u00f3n de la pandemia.\" \/>\n<meta property=\"og:url\" content=\"https:\/\/conversesacatalunya.cat\/es\/el-fracaso-del-procicat\/\" \/>\n<meta property=\"og:site_name\" content=\"Converses a Catalunya\" \/>\n<meta property=\"article:published_time\" content=\"2021-04-16T10:36:22+00:00\" \/>\n<meta property=\"article:modified_time\" content=\"2021-04-16T11:45:48+00:00\" \/>\n<meta property=\"og:image\" content=\"https:\/\/conversesacatalunya.cat\/wp-content\/uploads\/2021\/04\/procicat.jpg\" \/>\n\t<meta property=\"og:image:width\" content=\"512\" \/>\n\t<meta property=\"og:image:height\" content=\"256\" \/>\n\t<meta property=\"og:image:type\" content=\"image\/jpeg\" \/>\n<meta name=\"author\" content=\"conversesacatalunya\" \/>\n<meta name=\"twitter:card\" content=\"summary_large_image\" \/>\n<meta name=\"twitter:label1\" content=\"Escrito por\" \/>\n\t<meta name=\"twitter:data1\" content=\"conversesacatalunya\" \/>\n\t<meta name=\"twitter:label2\" content=\"Tiempo de lectura\" \/>\n\t<meta name=\"twitter:data2\" content=\"2 minutos\" \/>\n<script type=\"application\/ld+json\" class=\"yoast-schema-graph\">{\"@context\":\"https:\/\/schema.org\",\"@graph\":[{\"@type\":\"Article\",\"@id\":\"https:\/\/conversesacatalunya.cat\/es\/el-fracaso-del-procicat\/#article\",\"isPartOf\":{\"@id\":\"https:\/\/conversesacatalunya.cat\/es\/el-fracaso-del-procicat\/\"},\"author\":{\"name\":\"conversesacatalunya\",\"@id\":\"https:\/\/conversesacatalunya.cat\/#\/schema\/person\/7e24d1e54a2785373ddcb275eae5ed99\"},\"headline\":\"El fracaso del PROCICAT\",\"datePublished\":\"2021-04-16T10:36:22+00:00\",\"dateModified\":\"2021-04-16T11:45:48+00:00\",\"mainEntityOfPage\":{\"@id\":\"https:\/\/conversesacatalunya.cat\/es\/el-fracaso-del-procicat\/\"},\"wordCount\":475,\"commentCount\":0,\"image\":{\"@id\":\"https:\/\/conversesacatalunya.cat\/es\/el-fracaso-del-procicat\/#primaryimage\"},\"thumbnailUrl\":\"https:\/\/conversesacatalunya.cat\/wp-content\/uploads\/2021\/04\/procicat.jpg\",\"keywords\":[\"coronavirus\"],\"articleSection\":[\"Especial Coronavirus (ES)\",\"Punts clau del dia (ES)\"],\"inLanguage\":\"es\",\"potentialAction\":[{\"@type\":\"CommentAction\",\"name\":\"Comment\",\"target\":[\"https:\/\/conversesacatalunya.cat\/es\/el-fracaso-del-procicat\/#respond\"]}]},{\"@type\":\"WebPage\",\"@id\":\"https:\/\/conversesacatalunya.cat\/es\/el-fracaso-del-procicat\/\",\"url\":\"https:\/\/conversesacatalunya.cat\/es\/el-fracaso-del-procicat\/\",\"name\":\"El fracaso del PROCICAT - Converses a Catalunya\",\"isPartOf\":{\"@id\":\"https:\/\/conversesacatalunya.cat\/#website\"},\"primaryImageOfPage\":{\"@id\":\"https:\/\/conversesacatalunya.cat\/es\/el-fracaso-del-procicat\/#primaryimage\"},\"image\":{\"@id\":\"https:\/\/conversesacatalunya.cat\/es\/el-fracaso-del-procicat\/#primaryimage\"},\"thumbnailUrl\":\"https:\/\/conversesacatalunya.cat\/wp-content\/uploads\/2021\/04\/procicat.jpg\",\"datePublished\":\"2021-04-16T10:36:22+00:00\",\"dateModified\":\"2021-04-16T11:45:48+00:00\",\"author\":{\"@id\":\"https:\/\/conversesacatalunya.cat\/#\/schema\/person\/7e24d1e54a2785373ddcb275eae5ed99\"},\"breadcrumb\":{\"@id\":\"https:\/\/conversesacatalunya.cat\/es\/el-fracaso-del-procicat\/#breadcrumb\"},\"inLanguage\":\"es\",\"potentialAction\":[{\"@type\":\"ReadAction\",\"target\":[\"https:\/\/conversesacatalunya.cat\/es\/el-fracaso-del-procicat\/\"]}]},{\"@type\":\"ImageObject\",\"inLanguage\":\"es\",\"@id\":\"https:\/\/conversesacatalunya.cat\/es\/el-fracaso-del-procicat\/#primaryimage\",\"url\":\"https:\/\/conversesacatalunya.cat\/wp-content\/uploads\/2021\/04\/procicat.jpg\",\"contentUrl\":\"https:\/\/conversesacatalunya.cat\/wp-content\/uploads\/2021\/04\/procicat.jpg\",\"width\":512,\"height\":256},{\"@type\":\"BreadcrumbList\",\"@id\":\"https:\/\/conversesacatalunya.cat\/es\/el-fracaso-del-procicat\/#breadcrumb\",\"itemListElement\":[{\"@type\":\"ListItem\",\"position\":1,\"name\":\"Inici\",\"item\":\"https:\/\/conversesacatalunya.cat\/es\/\"},{\"@type\":\"ListItem\",\"position\":2,\"name\":\"El fracaso del PROCICAT\"}]},{\"@type\":\"WebSite\",\"@id\":\"https:\/\/conversesacatalunya.cat\/#website\",\"url\":\"https:\/\/conversesacatalunya.cat\/\",\"name\":\"Converses a Catalunya\",\"description\":\"\",\"potentialAction\":[{\"@type\":\"SearchAction\",\"target\":{\"@type\":\"EntryPoint\",\"urlTemplate\":\"https:\/\/conversesacatalunya.cat\/?s={search_term_string}\"},\"query-input\":{\"@type\":\"PropertyValueSpecification\",\"valueRequired\":true,\"valueName\":\"search_term_string\"}}],\"inLanguage\":\"es\"},{\"@type\":\"Person\",\"@id\":\"https:\/\/conversesacatalunya.cat\/#\/schema\/person\/7e24d1e54a2785373ddcb275eae5ed99\",\"name\":\"conversesacatalunya\",\"image\":{\"@type\":\"ImageObject\",\"inLanguage\":\"es\",\"@id\":\"https:\/\/conversesacatalunya.cat\/#\/schema\/person\/image\/\",\"url\":\"https:\/\/conversesacatalunya.cat\/wp-content\/litespeed\/avatar\/febdfeeec89d950f01c748045a981dd2.jpg?ver=1777314535\",\"contentUrl\":\"https:\/\/conversesacatalunya.cat\/wp-content\/litespeed\/avatar\/febdfeeec89d950f01c748045a981dd2.jpg?ver=1777314535\",\"caption\":\"conversesacatalunya\"},\"url\":\"https:\/\/conversesacatalunya.cat\/es\/author\/carme_catala\/\"}]}<\/script>\n<!-- \/ Yoast SEO plugin. -->","yoast_head_json":{"title":"El fracaso del PROCICAT - Converses a Catalunya","robots":{"index":"index","follow":"follow","max-snippet":"max-snippet:-1","max-image-preview":"max-image-preview:large","max-video-preview":"max-video-preview:-1"},"canonical":"https:\/\/conversesacatalunya.cat\/es\/el-fracaso-del-procicat\/","og_locale":"es_ES","og_type":"article","og_title":"El fracaso del PROCICAT - Converses a Catalunya","og_description":"A pesar de que Catalu\u00f1a ha adoptado medidas muy restrictivas, de las\u00a0m\u00e1s de toda Espa\u00f1a, la situaci\u00f3n sigue siendo desfavorable y no mejora sustancialmente.\u00a0El indicador de incidencia por el n\u00famero de casos en los \u00faltimos 14 d\u00edas cada 100.000 habitantes nos dibuja muy bien el panorama.\u00a0La Comunidad Valenciana est\u00e1 en una situaci\u00f3n muy buena,\u00a035,57 de IA\u00a0en fecha 15 de abril.\u00a0Catalu\u00f1a se encuentra en\u00a0219,83\u00a0y Madrid, que no ha cerrado nada, a\u00a0348,58\u00a0. Como se puede ver nos encontramos a a\u00f1os lejos de la Comunidad Valenciana y mucho m\u00e1s pr\u00f3ximos a la situaci\u00f3n madrile\u00f1a, a pesar de que en aquella ciudad las restricciones son\u00a0m\u00ednimas.\u00a0 Hay un error de fondo en el sistema catal\u00e1n que tiene mucho que ver con su capacidad log\u00edstica, tanto por el control de la enfermedad y los contagios, como por la vacunaci\u00f3n. A estas alturas todav\u00eda no se ha inyectado una primera dosis a toda la poblaci\u00f3n\u00a0mayor de 80 a\u00f1os, a pesar de que son pocos, del orden de\u00a0400.000 y pico. Aunque falta un 13%, y estamos hablando, hay que subrayarlo, no de la inmunizaci\u00f3n completa sino s\u00f3lo de la primera dosis. M\u00e1s grave es a\u00fan el hecho de que la poblaci\u00f3n de\u00a070 a 79\u00a0a\u00f1os, tambi\u00e9n de gran riesgo, s\u00f3lo ha recibido una dosis el\u00a026,8%. Muy pocas personas por tanto. Y los de\u00a060 a 69 s\u00f3lo el 14,7%\u00a0. En cuanto a los dos primeros grupos, hay que decir que no es por falta de vacunas que no se haya podido completar, sino porque el\u00a0Procicat ha comenzado a otorgar prioridades a otros grupos\u00a0que no tienen nada que ver con el riesgo de mortalidad o de enfermedad con secuelas graves. Detr\u00e1s de sus decisiones hay extra\u00f1os senderos que merecer\u00edan una mayor atenci\u00f3n del Parlamento. Y la \u00faltima pieza que completa este desgraciado panorama es el invento de pasar del\u00a0confinamiento comarcal a las vaguer\u00edas. Evidentemente es m\u00e1s amplio y por tanto facilita la movilidad, pero una vez m\u00e1s, y en el caso de Barcelona, rompe por la mitad el \u00c1rea Metropolitana de Barcelona, dejando el Baix Llobregat, una fuente estrat\u00e9gica por su actividad econ\u00f3mica estrat\u00e9gicamente conectada a Barcelona, en el otro lado de la \u00abfrontera\u00bb, en lugar de hacer confinamientos serios, pero muy puntuales y espec\u00edficos, de localidades o como mucho de algunas comarcas concretas. Aqu\u00ed el gobierno se dedica a establecer fronteras interiores, como en la Edad Media, con el agravante de que adem\u00e1s en cuanto a su cumplimiento son el pito del sereno. Quiz\u00e1s en este punto encontrar\u00edamos la explicaci\u00f3n del fracaso del Procicat en la gesti\u00f3n de la pandemia.","og_url":"https:\/\/conversesacatalunya.cat\/es\/el-fracaso-del-procicat\/","og_site_name":"Converses a Catalunya","article_published_time":"2021-04-16T10:36:22+00:00","article_modified_time":"2021-04-16T11:45:48+00:00","og_image":[{"width":512,"height":256,"url":"https:\/\/conversesacatalunya.cat\/wp-content\/uploads\/2021\/04\/procicat.jpg","type":"image\/jpeg"}],"author":"conversesacatalunya","twitter_card":"summary_large_image","twitter_misc":{"Escrito por":"conversesacatalunya","Tiempo de lectura":"2 minutos"},"schema":{"@context":"https:\/\/schema.org","@graph":[{"@type":"Article","@id":"https:\/\/conversesacatalunya.cat\/es\/el-fracaso-del-procicat\/#article","isPartOf":{"@id":"https:\/\/conversesacatalunya.cat\/es\/el-fracaso-del-procicat\/"},"author":{"name":"conversesacatalunya","@id":"https:\/\/conversesacatalunya.cat\/#\/schema\/person\/7e24d1e54a2785373ddcb275eae5ed99"},"headline":"El fracaso del PROCICAT","datePublished":"2021-04-16T10:36:22+00:00","dateModified":"2021-04-16T11:45:48+00:00","mainEntityOfPage":{"@id":"https:\/\/conversesacatalunya.cat\/es\/el-fracaso-del-procicat\/"},"wordCount":475,"commentCount":0,"image":{"@id":"https:\/\/conversesacatalunya.cat\/es\/el-fracaso-del-procicat\/#primaryimage"},"thumbnailUrl":"https:\/\/conversesacatalunya.cat\/wp-content\/uploads\/2021\/04\/procicat.jpg","keywords":["coronavirus"],"articleSection":["Especial Coronavirus (ES)","Punts clau del dia (ES)"],"inLanguage":"es","potentialAction":[{"@type":"CommentAction","name":"Comment","target":["https:\/\/conversesacatalunya.cat\/es\/el-fracaso-del-procicat\/#respond"]}]},{"@type":"WebPage","@id":"https:\/\/conversesacatalunya.cat\/es\/el-fracaso-del-procicat\/","url":"https:\/\/conversesacatalunya.cat\/es\/el-fracaso-del-procicat\/","name":"El fracaso del PROCICAT - Converses a Catalunya","isPartOf":{"@id":"https:\/\/conversesacatalunya.cat\/#website"},"primaryImageOfPage":{"@id":"https:\/\/conversesacatalunya.cat\/es\/el-fracaso-del-procicat\/#primaryimage"},"image":{"@id":"https:\/\/conversesacatalunya.cat\/es\/el-fracaso-del-procicat\/#primaryimage"},"thumbnailUrl":"https:\/\/conversesacatalunya.cat\/wp-content\/uploads\/2021\/04\/procicat.jpg","datePublished":"2021-04-16T10:36:22+00:00","dateModified":"2021-04-16T11:45:48+00:00","author":{"@id":"https:\/\/conversesacatalunya.cat\/#\/schema\/person\/7e24d1e54a2785373ddcb275eae5ed99"},"breadcrumb":{"@id":"https:\/\/conversesacatalunya.cat\/es\/el-fracaso-del-procicat\/#breadcrumb"},"inLanguage":"es","potentialAction":[{"@type":"ReadAction","target":["https:\/\/conversesacatalunya.cat\/es\/el-fracaso-del-procicat\/"]}]},{"@type":"ImageObject","inLanguage":"es","@id":"https:\/\/conversesacatalunya.cat\/es\/el-fracaso-del-procicat\/#primaryimage","url":"https:\/\/conversesacatalunya.cat\/wp-content\/uploads\/2021\/04\/procicat.jpg","contentUrl":"https:\/\/conversesacatalunya.cat\/wp-content\/uploads\/2021\/04\/procicat.jpg","width":512,"height":256},{"@type":"BreadcrumbList","@id":"https:\/\/conversesacatalunya.cat\/es\/el-fracaso-del-procicat\/#breadcrumb","itemListElement":[{"@type":"ListItem","position":1,"name":"Inici","item":"https:\/\/conversesacatalunya.cat\/es\/"},{"@type":"ListItem","position":2,"name":"El fracaso del PROCICAT"}]},{"@type":"WebSite","@id":"https:\/\/conversesacatalunya.cat\/#website","url":"https:\/\/conversesacatalunya.cat\/","name":"Converses a Catalunya","description":"","potentialAction":[{"@type":"SearchAction","target":{"@type":"EntryPoint","urlTemplate":"https:\/\/conversesacatalunya.cat\/?s={search_term_string}"},"query-input":{"@type":"PropertyValueSpecification","valueRequired":true,"valueName":"search_term_string"}}],"inLanguage":"es"},{"@type":"Person","@id":"https:\/\/conversesacatalunya.cat\/#\/schema\/person\/7e24d1e54a2785373ddcb275eae5ed99","name":"conversesacatalunya","image":{"@type":"ImageObject","inLanguage":"es","@id":"https:\/\/conversesacatalunya.cat\/#\/schema\/person\/image\/","url":"https:\/\/conversesacatalunya.cat\/wp-content\/litespeed\/avatar\/febdfeeec89d950f01c748045a981dd2.jpg?ver=1777314535","contentUrl":"https:\/\/conversesacatalunya.cat\/wp-content\/litespeed\/avatar\/febdfeeec89d950f01c748045a981dd2.jpg?ver=1777314535","caption":"conversesacatalunya"},"url":"https:\/\/conversesacatalunya.cat\/es\/author\/carme_catala\/"}]}},"wps_subtitle":"","_links":{"self":[{"href":"https:\/\/conversesacatalunya.cat\/es\/wp-json\/wp\/v2\/posts\/47125","targetHints":{"allow":["GET"]}}],"collection":[{"href":"https:\/\/conversesacatalunya.cat\/es\/wp-json\/wp\/v2\/posts"}],"about":[{"href":"https:\/\/conversesacatalunya.cat\/es\/wp-json\/wp\/v2\/types\/post"}],"author":[{"embeddable":true,"href":"https:\/\/conversesacatalunya.cat\/es\/wp-json\/wp\/v2\/users\/2"}],"replies":[{"embeddable":true,"href":"https:\/\/conversesacatalunya.cat\/es\/wp-json\/wp\/v2\/comments?post=47125"}],"version-history":[{"count":1,"href":"https:\/\/conversesacatalunya.cat\/es\/wp-json\/wp\/v2\/posts\/47125\/revisions"}],"predecessor-version":[{"id":47126,"href":"https:\/\/conversesacatalunya.cat\/es\/wp-json\/wp\/v2\/posts\/47125\/revisions\/47126"}],"wp:featuredmedia":[{"embeddable":true,"href":"https:\/\/conversesacatalunya.cat\/es\/wp-json\/wp\/v2\/media\/47110"}],"wp:attachment":[{"href":"https:\/\/conversesacatalunya.cat\/es\/wp-json\/wp\/v2\/media?parent=47125"}],"wp:term":[{"taxonomy":"category","embeddable":true,"href":"https:\/\/conversesacatalunya.cat\/es\/wp-json\/wp\/v2\/categories?post=47125"},{"taxonomy":"post_tag","embeddable":true,"href":"https:\/\/conversesacatalunya.cat\/es\/wp-json\/wp\/v2\/tags?post=47125"}],"curies":[{"name":"wp","href":"https:\/\/api.w.org\/{rel}","templated":true}]}}