{"id":47048,"date":"2021-04-15T13:40:50","date_gmt":"2021-04-15T11:40:50","guid":{"rendered":"https:\/\/conversesacatalunya.cat\/mortalitat-covid\/"},"modified":"2021-04-15T15:07:19","modified_gmt":"2021-04-15T13:07:19","slug":"mortalidad-covid","status":"publish","type":"post","link":"https:\/\/conversesacatalunya.cat\/es\/mortalidad-covid\/","title":{"rendered":"Los muertos que persiguen a S\u00e1nchez"},"content":{"rendered":"<p><span><span class=\"goog-text-highlight\">Una parte nada peque\u00f1a de los medios de comunicaci\u00f3n de Europa y de EE.UU. han desencadenado una cr\u00edtica a la estad\u00edstica oficial rusa sobre el n\u00famero de muertos, bajo la acusaci\u00f3n de que los infravalora porque, y esta es la cuesti\u00f3n, s\u00f3lo contabiliza los que han sido ocasionados\u00a0<\/span><\/span><strong><span><span class=\"goog-text-highlight\">directamente por el virus<\/span><\/span><\/strong><span><span class=\"goog-text-highlight\"> y esto hace que haya una gran diferencia con la mortalidad real, que se calcula que es <\/span><\/span><strong><span><span class=\"goog-text-highlight\">mucho mayor<\/span><\/span><\/strong><span><span class=\"goog-text-highlight\">.<\/span><\/span><\/p>\n<p><span>Lo que resulta m\u00e1s revelador de este asunto, es que el sistema ruso de informar sobre las defunciones es el mismo que el espa\u00f1ol, es decir, s\u00f3lo cuenta las defunciones que han sido de personas a las que se ha efectuado el test demostrativo de sufrir Coronavirus. Esto hace que\u00a0<\/span><strong><span>el n\u00famero real de muertos en Espa\u00f1a sea mayor<\/span><\/strong><span> que el que dan las estad\u00edsticas oficiales, porque la otra forma de contabilizarlo, por lo que se conoce como <\/span><strong><span>exceso de mortalidad<\/span><\/strong><span>, es decir la anomal\u00eda en el n\u00famero de muertos registrados en relaci\u00f3n con los mismos periodos de a\u00f1os precedentes aporta cifras mayores.<\/span><\/p>\n<p><span><span class=\"\">En este caso, Espa\u00f1a destaca con un 23% m\u00e1s de lo normal y por tanto estar\u00edamos pr\u00f3ximos a la cifra de los\u00a0<\/span><\/span><strong><span><span class=\"\">100.000 muertos<\/span><\/span><\/strong><span><span class=\"\">\u00a0en lugar de los 70.000 y pico de la estad\u00edstica oficial.\u00a0<\/span>De hecho, somos uno de los pa\u00edses de la UE donde esta diferencia entre cifra oficial y exceso de mortalidad es m\u00e1s importante, porque s\u00f3lo nos supera Eslovenia por un punto (24%) y estamos empatados con Polonia en el 23%.\u00a0Detr\u00e1s nuestro viene Portugal con un 21% igual que el Reino Unido, e Italia con un 20%. En otros lugares la cifra es mucho menor.\u00a0En Alemania es s\u00f3lo del 9%, en Grecia del 7%, en Dinamarca del 3% y en Noruega no hay diferencia.<\/span><\/p>\n<p><span>Esta an\u00f3mala mortalidad se expresa tambi\u00e9n de dos maneras diferentes que objetivizan la dimensi\u00f3n de la tragedia. Por una parte y por primera vez en la historia, se ha <\/span><strong><span>reducido el n\u00famero de personas jubiladas<\/span><\/strong><span>, consecuencia de que la Covid-19 mata sobre todo a la gente mayor de 65 a\u00f1os. La otra muy espectacular, es la <\/span><strong><span>p\u00e9rdida de la esperanza de vida<\/span><\/strong><span> en la estad\u00edstica registrada. Espa\u00f1a se ha convertido en el pa\u00eds de la UE que ha registrado el mayor descenso, confirmando que es el que ha resultado peor parado como consecuencia de la Covid. Hecho que, como es evidente, cuestiona todo lo que se ha llevado a cabo hasta ahora. La reducci\u00f3n es <\/span><strong><span>superior a 1,6 a\u00f1os <\/span><\/strong><span>y este es un retroceso importante.\u00a0<span class=\"goog-text-highlight\">Es la mayor ca\u00edda en un a\u00f1o desde la Guerra Civil, y esto ya da una idea de la magnitud del da\u00f1o ocasionado. <\/span>Ahora, la esperanza de vida ha disminuido hasta los 82,4 a\u00f1os, que ser\u00eda menos si aplic\u00e1ramos el criterio de la mortalidad real, porque entonces nos situar\u00edamos apenas en los 82. Hay que recordar que la esperanza de vida 2019 fue de 84 a\u00f1os.<\/span><\/p>\n<p><span>Con estas cifras no se entiende por qu\u00e9 a\u00fan no se ha determinado una\u00a0<\/span><strong><span>comisi\u00f3n cient\u00edfica independiente<\/span><\/strong><span>\u00a0que revise todos los errores cometidos para explicar por qu\u00e9 Espa\u00f1a es el pa\u00eds que en t\u00e9rminos de vidas humanas ha obtenido un\u00a0<\/span><strong><span>peor resultado en la Uni\u00f3n Europea<\/span><\/strong><span>\u00a0, y no digamos ya si, adem\u00e1s, introducimos la variable de la capacidad econ\u00f3mica de cada pa\u00eds a la hora de valorar los resultados.<\/span><\/p>\n<div id=\"polls-99\" class=\"wp-polls\">\n\t<form id=\"polls_form_99\" class=\"wp-polls-form\" action=\"\/index.php\" method=\"post\">\n\t\t<p style=\"display: none;\"><input type=\"hidden\" id=\"poll_99_nonce\" name=\"wp-polls-nonce\" value=\"bb9585c31a\" \/><\/p>\n\t\t<p style=\"display: none;\"><input type=\"hidden\" name=\"poll_id\" value=\"99\" \/><\/p>\n\t\t<p style=\"text-align: center\"><strong>Ada Colau ha abandonat el seu compte de Twitter perqu\u00e8 rebia un exc\u00e9s de cr\u00edtiques?<\/strong><\/p><div id=\"polls-99-ans\" class=\"wp-polls-ans\"><ul class=\"wp-polls-ul\">\n\t\t<li><input type=\"radio\" id=\"poll-answer-232\" name=\"poll_99\" value=\"232\" \/> <label for=\"poll-answer-232\">Si<\/label><\/li>\n\t\t<li><input type=\"radio\" id=\"poll-answer-233\" name=\"poll_99\" value=\"233\" \/> <label for=\"poll-answer-233\">No<\/label><\/li>\n\t\t<\/ul><p style=\"text-align: center\"><input type=\"button\" name=\"vote\" value=\"   Vota   \" class=\"Buttons\" onclick=\"poll_vote(99);\" \/><\/p><p style=\"text-align: center\"><a href=\"#ViewPollResults\" onclick=\"poll_result(99); return false;\" title=\"View Results Of This Poll\">Mira els resultats<\/a><\/p><\/div>\n\t<\/form>\n<\/div>\n<div id=\"polls-99-loading\" class=\"wp-polls-loading\"><img decoding=\"async\" data-src=\"https:\/\/conversesacatalunya.cat\/wp-content\/plugins\/wp-polls\/images\/loading.gif\" width=\"16\" height=\"16\" alt=\"Cargando ...\" title=\"Cargando ...\" class=\"wp-polls-image lazyload\" src=\"data:image\/svg+xml;base64,PHN2ZyB3aWR0aD0iMSIgaGVpZ2h0PSIxIiB4bWxucz0iaHR0cDovL3d3dy53My5vcmcvMjAwMC9zdmciPjwvc3ZnPg==\" style=\"--smush-placeholder-width: 16px; --smush-placeholder-aspect-ratio: 16\/16;\" \/>&nbsp;Cargando ...<\/div>\n\n","protected":false},"excerpt":{"rendered":"<p>Una parte nada peque\u00f1a de los medios de comunicaci\u00f3n de Europa y de EE.UU. han desencadenado una cr\u00edtica a la estad\u00edstica oficial rusa sobre el n\u00famero de muertos, bajo la acusaci\u00f3n de que los infravalora porque, y esta es la cuesti\u00f3n, s\u00f3lo contabiliza los que han sido ocasionados\u00a0directamente por el virus y esto hace que haya una gran diferencia con la mortalidad real, que se calcula que es mucho mayor. Lo que resulta m\u00e1s revelador de este asunto, es que el sistema ruso de informar sobre las defunciones es el mismo que el espa\u00f1ol, es decir, s\u00f3lo cuenta las defunciones que han sido de personas a las que se ha efectuado el test demostrativo de sufrir Coronavirus. Esto hace que\u00a0el n\u00famero real de muertos en Espa\u00f1a sea mayor que el que dan las estad\u00edsticas oficiales, porque la otra forma de contabilizarlo, por lo que se conoce como exceso de mortalidad, es decir la anomal\u00eda en el n\u00famero de muertos registrados en relaci\u00f3n con los mismos periodos de a\u00f1os precedentes aporta cifras mayores. En este caso, Espa\u00f1a destaca con un 23% m\u00e1s de lo normal y por tanto estar\u00edamos pr\u00f3ximos a la cifra de los\u00a0100.000 muertos\u00a0en lugar de los 70.000 y pico de la estad\u00edstica oficial.\u00a0De hecho, somos uno de los pa\u00edses de la UE donde esta diferencia entre cifra oficial y exceso de mortalidad es m\u00e1s importante, porque s\u00f3lo nos supera Eslovenia por un punto (24%) y estamos empatados con Polonia en el 23%.\u00a0Detr\u00e1s nuestro viene Portugal con un 21% igual que el Reino Unido, e Italia con un 20%. En otros lugares la cifra es mucho menor.\u00a0En Alemania es s\u00f3lo del 9%, en Grecia del 7%, en Dinamarca del 3% y en Noruega no hay diferencia. Esta an\u00f3mala mortalidad se expresa tambi\u00e9n de dos maneras diferentes que objetivizan la dimensi\u00f3n de la tragedia. Por una parte y por primera vez en la historia, se ha reducido el n\u00famero de personas jubiladas, consecuencia de que la Covid-19 mata sobre todo a la gente mayor de 65 a\u00f1os. La otra muy espectacular, es la p\u00e9rdida de la esperanza de vida en la estad\u00edstica registrada. Espa\u00f1a se ha convertido en el pa\u00eds de la UE que ha registrado el mayor descenso, confirmando que es el que ha resultado peor parado como consecuencia de la Covid. Hecho que, como es evidente, cuestiona todo lo que se ha llevado a cabo hasta ahora. La reducci\u00f3n es superior a 1,6 a\u00f1os y este es un retroceso importante.\u00a0Es la mayor ca\u00edda en un a\u00f1o desde la Guerra Civil, y esto ya da una idea de la magnitud del da\u00f1o ocasionado. Ahora, la esperanza de vida ha disminuido hasta los 82,4 a\u00f1os, que ser\u00eda menos si aplic\u00e1ramos el criterio de la mortalidad real, porque entonces nos situar\u00edamos apenas en los 82. Hay que recordar que la esperanza de vida 2019 fue de 84 a\u00f1os. Con estas cifras no se entiende por qu\u00e9 a\u00fan no se ha determinado una\u00a0comisi\u00f3n cient\u00edfica independiente\u00a0que revise todos los errores cometidos para explicar por qu\u00e9 Espa\u00f1a es el pa\u00eds que en t\u00e9rminos de vidas humanas ha obtenido un\u00a0peor resultado en la Uni\u00f3n Europea\u00a0, y no digamos ya si, adem\u00e1s, introducimos la variable de la capacidad econ\u00f3mica de cada pa\u00eds a la hora de valorar los resultados.<\/p>\n","protected":false},"author":2,"featured_media":47045,"comment_status":"open","ping_status":"open","sticky":false,"template":"","format":"standard","meta":{"_FSMCFIC_featured_image_caption":"","_FSMCFIC_featured_image_nocaption":"","_FSMCFIC_featured_image_hide":"","footnotes":""},"categories":[1772,806],"tags":[1504,1606],"class_list":["post-47048","post","type-post","status-publish","format-standard","has-post-thumbnail","hentry","category-especial-coronavirus-es","category-punts-claus-del-dia-es","tag-coronavirus-es","tag-mortalidad"],"yoast_head":"<!-- This site is optimized with the Yoast SEO plugin v26.8 - https:\/\/yoast.com\/product\/yoast-seo-wordpress\/ -->\n<title>Los muertos que persiguen a S\u00e1nchez - Converses a Catalunya<\/title>\n<meta name=\"robots\" content=\"index, follow, max-snippet:-1, max-image-preview:large, max-video-preview:-1\" \/>\n<link rel=\"canonical\" href=\"https:\/\/conversesacatalunya.cat\/es\/mortalidad-covid\/\" \/>\n<meta property=\"og:locale\" content=\"es_ES\" \/>\n<meta property=\"og:type\" content=\"article\" \/>\n<meta property=\"og:title\" content=\"Los muertos que persiguen a S\u00e1nchez - Converses a Catalunya\" \/>\n<meta property=\"og:description\" content=\"Una parte nada peque\u00f1a de los medios de comunicaci\u00f3n de Europa y de EE.UU. han desencadenado una cr\u00edtica a la estad\u00edstica oficial rusa sobre el n\u00famero de muertos, bajo la acusaci\u00f3n de que los infravalora porque, y esta es la cuesti\u00f3n, s\u00f3lo contabiliza los que han sido ocasionados\u00a0directamente por el virus y esto hace que haya una gran diferencia con la mortalidad real, que se calcula que es mucho mayor. Lo que resulta m\u00e1s revelador de este asunto, es que el sistema ruso de informar sobre las defunciones es el mismo que el espa\u00f1ol, es decir, s\u00f3lo cuenta las defunciones que han sido de personas a las que se ha efectuado el test demostrativo de sufrir Coronavirus. Esto hace que\u00a0el n\u00famero real de muertos en Espa\u00f1a sea mayor que el que dan las estad\u00edsticas oficiales, porque la otra forma de contabilizarlo, por lo que se conoce como exceso de mortalidad, es decir la anomal\u00eda en el n\u00famero de muertos registrados en relaci\u00f3n con los mismos periodos de a\u00f1os precedentes aporta cifras mayores. En este caso, Espa\u00f1a destaca con un 23% m\u00e1s de lo normal y por tanto estar\u00edamos pr\u00f3ximos a la cifra de los\u00a0100.000 muertos\u00a0en lugar de los 70.000 y pico de la estad\u00edstica oficial.\u00a0De hecho, somos uno de los pa\u00edses de la UE donde esta diferencia entre cifra oficial y exceso de mortalidad es m\u00e1s importante, porque s\u00f3lo nos supera Eslovenia por un punto (24%) y estamos empatados con Polonia en el 23%.\u00a0Detr\u00e1s nuestro viene Portugal con un 21% igual que el Reino Unido, e Italia con un 20%. En otros lugares la cifra es mucho menor.\u00a0En Alemania es s\u00f3lo del 9%, en Grecia del 7%, en Dinamarca del 3% y en Noruega no hay diferencia. Esta an\u00f3mala mortalidad se expresa tambi\u00e9n de dos maneras diferentes que objetivizan la dimensi\u00f3n de la tragedia. Por una parte y por primera vez en la historia, se ha reducido el n\u00famero de personas jubiladas, consecuencia de que la Covid-19 mata sobre todo a la gente mayor de 65 a\u00f1os. La otra muy espectacular, es la p\u00e9rdida de la esperanza de vida en la estad\u00edstica registrada. Espa\u00f1a se ha convertido en el pa\u00eds de la UE que ha registrado el mayor descenso, confirmando que es el que ha resultado peor parado como consecuencia de la Covid. Hecho que, como es evidente, cuestiona todo lo que se ha llevado a cabo hasta ahora. La reducci\u00f3n es superior a 1,6 a\u00f1os y este es un retroceso importante.\u00a0Es la mayor ca\u00edda en un a\u00f1o desde la Guerra Civil, y esto ya da una idea de la magnitud del da\u00f1o ocasionado. Ahora, la esperanza de vida ha disminuido hasta los 82,4 a\u00f1os, que ser\u00eda menos si aplic\u00e1ramos el criterio de la mortalidad real, porque entonces nos situar\u00edamos apenas en los 82. Hay que recordar que la esperanza de vida 2019 fue de 84 a\u00f1os. Con estas cifras no se entiende por qu\u00e9 a\u00fan no se ha determinado una\u00a0comisi\u00f3n cient\u00edfica independiente\u00a0que revise todos los errores cometidos para explicar por qu\u00e9 Espa\u00f1a es el pa\u00eds que en t\u00e9rminos de vidas humanas ha obtenido un\u00a0peor resultado en la Uni\u00f3n Europea\u00a0, y no digamos ya si, adem\u00e1s, introducimos la variable de la capacidad econ\u00f3mica de cada pa\u00eds a la hora de valorar los resultados.\" \/>\n<meta property=\"og:url\" content=\"https:\/\/conversesacatalunya.cat\/es\/mortalidad-covid\/\" \/>\n<meta property=\"og:site_name\" content=\"Converses a Catalunya\" \/>\n<meta property=\"article:published_time\" content=\"2021-04-15T11:40:50+00:00\" \/>\n<meta property=\"article:modified_time\" content=\"2021-04-15T13:07:19+00:00\" \/>\n<meta property=\"og:image\" content=\"https:\/\/conversesacatalunya.cat\/wp-content\/uploads\/2021\/04\/mortalitat-covid.jpg\" \/>\n\t<meta property=\"og:image:width\" content=\"620\" \/>\n\t<meta property=\"og:image:height\" content=\"368\" \/>\n\t<meta property=\"og:image:type\" content=\"image\/jpeg\" \/>\n<meta name=\"author\" content=\"conversesacatalunya\" \/>\n<meta name=\"twitter:card\" content=\"summary_large_image\" \/>\n<meta name=\"twitter:label1\" content=\"Escrito por\" \/>\n\t<meta name=\"twitter:data1\" content=\"conversesacatalunya\" \/>\n\t<meta name=\"twitter:label2\" content=\"Tiempo de lectura\" \/>\n\t<meta name=\"twitter:data2\" content=\"3 minutos\" \/>\n<script type=\"application\/ld+json\" class=\"yoast-schema-graph\">{\"@context\":\"https:\/\/schema.org\",\"@graph\":[{\"@type\":\"Article\",\"@id\":\"https:\/\/conversesacatalunya.cat\/es\/mortalidad-covid\/#article\",\"isPartOf\":{\"@id\":\"https:\/\/conversesacatalunya.cat\/es\/mortalidad-covid\/\"},\"author\":{\"name\":\"conversesacatalunya\",\"@id\":\"https:\/\/conversesacatalunya.cat\/#\/schema\/person\/7e24d1e54a2785373ddcb275eae5ed99\"},\"headline\":\"Los muertos que persiguen a S\u00e1nchez\",\"datePublished\":\"2021-04-15T11:40:50+00:00\",\"dateModified\":\"2021-04-15T13:07:19+00:00\",\"mainEntityOfPage\":{\"@id\":\"https:\/\/conversesacatalunya.cat\/es\/mortalidad-covid\/\"},\"wordCount\":605,\"commentCount\":0,\"image\":{\"@id\":\"https:\/\/conversesacatalunya.cat\/es\/mortalidad-covid\/#primaryimage\"},\"thumbnailUrl\":\"https:\/\/conversesacatalunya.cat\/wp-content\/uploads\/2021\/04\/mortalitat-covid.jpg\",\"keywords\":[\"coronavirus\",\"mortalidad\"],\"articleSection\":[\"Especial Coronavirus (ES)\",\"Punts clau del dia (ES)\"],\"inLanguage\":\"es\",\"potentialAction\":[{\"@type\":\"CommentAction\",\"name\":\"Comment\",\"target\":[\"https:\/\/conversesacatalunya.cat\/es\/mortalidad-covid\/#respond\"]}]},{\"@type\":\"WebPage\",\"@id\":\"https:\/\/conversesacatalunya.cat\/es\/mortalidad-covid\/\",\"url\":\"https:\/\/conversesacatalunya.cat\/es\/mortalidad-covid\/\",\"name\":\"Los muertos que persiguen a S\u00e1nchez - Converses a Catalunya\",\"isPartOf\":{\"@id\":\"https:\/\/conversesacatalunya.cat\/#website\"},\"primaryImageOfPage\":{\"@id\":\"https:\/\/conversesacatalunya.cat\/es\/mortalidad-covid\/#primaryimage\"},\"image\":{\"@id\":\"https:\/\/conversesacatalunya.cat\/es\/mortalidad-covid\/#primaryimage\"},\"thumbnailUrl\":\"https:\/\/conversesacatalunya.cat\/wp-content\/uploads\/2021\/04\/mortalitat-covid.jpg\",\"datePublished\":\"2021-04-15T11:40:50+00:00\",\"dateModified\":\"2021-04-15T13:07:19+00:00\",\"author\":{\"@id\":\"https:\/\/conversesacatalunya.cat\/#\/schema\/person\/7e24d1e54a2785373ddcb275eae5ed99\"},\"breadcrumb\":{\"@id\":\"https:\/\/conversesacatalunya.cat\/es\/mortalidad-covid\/#breadcrumb\"},\"inLanguage\":\"es\",\"potentialAction\":[{\"@type\":\"ReadAction\",\"target\":[\"https:\/\/conversesacatalunya.cat\/es\/mortalidad-covid\/\"]}]},{\"@type\":\"ImageObject\",\"inLanguage\":\"es\",\"@id\":\"https:\/\/conversesacatalunya.cat\/es\/mortalidad-covid\/#primaryimage\",\"url\":\"https:\/\/conversesacatalunya.cat\/wp-content\/uploads\/2021\/04\/mortalitat-covid.jpg\",\"contentUrl\":\"https:\/\/conversesacatalunya.cat\/wp-content\/uploads\/2021\/04\/mortalitat-covid.jpg\",\"width\":620,\"height\":368,\"caption\":\"mortalitat covid\"},{\"@type\":\"BreadcrumbList\",\"@id\":\"https:\/\/conversesacatalunya.cat\/es\/mortalidad-covid\/#breadcrumb\",\"itemListElement\":[{\"@type\":\"ListItem\",\"position\":1,\"name\":\"Inici\",\"item\":\"https:\/\/conversesacatalunya.cat\/es\/\"},{\"@type\":\"ListItem\",\"position\":2,\"name\":\"Los muertos que persiguen a S\u00e1nchez\"}]},{\"@type\":\"WebSite\",\"@id\":\"https:\/\/conversesacatalunya.cat\/#website\",\"url\":\"https:\/\/conversesacatalunya.cat\/\",\"name\":\"Converses a Catalunya\",\"description\":\"\",\"potentialAction\":[{\"@type\":\"SearchAction\",\"target\":{\"@type\":\"EntryPoint\",\"urlTemplate\":\"https:\/\/conversesacatalunya.cat\/?s={search_term_string}\"},\"query-input\":{\"@type\":\"PropertyValueSpecification\",\"valueRequired\":true,\"valueName\":\"search_term_string\"}}],\"inLanguage\":\"es\"},{\"@type\":\"Person\",\"@id\":\"https:\/\/conversesacatalunya.cat\/#\/schema\/person\/7e24d1e54a2785373ddcb275eae5ed99\",\"name\":\"conversesacatalunya\",\"image\":{\"@type\":\"ImageObject\",\"inLanguage\":\"es\",\"@id\":\"https:\/\/conversesacatalunya.cat\/#\/schema\/person\/image\/\",\"url\":\"https:\/\/conversesacatalunya.cat\/wp-content\/litespeed\/avatar\/febdfeeec89d950f01c748045a981dd2.jpg?ver=1777314535\",\"contentUrl\":\"https:\/\/conversesacatalunya.cat\/wp-content\/litespeed\/avatar\/febdfeeec89d950f01c748045a981dd2.jpg?ver=1777314535\",\"caption\":\"conversesacatalunya\"},\"url\":\"https:\/\/conversesacatalunya.cat\/es\/author\/carme_catala\/\"}]}<\/script>\n<!-- \/ Yoast SEO plugin. -->","yoast_head_json":{"title":"Los muertos que persiguen a S\u00e1nchez - Converses a Catalunya","robots":{"index":"index","follow":"follow","max-snippet":"max-snippet:-1","max-image-preview":"max-image-preview:large","max-video-preview":"max-video-preview:-1"},"canonical":"https:\/\/conversesacatalunya.cat\/es\/mortalidad-covid\/","og_locale":"es_ES","og_type":"article","og_title":"Los muertos que persiguen a S\u00e1nchez - Converses a Catalunya","og_description":"Una parte nada peque\u00f1a de los medios de comunicaci\u00f3n de Europa y de EE.UU. han desencadenado una cr\u00edtica a la estad\u00edstica oficial rusa sobre el n\u00famero de muertos, bajo la acusaci\u00f3n de que los infravalora porque, y esta es la cuesti\u00f3n, s\u00f3lo contabiliza los que han sido ocasionados\u00a0directamente por el virus y esto hace que haya una gran diferencia con la mortalidad real, que se calcula que es mucho mayor. Lo que resulta m\u00e1s revelador de este asunto, es que el sistema ruso de informar sobre las defunciones es el mismo que el espa\u00f1ol, es decir, s\u00f3lo cuenta las defunciones que han sido de personas a las que se ha efectuado el test demostrativo de sufrir Coronavirus. Esto hace que\u00a0el n\u00famero real de muertos en Espa\u00f1a sea mayor que el que dan las estad\u00edsticas oficiales, porque la otra forma de contabilizarlo, por lo que se conoce como exceso de mortalidad, es decir la anomal\u00eda en el n\u00famero de muertos registrados en relaci\u00f3n con los mismos periodos de a\u00f1os precedentes aporta cifras mayores. En este caso, Espa\u00f1a destaca con un 23% m\u00e1s de lo normal y por tanto estar\u00edamos pr\u00f3ximos a la cifra de los\u00a0100.000 muertos\u00a0en lugar de los 70.000 y pico de la estad\u00edstica oficial.\u00a0De hecho, somos uno de los pa\u00edses de la UE donde esta diferencia entre cifra oficial y exceso de mortalidad es m\u00e1s importante, porque s\u00f3lo nos supera Eslovenia por un punto (24%) y estamos empatados con Polonia en el 23%.\u00a0Detr\u00e1s nuestro viene Portugal con un 21% igual que el Reino Unido, e Italia con un 20%. En otros lugares la cifra es mucho menor.\u00a0En Alemania es s\u00f3lo del 9%, en Grecia del 7%, en Dinamarca del 3% y en Noruega no hay diferencia. Esta an\u00f3mala mortalidad se expresa tambi\u00e9n de dos maneras diferentes que objetivizan la dimensi\u00f3n de la tragedia. Por una parte y por primera vez en la historia, se ha reducido el n\u00famero de personas jubiladas, consecuencia de que la Covid-19 mata sobre todo a la gente mayor de 65 a\u00f1os. La otra muy espectacular, es la p\u00e9rdida de la esperanza de vida en la estad\u00edstica registrada. Espa\u00f1a se ha convertido en el pa\u00eds de la UE que ha registrado el mayor descenso, confirmando que es el que ha resultado peor parado como consecuencia de la Covid. Hecho que, como es evidente, cuestiona todo lo que se ha llevado a cabo hasta ahora. La reducci\u00f3n es superior a 1,6 a\u00f1os y este es un retroceso importante.\u00a0Es la mayor ca\u00edda en un a\u00f1o desde la Guerra Civil, y esto ya da una idea de la magnitud del da\u00f1o ocasionado. Ahora, la esperanza de vida ha disminuido hasta los 82,4 a\u00f1os, que ser\u00eda menos si aplic\u00e1ramos el criterio de la mortalidad real, porque entonces nos situar\u00edamos apenas en los 82. Hay que recordar que la esperanza de vida 2019 fue de 84 a\u00f1os. Con estas cifras no se entiende por qu\u00e9 a\u00fan no se ha determinado una\u00a0comisi\u00f3n cient\u00edfica independiente\u00a0que revise todos los errores cometidos para explicar por qu\u00e9 Espa\u00f1a es el pa\u00eds que en t\u00e9rminos de vidas humanas ha obtenido un\u00a0peor resultado en la Uni\u00f3n Europea\u00a0, y no digamos ya si, adem\u00e1s, introducimos la variable de la capacidad econ\u00f3mica de cada pa\u00eds a la hora de valorar los resultados.","og_url":"https:\/\/conversesacatalunya.cat\/es\/mortalidad-covid\/","og_site_name":"Converses a Catalunya","article_published_time":"2021-04-15T11:40:50+00:00","article_modified_time":"2021-04-15T13:07:19+00:00","og_image":[{"width":620,"height":368,"url":"https:\/\/conversesacatalunya.cat\/wp-content\/uploads\/2021\/04\/mortalitat-covid.jpg","type":"image\/jpeg"}],"author":"conversesacatalunya","twitter_card":"summary_large_image","twitter_misc":{"Escrito por":"conversesacatalunya","Tiempo de lectura":"3 minutos"},"schema":{"@context":"https:\/\/schema.org","@graph":[{"@type":"Article","@id":"https:\/\/conversesacatalunya.cat\/es\/mortalidad-covid\/#article","isPartOf":{"@id":"https:\/\/conversesacatalunya.cat\/es\/mortalidad-covid\/"},"author":{"name":"conversesacatalunya","@id":"https:\/\/conversesacatalunya.cat\/#\/schema\/person\/7e24d1e54a2785373ddcb275eae5ed99"},"headline":"Los muertos que persiguen a S\u00e1nchez","datePublished":"2021-04-15T11:40:50+00:00","dateModified":"2021-04-15T13:07:19+00:00","mainEntityOfPage":{"@id":"https:\/\/conversesacatalunya.cat\/es\/mortalidad-covid\/"},"wordCount":605,"commentCount":0,"image":{"@id":"https:\/\/conversesacatalunya.cat\/es\/mortalidad-covid\/#primaryimage"},"thumbnailUrl":"https:\/\/conversesacatalunya.cat\/wp-content\/uploads\/2021\/04\/mortalitat-covid.jpg","keywords":["coronavirus","mortalidad"],"articleSection":["Especial Coronavirus (ES)","Punts clau del dia (ES)"],"inLanguage":"es","potentialAction":[{"@type":"CommentAction","name":"Comment","target":["https:\/\/conversesacatalunya.cat\/es\/mortalidad-covid\/#respond"]}]},{"@type":"WebPage","@id":"https:\/\/conversesacatalunya.cat\/es\/mortalidad-covid\/","url":"https:\/\/conversesacatalunya.cat\/es\/mortalidad-covid\/","name":"Los muertos que persiguen a S\u00e1nchez - Converses a Catalunya","isPartOf":{"@id":"https:\/\/conversesacatalunya.cat\/#website"},"primaryImageOfPage":{"@id":"https:\/\/conversesacatalunya.cat\/es\/mortalidad-covid\/#primaryimage"},"image":{"@id":"https:\/\/conversesacatalunya.cat\/es\/mortalidad-covid\/#primaryimage"},"thumbnailUrl":"https:\/\/conversesacatalunya.cat\/wp-content\/uploads\/2021\/04\/mortalitat-covid.jpg","datePublished":"2021-04-15T11:40:50+00:00","dateModified":"2021-04-15T13:07:19+00:00","author":{"@id":"https:\/\/conversesacatalunya.cat\/#\/schema\/person\/7e24d1e54a2785373ddcb275eae5ed99"},"breadcrumb":{"@id":"https:\/\/conversesacatalunya.cat\/es\/mortalidad-covid\/#breadcrumb"},"inLanguage":"es","potentialAction":[{"@type":"ReadAction","target":["https:\/\/conversesacatalunya.cat\/es\/mortalidad-covid\/"]}]},{"@type":"ImageObject","inLanguage":"es","@id":"https:\/\/conversesacatalunya.cat\/es\/mortalidad-covid\/#primaryimage","url":"https:\/\/conversesacatalunya.cat\/wp-content\/uploads\/2021\/04\/mortalitat-covid.jpg","contentUrl":"https:\/\/conversesacatalunya.cat\/wp-content\/uploads\/2021\/04\/mortalitat-covid.jpg","width":620,"height":368,"caption":"mortalitat covid"},{"@type":"BreadcrumbList","@id":"https:\/\/conversesacatalunya.cat\/es\/mortalidad-covid\/#breadcrumb","itemListElement":[{"@type":"ListItem","position":1,"name":"Inici","item":"https:\/\/conversesacatalunya.cat\/es\/"},{"@type":"ListItem","position":2,"name":"Los muertos que persiguen a S\u00e1nchez"}]},{"@type":"WebSite","@id":"https:\/\/conversesacatalunya.cat\/#website","url":"https:\/\/conversesacatalunya.cat\/","name":"Converses a Catalunya","description":"","potentialAction":[{"@type":"SearchAction","target":{"@type":"EntryPoint","urlTemplate":"https:\/\/conversesacatalunya.cat\/?s={search_term_string}"},"query-input":{"@type":"PropertyValueSpecification","valueRequired":true,"valueName":"search_term_string"}}],"inLanguage":"es"},{"@type":"Person","@id":"https:\/\/conversesacatalunya.cat\/#\/schema\/person\/7e24d1e54a2785373ddcb275eae5ed99","name":"conversesacatalunya","image":{"@type":"ImageObject","inLanguage":"es","@id":"https:\/\/conversesacatalunya.cat\/#\/schema\/person\/image\/","url":"https:\/\/conversesacatalunya.cat\/wp-content\/litespeed\/avatar\/febdfeeec89d950f01c748045a981dd2.jpg?ver=1777314535","contentUrl":"https:\/\/conversesacatalunya.cat\/wp-content\/litespeed\/avatar\/febdfeeec89d950f01c748045a981dd2.jpg?ver=1777314535","caption":"conversesacatalunya"},"url":"https:\/\/conversesacatalunya.cat\/es\/author\/carme_catala\/"}]}},"wps_subtitle":"","_links":{"self":[{"href":"https:\/\/conversesacatalunya.cat\/es\/wp-json\/wp\/v2\/posts\/47048","targetHints":{"allow":["GET"]}}],"collection":[{"href":"https:\/\/conversesacatalunya.cat\/es\/wp-json\/wp\/v2\/posts"}],"about":[{"href":"https:\/\/conversesacatalunya.cat\/es\/wp-json\/wp\/v2\/types\/post"}],"author":[{"embeddable":true,"href":"https:\/\/conversesacatalunya.cat\/es\/wp-json\/wp\/v2\/users\/2"}],"replies":[{"embeddable":true,"href":"https:\/\/conversesacatalunya.cat\/es\/wp-json\/wp\/v2\/comments?post=47048"}],"version-history":[{"count":2,"href":"https:\/\/conversesacatalunya.cat\/es\/wp-json\/wp\/v2\/posts\/47048\/revisions"}],"predecessor-version":[{"id":47050,"href":"https:\/\/conversesacatalunya.cat\/es\/wp-json\/wp\/v2\/posts\/47048\/revisions\/47050"}],"wp:featuredmedia":[{"embeddable":true,"href":"https:\/\/conversesacatalunya.cat\/es\/wp-json\/wp\/v2\/media\/47045"}],"wp:attachment":[{"href":"https:\/\/conversesacatalunya.cat\/es\/wp-json\/wp\/v2\/media?parent=47048"}],"wp:term":[{"taxonomy":"category","embeddable":true,"href":"https:\/\/conversesacatalunya.cat\/es\/wp-json\/wp\/v2\/categories?post=47048"},{"taxonomy":"post_tag","embeddable":true,"href":"https:\/\/conversesacatalunya.cat\/es\/wp-json\/wp\/v2\/tags?post=47048"}],"curies":[{"name":"wp","href":"https:\/\/api.w.org\/{rel}","templated":true}]}}