{"id":47030,"date":"2021-04-14T11:42:32","date_gmt":"2021-04-14T09:42:32","guid":{"rendered":"https:\/\/conversesacatalunya.cat\/leconomia-no-resistira-una-quarta-onada\/"},"modified":"2021-04-15T12:22:18","modified_gmt":"2021-04-15T10:22:18","slug":"la-economia-no-resistira-una-cuarta-ola","status":"publish","type":"post","link":"https:\/\/conversesacatalunya.cat\/es\/la-economia-no-resistira-una-cuarta-ola\/","title":{"rendered":"La econom\u00eda no resistir\u00e1 una cuarta ola"},"content":{"rendered":"<p>Con este mismo titular La Vanguardia hac\u00eda un dram\u00e1tico editorial el d\u00eda 10 de abril.\u00a0En resumen dec\u00eda que si no se controlaba la Covid-19 y se salvaba la temporada de verano, el da\u00f1o ser\u00eda irreparable.<\/p>\n<p><span class=\"goog-text-highlight\">Esta consideraci\u00f3n de un diario m\u00e1s bien ponderado, hay que relacionarla con el mal comportamiento de la econom\u00eda del primer trimestre de este a\u00f1o y la rebaja de las previsiones del PIB, que incluso ya ha asumido el propio gobierno espa\u00f1ol,\u00a0<\/span><strong><span class=\"goog-text-highlight\">reduciendo m\u00e1s de 3 puntos la previsi\u00f3n<\/span><\/strong><span class=\"goog-text-highlight\"> que hizo en los presupuestos para el 2021, situando ahora este crecimiento en el 6,5%. Hay que tener presente que esta cifra se relaciona con la del a\u00f1o anterior que ven\u00eda de una ca\u00edda de cerca del 11%. Por tanto, no se puede hablar ni mucho menos de rebote, porque incluso si se cumpliera estar\u00edamos lejos de disfrutar de la misma situaci\u00f3n econ\u00f3mica de diciembre de 2019. Pero es que adem\u00e1s, el Banco de Espa\u00f1a en su \u00faltima previsi\u00f3n cuestiona que se llegue ni siquiera al 6%. Todas estas malas noticias tambi\u00e9n quieren decir que el <\/span><strong>presupuesto que se aprob\u00f3 para el 2021 ha quedado totalmente desguazado<\/strong>, porque los ingresos quedar\u00e1n muy lejos de lo que preve\u00edan.<\/p>\n<p><span class=\"\">En este contexto el gobierno espa\u00f1ol se esfuerza en escenificar noticias positivas que, ante el embate de la realidad, duran pocos d\u00edas.<\/span><\/p>\n<p>S\u00e1nchez present\u00f3 un plan de vacunaci\u00f3n que no resolv\u00eda el verano porque al inicio de temporada estar\u00edamos lejos de la cifra del 70% de vacunados que s\u00f3lo alcanzar\u00eda a 30 de agosto, pero que pod\u00eda ayudar a pensar que la situaci\u00f3n ser\u00eda claramente mejor. Pero a continuaci\u00f3n la confusi\u00f3n sobre la vacuna <strong>AstraZeneca,<\/strong> primero a escala comunitaria, y despu\u00e9s con el Ministerio de Sanidad a\u00fan envolviendo m\u00e1s la madeja, ha empezado a pinchar las expectativas, de manera que ni siquiera se sabe si los menores de 60 a\u00f1os que fueron vacunados con este producto lo repetir\u00e1n con la segunda dosis que da la inmunidad.<\/p>\n<p>El problema es que no est\u00e1 comprobado el resultado de utilizar vacunas diferentes. Si se hiciera ser\u00eda temerario porque se estar\u00eda llevando a cabo un experimento, utilizando a la poblaci\u00f3n como conejillos de indias. Otros pa\u00edses toman decisiones m\u00e1s claras y r\u00e1pidas. Por ejemplo el Reino Unido, que est\u00e1 demostrando una excelente respuesta tras la rectificaci\u00f3n de sus fracasos iniciales, ha decidido que la utilizar\u00e1 para el conjunto de la poblaci\u00f3n con la \u00fanica excepci\u00f3n de los menores de 30 a\u00f1os. Lo dijo sin vacilaciones ni rectificaciones, de manera clara, que es lo que le falta al gobierno espa\u00f1ol. Adem\u00e1s, el problema que se ha producido en EEUU con la vacuna Janssen por el hecho de haberse producido 6 casos de co\u00e1gulos entre 6,8 millones de vacunados, ha significado frenar su llegada a Espa\u00f1a, lo que tambi\u00e9n alterar\u00e1 provisionalmente los planes de vacunaci\u00f3n.<\/p>\n<p>Y por si las incertidumbres no fueran suficientes, se produce el anuncio de que S\u00e1nchez <strong>no prorrogar\u00e1 el estado de alarma<\/strong>\u00a0sin definir otras medidas que la legislaci\u00f3n ya existente.\u00a0Parece una decisi\u00f3n precipitada, porque todav\u00eda estamos en la fase ascendente de la cuarta ola y desconocemos su dimensi\u00f3n y duraci\u00f3n.<\/p>\n<p>El por qu\u00e9 lo ha anunciado con tanta anticipaci\u00f3n forma parte de los enigmas de la estrategia <strong>de Iv\u00e1n Redondo<\/strong>.\u00a0El razonamiento del gobierno de que con la legislaci\u00f3n existente se pueden adoptar las medidas adecuadas, cuestiona la misma utilidad de tantos meses de estado de alarma, porque si se puede hacer igualmente, si bien de acuerdo con los jueces, \u00bfpor qu\u00e9 hemos sido sometidos a tantos meses de limitaci\u00f3n de las garant\u00edas constitucionales?<\/p>\n<p>Hay que recordar en este sentido que Espa\u00f1a es pr\u00e1cticamente\u00a0<em>el \u00fanico estado de la Uni\u00f3n Europea<\/em> que ha utilizado esta figura excepcional. Portugal ha sido otra excepci\u00f3n, pero con un car\u00e1cter de aplicaci\u00f3n mucho m\u00e1s gradual. El resto de pa\u00edses recurrieron a la legislaci\u00f3n de enfermedades infecciosas o leyes espec\u00edficas con motivo de la pandemia. Espa\u00f1a tambi\u00e9n dispone de una reserva de estas leyes, pero no ha hecho nada para adecuarlas a la situaci\u00f3n actual. Por otra parte, hay comunidades aut\u00f3nomas como Catalu\u00f1a, Arag\u00f3n, Galicia, Navarra y el Pa\u00eds Vasco, que tienen legislaciones sanitarias espec\u00edficas que permiten intervenciones limitativas.<\/p>\n<p>Hay que recordar que en Catalu\u00f1a\u00a0<strong>la Conca de \u00d2dena<\/strong>\u00a0se cerr\u00f3 antes del estado de alarma.\u00a0En realidad la aplicaci\u00f3n de esta medida por el gobierno central no vino de la imposibilidad de seguir otros caminos legales, sino en primera instancia de querer asumir un liderazgo centralizador que fracas\u00f3 y que se transform\u00f3 en todo lo contrario, y tambi\u00e9n porque le ha permitido vivir durante un a\u00f1o con un\u00a0<strong>Congreso de capacidad limitada<\/strong>, atado de pies y manos.<\/p>\n<p>Todo ello dibuja un panorama muy confuso que pone en riesgo la recuperaci\u00f3n que todos necesitamos.<\/p>\n<p><span class=\"bctt-click-to-tweet\"><span class=\"bctt-ctt-text\"><a href=\"https:\/\/translate.google.com\/website?sl=ca&amp;tl=es&amp;ajax=1&amp;u=https:\/\/twitter.com\/intent\/tweet?url%3Dhttps%253A%252F%252Fconversesacatalunya.cat%252Fleconomia-no-resistira-una-quarta-onada%252F%26text%3DSi%2520el%2520govern%2520espanyol%2520estigu%25C3%25A9s%2520menys%2520pendent%2520de%2520campanyes%2520d%25E2%2580%2599imatge%2520a%2520curt%2520termini%2520i%2520actu%25C3%25A9s%2520amb%2520claredat%2520i%2520rigor%2520t%25C3%25A8cnic%252C%2520tots%252C%2520comen%25C3%25A7ant%2520per%2520ells%2520mateixos%252C%2520hi%2520sortir%25C3%25ADem%2520guanyant%26via%3Dconversesacat%26related%3Dconversesacat\" target=\"_blank\" rel=\"noopener noreferrer\"><span class=\"goog-text-highlight\"><span class='bctt-click-to-tweet'><span class='bctt-ctt-text'><a href='https:\/\/twitter.com\/intent\/tweet?url=https%3A%2F%2Fconversesacatalunya.cat%2Fes%2Fla-economia-no-resistira-una-cuarta-ola%2F&#038;text=Si%20el%20gobierno%20espa%C3%B1ol%20estuviera%20menos%20pendiente%20de%20campa%C3%B1as%20de%20imagen%20a%20corto%20plazo%20y%20actuara%20con%20claridad%20y%20rigor%20t%C3%A9cnico%2C%20todos%2C%20empezando%20por%20ellos%20mismos%2C%20saldr%C3%ADamos%20ganando&#038;via=conversesacat&#038;related=conversesacat' target='_blank'rel=\"noopener noreferrer\">Si el gobierno espa\u00f1ol estuviera menos pendiente de campa\u00f1as de imagen a corto plazo y actuara con claridad y rigor t\u00e9cnico, todos, empezando por ellos mismos, saldr\u00edamos ganando <\/a><\/span><a href='https:\/\/twitter.com\/intent\/tweet?url=https%3A%2F%2Fconversesacatalunya.cat%2Fes%2Fla-economia-no-resistira-una-cuarta-ola%2F&#038;text=Si%20el%20gobierno%20espa%C3%B1ol%20estuviera%20menos%20pendiente%20de%20campa%C3%B1as%20de%20imagen%20a%20corto%20plazo%20y%20actuara%20con%20claridad%20y%20rigor%20t%C3%A9cnico%2C%20todos%2C%20empezando%20por%20ellos%20mismos%2C%20saldr%C3%ADamos%20ganando&#038;via=conversesacat&#038;related=conversesacat' target='_blank' class='bctt-ctt-btn'rel=\"noopener noreferrer\">Compartir en X<\/a><\/span><\/span><\/a><\/span><\/span><\/p>\n<div id=\"polls-99\" class=\"wp-polls\">\n\t<form id=\"polls_form_99\" class=\"wp-polls-form\" action=\"\/index.php\" method=\"post\">\n\t\t<p style=\"display: none;\"><input type=\"hidden\" id=\"poll_99_nonce\" name=\"wp-polls-nonce\" value=\"cf306beb96\" \/><\/p>\n\t\t<p style=\"display: none;\"><input type=\"hidden\" name=\"poll_id\" value=\"99\" \/><\/p>\n\t\t<p style=\"text-align: center\"><strong>Ada Colau ha abandonat el seu compte de Twitter perqu\u00e8 rebia un exc\u00e9s de cr\u00edtiques?<\/strong><\/p><div id=\"polls-99-ans\" class=\"wp-polls-ans\"><ul class=\"wp-polls-ul\">\n\t\t<li><input type=\"radio\" id=\"poll-answer-232\" name=\"poll_99\" value=\"232\" \/> <label for=\"poll-answer-232\">Si<\/label><\/li>\n\t\t<li><input type=\"radio\" id=\"poll-answer-233\" name=\"poll_99\" value=\"233\" \/> <label for=\"poll-answer-233\">No<\/label><\/li>\n\t\t<\/ul><p style=\"text-align: center\"><input type=\"button\" name=\"vote\" value=\"   Vota   \" class=\"Buttons\" onclick=\"poll_vote(99);\" \/><\/p><p style=\"text-align: center\"><a href=\"#ViewPollResults\" onclick=\"poll_result(99); return false;\" title=\"View Results Of This Poll\">Mira els resultats<\/a><\/p><\/div>\n\t<\/form>\n<\/div>\n<div id=\"polls-99-loading\" class=\"wp-polls-loading\"><img decoding=\"async\" data-src=\"https:\/\/conversesacatalunya.cat\/wp-content\/plugins\/wp-polls\/images\/loading.gif\" width=\"16\" height=\"16\" alt=\"Cargando ...\" title=\"Cargando ...\" class=\"wp-polls-image lazyload\" src=\"data:image\/svg+xml;base64,PHN2ZyB3aWR0aD0iMSIgaGVpZ2h0PSIxIiB4bWxucz0iaHR0cDovL3d3dy53My5vcmcvMjAwMC9zdmciPjwvc3ZnPg==\" style=\"--smush-placeholder-width: 16px; --smush-placeholder-aspect-ratio: 16\/16;\" \/>&nbsp;Cargando ...<\/div>\n\n","protected":false},"excerpt":{"rendered":"<p>Con este mismo titular La Vanguardia hac\u00eda un dram\u00e1tico editorial el d\u00eda 10 de abril.\u00a0En resumen dec\u00eda que si no se controlaba la Covid-19 y se salvaba la temporada de verano, el da\u00f1o ser\u00eda irreparable. Esta consideraci\u00f3n de un diario m\u00e1s bien ponderado, hay que relacionarla con el mal comportamiento de la econom\u00eda del primer trimestre de este a\u00f1o y la rebaja de las previsiones del PIB, que incluso ya ha asumido el propio gobierno espa\u00f1ol,\u00a0reduciendo m\u00e1s de 3 puntos la previsi\u00f3n que hizo en los presupuestos para el 2021, situando ahora este crecimiento en el 6,5%. Hay que tener presente que esta cifra se relaciona con la del a\u00f1o anterior que ven\u00eda de una ca\u00edda de cerca del 11%. Por tanto, no se puede hablar ni mucho menos de rebote, porque incluso si se cumpliera estar\u00edamos lejos de disfrutar de la misma situaci\u00f3n econ\u00f3mica de diciembre de 2019. Pero es que adem\u00e1s, el Banco de Espa\u00f1a en su \u00faltima previsi\u00f3n cuestiona que se llegue ni siquiera al 6%. Todas estas malas noticias tambi\u00e9n quieren decir que el presupuesto que se aprob\u00f3 para el 2021 ha quedado totalmente desguazado, porque los ingresos quedar\u00e1n muy lejos de lo que preve\u00edan. En este contexto el gobierno espa\u00f1ol se esfuerza en escenificar noticias positivas que, ante el embate de la realidad, duran pocos d\u00edas. S\u00e1nchez present\u00f3 un plan de vacunaci\u00f3n que no resolv\u00eda el verano porque al inicio de temporada estar\u00edamos lejos de la cifra del 70% de vacunados que s\u00f3lo alcanzar\u00eda a 30 de agosto, pero que pod\u00eda ayudar a pensar que la situaci\u00f3n ser\u00eda claramente mejor. Pero a continuaci\u00f3n la confusi\u00f3n sobre la vacuna AstraZeneca, primero a escala comunitaria, y despu\u00e9s con el Ministerio de Sanidad a\u00fan envolviendo m\u00e1s la madeja, ha empezado a pinchar las expectativas, de manera que ni siquiera se sabe si los menores de 60 a\u00f1os que fueron vacunados con este producto lo repetir\u00e1n con la segunda dosis que da la inmunidad. El problema es que no est\u00e1 comprobado el resultado de utilizar vacunas diferentes. Si se hiciera ser\u00eda temerario porque se estar\u00eda llevando a cabo un experimento, utilizando a la poblaci\u00f3n como conejillos de indias. Otros pa\u00edses toman decisiones m\u00e1s claras y r\u00e1pidas. Por ejemplo el Reino Unido, que est\u00e1 demostrando una excelente respuesta tras la rectificaci\u00f3n de sus fracasos iniciales, ha decidido que la utilizar\u00e1 para el conjunto de la poblaci\u00f3n con la \u00fanica excepci\u00f3n de los menores de 30 a\u00f1os. Lo dijo sin vacilaciones ni rectificaciones, de manera clara, que es lo que le falta al gobierno espa\u00f1ol. Adem\u00e1s, el problema que se ha producido en EEUU con la vacuna Janssen por el hecho de haberse producido 6 casos de co\u00e1gulos entre 6,8 millones de vacunados, ha significado frenar su llegada a Espa\u00f1a, lo que tambi\u00e9n alterar\u00e1 provisionalmente los planes de vacunaci\u00f3n. Y por si las incertidumbres no fueran suficientes, se produce el anuncio de que S\u00e1nchez no prorrogar\u00e1 el estado de alarma\u00a0sin definir otras medidas que la legislaci\u00f3n ya existente.\u00a0Parece una decisi\u00f3n precipitada, porque todav\u00eda estamos en la fase ascendente de la cuarta ola y desconocemos su dimensi\u00f3n y duraci\u00f3n. El por qu\u00e9 lo ha anunciado con tanta anticipaci\u00f3n forma parte de los enigmas de la estrategia de Iv\u00e1n Redondo.\u00a0El razonamiento del gobierno de que con la legislaci\u00f3n existente se pueden adoptar las medidas adecuadas, cuestiona la misma utilidad de tantos meses de estado de alarma, porque si se puede hacer igualmente, si bien de acuerdo con los jueces, \u00bfpor qu\u00e9 hemos sido sometidos a tantos meses de limitaci\u00f3n de las garant\u00edas constitucionales? Hay que recordar en este sentido que Espa\u00f1a es pr\u00e1cticamente\u00a0el \u00fanico estado de la Uni\u00f3n Europea que ha utilizado esta figura excepcional. Portugal ha sido otra excepci\u00f3n, pero con un car\u00e1cter de aplicaci\u00f3n mucho m\u00e1s gradual. El resto de pa\u00edses recurrieron a la legislaci\u00f3n de enfermedades infecciosas o leyes espec\u00edficas con motivo de la pandemia. Espa\u00f1a tambi\u00e9n dispone de una reserva de estas leyes, pero no ha hecho nada para adecuarlas a la situaci\u00f3n actual. Por otra parte, hay comunidades aut\u00f3nomas como Catalu\u00f1a, Arag\u00f3n, Galicia, Navarra y el Pa\u00eds Vasco, que tienen legislaciones sanitarias espec\u00edficas que permiten intervenciones limitativas. Hay que recordar que en Catalu\u00f1a\u00a0la Conca de \u00d2dena\u00a0se cerr\u00f3 antes del estado de alarma.\u00a0En realidad la aplicaci\u00f3n de esta medida por el gobierno central no vino de la imposibilidad de seguir otros caminos legales, sino en primera instancia de querer asumir un liderazgo centralizador que fracas\u00f3 y que se transform\u00f3 en todo lo contrario, y tambi\u00e9n porque le ha permitido vivir durante un a\u00f1o con un\u00a0Congreso de capacidad limitada, atado de pies y manos. Todo ello dibuja un panorama muy confuso que pone en riesgo la recuperaci\u00f3n que todos necesitamos.<\/p>\n","protected":false},"author":2,"featured_media":47032,"comment_status":"open","ping_status":"open","sticky":false,"template":"","format":"standard","meta":{"_FSMCFIC_featured_image_caption":"","_FSMCFIC_featured_image_nocaption":"","_FSMCFIC_featured_image_hide":"","footnotes":""},"categories":[1772,806],"tags":[1504,3656],"class_list":["post-47030","post","type-post","status-publish","format-standard","has-post-thumbnail","hentry","category-especial-coronavirus-es","category-punts-claus-del-dia-es","tag-coronavirus-es","tag-cuarta-ola"],"yoast_head":"<!-- This site is optimized with the Yoast SEO plugin v26.8 - https:\/\/yoast.com\/product\/yoast-seo-wordpress\/ -->\n<title>La econom\u00eda no resistir\u00e1 una cuarta ola - Converses a Catalunya<\/title>\n<meta name=\"description\" content=\"Si el gobierno espa\u00f1ol estuviera menos pendiente de campa\u00f1as de imagen a corto plazo y actuara con claridad y rigor t\u00e9cnico, todos saldr\u00edamos ganando\" \/>\n<meta name=\"robots\" content=\"index, follow, max-snippet:-1, max-image-preview:large, max-video-preview:-1\" \/>\n<link rel=\"canonical\" href=\"https:\/\/conversesacatalunya.cat\/es\/la-economia-no-resistira-una-cuarta-ola\/\" \/>\n<meta property=\"og:locale\" content=\"es_ES\" \/>\n<meta property=\"og:type\" content=\"article\" \/>\n<meta property=\"og:title\" content=\"La econom\u00eda no resistir\u00e1 una cuarta ola - Converses a Catalunya\" \/>\n<meta property=\"og:description\" content=\"Si el gobierno espa\u00f1ol estuviera menos pendiente de campa\u00f1as de imagen a corto plazo y actuara con claridad y rigor t\u00e9cnico, todos saldr\u00edamos ganando\" \/>\n<meta property=\"og:url\" content=\"https:\/\/conversesacatalunya.cat\/es\/la-economia-no-resistira-una-cuarta-ola\/\" \/>\n<meta property=\"og:site_name\" content=\"Converses a Catalunya\" \/>\n<meta property=\"article:published_time\" content=\"2021-04-14T09:42:32+00:00\" \/>\n<meta property=\"article:modified_time\" content=\"2021-04-15T10:22:18+00:00\" \/>\n<meta property=\"og:image\" content=\"https:\/\/conversesacatalunya.cat\/wp-content\/uploads\/2021\/04\/cuarta-ola-covid-19-espana-1-1.png\" \/>\n\t<meta property=\"og:image:width\" content=\"1662\" \/>\n\t<meta property=\"og:image:height\" content=\"667\" \/>\n\t<meta property=\"og:image:type\" content=\"image\/png\" \/>\n<meta name=\"author\" content=\"conversesacatalunya\" \/>\n<meta name=\"twitter:card\" content=\"summary_large_image\" \/>\n<meta name=\"twitter:label1\" content=\"Escrito por\" \/>\n\t<meta name=\"twitter:data1\" content=\"conversesacatalunya\" \/>\n\t<meta name=\"twitter:label2\" content=\"Tiempo de lectura\" \/>\n\t<meta name=\"twitter:data2\" content=\"4 minutos\" \/>\n<script type=\"application\/ld+json\" class=\"yoast-schema-graph\">{\"@context\":\"https:\/\/schema.org\",\"@graph\":[{\"@type\":\"Article\",\"@id\":\"https:\/\/conversesacatalunya.cat\/es\/la-economia-no-resistira-una-cuarta-ola\/#article\",\"isPartOf\":{\"@id\":\"https:\/\/conversesacatalunya.cat\/es\/la-economia-no-resistira-una-cuarta-ola\/\"},\"author\":{\"name\":\"conversesacatalunya\",\"@id\":\"https:\/\/conversesacatalunya.cat\/#\/schema\/person\/7e24d1e54a2785373ddcb275eae5ed99\"},\"headline\":\"La econom\u00eda no resistir\u00e1 una cuarta ola\",\"datePublished\":\"2021-04-14T09:42:32+00:00\",\"dateModified\":\"2021-04-15T10:22:18+00:00\",\"mainEntityOfPage\":{\"@id\":\"https:\/\/conversesacatalunya.cat\/es\/la-economia-no-resistira-una-cuarta-ola\/\"},\"wordCount\":915,\"commentCount\":0,\"image\":{\"@id\":\"https:\/\/conversesacatalunya.cat\/es\/la-economia-no-resistira-una-cuarta-ola\/#primaryimage\"},\"thumbnailUrl\":\"https:\/\/conversesacatalunya.cat\/wp-content\/uploads\/2021\/04\/cuarta-ola-covid-19-espana-1-1.png\",\"keywords\":[\"coronavirus\",\"cuarta ola\"],\"articleSection\":[\"Especial Coronavirus (ES)\",\"Punts clau del dia (ES)\"],\"inLanguage\":\"es\",\"potentialAction\":[{\"@type\":\"CommentAction\",\"name\":\"Comment\",\"target\":[\"https:\/\/conversesacatalunya.cat\/es\/la-economia-no-resistira-una-cuarta-ola\/#respond\"]}]},{\"@type\":\"WebPage\",\"@id\":\"https:\/\/conversesacatalunya.cat\/es\/la-economia-no-resistira-una-cuarta-ola\/\",\"url\":\"https:\/\/conversesacatalunya.cat\/es\/la-economia-no-resistira-una-cuarta-ola\/\",\"name\":\"La econom\u00eda no resistir\u00e1 una cuarta ola - Converses a Catalunya\",\"isPartOf\":{\"@id\":\"https:\/\/conversesacatalunya.cat\/#website\"},\"primaryImageOfPage\":{\"@id\":\"https:\/\/conversesacatalunya.cat\/es\/la-economia-no-resistira-una-cuarta-ola\/#primaryimage\"},\"image\":{\"@id\":\"https:\/\/conversesacatalunya.cat\/es\/la-economia-no-resistira-una-cuarta-ola\/#primaryimage\"},\"thumbnailUrl\":\"https:\/\/conversesacatalunya.cat\/wp-content\/uploads\/2021\/04\/cuarta-ola-covid-19-espana-1-1.png\",\"datePublished\":\"2021-04-14T09:42:32+00:00\",\"dateModified\":\"2021-04-15T10:22:18+00:00\",\"author\":{\"@id\":\"https:\/\/conversesacatalunya.cat\/#\/schema\/person\/7e24d1e54a2785373ddcb275eae5ed99\"},\"description\":\"Si el gobierno espa\u00f1ol estuviera menos pendiente de campa\u00f1as de imagen a corto plazo y actuara con claridad y rigor t\u00e9cnico, todos saldr\u00edamos ganando\",\"breadcrumb\":{\"@id\":\"https:\/\/conversesacatalunya.cat\/es\/la-economia-no-resistira-una-cuarta-ola\/#breadcrumb\"},\"inLanguage\":\"es\",\"potentialAction\":[{\"@type\":\"ReadAction\",\"target\":[\"https:\/\/conversesacatalunya.cat\/es\/la-economia-no-resistira-una-cuarta-ola\/\"]}]},{\"@type\":\"ImageObject\",\"inLanguage\":\"es\",\"@id\":\"https:\/\/conversesacatalunya.cat\/es\/la-economia-no-resistira-una-cuarta-ola\/#primaryimage\",\"url\":\"https:\/\/conversesacatalunya.cat\/wp-content\/uploads\/2021\/04\/cuarta-ola-covid-19-espana-1-1.png\",\"contentUrl\":\"https:\/\/conversesacatalunya.cat\/wp-content\/uploads\/2021\/04\/cuarta-ola-covid-19-espana-1-1.png\",\"width\":1662,\"height\":667},{\"@type\":\"BreadcrumbList\",\"@id\":\"https:\/\/conversesacatalunya.cat\/es\/la-economia-no-resistira-una-cuarta-ola\/#breadcrumb\",\"itemListElement\":[{\"@type\":\"ListItem\",\"position\":1,\"name\":\"Inici\",\"item\":\"https:\/\/conversesacatalunya.cat\/es\/\"},{\"@type\":\"ListItem\",\"position\":2,\"name\":\"La econom\u00eda no resistir\u00e1 una cuarta ola\"}]},{\"@type\":\"WebSite\",\"@id\":\"https:\/\/conversesacatalunya.cat\/#website\",\"url\":\"https:\/\/conversesacatalunya.cat\/\",\"name\":\"Converses a Catalunya\",\"description\":\"\",\"potentialAction\":[{\"@type\":\"SearchAction\",\"target\":{\"@type\":\"EntryPoint\",\"urlTemplate\":\"https:\/\/conversesacatalunya.cat\/?s={search_term_string}\"},\"query-input\":{\"@type\":\"PropertyValueSpecification\",\"valueRequired\":true,\"valueName\":\"search_term_string\"}}],\"inLanguage\":\"es\"},{\"@type\":\"Person\",\"@id\":\"https:\/\/conversesacatalunya.cat\/#\/schema\/person\/7e24d1e54a2785373ddcb275eae5ed99\",\"name\":\"conversesacatalunya\",\"image\":{\"@type\":\"ImageObject\",\"inLanguage\":\"es\",\"@id\":\"https:\/\/conversesacatalunya.cat\/#\/schema\/person\/image\/\",\"url\":\"https:\/\/conversesacatalunya.cat\/wp-content\/litespeed\/avatar\/febdfeeec89d950f01c748045a981dd2.jpg?ver=1777314535\",\"contentUrl\":\"https:\/\/conversesacatalunya.cat\/wp-content\/litespeed\/avatar\/febdfeeec89d950f01c748045a981dd2.jpg?ver=1777314535\",\"caption\":\"conversesacatalunya\"},\"url\":\"https:\/\/conversesacatalunya.cat\/es\/author\/carme_catala\/\"}]}<\/script>\n<!-- \/ Yoast SEO plugin. -->","yoast_head_json":{"title":"La econom\u00eda no resistir\u00e1 una cuarta ola - Converses a Catalunya","description":"Si el gobierno espa\u00f1ol estuviera menos pendiente de campa\u00f1as de imagen a corto plazo y actuara con claridad y rigor t\u00e9cnico, todos saldr\u00edamos ganando","robots":{"index":"index","follow":"follow","max-snippet":"max-snippet:-1","max-image-preview":"max-image-preview:large","max-video-preview":"max-video-preview:-1"},"canonical":"https:\/\/conversesacatalunya.cat\/es\/la-economia-no-resistira-una-cuarta-ola\/","og_locale":"es_ES","og_type":"article","og_title":"La econom\u00eda no resistir\u00e1 una cuarta ola - Converses a Catalunya","og_description":"Si el gobierno espa\u00f1ol estuviera menos pendiente de campa\u00f1as de imagen a corto plazo y actuara con claridad y rigor t\u00e9cnico, todos saldr\u00edamos ganando","og_url":"https:\/\/conversesacatalunya.cat\/es\/la-economia-no-resistira-una-cuarta-ola\/","og_site_name":"Converses a Catalunya","article_published_time":"2021-04-14T09:42:32+00:00","article_modified_time":"2021-04-15T10:22:18+00:00","og_image":[{"width":1662,"height":667,"url":"https:\/\/conversesacatalunya.cat\/wp-content\/uploads\/2021\/04\/cuarta-ola-covid-19-espana-1-1.png","type":"image\/png"}],"author":"conversesacatalunya","twitter_card":"summary_large_image","twitter_misc":{"Escrito por":"conversesacatalunya","Tiempo de lectura":"4 minutos"},"schema":{"@context":"https:\/\/schema.org","@graph":[{"@type":"Article","@id":"https:\/\/conversesacatalunya.cat\/es\/la-economia-no-resistira-una-cuarta-ola\/#article","isPartOf":{"@id":"https:\/\/conversesacatalunya.cat\/es\/la-economia-no-resistira-una-cuarta-ola\/"},"author":{"name":"conversesacatalunya","@id":"https:\/\/conversesacatalunya.cat\/#\/schema\/person\/7e24d1e54a2785373ddcb275eae5ed99"},"headline":"La econom\u00eda no resistir\u00e1 una cuarta ola","datePublished":"2021-04-14T09:42:32+00:00","dateModified":"2021-04-15T10:22:18+00:00","mainEntityOfPage":{"@id":"https:\/\/conversesacatalunya.cat\/es\/la-economia-no-resistira-una-cuarta-ola\/"},"wordCount":915,"commentCount":0,"image":{"@id":"https:\/\/conversesacatalunya.cat\/es\/la-economia-no-resistira-una-cuarta-ola\/#primaryimage"},"thumbnailUrl":"https:\/\/conversesacatalunya.cat\/wp-content\/uploads\/2021\/04\/cuarta-ola-covid-19-espana-1-1.png","keywords":["coronavirus","cuarta ola"],"articleSection":["Especial Coronavirus (ES)","Punts clau del dia (ES)"],"inLanguage":"es","potentialAction":[{"@type":"CommentAction","name":"Comment","target":["https:\/\/conversesacatalunya.cat\/es\/la-economia-no-resistira-una-cuarta-ola\/#respond"]}]},{"@type":"WebPage","@id":"https:\/\/conversesacatalunya.cat\/es\/la-economia-no-resistira-una-cuarta-ola\/","url":"https:\/\/conversesacatalunya.cat\/es\/la-economia-no-resistira-una-cuarta-ola\/","name":"La econom\u00eda no resistir\u00e1 una cuarta ola - Converses a Catalunya","isPartOf":{"@id":"https:\/\/conversesacatalunya.cat\/#website"},"primaryImageOfPage":{"@id":"https:\/\/conversesacatalunya.cat\/es\/la-economia-no-resistira-una-cuarta-ola\/#primaryimage"},"image":{"@id":"https:\/\/conversesacatalunya.cat\/es\/la-economia-no-resistira-una-cuarta-ola\/#primaryimage"},"thumbnailUrl":"https:\/\/conversesacatalunya.cat\/wp-content\/uploads\/2021\/04\/cuarta-ola-covid-19-espana-1-1.png","datePublished":"2021-04-14T09:42:32+00:00","dateModified":"2021-04-15T10:22:18+00:00","author":{"@id":"https:\/\/conversesacatalunya.cat\/#\/schema\/person\/7e24d1e54a2785373ddcb275eae5ed99"},"description":"Si el gobierno espa\u00f1ol estuviera menos pendiente de campa\u00f1as de imagen a corto plazo y actuara con claridad y rigor t\u00e9cnico, todos saldr\u00edamos ganando","breadcrumb":{"@id":"https:\/\/conversesacatalunya.cat\/es\/la-economia-no-resistira-una-cuarta-ola\/#breadcrumb"},"inLanguage":"es","potentialAction":[{"@type":"ReadAction","target":["https:\/\/conversesacatalunya.cat\/es\/la-economia-no-resistira-una-cuarta-ola\/"]}]},{"@type":"ImageObject","inLanguage":"es","@id":"https:\/\/conversesacatalunya.cat\/es\/la-economia-no-resistira-una-cuarta-ola\/#primaryimage","url":"https:\/\/conversesacatalunya.cat\/wp-content\/uploads\/2021\/04\/cuarta-ola-covid-19-espana-1-1.png","contentUrl":"https:\/\/conversesacatalunya.cat\/wp-content\/uploads\/2021\/04\/cuarta-ola-covid-19-espana-1-1.png","width":1662,"height":667},{"@type":"BreadcrumbList","@id":"https:\/\/conversesacatalunya.cat\/es\/la-economia-no-resistira-una-cuarta-ola\/#breadcrumb","itemListElement":[{"@type":"ListItem","position":1,"name":"Inici","item":"https:\/\/conversesacatalunya.cat\/es\/"},{"@type":"ListItem","position":2,"name":"La econom\u00eda no resistir\u00e1 una cuarta ola"}]},{"@type":"WebSite","@id":"https:\/\/conversesacatalunya.cat\/#website","url":"https:\/\/conversesacatalunya.cat\/","name":"Converses a Catalunya","description":"","potentialAction":[{"@type":"SearchAction","target":{"@type":"EntryPoint","urlTemplate":"https:\/\/conversesacatalunya.cat\/?s={search_term_string}"},"query-input":{"@type":"PropertyValueSpecification","valueRequired":true,"valueName":"search_term_string"}}],"inLanguage":"es"},{"@type":"Person","@id":"https:\/\/conversesacatalunya.cat\/#\/schema\/person\/7e24d1e54a2785373ddcb275eae5ed99","name":"conversesacatalunya","image":{"@type":"ImageObject","inLanguage":"es","@id":"https:\/\/conversesacatalunya.cat\/#\/schema\/person\/image\/","url":"https:\/\/conversesacatalunya.cat\/wp-content\/litespeed\/avatar\/febdfeeec89d950f01c748045a981dd2.jpg?ver=1777314535","contentUrl":"https:\/\/conversesacatalunya.cat\/wp-content\/litespeed\/avatar\/febdfeeec89d950f01c748045a981dd2.jpg?ver=1777314535","caption":"conversesacatalunya"},"url":"https:\/\/conversesacatalunya.cat\/es\/author\/carme_catala\/"}]}},"wps_subtitle":"Si el gobierno espa\u00f1ol estuviera menos pendiente de campa\u00f1as de imagen a corto plazo y actuara con claridad y rigor t\u00e9cnico, todos, empezando por ellos mismos, saldr\u00edamos ganando","_links":{"self":[{"href":"https:\/\/conversesacatalunya.cat\/es\/wp-json\/wp\/v2\/posts\/47030","targetHints":{"allow":["GET"]}}],"collection":[{"href":"https:\/\/conversesacatalunya.cat\/es\/wp-json\/wp\/v2\/posts"}],"about":[{"href":"https:\/\/conversesacatalunya.cat\/es\/wp-json\/wp\/v2\/types\/post"}],"author":[{"embeddable":true,"href":"https:\/\/conversesacatalunya.cat\/es\/wp-json\/wp\/v2\/users\/2"}],"replies":[{"embeddable":true,"href":"https:\/\/conversesacatalunya.cat\/es\/wp-json\/wp\/v2\/comments?post=47030"}],"version-history":[{"count":3,"href":"https:\/\/conversesacatalunya.cat\/es\/wp-json\/wp\/v2\/posts\/47030\/revisions"}],"predecessor-version":[{"id":47036,"href":"https:\/\/conversesacatalunya.cat\/es\/wp-json\/wp\/v2\/posts\/47030\/revisions\/47036"}],"wp:featuredmedia":[{"embeddable":true,"href":"https:\/\/conversesacatalunya.cat\/es\/wp-json\/wp\/v2\/media\/47032"}],"wp:attachment":[{"href":"https:\/\/conversesacatalunya.cat\/es\/wp-json\/wp\/v2\/media?parent=47030"}],"wp:term":[{"taxonomy":"category","embeddable":true,"href":"https:\/\/conversesacatalunya.cat\/es\/wp-json\/wp\/v2\/categories?post=47030"},{"taxonomy":"post_tag","embeddable":true,"href":"https:\/\/conversesacatalunya.cat\/es\/wp-json\/wp\/v2\/tags?post=47030"}],"curies":[{"name":"wp","href":"https:\/\/api.w.org\/{rel}","templated":true}]}}