{"id":47017,"date":"2021-04-14T11:12:31","date_gmt":"2021-04-14T09:12:31","guid":{"rendered":"https:\/\/conversesacatalunya.cat\/el-deute-public-continua-amb-maxims-historics\/"},"modified":"2021-04-15T10:55:21","modified_gmt":"2021-04-15T08:55:21","slug":"la-deuda-publica-continua-con-maximos-historicos","status":"publish","type":"post","link":"https:\/\/conversesacatalunya.cat\/es\/la-deuda-publica-continua-con-maximos-historicos\/","title":{"rendered":"La deuda p\u00fablica continua con m\u00e1ximos hist\u00f3ricos"},"content":{"rendered":"<p>Los datos del Instituto Nacional de Estad\u00edstica (INE) est\u00e1n registrando en los \u00faltimos meses unos niveles de deuda p\u00fablica que<strong> superan ya el 117% del PIB<\/strong>. La ratio de la deuda p\u00fablica con el PIB es actualmente la m\u00e1s elevada desde el a\u00f1o 1902. El saldo de la deuda de las Administraciones P\u00fablicas seg\u00fan el Protocolo de D\u00e9ficit Excesivo (PDE) ha alcanzado los 1,314 billones de euros en enero de 2021, lo que supone un crecimiento del 9,9% respecto al a\u00f1o pasado. En el arranque del a\u00f1o asciende en 3.037 millones.<\/p>\n<p>El mayor incremento de deuda p\u00fablica se ha producido por parte de la administraci\u00f3n central del Estado, como consecuencia de de la puesta en marcha de ayudas directas a trabajadores y empresas, como los ERTE. Las previsiones del Banco Central Europeo muestran que las cicatrices en la econom\u00eda espa\u00f1ola llevar\u00e1n a que el endeudamiento p\u00fablico siga creciendo m\u00e1s que en el resto de la zona euro.<\/p>\n<p>En conjunto, la deuda de empresas, hogares, ONG y entidades religiosas cerr\u00f3 el ejercicio de la pandemia en 1,653 billones de euros, un 2,5% m\u00e1s que a finales de 2019. En t\u00e9rminos relativos sobre PIB, las cifras son mucho m\u00e1s impactantes: el endeudamiento total de empresas y familias <strong>escal\u00f3 hasta el 147,4% del PIB frente al 129,5%<\/strong>. La raz\u00f3n de este descalabro est\u00e1, m\u00e1s que en el crecimiento de los pasivos en s\u00ed, en el desplome del denominador (el tama\u00f1o total de la econom\u00eda espa\u00f1ola), que en 2020 se hundi\u00f3 un 10,8%.<\/p>\n<p>Las familias espa\u00f1olas atesoraban a cierre del a\u00f1o pasado 2,35 billones de euros en activos financieros (efectivo, acciones y dep\u00f3sitos), solo un 1,7% menos. La mayor parte de este descenso se concentr\u00f3 en <a href=\"https:\/\/conversesacatalunya.cat\/es\/la-deuda-espanola-alcanza-maximos-historicos\/\" target=\"_blank\" rel=\"noopener\">los tres primeros meses de 2020<\/a>, cuando el comienzo de las restricciones a la movilidad provoc\u00f3 un aterrizaje abrupto en las Bolsas. Aunque la exposici\u00f3n de los hogares espa\u00f1oles es inferior que en otros pa\u00edses del entorno europeo, son muchos los instrumentos financieros conectados indirectamente con la renta variable (fondos de inversi\u00f3n y de pensiones, fundamentalmente) que se han visto indirectamente afectados.<\/p>\n<p>El 42% de los activos financieros de las familias espa\u00f1olas estaba en efectivo y dep\u00f3sitos, frente al 23% en acciones, el 17% de los seguros y fondos de pensiones (17%) y fondos de inversi\u00f3n (15%). El brutal aumento del ahorro de las familias en 2020, ante la imposibilidad de gastar lo ingresado y el mayor acopio provisional por el empeoramiento del mercado de trabajo, se tradujo sobre todo en un incremento del efectivo y los dep\u00f3sitos, una partida que aument\u00f3 en 3,8 puntos su peso sobre el total.<\/p>\n<p>Esto significa que, como viene siendo una constante en todas la crisis, la mayor\u00eda de las familias espa\u00f1olas han optado por no invertir ese mayor dinero ahorrado. El peso relativo de las acciones sobre el total de activos en manos de las familias cay\u00f3 en 5,2 puntos porcentuales, en gran medida por la ca\u00edda en las cotizaciones.<\/p>\n<span class='bctt-click-to-tweet'><span class='bctt-ctt-text'><a href='https:\/\/twitter.com\/intent\/tweet?url=https%3A%2F%2Fconversesacatalunya.cat%2Fes%2Fla-deuda-publica-continua-con-maximos-historicos%2F&#038;text=Los%20datos%20del%20Instituto%20Nacional%20de%20Estad%C3%ADstica%20%28INE%29%20est%C3%A1n%20registrando%20en%20los%20%C3%BAltimos%20meses%20unos%20niveles%20de%20deuda%20p%C3%BAblica%20que%20superan%20ya%20el%20117%25%20del%20PIB.%20La%20ratio%20de%20la%20deuda%20p%C3%BAblica%20con%20el%20PIB%20es%20actualmente%20la%20m%C3%A1s%20elevada%20desde%20el%E2%80%A6&#038;via=conversesacat&#038;related=conversesacat' target='_blank'rel=\"noopener noreferrer\">Los datos del Instituto Nacional de Estad\u00edstica (INE) est\u00e1n registrando en los \u00faltimos meses unos niveles de deuda p\u00fablica que superan ya el 117% del PIB. La ratio de la deuda p\u00fablica con el PIB es actualmente la m\u00e1s elevada desde el\u2026 <\/a><\/span><a href='https:\/\/twitter.com\/intent\/tweet?url=https%3A%2F%2Fconversesacatalunya.cat%2Fes%2Fla-deuda-publica-continua-con-maximos-historicos%2F&#038;text=Los%20datos%20del%20Instituto%20Nacional%20de%20Estad%C3%ADstica%20%28INE%29%20est%C3%A1n%20registrando%20en%20los%20%C3%BAltimos%20meses%20unos%20niveles%20de%20deuda%20p%C3%BAblica%20que%20superan%20ya%20el%20117%25%20del%20PIB.%20La%20ratio%20de%20la%20deuda%20p%C3%BAblica%20con%20el%20PIB%20es%20actualmente%20la%20m%C3%A1s%20elevada%20desde%20el%E2%80%A6&#038;via=conversesacat&#038;related=conversesacat' target='_blank' class='bctt-ctt-btn'rel=\"noopener noreferrer\">Compartir en X<\/a><\/span>\n<div id=\"polls-99\" class=\"wp-polls\">\n\t<form id=\"polls_form_99\" class=\"wp-polls-form\" action=\"\/index.php\" method=\"post\">\n\t\t<p style=\"display: none;\"><input type=\"hidden\" id=\"poll_99_nonce\" name=\"wp-polls-nonce\" value=\"a0aefc27ef\" \/><\/p>\n\t\t<p style=\"display: none;\"><input type=\"hidden\" name=\"poll_id\" value=\"99\" \/><\/p>\n\t\t<p style=\"text-align: center\"><strong>Ada Colau ha abandonat el seu compte de Twitter perqu\u00e8 rebia un exc\u00e9s de cr\u00edtiques?<\/strong><\/p><div id=\"polls-99-ans\" class=\"wp-polls-ans\"><ul class=\"wp-polls-ul\">\n\t\t<li><input type=\"radio\" id=\"poll-answer-232\" name=\"poll_99\" value=\"232\" \/> <label for=\"poll-answer-232\">Si<\/label><\/li>\n\t\t<li><input type=\"radio\" id=\"poll-answer-233\" name=\"poll_99\" value=\"233\" \/> <label for=\"poll-answer-233\">No<\/label><\/li>\n\t\t<\/ul><p style=\"text-align: center\"><input type=\"button\" name=\"vote\" value=\"   Vota   \" class=\"Buttons\" onclick=\"poll_vote(99);\" \/><\/p><p style=\"text-align: center\"><a href=\"#ViewPollResults\" onclick=\"poll_result(99); return false;\" title=\"View Results Of This Poll\">Mira els resultats<\/a><\/p><\/div>\n\t<\/form>\n<\/div>\n<div id=\"polls-99-loading\" class=\"wp-polls-loading\"><img decoding=\"async\" data-src=\"https:\/\/conversesacatalunya.cat\/wp-content\/plugins\/wp-polls\/images\/loading.gif\" width=\"16\" height=\"16\" alt=\"Cargando ...\" title=\"Cargando ...\" class=\"wp-polls-image lazyload\" src=\"data:image\/svg+xml;base64,PHN2ZyB3aWR0aD0iMSIgaGVpZ2h0PSIxIiB4bWxucz0iaHR0cDovL3d3dy53My5vcmcvMjAwMC9zdmciPjwvc3ZnPg==\" style=\"--smush-placeholder-width: 16px; --smush-placeholder-aspect-ratio: 16\/16;\" \/>&nbsp;Cargando ...<\/div>\n\n","protected":false},"excerpt":{"rendered":"<p>Los datos del Instituto Nacional de Estad\u00edstica (INE) est\u00e1n registrando en los \u00faltimos meses unos niveles de deuda p\u00fablica que superan ya el 117% del PIB. La ratio de la deuda p\u00fablica con el PIB es actualmente la m\u00e1s elevada desde el a\u00f1o 1902. El saldo de la deuda de las Administraciones P\u00fablicas seg\u00fan el Protocolo de D\u00e9ficit Excesivo (PDE) ha alcanzado los 1,314 billones de euros en enero de 2021, lo que supone un crecimiento del 9,9% respecto al a\u00f1o pasado. En el arranque del a\u00f1o asciende en 3.037 millones. El mayor incremento de deuda p\u00fablica se ha producido por parte de la administraci\u00f3n central del Estado, como consecuencia de de la puesta en marcha de ayudas directas a trabajadores y empresas, como los ERTE. Las previsiones del Banco Central Europeo muestran que las cicatrices en la econom\u00eda espa\u00f1ola llevar\u00e1n a que el endeudamiento p\u00fablico siga creciendo m\u00e1s que en el resto de la zona euro. En conjunto, la deuda de empresas, hogares, ONG y entidades religiosas cerr\u00f3 el ejercicio de la pandemia en 1,653 billones de euros, un 2,5% m\u00e1s que a finales de 2019. En t\u00e9rminos relativos sobre PIB, las cifras son mucho m\u00e1s impactantes: el endeudamiento total de empresas y familias escal\u00f3 hasta el 147,4% del PIB frente al 129,5%. La raz\u00f3n de este descalabro est\u00e1, m\u00e1s que en el crecimiento de los pasivos en s\u00ed, en el desplome del denominador (el tama\u00f1o total de la econom\u00eda espa\u00f1ola), que en 2020 se hundi\u00f3 un 10,8%. Las familias espa\u00f1olas atesoraban a cierre del a\u00f1o pasado 2,35 billones de euros en activos financieros (efectivo, acciones y dep\u00f3sitos), solo un 1,7% menos. La mayor parte de este descenso se concentr\u00f3 en los tres primeros meses de 2020, cuando el comienzo de las restricciones a la movilidad provoc\u00f3 un aterrizaje abrupto en las Bolsas. Aunque la exposici\u00f3n de los hogares espa\u00f1oles es inferior que en otros pa\u00edses del entorno europeo, son muchos los instrumentos financieros conectados indirectamente con la renta variable (fondos de inversi\u00f3n y de pensiones, fundamentalmente) que se han visto indirectamente afectados. El 42% de los activos financieros de las familias espa\u00f1olas estaba en efectivo y dep\u00f3sitos, frente al 23% en acciones, el 17% de los seguros y fondos de pensiones (17%) y fondos de inversi\u00f3n (15%). El brutal aumento del ahorro de las familias en 2020, ante la imposibilidad de gastar lo ingresado y el mayor acopio provisional por el empeoramiento del mercado de trabajo, se tradujo sobre todo en un incremento del efectivo y los dep\u00f3sitos, una partida que aument\u00f3 en 3,8 puntos su peso sobre el total. Esto significa que, como viene siendo una constante en todas la crisis, la mayor\u00eda de las familias espa\u00f1olas han optado por no invertir ese mayor dinero ahorrado. El peso relativo de las acciones sobre el total de activos en manos de las familias cay\u00f3 en 5,2 puntos porcentuales, en gran medida por la ca\u00edda en las cotizaciones.<\/p>\n","protected":false},"author":20,"featured_media":46966,"comment_status":"open","ping_status":"open","sticky":false,"template":"","format":"standard","meta":{"_FSMCFIC_featured_image_caption":"","_FSMCFIC_featured_image_nocaption":"","_FSMCFIC_featured_image_hide":"","footnotes":""},"categories":[806],"tags":[3006,2391],"class_list":["post-47017","post","type-post","status-publish","format-standard","has-post-thumbnail","hentry","category-punts-claus-del-dia-es","tag-crisis-coronavirus","tag-deuda-publica"],"yoast_head":"<!-- This site is optimized with the Yoast SEO plugin v26.8 - https:\/\/yoast.com\/product\/yoast-seo-wordpress\/ -->\n<title>La deuda p\u00fablica continua con m\u00e1ximos hist\u00f3ricos - Converses a Catalunya<\/title>\n<meta name=\"description\" content=\"Los datos del Instituto Nacional de Estad\u00edstica (INE) est\u00e1n registrando unos niveles de deuda p\u00fablica que superan ya el 117% del PIB.\" \/>\n<meta name=\"robots\" content=\"index, follow, max-snippet:-1, max-image-preview:large, max-video-preview:-1\" \/>\n<link rel=\"canonical\" href=\"https:\/\/conversesacatalunya.cat\/es\/la-deuda-publica-continua-con-maximos-historicos\/\" \/>\n<meta property=\"og:locale\" content=\"es_ES\" \/>\n<meta property=\"og:type\" content=\"article\" \/>\n<meta property=\"og:title\" content=\"La deuda p\u00fablica continua con m\u00e1ximos hist\u00f3ricos - Converses a Catalunya\" \/>\n<meta property=\"og:description\" content=\"Los datos del Instituto Nacional de Estad\u00edstica (INE) est\u00e1n registrando unos niveles de deuda p\u00fablica que superan ya el 117% del PIB.\" \/>\n<meta property=\"og:url\" content=\"https:\/\/conversesacatalunya.cat\/es\/la-deuda-publica-continua-con-maximos-historicos\/\" \/>\n<meta property=\"og:site_name\" content=\"Converses a Catalunya\" \/>\n<meta property=\"article:published_time\" content=\"2021-04-14T09:12:31+00:00\" \/>\n<meta property=\"article:modified_time\" content=\"2021-04-15T08:55:21+00:00\" \/>\n<meta property=\"og:image\" content=\"https:\/\/conversesacatalunya.cat\/wp-content\/uploads\/2021\/04\/Capture-7.png\" \/>\n\t<meta property=\"og:image:width\" content=\"1088\" \/>\n\t<meta property=\"og:image:height\" content=\"710\" \/>\n\t<meta property=\"og:image:type\" content=\"image\/png\" \/>\n<meta name=\"author\" content=\"conversesacatalunya\" \/>\n<meta name=\"twitter:card\" content=\"summary_large_image\" \/>\n<meta name=\"twitter:label1\" content=\"Escrito por\" \/>\n\t<meta name=\"twitter:data1\" content=\"conversesacatalunya\" \/>\n\t<meta name=\"twitter:label2\" content=\"Tiempo de lectura\" \/>\n\t<meta name=\"twitter:data2\" content=\"3 minutos\" \/>\n<script type=\"application\/ld+json\" class=\"yoast-schema-graph\">{\"@context\":\"https:\/\/schema.org\",\"@graph\":[{\"@type\":\"Article\",\"@id\":\"https:\/\/conversesacatalunya.cat\/es\/la-deuda-publica-continua-con-maximos-historicos\/#article\",\"isPartOf\":{\"@id\":\"https:\/\/conversesacatalunya.cat\/es\/la-deuda-publica-continua-con-maximos-historicos\/\"},\"author\":{\"name\":\"conversesacatalunya\",\"@id\":\"https:\/\/conversesacatalunya.cat\/#\/schema\/person\/a7a9496a363cd9847daf7cd659d92e64\"},\"headline\":\"La deuda p\u00fablica continua con m\u00e1ximos hist\u00f3ricos\",\"datePublished\":\"2021-04-14T09:12:31+00:00\",\"dateModified\":\"2021-04-15T08:55:21+00:00\",\"mainEntityOfPage\":{\"@id\":\"https:\/\/conversesacatalunya.cat\/es\/la-deuda-publica-continua-con-maximos-historicos\/\"},\"wordCount\":569,\"commentCount\":0,\"image\":{\"@id\":\"https:\/\/conversesacatalunya.cat\/es\/la-deuda-publica-continua-con-maximos-historicos\/#primaryimage\"},\"thumbnailUrl\":\"https:\/\/conversesacatalunya.cat\/wp-content\/uploads\/2021\/04\/Capture-7.png\",\"keywords\":[\"crisis coronavirus\",\"deuda p\u00fablica\"],\"articleSection\":[\"Punts clau del dia (ES)\"],\"inLanguage\":\"es\",\"potentialAction\":[{\"@type\":\"CommentAction\",\"name\":\"Comment\",\"target\":[\"https:\/\/conversesacatalunya.cat\/es\/la-deuda-publica-continua-con-maximos-historicos\/#respond\"]}]},{\"@type\":\"WebPage\",\"@id\":\"https:\/\/conversesacatalunya.cat\/es\/la-deuda-publica-continua-con-maximos-historicos\/\",\"url\":\"https:\/\/conversesacatalunya.cat\/es\/la-deuda-publica-continua-con-maximos-historicos\/\",\"name\":\"La deuda p\u00fablica continua con m\u00e1ximos hist\u00f3ricos - Converses a Catalunya\",\"isPartOf\":{\"@id\":\"https:\/\/conversesacatalunya.cat\/#website\"},\"primaryImageOfPage\":{\"@id\":\"https:\/\/conversesacatalunya.cat\/es\/la-deuda-publica-continua-con-maximos-historicos\/#primaryimage\"},\"image\":{\"@id\":\"https:\/\/conversesacatalunya.cat\/es\/la-deuda-publica-continua-con-maximos-historicos\/#primaryimage\"},\"thumbnailUrl\":\"https:\/\/conversesacatalunya.cat\/wp-content\/uploads\/2021\/04\/Capture-7.png\",\"datePublished\":\"2021-04-14T09:12:31+00:00\",\"dateModified\":\"2021-04-15T08:55:21+00:00\",\"author\":{\"@id\":\"https:\/\/conversesacatalunya.cat\/#\/schema\/person\/a7a9496a363cd9847daf7cd659d92e64\"},\"description\":\"Los datos del Instituto Nacional de Estad\u00edstica (INE) est\u00e1n registrando unos niveles de deuda p\u00fablica que superan ya el 117% del PIB.\",\"breadcrumb\":{\"@id\":\"https:\/\/conversesacatalunya.cat\/es\/la-deuda-publica-continua-con-maximos-historicos\/#breadcrumb\"},\"inLanguage\":\"es\",\"potentialAction\":[{\"@type\":\"ReadAction\",\"target\":[\"https:\/\/conversesacatalunya.cat\/es\/la-deuda-publica-continua-con-maximos-historicos\/\"]}]},{\"@type\":\"ImageObject\",\"inLanguage\":\"es\",\"@id\":\"https:\/\/conversesacatalunya.cat\/es\/la-deuda-publica-continua-con-maximos-historicos\/#primaryimage\",\"url\":\"https:\/\/conversesacatalunya.cat\/wp-content\/uploads\/2021\/04\/Capture-7.png\",\"contentUrl\":\"https:\/\/conversesacatalunya.cat\/wp-content\/uploads\/2021\/04\/Capture-7.png\",\"width\":1088,\"height\":710,\"caption\":\"deute p\u00fablic\"},{\"@type\":\"BreadcrumbList\",\"@id\":\"https:\/\/conversesacatalunya.cat\/es\/la-deuda-publica-continua-con-maximos-historicos\/#breadcrumb\",\"itemListElement\":[{\"@type\":\"ListItem\",\"position\":1,\"name\":\"Inici\",\"item\":\"https:\/\/conversesacatalunya.cat\/es\/\"},{\"@type\":\"ListItem\",\"position\":2,\"name\":\"La deuda p\u00fablica continua con m\u00e1ximos hist\u00f3ricos\"}]},{\"@type\":\"WebSite\",\"@id\":\"https:\/\/conversesacatalunya.cat\/#website\",\"url\":\"https:\/\/conversesacatalunya.cat\/\",\"name\":\"Converses a Catalunya\",\"description\":\"\",\"potentialAction\":[{\"@type\":\"SearchAction\",\"target\":{\"@type\":\"EntryPoint\",\"urlTemplate\":\"https:\/\/conversesacatalunya.cat\/?s={search_term_string}\"},\"query-input\":{\"@type\":\"PropertyValueSpecification\",\"valueRequired\":true,\"valueName\":\"search_term_string\"}}],\"inLanguage\":\"es\"},{\"@type\":\"Person\",\"@id\":\"https:\/\/conversesacatalunya.cat\/#\/schema\/person\/a7a9496a363cd9847daf7cd659d92e64\",\"name\":\"conversesacatalunya\",\"image\":{\"@type\":\"ImageObject\",\"inLanguage\":\"es\",\"@id\":\"https:\/\/conversesacatalunya.cat\/#\/schema\/person\/image\/\",\"url\":\"https:\/\/conversesacatalunya.cat\/wp-content\/litespeed\/avatar\/ff91582b44ff9c880dc9c5ac2f5c7e89.jpg?ver=1777372947\",\"contentUrl\":\"https:\/\/conversesacatalunya.cat\/wp-content\/litespeed\/avatar\/ff91582b44ff9c880dc9c5ac2f5c7e89.jpg?ver=1777372947\",\"caption\":\"conversesacatalunya\"},\"url\":\"https:\/\/conversesacatalunya.cat\/es\/author\/francisco_garcia\/\"}]}<\/script>\n<!-- \/ Yoast SEO plugin. -->","yoast_head_json":{"title":"La deuda p\u00fablica continua con m\u00e1ximos hist\u00f3ricos - Converses a Catalunya","description":"Los datos del Instituto Nacional de Estad\u00edstica (INE) est\u00e1n registrando unos niveles de deuda p\u00fablica que superan ya el 117% del PIB.","robots":{"index":"index","follow":"follow","max-snippet":"max-snippet:-1","max-image-preview":"max-image-preview:large","max-video-preview":"max-video-preview:-1"},"canonical":"https:\/\/conversesacatalunya.cat\/es\/la-deuda-publica-continua-con-maximos-historicos\/","og_locale":"es_ES","og_type":"article","og_title":"La deuda p\u00fablica continua con m\u00e1ximos hist\u00f3ricos - Converses a Catalunya","og_description":"Los datos del Instituto Nacional de Estad\u00edstica (INE) est\u00e1n registrando unos niveles de deuda p\u00fablica que superan ya el 117% del PIB.","og_url":"https:\/\/conversesacatalunya.cat\/es\/la-deuda-publica-continua-con-maximos-historicos\/","og_site_name":"Converses a Catalunya","article_published_time":"2021-04-14T09:12:31+00:00","article_modified_time":"2021-04-15T08:55:21+00:00","og_image":[{"width":1088,"height":710,"url":"https:\/\/conversesacatalunya.cat\/wp-content\/uploads\/2021\/04\/Capture-7.png","type":"image\/png"}],"author":"conversesacatalunya","twitter_card":"summary_large_image","twitter_misc":{"Escrito por":"conversesacatalunya","Tiempo de lectura":"3 minutos"},"schema":{"@context":"https:\/\/schema.org","@graph":[{"@type":"Article","@id":"https:\/\/conversesacatalunya.cat\/es\/la-deuda-publica-continua-con-maximos-historicos\/#article","isPartOf":{"@id":"https:\/\/conversesacatalunya.cat\/es\/la-deuda-publica-continua-con-maximos-historicos\/"},"author":{"name":"conversesacatalunya","@id":"https:\/\/conversesacatalunya.cat\/#\/schema\/person\/a7a9496a363cd9847daf7cd659d92e64"},"headline":"La deuda p\u00fablica continua con m\u00e1ximos hist\u00f3ricos","datePublished":"2021-04-14T09:12:31+00:00","dateModified":"2021-04-15T08:55:21+00:00","mainEntityOfPage":{"@id":"https:\/\/conversesacatalunya.cat\/es\/la-deuda-publica-continua-con-maximos-historicos\/"},"wordCount":569,"commentCount":0,"image":{"@id":"https:\/\/conversesacatalunya.cat\/es\/la-deuda-publica-continua-con-maximos-historicos\/#primaryimage"},"thumbnailUrl":"https:\/\/conversesacatalunya.cat\/wp-content\/uploads\/2021\/04\/Capture-7.png","keywords":["crisis coronavirus","deuda p\u00fablica"],"articleSection":["Punts clau del dia (ES)"],"inLanguage":"es","potentialAction":[{"@type":"CommentAction","name":"Comment","target":["https:\/\/conversesacatalunya.cat\/es\/la-deuda-publica-continua-con-maximos-historicos\/#respond"]}]},{"@type":"WebPage","@id":"https:\/\/conversesacatalunya.cat\/es\/la-deuda-publica-continua-con-maximos-historicos\/","url":"https:\/\/conversesacatalunya.cat\/es\/la-deuda-publica-continua-con-maximos-historicos\/","name":"La deuda p\u00fablica continua con m\u00e1ximos hist\u00f3ricos - Converses a Catalunya","isPartOf":{"@id":"https:\/\/conversesacatalunya.cat\/#website"},"primaryImageOfPage":{"@id":"https:\/\/conversesacatalunya.cat\/es\/la-deuda-publica-continua-con-maximos-historicos\/#primaryimage"},"image":{"@id":"https:\/\/conversesacatalunya.cat\/es\/la-deuda-publica-continua-con-maximos-historicos\/#primaryimage"},"thumbnailUrl":"https:\/\/conversesacatalunya.cat\/wp-content\/uploads\/2021\/04\/Capture-7.png","datePublished":"2021-04-14T09:12:31+00:00","dateModified":"2021-04-15T08:55:21+00:00","author":{"@id":"https:\/\/conversesacatalunya.cat\/#\/schema\/person\/a7a9496a363cd9847daf7cd659d92e64"},"description":"Los datos del Instituto Nacional de Estad\u00edstica (INE) est\u00e1n registrando unos niveles de deuda p\u00fablica que superan ya el 117% del PIB.","breadcrumb":{"@id":"https:\/\/conversesacatalunya.cat\/es\/la-deuda-publica-continua-con-maximos-historicos\/#breadcrumb"},"inLanguage":"es","potentialAction":[{"@type":"ReadAction","target":["https:\/\/conversesacatalunya.cat\/es\/la-deuda-publica-continua-con-maximos-historicos\/"]}]},{"@type":"ImageObject","inLanguage":"es","@id":"https:\/\/conversesacatalunya.cat\/es\/la-deuda-publica-continua-con-maximos-historicos\/#primaryimage","url":"https:\/\/conversesacatalunya.cat\/wp-content\/uploads\/2021\/04\/Capture-7.png","contentUrl":"https:\/\/conversesacatalunya.cat\/wp-content\/uploads\/2021\/04\/Capture-7.png","width":1088,"height":710,"caption":"deute p\u00fablic"},{"@type":"BreadcrumbList","@id":"https:\/\/conversesacatalunya.cat\/es\/la-deuda-publica-continua-con-maximos-historicos\/#breadcrumb","itemListElement":[{"@type":"ListItem","position":1,"name":"Inici","item":"https:\/\/conversesacatalunya.cat\/es\/"},{"@type":"ListItem","position":2,"name":"La deuda p\u00fablica continua con m\u00e1ximos hist\u00f3ricos"}]},{"@type":"WebSite","@id":"https:\/\/conversesacatalunya.cat\/#website","url":"https:\/\/conversesacatalunya.cat\/","name":"Converses a Catalunya","description":"","potentialAction":[{"@type":"SearchAction","target":{"@type":"EntryPoint","urlTemplate":"https:\/\/conversesacatalunya.cat\/?s={search_term_string}"},"query-input":{"@type":"PropertyValueSpecification","valueRequired":true,"valueName":"search_term_string"}}],"inLanguage":"es"},{"@type":"Person","@id":"https:\/\/conversesacatalunya.cat\/#\/schema\/person\/a7a9496a363cd9847daf7cd659d92e64","name":"conversesacatalunya","image":{"@type":"ImageObject","inLanguage":"es","@id":"https:\/\/conversesacatalunya.cat\/#\/schema\/person\/image\/","url":"https:\/\/conversesacatalunya.cat\/wp-content\/litespeed\/avatar\/ff91582b44ff9c880dc9c5ac2f5c7e89.jpg?ver=1777372947","contentUrl":"https:\/\/conversesacatalunya.cat\/wp-content\/litespeed\/avatar\/ff91582b44ff9c880dc9c5ac2f5c7e89.jpg?ver=1777372947","caption":"conversesacatalunya"},"url":"https:\/\/conversesacatalunya.cat\/es\/author\/francisco_garcia\/"}]}},"wps_subtitle":"Los datos de la deuda p\u00fablica espa\u00f1ola marcan un escenario sin precedentes, poniendo en riesgo el futuro de la econom\u00eda a medio plazo","_links":{"self":[{"href":"https:\/\/conversesacatalunya.cat\/es\/wp-json\/wp\/v2\/posts\/47017","targetHints":{"allow":["GET"]}}],"collection":[{"href":"https:\/\/conversesacatalunya.cat\/es\/wp-json\/wp\/v2\/posts"}],"about":[{"href":"https:\/\/conversesacatalunya.cat\/es\/wp-json\/wp\/v2\/types\/post"}],"author":[{"embeddable":true,"href":"https:\/\/conversesacatalunya.cat\/es\/wp-json\/wp\/v2\/users\/20"}],"replies":[{"embeddable":true,"href":"https:\/\/conversesacatalunya.cat\/es\/wp-json\/wp\/v2\/comments?post=47017"}],"version-history":[{"count":2,"href":"https:\/\/conversesacatalunya.cat\/es\/wp-json\/wp\/v2\/posts\/47017\/revisions"}],"predecessor-version":[{"id":47019,"href":"https:\/\/conversesacatalunya.cat\/es\/wp-json\/wp\/v2\/posts\/47017\/revisions\/47019"}],"wp:featuredmedia":[{"embeddable":true,"href":"https:\/\/conversesacatalunya.cat\/es\/wp-json\/wp\/v2\/media\/46966"}],"wp:attachment":[{"href":"https:\/\/conversesacatalunya.cat\/es\/wp-json\/wp\/v2\/media?parent=47017"}],"wp:term":[{"taxonomy":"category","embeddable":true,"href":"https:\/\/conversesacatalunya.cat\/es\/wp-json\/wp\/v2\/categories?post=47017"},{"taxonomy":"post_tag","embeddable":true,"href":"https:\/\/conversesacatalunya.cat\/es\/wp-json\/wp\/v2\/tags?post=47017"}],"curies":[{"name":"wp","href":"https:\/\/api.w.org\/{rel}","templated":true}]}}