{"id":47011,"date":"2021-04-15T09:04:32","date_gmt":"2021-04-15T07:04:32","guid":{"rendered":"https:\/\/conversesacatalunya.cat\/gestio-del-dissentiment\/"},"modified":"2021-04-15T09:14:49","modified_gmt":"2021-04-15T07:14:49","slug":"gestion-del-disenso","status":"publish","type":"post","link":"https:\/\/conversesacatalunya.cat\/es\/gestion-del-disenso\/","title":{"rendered":"Gesti\u00f3n del disenso"},"content":{"rendered":"<p><span><span class=\"goog-text-highlight\">Acostumbrado a la dial\u00e9ctica parlamentaria de su pa\u00eds, Dinamarca, un exdiputado del parlamento dan\u00e9s, expresaba su opini\u00f3n de nuestra forma de hacer pol\u00edtica.\u00a0<\/span>Con cierto humor, no falto de realismo, dec\u00eda que en nuestro pa\u00eds\u00a0<\/span><strong><span>los desacuerdos en pol\u00edtica se arreglan \u00aba porrazos\u00bb<\/span><\/strong><span>.<\/span><\/p>\n<p><span>Ciertamente, las desavenencias entre instituciones, entre partidos, entre territorios, incluso entre di\u00f3cesis, a menudo se vuelven tan tensas, que invariablemente terminan en los tribunales.\u00a0Cuando estos dictan sentencia, unos ganan y otros pierden.\u00a0El veredicto complace a una de las partes, que no duda en lucirlo como un trofeo de guerra. La parte perdedora, con la cabeza baja, humillada e impotente, se refugia en un triste resentimiento.<\/span><\/p>\n<p><strong><span>Legalmente el conflicto puede haberse resuelto<\/span><\/strong><span>.\u00a0Parece aparentemente que se ha solucionado el problema.\u00a0Pero no es as\u00ed.\u00a0El conflicto de fondo sigue vivo, y un d\u00eda u otro volver\u00e1 a estallar.<\/span><\/p>\n<blockquote><p><span>Y los ciudadanos se preguntan si realmente la judicatura es neutral como deber\u00eda ser, o existe una lamentable injerencia pol\u00edtica.<\/span><\/p><\/blockquote>\n<p><span>Si no es neutral y est\u00e1 a favor de unos y en contra de otros, \u00bfpodemos hablar de justicia? <span class=\"goog-text-highlight\">Por si esto fuera poco, en nuestras democracias la din\u00e1mica parlamentaria funciona mayor\u00edas en las votaciones. <\/span>Entonces cabe preguntarse: \u00bfqu\u00e9 pasa con las minor\u00edas? \u00bfes que son ciudadanos de categor\u00eda inferior? As\u00ed pues, la minor\u00eda, cuando expresa su deseo o su disentimiento, no tiene suficiente capacidad operativa para hacerse escuchar.\u00a0La mayor\u00eda, apoyada en su fuerza, se permite el lujo de mirar hacia otro lado.<\/span><\/p>\n<p><span>Este hecho que parece irrelevante, es el punto de partida donde se van incubando los conflictos que tarde o temprano volver\u00e1n a surgir. Y se utilizar\u00e1n todas las energ\u00edas a reprimir los hechos, en lugar de analizar serenamente, qu\u00e9 causas los han originado.<\/span><\/p>\n<p><strong><span>Habr\u00e1 que aprender una nueva manera de hacer pol\u00edtica<\/span><\/strong><span>, donde el enfrentamiento sistem\u00e1tico deje paso a un di\u00e1logo de calidad, donde quiz\u00e1s se deber\u00e1 retocar el list\u00f3n de las apetencias de cada parte para hacer posible el acuerdo.<\/span><\/p>\n<p><span>Pero para conseguirlo hay que mejorar a fondo el arte del di\u00e1logo. La forma de expresar el disenso deber\u00e1 ser razonado, tolerante, testimonial &#8230; y la forma de escuchar deber\u00e1 ser abierta, sin prejuicios ni condiciones.\u00a0Tener puntos de vista diferentes no es ning\u00fan motivo para dejarse de escuchar y respetar.<\/span><\/p>\n<div id=\"polls-99\" class=\"wp-polls\">\n\t<form id=\"polls_form_99\" class=\"wp-polls-form\" action=\"\/index.php\" method=\"post\">\n\t\t<p style=\"display: none;\"><input type=\"hidden\" id=\"poll_99_nonce\" name=\"wp-polls-nonce\" value=\"cb7c5164f3\" \/><\/p>\n\t\t<p style=\"display: none;\"><input type=\"hidden\" name=\"poll_id\" value=\"99\" \/><\/p>\n\t\t<p style=\"text-align: center\"><strong>Ada Colau ha abandonat el seu compte de Twitter perqu\u00e8 rebia un exc\u00e9s de cr\u00edtiques?<\/strong><\/p><div id=\"polls-99-ans\" class=\"wp-polls-ans\"><ul class=\"wp-polls-ul\">\n\t\t<li><input type=\"radio\" id=\"poll-answer-232\" name=\"poll_99\" value=\"232\" \/> <label for=\"poll-answer-232\">Si<\/label><\/li>\n\t\t<li><input type=\"radio\" id=\"poll-answer-233\" name=\"poll_99\" value=\"233\" \/> <label for=\"poll-answer-233\">No<\/label><\/li>\n\t\t<\/ul><p style=\"text-align: center\"><input type=\"button\" name=\"vote\" value=\"   Vota   \" class=\"Buttons\" onclick=\"poll_vote(99);\" \/><\/p><p style=\"text-align: center\"><a href=\"#ViewPollResults\" onclick=\"poll_result(99); return false;\" title=\"View Results Of This Poll\">Mira els resultats<\/a><\/p><\/div>\n\t<\/form>\n<\/div>\n<div id=\"polls-99-loading\" class=\"wp-polls-loading\"><img decoding=\"async\" data-src=\"https:\/\/conversesacatalunya.cat\/wp-content\/plugins\/wp-polls\/images\/loading.gif\" width=\"16\" height=\"16\" alt=\"Cargando ...\" title=\"Cargando ...\" class=\"wp-polls-image lazyload\" src=\"data:image\/svg+xml;base64,PHN2ZyB3aWR0aD0iMSIgaGVpZ2h0PSIxIiB4bWxucz0iaHR0cDovL3d3dy53My5vcmcvMjAwMC9zdmciPjwvc3ZnPg==\" style=\"--smush-placeholder-width: 16px; --smush-placeholder-aspect-ratio: 16\/16;\" \/>&nbsp;Cargando ...<\/div>\n\n","protected":false},"excerpt":{"rendered":"<p>Acostumbrado a la dial\u00e9ctica parlamentaria de su pa\u00eds, Dinamarca, un exdiputado del parlamento dan\u00e9s, expresaba su opini\u00f3n de nuestra forma de hacer pol\u00edtica.\u00a0Con cierto humor, no falto de realismo, dec\u00eda que en nuestro pa\u00eds\u00a0los desacuerdos en pol\u00edtica se arreglan \u00aba porrazos\u00bb. Ciertamente, las desavenencias entre instituciones, entre partidos, entre territorios, incluso entre di\u00f3cesis, a menudo se vuelven tan tensas, que invariablemente terminan en los tribunales.\u00a0Cuando estos dictan sentencia, unos ganan y otros pierden.\u00a0El veredicto complace a una de las partes, que no duda en lucirlo como un trofeo de guerra. La parte perdedora, con la cabeza baja, humillada e impotente, se refugia en un triste resentimiento. Legalmente el conflicto puede haberse resuelto.\u00a0Parece aparentemente que se ha solucionado el problema.\u00a0Pero no es as\u00ed.\u00a0El conflicto de fondo sigue vivo, y un d\u00eda u otro volver\u00e1 a estallar. Y los ciudadanos se preguntan si realmente la judicatura es neutral como deber\u00eda ser, o existe una lamentable injerencia pol\u00edtica. Si no es neutral y est\u00e1 a favor de unos y en contra de otros, \u00bfpodemos hablar de justicia? Por si esto fuera poco, en nuestras democracias la din\u00e1mica parlamentaria funciona mayor\u00edas en las votaciones. Entonces cabe preguntarse: \u00bfqu\u00e9 pasa con las minor\u00edas? \u00bfes que son ciudadanos de categor\u00eda inferior? As\u00ed pues, la minor\u00eda, cuando expresa su deseo o su disentimiento, no tiene suficiente capacidad operativa para hacerse escuchar.\u00a0La mayor\u00eda, apoyada en su fuerza, se permite el lujo de mirar hacia otro lado. Este hecho que parece irrelevante, es el punto de partida donde se van incubando los conflictos que tarde o temprano volver\u00e1n a surgir. Y se utilizar\u00e1n todas las energ\u00edas a reprimir los hechos, en lugar de analizar serenamente, qu\u00e9 causas los han originado. Habr\u00e1 que aprender una nueva manera de hacer pol\u00edtica, donde el enfrentamiento sistem\u00e1tico deje paso a un di\u00e1logo de calidad, donde quiz\u00e1s se deber\u00e1 retocar el list\u00f3n de las apetencias de cada parte para hacer posible el acuerdo. Pero para conseguirlo hay que mejorar a fondo el arte del di\u00e1logo. La forma de expresar el disenso deber\u00e1 ser razonado, tolerante, testimonial &#8230; y la forma de escuchar deber\u00e1 ser abierta, sin prejuicios ni condiciones.\u00a0Tener puntos de vista diferentes no es ning\u00fan motivo para dejarse de escuchar y respetar.<\/p>\n","protected":false},"author":16,"featured_media":47007,"comment_status":"open","ping_status":"open","sticky":false,"template":"","format":"standard","meta":{"_FSMCFIC_featured_image_caption":"","_FSMCFIC_featured_image_nocaption":"","_FSMCFIC_featured_image_hide":"","footnotes":""},"categories":[804],"tags":[3652],"class_list":["post-47011","post","type-post","status-publish","format-standard","has-post-thumbnail","hentry","category-opinem-es","tag-disenso"],"yoast_head":"<!-- This site is optimized with the Yoast SEO plugin v26.8 - https:\/\/yoast.com\/product\/yoast-seo-wordpress\/ -->\n<title>Gesti\u00f3n del disenso - Converses a Catalunya<\/title>\n<meta name=\"description\" content=\"Con cierto humor, no falto de realismo, dec\u00eda que en nuestro pa\u00eds\u00a0los desacuerdos en pol\u00edtica se arreglan &quot;a porrazos&quot;\" \/>\n<meta name=\"robots\" content=\"noindex, nofollow\" \/>\n<meta property=\"og:locale\" content=\"es_ES\" \/>\n<meta property=\"og:type\" content=\"article\" \/>\n<meta property=\"og:title\" content=\"Gesti\u00f3n del disenso - Converses a Catalunya\" \/>\n<meta property=\"og:description\" content=\"Con cierto humor, no falto de realismo, dec\u00eda que en nuestro pa\u00eds\u00a0los desacuerdos en pol\u00edtica se arreglan &quot;a porrazos&quot;\" \/>\n<meta property=\"og:url\" content=\"https:\/\/conversesacatalunya.cat\/es\/gestion-del-disenso\/\" \/>\n<meta property=\"og:site_name\" content=\"Converses a Catalunya\" \/>\n<meta property=\"article:published_time\" content=\"2021-04-15T07:04:32+00:00\" \/>\n<meta property=\"article:modified_time\" content=\"2021-04-15T07:14:49+00:00\" \/>\n<meta property=\"og:image\" content=\"https:\/\/conversesacatalunya.cat\/wp-content\/uploads\/2021\/04\/Dissentiment.jpg\" \/>\n\t<meta property=\"og:image:width\" content=\"640\" \/>\n\t<meta property=\"og:image:height\" content=\"458\" \/>\n\t<meta property=\"og:image:type\" content=\"image\/jpeg\" \/>\n<meta name=\"author\" content=\"Antoni Pedragosa\" \/>\n<meta name=\"twitter:card\" content=\"summary_large_image\" \/>\n<meta name=\"twitter:label1\" content=\"Escrito por\" \/>\n\t<meta name=\"twitter:data1\" content=\"Antoni Pedragosa\" \/>\n\t<meta name=\"twitter:label2\" content=\"Tiempo de lectura\" \/>\n\t<meta name=\"twitter:data2\" content=\"2 minutos\" \/>\n<script type=\"application\/ld+json\" class=\"yoast-schema-graph\">{\"@context\":\"https:\/\/schema.org\",\"@graph\":[{\"@type\":\"Article\",\"@id\":\"https:\/\/conversesacatalunya.cat\/es\/gestion-del-disenso\/#article\",\"isPartOf\":{\"@id\":\"https:\/\/conversesacatalunya.cat\/es\/gestion-del-disenso\/\"},\"author\":{\"name\":\"Antoni Pedragosa\",\"@id\":\"https:\/\/conversesacatalunya.cat\/#\/schema\/person\/c7d367ce5cf939081390b9cff82b9efa\"},\"headline\":\"Gesti\u00f3n del disenso\",\"datePublished\":\"2021-04-15T07:04:32+00:00\",\"dateModified\":\"2021-04-15T07:14:49+00:00\",\"mainEntityOfPage\":{\"@id\":\"https:\/\/conversesacatalunya.cat\/es\/gestion-del-disenso\/\"},\"wordCount\":411,\"commentCount\":0,\"image\":{\"@id\":\"https:\/\/conversesacatalunya.cat\/es\/gestion-del-disenso\/#primaryimage\"},\"thumbnailUrl\":\"https:\/\/conversesacatalunya.cat\/wp-content\/uploads\/2021\/04\/Dissentiment.jpg\",\"keywords\":[\"disenso\"],\"articleSection\":[\"Opinem (ES)\"],\"inLanguage\":\"es\",\"potentialAction\":[{\"@type\":\"CommentAction\",\"name\":\"Comment\",\"target\":[\"https:\/\/conversesacatalunya.cat\/es\/gestion-del-disenso\/#respond\"]}]},{\"@type\":\"WebPage\",\"@id\":\"https:\/\/conversesacatalunya.cat\/es\/gestion-del-disenso\/\",\"url\":\"https:\/\/conversesacatalunya.cat\/es\/gestion-del-disenso\/\",\"name\":\"Gesti\u00f3n del disenso - Converses a Catalunya\",\"isPartOf\":{\"@id\":\"https:\/\/conversesacatalunya.cat\/#website\"},\"primaryImageOfPage\":{\"@id\":\"https:\/\/conversesacatalunya.cat\/es\/gestion-del-disenso\/#primaryimage\"},\"image\":{\"@id\":\"https:\/\/conversesacatalunya.cat\/es\/gestion-del-disenso\/#primaryimage\"},\"thumbnailUrl\":\"https:\/\/conversesacatalunya.cat\/wp-content\/uploads\/2021\/04\/Dissentiment.jpg\",\"datePublished\":\"2021-04-15T07:04:32+00:00\",\"dateModified\":\"2021-04-15T07:14:49+00:00\",\"author\":{\"@id\":\"https:\/\/conversesacatalunya.cat\/#\/schema\/person\/c7d367ce5cf939081390b9cff82b9efa\"},\"description\":\"Con cierto humor, no falto de realismo, dec\u00eda que en nuestro pa\u00eds\u00a0los desacuerdos en pol\u00edtica se arreglan \\\"a porrazos\\\"\",\"breadcrumb\":{\"@id\":\"https:\/\/conversesacatalunya.cat\/es\/gestion-del-disenso\/#breadcrumb\"},\"inLanguage\":\"es\",\"potentialAction\":[{\"@type\":\"ReadAction\",\"target\":[\"https:\/\/conversesacatalunya.cat\/es\/gestion-del-disenso\/\"]}]},{\"@type\":\"ImageObject\",\"inLanguage\":\"es\",\"@id\":\"https:\/\/conversesacatalunya.cat\/es\/gestion-del-disenso\/#primaryimage\",\"url\":\"https:\/\/conversesacatalunya.cat\/wp-content\/uploads\/2021\/04\/Dissentiment.jpg\",\"contentUrl\":\"https:\/\/conversesacatalunya.cat\/wp-content\/uploads\/2021\/04\/Dissentiment.jpg\",\"width\":640,\"height\":458},{\"@type\":\"BreadcrumbList\",\"@id\":\"https:\/\/conversesacatalunya.cat\/es\/gestion-del-disenso\/#breadcrumb\",\"itemListElement\":[{\"@type\":\"ListItem\",\"position\":1,\"name\":\"Inici\",\"item\":\"https:\/\/conversesacatalunya.cat\/es\/\"},{\"@type\":\"ListItem\",\"position\":2,\"name\":\"Gesti\u00f3n del disenso\"}]},{\"@type\":\"WebSite\",\"@id\":\"https:\/\/conversesacatalunya.cat\/#website\",\"url\":\"https:\/\/conversesacatalunya.cat\/\",\"name\":\"Converses a Catalunya\",\"description\":\"\",\"potentialAction\":[{\"@type\":\"SearchAction\",\"target\":{\"@type\":\"EntryPoint\",\"urlTemplate\":\"https:\/\/conversesacatalunya.cat\/?s={search_term_string}\"},\"query-input\":{\"@type\":\"PropertyValueSpecification\",\"valueRequired\":true,\"valueName\":\"search_term_string\"}}],\"inLanguage\":\"es\"},{\"@type\":\"Person\",\"@id\":\"https:\/\/conversesacatalunya.cat\/#\/schema\/person\/c7d367ce5cf939081390b9cff82b9efa\",\"name\":\"Antoni Pedragosa\",\"image\":{\"@type\":\"ImageObject\",\"inLanguage\":\"es\",\"@id\":\"https:\/\/conversesacatalunya.cat\/#\/schema\/person\/image\/\",\"url\":\"https:\/\/conversesacatalunya.cat\/wp-content\/litespeed\/avatar\/a65bdd7b7b57e4f85109aaf65843a0eb.jpg?ver=1777376633\",\"contentUrl\":\"https:\/\/conversesacatalunya.cat\/wp-content\/litespeed\/avatar\/a65bdd7b7b57e4f85109aaf65843a0eb.jpg?ver=1777376633\",\"caption\":\"Antoni Pedragosa\"},\"url\":\"https:\/\/conversesacatalunya.cat\/es\/author\/antoni-pedragosa\/\"}]}<\/script>\n<!-- \/ Yoast SEO plugin. -->","yoast_head_json":{"title":"Gesti\u00f3n del disenso - Converses a Catalunya","description":"Con cierto humor, no falto de realismo, dec\u00eda que en nuestro pa\u00eds\u00a0los desacuerdos en pol\u00edtica se arreglan \"a porrazos\"","robots":{"index":"noindex","follow":"nofollow"},"og_locale":"es_ES","og_type":"article","og_title":"Gesti\u00f3n del disenso - Converses a Catalunya","og_description":"Con cierto humor, no falto de realismo, dec\u00eda que en nuestro pa\u00eds\u00a0los desacuerdos en pol\u00edtica se arreglan \"a porrazos\"","og_url":"https:\/\/conversesacatalunya.cat\/es\/gestion-del-disenso\/","og_site_name":"Converses a Catalunya","article_published_time":"2021-04-15T07:04:32+00:00","article_modified_time":"2021-04-15T07:14:49+00:00","og_image":[{"width":640,"height":458,"url":"https:\/\/conversesacatalunya.cat\/wp-content\/uploads\/2021\/04\/Dissentiment.jpg","type":"image\/jpeg"}],"author":"Antoni Pedragosa","twitter_card":"summary_large_image","twitter_misc":{"Escrito por":"Antoni Pedragosa","Tiempo de lectura":"2 minutos"},"schema":{"@context":"https:\/\/schema.org","@graph":[{"@type":"Article","@id":"https:\/\/conversesacatalunya.cat\/es\/gestion-del-disenso\/#article","isPartOf":{"@id":"https:\/\/conversesacatalunya.cat\/es\/gestion-del-disenso\/"},"author":{"name":"Antoni Pedragosa","@id":"https:\/\/conversesacatalunya.cat\/#\/schema\/person\/c7d367ce5cf939081390b9cff82b9efa"},"headline":"Gesti\u00f3n del disenso","datePublished":"2021-04-15T07:04:32+00:00","dateModified":"2021-04-15T07:14:49+00:00","mainEntityOfPage":{"@id":"https:\/\/conversesacatalunya.cat\/es\/gestion-del-disenso\/"},"wordCount":411,"commentCount":0,"image":{"@id":"https:\/\/conversesacatalunya.cat\/es\/gestion-del-disenso\/#primaryimage"},"thumbnailUrl":"https:\/\/conversesacatalunya.cat\/wp-content\/uploads\/2021\/04\/Dissentiment.jpg","keywords":["disenso"],"articleSection":["Opinem (ES)"],"inLanguage":"es","potentialAction":[{"@type":"CommentAction","name":"Comment","target":["https:\/\/conversesacatalunya.cat\/es\/gestion-del-disenso\/#respond"]}]},{"@type":"WebPage","@id":"https:\/\/conversesacatalunya.cat\/es\/gestion-del-disenso\/","url":"https:\/\/conversesacatalunya.cat\/es\/gestion-del-disenso\/","name":"Gesti\u00f3n del disenso - Converses a Catalunya","isPartOf":{"@id":"https:\/\/conversesacatalunya.cat\/#website"},"primaryImageOfPage":{"@id":"https:\/\/conversesacatalunya.cat\/es\/gestion-del-disenso\/#primaryimage"},"image":{"@id":"https:\/\/conversesacatalunya.cat\/es\/gestion-del-disenso\/#primaryimage"},"thumbnailUrl":"https:\/\/conversesacatalunya.cat\/wp-content\/uploads\/2021\/04\/Dissentiment.jpg","datePublished":"2021-04-15T07:04:32+00:00","dateModified":"2021-04-15T07:14:49+00:00","author":{"@id":"https:\/\/conversesacatalunya.cat\/#\/schema\/person\/c7d367ce5cf939081390b9cff82b9efa"},"description":"Con cierto humor, no falto de realismo, dec\u00eda que en nuestro pa\u00eds\u00a0los desacuerdos en pol\u00edtica se arreglan \"a porrazos\"","breadcrumb":{"@id":"https:\/\/conversesacatalunya.cat\/es\/gestion-del-disenso\/#breadcrumb"},"inLanguage":"es","potentialAction":[{"@type":"ReadAction","target":["https:\/\/conversesacatalunya.cat\/es\/gestion-del-disenso\/"]}]},{"@type":"ImageObject","inLanguage":"es","@id":"https:\/\/conversesacatalunya.cat\/es\/gestion-del-disenso\/#primaryimage","url":"https:\/\/conversesacatalunya.cat\/wp-content\/uploads\/2021\/04\/Dissentiment.jpg","contentUrl":"https:\/\/conversesacatalunya.cat\/wp-content\/uploads\/2021\/04\/Dissentiment.jpg","width":640,"height":458},{"@type":"BreadcrumbList","@id":"https:\/\/conversesacatalunya.cat\/es\/gestion-del-disenso\/#breadcrumb","itemListElement":[{"@type":"ListItem","position":1,"name":"Inici","item":"https:\/\/conversesacatalunya.cat\/es\/"},{"@type":"ListItem","position":2,"name":"Gesti\u00f3n del disenso"}]},{"@type":"WebSite","@id":"https:\/\/conversesacatalunya.cat\/#website","url":"https:\/\/conversesacatalunya.cat\/","name":"Converses a Catalunya","description":"","potentialAction":[{"@type":"SearchAction","target":{"@type":"EntryPoint","urlTemplate":"https:\/\/conversesacatalunya.cat\/?s={search_term_string}"},"query-input":{"@type":"PropertyValueSpecification","valueRequired":true,"valueName":"search_term_string"}}],"inLanguage":"es"},{"@type":"Person","@id":"https:\/\/conversesacatalunya.cat\/#\/schema\/person\/c7d367ce5cf939081390b9cff82b9efa","name":"Antoni Pedragosa","image":{"@type":"ImageObject","inLanguage":"es","@id":"https:\/\/conversesacatalunya.cat\/#\/schema\/person\/image\/","url":"https:\/\/conversesacatalunya.cat\/wp-content\/litespeed\/avatar\/a65bdd7b7b57e4f85109aaf65843a0eb.jpg?ver=1777376633","contentUrl":"https:\/\/conversesacatalunya.cat\/wp-content\/litespeed\/avatar\/a65bdd7b7b57e4f85109aaf65843a0eb.jpg?ver=1777376633","caption":"Antoni Pedragosa"},"url":"https:\/\/conversesacatalunya.cat\/es\/author\/antoni-pedragosa\/"}]}},"wps_subtitle":"","_links":{"self":[{"href":"https:\/\/conversesacatalunya.cat\/es\/wp-json\/wp\/v2\/posts\/47011","targetHints":{"allow":["GET"]}}],"collection":[{"href":"https:\/\/conversesacatalunya.cat\/es\/wp-json\/wp\/v2\/posts"}],"about":[{"href":"https:\/\/conversesacatalunya.cat\/es\/wp-json\/wp\/v2\/types\/post"}],"author":[{"embeddable":true,"href":"https:\/\/conversesacatalunya.cat\/es\/wp-json\/wp\/v2\/users\/16"}],"replies":[{"embeddable":true,"href":"https:\/\/conversesacatalunya.cat\/es\/wp-json\/wp\/v2\/comments?post=47011"}],"version-history":[{"count":3,"href":"https:\/\/conversesacatalunya.cat\/es\/wp-json\/wp\/v2\/posts\/47011\/revisions"}],"predecessor-version":[{"id":47014,"href":"https:\/\/conversesacatalunya.cat\/es\/wp-json\/wp\/v2\/posts\/47011\/revisions\/47014"}],"wp:featuredmedia":[{"embeddable":true,"href":"https:\/\/conversesacatalunya.cat\/es\/wp-json\/wp\/v2\/media\/47007"}],"wp:attachment":[{"href":"https:\/\/conversesacatalunya.cat\/es\/wp-json\/wp\/v2\/media?parent=47011"}],"wp:term":[{"taxonomy":"category","embeddable":true,"href":"https:\/\/conversesacatalunya.cat\/es\/wp-json\/wp\/v2\/categories?post=47011"},{"taxonomy":"post_tag","embeddable":true,"href":"https:\/\/conversesacatalunya.cat\/es\/wp-json\/wp\/v2\/tags?post=47011"}],"curies":[{"name":"wp","href":"https:\/\/api.w.org\/{rel}","templated":true}]}}