{"id":46864,"date":"2021-04-12T09:19:14","date_gmt":"2021-04-12T07:19:14","guid":{"rendered":"https:\/\/conversesacatalunya.cat\/eliminar-la-missatgeria-o-la-seva-bona-noticia\/"},"modified":"2021-04-12T10:02:44","modified_gmt":"2021-04-12T08:02:44","slug":"eliminar-la-mensajera-o-su-buena-noticia","status":"publish","type":"post","link":"https:\/\/conversesacatalunya.cat\/es\/eliminar-la-mensajera-o-su-buena-noticia\/","title":{"rendered":"\u00bfEliminar la mensajera o su buena noticia?"},"content":{"rendered":"<p>A mediados de febrero el gobierno espa\u00f1ol envi\u00f3 al Congreso un extenso estudio llamado\u00a0<strong>\u00abla inmatriculaci\u00f3n de bienes inmuebles de la Iglesia cat\u00f3lica en el registro de la propiedad desde el a\u00f1o 1998\u00bb<\/strong>, que incluye, una por una, un total de 35 mil fincas.<\/p>\n<p>Este informe, elaborado por el gobierno, concluye: \u00abPor todo ello, los informes solicitados al Colegio Oficinal de Registradores de la Propiedad y Mercantiles de Espa\u00f1a, hay que entender que las fincas inmatriculadas a favor de la Iglesia Cat\u00f3lica mediante el procedimiento del art\u00edculo 206 (de la Ley Hipotecaria) contaban con el necesario t\u00edtulo material a su favor\u00bb. <strong>El informe y su conclusi\u00f3n han tenido escasa presencia en los medios de comunicaci\u00f3n que difamaron con insistencia la Iglesia acus\u00e1ndola de apropiarse de bienes que no eran suyos<\/strong>.\u00a0Tampoco hemos tenido noticia de ninguna rectificaci\u00f3n de los pol\u00edticos que hicieron demagogia contra la Iglesia por este asunto.<\/p>\n<p>Es un ejemplo m\u00e1s de c\u00f3mo tratan a la Iglesia una parte importante de los medios y de los pol\u00edticos. En Espa\u00f1a se acumula el viejo anticlericalismo, que durante la Guerra Civil llev\u00f3 al asesinato a sangre fr\u00eda de cerca de siete mil religiosos, y la nueva animadversi\u00f3n postmoderna en la Iglesia.\u00a0Esta se ha convertido en una piedra en el zapato de los poderes pol\u00edticos y econ\u00f3micos hegem\u00f3nicos:\u00a0<strong>es la gran contestataria al pensamiento \u00fanico que se ha impuesto.<\/strong><\/p>\n<p><span class=\"\">Seg\u00fan\u00a0<\/span><strong><span class=\"\">el obispo Luis Arg\u00fcello<\/span><\/strong><span class=\"\">, que antes de prelado fue un joven de izquierdas, el individualismo exacerbado que hoy vivimos se debe a la convergencia del capitalismo tecnocr\u00e1tico, dirigido por empresas globales m\u00e1s potentes que los estados, y de las propuestas pol\u00edticas de la nueva izquierda. La oferta, y ya no el trabajo, es el factor determinante de la vida econ\u00f3mica. La oferta necesita domesticar la demanda, en una uniformidad del comportamiento humano que permite hacer previsiones a gran escala, configurando un estilo de vida, de felicidad.\u00a0<\/span><strong><span class=\"\">La nueva izquierda ha abandonado el ideal de la solidaridad que ten\u00edan los viejos socialistas, y se centra en la promoci\u00f3n del deseo individual.\u00a0<\/span><\/strong><\/p>\n<p>\u00bfPor qu\u00e9 hoy hay tanto inter\u00e9s en deslegitimar la Iglesia y borrar la influencia determinante del cristianismo en la configuraci\u00f3n de nuestra civilizaci\u00f3n?. \u00bfLos principios, valores y reglas morales que la Iglesia defiende, representan s\u00f3lo a los cristianos, o pertenecen a toda la humanidad? \u00bfHay acciones y omisiones malas porque son pecado o son pecado porque son malas? Leibniz lo planteaba as\u00ed: \u00bflo que es bueno y justo, lo es s\u00f3lo porque Dios lo quiere, o si Dios lo quiere es porque es bueno y justo? La cuesti\u00f3n se plantea ya en el di\u00e1logo plat\u00f3nico <em>Eutifr\u00f3n<\/em>. S\u00f3crates pregunta a este personaje: el que es santo, \u00bfes amado por los dioses porque es santo, o es santo porque es amado por ellos? <strong>S\u00f3crates y Plat\u00f3n lo tienen claro: lo correcto es ordenado por la divinidad porque es correcto.<\/strong><\/p>\n<p>En la Iglesia, formada por hombres y mujeres, no por \u00e1ngeles, hay santidad sobrada para atraer quien busca a Dios, y tambi\u00e9n bastante miseria humana para justificar a qui\u00e9n lo quiere rehusar\u00a0 o ignorar. Valorando la realidad sin prejuicios, la vida cristiana rectamente vivida, \u00bfno fundamenta y promueve valores y virtudes necesarias para la vida en sociedad? La solidaridad con los menos favorecidos, el compromiso conyugal que permite una vida familiar estable donde educar a los hijos, la igual dignidad de toda persona al margen de sus capacidades f\u00edsicas o intelectuales, el valor sagrado de la vida humana, desde la concepci\u00f3n hasta la muerte natural.<\/p>\n<p><strong>Georg G\u00e4nswein<\/strong>, hombre de la m\u00e1xima confianza tanto del Papa Benedicto como del Papa Francisco, es autor del libro, traducido al castellano, \u201cC\u00f3mo la Iglesia cat\u00f3lica puede restaurar nuestra cultura\u201d (Ed. Rialp, 2021). Parte de una idea expresada por Benedicto XVI: <strong>\u00abpara cumplir su misi\u00f3n, la Iglesia deber\u00e1 tomar distancias respecto a su entorno\u00bb<\/strong>. Seg\u00fan G\u00e4nswein la fe no debe conformarse con los est\u00e1ndares del mundo, los cristianos no deben permitir que la corriente del mundo se los lleve por delante. La verdadera renovaci\u00f3n del mundo provendr\u00e1 de la esencia del cristianismo.<\/p>\n<p>En tiempos de posverdad, de relativismo y de crisis de la raz\u00f3n, el cristiano est\u00e1 convencido de que la verdad, la bondad, y la justicia no dependen de las leyes que los parlamentos van aprobando seg\u00fan las ideolog\u00edas de moda, sino que pertenecen a la naturaleza de las cosas y de la condici\u00f3n humana. Creer que todo tiene un origen causal, que el cristiano sit\u00faa en el amor de Dios, a la humanidad y a cada persona, y no en el azar ciego; que la muerte no tiene la \u00faltima palabra; que la conciencia de cada persona no hace y deshace a su gusto y conveniencia sino que debe rendir cuentas a Dios, que finalmente juzgar\u00e1 con amor, pero tambi\u00e9n con justicia. <strong>Todo esto da sentido y consistencia a la vida de las personas, y en la de toda una sociedad.<\/strong><\/p>\n<p><strong>A creyentes y a no creyentes les tendr\u00eda que hacer pensar tanta obstinaci\u00f3n en desprestigiar y silenciar a la Iglesia, que no deja de ser la portadora de una buena nueva para toda la humanidad<\/strong>.\u00a0<span class=\"goog-text-highlight\">Porque lo que hoy\u00a0 est\u00e1 en juego no es el futuro de la Iglesia cat\u00f3lica, que globalmente tiene m\u00e1s fieles que nunca, y es acogida en el resto de continentes con mucha m\u00e1s alegr\u00eda que en Europa. <\/span>Lo que est\u00e1 en juego es nuestra civilizaci\u00f3n occidental, que desde dentro ve gravemente atacadas sus ra\u00edces cristianas.<\/p>\n<p><em>Publicado en el Diari de Girona, el 4 de abril de 2021<\/em><\/p>\n<div id=\"polls-98\" class=\"wp-polls\">\n\t<form id=\"polls_form_98\" class=\"wp-polls-form\" action=\"\/index.php\" method=\"post\">\n\t\t<p style=\"display: none;\"><input type=\"hidden\" id=\"poll_98_nonce\" name=\"wp-polls-nonce\" value=\"c81457cf78\" \/><\/p>\n\t\t<p style=\"display: none;\"><input type=\"hidden\" name=\"poll_id\" value=\"98\" \/><\/p>\n\t\t<p style=\"text-align: center\"><strong>El 26 de maig s'acaba el termini per formar govern. Creus que tornaran ha convocar-se eleccions a Catalunya?<\/strong><\/p><div id=\"polls-98-ans\" class=\"wp-polls-ans\"><ul class=\"wp-polls-ul\">\n\t\t<li><input type=\"radio\" id=\"poll-answer-229\" name=\"poll_98\" value=\"229\" \/> <label for=\"poll-answer-229\">Si<\/label><\/li>\n\t\t<li><input type=\"radio\" id=\"poll-answer-230\" name=\"poll_98\" value=\"230\" \/> <label for=\"poll-answer-230\">No<\/label><\/li>\n\t\t<li><input type=\"radio\" id=\"poll-answer-231\" name=\"poll_98\" value=\"231\" \/> <label for=\"poll-answer-231\">No ho s\u00e9<\/label><\/li>\n\t\t<\/ul><p style=\"text-align: center\"><input type=\"button\" name=\"vote\" value=\"   Vota   \" class=\"Buttons\" onclick=\"poll_vote(98);\" \/><\/p><p style=\"text-align: center\"><a href=\"#ViewPollResults\" onclick=\"poll_result(98); return false;\" title=\"View Results Of This Poll\">Mira els resultats<\/a><\/p><\/div>\n\t<\/form>\n<\/div>\n<div id=\"polls-98-loading\" class=\"wp-polls-loading\"><img decoding=\"async\" data-src=\"https:\/\/conversesacatalunya.cat\/wp-content\/plugins\/wp-polls\/images\/loading.gif\" width=\"16\" height=\"16\" alt=\"Cargando ...\" title=\"Cargando ...\" class=\"wp-polls-image lazyload\" src=\"data:image\/svg+xml;base64,PHN2ZyB3aWR0aD0iMSIgaGVpZ2h0PSIxIiB4bWxucz0iaHR0cDovL3d3dy53My5vcmcvMjAwMC9zdmciPjwvc3ZnPg==\" style=\"--smush-placeholder-width: 16px; --smush-placeholder-aspect-ratio: 16\/16;\" \/>&nbsp;Cargando ...<\/div>\n\n","protected":false},"excerpt":{"rendered":"<p>A mediados de febrero el gobierno espa\u00f1ol envi\u00f3 al Congreso un extenso estudio llamado\u00a0\u00abla inmatriculaci\u00f3n de bienes inmuebles de la Iglesia cat\u00f3lica en el registro de la propiedad desde el a\u00f1o 1998\u00bb, que incluye, una por una, un total de 35 mil fincas. Este informe, elaborado por el gobierno, concluye: \u00abPor todo ello, los informes solicitados al Colegio Oficinal de Registradores de la Propiedad y Mercantiles de Espa\u00f1a, hay que entender que las fincas inmatriculadas a favor de la Iglesia Cat\u00f3lica mediante el procedimiento del art\u00edculo 206 (de la Ley Hipotecaria) contaban con el necesario t\u00edtulo material a su favor\u00bb. El informe y su conclusi\u00f3n han tenido escasa presencia en los medios de comunicaci\u00f3n que difamaron con insistencia la Iglesia acus\u00e1ndola de apropiarse de bienes que no eran suyos.\u00a0Tampoco hemos tenido noticia de ninguna rectificaci\u00f3n de los pol\u00edticos que hicieron demagogia contra la Iglesia por este asunto. Es un ejemplo m\u00e1s de c\u00f3mo tratan a la Iglesia una parte importante de los medios y de los pol\u00edticos. En Espa\u00f1a se acumula el viejo anticlericalismo, que durante la Guerra Civil llev\u00f3 al asesinato a sangre fr\u00eda de cerca de siete mil religiosos, y la nueva animadversi\u00f3n postmoderna en la Iglesia.\u00a0Esta se ha convertido en una piedra en el zapato de los poderes pol\u00edticos y econ\u00f3micos hegem\u00f3nicos:\u00a0es la gran contestataria al pensamiento \u00fanico que se ha impuesto. Seg\u00fan\u00a0el obispo Luis Arg\u00fcello, que antes de prelado fue un joven de izquierdas, el individualismo exacerbado que hoy vivimos se debe a la convergencia del capitalismo tecnocr\u00e1tico, dirigido por empresas globales m\u00e1s potentes que los estados, y de las propuestas pol\u00edticas de la nueva izquierda. La oferta, y ya no el trabajo, es el factor determinante de la vida econ\u00f3mica. La oferta necesita domesticar la demanda, en una uniformidad del comportamiento humano que permite hacer previsiones a gran escala, configurando un estilo de vida, de felicidad.\u00a0La nueva izquierda ha abandonado el ideal de la solidaridad que ten\u00edan los viejos socialistas, y se centra en la promoci\u00f3n del deseo individual.\u00a0 \u00bfPor qu\u00e9 hoy hay tanto inter\u00e9s en deslegitimar la Iglesia y borrar la influencia determinante del cristianismo en la configuraci\u00f3n de nuestra civilizaci\u00f3n?. \u00bfLos principios, valores y reglas morales que la Iglesia defiende, representan s\u00f3lo a los cristianos, o pertenecen a toda la humanidad? \u00bfHay acciones y omisiones malas porque son pecado o son pecado porque son malas? Leibniz lo planteaba as\u00ed: \u00bflo que es bueno y justo, lo es s\u00f3lo porque Dios lo quiere, o si Dios lo quiere es porque es bueno y justo? La cuesti\u00f3n se plantea ya en el di\u00e1logo plat\u00f3nico Eutifr\u00f3n. S\u00f3crates pregunta a este personaje: el que es santo, \u00bfes amado por los dioses porque es santo, o es santo porque es amado por ellos? S\u00f3crates y Plat\u00f3n lo tienen claro: lo correcto es ordenado por la divinidad porque es correcto. En la Iglesia, formada por hombres y mujeres, no por \u00e1ngeles, hay santidad sobrada para atraer quien busca a Dios, y tambi\u00e9n bastante miseria humana para justificar a qui\u00e9n lo quiere rehusar\u00a0 o ignorar. Valorando la realidad sin prejuicios, la vida cristiana rectamente vivida, \u00bfno fundamenta y promueve valores y virtudes necesarias para la vida en sociedad? La solidaridad con los menos favorecidos, el compromiso conyugal que permite una vida familiar estable donde educar a los hijos, la igual dignidad de toda persona al margen de sus capacidades f\u00edsicas o intelectuales, el valor sagrado de la vida humana, desde la concepci\u00f3n hasta la muerte natural. Georg G\u00e4nswein, hombre de la m\u00e1xima confianza tanto del Papa Benedicto como del Papa Francisco, es autor del libro, traducido al castellano, \u201cC\u00f3mo la Iglesia cat\u00f3lica puede restaurar nuestra cultura\u201d (Ed. Rialp, 2021). Parte de una idea expresada por Benedicto XVI: \u00abpara cumplir su misi\u00f3n, la Iglesia deber\u00e1 tomar distancias respecto a su entorno\u00bb. Seg\u00fan G\u00e4nswein la fe no debe conformarse con los est\u00e1ndares del mundo, los cristianos no deben permitir que la corriente del mundo se los lleve por delante. La verdadera renovaci\u00f3n del mundo provendr\u00e1 de la esencia del cristianismo. En tiempos de posverdad, de relativismo y de crisis de la raz\u00f3n, el cristiano est\u00e1 convencido de que la verdad, la bondad, y la justicia no dependen de las leyes que los parlamentos van aprobando seg\u00fan las ideolog\u00edas de moda, sino que pertenecen a la naturaleza de las cosas y de la condici\u00f3n humana. Creer que todo tiene un origen causal, que el cristiano sit\u00faa en el amor de Dios, a la humanidad y a cada persona, y no en el azar ciego; que la muerte no tiene la \u00faltima palabra; que la conciencia de cada persona no hace y deshace a su gusto y conveniencia sino que debe rendir cuentas a Dios, que finalmente juzgar\u00e1 con amor, pero tambi\u00e9n con justicia. Todo esto da sentido y consistencia a la vida de las personas, y en la de toda una sociedad. A creyentes y a no creyentes les tendr\u00eda que hacer pensar tanta obstinaci\u00f3n en desprestigiar y silenciar a la Iglesia, que no deja de ser la portadora de una buena nueva para toda la humanidad.\u00a0Porque lo que hoy\u00a0 est\u00e1 en juego no es el futuro de la Iglesia cat\u00f3lica, que globalmente tiene m\u00e1s fieles que nunca, y es acogida en el resto de continentes con mucha m\u00e1s alegr\u00eda que en Europa. Lo que est\u00e1 en juego es nuestra civilizaci\u00f3n occidental, que desde dentro ve gravemente atacadas sus ra\u00edces cristianas. Publicado en el Diari de Girona, el 4 de abril de 2021<\/p>\n","protected":false},"author":6,"featured_media":46861,"comment_status":"open","ping_status":"open","sticky":false,"template":"","format":"standard","meta":{"_FSMCFIC_featured_image_caption":"","_FSMCFIC_featured_image_nocaption":"","_FSMCFIC_featured_image_hide":"","footnotes":""},"categories":[801],"tags":[1715,1719],"class_list":["post-46864","post","type-post","status-publish","format-standard","has-post-thumbnail","hentry","category-veritas-in-caritate-es","tag-esglesia-catolica-es","tag-iglesia-catolica"],"yoast_head":"<!-- This site is optimized with the Yoast SEO plugin v26.8 - https:\/\/yoast.com\/product\/yoast-seo-wordpress\/ -->\n<title>\u00bfEliminar la mensajera o su buena noticia? - Converses a Catalunya<\/title>\n<meta name=\"description\" content=\"extenso estudio llamado\u00a0&quot;la inmatriculaci\u00f3n de bienes inmuebles de la Iglesia cat\u00f3lica en el registro de la propiedad desde el a\u00f1o 1998&quot;\" \/>\n<meta name=\"robots\" content=\"index, follow, max-snippet:-1, max-image-preview:large, max-video-preview:-1\" \/>\n<link rel=\"canonical\" href=\"https:\/\/conversesacatalunya.cat\/es\/eliminar-la-mensajera-o-su-buena-noticia\/\" \/>\n<meta property=\"og:locale\" content=\"es_ES\" \/>\n<meta property=\"og:type\" content=\"article\" \/>\n<meta property=\"og:title\" content=\"\u00bfEliminar la mensajera o su buena noticia? - Converses a Catalunya\" \/>\n<meta property=\"og:description\" content=\"extenso estudio llamado\u00a0&quot;la inmatriculaci\u00f3n de bienes inmuebles de la Iglesia cat\u00f3lica en el registro de la propiedad desde el a\u00f1o 1998&quot;\" \/>\n<meta property=\"og:url\" content=\"https:\/\/conversesacatalunya.cat\/es\/eliminar-la-mensajera-o-su-buena-noticia\/\" \/>\n<meta property=\"og:site_name\" content=\"Converses a Catalunya\" \/>\n<meta property=\"article:published_time\" content=\"2021-04-12T07:19:14+00:00\" \/>\n<meta property=\"article:modified_time\" content=\"2021-04-12T08:02:44+00:00\" \/>\n<meta property=\"og:image\" content=\"https:\/\/conversesacatalunya.cat\/wp-content\/uploads\/2021\/04\/Esglesia-catolica.jpg\" \/>\n\t<meta property=\"og:image:width\" content=\"640\" \/>\n\t<meta property=\"og:image:height\" content=\"427\" \/>\n\t<meta property=\"og:image:type\" content=\"image\/jpeg\" \/>\n<meta name=\"author\" content=\"Carles Ros Arpa\" \/>\n<meta name=\"twitter:card\" content=\"summary_large_image\" \/>\n<meta name=\"twitter:label1\" content=\"Escrito por\" \/>\n\t<meta name=\"twitter:data1\" content=\"Carles Ros Arpa\" \/>\n\t<meta name=\"twitter:label2\" content=\"Tiempo de lectura\" \/>\n\t<meta name=\"twitter:data2\" content=\"5 minutos\" \/>\n<script type=\"application\/ld+json\" class=\"yoast-schema-graph\">{\"@context\":\"https:\/\/schema.org\",\"@graph\":[{\"@type\":\"Article\",\"@id\":\"https:\/\/conversesacatalunya.cat\/es\/eliminar-la-mensajera-o-su-buena-noticia\/#article\",\"isPartOf\":{\"@id\":\"https:\/\/conversesacatalunya.cat\/es\/eliminar-la-mensajera-o-su-buena-noticia\/\"},\"author\":{\"name\":\"Carles Ros Arpa\",\"@id\":\"https:\/\/conversesacatalunya.cat\/#\/schema\/person\/158977e8a6f4c10be20fb1e30375371b\"},\"headline\":\"\u00bfEliminar la mensajera o su buena noticia?\",\"datePublished\":\"2021-04-12T07:19:14+00:00\",\"dateModified\":\"2021-04-12T08:02:44+00:00\",\"mainEntityOfPage\":{\"@id\":\"https:\/\/conversesacatalunya.cat\/es\/eliminar-la-mensajera-o-su-buena-noticia\/\"},\"wordCount\":989,\"commentCount\":0,\"image\":{\"@id\":\"https:\/\/conversesacatalunya.cat\/es\/eliminar-la-mensajera-o-su-buena-noticia\/#primaryimage\"},\"thumbnailUrl\":\"https:\/\/conversesacatalunya.cat\/wp-content\/uploads\/2021\/04\/Esglesia-catolica.jpg\",\"keywords\":[\"Esgl\u00e8sia Cat\u00f2lica\",\"iglesia cat\u00f3lica\"],\"articleSection\":[\"Veritas in caritate (ES)\"],\"inLanguage\":\"es\",\"potentialAction\":[{\"@type\":\"CommentAction\",\"name\":\"Comment\",\"target\":[\"https:\/\/conversesacatalunya.cat\/es\/eliminar-la-mensajera-o-su-buena-noticia\/#respond\"]}]},{\"@type\":\"WebPage\",\"@id\":\"https:\/\/conversesacatalunya.cat\/es\/eliminar-la-mensajera-o-su-buena-noticia\/\",\"url\":\"https:\/\/conversesacatalunya.cat\/es\/eliminar-la-mensajera-o-su-buena-noticia\/\",\"name\":\"\u00bfEliminar la mensajera o su buena noticia? - Converses a Catalunya\",\"isPartOf\":{\"@id\":\"https:\/\/conversesacatalunya.cat\/#website\"},\"primaryImageOfPage\":{\"@id\":\"https:\/\/conversesacatalunya.cat\/es\/eliminar-la-mensajera-o-su-buena-noticia\/#primaryimage\"},\"image\":{\"@id\":\"https:\/\/conversesacatalunya.cat\/es\/eliminar-la-mensajera-o-su-buena-noticia\/#primaryimage\"},\"thumbnailUrl\":\"https:\/\/conversesacatalunya.cat\/wp-content\/uploads\/2021\/04\/Esglesia-catolica.jpg\",\"datePublished\":\"2021-04-12T07:19:14+00:00\",\"dateModified\":\"2021-04-12T08:02:44+00:00\",\"author\":{\"@id\":\"https:\/\/conversesacatalunya.cat\/#\/schema\/person\/158977e8a6f4c10be20fb1e30375371b\"},\"description\":\"extenso estudio llamado\u00a0\\\"la inmatriculaci\u00f3n de bienes inmuebles de la Iglesia cat\u00f3lica en el registro de la propiedad desde el a\u00f1o 1998\\\"\",\"breadcrumb\":{\"@id\":\"https:\/\/conversesacatalunya.cat\/es\/eliminar-la-mensajera-o-su-buena-noticia\/#breadcrumb\"},\"inLanguage\":\"es\",\"potentialAction\":[{\"@type\":\"ReadAction\",\"target\":[\"https:\/\/conversesacatalunya.cat\/es\/eliminar-la-mensajera-o-su-buena-noticia\/\"]}]},{\"@type\":\"ImageObject\",\"inLanguage\":\"es\",\"@id\":\"https:\/\/conversesacatalunya.cat\/es\/eliminar-la-mensajera-o-su-buena-noticia\/#primaryimage\",\"url\":\"https:\/\/conversesacatalunya.cat\/wp-content\/uploads\/2021\/04\/Esglesia-catolica.jpg\",\"contentUrl\":\"https:\/\/conversesacatalunya.cat\/wp-content\/uploads\/2021\/04\/Esglesia-catolica.jpg\",\"width\":640,\"height\":427,\"caption\":\"Iglesia cat\u00f3lica\"},{\"@type\":\"BreadcrumbList\",\"@id\":\"https:\/\/conversesacatalunya.cat\/es\/eliminar-la-mensajera-o-su-buena-noticia\/#breadcrumb\",\"itemListElement\":[{\"@type\":\"ListItem\",\"position\":1,\"name\":\"Inici\",\"item\":\"https:\/\/conversesacatalunya.cat\/es\/\"},{\"@type\":\"ListItem\",\"position\":2,\"name\":\"\u00bfEliminar la mensajera o su buena noticia?\"}]},{\"@type\":\"WebSite\",\"@id\":\"https:\/\/conversesacatalunya.cat\/#website\",\"url\":\"https:\/\/conversesacatalunya.cat\/\",\"name\":\"Converses a Catalunya\",\"description\":\"\",\"potentialAction\":[{\"@type\":\"SearchAction\",\"target\":{\"@type\":\"EntryPoint\",\"urlTemplate\":\"https:\/\/conversesacatalunya.cat\/?s={search_term_string}\"},\"query-input\":{\"@type\":\"PropertyValueSpecification\",\"valueRequired\":true,\"valueName\":\"search_term_string\"}}],\"inLanguage\":\"es\"},{\"@type\":\"Person\",\"@id\":\"https:\/\/conversesacatalunya.cat\/#\/schema\/person\/158977e8a6f4c10be20fb1e30375371b\",\"name\":\"Carles Ros Arpa\",\"image\":{\"@type\":\"ImageObject\",\"inLanguage\":\"es\",\"@id\":\"https:\/\/conversesacatalunya.cat\/#\/schema\/person\/image\/\",\"url\":\"https:\/\/conversesacatalunya.cat\/wp-content\/litespeed\/avatar\/ba530fe068c88283940054d0b5ea1f09.jpg?ver=1777376928\",\"contentUrl\":\"https:\/\/conversesacatalunya.cat\/wp-content\/litespeed\/avatar\/ba530fe068c88283940054d0b5ea1f09.jpg?ver=1777376928\",\"caption\":\"Carles Ros Arpa\"},\"url\":\"https:\/\/conversesacatalunya.cat\/es\/author\/carles-ros-arpa\/\"}]}<\/script>\n<!-- \/ Yoast SEO plugin. -->","yoast_head_json":{"title":"\u00bfEliminar la mensajera o su buena noticia? - Converses a Catalunya","description":"extenso estudio llamado\u00a0\"la inmatriculaci\u00f3n de bienes inmuebles de la Iglesia cat\u00f3lica en el registro de la propiedad desde el a\u00f1o 1998\"","robots":{"index":"index","follow":"follow","max-snippet":"max-snippet:-1","max-image-preview":"max-image-preview:large","max-video-preview":"max-video-preview:-1"},"canonical":"https:\/\/conversesacatalunya.cat\/es\/eliminar-la-mensajera-o-su-buena-noticia\/","og_locale":"es_ES","og_type":"article","og_title":"\u00bfEliminar la mensajera o su buena noticia? - Converses a Catalunya","og_description":"extenso estudio llamado\u00a0\"la inmatriculaci\u00f3n de bienes inmuebles de la Iglesia cat\u00f3lica en el registro de la propiedad desde el a\u00f1o 1998\"","og_url":"https:\/\/conversesacatalunya.cat\/es\/eliminar-la-mensajera-o-su-buena-noticia\/","og_site_name":"Converses a Catalunya","article_published_time":"2021-04-12T07:19:14+00:00","article_modified_time":"2021-04-12T08:02:44+00:00","og_image":[{"width":640,"height":427,"url":"https:\/\/conversesacatalunya.cat\/wp-content\/uploads\/2021\/04\/Esglesia-catolica.jpg","type":"image\/jpeg"}],"author":"Carles Ros Arpa","twitter_card":"summary_large_image","twitter_misc":{"Escrito por":"Carles Ros Arpa","Tiempo de lectura":"5 minutos"},"schema":{"@context":"https:\/\/schema.org","@graph":[{"@type":"Article","@id":"https:\/\/conversesacatalunya.cat\/es\/eliminar-la-mensajera-o-su-buena-noticia\/#article","isPartOf":{"@id":"https:\/\/conversesacatalunya.cat\/es\/eliminar-la-mensajera-o-su-buena-noticia\/"},"author":{"name":"Carles Ros Arpa","@id":"https:\/\/conversesacatalunya.cat\/#\/schema\/person\/158977e8a6f4c10be20fb1e30375371b"},"headline":"\u00bfEliminar la mensajera o su buena noticia?","datePublished":"2021-04-12T07:19:14+00:00","dateModified":"2021-04-12T08:02:44+00:00","mainEntityOfPage":{"@id":"https:\/\/conversesacatalunya.cat\/es\/eliminar-la-mensajera-o-su-buena-noticia\/"},"wordCount":989,"commentCount":0,"image":{"@id":"https:\/\/conversesacatalunya.cat\/es\/eliminar-la-mensajera-o-su-buena-noticia\/#primaryimage"},"thumbnailUrl":"https:\/\/conversesacatalunya.cat\/wp-content\/uploads\/2021\/04\/Esglesia-catolica.jpg","keywords":["Esgl\u00e8sia Cat\u00f2lica","iglesia cat\u00f3lica"],"articleSection":["Veritas in caritate (ES)"],"inLanguage":"es","potentialAction":[{"@type":"CommentAction","name":"Comment","target":["https:\/\/conversesacatalunya.cat\/es\/eliminar-la-mensajera-o-su-buena-noticia\/#respond"]}]},{"@type":"WebPage","@id":"https:\/\/conversesacatalunya.cat\/es\/eliminar-la-mensajera-o-su-buena-noticia\/","url":"https:\/\/conversesacatalunya.cat\/es\/eliminar-la-mensajera-o-su-buena-noticia\/","name":"\u00bfEliminar la mensajera o su buena noticia? - Converses a Catalunya","isPartOf":{"@id":"https:\/\/conversesacatalunya.cat\/#website"},"primaryImageOfPage":{"@id":"https:\/\/conversesacatalunya.cat\/es\/eliminar-la-mensajera-o-su-buena-noticia\/#primaryimage"},"image":{"@id":"https:\/\/conversesacatalunya.cat\/es\/eliminar-la-mensajera-o-su-buena-noticia\/#primaryimage"},"thumbnailUrl":"https:\/\/conversesacatalunya.cat\/wp-content\/uploads\/2021\/04\/Esglesia-catolica.jpg","datePublished":"2021-04-12T07:19:14+00:00","dateModified":"2021-04-12T08:02:44+00:00","author":{"@id":"https:\/\/conversesacatalunya.cat\/#\/schema\/person\/158977e8a6f4c10be20fb1e30375371b"},"description":"extenso estudio llamado\u00a0\"la inmatriculaci\u00f3n de bienes inmuebles de la Iglesia cat\u00f3lica en el registro de la propiedad desde el a\u00f1o 1998\"","breadcrumb":{"@id":"https:\/\/conversesacatalunya.cat\/es\/eliminar-la-mensajera-o-su-buena-noticia\/#breadcrumb"},"inLanguage":"es","potentialAction":[{"@type":"ReadAction","target":["https:\/\/conversesacatalunya.cat\/es\/eliminar-la-mensajera-o-su-buena-noticia\/"]}]},{"@type":"ImageObject","inLanguage":"es","@id":"https:\/\/conversesacatalunya.cat\/es\/eliminar-la-mensajera-o-su-buena-noticia\/#primaryimage","url":"https:\/\/conversesacatalunya.cat\/wp-content\/uploads\/2021\/04\/Esglesia-catolica.jpg","contentUrl":"https:\/\/conversesacatalunya.cat\/wp-content\/uploads\/2021\/04\/Esglesia-catolica.jpg","width":640,"height":427,"caption":"Iglesia cat\u00f3lica"},{"@type":"BreadcrumbList","@id":"https:\/\/conversesacatalunya.cat\/es\/eliminar-la-mensajera-o-su-buena-noticia\/#breadcrumb","itemListElement":[{"@type":"ListItem","position":1,"name":"Inici","item":"https:\/\/conversesacatalunya.cat\/es\/"},{"@type":"ListItem","position":2,"name":"\u00bfEliminar la mensajera o su buena noticia?"}]},{"@type":"WebSite","@id":"https:\/\/conversesacatalunya.cat\/#website","url":"https:\/\/conversesacatalunya.cat\/","name":"Converses a Catalunya","description":"","potentialAction":[{"@type":"SearchAction","target":{"@type":"EntryPoint","urlTemplate":"https:\/\/conversesacatalunya.cat\/?s={search_term_string}"},"query-input":{"@type":"PropertyValueSpecification","valueRequired":true,"valueName":"search_term_string"}}],"inLanguage":"es"},{"@type":"Person","@id":"https:\/\/conversesacatalunya.cat\/#\/schema\/person\/158977e8a6f4c10be20fb1e30375371b","name":"Carles Ros Arpa","image":{"@type":"ImageObject","inLanguage":"es","@id":"https:\/\/conversesacatalunya.cat\/#\/schema\/person\/image\/","url":"https:\/\/conversesacatalunya.cat\/wp-content\/litespeed\/avatar\/ba530fe068c88283940054d0b5ea1f09.jpg?ver=1777376928","contentUrl":"https:\/\/conversesacatalunya.cat\/wp-content\/litespeed\/avatar\/ba530fe068c88283940054d0b5ea1f09.jpg?ver=1777376928","caption":"Carles Ros Arpa"},"url":"https:\/\/conversesacatalunya.cat\/es\/author\/carles-ros-arpa\/"}]}},"wps_subtitle":"Lo que est\u00e1 en juego es nuestra civilizaci\u00f3n occidental, que desde dentro ve gravemente atacadas sus ra\u00edces cristianas","_links":{"self":[{"href":"https:\/\/conversesacatalunya.cat\/es\/wp-json\/wp\/v2\/posts\/46864","targetHints":{"allow":["GET"]}}],"collection":[{"href":"https:\/\/conversesacatalunya.cat\/es\/wp-json\/wp\/v2\/posts"}],"about":[{"href":"https:\/\/conversesacatalunya.cat\/es\/wp-json\/wp\/v2\/types\/post"}],"author":[{"embeddable":true,"href":"https:\/\/conversesacatalunya.cat\/es\/wp-json\/wp\/v2\/users\/6"}],"replies":[{"embeddable":true,"href":"https:\/\/conversesacatalunya.cat\/es\/wp-json\/wp\/v2\/comments?post=46864"}],"version-history":[{"count":6,"href":"https:\/\/conversesacatalunya.cat\/es\/wp-json\/wp\/v2\/posts\/46864\/revisions"}],"predecessor-version":[{"id":46872,"href":"https:\/\/conversesacatalunya.cat\/es\/wp-json\/wp\/v2\/posts\/46864\/revisions\/46872"}],"wp:featuredmedia":[{"embeddable":true,"href":"https:\/\/conversesacatalunya.cat\/es\/wp-json\/wp\/v2\/media\/46861"}],"wp:attachment":[{"href":"https:\/\/conversesacatalunya.cat\/es\/wp-json\/wp\/v2\/media?parent=46864"}],"wp:term":[{"taxonomy":"category","embeddable":true,"href":"https:\/\/conversesacatalunya.cat\/es\/wp-json\/wp\/v2\/categories?post=46864"},{"taxonomy":"post_tag","embeddable":true,"href":"https:\/\/conversesacatalunya.cat\/es\/wp-json\/wp\/v2\/tags?post=46864"}],"curies":[{"name":"wp","href":"https:\/\/api.w.org\/{rel}","templated":true}]}}