{"id":46827,"date":"2021-04-09T10:35:08","date_gmt":"2021-04-09T08:35:08","guid":{"rendered":"https:\/\/conversesacatalunya.cat\/lloguers-en-vuit-capitals-es-paga-mes-dun-terc-dels-ingressos\/"},"modified":"2021-04-09T11:22:20","modified_gmt":"2021-04-09T09:22:20","slug":"alquiler-en-ocho-capitales-se-paga-mas-de-un-tercio-de-los-ingresos","status":"publish","type":"post","link":"https:\/\/conversesacatalunya.cat\/es\/alquiler-en-ocho-capitales-se-paga-mas-de-un-tercio-de-los-ingresos\/","title":{"rendered":"Alquiler: en ocho capitales se paga m\u00e1s de un tercio de los ingresos"},"content":{"rendered":"<p>En ocho capitales espa\u00f1olas los hogares que viven de alquiler <strong>tienen que destinar m\u00e1s del tercio de sus ingresos que dicta como l\u00edmite la recomendaci\u00f3n a pagar la renta<\/strong>, seg\u00fan un estudio realizado por Idealista. Al contrario de lo que pueda parecer, el estudio refleja que no es en los grandes mercados donde se realiza un mayor esfuerzo. En cualquier caso, en ninguna capital se sobrepasa el 40%.<\/p>\n<p>Siguiendo las indicaciones de la futura ley de regulaci\u00f3n de los alquileres, se considera que el mercado de los alquileres est\u00e1 tensionado si cumple los dos siguientes requisitos: el precio se ha incrementado en cinco a\u00f1os m\u00e1s de cinco puntos por encima de lo que ha subido el IPC auton\u00f3mico y que el gasto medio en vivienda supere el 30% de los ingresos medios o de la renta media de los hogares.<\/p>\n<p>Cruzando los precios del alquiler en marzo de 2021 y la estimaci\u00f3n de ingresos familiares en esa misma fecha,<strong> la ciudad de Barcelona exigir\u00eda el 33% de los ingresos para el pago de la renta<\/strong>, y en Madrid se incrementa ligeramente hasta el 36%. Si la ciudad condal se ci\u00f1e al l\u00edmite, la capital lo sobrepasa por poco.<\/p>\n<p>Contraviniendo la creencia generalizada de que el esfuerzo de los hogares es mayor en las grandes capitales, la ciudad de Santa Cruz de Tenerife es el lugar donde se registra el porcentaje m\u00e1s alto, ya que las familias deben destinar el 39% de sus ingresos al pago del alquiler. A continuaci\u00f3n se sit\u00faa Almer\u00eda con el 37% de los ingresos destinados al alquiler y, tras ella, Las Palmas de Gran Canaria, Alicante, Segovia y Madrid, con el 36% en los cuatro casos. Lleida y Sevilla, comparten una tasa de esfuerzo del 35%.<\/p>\n<p>Cuatro capitales se mantienen en la recomendaci\u00f3n del 33%: Huelva, Guadalajara, Bilbao, Murcia y Barcelona. En Palma, Badajoz, San Sebasti\u00e1n y Toledo el esfuerzo requerido es del 32%, mientras que en Pamplona, Castell\u00f3n y Valencia se queda en el 31%.<\/p>\n<p>Palencia, Ourense y Melilla son las tres ciudades en las que el esfuerzo para alquilar una vivienda es menor (22%). Les sigue la ciudad de Huesca (23%), Pontevedra (24%), Soria (24%), Burgos (25%) y A Coru\u00f1a (25%). Con el 26% de los ingresos familiares encontramos a Valladolid, Le\u00f3n, Zamora, Oviedo y Tarragona.<\/p>\n","protected":false},"excerpt":{"rendered":"<p>En ocho capitales espa\u00f1olas los hogares que viven de alquiler tienen que destinar m\u00e1s del tercio de sus ingresos que dicta como l\u00edmite la recomendaci\u00f3n a pagar la renta, seg\u00fan un estudio realizado por Idealista. Al contrario de lo que pueda parecer, el estudio refleja que no es en los grandes mercados donde se realiza un mayor esfuerzo. En cualquier caso, en ninguna capital se sobrepasa el 40%. Siguiendo las indicaciones de la futura ley de regulaci\u00f3n de los alquileres, se considera que el mercado de los alquileres est\u00e1 tensionado si cumple los dos siguientes requisitos: el precio se ha incrementado en cinco a\u00f1os m\u00e1s de cinco puntos por encima de lo que ha subido el IPC auton\u00f3mico y que el gasto medio en vivienda supere el 30% de los ingresos medios o de la renta media de los hogares. Cruzando los precios del alquiler en marzo de 2021 y la estimaci\u00f3n de ingresos familiares en esa misma fecha, la ciudad de Barcelona exigir\u00eda el 33% de los ingresos para el pago de la renta, y en Madrid se incrementa ligeramente hasta el 36%. Si la ciudad condal se ci\u00f1e al l\u00edmite, la capital lo sobrepasa por poco. Contraviniendo la creencia generalizada de que el esfuerzo de los hogares es mayor en las grandes capitales, la ciudad de Santa Cruz de Tenerife es el lugar donde se registra el porcentaje m\u00e1s alto, ya que las familias deben destinar el 39% de sus ingresos al pago del alquiler. A continuaci\u00f3n se sit\u00faa Almer\u00eda con el 37% de los ingresos destinados al alquiler y, tras ella, Las Palmas de Gran Canaria, Alicante, Segovia y Madrid, con el 36% en los cuatro casos. Lleida y Sevilla, comparten una tasa de esfuerzo del 35%. Cuatro capitales se mantienen en la recomendaci\u00f3n del 33%: Huelva, Guadalajara, Bilbao, Murcia y Barcelona. En Palma, Badajoz, San Sebasti\u00e1n y Toledo el esfuerzo requerido es del 32%, mientras que en Pamplona, Castell\u00f3n y Valencia se queda en el 31%. Palencia, Ourense y Melilla son las tres ciudades en las que el esfuerzo para alquilar una vivienda es menor (22%). Les sigue la ciudad de Huesca (23%), Pontevedra (24%), Soria (24%), Burgos (25%) y A Coru\u00f1a (25%). Con el 26% de los ingresos familiares encontramos a Valladolid, Le\u00f3n, Zamora, Oviedo y Tarragona.<\/p>\n","protected":false},"author":20,"featured_media":46824,"comment_status":"open","ping_status":"open","sticky":false,"template":"","format":"standard","meta":{"_FSMCFIC_featured_image_caption":"","_FSMCFIC_featured_image_nocaption":"","_FSMCFIC_featured_image_hide":"","footnotes":""},"categories":[806],"tags":[3637,889,1360],"class_list":["post-46827","post","type-post","status-publish","format-standard","has-post-thumbnail","hentry","category-punts-claus-del-dia-es","tag-alquileres","tag-barcelona-es","tag-madrid-es"],"yoast_head":"<!-- This site is optimized with the Yoast SEO plugin v26.8 - https:\/\/yoast.com\/product\/yoast-seo-wordpress\/ -->\n<title>Alquiler: en ocho capitales se paga m\u00e1s de un tercio de los ingresos -<\/title>\n<meta name=\"description\" content=\"Seg\u00fan el \u00faltimo estudio publicado por el Idealista, en numerosas capitales de Espa\u00f1a sus habitantes de media pagan m\u00e1s de un tercio\" \/>\n<meta name=\"robots\" content=\"index, follow, max-snippet:-1, max-image-preview:large, max-video-preview:-1\" \/>\n<link rel=\"canonical\" href=\"https:\/\/conversesacatalunya.cat\/es\/alquiler-en-ocho-capitales-se-paga-mas-de-un-tercio-de-los-ingresos\/\" \/>\n<meta property=\"og:locale\" content=\"es_ES\" \/>\n<meta property=\"og:type\" content=\"article\" \/>\n<meta property=\"og:title\" content=\"Alquiler: en ocho capitales se paga m\u00e1s de un tercio de los ingresos -\" \/>\n<meta property=\"og:description\" content=\"Seg\u00fan el \u00faltimo estudio publicado por el Idealista, en numerosas capitales de Espa\u00f1a sus habitantes de media pagan m\u00e1s de un tercio\" \/>\n<meta property=\"og:url\" content=\"https:\/\/conversesacatalunya.cat\/es\/alquiler-en-ocho-capitales-se-paga-mas-de-un-tercio-de-los-ingresos\/\" \/>\n<meta property=\"og:site_name\" content=\"Converses a Catalunya\" \/>\n<meta property=\"article:published_time\" content=\"2021-04-09T08:35:08+00:00\" \/>\n<meta property=\"article:modified_time\" content=\"2021-04-09T09:22:20+00:00\" \/>\n<meta property=\"og:image\" content=\"https:\/\/conversesacatalunya.cat\/wp-content\/uploads\/2021\/04\/Capture-5.png\" \/>\n\t<meta property=\"og:image:width\" content=\"927\" \/>\n\t<meta property=\"og:image:height\" content=\"690\" \/>\n\t<meta property=\"og:image:type\" content=\"image\/png\" \/>\n<meta name=\"author\" content=\"conversesacatalunya\" \/>\n<meta name=\"twitter:card\" content=\"summary_large_image\" \/>\n<meta name=\"twitter:label1\" content=\"Escrito por\" \/>\n\t<meta name=\"twitter:data1\" content=\"conversesacatalunya\" \/>\n\t<meta name=\"twitter:label2\" content=\"Tiempo de lectura\" \/>\n\t<meta name=\"twitter:data2\" content=\"2 minutos\" \/>\n<script type=\"application\/ld+json\" class=\"yoast-schema-graph\">{\"@context\":\"https:\/\/schema.org\",\"@graph\":[{\"@type\":\"Article\",\"@id\":\"https:\/\/conversesacatalunya.cat\/es\/alquiler-en-ocho-capitales-se-paga-mas-de-un-tercio-de-los-ingresos\/#article\",\"isPartOf\":{\"@id\":\"https:\/\/conversesacatalunya.cat\/es\/alquiler-en-ocho-capitales-se-paga-mas-de-un-tercio-de-los-ingresos\/\"},\"author\":{\"name\":\"conversesacatalunya\",\"@id\":\"https:\/\/conversesacatalunya.cat\/#\/schema\/person\/a7a9496a363cd9847daf7cd659d92e64\"},\"headline\":\"Alquiler: en ocho capitales se paga m\u00e1s de un tercio de los ingresos\",\"datePublished\":\"2021-04-09T08:35:08+00:00\",\"dateModified\":\"2021-04-09T09:22:20+00:00\",\"mainEntityOfPage\":{\"@id\":\"https:\/\/conversesacatalunya.cat\/es\/alquiler-en-ocho-capitales-se-paga-mas-de-un-tercio-de-los-ingresos\/\"},\"wordCount\":399,\"commentCount\":0,\"image\":{\"@id\":\"https:\/\/conversesacatalunya.cat\/es\/alquiler-en-ocho-capitales-se-paga-mas-de-un-tercio-de-los-ingresos\/#primaryimage\"},\"thumbnailUrl\":\"https:\/\/conversesacatalunya.cat\/wp-content\/uploads\/2021\/04\/Capture-5.png\",\"keywords\":[\"Alquileres\",\"Barcelona\",\"Madrid\"],\"articleSection\":[\"Punts clau del dia (ES)\"],\"inLanguage\":\"es\",\"potentialAction\":[{\"@type\":\"CommentAction\",\"name\":\"Comment\",\"target\":[\"https:\/\/conversesacatalunya.cat\/es\/alquiler-en-ocho-capitales-se-paga-mas-de-un-tercio-de-los-ingresos\/#respond\"]}]},{\"@type\":\"WebPage\",\"@id\":\"https:\/\/conversesacatalunya.cat\/es\/alquiler-en-ocho-capitales-se-paga-mas-de-un-tercio-de-los-ingresos\/\",\"url\":\"https:\/\/conversesacatalunya.cat\/es\/alquiler-en-ocho-capitales-se-paga-mas-de-un-tercio-de-los-ingresos\/\",\"name\":\"Alquiler: en ocho capitales se paga m\u00e1s de un tercio de los ingresos -\",\"isPartOf\":{\"@id\":\"https:\/\/conversesacatalunya.cat\/#website\"},\"primaryImageOfPage\":{\"@id\":\"https:\/\/conversesacatalunya.cat\/es\/alquiler-en-ocho-capitales-se-paga-mas-de-un-tercio-de-los-ingresos\/#primaryimage\"},\"image\":{\"@id\":\"https:\/\/conversesacatalunya.cat\/es\/alquiler-en-ocho-capitales-se-paga-mas-de-un-tercio-de-los-ingresos\/#primaryimage\"},\"thumbnailUrl\":\"https:\/\/conversesacatalunya.cat\/wp-content\/uploads\/2021\/04\/Capture-5.png\",\"datePublished\":\"2021-04-09T08:35:08+00:00\",\"dateModified\":\"2021-04-09T09:22:20+00:00\",\"author\":{\"@id\":\"https:\/\/conversesacatalunya.cat\/#\/schema\/person\/a7a9496a363cd9847daf7cd659d92e64\"},\"description\":\"Seg\u00fan el \u00faltimo estudio publicado por el Idealista, en numerosas capitales de Espa\u00f1a sus habitantes de media pagan m\u00e1s de un tercio\",\"breadcrumb\":{\"@id\":\"https:\/\/conversesacatalunya.cat\/es\/alquiler-en-ocho-capitales-se-paga-mas-de-un-tercio-de-los-ingresos\/#breadcrumb\"},\"inLanguage\":\"es\",\"potentialAction\":[{\"@type\":\"ReadAction\",\"target\":[\"https:\/\/conversesacatalunya.cat\/es\/alquiler-en-ocho-capitales-se-paga-mas-de-un-tercio-de-los-ingresos\/\"]}]},{\"@type\":\"ImageObject\",\"inLanguage\":\"es\",\"@id\":\"https:\/\/conversesacatalunya.cat\/es\/alquiler-en-ocho-capitales-se-paga-mas-de-un-tercio-de-los-ingresos\/#primaryimage\",\"url\":\"https:\/\/conversesacatalunya.cat\/wp-content\/uploads\/2021\/04\/Capture-5.png\",\"contentUrl\":\"https:\/\/conversesacatalunya.cat\/wp-content\/uploads\/2021\/04\/Capture-5.png\",\"width\":927,\"height\":690,\"caption\":\"capitales\"},{\"@type\":\"BreadcrumbList\",\"@id\":\"https:\/\/conversesacatalunya.cat\/es\/alquiler-en-ocho-capitales-se-paga-mas-de-un-tercio-de-los-ingresos\/#breadcrumb\",\"itemListElement\":[{\"@type\":\"ListItem\",\"position\":1,\"name\":\"Inici\",\"item\":\"https:\/\/conversesacatalunya.cat\/es\/\"},{\"@type\":\"ListItem\",\"position\":2,\"name\":\"Alquiler: en ocho capitales se paga m\u00e1s de un tercio de los ingresos\"}]},{\"@type\":\"WebSite\",\"@id\":\"https:\/\/conversesacatalunya.cat\/#website\",\"url\":\"https:\/\/conversesacatalunya.cat\/\",\"name\":\"Converses a Catalunya\",\"description\":\"\",\"potentialAction\":[{\"@type\":\"SearchAction\",\"target\":{\"@type\":\"EntryPoint\",\"urlTemplate\":\"https:\/\/conversesacatalunya.cat\/?s={search_term_string}\"},\"query-input\":{\"@type\":\"PropertyValueSpecification\",\"valueRequired\":true,\"valueName\":\"search_term_string\"}}],\"inLanguage\":\"es\"},{\"@type\":\"Person\",\"@id\":\"https:\/\/conversesacatalunya.cat\/#\/schema\/person\/a7a9496a363cd9847daf7cd659d92e64\",\"name\":\"conversesacatalunya\",\"image\":{\"@type\":\"ImageObject\",\"inLanguage\":\"es\",\"@id\":\"https:\/\/conversesacatalunya.cat\/#\/schema\/person\/image\/\",\"url\":\"https:\/\/conversesacatalunya.cat\/wp-content\/litespeed\/avatar\/ff91582b44ff9c880dc9c5ac2f5c7e89.jpg?ver=1777372947\",\"contentUrl\":\"https:\/\/conversesacatalunya.cat\/wp-content\/litespeed\/avatar\/ff91582b44ff9c880dc9c5ac2f5c7e89.jpg?ver=1777372947\",\"caption\":\"conversesacatalunya\"},\"url\":\"https:\/\/conversesacatalunya.cat\/es\/author\/francisco_garcia\/\"}]}<\/script>\n<!-- \/ Yoast SEO plugin. -->","yoast_head_json":{"title":"Alquiler: en ocho capitales se paga m\u00e1s de un tercio de los ingresos -","description":"Seg\u00fan el \u00faltimo estudio publicado por el Idealista, en numerosas capitales de Espa\u00f1a sus habitantes de media pagan m\u00e1s de un tercio","robots":{"index":"index","follow":"follow","max-snippet":"max-snippet:-1","max-image-preview":"max-image-preview:large","max-video-preview":"max-video-preview:-1"},"canonical":"https:\/\/conversesacatalunya.cat\/es\/alquiler-en-ocho-capitales-se-paga-mas-de-un-tercio-de-los-ingresos\/","og_locale":"es_ES","og_type":"article","og_title":"Alquiler: en ocho capitales se paga m\u00e1s de un tercio de los ingresos -","og_description":"Seg\u00fan el \u00faltimo estudio publicado por el Idealista, en numerosas capitales de Espa\u00f1a sus habitantes de media pagan m\u00e1s de un tercio","og_url":"https:\/\/conversesacatalunya.cat\/es\/alquiler-en-ocho-capitales-se-paga-mas-de-un-tercio-de-los-ingresos\/","og_site_name":"Converses a Catalunya","article_published_time":"2021-04-09T08:35:08+00:00","article_modified_time":"2021-04-09T09:22:20+00:00","og_image":[{"width":927,"height":690,"url":"https:\/\/conversesacatalunya.cat\/wp-content\/uploads\/2021\/04\/Capture-5.png","type":"image\/png"}],"author":"conversesacatalunya","twitter_card":"summary_large_image","twitter_misc":{"Escrito por":"conversesacatalunya","Tiempo de lectura":"2 minutos"},"schema":{"@context":"https:\/\/schema.org","@graph":[{"@type":"Article","@id":"https:\/\/conversesacatalunya.cat\/es\/alquiler-en-ocho-capitales-se-paga-mas-de-un-tercio-de-los-ingresos\/#article","isPartOf":{"@id":"https:\/\/conversesacatalunya.cat\/es\/alquiler-en-ocho-capitales-se-paga-mas-de-un-tercio-de-los-ingresos\/"},"author":{"name":"conversesacatalunya","@id":"https:\/\/conversesacatalunya.cat\/#\/schema\/person\/a7a9496a363cd9847daf7cd659d92e64"},"headline":"Alquiler: en ocho capitales se paga m\u00e1s de un tercio de los ingresos","datePublished":"2021-04-09T08:35:08+00:00","dateModified":"2021-04-09T09:22:20+00:00","mainEntityOfPage":{"@id":"https:\/\/conversesacatalunya.cat\/es\/alquiler-en-ocho-capitales-se-paga-mas-de-un-tercio-de-los-ingresos\/"},"wordCount":399,"commentCount":0,"image":{"@id":"https:\/\/conversesacatalunya.cat\/es\/alquiler-en-ocho-capitales-se-paga-mas-de-un-tercio-de-los-ingresos\/#primaryimage"},"thumbnailUrl":"https:\/\/conversesacatalunya.cat\/wp-content\/uploads\/2021\/04\/Capture-5.png","keywords":["Alquileres","Barcelona","Madrid"],"articleSection":["Punts clau del dia (ES)"],"inLanguage":"es","potentialAction":[{"@type":"CommentAction","name":"Comment","target":["https:\/\/conversesacatalunya.cat\/es\/alquiler-en-ocho-capitales-se-paga-mas-de-un-tercio-de-los-ingresos\/#respond"]}]},{"@type":"WebPage","@id":"https:\/\/conversesacatalunya.cat\/es\/alquiler-en-ocho-capitales-se-paga-mas-de-un-tercio-de-los-ingresos\/","url":"https:\/\/conversesacatalunya.cat\/es\/alquiler-en-ocho-capitales-se-paga-mas-de-un-tercio-de-los-ingresos\/","name":"Alquiler: en ocho capitales se paga m\u00e1s de un tercio de los ingresos -","isPartOf":{"@id":"https:\/\/conversesacatalunya.cat\/#website"},"primaryImageOfPage":{"@id":"https:\/\/conversesacatalunya.cat\/es\/alquiler-en-ocho-capitales-se-paga-mas-de-un-tercio-de-los-ingresos\/#primaryimage"},"image":{"@id":"https:\/\/conversesacatalunya.cat\/es\/alquiler-en-ocho-capitales-se-paga-mas-de-un-tercio-de-los-ingresos\/#primaryimage"},"thumbnailUrl":"https:\/\/conversesacatalunya.cat\/wp-content\/uploads\/2021\/04\/Capture-5.png","datePublished":"2021-04-09T08:35:08+00:00","dateModified":"2021-04-09T09:22:20+00:00","author":{"@id":"https:\/\/conversesacatalunya.cat\/#\/schema\/person\/a7a9496a363cd9847daf7cd659d92e64"},"description":"Seg\u00fan el \u00faltimo estudio publicado por el Idealista, en numerosas capitales de Espa\u00f1a sus habitantes de media pagan m\u00e1s de un tercio","breadcrumb":{"@id":"https:\/\/conversesacatalunya.cat\/es\/alquiler-en-ocho-capitales-se-paga-mas-de-un-tercio-de-los-ingresos\/#breadcrumb"},"inLanguage":"es","potentialAction":[{"@type":"ReadAction","target":["https:\/\/conversesacatalunya.cat\/es\/alquiler-en-ocho-capitales-se-paga-mas-de-un-tercio-de-los-ingresos\/"]}]},{"@type":"ImageObject","inLanguage":"es","@id":"https:\/\/conversesacatalunya.cat\/es\/alquiler-en-ocho-capitales-se-paga-mas-de-un-tercio-de-los-ingresos\/#primaryimage","url":"https:\/\/conversesacatalunya.cat\/wp-content\/uploads\/2021\/04\/Capture-5.png","contentUrl":"https:\/\/conversesacatalunya.cat\/wp-content\/uploads\/2021\/04\/Capture-5.png","width":927,"height":690,"caption":"capitales"},{"@type":"BreadcrumbList","@id":"https:\/\/conversesacatalunya.cat\/es\/alquiler-en-ocho-capitales-se-paga-mas-de-un-tercio-de-los-ingresos\/#breadcrumb","itemListElement":[{"@type":"ListItem","position":1,"name":"Inici","item":"https:\/\/conversesacatalunya.cat\/es\/"},{"@type":"ListItem","position":2,"name":"Alquiler: en ocho capitales se paga m\u00e1s de un tercio de los ingresos"}]},{"@type":"WebSite","@id":"https:\/\/conversesacatalunya.cat\/#website","url":"https:\/\/conversesacatalunya.cat\/","name":"Converses a Catalunya","description":"","potentialAction":[{"@type":"SearchAction","target":{"@type":"EntryPoint","urlTemplate":"https:\/\/conversesacatalunya.cat\/?s={search_term_string}"},"query-input":{"@type":"PropertyValueSpecification","valueRequired":true,"valueName":"search_term_string"}}],"inLanguage":"es"},{"@type":"Person","@id":"https:\/\/conversesacatalunya.cat\/#\/schema\/person\/a7a9496a363cd9847daf7cd659d92e64","name":"conversesacatalunya","image":{"@type":"ImageObject","inLanguage":"es","@id":"https:\/\/conversesacatalunya.cat\/#\/schema\/person\/image\/","url":"https:\/\/conversesacatalunya.cat\/wp-content\/litespeed\/avatar\/ff91582b44ff9c880dc9c5ac2f5c7e89.jpg?ver=1777372947","contentUrl":"https:\/\/conversesacatalunya.cat\/wp-content\/litespeed\/avatar\/ff91582b44ff9c880dc9c5ac2f5c7e89.jpg?ver=1777372947","caption":"conversesacatalunya"},"url":"https:\/\/conversesacatalunya.cat\/es\/author\/francisco_garcia\/"}]}},"wps_subtitle":"Seg\u00fan el \u00faltimo estudio publicado por el Idealista, en numerosas capitales de Espa\u00f1a sus habitantes de media pagan m\u00e1s de un tercio de sus ingresos","_links":{"self":[{"href":"https:\/\/conversesacatalunya.cat\/es\/wp-json\/wp\/v2\/posts\/46827","targetHints":{"allow":["GET"]}}],"collection":[{"href":"https:\/\/conversesacatalunya.cat\/es\/wp-json\/wp\/v2\/posts"}],"about":[{"href":"https:\/\/conversesacatalunya.cat\/es\/wp-json\/wp\/v2\/types\/post"}],"author":[{"embeddable":true,"href":"https:\/\/conversesacatalunya.cat\/es\/wp-json\/wp\/v2\/users\/20"}],"replies":[{"embeddable":true,"href":"https:\/\/conversesacatalunya.cat\/es\/wp-json\/wp\/v2\/comments?post=46827"}],"version-history":[{"count":2,"href":"https:\/\/conversesacatalunya.cat\/es\/wp-json\/wp\/v2\/posts\/46827\/revisions"}],"predecessor-version":[{"id":46829,"href":"https:\/\/conversesacatalunya.cat\/es\/wp-json\/wp\/v2\/posts\/46827\/revisions\/46829"}],"wp:featuredmedia":[{"embeddable":true,"href":"https:\/\/conversesacatalunya.cat\/es\/wp-json\/wp\/v2\/media\/46824"}],"wp:attachment":[{"href":"https:\/\/conversesacatalunya.cat\/es\/wp-json\/wp\/v2\/media?parent=46827"}],"wp:term":[{"taxonomy":"category","embeddable":true,"href":"https:\/\/conversesacatalunya.cat\/es\/wp-json\/wp\/v2\/categories?post=46827"},{"taxonomy":"post_tag","embeddable":true,"href":"https:\/\/conversesacatalunya.cat\/es\/wp-json\/wp\/v2\/tags?post=46827"}],"curies":[{"name":"wp","href":"https:\/\/api.w.org\/{rel}","templated":true}]}}