{"id":46811,"date":"2021-04-08T13:02:02","date_gmt":"2021-04-08T11:02:02","guid":{"rendered":"https:\/\/conversesacatalunya.cat\/?p=46811"},"modified":"2021-04-08T13:02:02","modified_gmt":"2021-04-08T11:02:02","slug":"impera-la-confusion-tras-las-declaraciones-del-presidente-sanchez-sobre-la-vacunacion-y-el-estado-de-alarma","status":"publish","type":"post","link":"https:\/\/conversesacatalunya.cat\/es\/impera-la-confusion-tras-las-declaraciones-del-presidente-sanchez-sobre-la-vacunacion-y-el-estado-de-alarma\/","title":{"rendered":"Impera la confusi\u00f3n tras las declaraciones del presidente S\u00e1nchez sobre la vacunaci\u00f3n y el estado de alarma"},"content":{"rendered":"<p>Tras una intervenci\u00f3n p\u00fablica intencionadamente triunfal, en la que el presidente S\u00e1nchez anunciaba, al menos por tercera vez, el principio del fin de la pandemia, comprometi\u00e9ndose a un esperanzador y exigente programa de vacunaci\u00f3n,\u00a0<strong>impera la confusi\u00f3n<\/strong>\u00a0.<\/p>\n<p>El efecto optimista ha durado escasamente 24 horas porque a continuaci\u00f3n se han producido una serie de hechos que, como m\u00ednimo, nos dejan a todos desconcertados.<\/p>\n<p>Primero, por el fin de <strong>el estado de alarma<\/strong>\u00a0a principios de mayo sin establecer ning\u00fan mecanismo general que permita adoptar medidas restrictivas y coordinadas al conjunto de las comunidades aut\u00f3nomas.\u00a0No era l\u00f3gico establecer un estado de alarma tan largo que s\u00f3lo facilitaba eludir el control parlamentario del gobierno por parte del Parlamento.<\/p>\n<p>Pero, despu\u00e9s de tantos meses en esta situaci\u00f3n lo que resulta incomprensible es que\u00a0<strong>se pase del estado de alarma a la nada<\/strong>\u00a0de un d\u00eda para otro, y se dejen al albor de cada autonom\u00eda, y de la interpretaci\u00f3n de cada tribunal de justicia, las medidas a adoptar.<\/p>\n<p>Este escenario genera una gran incertidumbre y no favorece para nada a una imagen organizada del pa\u00eds.\u00a0Resulta incomprensible que la anunciada\u00a0<strong>legislaci\u00f3n espec\u00edfica<\/strong>\u00a0de car\u00e1cter sanitario para luchar contra la pandemia, que anunci\u00f3 la vicepresidenta primera del gobierno, Carmen Calvo, en octubre del a\u00f1o pasado, haya quedado en nada.\u00a0Y todo ello con la perspectiva de una incierta\u00a0<strong>cuarta ola<\/strong>\u00a0.<\/p>\n<p>Es evidente que S\u00e1nchez no quiere someterse a la votaci\u00f3n de un nuevo estado de alarma en el Congreso, porque tiene todas las dudas del mundo de salir bien parado.\u00a0Pero, precisamente, por esta raz\u00f3n deber\u00eda poner sobre la mesa un\u00a0<strong>plan gubernamental que permitiera gestionar la Covid-19<\/strong>\u00a0hasta alcanzar la inmunidad de grupo.<\/p>\n<p>Junto a este desconcierto se producen tres m\u00e1s.<\/p>\n<p>Uno de ellos es la rectificaci\u00f3n en toda regla de la muy reciente normativa del gobierno que obligaba a llevar\u00a0<strong>mascarilla en la playa<\/strong>\u00a0a pesar de que hubiera la distancia suficiente entre las personas.\u00a0Al final el sentido com\u00fan se ha impuesto, pero lo que resulta extra\u00f1o es que, a estas alturas, el ministerio de Sanidad sea capaz de hacer p\u00fablica una medida tan absurda que no hace ning\u00fan bien a la disciplina que se pide a la ciudadan\u00eda.<\/p>\n<p>El segundo elemento de confusi\u00f3n es la cumbia que se baila con la\u00a0<strong>vacuna de AstraZeneca<\/strong>.\u00a0Castilla y Le\u00f3n suspendi\u00f3 su aplicaci\u00f3n temporalmente, despu\u00e9s Espa\u00f1a ha decidido que no vacunar\u00e1 a menores de 60 a\u00f1os.\u00a0Este hecho significa que las previsiones sobre las que se fundament\u00f3 S\u00e1nchez para afirmar que a finales de agosto estar\u00eda vacunada el 70% de la poblaci\u00f3n, se deben variar apenas hecho el anuncio.\u00a0Es evidente que esto inspir\u00f3 de todo menos confianza.<\/p>\n<p><span class=\"goog-text-highlight\">Por si fuera poco,\u00a0<b>Europa contribuye a la confusi\u00f3n<\/b>\u00a0y no hay un criterio com\u00fan para esta vacuna.\u00a0<\/span>Por ejemplo el Reino Unido la limita s\u00f3lo a los menores de 30 a\u00f1os.\u00a0En todo caso es un desorden.<\/p>\n<p>Y ya por \u00faltimo, y ahora ya ce\u00f1idos a Catalu\u00f1a, el PROCICAT vuelve a establecer el\u00a0<strong>cierre comarcal<\/strong>\u00a0a partir de este jueves a las 12 de la noche, cuando pr\u00e1cticamente hac\u00eda poco m\u00e1s de una semana que hab\u00eda dejado de existir.<\/p>\n<p>Estas constantes modificaciones no ayudan a la credibilidad de las medidas.\u00a0M\u00e1s cuando mucha gente se pregunta, con o sin raz\u00f3n, c\u00f3mo es posible que el n\u00famero de enfermos en la UCI entre Madrid y Barcelona no rebele la diferencia entre un territorio con tantas restricciones ,como el catal\u00e1n, y la notable apertura que impera en Madrid.<\/p>\n<div id=\"polls-98\" class=\"wp-polls\">\n\t<form id=\"polls_form_98\" class=\"wp-polls-form\" action=\"\/index.php\" method=\"post\">\n\t\t<p style=\"display: none;\"><input type=\"hidden\" id=\"poll_98_nonce\" name=\"wp-polls-nonce\" value=\"23da4ff318\" \/><\/p>\n\t\t<p style=\"display: none;\"><input type=\"hidden\" name=\"poll_id\" value=\"98\" \/><\/p>\n\t\t<p style=\"text-align: center\"><strong>El 26 de maig s'acaba el termini per formar govern. Creus que tornaran ha convocar-se eleccions a Catalunya?<\/strong><\/p><div id=\"polls-98-ans\" class=\"wp-polls-ans\"><ul class=\"wp-polls-ul\">\n\t\t<li><input type=\"radio\" id=\"poll-answer-229\" name=\"poll_98\" value=\"229\" \/> <label for=\"poll-answer-229\">Si<\/label><\/li>\n\t\t<li><input type=\"radio\" id=\"poll-answer-230\" name=\"poll_98\" value=\"230\" \/> <label for=\"poll-answer-230\">No<\/label><\/li>\n\t\t<li><input type=\"radio\" id=\"poll-answer-231\" name=\"poll_98\" value=\"231\" \/> <label for=\"poll-answer-231\">No ho s\u00e9<\/label><\/li>\n\t\t<\/ul><p style=\"text-align: center\"><input type=\"button\" name=\"vote\" value=\"   Vota   \" class=\"Buttons\" onclick=\"poll_vote(98);\" \/><\/p><p style=\"text-align: center\"><a href=\"#ViewPollResults\" onclick=\"poll_result(98); return false;\" title=\"View Results Of This Poll\">Mira els resultats<\/a><\/p><\/div>\n\t<\/form>\n<\/div>\n<div id=\"polls-98-loading\" class=\"wp-polls-loading\"><img decoding=\"async\" data-src=\"https:\/\/conversesacatalunya.cat\/wp-content\/plugins\/wp-polls\/images\/loading.gif\" width=\"16\" height=\"16\" alt=\"Cargando ...\" title=\"Cargando ...\" class=\"wp-polls-image lazyload\" src=\"data:image\/svg+xml;base64,PHN2ZyB3aWR0aD0iMSIgaGVpZ2h0PSIxIiB4bWxucz0iaHR0cDovL3d3dy53My5vcmcvMjAwMC9zdmciPjwvc3ZnPg==\" style=\"--smush-placeholder-width: 16px; --smush-placeholder-aspect-ratio: 16\/16;\" \/>&nbsp;Cargando ...<\/div>\n\n","protected":false},"excerpt":{"rendered":"<p>Tras una intervenci\u00f3n p\u00fablica intencionadamente triunfal, en la que el presidente S\u00e1nchez anunciaba, al menos por tercera vez, el principio del fin de la pandemia, comprometi\u00e9ndose a un esperanzador y exigente programa de vacunaci\u00f3n,\u00a0impera la confusi\u00f3n\u00a0. El efecto optimista ha durado escasamente 24 horas porque a continuaci\u00f3n se han producido una serie de hechos que, como m\u00ednimo, nos dejan a todos desconcertados. Primero, por el fin de el estado de alarma\u00a0a principios de mayo sin establecer ning\u00fan mecanismo general que permita adoptar medidas restrictivas y coordinadas al conjunto de las comunidades aut\u00f3nomas.\u00a0No era l\u00f3gico establecer un estado de alarma tan largo que s\u00f3lo facilitaba eludir el control parlamentario del gobierno por parte del Parlamento. Pero, despu\u00e9s de tantos meses en esta situaci\u00f3n lo que resulta incomprensible es que\u00a0se pase del estado de alarma a la nada\u00a0de un d\u00eda para otro, y se dejen al albor de cada autonom\u00eda, y de la interpretaci\u00f3n de cada tribunal de justicia, las medidas a adoptar. Este escenario genera una gran incertidumbre y no favorece para nada a una imagen organizada del pa\u00eds.\u00a0Resulta incomprensible que la anunciada\u00a0legislaci\u00f3n espec\u00edfica\u00a0de car\u00e1cter sanitario para luchar contra la pandemia, que anunci\u00f3 la vicepresidenta primera del gobierno, Carmen Calvo, en octubre del a\u00f1o pasado, haya quedado en nada.\u00a0Y todo ello con la perspectiva de una incierta\u00a0cuarta ola\u00a0. Es evidente que S\u00e1nchez no quiere someterse a la votaci\u00f3n de un nuevo estado de alarma en el Congreso, porque tiene todas las dudas del mundo de salir bien parado.\u00a0Pero, precisamente, por esta raz\u00f3n deber\u00eda poner sobre la mesa un\u00a0plan gubernamental que permitiera gestionar la Covid-19\u00a0hasta alcanzar la inmunidad de grupo. Junto a este desconcierto se producen tres m\u00e1s. Uno de ellos es la rectificaci\u00f3n en toda regla de la muy reciente normativa del gobierno que obligaba a llevar\u00a0mascarilla en la playa\u00a0a pesar de que hubiera la distancia suficiente entre las personas.\u00a0Al final el sentido com\u00fan se ha impuesto, pero lo que resulta extra\u00f1o es que, a estas alturas, el ministerio de Sanidad sea capaz de hacer p\u00fablica una medida tan absurda que no hace ning\u00fan bien a la disciplina que se pide a la ciudadan\u00eda. El segundo elemento de confusi\u00f3n es la cumbia que se baila con la\u00a0vacuna de AstraZeneca.\u00a0Castilla y Le\u00f3n suspendi\u00f3 su aplicaci\u00f3n temporalmente, despu\u00e9s Espa\u00f1a ha decidido que no vacunar\u00e1 a menores de 60 a\u00f1os.\u00a0Este hecho significa que las previsiones sobre las que se fundament\u00f3 S\u00e1nchez para afirmar que a finales de agosto estar\u00eda vacunada el 70% de la poblaci\u00f3n, se deben variar apenas hecho el anuncio.\u00a0Es evidente que esto inspir\u00f3 de todo menos confianza. Por si fuera poco,\u00a0Europa contribuye a la confusi\u00f3n\u00a0y no hay un criterio com\u00fan para esta vacuna.\u00a0Por ejemplo el Reino Unido la limita s\u00f3lo a los menores de 30 a\u00f1os.\u00a0En todo caso es un desorden. Y ya por \u00faltimo, y ahora ya ce\u00f1idos a Catalu\u00f1a, el PROCICAT vuelve a establecer el\u00a0cierre comarcal\u00a0a partir de este jueves a las 12 de la noche, cuando pr\u00e1cticamente hac\u00eda poco m\u00e1s de una semana que hab\u00eda dejado de existir. Estas constantes modificaciones no ayudan a la credibilidad de las medidas.\u00a0M\u00e1s cuando mucha gente se pregunta, con o sin raz\u00f3n, c\u00f3mo es posible que el n\u00famero de enfermos en la UCI entre Madrid y Barcelona no rebele la diferencia entre un territorio con tantas restricciones ,como el catal\u00e1n, y la notable apertura que impera en Madrid.<\/p>\n","protected":false},"author":2,"featured_media":46807,"comment_status":"open","ping_status":"open","sticky":false,"template":"","format":"standard","meta":{"_FSMCFIC_featured_image_caption":"","_FSMCFIC_featured_image_nocaption":"","_FSMCFIC_featured_image_hide":"","footnotes":""},"categories":[1772,806],"tags":[],"class_list":["post-46811","post","type-post","status-publish","format-standard","has-post-thumbnail","hentry","category-especial-coronavirus-es","category-punts-claus-del-dia-es"],"yoast_head":"<!-- This site is optimized with the Yoast SEO plugin v26.8 - https:\/\/yoast.com\/product\/yoast-seo-wordpress\/ -->\n<title>Impera la confusi\u00f3n tras las declaraciones del presidente S\u00e1nchez sobre la vacunaci\u00f3n y el estado de alarma - Converses a Catalunya<\/title>\n<meta name=\"robots\" content=\"index, follow, max-snippet:-1, max-image-preview:large, max-video-preview:-1\" \/>\n<link rel=\"canonical\" href=\"https:\/\/conversesacatalunya.cat\/es\/impera-la-confusion-tras-las-declaraciones-del-presidente-sanchez-sobre-la-vacunacion-y-el-estado-de-alarma\/\" \/>\n<meta property=\"og:locale\" content=\"es_ES\" \/>\n<meta property=\"og:type\" content=\"article\" \/>\n<meta property=\"og:title\" content=\"Impera la confusi\u00f3n tras las declaraciones del presidente S\u00e1nchez sobre la vacunaci\u00f3n y el estado de alarma - Converses a Catalunya\" \/>\n<meta property=\"og:description\" content=\"Tras una intervenci\u00f3n p\u00fablica intencionadamente triunfal, en la que el presidente S\u00e1nchez anunciaba, al menos por tercera vez, el principio del fin de la pandemia, comprometi\u00e9ndose a un esperanzador y exigente programa de vacunaci\u00f3n,\u00a0impera la confusi\u00f3n\u00a0. El efecto optimista ha durado escasamente 24 horas porque a continuaci\u00f3n se han producido una serie de hechos que, como m\u00ednimo, nos dejan a todos desconcertados. Primero, por el fin de el estado de alarma\u00a0a principios de mayo sin establecer ning\u00fan mecanismo general que permita adoptar medidas restrictivas y coordinadas al conjunto de las comunidades aut\u00f3nomas.\u00a0No era l\u00f3gico establecer un estado de alarma tan largo que s\u00f3lo facilitaba eludir el control parlamentario del gobierno por parte del Parlamento. Pero, despu\u00e9s de tantos meses en esta situaci\u00f3n lo que resulta incomprensible es que\u00a0se pase del estado de alarma a la nada\u00a0de un d\u00eda para otro, y se dejen al albor de cada autonom\u00eda, y de la interpretaci\u00f3n de cada tribunal de justicia, las medidas a adoptar. Este escenario genera una gran incertidumbre y no favorece para nada a una imagen organizada del pa\u00eds.\u00a0Resulta incomprensible que la anunciada\u00a0legislaci\u00f3n espec\u00edfica\u00a0de car\u00e1cter sanitario para luchar contra la pandemia, que anunci\u00f3 la vicepresidenta primera del gobierno, Carmen Calvo, en octubre del a\u00f1o pasado, haya quedado en nada.\u00a0Y todo ello con la perspectiva de una incierta\u00a0cuarta ola\u00a0. Es evidente que S\u00e1nchez no quiere someterse a la votaci\u00f3n de un nuevo estado de alarma en el Congreso, porque tiene todas las dudas del mundo de salir bien parado.\u00a0Pero, precisamente, por esta raz\u00f3n deber\u00eda poner sobre la mesa un\u00a0plan gubernamental que permitiera gestionar la Covid-19\u00a0hasta alcanzar la inmunidad de grupo. Junto a este desconcierto se producen tres m\u00e1s. Uno de ellos es la rectificaci\u00f3n en toda regla de la muy reciente normativa del gobierno que obligaba a llevar\u00a0mascarilla en la playa\u00a0a pesar de que hubiera la distancia suficiente entre las personas.\u00a0Al final el sentido com\u00fan se ha impuesto, pero lo que resulta extra\u00f1o es que, a estas alturas, el ministerio de Sanidad sea capaz de hacer p\u00fablica una medida tan absurda que no hace ning\u00fan bien a la disciplina que se pide a la ciudadan\u00eda. El segundo elemento de confusi\u00f3n es la cumbia que se baila con la\u00a0vacuna de AstraZeneca.\u00a0Castilla y Le\u00f3n suspendi\u00f3 su aplicaci\u00f3n temporalmente, despu\u00e9s Espa\u00f1a ha decidido que no vacunar\u00e1 a menores de 60 a\u00f1os.\u00a0Este hecho significa que las previsiones sobre las que se fundament\u00f3 S\u00e1nchez para afirmar que a finales de agosto estar\u00eda vacunada el 70% de la poblaci\u00f3n, se deben variar apenas hecho el anuncio.\u00a0Es evidente que esto inspir\u00f3 de todo menos confianza. Por si fuera poco,\u00a0Europa contribuye a la confusi\u00f3n\u00a0y no hay un criterio com\u00fan para esta vacuna.\u00a0Por ejemplo el Reino Unido la limita s\u00f3lo a los menores de 30 a\u00f1os.\u00a0En todo caso es un desorden. Y ya por \u00faltimo, y ahora ya ce\u00f1idos a Catalu\u00f1a, el PROCICAT vuelve a establecer el\u00a0cierre comarcal\u00a0a partir de este jueves a las 12 de la noche, cuando pr\u00e1cticamente hac\u00eda poco m\u00e1s de una semana que hab\u00eda dejado de existir. Estas constantes modificaciones no ayudan a la credibilidad de las medidas.\u00a0M\u00e1s cuando mucha gente se pregunta, con o sin raz\u00f3n, c\u00f3mo es posible que el n\u00famero de enfermos en la UCI entre Madrid y Barcelona no rebele la diferencia entre un territorio con tantas restricciones ,como el catal\u00e1n, y la notable apertura que impera en Madrid.\" \/>\n<meta property=\"og:url\" content=\"https:\/\/conversesacatalunya.cat\/es\/impera-la-confusion-tras-las-declaraciones-del-presidente-sanchez-sobre-la-vacunacion-y-el-estado-de-alarma\/\" \/>\n<meta property=\"og:site_name\" content=\"Converses a Catalunya\" \/>\n<meta property=\"article:published_time\" content=\"2021-04-08T11:02:02+00:00\" \/>\n<meta property=\"og:image\" content=\"https:\/\/conversesacatalunya.cat\/wp-content\/uploads\/2021\/04\/covid.jpeg\" \/>\n\t<meta property=\"og:image:width\" content=\"1200\" \/>\n\t<meta property=\"og:image:height\" content=\"564\" \/>\n\t<meta property=\"og:image:type\" content=\"image\/jpeg\" \/>\n<meta name=\"author\" content=\"conversesacatalunya\" \/>\n<meta name=\"twitter:card\" content=\"summary_large_image\" \/>\n<meta name=\"twitter:label1\" content=\"Escrito por\" \/>\n\t<meta name=\"twitter:data1\" content=\"conversesacatalunya\" \/>\n\t<meta name=\"twitter:label2\" content=\"Tiempo de lectura\" \/>\n\t<meta name=\"twitter:data2\" content=\"3 minutos\" \/>\n<script type=\"application\/ld+json\" class=\"yoast-schema-graph\">{\"@context\":\"https:\/\/schema.org\",\"@graph\":[{\"@type\":\"Article\",\"@id\":\"https:\/\/conversesacatalunya.cat\/es\/impera-la-confusion-tras-las-declaraciones-del-presidente-sanchez-sobre-la-vacunacion-y-el-estado-de-alarma\/#article\",\"isPartOf\":{\"@id\":\"https:\/\/conversesacatalunya.cat\/es\/impera-la-confusion-tras-las-declaraciones-del-presidente-sanchez-sobre-la-vacunacion-y-el-estado-de-alarma\/\"},\"author\":{\"name\":\"conversesacatalunya\",\"@id\":\"https:\/\/conversesacatalunya.cat\/#\/schema\/person\/7e24d1e54a2785373ddcb275eae5ed99\"},\"headline\":\"Impera la confusi\u00f3n tras las declaraciones del presidente S\u00e1nchez sobre la vacunaci\u00f3n y el estado de alarma\",\"datePublished\":\"2021-04-08T11:02:02+00:00\",\"mainEntityOfPage\":{\"@id\":\"https:\/\/conversesacatalunya.cat\/es\/impera-la-confusion-tras-las-declaraciones-del-presidente-sanchez-sobre-la-vacunacion-y-el-estado-de-alarma\/\"},\"wordCount\":657,\"commentCount\":0,\"image\":{\"@id\":\"https:\/\/conversesacatalunya.cat\/es\/impera-la-confusion-tras-las-declaraciones-del-presidente-sanchez-sobre-la-vacunacion-y-el-estado-de-alarma\/#primaryimage\"},\"thumbnailUrl\":\"https:\/\/conversesacatalunya.cat\/wp-content\/uploads\/2021\/04\/covid.jpeg\",\"articleSection\":[\"Especial Coronavirus (ES)\",\"Punts clau del dia (ES)\"],\"inLanguage\":\"es\",\"potentialAction\":[{\"@type\":\"CommentAction\",\"name\":\"Comment\",\"target\":[\"https:\/\/conversesacatalunya.cat\/es\/impera-la-confusion-tras-las-declaraciones-del-presidente-sanchez-sobre-la-vacunacion-y-el-estado-de-alarma\/#respond\"]}]},{\"@type\":\"WebPage\",\"@id\":\"https:\/\/conversesacatalunya.cat\/es\/impera-la-confusion-tras-las-declaraciones-del-presidente-sanchez-sobre-la-vacunacion-y-el-estado-de-alarma\/\",\"url\":\"https:\/\/conversesacatalunya.cat\/es\/impera-la-confusion-tras-las-declaraciones-del-presidente-sanchez-sobre-la-vacunacion-y-el-estado-de-alarma\/\",\"name\":\"Impera la confusi\u00f3n tras las declaraciones del presidente S\u00e1nchez sobre la vacunaci\u00f3n y el estado de alarma - Converses a Catalunya\",\"isPartOf\":{\"@id\":\"https:\/\/conversesacatalunya.cat\/#website\"},\"primaryImageOfPage\":{\"@id\":\"https:\/\/conversesacatalunya.cat\/es\/impera-la-confusion-tras-las-declaraciones-del-presidente-sanchez-sobre-la-vacunacion-y-el-estado-de-alarma\/#primaryimage\"},\"image\":{\"@id\":\"https:\/\/conversesacatalunya.cat\/es\/impera-la-confusion-tras-las-declaraciones-del-presidente-sanchez-sobre-la-vacunacion-y-el-estado-de-alarma\/#primaryimage\"},\"thumbnailUrl\":\"https:\/\/conversesacatalunya.cat\/wp-content\/uploads\/2021\/04\/covid.jpeg\",\"datePublished\":\"2021-04-08T11:02:02+00:00\",\"author\":{\"@id\":\"https:\/\/conversesacatalunya.cat\/#\/schema\/person\/7e24d1e54a2785373ddcb275eae5ed99\"},\"breadcrumb\":{\"@id\":\"https:\/\/conversesacatalunya.cat\/es\/impera-la-confusion-tras-las-declaraciones-del-presidente-sanchez-sobre-la-vacunacion-y-el-estado-de-alarma\/#breadcrumb\"},\"inLanguage\":\"es\",\"potentialAction\":[{\"@type\":\"ReadAction\",\"target\":[\"https:\/\/conversesacatalunya.cat\/es\/impera-la-confusion-tras-las-declaraciones-del-presidente-sanchez-sobre-la-vacunacion-y-el-estado-de-alarma\/\"]}]},{\"@type\":\"ImageObject\",\"inLanguage\":\"es\",\"@id\":\"https:\/\/conversesacatalunya.cat\/es\/impera-la-confusion-tras-las-declaraciones-del-presidente-sanchez-sobre-la-vacunacion-y-el-estado-de-alarma\/#primaryimage\",\"url\":\"https:\/\/conversesacatalunya.cat\/wp-content\/uploads\/2021\/04\/covid.jpeg\",\"contentUrl\":\"https:\/\/conversesacatalunya.cat\/wp-content\/uploads\/2021\/04\/covid.jpeg\",\"width\":1200,\"height\":564},{\"@type\":\"BreadcrumbList\",\"@id\":\"https:\/\/conversesacatalunya.cat\/es\/impera-la-confusion-tras-las-declaraciones-del-presidente-sanchez-sobre-la-vacunacion-y-el-estado-de-alarma\/#breadcrumb\",\"itemListElement\":[{\"@type\":\"ListItem\",\"position\":1,\"name\":\"Inici\",\"item\":\"https:\/\/conversesacatalunya.cat\/es\/\"},{\"@type\":\"ListItem\",\"position\":2,\"name\":\"Impera la confusi\u00f3n tras las declaraciones del presidente S\u00e1nchez sobre la vacunaci\u00f3n y el estado de alarma\"}]},{\"@type\":\"WebSite\",\"@id\":\"https:\/\/conversesacatalunya.cat\/#website\",\"url\":\"https:\/\/conversesacatalunya.cat\/\",\"name\":\"Converses a Catalunya\",\"description\":\"\",\"potentialAction\":[{\"@type\":\"SearchAction\",\"target\":{\"@type\":\"EntryPoint\",\"urlTemplate\":\"https:\/\/conversesacatalunya.cat\/?s={search_term_string}\"},\"query-input\":{\"@type\":\"PropertyValueSpecification\",\"valueRequired\":true,\"valueName\":\"search_term_string\"}}],\"inLanguage\":\"es\"},{\"@type\":\"Person\",\"@id\":\"https:\/\/conversesacatalunya.cat\/#\/schema\/person\/7e24d1e54a2785373ddcb275eae5ed99\",\"name\":\"conversesacatalunya\",\"image\":{\"@type\":\"ImageObject\",\"inLanguage\":\"es\",\"@id\":\"https:\/\/conversesacatalunya.cat\/#\/schema\/person\/image\/\",\"url\":\"https:\/\/conversesacatalunya.cat\/wp-content\/litespeed\/avatar\/febdfeeec89d950f01c748045a981dd2.jpg?ver=1777314535\",\"contentUrl\":\"https:\/\/conversesacatalunya.cat\/wp-content\/litespeed\/avatar\/febdfeeec89d950f01c748045a981dd2.jpg?ver=1777314535\",\"caption\":\"conversesacatalunya\"},\"url\":\"https:\/\/conversesacatalunya.cat\/es\/author\/carme_catala\/\"}]}<\/script>\n<!-- \/ Yoast SEO plugin. -->","yoast_head_json":{"title":"Impera la confusi\u00f3n tras las declaraciones del presidente S\u00e1nchez sobre la vacunaci\u00f3n y el estado de alarma - Converses a Catalunya","robots":{"index":"index","follow":"follow","max-snippet":"max-snippet:-1","max-image-preview":"max-image-preview:large","max-video-preview":"max-video-preview:-1"},"canonical":"https:\/\/conversesacatalunya.cat\/es\/impera-la-confusion-tras-las-declaraciones-del-presidente-sanchez-sobre-la-vacunacion-y-el-estado-de-alarma\/","og_locale":"es_ES","og_type":"article","og_title":"Impera la confusi\u00f3n tras las declaraciones del presidente S\u00e1nchez sobre la vacunaci\u00f3n y el estado de alarma - Converses a Catalunya","og_description":"Tras una intervenci\u00f3n p\u00fablica intencionadamente triunfal, en la que el presidente S\u00e1nchez anunciaba, al menos por tercera vez, el principio del fin de la pandemia, comprometi\u00e9ndose a un esperanzador y exigente programa de vacunaci\u00f3n,\u00a0impera la confusi\u00f3n\u00a0. El efecto optimista ha durado escasamente 24 horas porque a continuaci\u00f3n se han producido una serie de hechos que, como m\u00ednimo, nos dejan a todos desconcertados. Primero, por el fin de el estado de alarma\u00a0a principios de mayo sin establecer ning\u00fan mecanismo general que permita adoptar medidas restrictivas y coordinadas al conjunto de las comunidades aut\u00f3nomas.\u00a0No era l\u00f3gico establecer un estado de alarma tan largo que s\u00f3lo facilitaba eludir el control parlamentario del gobierno por parte del Parlamento. Pero, despu\u00e9s de tantos meses en esta situaci\u00f3n lo que resulta incomprensible es que\u00a0se pase del estado de alarma a la nada\u00a0de un d\u00eda para otro, y se dejen al albor de cada autonom\u00eda, y de la interpretaci\u00f3n de cada tribunal de justicia, las medidas a adoptar. Este escenario genera una gran incertidumbre y no favorece para nada a una imagen organizada del pa\u00eds.\u00a0Resulta incomprensible que la anunciada\u00a0legislaci\u00f3n espec\u00edfica\u00a0de car\u00e1cter sanitario para luchar contra la pandemia, que anunci\u00f3 la vicepresidenta primera del gobierno, Carmen Calvo, en octubre del a\u00f1o pasado, haya quedado en nada.\u00a0Y todo ello con la perspectiva de una incierta\u00a0cuarta ola\u00a0. Es evidente que S\u00e1nchez no quiere someterse a la votaci\u00f3n de un nuevo estado de alarma en el Congreso, porque tiene todas las dudas del mundo de salir bien parado.\u00a0Pero, precisamente, por esta raz\u00f3n deber\u00eda poner sobre la mesa un\u00a0plan gubernamental que permitiera gestionar la Covid-19\u00a0hasta alcanzar la inmunidad de grupo. Junto a este desconcierto se producen tres m\u00e1s. Uno de ellos es la rectificaci\u00f3n en toda regla de la muy reciente normativa del gobierno que obligaba a llevar\u00a0mascarilla en la playa\u00a0a pesar de que hubiera la distancia suficiente entre las personas.\u00a0Al final el sentido com\u00fan se ha impuesto, pero lo que resulta extra\u00f1o es que, a estas alturas, el ministerio de Sanidad sea capaz de hacer p\u00fablica una medida tan absurda que no hace ning\u00fan bien a la disciplina que se pide a la ciudadan\u00eda. El segundo elemento de confusi\u00f3n es la cumbia que se baila con la\u00a0vacuna de AstraZeneca.\u00a0Castilla y Le\u00f3n suspendi\u00f3 su aplicaci\u00f3n temporalmente, despu\u00e9s Espa\u00f1a ha decidido que no vacunar\u00e1 a menores de 60 a\u00f1os.\u00a0Este hecho significa que las previsiones sobre las que se fundament\u00f3 S\u00e1nchez para afirmar que a finales de agosto estar\u00eda vacunada el 70% de la poblaci\u00f3n, se deben variar apenas hecho el anuncio.\u00a0Es evidente que esto inspir\u00f3 de todo menos confianza. Por si fuera poco,\u00a0Europa contribuye a la confusi\u00f3n\u00a0y no hay un criterio com\u00fan para esta vacuna.\u00a0Por ejemplo el Reino Unido la limita s\u00f3lo a los menores de 30 a\u00f1os.\u00a0En todo caso es un desorden. Y ya por \u00faltimo, y ahora ya ce\u00f1idos a Catalu\u00f1a, el PROCICAT vuelve a establecer el\u00a0cierre comarcal\u00a0a partir de este jueves a las 12 de la noche, cuando pr\u00e1cticamente hac\u00eda poco m\u00e1s de una semana que hab\u00eda dejado de existir. Estas constantes modificaciones no ayudan a la credibilidad de las medidas.\u00a0M\u00e1s cuando mucha gente se pregunta, con o sin raz\u00f3n, c\u00f3mo es posible que el n\u00famero de enfermos en la UCI entre Madrid y Barcelona no rebele la diferencia entre un territorio con tantas restricciones ,como el catal\u00e1n, y la notable apertura que impera en Madrid.","og_url":"https:\/\/conversesacatalunya.cat\/es\/impera-la-confusion-tras-las-declaraciones-del-presidente-sanchez-sobre-la-vacunacion-y-el-estado-de-alarma\/","og_site_name":"Converses a Catalunya","article_published_time":"2021-04-08T11:02:02+00:00","og_image":[{"width":1200,"height":564,"url":"https:\/\/conversesacatalunya.cat\/wp-content\/uploads\/2021\/04\/covid.jpeg","type":"image\/jpeg"}],"author":"conversesacatalunya","twitter_card":"summary_large_image","twitter_misc":{"Escrito por":"conversesacatalunya","Tiempo de lectura":"3 minutos"},"schema":{"@context":"https:\/\/schema.org","@graph":[{"@type":"Article","@id":"https:\/\/conversesacatalunya.cat\/es\/impera-la-confusion-tras-las-declaraciones-del-presidente-sanchez-sobre-la-vacunacion-y-el-estado-de-alarma\/#article","isPartOf":{"@id":"https:\/\/conversesacatalunya.cat\/es\/impera-la-confusion-tras-las-declaraciones-del-presidente-sanchez-sobre-la-vacunacion-y-el-estado-de-alarma\/"},"author":{"name":"conversesacatalunya","@id":"https:\/\/conversesacatalunya.cat\/#\/schema\/person\/7e24d1e54a2785373ddcb275eae5ed99"},"headline":"Impera la confusi\u00f3n tras las declaraciones del presidente S\u00e1nchez sobre la vacunaci\u00f3n y el estado de alarma","datePublished":"2021-04-08T11:02:02+00:00","mainEntityOfPage":{"@id":"https:\/\/conversesacatalunya.cat\/es\/impera-la-confusion-tras-las-declaraciones-del-presidente-sanchez-sobre-la-vacunacion-y-el-estado-de-alarma\/"},"wordCount":657,"commentCount":0,"image":{"@id":"https:\/\/conversesacatalunya.cat\/es\/impera-la-confusion-tras-las-declaraciones-del-presidente-sanchez-sobre-la-vacunacion-y-el-estado-de-alarma\/#primaryimage"},"thumbnailUrl":"https:\/\/conversesacatalunya.cat\/wp-content\/uploads\/2021\/04\/covid.jpeg","articleSection":["Especial Coronavirus (ES)","Punts clau del dia (ES)"],"inLanguage":"es","potentialAction":[{"@type":"CommentAction","name":"Comment","target":["https:\/\/conversesacatalunya.cat\/es\/impera-la-confusion-tras-las-declaraciones-del-presidente-sanchez-sobre-la-vacunacion-y-el-estado-de-alarma\/#respond"]}]},{"@type":"WebPage","@id":"https:\/\/conversesacatalunya.cat\/es\/impera-la-confusion-tras-las-declaraciones-del-presidente-sanchez-sobre-la-vacunacion-y-el-estado-de-alarma\/","url":"https:\/\/conversesacatalunya.cat\/es\/impera-la-confusion-tras-las-declaraciones-del-presidente-sanchez-sobre-la-vacunacion-y-el-estado-de-alarma\/","name":"Impera la confusi\u00f3n tras las declaraciones del presidente S\u00e1nchez sobre la vacunaci\u00f3n y el estado de alarma - Converses a Catalunya","isPartOf":{"@id":"https:\/\/conversesacatalunya.cat\/#website"},"primaryImageOfPage":{"@id":"https:\/\/conversesacatalunya.cat\/es\/impera-la-confusion-tras-las-declaraciones-del-presidente-sanchez-sobre-la-vacunacion-y-el-estado-de-alarma\/#primaryimage"},"image":{"@id":"https:\/\/conversesacatalunya.cat\/es\/impera-la-confusion-tras-las-declaraciones-del-presidente-sanchez-sobre-la-vacunacion-y-el-estado-de-alarma\/#primaryimage"},"thumbnailUrl":"https:\/\/conversesacatalunya.cat\/wp-content\/uploads\/2021\/04\/covid.jpeg","datePublished":"2021-04-08T11:02:02+00:00","author":{"@id":"https:\/\/conversesacatalunya.cat\/#\/schema\/person\/7e24d1e54a2785373ddcb275eae5ed99"},"breadcrumb":{"@id":"https:\/\/conversesacatalunya.cat\/es\/impera-la-confusion-tras-las-declaraciones-del-presidente-sanchez-sobre-la-vacunacion-y-el-estado-de-alarma\/#breadcrumb"},"inLanguage":"es","potentialAction":[{"@type":"ReadAction","target":["https:\/\/conversesacatalunya.cat\/es\/impera-la-confusion-tras-las-declaraciones-del-presidente-sanchez-sobre-la-vacunacion-y-el-estado-de-alarma\/"]}]},{"@type":"ImageObject","inLanguage":"es","@id":"https:\/\/conversesacatalunya.cat\/es\/impera-la-confusion-tras-las-declaraciones-del-presidente-sanchez-sobre-la-vacunacion-y-el-estado-de-alarma\/#primaryimage","url":"https:\/\/conversesacatalunya.cat\/wp-content\/uploads\/2021\/04\/covid.jpeg","contentUrl":"https:\/\/conversesacatalunya.cat\/wp-content\/uploads\/2021\/04\/covid.jpeg","width":1200,"height":564},{"@type":"BreadcrumbList","@id":"https:\/\/conversesacatalunya.cat\/es\/impera-la-confusion-tras-las-declaraciones-del-presidente-sanchez-sobre-la-vacunacion-y-el-estado-de-alarma\/#breadcrumb","itemListElement":[{"@type":"ListItem","position":1,"name":"Inici","item":"https:\/\/conversesacatalunya.cat\/es\/"},{"@type":"ListItem","position":2,"name":"Impera la confusi\u00f3n tras las declaraciones del presidente S\u00e1nchez sobre la vacunaci\u00f3n y el estado de alarma"}]},{"@type":"WebSite","@id":"https:\/\/conversesacatalunya.cat\/#website","url":"https:\/\/conversesacatalunya.cat\/","name":"Converses a Catalunya","description":"","potentialAction":[{"@type":"SearchAction","target":{"@type":"EntryPoint","urlTemplate":"https:\/\/conversesacatalunya.cat\/?s={search_term_string}"},"query-input":{"@type":"PropertyValueSpecification","valueRequired":true,"valueName":"search_term_string"}}],"inLanguage":"es"},{"@type":"Person","@id":"https:\/\/conversesacatalunya.cat\/#\/schema\/person\/7e24d1e54a2785373ddcb275eae5ed99","name":"conversesacatalunya","image":{"@type":"ImageObject","inLanguage":"es","@id":"https:\/\/conversesacatalunya.cat\/#\/schema\/person\/image\/","url":"https:\/\/conversesacatalunya.cat\/wp-content\/litespeed\/avatar\/febdfeeec89d950f01c748045a981dd2.jpg?ver=1777314535","contentUrl":"https:\/\/conversesacatalunya.cat\/wp-content\/litespeed\/avatar\/febdfeeec89d950f01c748045a981dd2.jpg?ver=1777314535","caption":"conversesacatalunya"},"url":"https:\/\/conversesacatalunya.cat\/es\/author\/carme_catala\/"}]}},"wps_subtitle":"","_links":{"self":[{"href":"https:\/\/conversesacatalunya.cat\/es\/wp-json\/wp\/v2\/posts\/46811","targetHints":{"allow":["GET"]}}],"collection":[{"href":"https:\/\/conversesacatalunya.cat\/es\/wp-json\/wp\/v2\/posts"}],"about":[{"href":"https:\/\/conversesacatalunya.cat\/es\/wp-json\/wp\/v2\/types\/post"}],"author":[{"embeddable":true,"href":"https:\/\/conversesacatalunya.cat\/es\/wp-json\/wp\/v2\/users\/2"}],"replies":[{"embeddable":true,"href":"https:\/\/conversesacatalunya.cat\/es\/wp-json\/wp\/v2\/comments?post=46811"}],"version-history":[{"count":1,"href":"https:\/\/conversesacatalunya.cat\/es\/wp-json\/wp\/v2\/posts\/46811\/revisions"}],"predecessor-version":[{"id":46812,"href":"https:\/\/conversesacatalunya.cat\/es\/wp-json\/wp\/v2\/posts\/46811\/revisions\/46812"}],"wp:featuredmedia":[{"embeddable":true,"href":"https:\/\/conversesacatalunya.cat\/es\/wp-json\/wp\/v2\/media\/46807"}],"wp:attachment":[{"href":"https:\/\/conversesacatalunya.cat\/es\/wp-json\/wp\/v2\/media?parent=46811"}],"wp:term":[{"taxonomy":"category","embeddable":true,"href":"https:\/\/conversesacatalunya.cat\/es\/wp-json\/wp\/v2\/categories?post=46811"},{"taxonomy":"post_tag","embeddable":true,"href":"https:\/\/conversesacatalunya.cat\/es\/wp-json\/wp\/v2\/tags?post=46811"}],"curies":[{"name":"wp","href":"https:\/\/api.w.org\/{rel}","templated":true}]}}