{"id":46782,"date":"2021-04-07T11:52:23","date_gmt":"2021-04-07T09:52:23","guid":{"rendered":"https:\/\/conversesacatalunya.cat\/el-president-sanchez-es-mulla-amb-la-vacunacio-certesa-o-volada-de-coloms\/"},"modified":"2024-01-29T12:52:46","modified_gmt":"2024-01-29T11:52:46","slug":"el-president-sanchez-es-mulla-amb-la-vacunacio-certesa-o-volada-de-coloms","status":"publish","type":"post","link":"https:\/\/conversesacatalunya.cat\/es\/el-president-sanchez-es-mulla-amb-la-vacunacio-certesa-o-volada-de-coloms\/","title":{"rendered":"El presidente S\u00e1nchez se moja con la vacunaci\u00f3n. Certeza o vuelo de palomas"},"content":{"rendered":"<p>El presidente S\u00e1nchez, en una intervenci\u00f3n en la opini\u00f3n p\u00fablica no prevista, se ha comprometido a que el\u00a0<strong>30 de agosto, 33 millones<\/strong> de espa\u00f1oles estar\u00e1n vacunados. Esto significa, considerando que este mes de abril tambi\u00e9n entrar\u00e1 en juego la nueva vacuna Janssen (que s\u00f3lo necesita una dosis) para <strong>inyectar unos 55 millones<\/strong> de dosis, considerando que un tercio puedan ser cubiertos por la monodosi vacunal Janssen. Naturalmente cuanto mayor sea esta \u00faltima aportaci\u00f3n, menos n\u00famero de vacunaciones deber\u00e1n efectuarse.<\/p>\n<p>Partiendo\u00a0<strong>del supuesto de los 55 millones de dosis,<\/strong>\u00a0y distribuidos entre los d\u00edas que faltan desde la fecha de hoy hasta el 30 de agosto, significa que Espa\u00f1a debe tener capacidad para\u00a0<strong>inyectar 380.000 vacunas al d\u00eda,<\/strong>\u00a0y en el caso espec\u00edfico de Catalu\u00f1a\u00a0<strong>unas 60.700 al d\u00eda,<\/strong>\u00a0trabajando sin interrupciones todos los d\u00edas de la semana.<\/p>\n<p>La cifra m\u00e1xima de vacunaci\u00f3n en Espa\u00f1a se alcanz\u00f3 uno de los primeros d\u00edas de abril\u00a0<strong>con 306.995 vacunaciones.<\/strong>\u00a0Pero es una cifra circunstancial, en t\u00e9rminos semanales el promedio diario fue s\u00f3lo\u00a0<strong>de 214.631,<\/strong>\u00a0y los \u00faltimos d\u00edas de abril, el 5 y 6 no se lleg\u00f3 ni de lejos a las\u00a0<strong>200.000<\/strong> inoculaciones diarias. Parece pues que la capacidad actual estar\u00eda en torno a esta cifra, muy alejada de la magnitud objetivo necesaria. Hay que considerar adem\u00e1s que cada d\u00eda que pasa sin alcanzarla, la cifra se acumula en el esfuerzo posterior necesario. Considerando tambi\u00e9n, en el caso catal\u00e1n, que un tercio de la vacunaci\u00f3n se haga con monodosis y los 2 tercios restantes con la doble dosis.<\/p>\n<p>La consejera Alba Verg\u00e9s inform\u00f3 el mes de marzo, al presentar el nuevo programa de vacunaci\u00f3n, que se estaba vacunando al mismo ritmo que se lleva a cabo en\u00a0<strong>la campa\u00f1a de la gripe<\/strong>, es decir a un ritmo de 200.000 personas a la semana. Expresado en dosis y aplicando el mismo criterio anterior de 2\/3 y 1\/3, significan la inyecci\u00f3n de 333.000 dosis semanales, equivalentes a <strong>47.600 dosis diarias,<\/strong>\u00a0que quedan lejos de las 60.700 necesarias. Pero es que adem\u00e1s la realidad no es la se\u00f1alada por la Consejera, porque los datos de la \u00faltima semana de marzo y primera de abril se\u00f1alan que el ritmo de vacunaci\u00f3n real ha sido\u00a0<strong>de 257.000 dosis semanales<\/strong>. Por lo tanto, la primera impresi\u00f3n es que no se est\u00e1 vacunando ni siquiera al mismo nivel de la gripe, considerando que con esta din\u00e1mica tampoco ser\u00eda suficiente para alcanzar la cifra de vacunaciones necesarias para llegar a la proporci\u00f3n de inmunizados el 30 de agosto que le corresponde por poblaci\u00f3n, en relaci\u00f3n al objetivo de 33 millones para toda Espa\u00f1a anunciados por S\u00e1nchez.<\/p>\n<p>Claro que tambi\u00e9n la consejera Verg\u00e9s en esa misma comparecencia anunci\u00f3 que el nuevo plan de vacunaci\u00f3n conllevar\u00eda la capacidad de\u00a0<strong>vacunar a medio mill\u00f3n de personas a la semana, equivalente a 833.000 dosis<\/strong>, lo que hace necesaria una inyecci\u00f3n diaria\u00a0<strong>de 167.000 dosis<\/strong>.\u00a0Esta cifra significa multiplicar por cuatro la capacidad actual.\u00a0No es tampoco en este caso un objetivo imposible, pero si que requiere un despliegue log\u00edstico que hasta ahora no se ha logrado.\u00a0Basta constatar la baja vacunaci\u00f3n de la gente mayor de 80 a\u00f1os que a\u00fan no se ha completado para ver el esfuerzo que la sanidad catalana tiene que hacer. \u00bfSer\u00e1 capaz Sanidad de alcanzar su propio compromiso?<\/p>\n<p>A escala espa\u00f1ola el calendario comprometido por S\u00e1nchez que permitir\u00e1 ver el calendario de los objetivos es el siguiente:<\/p>\n<ul>\n<li>3 de mayo: 5 millones<\/li>\n<li>1 de junio 10 millones<\/li>\n<li>15 de junio 15 millones<\/li>\n<li>19 de junio 25 millones<\/li>\n<li>30 de agosto 33 millones<\/li>\n<\/ul>\n<div id=\"gtx-trans\" style=\"position: absolute; left: 389px; top: 115px;\">\n<div class=\"gtx-trans-icon\"><\/div>\n<\/div>\n","protected":false},"excerpt":{"rendered":"<p>El presidente S\u00e1nchez, en una intervenci\u00f3n en la opini\u00f3n p\u00fablica no prevista, se ha comprometido a que el\u00a030 de agosto, 33 millones de espa\u00f1oles estar\u00e1n vacunados. Esto significa, considerando que este mes de abril tambi\u00e9n entrar\u00e1 en juego la nueva vacuna Janssen (que s\u00f3lo necesita una dosis) para inyectar unos 55 millones de dosis, considerando que un tercio puedan ser cubiertos por la monodosi vacunal Janssen. Naturalmente cuanto mayor sea esta \u00faltima aportaci\u00f3n, menos n\u00famero de vacunaciones deber\u00e1n efectuarse. Partiendo\u00a0del supuesto de los 55 millones de dosis,\u00a0y distribuidos entre los d\u00edas que faltan desde la fecha de hoy hasta el 30 de agosto, significa que Espa\u00f1a debe tener capacidad para\u00a0inyectar 380.000 vacunas al d\u00eda,\u00a0y en el caso espec\u00edfico de Catalu\u00f1a\u00a0unas 60.700 al d\u00eda,\u00a0trabajando sin interrupciones todos los d\u00edas de la semana. La cifra m\u00e1xima de vacunaci\u00f3n en Espa\u00f1a se alcanz\u00f3 uno de los primeros d\u00edas de abril\u00a0con 306.995 vacunaciones.\u00a0Pero es una cifra circunstancial, en t\u00e9rminos semanales el promedio diario fue s\u00f3lo\u00a0de 214.631,\u00a0y los \u00faltimos d\u00edas de abril, el 5 y 6 no se lleg\u00f3 ni de lejos a las\u00a0200.000 inoculaciones diarias. Parece pues que la capacidad actual estar\u00eda en torno a esta cifra, muy alejada de la magnitud objetivo necesaria. Hay que considerar adem\u00e1s que cada d\u00eda que pasa sin alcanzarla, la cifra se acumula en el esfuerzo posterior necesario. Considerando tambi\u00e9n, en el caso catal\u00e1n, que un tercio de la vacunaci\u00f3n se haga con monodosis y los 2 tercios restantes con la doble dosis. La consejera Alba Verg\u00e9s inform\u00f3 el mes de marzo, al presentar el nuevo programa de vacunaci\u00f3n, que se estaba vacunando al mismo ritmo que se lleva a cabo en\u00a0la campa\u00f1a de la gripe, es decir a un ritmo de 200.000 personas a la semana. Expresado en dosis y aplicando el mismo criterio anterior de 2\/3 y 1\/3, significan la inyecci\u00f3n de 333.000 dosis semanales, equivalentes a 47.600 dosis diarias,\u00a0que quedan lejos de las 60.700 necesarias. Pero es que adem\u00e1s la realidad no es la se\u00f1alada por la Consejera, porque los datos de la \u00faltima semana de marzo y primera de abril se\u00f1alan que el ritmo de vacunaci\u00f3n real ha sido\u00a0de 257.000 dosis semanales. Por lo tanto, la primera impresi\u00f3n es que no se est\u00e1 vacunando ni siquiera al mismo nivel de la gripe, considerando que con esta din\u00e1mica tampoco ser\u00eda suficiente para alcanzar la cifra de vacunaciones necesarias para llegar a la proporci\u00f3n de inmunizados el 30 de agosto que le corresponde por poblaci\u00f3n, en relaci\u00f3n al objetivo de 33 millones para toda Espa\u00f1a anunciados por S\u00e1nchez. Claro que tambi\u00e9n la consejera Verg\u00e9s en esa misma comparecencia anunci\u00f3 que el nuevo plan de vacunaci\u00f3n conllevar\u00eda la capacidad de\u00a0vacunar a medio mill\u00f3n de personas a la semana, equivalente a 833.000 dosis, lo que hace necesaria una inyecci\u00f3n diaria\u00a0de 167.000 dosis.\u00a0Esta cifra significa multiplicar por cuatro la capacidad actual.\u00a0No es tampoco en este caso un objetivo imposible, pero si que requiere un despliegue log\u00edstico que hasta ahora no se ha logrado.\u00a0Basta constatar la baja vacunaci\u00f3n de la gente mayor de 80 a\u00f1os que a\u00fan no se ha completado para ver el esfuerzo que la sanidad catalana tiene que hacer. \u00bfSer\u00e1 capaz Sanidad de alcanzar su propio compromiso? A escala espa\u00f1ola el calendario comprometido por S\u00e1nchez que permitir\u00e1 ver el calendario de los objetivos es el siguiente: 3 de mayo: 5 millones 1 de junio 10 millones 15 de junio 15 millones 19 de junio 25 millones 30 de agosto 33 millones<\/p>\n","protected":false},"author":2,"featured_media":46757,"comment_status":"open","ping_status":"open","sticky":false,"template":"","format":"standard","meta":{"_FSMCFIC_featured_image_caption":"","_FSMCFIC_featured_image_nocaption":"","_FSMCFIC_featured_image_hide":"","footnotes":""},"categories":[1772,806],"tags":[],"class_list":["post-46782","post","type-post","status-publish","format-standard","has-post-thumbnail","hentry","category-especial-coronavirus-es","category-punts-claus-del-dia-es"],"yoast_head":"<!-- This site is optimized with the Yoast SEO plugin v26.8 - https:\/\/yoast.com\/product\/yoast-seo-wordpress\/ -->\n<title>El presidente S\u00e1nchez se moja con la vacunaci\u00f3n. Certeza o vuelo de palomas - Converses a Catalunya<\/title>\n<meta name=\"robots\" content=\"index, follow, max-snippet:-1, max-image-preview:large, max-video-preview:-1\" \/>\n<link rel=\"canonical\" href=\"https:\/\/conversesacatalunya.cat\/es\/el-president-sanchez-es-mulla-amb-la-vacunacio-certesa-o-volada-de-coloms\/\" \/>\n<meta property=\"og:locale\" content=\"es_ES\" \/>\n<meta property=\"og:type\" content=\"article\" \/>\n<meta property=\"og:title\" content=\"El presidente S\u00e1nchez se moja con la vacunaci\u00f3n. Certeza o vuelo de palomas - Converses a Catalunya\" \/>\n<meta property=\"og:description\" content=\"El presidente S\u00e1nchez, en una intervenci\u00f3n en la opini\u00f3n p\u00fablica no prevista, se ha comprometido a que el\u00a030 de agosto, 33 millones de espa\u00f1oles estar\u00e1n vacunados. Esto significa, considerando que este mes de abril tambi\u00e9n entrar\u00e1 en juego la nueva vacuna Janssen (que s\u00f3lo necesita una dosis) para inyectar unos 55 millones de dosis, considerando que un tercio puedan ser cubiertos por la monodosi vacunal Janssen. Naturalmente cuanto mayor sea esta \u00faltima aportaci\u00f3n, menos n\u00famero de vacunaciones deber\u00e1n efectuarse. Partiendo\u00a0del supuesto de los 55 millones de dosis,\u00a0y distribuidos entre los d\u00edas que faltan desde la fecha de hoy hasta el 30 de agosto, significa que Espa\u00f1a debe tener capacidad para\u00a0inyectar 380.000 vacunas al d\u00eda,\u00a0y en el caso espec\u00edfico de Catalu\u00f1a\u00a0unas 60.700 al d\u00eda,\u00a0trabajando sin interrupciones todos los d\u00edas de la semana. La cifra m\u00e1xima de vacunaci\u00f3n en Espa\u00f1a se alcanz\u00f3 uno de los primeros d\u00edas de abril\u00a0con 306.995 vacunaciones.\u00a0Pero es una cifra circunstancial, en t\u00e9rminos semanales el promedio diario fue s\u00f3lo\u00a0de 214.631,\u00a0y los \u00faltimos d\u00edas de abril, el 5 y 6 no se lleg\u00f3 ni de lejos a las\u00a0200.000 inoculaciones diarias. Parece pues que la capacidad actual estar\u00eda en torno a esta cifra, muy alejada de la magnitud objetivo necesaria. Hay que considerar adem\u00e1s que cada d\u00eda que pasa sin alcanzarla, la cifra se acumula en el esfuerzo posterior necesario. Considerando tambi\u00e9n, en el caso catal\u00e1n, que un tercio de la vacunaci\u00f3n se haga con monodosis y los 2 tercios restantes con la doble dosis. La consejera Alba Verg\u00e9s inform\u00f3 el mes de marzo, al presentar el nuevo programa de vacunaci\u00f3n, que se estaba vacunando al mismo ritmo que se lleva a cabo en\u00a0la campa\u00f1a de la gripe, es decir a un ritmo de 200.000 personas a la semana. Expresado en dosis y aplicando el mismo criterio anterior de 2\/3 y 1\/3, significan la inyecci\u00f3n de 333.000 dosis semanales, equivalentes a 47.600 dosis diarias,\u00a0que quedan lejos de las 60.700 necesarias. Pero es que adem\u00e1s la realidad no es la se\u00f1alada por la Consejera, porque los datos de la \u00faltima semana de marzo y primera de abril se\u00f1alan que el ritmo de vacunaci\u00f3n real ha sido\u00a0de 257.000 dosis semanales. Por lo tanto, la primera impresi\u00f3n es que no se est\u00e1 vacunando ni siquiera al mismo nivel de la gripe, considerando que con esta din\u00e1mica tampoco ser\u00eda suficiente para alcanzar la cifra de vacunaciones necesarias para llegar a la proporci\u00f3n de inmunizados el 30 de agosto que le corresponde por poblaci\u00f3n, en relaci\u00f3n al objetivo de 33 millones para toda Espa\u00f1a anunciados por S\u00e1nchez. Claro que tambi\u00e9n la consejera Verg\u00e9s en esa misma comparecencia anunci\u00f3 que el nuevo plan de vacunaci\u00f3n conllevar\u00eda la capacidad de\u00a0vacunar a medio mill\u00f3n de personas a la semana, equivalente a 833.000 dosis, lo que hace necesaria una inyecci\u00f3n diaria\u00a0de 167.000 dosis.\u00a0Esta cifra significa multiplicar por cuatro la capacidad actual.\u00a0No es tampoco en este caso un objetivo imposible, pero si que requiere un despliegue log\u00edstico que hasta ahora no se ha logrado.\u00a0Basta constatar la baja vacunaci\u00f3n de la gente mayor de 80 a\u00f1os que a\u00fan no se ha completado para ver el esfuerzo que la sanidad catalana tiene que hacer. \u00bfSer\u00e1 capaz Sanidad de alcanzar su propio compromiso? A escala espa\u00f1ola el calendario comprometido por S\u00e1nchez que permitir\u00e1 ver el calendario de los objetivos es el siguiente: 3 de mayo: 5 millones 1 de junio 10 millones 15 de junio 15 millones 19 de junio 25 millones 30 de agosto 33 millones\" \/>\n<meta property=\"og:url\" content=\"https:\/\/conversesacatalunya.cat\/es\/el-president-sanchez-es-mulla-amb-la-vacunacio-certesa-o-volada-de-coloms\/\" \/>\n<meta property=\"og:site_name\" content=\"Converses a Catalunya\" \/>\n<meta property=\"article:published_time\" content=\"2021-04-07T09:52:23+00:00\" \/>\n<meta property=\"article:modified_time\" content=\"2024-01-29T11:52:46+00:00\" \/>\n<meta property=\"og:image\" content=\"https:\/\/conversesacatalunya.cat\/wp-content\/uploads\/2021\/04\/vacunacio.jpg\" \/>\n\t<meta property=\"og:image:width\" content=\"1000\" \/>\n\t<meta property=\"og:image:height\" content=\"665\" \/>\n\t<meta property=\"og:image:type\" content=\"image\/jpeg\" \/>\n<meta name=\"author\" content=\"conversesacatalunya\" \/>\n<meta name=\"twitter:card\" content=\"summary_large_image\" \/>\n<meta name=\"twitter:label1\" content=\"Escrito por\" \/>\n\t<meta name=\"twitter:data1\" content=\"conversesacatalunya\" \/>\n\t<meta name=\"twitter:label2\" content=\"Tiempo de lectura\" \/>\n\t<meta name=\"twitter:data2\" content=\"3 minutos\" \/>\n<script type=\"application\/ld+json\" class=\"yoast-schema-graph\">{\"@context\":\"https:\/\/schema.org\",\"@graph\":[{\"@type\":\"Article\",\"@id\":\"https:\/\/conversesacatalunya.cat\/es\/el-president-sanchez-es-mulla-amb-la-vacunacio-certesa-o-volada-de-coloms\/#article\",\"isPartOf\":{\"@id\":\"https:\/\/conversesacatalunya.cat\/es\/el-president-sanchez-es-mulla-amb-la-vacunacio-certesa-o-volada-de-coloms\/\"},\"author\":{\"name\":\"conversesacatalunya\",\"@id\":\"https:\/\/conversesacatalunya.cat\/#\/schema\/person\/7e24d1e54a2785373ddcb275eae5ed99\"},\"headline\":\"El presidente S\u00e1nchez se moja con la vacunaci\u00f3n. Certeza o vuelo de palomas\",\"datePublished\":\"2021-04-07T09:52:23+00:00\",\"dateModified\":\"2024-01-29T11:52:46+00:00\",\"mainEntityOfPage\":{\"@id\":\"https:\/\/conversesacatalunya.cat\/es\/el-president-sanchez-es-mulla-amb-la-vacunacio-certesa-o-volada-de-coloms\/\"},\"wordCount\":633,\"commentCount\":0,\"image\":{\"@id\":\"https:\/\/conversesacatalunya.cat\/es\/el-president-sanchez-es-mulla-amb-la-vacunacio-certesa-o-volada-de-coloms\/#primaryimage\"},\"thumbnailUrl\":\"https:\/\/conversesacatalunya.cat\/wp-content\/uploads\/2021\/04\/vacunacio.jpg\",\"articleSection\":[\"Especial Coronavirus (ES)\",\"Punts clau del dia (ES)\"],\"inLanguage\":\"es\",\"potentialAction\":[{\"@type\":\"CommentAction\",\"name\":\"Comment\",\"target\":[\"https:\/\/conversesacatalunya.cat\/es\/el-president-sanchez-es-mulla-amb-la-vacunacio-certesa-o-volada-de-coloms\/#respond\"]}]},{\"@type\":\"WebPage\",\"@id\":\"https:\/\/conversesacatalunya.cat\/es\/el-president-sanchez-es-mulla-amb-la-vacunacio-certesa-o-volada-de-coloms\/\",\"url\":\"https:\/\/conversesacatalunya.cat\/es\/el-president-sanchez-es-mulla-amb-la-vacunacio-certesa-o-volada-de-coloms\/\",\"name\":\"El presidente S\u00e1nchez se moja con la vacunaci\u00f3n. Certeza o vuelo de palomas - Converses a Catalunya\",\"isPartOf\":{\"@id\":\"https:\/\/conversesacatalunya.cat\/#website\"},\"primaryImageOfPage\":{\"@id\":\"https:\/\/conversesacatalunya.cat\/es\/el-president-sanchez-es-mulla-amb-la-vacunacio-certesa-o-volada-de-coloms\/#primaryimage\"},\"image\":{\"@id\":\"https:\/\/conversesacatalunya.cat\/es\/el-president-sanchez-es-mulla-amb-la-vacunacio-certesa-o-volada-de-coloms\/#primaryimage\"},\"thumbnailUrl\":\"https:\/\/conversesacatalunya.cat\/wp-content\/uploads\/2021\/04\/vacunacio.jpg\",\"datePublished\":\"2021-04-07T09:52:23+00:00\",\"dateModified\":\"2024-01-29T11:52:46+00:00\",\"author\":{\"@id\":\"https:\/\/conversesacatalunya.cat\/#\/schema\/person\/7e24d1e54a2785373ddcb275eae5ed99\"},\"breadcrumb\":{\"@id\":\"https:\/\/conversesacatalunya.cat\/es\/el-president-sanchez-es-mulla-amb-la-vacunacio-certesa-o-volada-de-coloms\/#breadcrumb\"},\"inLanguage\":\"es\",\"potentialAction\":[{\"@type\":\"ReadAction\",\"target\":[\"https:\/\/conversesacatalunya.cat\/es\/el-president-sanchez-es-mulla-amb-la-vacunacio-certesa-o-volada-de-coloms\/\"]}]},{\"@type\":\"ImageObject\",\"inLanguage\":\"es\",\"@id\":\"https:\/\/conversesacatalunya.cat\/es\/el-president-sanchez-es-mulla-amb-la-vacunacio-certesa-o-volada-de-coloms\/#primaryimage\",\"url\":\"https:\/\/conversesacatalunya.cat\/wp-content\/uploads\/2021\/04\/vacunacio.jpg\",\"contentUrl\":\"https:\/\/conversesacatalunya.cat\/wp-content\/uploads\/2021\/04\/vacunacio.jpg\",\"width\":1000,\"height\":665},{\"@type\":\"BreadcrumbList\",\"@id\":\"https:\/\/conversesacatalunya.cat\/es\/el-president-sanchez-es-mulla-amb-la-vacunacio-certesa-o-volada-de-coloms\/#breadcrumb\",\"itemListElement\":[{\"@type\":\"ListItem\",\"position\":1,\"name\":\"Inici\",\"item\":\"https:\/\/conversesacatalunya.cat\/es\/\"},{\"@type\":\"ListItem\",\"position\":2,\"name\":\"El presidente S\u00e1nchez se moja con la vacunaci\u00f3n. Certeza o vuelo de palomas\"}]},{\"@type\":\"WebSite\",\"@id\":\"https:\/\/conversesacatalunya.cat\/#website\",\"url\":\"https:\/\/conversesacatalunya.cat\/\",\"name\":\"Converses a Catalunya\",\"description\":\"\",\"potentialAction\":[{\"@type\":\"SearchAction\",\"target\":{\"@type\":\"EntryPoint\",\"urlTemplate\":\"https:\/\/conversesacatalunya.cat\/?s={search_term_string}\"},\"query-input\":{\"@type\":\"PropertyValueSpecification\",\"valueRequired\":true,\"valueName\":\"search_term_string\"}}],\"inLanguage\":\"es\"},{\"@type\":\"Person\",\"@id\":\"https:\/\/conversesacatalunya.cat\/#\/schema\/person\/7e24d1e54a2785373ddcb275eae5ed99\",\"name\":\"conversesacatalunya\",\"image\":{\"@type\":\"ImageObject\",\"inLanguage\":\"es\",\"@id\":\"https:\/\/conversesacatalunya.cat\/#\/schema\/person\/image\/\",\"url\":\"https:\/\/conversesacatalunya.cat\/wp-content\/litespeed\/avatar\/febdfeeec89d950f01c748045a981dd2.jpg?ver=1777314535\",\"contentUrl\":\"https:\/\/conversesacatalunya.cat\/wp-content\/litespeed\/avatar\/febdfeeec89d950f01c748045a981dd2.jpg?ver=1777314535\",\"caption\":\"conversesacatalunya\"},\"url\":\"https:\/\/conversesacatalunya.cat\/es\/author\/carme_catala\/\"}]}<\/script>\n<!-- \/ Yoast SEO plugin. -->","yoast_head_json":{"title":"El presidente S\u00e1nchez se moja con la vacunaci\u00f3n. Certeza o vuelo de palomas - Converses a Catalunya","robots":{"index":"index","follow":"follow","max-snippet":"max-snippet:-1","max-image-preview":"max-image-preview:large","max-video-preview":"max-video-preview:-1"},"canonical":"https:\/\/conversesacatalunya.cat\/es\/el-president-sanchez-es-mulla-amb-la-vacunacio-certesa-o-volada-de-coloms\/","og_locale":"es_ES","og_type":"article","og_title":"El presidente S\u00e1nchez se moja con la vacunaci\u00f3n. Certeza o vuelo de palomas - Converses a Catalunya","og_description":"El presidente S\u00e1nchez, en una intervenci\u00f3n en la opini\u00f3n p\u00fablica no prevista, se ha comprometido a que el\u00a030 de agosto, 33 millones de espa\u00f1oles estar\u00e1n vacunados. Esto significa, considerando que este mes de abril tambi\u00e9n entrar\u00e1 en juego la nueva vacuna Janssen (que s\u00f3lo necesita una dosis) para inyectar unos 55 millones de dosis, considerando que un tercio puedan ser cubiertos por la monodosi vacunal Janssen. Naturalmente cuanto mayor sea esta \u00faltima aportaci\u00f3n, menos n\u00famero de vacunaciones deber\u00e1n efectuarse. Partiendo\u00a0del supuesto de los 55 millones de dosis,\u00a0y distribuidos entre los d\u00edas que faltan desde la fecha de hoy hasta el 30 de agosto, significa que Espa\u00f1a debe tener capacidad para\u00a0inyectar 380.000 vacunas al d\u00eda,\u00a0y en el caso espec\u00edfico de Catalu\u00f1a\u00a0unas 60.700 al d\u00eda,\u00a0trabajando sin interrupciones todos los d\u00edas de la semana. La cifra m\u00e1xima de vacunaci\u00f3n en Espa\u00f1a se alcanz\u00f3 uno de los primeros d\u00edas de abril\u00a0con 306.995 vacunaciones.\u00a0Pero es una cifra circunstancial, en t\u00e9rminos semanales el promedio diario fue s\u00f3lo\u00a0de 214.631,\u00a0y los \u00faltimos d\u00edas de abril, el 5 y 6 no se lleg\u00f3 ni de lejos a las\u00a0200.000 inoculaciones diarias. Parece pues que la capacidad actual estar\u00eda en torno a esta cifra, muy alejada de la magnitud objetivo necesaria. Hay que considerar adem\u00e1s que cada d\u00eda que pasa sin alcanzarla, la cifra se acumula en el esfuerzo posterior necesario. Considerando tambi\u00e9n, en el caso catal\u00e1n, que un tercio de la vacunaci\u00f3n se haga con monodosis y los 2 tercios restantes con la doble dosis. La consejera Alba Verg\u00e9s inform\u00f3 el mes de marzo, al presentar el nuevo programa de vacunaci\u00f3n, que se estaba vacunando al mismo ritmo que se lleva a cabo en\u00a0la campa\u00f1a de la gripe, es decir a un ritmo de 200.000 personas a la semana. Expresado en dosis y aplicando el mismo criterio anterior de 2\/3 y 1\/3, significan la inyecci\u00f3n de 333.000 dosis semanales, equivalentes a 47.600 dosis diarias,\u00a0que quedan lejos de las 60.700 necesarias. Pero es que adem\u00e1s la realidad no es la se\u00f1alada por la Consejera, porque los datos de la \u00faltima semana de marzo y primera de abril se\u00f1alan que el ritmo de vacunaci\u00f3n real ha sido\u00a0de 257.000 dosis semanales. Por lo tanto, la primera impresi\u00f3n es que no se est\u00e1 vacunando ni siquiera al mismo nivel de la gripe, considerando que con esta din\u00e1mica tampoco ser\u00eda suficiente para alcanzar la cifra de vacunaciones necesarias para llegar a la proporci\u00f3n de inmunizados el 30 de agosto que le corresponde por poblaci\u00f3n, en relaci\u00f3n al objetivo de 33 millones para toda Espa\u00f1a anunciados por S\u00e1nchez. Claro que tambi\u00e9n la consejera Verg\u00e9s en esa misma comparecencia anunci\u00f3 que el nuevo plan de vacunaci\u00f3n conllevar\u00eda la capacidad de\u00a0vacunar a medio mill\u00f3n de personas a la semana, equivalente a 833.000 dosis, lo que hace necesaria una inyecci\u00f3n diaria\u00a0de 167.000 dosis.\u00a0Esta cifra significa multiplicar por cuatro la capacidad actual.\u00a0No es tampoco en este caso un objetivo imposible, pero si que requiere un despliegue log\u00edstico que hasta ahora no se ha logrado.\u00a0Basta constatar la baja vacunaci\u00f3n de la gente mayor de 80 a\u00f1os que a\u00fan no se ha completado para ver el esfuerzo que la sanidad catalana tiene que hacer. \u00bfSer\u00e1 capaz Sanidad de alcanzar su propio compromiso? A escala espa\u00f1ola el calendario comprometido por S\u00e1nchez que permitir\u00e1 ver el calendario de los objetivos es el siguiente: 3 de mayo: 5 millones 1 de junio 10 millones 15 de junio 15 millones 19 de junio 25 millones 30 de agosto 33 millones","og_url":"https:\/\/conversesacatalunya.cat\/es\/el-president-sanchez-es-mulla-amb-la-vacunacio-certesa-o-volada-de-coloms\/","og_site_name":"Converses a Catalunya","article_published_time":"2021-04-07T09:52:23+00:00","article_modified_time":"2024-01-29T11:52:46+00:00","og_image":[{"width":1000,"height":665,"url":"https:\/\/conversesacatalunya.cat\/wp-content\/uploads\/2021\/04\/vacunacio.jpg","type":"image\/jpeg"}],"author":"conversesacatalunya","twitter_card":"summary_large_image","twitter_misc":{"Escrito por":"conversesacatalunya","Tiempo de lectura":"3 minutos"},"schema":{"@context":"https:\/\/schema.org","@graph":[{"@type":"Article","@id":"https:\/\/conversesacatalunya.cat\/es\/el-president-sanchez-es-mulla-amb-la-vacunacio-certesa-o-volada-de-coloms\/#article","isPartOf":{"@id":"https:\/\/conversesacatalunya.cat\/es\/el-president-sanchez-es-mulla-amb-la-vacunacio-certesa-o-volada-de-coloms\/"},"author":{"name":"conversesacatalunya","@id":"https:\/\/conversesacatalunya.cat\/#\/schema\/person\/7e24d1e54a2785373ddcb275eae5ed99"},"headline":"El presidente S\u00e1nchez se moja con la vacunaci\u00f3n. Certeza o vuelo de palomas","datePublished":"2021-04-07T09:52:23+00:00","dateModified":"2024-01-29T11:52:46+00:00","mainEntityOfPage":{"@id":"https:\/\/conversesacatalunya.cat\/es\/el-president-sanchez-es-mulla-amb-la-vacunacio-certesa-o-volada-de-coloms\/"},"wordCount":633,"commentCount":0,"image":{"@id":"https:\/\/conversesacatalunya.cat\/es\/el-president-sanchez-es-mulla-amb-la-vacunacio-certesa-o-volada-de-coloms\/#primaryimage"},"thumbnailUrl":"https:\/\/conversesacatalunya.cat\/wp-content\/uploads\/2021\/04\/vacunacio.jpg","articleSection":["Especial Coronavirus (ES)","Punts clau del dia (ES)"],"inLanguage":"es","potentialAction":[{"@type":"CommentAction","name":"Comment","target":["https:\/\/conversesacatalunya.cat\/es\/el-president-sanchez-es-mulla-amb-la-vacunacio-certesa-o-volada-de-coloms\/#respond"]}]},{"@type":"WebPage","@id":"https:\/\/conversesacatalunya.cat\/es\/el-president-sanchez-es-mulla-amb-la-vacunacio-certesa-o-volada-de-coloms\/","url":"https:\/\/conversesacatalunya.cat\/es\/el-president-sanchez-es-mulla-amb-la-vacunacio-certesa-o-volada-de-coloms\/","name":"El presidente S\u00e1nchez se moja con la vacunaci\u00f3n. Certeza o vuelo de palomas - Converses a Catalunya","isPartOf":{"@id":"https:\/\/conversesacatalunya.cat\/#website"},"primaryImageOfPage":{"@id":"https:\/\/conversesacatalunya.cat\/es\/el-president-sanchez-es-mulla-amb-la-vacunacio-certesa-o-volada-de-coloms\/#primaryimage"},"image":{"@id":"https:\/\/conversesacatalunya.cat\/es\/el-president-sanchez-es-mulla-amb-la-vacunacio-certesa-o-volada-de-coloms\/#primaryimage"},"thumbnailUrl":"https:\/\/conversesacatalunya.cat\/wp-content\/uploads\/2021\/04\/vacunacio.jpg","datePublished":"2021-04-07T09:52:23+00:00","dateModified":"2024-01-29T11:52:46+00:00","author":{"@id":"https:\/\/conversesacatalunya.cat\/#\/schema\/person\/7e24d1e54a2785373ddcb275eae5ed99"},"breadcrumb":{"@id":"https:\/\/conversesacatalunya.cat\/es\/el-president-sanchez-es-mulla-amb-la-vacunacio-certesa-o-volada-de-coloms\/#breadcrumb"},"inLanguage":"es","potentialAction":[{"@type":"ReadAction","target":["https:\/\/conversesacatalunya.cat\/es\/el-president-sanchez-es-mulla-amb-la-vacunacio-certesa-o-volada-de-coloms\/"]}]},{"@type":"ImageObject","inLanguage":"es","@id":"https:\/\/conversesacatalunya.cat\/es\/el-president-sanchez-es-mulla-amb-la-vacunacio-certesa-o-volada-de-coloms\/#primaryimage","url":"https:\/\/conversesacatalunya.cat\/wp-content\/uploads\/2021\/04\/vacunacio.jpg","contentUrl":"https:\/\/conversesacatalunya.cat\/wp-content\/uploads\/2021\/04\/vacunacio.jpg","width":1000,"height":665},{"@type":"BreadcrumbList","@id":"https:\/\/conversesacatalunya.cat\/es\/el-president-sanchez-es-mulla-amb-la-vacunacio-certesa-o-volada-de-coloms\/#breadcrumb","itemListElement":[{"@type":"ListItem","position":1,"name":"Inici","item":"https:\/\/conversesacatalunya.cat\/es\/"},{"@type":"ListItem","position":2,"name":"El presidente S\u00e1nchez se moja con la vacunaci\u00f3n. Certeza o vuelo de palomas"}]},{"@type":"WebSite","@id":"https:\/\/conversesacatalunya.cat\/#website","url":"https:\/\/conversesacatalunya.cat\/","name":"Converses a Catalunya","description":"","potentialAction":[{"@type":"SearchAction","target":{"@type":"EntryPoint","urlTemplate":"https:\/\/conversesacatalunya.cat\/?s={search_term_string}"},"query-input":{"@type":"PropertyValueSpecification","valueRequired":true,"valueName":"search_term_string"}}],"inLanguage":"es"},{"@type":"Person","@id":"https:\/\/conversesacatalunya.cat\/#\/schema\/person\/7e24d1e54a2785373ddcb275eae5ed99","name":"conversesacatalunya","image":{"@type":"ImageObject","inLanguage":"es","@id":"https:\/\/conversesacatalunya.cat\/#\/schema\/person\/image\/","url":"https:\/\/conversesacatalunya.cat\/wp-content\/litespeed\/avatar\/febdfeeec89d950f01c748045a981dd2.jpg?ver=1777314535","contentUrl":"https:\/\/conversesacatalunya.cat\/wp-content\/litespeed\/avatar\/febdfeeec89d950f01c748045a981dd2.jpg?ver=1777314535","caption":"conversesacatalunya"},"url":"https:\/\/conversesacatalunya.cat\/es\/author\/carme_catala\/"}]}},"wps_subtitle":"","_links":{"self":[{"href":"https:\/\/conversesacatalunya.cat\/es\/wp-json\/wp\/v2\/posts\/46782","targetHints":{"allow":["GET"]}}],"collection":[{"href":"https:\/\/conversesacatalunya.cat\/es\/wp-json\/wp\/v2\/posts"}],"about":[{"href":"https:\/\/conversesacatalunya.cat\/es\/wp-json\/wp\/v2\/types\/post"}],"author":[{"embeddable":true,"href":"https:\/\/conversesacatalunya.cat\/es\/wp-json\/wp\/v2\/users\/2"}],"replies":[{"embeddable":true,"href":"https:\/\/conversesacatalunya.cat\/es\/wp-json\/wp\/v2\/comments?post=46782"}],"version-history":[{"count":1,"href":"https:\/\/conversesacatalunya.cat\/es\/wp-json\/wp\/v2\/posts\/46782\/revisions"}],"predecessor-version":[{"id":46783,"href":"https:\/\/conversesacatalunya.cat\/es\/wp-json\/wp\/v2\/posts\/46782\/revisions\/46783"}],"wp:featuredmedia":[{"embeddable":true,"href":"https:\/\/conversesacatalunya.cat\/es\/wp-json\/wp\/v2\/media\/46757"}],"wp:attachment":[{"href":"https:\/\/conversesacatalunya.cat\/es\/wp-json\/wp\/v2\/media?parent=46782"}],"wp:term":[{"taxonomy":"category","embeddable":true,"href":"https:\/\/conversesacatalunya.cat\/es\/wp-json\/wp\/v2\/categories?post=46782"},{"taxonomy":"post_tag","embeddable":true,"href":"https:\/\/conversesacatalunya.cat\/es\/wp-json\/wp\/v2\/tags?post=46782"}],"curies":[{"name":"wp","href":"https:\/\/api.w.org\/{rel}","templated":true}]}}