{"id":46678,"date":"2021-04-02T05:45:35","date_gmt":"2021-04-02T03:45:35","guid":{"rendered":"https:\/\/conversesacatalunya.cat\/la-industria-manufacturera-millora-les-previsions-economiques\/"},"modified":"2021-04-02T18:16:29","modified_gmt":"2021-04-02T16:16:29","slug":"la-industria-manufacturera-mejora-las-previsiones-economicas","status":"publish","type":"post","link":"https:\/\/conversesacatalunya.cat\/es\/la-industria-manufacturera-mejora-las-previsiones-economicas\/","title":{"rendered":"La industria manufacturera mejora las previsiones econ\u00f3micas"},"content":{"rendered":"<p>Contra todo pron\u00f3stico, la industria manufacturera durante el mes de marzo se benefici\u00f3 de un gran repunte de la demanda. Esto ha llevado a que <strong>la producci\u00f3n ha marcado el mayor crecimiento desde finales de 2017<\/strong>. En este sentido, la confianza industrial tambi\u00e9n est\u00e1 siendo la mejor de los \u00faltimos a\u00f1os. La creaci\u00f3n de empleo aument\u00f3 por primera vez en cinco meses, puesto que las empresas tuvieron dificultades para mantenerse al d\u00eda con las cargas de trabajo.<\/p>\n<p>El \u00edndice PMI del Sector Manufacturero Espa\u00f1ol de IHS Markit, \u00edndice compuesto dise\u00f1ado para proporcionar una indicaci\u00f3n del comportamiento del sector manufacturero, mantuvo su reciente tendencia positiva en marzo, subiendo del nivel 52.9 registrado en febrero al 56.9. Al situarse por encima del nivel de ausencia de cambios de 50.0 por segundo mes consecutivo, la \u00faltima lectura del \u00edndice PMI fue la m\u00e1s alta desde diciembre de 2006.<\/p>\n<p>El \u00edndice PMI fue impulsado al alza principalmente por aumentos simult\u00e1neos de la producci\u00f3n y de los nuevos pedidos durante el mes. La producci\u00f3n aument\u00f3 al ritmo m\u00e1s r\u00e1pido desde diciembre de 2017, mientras que el incremento de los nuevos pedidos en general fue el m\u00e1s pronunciado en m\u00e1s de cuatro a\u00f1os. Las empresas informaron ampliamente que la creciente confianza en las perspectivas econ\u00f3micas respald\u00f3 la demanda, tanto a nivel nacional como en el extranjero. Los nuevos pedidos para exportaciones aumentaron en marzo al ritmo m\u00e1s fuerte desde febrero de 2018.<\/p>\n<p>La escasez de productos y los desaf\u00edos en la entrega de insumos continuaron generando un alza de precios en marzo, y los \u00faltimos datos muestran que la inflaci\u00f3n de los precios de los insumos fue la m\u00e1s alta en diez a\u00f1os. Se inform\u00f3 que una amplia gama de productos aument\u00f3 de precio, incluidos los productos qu\u00edmicos, la electr\u00f3nica, los metales, el papel y los pl\u00e1sticos. Tambi\u00e9n se inform\u00f3 que el coste de los transportes ha aumentado. Muchas empresas mencionaron que<strong> no tuvieron m\u00e1s remedio que aumentar sus tarifas cobradas<\/strong>. Si bien no aument\u00f3 al mismo nivel que la inflaci\u00f3n de los costes, la inflaci\u00f3n de los precios cobrados tambi\u00e9n fue la m\u00e1s fuerte registrada en una d\u00e9cada.<\/p>\n<p>La actividad del sector manufacturero espa\u00f1ol fue similar al de resto de econom\u00edas europeas que examina IHS Markit en su \u00edndice PMI. De esta forma, Alemania y Pa\u00edses Bajos registraron una lectura de 66,6 y 64,7 puntos, respectivamente, lo que en ambos casos se trata de su mayor lectura registrada hasta la fecha.<\/p>\n<p>De su lado, el PMI manufacturero de Italia alcanz\u00f3 los 59,8 puntos, desde los 56,9 de febrero, por lo que registr\u00f3 su mejor lectura de los \u00faltimos 21 a\u00f1os. Al tiempo, el sector manufacturero franc\u00e9s se situ\u00f3 en los 59,3 puntos, desde los 56,1 enteros de febrero. Esto supone la mejor lectura del \u00edndice PMI desde septiembre del a\u00f1o 2000.<\/p>\n<span class='bctt-click-to-tweet'><span class='bctt-ctt-text'><a href='https:\/\/twitter.com\/intent\/tweet?url=https%3A%2F%2Fconversesacatalunya.cat%2Fes%2Fla-industria-manufacturera-mejora-las-previsiones-economicas%2F&#038;text=Esto%20ha%20llevado%20a%20que%20la%20producci%C3%B3n%20ha%20marcado%20el%20mayor%20crecimiento%20desde%20finales%20de%202017&#038;via=conversesacat&#038;related=conversesacat' target='_blank'rel=\"noopener noreferrer\">Esto ha llevado a que la producci\u00f3n ha marcado el mayor crecimiento desde finales de 2017 <\/a><\/span><a href='https:\/\/twitter.com\/intent\/tweet?url=https%3A%2F%2Fconversesacatalunya.cat%2Fes%2Fla-industria-manufacturera-mejora-las-previsiones-economicas%2F&#038;text=Esto%20ha%20llevado%20a%20que%20la%20producci%C3%B3n%20ha%20marcado%20el%20mayor%20crecimiento%20desde%20finales%20de%202017&#038;via=conversesacat&#038;related=conversesacat' target='_blank' class='bctt-ctt-btn'rel=\"noopener noreferrer\">Compartir en X<\/a><\/span>\n","protected":false},"excerpt":{"rendered":"<p>Contra todo pron\u00f3stico, la industria manufacturera durante el mes de marzo se benefici\u00f3 de un gran repunte de la demanda. Esto ha llevado a que la producci\u00f3n ha marcado el mayor crecimiento desde finales de 2017. En este sentido, la confianza industrial tambi\u00e9n est\u00e1 siendo la mejor de los \u00faltimos a\u00f1os. La creaci\u00f3n de empleo aument\u00f3 por primera vez en cinco meses, puesto que las empresas tuvieron dificultades para mantenerse al d\u00eda con las cargas de trabajo. El \u00edndice PMI del Sector Manufacturero Espa\u00f1ol de IHS Markit, \u00edndice compuesto dise\u00f1ado para proporcionar una indicaci\u00f3n del comportamiento del sector manufacturero, mantuvo su reciente tendencia positiva en marzo, subiendo del nivel 52.9 registrado en febrero al 56.9. Al situarse por encima del nivel de ausencia de cambios de 50.0 por segundo mes consecutivo, la \u00faltima lectura del \u00edndice PMI fue la m\u00e1s alta desde diciembre de 2006. El \u00edndice PMI fue impulsado al alza principalmente por aumentos simult\u00e1neos de la producci\u00f3n y de los nuevos pedidos durante el mes. La producci\u00f3n aument\u00f3 al ritmo m\u00e1s r\u00e1pido desde diciembre de 2017, mientras que el incremento de los nuevos pedidos en general fue el m\u00e1s pronunciado en m\u00e1s de cuatro a\u00f1os. Las empresas informaron ampliamente que la creciente confianza en las perspectivas econ\u00f3micas respald\u00f3 la demanda, tanto a nivel nacional como en el extranjero. Los nuevos pedidos para exportaciones aumentaron en marzo al ritmo m\u00e1s fuerte desde febrero de 2018. La escasez de productos y los desaf\u00edos en la entrega de insumos continuaron generando un alza de precios en marzo, y los \u00faltimos datos muestran que la inflaci\u00f3n de los precios de los insumos fue la m\u00e1s alta en diez a\u00f1os. Se inform\u00f3 que una amplia gama de productos aument\u00f3 de precio, incluidos los productos qu\u00edmicos, la electr\u00f3nica, los metales, el papel y los pl\u00e1sticos. Tambi\u00e9n se inform\u00f3 que el coste de los transportes ha aumentado. Muchas empresas mencionaron que no tuvieron m\u00e1s remedio que aumentar sus tarifas cobradas. Si bien no aument\u00f3 al mismo nivel que la inflaci\u00f3n de los costes, la inflaci\u00f3n de los precios cobrados tambi\u00e9n fue la m\u00e1s fuerte registrada en una d\u00e9cada. La actividad del sector manufacturero espa\u00f1ol fue similar al de resto de econom\u00edas europeas que examina IHS Markit en su \u00edndice PMI. De esta forma, Alemania y Pa\u00edses Bajos registraron una lectura de 66,6 y 64,7 puntos, respectivamente, lo que en ambos casos se trata de su mayor lectura registrada hasta la fecha. De su lado, el PMI manufacturero de Italia alcanz\u00f3 los 59,8 puntos, desde los 56,9 de febrero, por lo que registr\u00f3 su mejor lectura de los \u00faltimos 21 a\u00f1os. Al tiempo, el sector manufacturero franc\u00e9s se situ\u00f3 en los 59,3 puntos, desde los 56,1 enteros de febrero. Esto supone la mejor lectura del \u00edndice PMI desde septiembre del a\u00f1o 2000.<\/p>\n","protected":false},"author":20,"featured_media":46662,"comment_status":"open","ping_status":"open","sticky":false,"template":"","format":"standard","meta":{"_FSMCFIC_featured_image_caption":"","_FSMCFIC_featured_image_nocaption":"","_FSMCFIC_featured_image_hide":"","footnotes":""},"categories":[806],"tags":[3598,995,831,1060],"class_list":["post-46678","post","type-post","status-publish","format-standard","has-post-thumbnail","hentry","category-punts-claus-del-dia-es","tag-creixement-economic-es","tag-crisi-es","tag-economia-es","tag-unio-europea-es"],"yoast_head":"<!-- This site is optimized with the Yoast SEO plugin v26.8 - https:\/\/yoast.com\/product\/yoast-seo-wordpress\/ -->\n<title>La industria manufacturera mejora las previsiones econ\u00f3micas -<\/title>\n<meta name=\"description\" content=\"En Espa\u00f1a la industria manufacturera ha marcado el mayor crecimiento durante el mes de marzo desde el a\u00f1o 2017. Adem\u00e1s, la creaci\u00f3n de empleo\" \/>\n<meta name=\"robots\" content=\"index, follow, max-snippet:-1, max-image-preview:large, max-video-preview:-1\" \/>\n<link rel=\"canonical\" href=\"https:\/\/conversesacatalunya.cat\/es\/la-industria-manufacturera-mejora-las-previsiones-economicas\/\" \/>\n<meta property=\"og:locale\" content=\"es_ES\" \/>\n<meta property=\"og:type\" content=\"article\" \/>\n<meta property=\"og:title\" content=\"La industria manufacturera mejora las previsiones econ\u00f3micas -\" \/>\n<meta property=\"og:description\" content=\"En Espa\u00f1a la industria manufacturera ha marcado el mayor crecimiento durante el mes de marzo desde el a\u00f1o 2017. Adem\u00e1s, la creaci\u00f3n de empleo\" \/>\n<meta property=\"og:url\" content=\"https:\/\/conversesacatalunya.cat\/es\/la-industria-manufacturera-mejora-las-previsiones-economicas\/\" \/>\n<meta property=\"og:site_name\" content=\"Converses a Catalunya\" \/>\n<meta property=\"article:published_time\" content=\"2021-04-02T03:45:35+00:00\" \/>\n<meta property=\"article:modified_time\" content=\"2021-04-02T16:16:29+00:00\" \/>\n<meta property=\"og:image\" content=\"https:\/\/conversesacatalunya.cat\/wp-content\/uploads\/2021\/04\/Capture-1024x677.png\" \/>\n\t<meta property=\"og:image:width\" content=\"1024\" \/>\n\t<meta property=\"og:image:height\" content=\"677\" \/>\n\t<meta property=\"og:image:type\" content=\"image\/png\" \/>\n<meta name=\"author\" content=\"conversesacatalunya\" \/>\n<meta name=\"twitter:card\" content=\"summary_large_image\" \/>\n<meta name=\"twitter:label1\" content=\"Escrito por\" \/>\n\t<meta name=\"twitter:data1\" content=\"conversesacatalunya\" \/>\n\t<meta name=\"twitter:label2\" content=\"Tiempo de lectura\" \/>\n\t<meta name=\"twitter:data2\" content=\"3 minutos\" \/>\n<script type=\"application\/ld+json\" class=\"yoast-schema-graph\">{\"@context\":\"https:\/\/schema.org\",\"@graph\":[{\"@type\":\"Article\",\"@id\":\"https:\/\/conversesacatalunya.cat\/es\/la-industria-manufacturera-mejora-las-previsiones-economicas\/#article\",\"isPartOf\":{\"@id\":\"https:\/\/conversesacatalunya.cat\/es\/la-industria-manufacturera-mejora-las-previsiones-economicas\/\"},\"author\":{\"name\":\"conversesacatalunya\",\"@id\":\"https:\/\/conversesacatalunya.cat\/#\/schema\/person\/a7a9496a363cd9847daf7cd659d92e64\"},\"headline\":\"La industria manufacturera mejora las previsiones econ\u00f3micas\",\"datePublished\":\"2021-04-02T03:45:35+00:00\",\"dateModified\":\"2021-04-02T16:16:29+00:00\",\"mainEntityOfPage\":{\"@id\":\"https:\/\/conversesacatalunya.cat\/es\/la-industria-manufacturera-mejora-las-previsiones-economicas\/\"},\"wordCount\":519,\"commentCount\":0,\"image\":{\"@id\":\"https:\/\/conversesacatalunya.cat\/es\/la-industria-manufacturera-mejora-las-previsiones-economicas\/#primaryimage\"},\"thumbnailUrl\":\"https:\/\/conversesacatalunya.cat\/wp-content\/uploads\/2021\/04\/Capture.png\",\"keywords\":[\"creixement econ\u00f2mic\",\"crisi\",\"Economia\",\"Uni\u00f3 Europea\"],\"articleSection\":[\"Punts clau del dia (ES)\"],\"inLanguage\":\"es\",\"potentialAction\":[{\"@type\":\"CommentAction\",\"name\":\"Comment\",\"target\":[\"https:\/\/conversesacatalunya.cat\/es\/la-industria-manufacturera-mejora-las-previsiones-economicas\/#respond\"]}]},{\"@type\":\"WebPage\",\"@id\":\"https:\/\/conversesacatalunya.cat\/es\/la-industria-manufacturera-mejora-las-previsiones-economicas\/\",\"url\":\"https:\/\/conversesacatalunya.cat\/es\/la-industria-manufacturera-mejora-las-previsiones-economicas\/\",\"name\":\"La industria manufacturera mejora las previsiones econ\u00f3micas -\",\"isPartOf\":{\"@id\":\"https:\/\/conversesacatalunya.cat\/#website\"},\"primaryImageOfPage\":{\"@id\":\"https:\/\/conversesacatalunya.cat\/es\/la-industria-manufacturera-mejora-las-previsiones-economicas\/#primaryimage\"},\"image\":{\"@id\":\"https:\/\/conversesacatalunya.cat\/es\/la-industria-manufacturera-mejora-las-previsiones-economicas\/#primaryimage\"},\"thumbnailUrl\":\"https:\/\/conversesacatalunya.cat\/wp-content\/uploads\/2021\/04\/Capture.png\",\"datePublished\":\"2021-04-02T03:45:35+00:00\",\"dateModified\":\"2021-04-02T16:16:29+00:00\",\"author\":{\"@id\":\"https:\/\/conversesacatalunya.cat\/#\/schema\/person\/a7a9496a363cd9847daf7cd659d92e64\"},\"description\":\"En Espa\u00f1a la industria manufacturera ha marcado el mayor crecimiento durante el mes de marzo desde el a\u00f1o 2017. Adem\u00e1s, la creaci\u00f3n de empleo\",\"breadcrumb\":{\"@id\":\"https:\/\/conversesacatalunya.cat\/es\/la-industria-manufacturera-mejora-las-previsiones-economicas\/#breadcrumb\"},\"inLanguage\":\"es\",\"potentialAction\":[{\"@type\":\"ReadAction\",\"target\":[\"https:\/\/conversesacatalunya.cat\/es\/la-industria-manufacturera-mejora-las-previsiones-economicas\/\"]}]},{\"@type\":\"ImageObject\",\"inLanguage\":\"es\",\"@id\":\"https:\/\/conversesacatalunya.cat\/es\/la-industria-manufacturera-mejora-las-previsiones-economicas\/#primaryimage\",\"url\":\"https:\/\/conversesacatalunya.cat\/wp-content\/uploads\/2021\/04\/Capture.png\",\"contentUrl\":\"https:\/\/conversesacatalunya.cat\/wp-content\/uploads\/2021\/04\/Capture.png\",\"width\":1106,\"height\":731,\"caption\":\"manufacturera\"},{\"@type\":\"BreadcrumbList\",\"@id\":\"https:\/\/conversesacatalunya.cat\/es\/la-industria-manufacturera-mejora-las-previsiones-economicas\/#breadcrumb\",\"itemListElement\":[{\"@type\":\"ListItem\",\"position\":1,\"name\":\"Inici\",\"item\":\"https:\/\/conversesacatalunya.cat\/es\/\"},{\"@type\":\"ListItem\",\"position\":2,\"name\":\"La industria manufacturera mejora las previsiones econ\u00f3micas\"}]},{\"@type\":\"WebSite\",\"@id\":\"https:\/\/conversesacatalunya.cat\/#website\",\"url\":\"https:\/\/conversesacatalunya.cat\/\",\"name\":\"Converses a Catalunya\",\"description\":\"\",\"potentialAction\":[{\"@type\":\"SearchAction\",\"target\":{\"@type\":\"EntryPoint\",\"urlTemplate\":\"https:\/\/conversesacatalunya.cat\/?s={search_term_string}\"},\"query-input\":{\"@type\":\"PropertyValueSpecification\",\"valueRequired\":true,\"valueName\":\"search_term_string\"}}],\"inLanguage\":\"es\"},{\"@type\":\"Person\",\"@id\":\"https:\/\/conversesacatalunya.cat\/#\/schema\/person\/a7a9496a363cd9847daf7cd659d92e64\",\"name\":\"conversesacatalunya\",\"image\":{\"@type\":\"ImageObject\",\"inLanguage\":\"es\",\"@id\":\"https:\/\/conversesacatalunya.cat\/#\/schema\/person\/image\/\",\"url\":\"https:\/\/conversesacatalunya.cat\/wp-content\/litespeed\/avatar\/ff91582b44ff9c880dc9c5ac2f5c7e89.jpg?ver=1777372947\",\"contentUrl\":\"https:\/\/conversesacatalunya.cat\/wp-content\/litespeed\/avatar\/ff91582b44ff9c880dc9c5ac2f5c7e89.jpg?ver=1777372947\",\"caption\":\"conversesacatalunya\"},\"url\":\"https:\/\/conversesacatalunya.cat\/es\/author\/francisco_garcia\/\"}]}<\/script>\n<!-- \/ Yoast SEO plugin. -->","yoast_head_json":{"title":"La industria manufacturera mejora las previsiones econ\u00f3micas -","description":"En Espa\u00f1a la industria manufacturera ha marcado el mayor crecimiento durante el mes de marzo desde el a\u00f1o 2017. Adem\u00e1s, la creaci\u00f3n de empleo","robots":{"index":"index","follow":"follow","max-snippet":"max-snippet:-1","max-image-preview":"max-image-preview:large","max-video-preview":"max-video-preview:-1"},"canonical":"https:\/\/conversesacatalunya.cat\/es\/la-industria-manufacturera-mejora-las-previsiones-economicas\/","og_locale":"es_ES","og_type":"article","og_title":"La industria manufacturera mejora las previsiones econ\u00f3micas -","og_description":"En Espa\u00f1a la industria manufacturera ha marcado el mayor crecimiento durante el mes de marzo desde el a\u00f1o 2017. Adem\u00e1s, la creaci\u00f3n de empleo","og_url":"https:\/\/conversesacatalunya.cat\/es\/la-industria-manufacturera-mejora-las-previsiones-economicas\/","og_site_name":"Converses a Catalunya","article_published_time":"2021-04-02T03:45:35+00:00","article_modified_time":"2021-04-02T16:16:29+00:00","og_image":[{"width":1024,"height":677,"url":"https:\/\/conversesacatalunya.cat\/wp-content\/uploads\/2021\/04\/Capture-1024x677.png","type":"image\/png"}],"author":"conversesacatalunya","twitter_card":"summary_large_image","twitter_misc":{"Escrito por":"conversesacatalunya","Tiempo de lectura":"3 minutos"},"schema":{"@context":"https:\/\/schema.org","@graph":[{"@type":"Article","@id":"https:\/\/conversesacatalunya.cat\/es\/la-industria-manufacturera-mejora-las-previsiones-economicas\/#article","isPartOf":{"@id":"https:\/\/conversesacatalunya.cat\/es\/la-industria-manufacturera-mejora-las-previsiones-economicas\/"},"author":{"name":"conversesacatalunya","@id":"https:\/\/conversesacatalunya.cat\/#\/schema\/person\/a7a9496a363cd9847daf7cd659d92e64"},"headline":"La industria manufacturera mejora las previsiones econ\u00f3micas","datePublished":"2021-04-02T03:45:35+00:00","dateModified":"2021-04-02T16:16:29+00:00","mainEntityOfPage":{"@id":"https:\/\/conversesacatalunya.cat\/es\/la-industria-manufacturera-mejora-las-previsiones-economicas\/"},"wordCount":519,"commentCount":0,"image":{"@id":"https:\/\/conversesacatalunya.cat\/es\/la-industria-manufacturera-mejora-las-previsiones-economicas\/#primaryimage"},"thumbnailUrl":"https:\/\/conversesacatalunya.cat\/wp-content\/uploads\/2021\/04\/Capture.png","keywords":["creixement econ\u00f2mic","crisi","Economia","Uni\u00f3 Europea"],"articleSection":["Punts clau del dia (ES)"],"inLanguage":"es","potentialAction":[{"@type":"CommentAction","name":"Comment","target":["https:\/\/conversesacatalunya.cat\/es\/la-industria-manufacturera-mejora-las-previsiones-economicas\/#respond"]}]},{"@type":"WebPage","@id":"https:\/\/conversesacatalunya.cat\/es\/la-industria-manufacturera-mejora-las-previsiones-economicas\/","url":"https:\/\/conversesacatalunya.cat\/es\/la-industria-manufacturera-mejora-las-previsiones-economicas\/","name":"La industria manufacturera mejora las previsiones econ\u00f3micas -","isPartOf":{"@id":"https:\/\/conversesacatalunya.cat\/#website"},"primaryImageOfPage":{"@id":"https:\/\/conversesacatalunya.cat\/es\/la-industria-manufacturera-mejora-las-previsiones-economicas\/#primaryimage"},"image":{"@id":"https:\/\/conversesacatalunya.cat\/es\/la-industria-manufacturera-mejora-las-previsiones-economicas\/#primaryimage"},"thumbnailUrl":"https:\/\/conversesacatalunya.cat\/wp-content\/uploads\/2021\/04\/Capture.png","datePublished":"2021-04-02T03:45:35+00:00","dateModified":"2021-04-02T16:16:29+00:00","author":{"@id":"https:\/\/conversesacatalunya.cat\/#\/schema\/person\/a7a9496a363cd9847daf7cd659d92e64"},"description":"En Espa\u00f1a la industria manufacturera ha marcado el mayor crecimiento durante el mes de marzo desde el a\u00f1o 2017. Adem\u00e1s, la creaci\u00f3n de empleo","breadcrumb":{"@id":"https:\/\/conversesacatalunya.cat\/es\/la-industria-manufacturera-mejora-las-previsiones-economicas\/#breadcrumb"},"inLanguage":"es","potentialAction":[{"@type":"ReadAction","target":["https:\/\/conversesacatalunya.cat\/es\/la-industria-manufacturera-mejora-las-previsiones-economicas\/"]}]},{"@type":"ImageObject","inLanguage":"es","@id":"https:\/\/conversesacatalunya.cat\/es\/la-industria-manufacturera-mejora-las-previsiones-economicas\/#primaryimage","url":"https:\/\/conversesacatalunya.cat\/wp-content\/uploads\/2021\/04\/Capture.png","contentUrl":"https:\/\/conversesacatalunya.cat\/wp-content\/uploads\/2021\/04\/Capture.png","width":1106,"height":731,"caption":"manufacturera"},{"@type":"BreadcrumbList","@id":"https:\/\/conversesacatalunya.cat\/es\/la-industria-manufacturera-mejora-las-previsiones-economicas\/#breadcrumb","itemListElement":[{"@type":"ListItem","position":1,"name":"Inici","item":"https:\/\/conversesacatalunya.cat\/es\/"},{"@type":"ListItem","position":2,"name":"La industria manufacturera mejora las previsiones econ\u00f3micas"}]},{"@type":"WebSite","@id":"https:\/\/conversesacatalunya.cat\/#website","url":"https:\/\/conversesacatalunya.cat\/","name":"Converses a Catalunya","description":"","potentialAction":[{"@type":"SearchAction","target":{"@type":"EntryPoint","urlTemplate":"https:\/\/conversesacatalunya.cat\/?s={search_term_string}"},"query-input":{"@type":"PropertyValueSpecification","valueRequired":true,"valueName":"search_term_string"}}],"inLanguage":"es"},{"@type":"Person","@id":"https:\/\/conversesacatalunya.cat\/#\/schema\/person\/a7a9496a363cd9847daf7cd659d92e64","name":"conversesacatalunya","image":{"@type":"ImageObject","inLanguage":"es","@id":"https:\/\/conversesacatalunya.cat\/#\/schema\/person\/image\/","url":"https:\/\/conversesacatalunya.cat\/wp-content\/litespeed\/avatar\/ff91582b44ff9c880dc9c5ac2f5c7e89.jpg?ver=1777372947","contentUrl":"https:\/\/conversesacatalunya.cat\/wp-content\/litespeed\/avatar\/ff91582b44ff9c880dc9c5ac2f5c7e89.jpg?ver=1777372947","caption":"conversesacatalunya"},"url":"https:\/\/conversesacatalunya.cat\/es\/author\/francisco_garcia\/"}]}},"wps_subtitle":"En Espa\u00f1a la industria manufacturera ha marcado el mayor crecimiento durante el mes de marzo desde el a\u00f1o 2017. Adem\u00e1s, la creaci\u00f3n de empleo aument\u00f3 por primera vez en cinco meses en el sector","_links":{"self":[{"href":"https:\/\/conversesacatalunya.cat\/es\/wp-json\/wp\/v2\/posts\/46678","targetHints":{"allow":["GET"]}}],"collection":[{"href":"https:\/\/conversesacatalunya.cat\/es\/wp-json\/wp\/v2\/posts"}],"about":[{"href":"https:\/\/conversesacatalunya.cat\/es\/wp-json\/wp\/v2\/types\/post"}],"author":[{"embeddable":true,"href":"https:\/\/conversesacatalunya.cat\/es\/wp-json\/wp\/v2\/users\/20"}],"replies":[{"embeddable":true,"href":"https:\/\/conversesacatalunya.cat\/es\/wp-json\/wp\/v2\/comments?post=46678"}],"version-history":[{"count":2,"href":"https:\/\/conversesacatalunya.cat\/es\/wp-json\/wp\/v2\/posts\/46678\/revisions"}],"predecessor-version":[{"id":46680,"href":"https:\/\/conversesacatalunya.cat\/es\/wp-json\/wp\/v2\/posts\/46678\/revisions\/46680"}],"wp:featuredmedia":[{"embeddable":true,"href":"https:\/\/conversesacatalunya.cat\/es\/wp-json\/wp\/v2\/media\/46662"}],"wp:attachment":[{"href":"https:\/\/conversesacatalunya.cat\/es\/wp-json\/wp\/v2\/media?parent=46678"}],"wp:term":[{"taxonomy":"category","embeddable":true,"href":"https:\/\/conversesacatalunya.cat\/es\/wp-json\/wp\/v2\/categories?post=46678"},{"taxonomy":"post_tag","embeddable":true,"href":"https:\/\/conversesacatalunya.cat\/es\/wp-json\/wp\/v2\/tags?post=46678"}],"curies":[{"name":"wp","href":"https:\/\/api.w.org\/{rel}","templated":true}]}}