{"id":46670,"date":"2021-04-02T08:55:17","date_gmt":"2021-04-02T06:55:17","guid":{"rendered":"https:\/\/conversesacatalunya.cat\/declaracio-de-bens-del-govern-ens-prenen-el-pel\/"},"modified":"2021-04-02T17:57:19","modified_gmt":"2021-04-02T15:57:19","slug":"declaracion-de-bienes-del-gobierno-nos-toman-el-pelo","status":"publish","type":"post","link":"https:\/\/conversesacatalunya.cat\/es\/declaracion-de-bienes-del-gobierno-nos-toman-el-pelo\/","title":{"rendered":"Declaraci\u00f3n de bienes del gobierno. Nos toman el pelo"},"content":{"rendered":"<p><span>La declaraci\u00f3n de bienes del gobierno es, con contadas excepciones, una gran tomadura de pelo.\u00a0Si respondiera a la realidad de lo que dicen, resultar\u00eda que los ministros o no tienen vivienda o es de unas condiciones \u00ednfimas, o viven de alquiler, a pesar de que casi todos ellos tienen una larga trayectoria pol\u00edtica y algunos profesional, y est\u00e1n en la edad en que el ingreso, y por tanto, su patrimonio, alcanza m\u00e1ximos.<\/span><\/p>\n<p><span>Es espectacular la declaraci\u00f3n de bienes inmuebles de algunos de ellos. Por ejemplo, un juez de\u00a0<\/span><strong><span>carrera, Fernando Grande Marlaska<\/span><\/strong><span>\u00a0, resulta que s\u00f3lo tiene un valor en inmuebles\u00a0<\/span><strong><span>de 39.291 euros<\/span><\/strong><span>. \u00bfNo tiene vivienda el ministro? Pero, entonces, lo que llama la atenci\u00f3n, porque se puede pensar que toda la vida vive de alquiler, es que s\u00f3lo <\/span><strong><span>tiene 4.400 euros<\/span><\/strong><span>\u00a0en dep\u00f3sitos. Toda una carrera de juez s\u00f3lo le ha servido para alcanzar esta cifra. Pero a\u00fan tiene m\u00e1s intr\u00edngulis la cosa si se considera que en 2018, dos a\u00f1os antes, s\u00f3lo\u00a0<\/span><strong><span>declaraba 264.000<\/span><\/strong><span> euros, mientras que ahora como bienes totales <\/span><strong><span>declara 463.000.<\/span><\/strong><span> \u00bfC\u00f3mo\u00a0es posible que en toda su vida anterior, una parte importante de ella como magistrado de la audiencia Nacional, s\u00f3lo haya acumulado bienes por valor de 264.000 euros y s\u00f3lo en dos a\u00f1os del gobierno hay a\u00f1adido casi el 50 %?<\/span><\/p>\n<p><span>Todas estas cosas deber\u00edan ser analizadas y explicadas.\u00a0Como Pedro Duque, el astronauta, que s\u00f3lo tiene un valor inmobiliario de 37.628 euros, Yolanda D\u00edaz de 39.837 euros, y s\u00f3lo 7.340 en dep\u00f3sito, y unas deudas de 25.324 euros. \u00bfQu\u00e9 ha estado haciendo hasta llegar a ser ministra la Sra.\u00a0D\u00edaz?<\/span><\/p>\n<p><span><span class=\"goog-text-highlight\">Una alta funcionaria de rango internacional y hoy ministra, Arancha Gonz\u00e1lez Laya, tiene bienes inmobiliarios que a\u00fan no llegan a los 80.000 euros.\u00a0<\/span>Hay un ministro, como Alberto Garz\u00f3n, que tiene un valor inmueble de 111.000 euros, dep\u00f3sitos por valor de 17.000 euros y deudas de 157.000 euros.<\/span><\/p>\n<p><span>Por no hablar del presidente del gobierno que tiene 180.795 euros en inmuebles, y 161.329 euros en deudas.<\/span><\/p>\n<p><span>La impresi\u00f3n que hacen todas estas cifras, con la excepci\u00f3n de algunos casos, Castells, Escriv\u00e1, Cela\u00e1 incluso la pareja formada por Iglesias y Montero, que s\u00ed presentan cifras razonables a sus estatus previos, es que, en la mayor\u00eda de los otros casos, el mayor de los interrogantes planea sobre cu\u00e1l es su patrimonio real, o a qu\u00e9 se han dedicado y ganado la vida antes de ser ministros. O la una o la otra cuesti\u00f3n deber\u00eda ser aclarada.<\/span><\/p>\n<div id=\"polls-97\" class=\"wp-polls\">\n\t<form id=\"polls_form_97\" class=\"wp-polls-form\" action=\"\/index.php\" method=\"post\">\n\t\t<p style=\"display: none;\"><input type=\"hidden\" id=\"poll_97_nonce\" name=\"wp-polls-nonce\" value=\"3ea1394a15\" \/><\/p>\n\t\t<p style=\"display: none;\"><input type=\"hidden\" name=\"poll_id\" value=\"97\" \/><\/p>\n\t\t<p style=\"text-align: center\"><strong>\u00c9s necessari un nou partit de centre catalanista?<\/strong><\/p><div id=\"polls-97-ans\" class=\"wp-polls-ans\"><ul class=\"wp-polls-ul\">\n\t\t<li><input type=\"radio\" id=\"poll-answer-227\" name=\"poll_97\" value=\"227\" \/> <label for=\"poll-answer-227\">Si<\/label><\/li>\n\t\t<li><input type=\"radio\" id=\"poll-answer-228\" name=\"poll_97\" value=\"228\" \/> <label for=\"poll-answer-228\">No<\/label><\/li>\n\t\t<\/ul><p style=\"text-align: center\"><input type=\"button\" name=\"vote\" value=\"   Vota   \" class=\"Buttons\" onclick=\"poll_vote(97);\" \/><\/p><p style=\"text-align: center\"><a href=\"#ViewPollResults\" onclick=\"poll_result(97); return false;\" title=\"View Results Of This Poll\">Mira els resultats<\/a><\/p><\/div>\n\t<\/form>\n<\/div>\n<div id=\"polls-97-loading\" class=\"wp-polls-loading\"><img decoding=\"async\" data-src=\"https:\/\/conversesacatalunya.cat\/wp-content\/plugins\/wp-polls\/images\/loading.gif\" width=\"16\" height=\"16\" alt=\"Cargando ...\" title=\"Cargando ...\" class=\"wp-polls-image lazyload\" src=\"data:image\/svg+xml;base64,PHN2ZyB3aWR0aD0iMSIgaGVpZ2h0PSIxIiB4bWxucz0iaHR0cDovL3d3dy53My5vcmcvMjAwMC9zdmciPjwvc3ZnPg==\" style=\"--smush-placeholder-width: 16px; --smush-placeholder-aspect-ratio: 16\/16;\" \/>&nbsp;Cargando ...<\/div>\n\n","protected":false},"excerpt":{"rendered":"<p>La declaraci\u00f3n de bienes del gobierno es, con contadas excepciones, una gran tomadura de pelo.\u00a0Si respondiera a la realidad de lo que dicen, resultar\u00eda que los ministros o no tienen vivienda o es de unas condiciones \u00ednfimas, o viven de alquiler, a pesar de que casi todos ellos tienen una larga trayectoria pol\u00edtica y algunos profesional, y est\u00e1n en la edad en que el ingreso, y por tanto, su patrimonio, alcanza m\u00e1ximos. Es espectacular la declaraci\u00f3n de bienes inmuebles de algunos de ellos. Por ejemplo, un juez de\u00a0carrera, Fernando Grande Marlaska\u00a0, resulta que s\u00f3lo tiene un valor en inmuebles\u00a0de 39.291 euros. \u00bfNo tiene vivienda el ministro? Pero, entonces, lo que llama la atenci\u00f3n, porque se puede pensar que toda la vida vive de alquiler, es que s\u00f3lo tiene 4.400 euros\u00a0en dep\u00f3sitos. Toda una carrera de juez s\u00f3lo le ha servido para alcanzar esta cifra. Pero a\u00fan tiene m\u00e1s intr\u00edngulis la cosa si se considera que en 2018, dos a\u00f1os antes, s\u00f3lo\u00a0declaraba 264.000 euros, mientras que ahora como bienes totales declara 463.000. \u00bfC\u00f3mo\u00a0es posible que en toda su vida anterior, una parte importante de ella como magistrado de la audiencia Nacional, s\u00f3lo haya acumulado bienes por valor de 264.000 euros y s\u00f3lo en dos a\u00f1os del gobierno hay a\u00f1adido casi el 50 %? Todas estas cosas deber\u00edan ser analizadas y explicadas.\u00a0Como Pedro Duque, el astronauta, que s\u00f3lo tiene un valor inmobiliario de 37.628 euros, Yolanda D\u00edaz de 39.837 euros, y s\u00f3lo 7.340 en dep\u00f3sito, y unas deudas de 25.324 euros. \u00bfQu\u00e9 ha estado haciendo hasta llegar a ser ministra la Sra.\u00a0D\u00edaz? Una alta funcionaria de rango internacional y hoy ministra, Arancha Gonz\u00e1lez Laya, tiene bienes inmobiliarios que a\u00fan no llegan a los 80.000 euros.\u00a0Hay un ministro, como Alberto Garz\u00f3n, que tiene un valor inmueble de 111.000 euros, dep\u00f3sitos por valor de 17.000 euros y deudas de 157.000 euros. Por no hablar del presidente del gobierno que tiene 180.795 euros en inmuebles, y 161.329 euros en deudas. La impresi\u00f3n que hacen todas estas cifras, con la excepci\u00f3n de algunos casos, Castells, Escriv\u00e1, Cela\u00e1 incluso la pareja formada por Iglesias y Montero, que s\u00ed presentan cifras razonables a sus estatus previos, es que, en la mayor\u00eda de los otros casos, el mayor de los interrogantes planea sobre cu\u00e1l es su patrimonio real, o a qu\u00e9 se han dedicado y ganado la vida antes de ser ministros. O la una o la otra cuesti\u00f3n deber\u00eda ser aclarada.<\/p>\n","protected":false},"author":2,"featured_media":46640,"comment_status":"open","ping_status":"open","sticky":false,"template":"","format":"standard","meta":{"_FSMCFIC_featured_image_caption":"","_FSMCFIC_featured_image_nocaption":"","_FSMCFIC_featured_image_hide":"","footnotes":""},"categories":[806],"tags":[],"class_list":["post-46670","post","type-post","status-publish","format-standard","has-post-thumbnail","hentry","category-punts-claus-del-dia-es"],"yoast_head":"<!-- This site is optimized with the Yoast SEO plugin v26.8 - https:\/\/yoast.com\/product\/yoast-seo-wordpress\/ -->\n<title>Declaraci\u00f3n de bienes del gobierno. Nos toman el pelo - Converses a Catalunya<\/title>\n<meta name=\"robots\" content=\"index, follow, max-snippet:-1, max-image-preview:large, max-video-preview:-1\" \/>\n<link rel=\"canonical\" href=\"https:\/\/conversesacatalunya.cat\/es\/declaracion-de-bienes-del-gobierno-nos-toman-el-pelo\/\" \/>\n<meta property=\"og:locale\" content=\"es_ES\" \/>\n<meta property=\"og:type\" content=\"article\" \/>\n<meta property=\"og:title\" content=\"Declaraci\u00f3n de bienes del gobierno. Nos toman el pelo - Converses a Catalunya\" \/>\n<meta property=\"og:description\" content=\"La declaraci\u00f3n de bienes del gobierno es, con contadas excepciones, una gran tomadura de pelo.\u00a0Si respondiera a la realidad de lo que dicen, resultar\u00eda que los ministros o no tienen vivienda o es de unas condiciones \u00ednfimas, o viven de alquiler, a pesar de que casi todos ellos tienen una larga trayectoria pol\u00edtica y algunos profesional, y est\u00e1n en la edad en que el ingreso, y por tanto, su patrimonio, alcanza m\u00e1ximos. Es espectacular la declaraci\u00f3n de bienes inmuebles de algunos de ellos. Por ejemplo, un juez de\u00a0carrera, Fernando Grande Marlaska\u00a0, resulta que s\u00f3lo tiene un valor en inmuebles\u00a0de 39.291 euros. \u00bfNo tiene vivienda el ministro? Pero, entonces, lo que llama la atenci\u00f3n, porque se puede pensar que toda la vida vive de alquiler, es que s\u00f3lo tiene 4.400 euros\u00a0en dep\u00f3sitos. Toda una carrera de juez s\u00f3lo le ha servido para alcanzar esta cifra. Pero a\u00fan tiene m\u00e1s intr\u00edngulis la cosa si se considera que en 2018, dos a\u00f1os antes, s\u00f3lo\u00a0declaraba 264.000 euros, mientras que ahora como bienes totales declara 463.000. \u00bfC\u00f3mo\u00a0es posible que en toda su vida anterior, una parte importante de ella como magistrado de la audiencia Nacional, s\u00f3lo haya acumulado bienes por valor de 264.000 euros y s\u00f3lo en dos a\u00f1os del gobierno hay a\u00f1adido casi el 50 %? Todas estas cosas deber\u00edan ser analizadas y explicadas.\u00a0Como Pedro Duque, el astronauta, que s\u00f3lo tiene un valor inmobiliario de 37.628 euros, Yolanda D\u00edaz de 39.837 euros, y s\u00f3lo 7.340 en dep\u00f3sito, y unas deudas de 25.324 euros. \u00bfQu\u00e9 ha estado haciendo hasta llegar a ser ministra la Sra.\u00a0D\u00edaz? Una alta funcionaria de rango internacional y hoy ministra, Arancha Gonz\u00e1lez Laya, tiene bienes inmobiliarios que a\u00fan no llegan a los 80.000 euros.\u00a0Hay un ministro, como Alberto Garz\u00f3n, que tiene un valor inmueble de 111.000 euros, dep\u00f3sitos por valor de 17.000 euros y deudas de 157.000 euros. Por no hablar del presidente del gobierno que tiene 180.795 euros en inmuebles, y 161.329 euros en deudas. La impresi\u00f3n que hacen todas estas cifras, con la excepci\u00f3n de algunos casos, Castells, Escriv\u00e1, Cela\u00e1 incluso la pareja formada por Iglesias y Montero, que s\u00ed presentan cifras razonables a sus estatus previos, es que, en la mayor\u00eda de los otros casos, el mayor de los interrogantes planea sobre cu\u00e1l es su patrimonio real, o a qu\u00e9 se han dedicado y ganado la vida antes de ser ministros. O la una o la otra cuesti\u00f3n deber\u00eda ser aclarada.\" \/>\n<meta property=\"og:url\" content=\"https:\/\/conversesacatalunya.cat\/es\/declaracion-de-bienes-del-gobierno-nos-toman-el-pelo\/\" \/>\n<meta property=\"og:site_name\" content=\"Converses a Catalunya\" \/>\n<meta property=\"article:published_time\" content=\"2021-04-02T06:55:17+00:00\" \/>\n<meta property=\"article:modified_time\" content=\"2021-04-02T15:57:19+00:00\" \/>\n<meta property=\"og:image\" content=\"https:\/\/conversesacatalunya.cat\/wp-content\/uploads\/2021\/03\/ministros.jpg\" \/>\n\t<meta property=\"og:image:width\" content=\"1200\" \/>\n\t<meta property=\"og:image:height\" content=\"675\" \/>\n\t<meta property=\"og:image:type\" content=\"image\/jpeg\" \/>\n<meta name=\"author\" content=\"conversesacatalunya\" \/>\n<meta name=\"twitter:card\" content=\"summary_large_image\" \/>\n<meta name=\"twitter:label1\" content=\"Escrito por\" \/>\n\t<meta name=\"twitter:data1\" content=\"conversesacatalunya\" \/>\n\t<meta name=\"twitter:label2\" content=\"Tiempo de lectura\" \/>\n\t<meta name=\"twitter:data2\" content=\"2 minutos\" \/>\n<script type=\"application\/ld+json\" class=\"yoast-schema-graph\">{\"@context\":\"https:\/\/schema.org\",\"@graph\":[{\"@type\":\"Article\",\"@id\":\"https:\/\/conversesacatalunya.cat\/es\/declaracion-de-bienes-del-gobierno-nos-toman-el-pelo\/#article\",\"isPartOf\":{\"@id\":\"https:\/\/conversesacatalunya.cat\/es\/declaracion-de-bienes-del-gobierno-nos-toman-el-pelo\/\"},\"author\":{\"name\":\"conversesacatalunya\",\"@id\":\"https:\/\/conversesacatalunya.cat\/#\/schema\/person\/7e24d1e54a2785373ddcb275eae5ed99\"},\"headline\":\"Declaraci\u00f3n de bienes del gobierno. Nos toman el pelo\",\"datePublished\":\"2021-04-02T06:55:17+00:00\",\"dateModified\":\"2021-04-02T15:57:19+00:00\",\"mainEntityOfPage\":{\"@id\":\"https:\/\/conversesacatalunya.cat\/es\/declaracion-de-bienes-del-gobierno-nos-toman-el-pelo\/\"},\"wordCount\":443,\"commentCount\":0,\"image\":{\"@id\":\"https:\/\/conversesacatalunya.cat\/es\/declaracion-de-bienes-del-gobierno-nos-toman-el-pelo\/#primaryimage\"},\"thumbnailUrl\":\"https:\/\/conversesacatalunya.cat\/wp-content\/uploads\/2021\/03\/ministros.jpg\",\"articleSection\":[\"Punts clau del dia (ES)\"],\"inLanguage\":\"es\",\"potentialAction\":[{\"@type\":\"CommentAction\",\"name\":\"Comment\",\"target\":[\"https:\/\/conversesacatalunya.cat\/es\/declaracion-de-bienes-del-gobierno-nos-toman-el-pelo\/#respond\"]}]},{\"@type\":\"WebPage\",\"@id\":\"https:\/\/conversesacatalunya.cat\/es\/declaracion-de-bienes-del-gobierno-nos-toman-el-pelo\/\",\"url\":\"https:\/\/conversesacatalunya.cat\/es\/declaracion-de-bienes-del-gobierno-nos-toman-el-pelo\/\",\"name\":\"Declaraci\u00f3n de bienes del gobierno. Nos toman el pelo - Converses a Catalunya\",\"isPartOf\":{\"@id\":\"https:\/\/conversesacatalunya.cat\/#website\"},\"primaryImageOfPage\":{\"@id\":\"https:\/\/conversesacatalunya.cat\/es\/declaracion-de-bienes-del-gobierno-nos-toman-el-pelo\/#primaryimage\"},\"image\":{\"@id\":\"https:\/\/conversesacatalunya.cat\/es\/declaracion-de-bienes-del-gobierno-nos-toman-el-pelo\/#primaryimage\"},\"thumbnailUrl\":\"https:\/\/conversesacatalunya.cat\/wp-content\/uploads\/2021\/03\/ministros.jpg\",\"datePublished\":\"2021-04-02T06:55:17+00:00\",\"dateModified\":\"2021-04-02T15:57:19+00:00\",\"author\":{\"@id\":\"https:\/\/conversesacatalunya.cat\/#\/schema\/person\/7e24d1e54a2785373ddcb275eae5ed99\"},\"breadcrumb\":{\"@id\":\"https:\/\/conversesacatalunya.cat\/es\/declaracion-de-bienes-del-gobierno-nos-toman-el-pelo\/#breadcrumb\"},\"inLanguage\":\"es\",\"potentialAction\":[{\"@type\":\"ReadAction\",\"target\":[\"https:\/\/conversesacatalunya.cat\/es\/declaracion-de-bienes-del-gobierno-nos-toman-el-pelo\/\"]}]},{\"@type\":\"ImageObject\",\"inLanguage\":\"es\",\"@id\":\"https:\/\/conversesacatalunya.cat\/es\/declaracion-de-bienes-del-gobierno-nos-toman-el-pelo\/#primaryimage\",\"url\":\"https:\/\/conversesacatalunya.cat\/wp-content\/uploads\/2021\/03\/ministros.jpg\",\"contentUrl\":\"https:\/\/conversesacatalunya.cat\/wp-content\/uploads\/2021\/03\/ministros.jpg\",\"width\":1200,\"height\":675},{\"@type\":\"BreadcrumbList\",\"@id\":\"https:\/\/conversesacatalunya.cat\/es\/declaracion-de-bienes-del-gobierno-nos-toman-el-pelo\/#breadcrumb\",\"itemListElement\":[{\"@type\":\"ListItem\",\"position\":1,\"name\":\"Inici\",\"item\":\"https:\/\/conversesacatalunya.cat\/es\/\"},{\"@type\":\"ListItem\",\"position\":2,\"name\":\"Declaraci\u00f3n de bienes del gobierno. Nos toman el pelo\"}]},{\"@type\":\"WebSite\",\"@id\":\"https:\/\/conversesacatalunya.cat\/#website\",\"url\":\"https:\/\/conversesacatalunya.cat\/\",\"name\":\"Converses a Catalunya\",\"description\":\"\",\"potentialAction\":[{\"@type\":\"SearchAction\",\"target\":{\"@type\":\"EntryPoint\",\"urlTemplate\":\"https:\/\/conversesacatalunya.cat\/?s={search_term_string}\"},\"query-input\":{\"@type\":\"PropertyValueSpecification\",\"valueRequired\":true,\"valueName\":\"search_term_string\"}}],\"inLanguage\":\"es\"},{\"@type\":\"Person\",\"@id\":\"https:\/\/conversesacatalunya.cat\/#\/schema\/person\/7e24d1e54a2785373ddcb275eae5ed99\",\"name\":\"conversesacatalunya\",\"image\":{\"@type\":\"ImageObject\",\"inLanguage\":\"es\",\"@id\":\"https:\/\/conversesacatalunya.cat\/#\/schema\/person\/image\/\",\"url\":\"https:\/\/conversesacatalunya.cat\/wp-content\/litespeed\/avatar\/febdfeeec89d950f01c748045a981dd2.jpg?ver=1777314535\",\"contentUrl\":\"https:\/\/conversesacatalunya.cat\/wp-content\/litespeed\/avatar\/febdfeeec89d950f01c748045a981dd2.jpg?ver=1777314535\",\"caption\":\"conversesacatalunya\"},\"url\":\"https:\/\/conversesacatalunya.cat\/es\/author\/carme_catala\/\"}]}<\/script>\n<!-- \/ Yoast SEO plugin. -->","yoast_head_json":{"title":"Declaraci\u00f3n de bienes del gobierno. Nos toman el pelo - Converses a Catalunya","robots":{"index":"index","follow":"follow","max-snippet":"max-snippet:-1","max-image-preview":"max-image-preview:large","max-video-preview":"max-video-preview:-1"},"canonical":"https:\/\/conversesacatalunya.cat\/es\/declaracion-de-bienes-del-gobierno-nos-toman-el-pelo\/","og_locale":"es_ES","og_type":"article","og_title":"Declaraci\u00f3n de bienes del gobierno. Nos toman el pelo - Converses a Catalunya","og_description":"La declaraci\u00f3n de bienes del gobierno es, con contadas excepciones, una gran tomadura de pelo.\u00a0Si respondiera a la realidad de lo que dicen, resultar\u00eda que los ministros o no tienen vivienda o es de unas condiciones \u00ednfimas, o viven de alquiler, a pesar de que casi todos ellos tienen una larga trayectoria pol\u00edtica y algunos profesional, y est\u00e1n en la edad en que el ingreso, y por tanto, su patrimonio, alcanza m\u00e1ximos. Es espectacular la declaraci\u00f3n de bienes inmuebles de algunos de ellos. Por ejemplo, un juez de\u00a0carrera, Fernando Grande Marlaska\u00a0, resulta que s\u00f3lo tiene un valor en inmuebles\u00a0de 39.291 euros. \u00bfNo tiene vivienda el ministro? Pero, entonces, lo que llama la atenci\u00f3n, porque se puede pensar que toda la vida vive de alquiler, es que s\u00f3lo tiene 4.400 euros\u00a0en dep\u00f3sitos. Toda una carrera de juez s\u00f3lo le ha servido para alcanzar esta cifra. Pero a\u00fan tiene m\u00e1s intr\u00edngulis la cosa si se considera que en 2018, dos a\u00f1os antes, s\u00f3lo\u00a0declaraba 264.000 euros, mientras que ahora como bienes totales declara 463.000. \u00bfC\u00f3mo\u00a0es posible que en toda su vida anterior, una parte importante de ella como magistrado de la audiencia Nacional, s\u00f3lo haya acumulado bienes por valor de 264.000 euros y s\u00f3lo en dos a\u00f1os del gobierno hay a\u00f1adido casi el 50 %? Todas estas cosas deber\u00edan ser analizadas y explicadas.\u00a0Como Pedro Duque, el astronauta, que s\u00f3lo tiene un valor inmobiliario de 37.628 euros, Yolanda D\u00edaz de 39.837 euros, y s\u00f3lo 7.340 en dep\u00f3sito, y unas deudas de 25.324 euros. \u00bfQu\u00e9 ha estado haciendo hasta llegar a ser ministra la Sra.\u00a0D\u00edaz? Una alta funcionaria de rango internacional y hoy ministra, Arancha Gonz\u00e1lez Laya, tiene bienes inmobiliarios que a\u00fan no llegan a los 80.000 euros.\u00a0Hay un ministro, como Alberto Garz\u00f3n, que tiene un valor inmueble de 111.000 euros, dep\u00f3sitos por valor de 17.000 euros y deudas de 157.000 euros. Por no hablar del presidente del gobierno que tiene 180.795 euros en inmuebles, y 161.329 euros en deudas. La impresi\u00f3n que hacen todas estas cifras, con la excepci\u00f3n de algunos casos, Castells, Escriv\u00e1, Cela\u00e1 incluso la pareja formada por Iglesias y Montero, que s\u00ed presentan cifras razonables a sus estatus previos, es que, en la mayor\u00eda de los otros casos, el mayor de los interrogantes planea sobre cu\u00e1l es su patrimonio real, o a qu\u00e9 se han dedicado y ganado la vida antes de ser ministros. O la una o la otra cuesti\u00f3n deber\u00eda ser aclarada.","og_url":"https:\/\/conversesacatalunya.cat\/es\/declaracion-de-bienes-del-gobierno-nos-toman-el-pelo\/","og_site_name":"Converses a Catalunya","article_published_time":"2021-04-02T06:55:17+00:00","article_modified_time":"2021-04-02T15:57:19+00:00","og_image":[{"width":1200,"height":675,"url":"https:\/\/conversesacatalunya.cat\/wp-content\/uploads\/2021\/03\/ministros.jpg","type":"image\/jpeg"}],"author":"conversesacatalunya","twitter_card":"summary_large_image","twitter_misc":{"Escrito por":"conversesacatalunya","Tiempo de lectura":"2 minutos"},"schema":{"@context":"https:\/\/schema.org","@graph":[{"@type":"Article","@id":"https:\/\/conversesacatalunya.cat\/es\/declaracion-de-bienes-del-gobierno-nos-toman-el-pelo\/#article","isPartOf":{"@id":"https:\/\/conversesacatalunya.cat\/es\/declaracion-de-bienes-del-gobierno-nos-toman-el-pelo\/"},"author":{"name":"conversesacatalunya","@id":"https:\/\/conversesacatalunya.cat\/#\/schema\/person\/7e24d1e54a2785373ddcb275eae5ed99"},"headline":"Declaraci\u00f3n de bienes del gobierno. Nos toman el pelo","datePublished":"2021-04-02T06:55:17+00:00","dateModified":"2021-04-02T15:57:19+00:00","mainEntityOfPage":{"@id":"https:\/\/conversesacatalunya.cat\/es\/declaracion-de-bienes-del-gobierno-nos-toman-el-pelo\/"},"wordCount":443,"commentCount":0,"image":{"@id":"https:\/\/conversesacatalunya.cat\/es\/declaracion-de-bienes-del-gobierno-nos-toman-el-pelo\/#primaryimage"},"thumbnailUrl":"https:\/\/conversesacatalunya.cat\/wp-content\/uploads\/2021\/03\/ministros.jpg","articleSection":["Punts clau del dia (ES)"],"inLanguage":"es","potentialAction":[{"@type":"CommentAction","name":"Comment","target":["https:\/\/conversesacatalunya.cat\/es\/declaracion-de-bienes-del-gobierno-nos-toman-el-pelo\/#respond"]}]},{"@type":"WebPage","@id":"https:\/\/conversesacatalunya.cat\/es\/declaracion-de-bienes-del-gobierno-nos-toman-el-pelo\/","url":"https:\/\/conversesacatalunya.cat\/es\/declaracion-de-bienes-del-gobierno-nos-toman-el-pelo\/","name":"Declaraci\u00f3n de bienes del gobierno. Nos toman el pelo - Converses a Catalunya","isPartOf":{"@id":"https:\/\/conversesacatalunya.cat\/#website"},"primaryImageOfPage":{"@id":"https:\/\/conversesacatalunya.cat\/es\/declaracion-de-bienes-del-gobierno-nos-toman-el-pelo\/#primaryimage"},"image":{"@id":"https:\/\/conversesacatalunya.cat\/es\/declaracion-de-bienes-del-gobierno-nos-toman-el-pelo\/#primaryimage"},"thumbnailUrl":"https:\/\/conversesacatalunya.cat\/wp-content\/uploads\/2021\/03\/ministros.jpg","datePublished":"2021-04-02T06:55:17+00:00","dateModified":"2021-04-02T15:57:19+00:00","author":{"@id":"https:\/\/conversesacatalunya.cat\/#\/schema\/person\/7e24d1e54a2785373ddcb275eae5ed99"},"breadcrumb":{"@id":"https:\/\/conversesacatalunya.cat\/es\/declaracion-de-bienes-del-gobierno-nos-toman-el-pelo\/#breadcrumb"},"inLanguage":"es","potentialAction":[{"@type":"ReadAction","target":["https:\/\/conversesacatalunya.cat\/es\/declaracion-de-bienes-del-gobierno-nos-toman-el-pelo\/"]}]},{"@type":"ImageObject","inLanguage":"es","@id":"https:\/\/conversesacatalunya.cat\/es\/declaracion-de-bienes-del-gobierno-nos-toman-el-pelo\/#primaryimage","url":"https:\/\/conversesacatalunya.cat\/wp-content\/uploads\/2021\/03\/ministros.jpg","contentUrl":"https:\/\/conversesacatalunya.cat\/wp-content\/uploads\/2021\/03\/ministros.jpg","width":1200,"height":675},{"@type":"BreadcrumbList","@id":"https:\/\/conversesacatalunya.cat\/es\/declaracion-de-bienes-del-gobierno-nos-toman-el-pelo\/#breadcrumb","itemListElement":[{"@type":"ListItem","position":1,"name":"Inici","item":"https:\/\/conversesacatalunya.cat\/es\/"},{"@type":"ListItem","position":2,"name":"Declaraci\u00f3n de bienes del gobierno. Nos toman el pelo"}]},{"@type":"WebSite","@id":"https:\/\/conversesacatalunya.cat\/#website","url":"https:\/\/conversesacatalunya.cat\/","name":"Converses a Catalunya","description":"","potentialAction":[{"@type":"SearchAction","target":{"@type":"EntryPoint","urlTemplate":"https:\/\/conversesacatalunya.cat\/?s={search_term_string}"},"query-input":{"@type":"PropertyValueSpecification","valueRequired":true,"valueName":"search_term_string"}}],"inLanguage":"es"},{"@type":"Person","@id":"https:\/\/conversesacatalunya.cat\/#\/schema\/person\/7e24d1e54a2785373ddcb275eae5ed99","name":"conversesacatalunya","image":{"@type":"ImageObject","inLanguage":"es","@id":"https:\/\/conversesacatalunya.cat\/#\/schema\/person\/image\/","url":"https:\/\/conversesacatalunya.cat\/wp-content\/litespeed\/avatar\/febdfeeec89d950f01c748045a981dd2.jpg?ver=1777314535","contentUrl":"https:\/\/conversesacatalunya.cat\/wp-content\/litespeed\/avatar\/febdfeeec89d950f01c748045a981dd2.jpg?ver=1777314535","caption":"conversesacatalunya"},"url":"https:\/\/conversesacatalunya.cat\/es\/author\/carme_catala\/"}]}},"wps_subtitle":"","_links":{"self":[{"href":"https:\/\/conversesacatalunya.cat\/es\/wp-json\/wp\/v2\/posts\/46670","targetHints":{"allow":["GET"]}}],"collection":[{"href":"https:\/\/conversesacatalunya.cat\/es\/wp-json\/wp\/v2\/posts"}],"about":[{"href":"https:\/\/conversesacatalunya.cat\/es\/wp-json\/wp\/v2\/types\/post"}],"author":[{"embeddable":true,"href":"https:\/\/conversesacatalunya.cat\/es\/wp-json\/wp\/v2\/users\/2"}],"replies":[{"embeddable":true,"href":"https:\/\/conversesacatalunya.cat\/es\/wp-json\/wp\/v2\/comments?post=46670"}],"version-history":[{"count":2,"href":"https:\/\/conversesacatalunya.cat\/es\/wp-json\/wp\/v2\/posts\/46670\/revisions"}],"predecessor-version":[{"id":46672,"href":"https:\/\/conversesacatalunya.cat\/es\/wp-json\/wp\/v2\/posts\/46670\/revisions\/46672"}],"wp:featuredmedia":[{"embeddable":true,"href":"https:\/\/conversesacatalunya.cat\/es\/wp-json\/wp\/v2\/media\/46640"}],"wp:attachment":[{"href":"https:\/\/conversesacatalunya.cat\/es\/wp-json\/wp\/v2\/media?parent=46670"}],"wp:term":[{"taxonomy":"category","embeddable":true,"href":"https:\/\/conversesacatalunya.cat\/es\/wp-json\/wp\/v2\/categories?post=46670"},{"taxonomy":"post_tag","embeddable":true,"href":"https:\/\/conversesacatalunya.cat\/es\/wp-json\/wp\/v2\/tags?post=46670"}],"curies":[{"name":"wp","href":"https:\/\/api.w.org\/{rel}","templated":true}]}}