{"id":46647,"date":"2021-03-31T12:54:19","date_gmt":"2021-03-31T10:54:19","guid":{"rendered":"https:\/\/conversesacatalunya.cat\/el-desordre-administratiu-i-economic-de-la-generalitat-de-catalunya\/"},"modified":"2021-03-31T15:28:08","modified_gmt":"2021-03-31T13:28:08","slug":"el-desorden-administrativo-y-economico-de-la-generalidad-de-cataluna","status":"publish","type":"post","link":"https:\/\/conversesacatalunya.cat\/es\/el-desorden-administrativo-y-economico-de-la-generalidad-de-cataluna\/","title":{"rendered":"El desorden administrativo y econ\u00f3mico de la Generalitat de Catalu\u00f1a"},"content":{"rendered":"<p><span>Uno de los aspectos m\u00e1s lamentables de este a\u00f1o de desgobierno es la desatenci\u00f3n al funcionamiento interno de la Generalitat. Este hecho revierte en una particular gravedad cuando se considera su compleja organizaci\u00f3n interna formada por capas de aluvi\u00f3n, que van creando nuevas instancias sin ning\u00fan proceso de racionalizaci\u00f3n. Lo que en un principio eran iniciativas renovadoras, se han acabado convirtiendo en una telara\u00f1a de gasto y de gesti\u00f3n incontrolada. Porque es muy dif\u00edcil <\/span><strong><span>atender a casi 200 entidades<\/span><\/strong><span>\u00a0que tienen presupuesto propio y objetivos espec\u00edficos. Echemos un vistazo.<\/span><\/p>\n<p><span>El primer grupo est\u00e1 formado por entidades aut\u00f3nomas de car\u00e1cter administrativo.\u00a0Aqu\u00ed, con diferencia, encontramos\u00a0<\/span><strong><span>el Servicio Catal\u00e1n de la Salud<\/span><\/strong><span>\u00a0(CatSalut)\u00a0<\/span><strong><span>con 9.458 millones de presupuesto<\/span><\/strong><span>.\u00a0Es de una magnitud extraordinaria en el marco de lo que son los presupuestos de la Generalitat.<\/span><\/p>\n<p><span>Pero si se repasa el conjunto de entidades dentro de los diversos ep\u00edgrafes en que se dividen, se puede constatar que \u00e9sta no es la cifra final que se dedica al \u00e1mbito de la salud, sino que se multiplica mucho m\u00e1s. As\u00ed, por ejemplo, cabe a\u00f1adir: la Agencia de Calidad y Evaluaci\u00f3n Sanitaria (5,5 millones), el Instituto Catal\u00e1n de la Salud (3.000 millones), el Instituto de Diagn\u00f3stico por la Imagen (63 millones), Gesti\u00f3n de servicios Sanitarios (94 millones), el Instituto de Asistencia Sanitaria (124 millones), Gesti\u00f3n y Prestaci\u00f3n de servicios de Salud (15,5 millones), Instituto Catal\u00e1n de Oncolog\u00eda (270,8 millones), Banco de Sangre y Tejidos (90,2 millones), Parque Sanitario Pere Virgili (44,6 millones), Sistema de Emergencias M\u00e9dicas (350,6 millones), Coordinaci\u00f3n Log\u00edstica Sanitaria (2,4 millones), Barnacl\u00ednic (15,7 millones), y un seguido de corporaciones sanitarias: Parc Taul\u00ed de Sabadell (287,6 millones), Consorcio Sanitario de Terrassa (194 millones), Consorcio Sanitario de Barcelona (9,1 millones), Consorcio Hospitalario de Vic (104,4 millones), Consorcio Sanitario Integral (256,8 millones ), Consorcio Sanitario del Alt Pened\u00e8s y el Garraf (122,1 millones), Consorcio Sanitario del Anoia (76,3 millones), Consorcio del Laboratorio Intercomarcal del Alt Pened\u00e8s, Anoia y el Garraf (18,7 millones), Consorcio Sanitario del Maresme (141 millones), Consorcio de Salud del Maresme y la Selva (116,1 millones), Hospital Territorial de la Cerdanya (20,8 millones), Consorcio de Castelldefels (6 millones), Consorcio Mar Parque de la Salud de Barcelona (163,8 millones), Consorcio de Atenci\u00f3n Primaria de Barcelona izquierda (16 millones), Consorcio de Gesti\u00f3n Corporaci\u00f3n Sanitaria (17 millones), y Hospital Cl\u00ednico de Barcelona (557,7 millones). Consorcio Sanitario de Terrassa (194 millones), Consorcio Sanitario de Barcelona (9,1 millones), Consorcio Hospitalario de Vic (104,4 millones), Consorcio Sanitario Integral (256,8 millones), Consorcio Sanitario del Alt Pened\u00e8s y el Garraf (122,1 millones), Consorcio Sanitario del Anoia (76,3 millones), Consorcio del Laboratorio Intercomarcal del Alt Pened\u00e8s, Anoia y el Garraf (18,7 millones), Consorcio Sanitario del Maresme (141 millones) , Consorcio de Salud del Maresme y la Selva (116,1 millones), Hospital Territorial de la Cerdanya (20,8 millones), Consorcio de Castelldefels (6 millones), Consorcio Mar Parque de la Salud de Barcelona (163,8 millones) , Consorcio de Atenci\u00f3n Primaria de Barcelona izquierda (16 millones), Consorcio de Gesti\u00f3n Corporaci\u00f3n Sanitaria (17 millones), y Hospital Cl\u00ednico de Barcelona (557,7 millones).Consorcio Sanitario de Terrassa (194 millones), Consorcio Sanitario de Barcelona (9,1 millones), Consorcio Hospitalario de Vic (104,4 millones), Consorcio Sanitario Integral (256,8 millones), Consorcio Sanitario del Alt Pened\u00e8s y el Garraf (122,1 millones), Consorcio Sanitario del Anoia (76,3 millones), Consorcio del Laboratorio Intercomarcal del Alt Pened\u00e8s, Anoia y el Garraf (18,7 millones), Consorcio Sanitario del Maresme (141 millones) , Consorcio de Salud del Maresme y la Selva (116,1 millones), Hospital Territorial de la Cerdanya (20,8 millones), Consorcio de Castelldefels (6 millones), Consorcio Mar Parque de la Salud de Barcelona (163,8 millones) , Consorcio de Atenci\u00f3n Primaria de Barcelona izquierda (16 millones), Consorcio de Gesti\u00f3n Corporaci\u00f3n Sanitaria (17 millones), y Hospital Cl\u00ednico de Barcelona (557,7 millones).<\/span><\/p>\n<p><span>Como se puede ver, la multitud de \u00e1mbitos aut\u00f3nomos y de gasto sanitario es extraordinaria, <\/span><strong><span>del orden de 5000 millones de euros<\/span><\/strong><span>.\u00a0<\/span><strong><span>Significa 675,6 euros por catal\u00e1n y a\u00f1o<\/span><\/strong><span>\u00a0, acuda o no a la sanidad publica.<\/span><\/p>\n<p><span>Hay que exigir una seria remodelaci\u00f3n para intentar simplificar y generar econom\u00edas de escala a consecuencia de una mejor organizaci\u00f3n.<\/span><\/p>\n<p><span>Y si la sanidad es uno de los cap\u00edtulos que llama la atenci\u00f3n por esta multiplicidad de centros, otro que tambi\u00e9n deber\u00eda ser objeto de atenci\u00f3n es el del gasto en los \u00e1mbitos de\u00a0<\/span><strong><span>la radio y la televisi\u00f3n.<\/span><\/strong><span>\u00a0Concretamente la CCMA tiene asignado un presupuesto\u00a0<\/span><strong><span>de 245.2 millones<\/span><\/strong><span>, en la vertiente de entidades de derecho p\u00fablico sometidas al ordenamiento jur\u00eddico privado, y\u00a0<\/span><strong><span>297.6 millones<\/span><\/strong><span> m\u00e1s en el ep\u00edgrafe de entidades de car\u00e1cter mercantil con participaci\u00f3n total o mayoritaria de la Generalitat. En total esto representa m\u00e1s de <\/span><strong><span>550 millones<\/span><\/strong><span> dedicados al presupuesto vigente en TV3 y compa\u00f1\u00eda. Un gasto al que habr\u00eda que a\u00f1adir los 6 millones del Consejo del audiovisual y <\/span><strong><span>sobre todo 8 millones espec\u00edficos para la Marat\u00f3n de TV3;<\/span><\/strong><span>\u00a0es decir, este programa ben\u00e9fico funciona a partir de un importante presupuesto p\u00fablico que surge de los presupuestos generales de la Generalitat y no de los recursos de TV3 que, de este modo, hace un doble negocio: el de la audiencia y la publicidad subsiguiente que da, y el de producir el programa pagado por la Generalitat.<\/span><\/p>\n<p><span>Este primer vistazo al \u00e1mbito de las numerosas entidades gestionadas por la Generalitat revela dos cosas.\u00a0<span class=\"goog-text-highlight\">Una, que por su n\u00famero hacen imposible una gesti\u00f3n ordenada, m\u00e1s cuando el Parlamento de Catalu\u00f1a no lo ha examinado nunca en su conjunto, una por una, faltando as\u00ed a uno de sus deberes m\u00e1s importantes, como es el del control eficiente y eficaz de la gasto. <\/span>La otra es que las cifras se multiplican con facilidad sin que nunca se haya producido una revisi\u00f3n racionalizadora, como muestra la galaxia del \u00e1mbito de la sanidad.<\/span><\/p>\n<p><span>De hecho, los dos \u00e1mbitos que hemos enfocado ahora, el sanitario y para simplificar el de TV3, constituyen en\u00a0<\/span><strong><span>s\u00ed mismos dos importantes centros de poder<\/span><\/strong><span>\u00a0aut\u00f3nomo en el que sus funcionarios, los que ocupan puestos directivos,\u00a0<\/span><strong><span>han acabado convirtiendo en poderes aut\u00f3nomos de la propia Generalitat<\/span><\/strong><span>\u00a0que defienden intereses corporativos.\u00a0En otras palabras, el desgobierno ha comportado que en Catalu\u00f1a acabe imperando un orden cada vez m\u00e1s <\/span><strong><span>corporativista<\/span><\/strong><span>\u00a0que atenta contra los intereses generales de los catalanes.<\/span><\/p>\n<div id=\"polls-97\" class=\"wp-polls\">\n\t<form id=\"polls_form_97\" class=\"wp-polls-form\" action=\"\/index.php\" method=\"post\">\n\t\t<p style=\"display: none;\"><input type=\"hidden\" id=\"poll_97_nonce\" name=\"wp-polls-nonce\" value=\"cbd9501b9a\" \/><\/p>\n\t\t<p style=\"display: none;\"><input type=\"hidden\" name=\"poll_id\" value=\"97\" \/><\/p>\n\t\t<p style=\"text-align: center\"><strong>\u00c9s necessari un nou partit de centre catalanista?<\/strong><\/p><div id=\"polls-97-ans\" class=\"wp-polls-ans\"><ul class=\"wp-polls-ul\">\n\t\t<li><input type=\"radio\" id=\"poll-answer-227\" name=\"poll_97\" value=\"227\" \/> <label for=\"poll-answer-227\">Si<\/label><\/li>\n\t\t<li><input type=\"radio\" id=\"poll-answer-228\" name=\"poll_97\" value=\"228\" \/> <label for=\"poll-answer-228\">No<\/label><\/li>\n\t\t<\/ul><p style=\"text-align: center\"><input type=\"button\" name=\"vote\" value=\"   Vota   \" class=\"Buttons\" onclick=\"poll_vote(97);\" \/><\/p><p style=\"text-align: center\"><a href=\"#ViewPollResults\" onclick=\"poll_result(97); return false;\" title=\"View Results Of This Poll\">Mira els resultats<\/a><\/p><\/div>\n\t<\/form>\n<\/div>\n<div id=\"polls-97-loading\" class=\"wp-polls-loading\"><img decoding=\"async\" data-src=\"https:\/\/conversesacatalunya.cat\/wp-content\/plugins\/wp-polls\/images\/loading.gif\" width=\"16\" height=\"16\" alt=\"Cargando ...\" title=\"Cargando ...\" class=\"wp-polls-image lazyload\" src=\"data:image\/svg+xml;base64,PHN2ZyB3aWR0aD0iMSIgaGVpZ2h0PSIxIiB4bWxucz0iaHR0cDovL3d3dy53My5vcmcvMjAwMC9zdmciPjwvc3ZnPg==\" style=\"--smush-placeholder-width: 16px; --smush-placeholder-aspect-ratio: 16\/16;\" \/>&nbsp;Cargando ...<\/div>\n\n","protected":false},"excerpt":{"rendered":"<p>Uno de los aspectos m\u00e1s lamentables de este a\u00f1o de desgobierno es la desatenci\u00f3n al funcionamiento interno de la Generalitat. Este hecho revierte en una particular gravedad cuando se considera su compleja organizaci\u00f3n interna formada por capas de aluvi\u00f3n, que van creando nuevas instancias sin ning\u00fan proceso de racionalizaci\u00f3n. Lo que en un principio eran iniciativas renovadoras, se han acabado convirtiendo en una telara\u00f1a de gasto y de gesti\u00f3n incontrolada. Porque es muy dif\u00edcil atender a casi 200 entidades\u00a0que tienen presupuesto propio y objetivos espec\u00edficos. Echemos un vistazo. El primer grupo est\u00e1 formado por entidades aut\u00f3nomas de car\u00e1cter administrativo.\u00a0Aqu\u00ed, con diferencia, encontramos\u00a0el Servicio Catal\u00e1n de la Salud\u00a0(CatSalut)\u00a0con 9.458 millones de presupuesto.\u00a0Es de una magnitud extraordinaria en el marco de lo que son los presupuestos de la Generalitat. Pero si se repasa el conjunto de entidades dentro de los diversos ep\u00edgrafes en que se dividen, se puede constatar que \u00e9sta no es la cifra final que se dedica al \u00e1mbito de la salud, sino que se multiplica mucho m\u00e1s. As\u00ed, por ejemplo, cabe a\u00f1adir: la Agencia de Calidad y Evaluaci\u00f3n Sanitaria (5,5 millones), el Instituto Catal\u00e1n de la Salud (3.000 millones), el Instituto de Diagn\u00f3stico por la Imagen (63 millones), Gesti\u00f3n de servicios Sanitarios (94 millones), el Instituto de Asistencia Sanitaria (124 millones), Gesti\u00f3n y Prestaci\u00f3n de servicios de Salud (15,5 millones), Instituto Catal\u00e1n de Oncolog\u00eda (270,8 millones), Banco de Sangre y Tejidos (90,2 millones), Parque Sanitario Pere Virgili (44,6 millones), Sistema de Emergencias M\u00e9dicas (350,6 millones), Coordinaci\u00f3n Log\u00edstica Sanitaria (2,4 millones), Barnacl\u00ednic (15,7 millones), y un seguido de corporaciones sanitarias: Parc Taul\u00ed de Sabadell (287,6 millones), Consorcio Sanitario de Terrassa (194 millones), Consorcio Sanitario de Barcelona (9,1 millones), Consorcio Hospitalario de Vic (104,4 millones), Consorcio Sanitario Integral (256,8 millones ), Consorcio Sanitario del Alt Pened\u00e8s y el Garraf (122,1 millones), Consorcio Sanitario del Anoia (76,3 millones), Consorcio del Laboratorio Intercomarcal del Alt Pened\u00e8s, Anoia y el Garraf (18,7 millones), Consorcio Sanitario del Maresme (141 millones), Consorcio de Salud del Maresme y la Selva (116,1 millones), Hospital Territorial de la Cerdanya (20,8 millones), Consorcio de Castelldefels (6 millones), Consorcio Mar Parque de la Salud de Barcelona (163,8 millones), Consorcio de Atenci\u00f3n Primaria de Barcelona izquierda (16 millones), Consorcio de Gesti\u00f3n Corporaci\u00f3n Sanitaria (17 millones), y Hospital Cl\u00ednico de Barcelona (557,7 millones). Consorcio Sanitario de Terrassa (194 millones), Consorcio Sanitario de Barcelona (9,1 millones), Consorcio Hospitalario de Vic (104,4 millones), Consorcio Sanitario Integral (256,8 millones), Consorcio Sanitario del Alt Pened\u00e8s y el Garraf (122,1 millones), Consorcio Sanitario del Anoia (76,3 millones), Consorcio del Laboratorio Intercomarcal del Alt Pened\u00e8s, Anoia y el Garraf (18,7 millones), Consorcio Sanitario del Maresme (141 millones) , Consorcio de Salud del Maresme y la Selva (116,1 millones), Hospital Territorial de la Cerdanya (20,8 millones), Consorcio de Castelldefels (6 millones), Consorcio Mar Parque de la Salud de Barcelona (163,8 millones) , Consorcio de Atenci\u00f3n Primaria de Barcelona izquierda (16 millones), Consorcio de Gesti\u00f3n Corporaci\u00f3n Sanitaria (17 millones), y Hospital Cl\u00ednico de Barcelona (557,7 millones).Consorcio Sanitario de Terrassa (194 millones), Consorcio Sanitario de Barcelona (9,1 millones), Consorcio Hospitalario de Vic (104,4 millones), Consorcio Sanitario Integral (256,8 millones), Consorcio Sanitario del Alt Pened\u00e8s y el Garraf (122,1 millones), Consorcio Sanitario del Anoia (76,3 millones), Consorcio del Laboratorio Intercomarcal del Alt Pened\u00e8s, Anoia y el Garraf (18,7 millones), Consorcio Sanitario del Maresme (141 millones) , Consorcio de Salud del Maresme y la Selva (116,1 millones), Hospital Territorial de la Cerdanya (20,8 millones), Consorcio de Castelldefels (6 millones), Consorcio Mar Parque de la Salud de Barcelona (163,8 millones) , Consorcio de Atenci\u00f3n Primaria de Barcelona izquierda (16 millones), Consorcio de Gesti\u00f3n Corporaci\u00f3n Sanitaria (17 millones), y Hospital Cl\u00ednico de Barcelona (557,7 millones). Como se puede ver, la multitud de \u00e1mbitos aut\u00f3nomos y de gasto sanitario es extraordinaria, del orden de 5000 millones de euros.\u00a0Significa 675,6 euros por catal\u00e1n y a\u00f1o\u00a0, acuda o no a la sanidad publica. Hay que exigir una seria remodelaci\u00f3n para intentar simplificar y generar econom\u00edas de escala a consecuencia de una mejor organizaci\u00f3n. Y si la sanidad es uno de los cap\u00edtulos que llama la atenci\u00f3n por esta multiplicidad de centros, otro que tambi\u00e9n deber\u00eda ser objeto de atenci\u00f3n es el del gasto en los \u00e1mbitos de\u00a0la radio y la televisi\u00f3n.\u00a0Concretamente la CCMA tiene asignado un presupuesto\u00a0de 245.2 millones, en la vertiente de entidades de derecho p\u00fablico sometidas al ordenamiento jur\u00eddico privado, y\u00a0297.6 millones m\u00e1s en el ep\u00edgrafe de entidades de car\u00e1cter mercantil con participaci\u00f3n total o mayoritaria de la Generalitat. En total esto representa m\u00e1s de 550 millones dedicados al presupuesto vigente en TV3 y compa\u00f1\u00eda. Un gasto al que habr\u00eda que a\u00f1adir los 6 millones del Consejo del audiovisual y sobre todo 8 millones espec\u00edficos para la Marat\u00f3n de TV3;\u00a0es decir, este programa ben\u00e9fico funciona a partir de un importante presupuesto p\u00fablico que surge de los presupuestos generales de la Generalitat y no de los recursos de TV3 que, de este modo, hace un doble negocio: el de la audiencia y la publicidad subsiguiente que da, y el de producir el programa pagado por la Generalitat. Este primer vistazo al \u00e1mbito de las numerosas entidades gestionadas por la Generalitat revela dos cosas.\u00a0Una, que por su n\u00famero hacen imposible una gesti\u00f3n ordenada, m\u00e1s cuando el Parlamento de Catalu\u00f1a no lo ha examinado nunca en su conjunto, una por una, faltando as\u00ed a uno de sus deberes m\u00e1s importantes, como es el del control eficiente y eficaz de la gasto. La otra es que las cifras se multiplican con facilidad sin que nunca se haya producido una revisi\u00f3n racionalizadora, como muestra la galaxia del \u00e1mbito de la sanidad. De hecho, los dos \u00e1mbitos que hemos enfocado ahora, el sanitario y para simplificar el de TV3, constituyen en\u00a0s\u00ed mismos dos importantes centros de poder\u00a0aut\u00f3nomo en el que sus funcionarios, los que ocupan puestos directivos,\u00a0han acabado convirtiendo en poderes aut\u00f3nomos de la propia Generalitat\u00a0que defienden intereses corporativos.\u00a0En otras palabras, el desgobierno ha comportado que en Catalu\u00f1a acabe imperando un orden cada vez m\u00e1s corporativista\u00a0que atenta contra los intereses generales de&#8230;<\/p>\n","protected":false},"author":2,"featured_media":46623,"comment_status":"open","ping_status":"open","sticky":false,"template":"","format":"standard","meta":{"_FSMCFIC_featured_image_caption":"","_FSMCFIC_featured_image_nocaption":"","_FSMCFIC_featured_image_hide":"","footnotes":""},"categories":[806],"tags":[3621,1177,2726],"class_list":["post-46647","post","type-post","status-publish","format-standard","has-post-thumbnail","hentry","category-punts-claus-del-dia-es","tag-govern-generalitat-es","tag-sanitat-es","tag-tv3-es"],"yoast_head":"<!-- This site is optimized with the Yoast SEO plugin v26.8 - https:\/\/yoast.com\/product\/yoast-seo-wordpress\/ -->\n<title>El desorden administrativo y econ\u00f3mico de la Generalitat de Catalu\u00f1a - Converses a Catalunya<\/title>\n<meta name=\"description\" content=\"El desgobierno ha comportado que en Catalu\u00f1a acabe imperando un orden corporativista que atenta contra los intereses generales de los catalanes\" \/>\n<meta name=\"robots\" content=\"index, follow, max-snippet:-1, max-image-preview:large, max-video-preview:-1\" \/>\n<link rel=\"canonical\" href=\"https:\/\/conversesacatalunya.cat\/es\/el-desorden-administrativo-y-economico-de-la-generalidad-de-cataluna\/\" \/>\n<meta property=\"og:locale\" content=\"es_ES\" \/>\n<meta property=\"og:type\" content=\"article\" \/>\n<meta property=\"og:title\" content=\"El desorden administrativo y econ\u00f3mico de la Generalitat de Catalu\u00f1a - Converses a Catalunya\" \/>\n<meta property=\"og:description\" content=\"El desgobierno ha comportado que en Catalu\u00f1a acabe imperando un orden corporativista que atenta contra los intereses generales de los catalanes\" \/>\n<meta property=\"og:url\" content=\"https:\/\/conversesacatalunya.cat\/es\/el-desorden-administrativo-y-economico-de-la-generalidad-de-cataluna\/\" \/>\n<meta property=\"og:site_name\" content=\"Converses a Catalunya\" \/>\n<meta property=\"article:published_time\" content=\"2021-03-31T10:54:19+00:00\" \/>\n<meta property=\"article:modified_time\" content=\"2021-03-31T13:28:08+00:00\" \/>\n<meta property=\"og:image\" content=\"https:\/\/conversesacatalunya.cat\/wp-content\/uploads\/2021\/03\/Vall-dHebron-edificio-728.jpg\" \/>\n\t<meta property=\"og:image:width\" content=\"728\" \/>\n\t<meta property=\"og:image:height\" content=\"345\" \/>\n\t<meta property=\"og:image:type\" content=\"image\/jpeg\" \/>\n<meta name=\"author\" content=\"conversesacatalunya\" \/>\n<meta name=\"twitter:card\" content=\"summary_large_image\" \/>\n<meta name=\"twitter:label1\" content=\"Escrito por\" \/>\n\t<meta name=\"twitter:data1\" content=\"conversesacatalunya\" \/>\n\t<meta name=\"twitter:label2\" content=\"Tiempo de lectura\" \/>\n\t<meta name=\"twitter:data2\" content=\"5 minutos\" \/>\n<script type=\"application\/ld+json\" class=\"yoast-schema-graph\">{\"@context\":\"https:\/\/schema.org\",\"@graph\":[{\"@type\":\"Article\",\"@id\":\"https:\/\/conversesacatalunya.cat\/es\/el-desorden-administrativo-y-economico-de-la-generalidad-de-cataluna\/#article\",\"isPartOf\":{\"@id\":\"https:\/\/conversesacatalunya.cat\/es\/el-desorden-administrativo-y-economico-de-la-generalidad-de-cataluna\/\"},\"author\":{\"name\":\"conversesacatalunya\",\"@id\":\"https:\/\/conversesacatalunya.cat\/#\/schema\/person\/7e24d1e54a2785373ddcb275eae5ed99\"},\"headline\":\"El desorden administrativo y econ\u00f3mico de la Generalitat de Catalu\u00f1a\",\"datePublished\":\"2021-03-31T10:54:19+00:00\",\"dateModified\":\"2021-03-31T13:28:08+00:00\",\"mainEntityOfPage\":{\"@id\":\"https:\/\/conversesacatalunya.cat\/es\/el-desorden-administrativo-y-economico-de-la-generalidad-de-cataluna\/\"},\"wordCount\":1046,\"commentCount\":0,\"image\":{\"@id\":\"https:\/\/conversesacatalunya.cat\/es\/el-desorden-administrativo-y-economico-de-la-generalidad-de-cataluna\/#primaryimage\"},\"thumbnailUrl\":\"https:\/\/conversesacatalunya.cat\/wp-content\/uploads\/2021\/03\/Vall-dHebron-edificio-728.jpg\",\"keywords\":[\"Govern Generalitat\",\"Sanitat\",\"TV3\"],\"articleSection\":[\"Punts clau del dia (ES)\"],\"inLanguage\":\"es\",\"potentialAction\":[{\"@type\":\"CommentAction\",\"name\":\"Comment\",\"target\":[\"https:\/\/conversesacatalunya.cat\/es\/el-desorden-administrativo-y-economico-de-la-generalidad-de-cataluna\/#respond\"]}]},{\"@type\":\"WebPage\",\"@id\":\"https:\/\/conversesacatalunya.cat\/es\/el-desorden-administrativo-y-economico-de-la-generalidad-de-cataluna\/\",\"url\":\"https:\/\/conversesacatalunya.cat\/es\/el-desorden-administrativo-y-economico-de-la-generalidad-de-cataluna\/\",\"name\":\"El desorden administrativo y econ\u00f3mico de la Generalitat de Catalu\u00f1a - Converses a Catalunya\",\"isPartOf\":{\"@id\":\"https:\/\/conversesacatalunya.cat\/#website\"},\"primaryImageOfPage\":{\"@id\":\"https:\/\/conversesacatalunya.cat\/es\/el-desorden-administrativo-y-economico-de-la-generalidad-de-cataluna\/#primaryimage\"},\"image\":{\"@id\":\"https:\/\/conversesacatalunya.cat\/es\/el-desorden-administrativo-y-economico-de-la-generalidad-de-cataluna\/#primaryimage\"},\"thumbnailUrl\":\"https:\/\/conversesacatalunya.cat\/wp-content\/uploads\/2021\/03\/Vall-dHebron-edificio-728.jpg\",\"datePublished\":\"2021-03-31T10:54:19+00:00\",\"dateModified\":\"2021-03-31T13:28:08+00:00\",\"author\":{\"@id\":\"https:\/\/conversesacatalunya.cat\/#\/schema\/person\/7e24d1e54a2785373ddcb275eae5ed99\"},\"description\":\"El desgobierno ha comportado que en Catalu\u00f1a acabe imperando un orden corporativista que atenta contra los intereses generales de los catalanes\",\"breadcrumb\":{\"@id\":\"https:\/\/conversesacatalunya.cat\/es\/el-desorden-administrativo-y-economico-de-la-generalidad-de-cataluna\/#breadcrumb\"},\"inLanguage\":\"es\",\"potentialAction\":[{\"@type\":\"ReadAction\",\"target\":[\"https:\/\/conversesacatalunya.cat\/es\/el-desorden-administrativo-y-economico-de-la-generalidad-de-cataluna\/\"]}]},{\"@type\":\"ImageObject\",\"inLanguage\":\"es\",\"@id\":\"https:\/\/conversesacatalunya.cat\/es\/el-desorden-administrativo-y-economico-de-la-generalidad-de-cataluna\/#primaryimage\",\"url\":\"https:\/\/conversesacatalunya.cat\/wp-content\/uploads\/2021\/03\/Vall-dHebron-edificio-728.jpg\",\"contentUrl\":\"https:\/\/conversesacatalunya.cat\/wp-content\/uploads\/2021\/03\/Vall-dHebron-edificio-728.jpg\",\"width\":728,\"height\":345},{\"@type\":\"BreadcrumbList\",\"@id\":\"https:\/\/conversesacatalunya.cat\/es\/el-desorden-administrativo-y-economico-de-la-generalidad-de-cataluna\/#breadcrumb\",\"itemListElement\":[{\"@type\":\"ListItem\",\"position\":1,\"name\":\"Inici\",\"item\":\"https:\/\/conversesacatalunya.cat\/es\/\"},{\"@type\":\"ListItem\",\"position\":2,\"name\":\"El desorden administrativo y econ\u00f3mico de la Generalitat de Catalu\u00f1a\"}]},{\"@type\":\"WebSite\",\"@id\":\"https:\/\/conversesacatalunya.cat\/#website\",\"url\":\"https:\/\/conversesacatalunya.cat\/\",\"name\":\"Converses a Catalunya\",\"description\":\"\",\"potentialAction\":[{\"@type\":\"SearchAction\",\"target\":{\"@type\":\"EntryPoint\",\"urlTemplate\":\"https:\/\/conversesacatalunya.cat\/?s={search_term_string}\"},\"query-input\":{\"@type\":\"PropertyValueSpecification\",\"valueRequired\":true,\"valueName\":\"search_term_string\"}}],\"inLanguage\":\"es\"},{\"@type\":\"Person\",\"@id\":\"https:\/\/conversesacatalunya.cat\/#\/schema\/person\/7e24d1e54a2785373ddcb275eae5ed99\",\"name\":\"conversesacatalunya\",\"image\":{\"@type\":\"ImageObject\",\"inLanguage\":\"es\",\"@id\":\"https:\/\/conversesacatalunya.cat\/#\/schema\/person\/image\/\",\"url\":\"https:\/\/conversesacatalunya.cat\/wp-content\/litespeed\/avatar\/febdfeeec89d950f01c748045a981dd2.jpg?ver=1777314535\",\"contentUrl\":\"https:\/\/conversesacatalunya.cat\/wp-content\/litespeed\/avatar\/febdfeeec89d950f01c748045a981dd2.jpg?ver=1777314535\",\"caption\":\"conversesacatalunya\"},\"url\":\"https:\/\/conversesacatalunya.cat\/es\/author\/carme_catala\/\"}]}<\/script>\n<!-- \/ Yoast SEO plugin. -->","yoast_head_json":{"title":"El desorden administrativo y econ\u00f3mico de la Generalitat de Catalu\u00f1a - Converses a Catalunya","description":"El desgobierno ha comportado que en Catalu\u00f1a acabe imperando un orden corporativista que atenta contra los intereses generales de los catalanes","robots":{"index":"index","follow":"follow","max-snippet":"max-snippet:-1","max-image-preview":"max-image-preview:large","max-video-preview":"max-video-preview:-1"},"canonical":"https:\/\/conversesacatalunya.cat\/es\/el-desorden-administrativo-y-economico-de-la-generalidad-de-cataluna\/","og_locale":"es_ES","og_type":"article","og_title":"El desorden administrativo y econ\u00f3mico de la Generalitat de Catalu\u00f1a - Converses a Catalunya","og_description":"El desgobierno ha comportado que en Catalu\u00f1a acabe imperando un orden corporativista que atenta contra los intereses generales de los catalanes","og_url":"https:\/\/conversesacatalunya.cat\/es\/el-desorden-administrativo-y-economico-de-la-generalidad-de-cataluna\/","og_site_name":"Converses a Catalunya","article_published_time":"2021-03-31T10:54:19+00:00","article_modified_time":"2021-03-31T13:28:08+00:00","og_image":[{"width":728,"height":345,"url":"https:\/\/conversesacatalunya.cat\/wp-content\/uploads\/2021\/03\/Vall-dHebron-edificio-728.jpg","type":"image\/jpeg"}],"author":"conversesacatalunya","twitter_card":"summary_large_image","twitter_misc":{"Escrito por":"conversesacatalunya","Tiempo de lectura":"5 minutos"},"schema":{"@context":"https:\/\/schema.org","@graph":[{"@type":"Article","@id":"https:\/\/conversesacatalunya.cat\/es\/el-desorden-administrativo-y-economico-de-la-generalidad-de-cataluna\/#article","isPartOf":{"@id":"https:\/\/conversesacatalunya.cat\/es\/el-desorden-administrativo-y-economico-de-la-generalidad-de-cataluna\/"},"author":{"name":"conversesacatalunya","@id":"https:\/\/conversesacatalunya.cat\/#\/schema\/person\/7e24d1e54a2785373ddcb275eae5ed99"},"headline":"El desorden administrativo y econ\u00f3mico de la Generalitat de Catalu\u00f1a","datePublished":"2021-03-31T10:54:19+00:00","dateModified":"2021-03-31T13:28:08+00:00","mainEntityOfPage":{"@id":"https:\/\/conversesacatalunya.cat\/es\/el-desorden-administrativo-y-economico-de-la-generalidad-de-cataluna\/"},"wordCount":1046,"commentCount":0,"image":{"@id":"https:\/\/conversesacatalunya.cat\/es\/el-desorden-administrativo-y-economico-de-la-generalidad-de-cataluna\/#primaryimage"},"thumbnailUrl":"https:\/\/conversesacatalunya.cat\/wp-content\/uploads\/2021\/03\/Vall-dHebron-edificio-728.jpg","keywords":["Govern Generalitat","Sanitat","TV3"],"articleSection":["Punts clau del dia (ES)"],"inLanguage":"es","potentialAction":[{"@type":"CommentAction","name":"Comment","target":["https:\/\/conversesacatalunya.cat\/es\/el-desorden-administrativo-y-economico-de-la-generalidad-de-cataluna\/#respond"]}]},{"@type":"WebPage","@id":"https:\/\/conversesacatalunya.cat\/es\/el-desorden-administrativo-y-economico-de-la-generalidad-de-cataluna\/","url":"https:\/\/conversesacatalunya.cat\/es\/el-desorden-administrativo-y-economico-de-la-generalidad-de-cataluna\/","name":"El desorden administrativo y econ\u00f3mico de la Generalitat de Catalu\u00f1a - Converses a Catalunya","isPartOf":{"@id":"https:\/\/conversesacatalunya.cat\/#website"},"primaryImageOfPage":{"@id":"https:\/\/conversesacatalunya.cat\/es\/el-desorden-administrativo-y-economico-de-la-generalidad-de-cataluna\/#primaryimage"},"image":{"@id":"https:\/\/conversesacatalunya.cat\/es\/el-desorden-administrativo-y-economico-de-la-generalidad-de-cataluna\/#primaryimage"},"thumbnailUrl":"https:\/\/conversesacatalunya.cat\/wp-content\/uploads\/2021\/03\/Vall-dHebron-edificio-728.jpg","datePublished":"2021-03-31T10:54:19+00:00","dateModified":"2021-03-31T13:28:08+00:00","author":{"@id":"https:\/\/conversesacatalunya.cat\/#\/schema\/person\/7e24d1e54a2785373ddcb275eae5ed99"},"description":"El desgobierno ha comportado que en Catalu\u00f1a acabe imperando un orden corporativista que atenta contra los intereses generales de los catalanes","breadcrumb":{"@id":"https:\/\/conversesacatalunya.cat\/es\/el-desorden-administrativo-y-economico-de-la-generalidad-de-cataluna\/#breadcrumb"},"inLanguage":"es","potentialAction":[{"@type":"ReadAction","target":["https:\/\/conversesacatalunya.cat\/es\/el-desorden-administrativo-y-economico-de-la-generalidad-de-cataluna\/"]}]},{"@type":"ImageObject","inLanguage":"es","@id":"https:\/\/conversesacatalunya.cat\/es\/el-desorden-administrativo-y-economico-de-la-generalidad-de-cataluna\/#primaryimage","url":"https:\/\/conversesacatalunya.cat\/wp-content\/uploads\/2021\/03\/Vall-dHebron-edificio-728.jpg","contentUrl":"https:\/\/conversesacatalunya.cat\/wp-content\/uploads\/2021\/03\/Vall-dHebron-edificio-728.jpg","width":728,"height":345},{"@type":"BreadcrumbList","@id":"https:\/\/conversesacatalunya.cat\/es\/el-desorden-administrativo-y-economico-de-la-generalidad-de-cataluna\/#breadcrumb","itemListElement":[{"@type":"ListItem","position":1,"name":"Inici","item":"https:\/\/conversesacatalunya.cat\/es\/"},{"@type":"ListItem","position":2,"name":"El desorden administrativo y econ\u00f3mico de la Generalitat de Catalu\u00f1a"}]},{"@type":"WebSite","@id":"https:\/\/conversesacatalunya.cat\/#website","url":"https:\/\/conversesacatalunya.cat\/","name":"Converses a Catalunya","description":"","potentialAction":[{"@type":"SearchAction","target":{"@type":"EntryPoint","urlTemplate":"https:\/\/conversesacatalunya.cat\/?s={search_term_string}"},"query-input":{"@type":"PropertyValueSpecification","valueRequired":true,"valueName":"search_term_string"}}],"inLanguage":"es"},{"@type":"Person","@id":"https:\/\/conversesacatalunya.cat\/#\/schema\/person\/7e24d1e54a2785373ddcb275eae5ed99","name":"conversesacatalunya","image":{"@type":"ImageObject","inLanguage":"es","@id":"https:\/\/conversesacatalunya.cat\/#\/schema\/person\/image\/","url":"https:\/\/conversesacatalunya.cat\/wp-content\/litespeed\/avatar\/febdfeeec89d950f01c748045a981dd2.jpg?ver=1777314535","contentUrl":"https:\/\/conversesacatalunya.cat\/wp-content\/litespeed\/avatar\/febdfeeec89d950f01c748045a981dd2.jpg?ver=1777314535","caption":"conversesacatalunya"},"url":"https:\/\/conversesacatalunya.cat\/es\/author\/carme_catala\/"}]}},"wps_subtitle":"El desgobierno ha comportado que en Catalu\u00f1a acabe imperando un orden cada vez m\u00e1s corporativista que atenta contra los intereses generales de los catalanes","_links":{"self":[{"href":"https:\/\/conversesacatalunya.cat\/es\/wp-json\/wp\/v2\/posts\/46647","targetHints":{"allow":["GET"]}}],"collection":[{"href":"https:\/\/conversesacatalunya.cat\/es\/wp-json\/wp\/v2\/posts"}],"about":[{"href":"https:\/\/conversesacatalunya.cat\/es\/wp-json\/wp\/v2\/types\/post"}],"author":[{"embeddable":true,"href":"https:\/\/conversesacatalunya.cat\/es\/wp-json\/wp\/v2\/users\/2"}],"replies":[{"embeddable":true,"href":"https:\/\/conversesacatalunya.cat\/es\/wp-json\/wp\/v2\/comments?post=46647"}],"version-history":[{"count":2,"href":"https:\/\/conversesacatalunya.cat\/es\/wp-json\/wp\/v2\/posts\/46647\/revisions"}],"predecessor-version":[{"id":46649,"href":"https:\/\/conversesacatalunya.cat\/es\/wp-json\/wp\/v2\/posts\/46647\/revisions\/46649"}],"wp:featuredmedia":[{"embeddable":true,"href":"https:\/\/conversesacatalunya.cat\/es\/wp-json\/wp\/v2\/media\/46623"}],"wp:attachment":[{"href":"https:\/\/conversesacatalunya.cat\/es\/wp-json\/wp\/v2\/media?parent=46647"}],"wp:term":[{"taxonomy":"category","embeddable":true,"href":"https:\/\/conversesacatalunya.cat\/es\/wp-json\/wp\/v2\/categories?post=46647"},{"taxonomy":"post_tag","embeddable":true,"href":"https:\/\/conversesacatalunya.cat\/es\/wp-json\/wp\/v2\/tags?post=46647"}],"curies":[{"name":"wp","href":"https:\/\/api.w.org\/{rel}","templated":true}]}}