{"id":46592,"date":"2021-04-01T08:00:02","date_gmt":"2021-04-01T06:00:02","guid":{"rendered":"https:\/\/conversesacatalunya.cat\/?p=46592"},"modified":"2021-03-31T15:05:38","modified_gmt":"2021-03-31T13:05:38","slug":"el-banco-de-espana-propone-modificar-los-erte","status":"publish","type":"post","link":"https:\/\/conversesacatalunya.cat\/es\/el-banco-de-espana-propone-modificar-los-erte\/","title":{"rendered":"El Banco de Espa\u00f1a propone modificar los ERTE"},"content":{"rendered":"<p>El Banco de Espa\u00f1a considera que es necesario que las personas que se encuentran en ERTE tengan que formarse profesionalmente<strong> para mejorar su empleabilidad y productividad<\/strong>. En su \u00faltimo informe describen a los ERTE iniciados en los primeros meses de la <a href=\"https:\/\/conversesacatalunya.cat\/es\/las-grandes-hoteleras-prolongan-los-erte\/\" target=\"_blank\" rel=\"noopener\">pandemia<\/a> en 2020 como efectivos \u00aba la hora de facilitar la vuelta al empleo tras las medidas de confinamiento y limitaciones a la actividad en el segundo trimestre del a\u00f1o\u00bb.\u00a0 Adem\u00e1s, el organismo p\u00fablico destaca que casi el 70% de los asalariados en ERTE en el segundo trimestre, volvieron a su puesto de trabajo en el tercero.<\/p>\n<p>La efectividad de los ERTE de la primera ola de la pandemia fue generalizada en todos los sectores y grupos de edad, sexo y formaci\u00f3n. La reducci\u00f3n observada a partir del tercer trimestre tambi\u00e9n fue compartida por la mayor parte de los colectivos, seg\u00fan el estudio, aunque predominaron entre los que no recuperaron el trabajo mujeres, j\u00f3venes y trabajadores menos formados. La construcci\u00f3n, la hosteler\u00eda y el comercio fueron las ramas de actividad que menos asalariados en ERTE recuperaron.<\/p>\n<p>Pero la situaci\u00f3n no es la misma para los ERTE iniciados en el tercer trimestre o para los de duraci\u00f3n m\u00e1s elevada. La probabilidad de volver al empleo baj\u00f3 hasta un 32% de los acogidos a un ERTE. <strong>Por ello, aconsejan mantener las ayudas a las empresas de los sectores m\u00e1s afectados por la pandemia<\/strong> \u00abhasta que se supere la crisis sanitaria\u00bb. La protecci\u00f3n podr\u00eda vincularse, a\u00f1aden, \u00abde forma m\u00e1s directa\u00bb a la formaci\u00f3n de los trabajadores afectados que, hasta ahora, \u00abha sido relativamente reducida\u00bb.<\/p>\n<p>\u00abM\u00e1s de un mill\u00f3n de personas trabajadoras han participado en acciones formativas ofrecidas por empresas, por el SEPE a trav\u00e9s de Fundae, por la plataforma digital\u00edzate y tambi\u00e9n por las comunidades aut\u00f3nomas\u00bb, replican a este respecto desde el Ministerio de Trabajo. Es decir, seg\u00fan esos mismos n\u00fameros, cerca de uno de cada tres empleados en erte realizaron alg\u00fan tipo de formaci\u00f3n durante su suspensi\u00f3n.<\/p>\n<span class='bctt-click-to-tweet'><span class='bctt-ctt-text'><a href='https:\/\/twitter.com\/intent\/tweet?url=https%3A%2F%2Fconversesacatalunya.cat%2Fes%2Fel-banco-de-espana-propone-modificar-los-erte%2F&#038;text=Aconsejan%20mantener%20las%20ayudas%20a%20las%20empresas%20de%20los%20sectores%20m%C3%A1s%20afectados%20por%20la%20pandemia%20hasta%20que%20se%20supere%20la%20crisis%20sanitaria&#038;via=conversesacat&#038;related=conversesacat' target='_blank'rel=\"noopener noreferrer\">Aconsejan mantener las ayudas a las empresas de los sectores m\u00e1s afectados por la pandemia hasta que se supere la crisis sanitaria <\/a><\/span><a href='https:\/\/twitter.com\/intent\/tweet?url=https%3A%2F%2Fconversesacatalunya.cat%2Fes%2Fel-banco-de-espana-propone-modificar-los-erte%2F&#038;text=Aconsejan%20mantener%20las%20ayudas%20a%20las%20empresas%20de%20los%20sectores%20m%C3%A1s%20afectados%20por%20la%20pandemia%20hasta%20que%20se%20supere%20la%20crisis%20sanitaria&#038;via=conversesacat&#038;related=conversesacat' target='_blank' class='bctt-ctt-btn'rel=\"noopener noreferrer\">Compartir en X<\/a><\/span>\n<div id=\"polls-97\" class=\"wp-polls\">\n\t<form id=\"polls_form_97\" class=\"wp-polls-form\" action=\"\/index.php\" method=\"post\">\n\t\t<p style=\"display: none;\"><input type=\"hidden\" id=\"poll_97_nonce\" name=\"wp-polls-nonce\" value=\"3ea1394a15\" \/><\/p>\n\t\t<p style=\"display: none;\"><input type=\"hidden\" name=\"poll_id\" value=\"97\" \/><\/p>\n\t\t<p style=\"text-align: center\"><strong>\u00c9s necessari un nou partit de centre catalanista?<\/strong><\/p><div id=\"polls-97-ans\" class=\"wp-polls-ans\"><ul class=\"wp-polls-ul\">\n\t\t<li><input type=\"radio\" id=\"poll-answer-227\" name=\"poll_97\" value=\"227\" \/> <label for=\"poll-answer-227\">Si<\/label><\/li>\n\t\t<li><input type=\"radio\" id=\"poll-answer-228\" name=\"poll_97\" value=\"228\" \/> <label for=\"poll-answer-228\">No<\/label><\/li>\n\t\t<\/ul><p style=\"text-align: center\"><input type=\"button\" name=\"vote\" value=\"   Vota   \" class=\"Buttons\" onclick=\"poll_vote(97);\" \/><\/p><p style=\"text-align: center\"><a href=\"#ViewPollResults\" onclick=\"poll_result(97); return false;\" title=\"View Results Of This Poll\">Mira els resultats<\/a><\/p><\/div>\n\t<\/form>\n<\/div>\n<div id=\"polls-97-loading\" class=\"wp-polls-loading\"><img decoding=\"async\" data-src=\"https:\/\/conversesacatalunya.cat\/wp-content\/plugins\/wp-polls\/images\/loading.gif\" width=\"16\" height=\"16\" alt=\"Cargando ...\" title=\"Cargando ...\" class=\"wp-polls-image lazyload\" src=\"data:image\/svg+xml;base64,PHN2ZyB3aWR0aD0iMSIgaGVpZ2h0PSIxIiB4bWxucz0iaHR0cDovL3d3dy53My5vcmcvMjAwMC9zdmciPjwvc3ZnPg==\" style=\"--smush-placeholder-width: 16px; --smush-placeholder-aspect-ratio: 16\/16;\" \/>&nbsp;Cargando ...<\/div>\n\n","protected":false},"excerpt":{"rendered":"<p>El Banco de Espa\u00f1a considera que es necesario que las personas que se encuentran en ERTE tengan que formarse profesionalmente para mejorar su empleabilidad y productividad. En su \u00faltimo informe describen a los ERTE iniciados en los primeros meses de la pandemia en 2020 como efectivos \u00aba la hora de facilitar la vuelta al empleo tras las medidas de confinamiento y limitaciones a la actividad en el segundo trimestre del a\u00f1o\u00bb.\u00a0 Adem\u00e1s, el organismo p\u00fablico destaca que casi el 70% de los asalariados en ERTE en el segundo trimestre, volvieron a su puesto de trabajo en el tercero. La efectividad de los ERTE de la primera ola de la pandemia fue generalizada en todos los sectores y grupos de edad, sexo y formaci\u00f3n. La reducci\u00f3n observada a partir del tercer trimestre tambi\u00e9n fue compartida por la mayor parte de los colectivos, seg\u00fan el estudio, aunque predominaron entre los que no recuperaron el trabajo mujeres, j\u00f3venes y trabajadores menos formados. La construcci\u00f3n, la hosteler\u00eda y el comercio fueron las ramas de actividad que menos asalariados en ERTE recuperaron. Pero la situaci\u00f3n no es la misma para los ERTE iniciados en el tercer trimestre o para los de duraci\u00f3n m\u00e1s elevada. La probabilidad de volver al empleo baj\u00f3 hasta un 32% de los acogidos a un ERTE. Por ello, aconsejan mantener las ayudas a las empresas de los sectores m\u00e1s afectados por la pandemia \u00abhasta que se supere la crisis sanitaria\u00bb. La protecci\u00f3n podr\u00eda vincularse, a\u00f1aden, \u00abde forma m\u00e1s directa\u00bb a la formaci\u00f3n de los trabajadores afectados que, hasta ahora, \u00abha sido relativamente reducida\u00bb. \u00abM\u00e1s de un mill\u00f3n de personas trabajadoras han participado en acciones formativas ofrecidas por empresas, por el SEPE a trav\u00e9s de Fundae, por la plataforma digital\u00edzate y tambi\u00e9n por las comunidades aut\u00f3nomas\u00bb, replican a este respecto desde el Ministerio de Trabajo. Es decir, seg\u00fan esos mismos n\u00fameros, cerca de uno de cada tres empleados en erte realizaron alg\u00fan tipo de formaci\u00f3n durante su suspensi\u00f3n.<\/p>\n","protected":false},"author":20,"featured_media":46580,"comment_status":"open","ping_status":"open","sticky":false,"template":"","format":"standard","meta":{"_FSMCFIC_featured_image_caption":"","_FSMCFIC_featured_image_nocaption":"","_FSMCFIC_featured_image_hide":"","footnotes":""},"categories":[806],"tags":[2359,831,2258,2252],"class_list":["post-46592","post","type-post","status-publish","format-standard","has-post-thumbnail","hentry","category-punts-claus-del-dia-es","tag-banc-despanya-es-2","tag-economia-es","tag-erte","tag-erto"],"yoast_head":"<!-- This site is optimized with the Yoast SEO plugin v26.8 - https:\/\/yoast.com\/product\/yoast-seo-wordpress\/ -->\n<title>El Banco de Espa\u00f1a propone modificar los ERTE - Converses a Catalunya<\/title>\n<meta name=\"description\" content=\"En el \u00faltimo informe del Banco de Espa\u00f1a se insta a que se incremente la formaci\u00f3n a los empleados que actualmente se encuentren en ERTE\" \/>\n<meta name=\"robots\" content=\"index, follow, max-snippet:-1, max-image-preview:large, max-video-preview:-1\" \/>\n<link rel=\"canonical\" href=\"https:\/\/conversesacatalunya.cat\/es\/el-banco-de-espana-propone-modificar-los-erte\/\" \/>\n<meta property=\"og:locale\" content=\"es_ES\" \/>\n<meta property=\"og:type\" content=\"article\" \/>\n<meta property=\"og:title\" content=\"El Banco de Espa\u00f1a propone modificar los ERTE - Converses a Catalunya\" \/>\n<meta property=\"og:description\" content=\"En el \u00faltimo informe del Banco de Espa\u00f1a se insta a que se incremente la formaci\u00f3n a los empleados que actualmente se encuentren en ERTE\" \/>\n<meta property=\"og:url\" content=\"https:\/\/conversesacatalunya.cat\/es\/el-banco-de-espana-propone-modificar-los-erte\/\" \/>\n<meta property=\"og:site_name\" content=\"Converses a Catalunya\" \/>\n<meta property=\"article:published_time\" content=\"2021-04-01T06:00:02+00:00\" \/>\n<meta property=\"og:image\" content=\"https:\/\/conversesacatalunya.cat\/wp-content\/uploads\/2021\/03\/Capture-11.png\" \/>\n\t<meta property=\"og:image:width\" content=\"1092\" \/>\n\t<meta property=\"og:image:height\" content=\"714\" \/>\n\t<meta property=\"og:image:type\" content=\"image\/png\" \/>\n<meta name=\"author\" content=\"conversesacatalunya\" \/>\n<meta name=\"twitter:card\" content=\"summary_large_image\" \/>\n<meta name=\"twitter:label1\" content=\"Escrito por\" \/>\n\t<meta name=\"twitter:data1\" content=\"conversesacatalunya\" \/>\n\t<meta name=\"twitter:label2\" content=\"Tiempo de lectura\" \/>\n\t<meta name=\"twitter:data2\" content=\"2 minutos\" \/>\n<script type=\"application\/ld+json\" class=\"yoast-schema-graph\">{\"@context\":\"https:\/\/schema.org\",\"@graph\":[{\"@type\":\"Article\",\"@id\":\"https:\/\/conversesacatalunya.cat\/es\/el-banco-de-espana-propone-modificar-los-erte\/#article\",\"isPartOf\":{\"@id\":\"https:\/\/conversesacatalunya.cat\/es\/el-banco-de-espana-propone-modificar-los-erte\/\"},\"author\":{\"name\":\"conversesacatalunya\",\"@id\":\"https:\/\/conversesacatalunya.cat\/#\/schema\/person\/a7a9496a363cd9847daf7cd659d92e64\"},\"headline\":\"El Banco de Espa\u00f1a propone modificar los ERTE\",\"datePublished\":\"2021-04-01T06:00:02+00:00\",\"mainEntityOfPage\":{\"@id\":\"https:\/\/conversesacatalunya.cat\/es\/el-banco-de-espana-propone-modificar-los-erte\/\"},\"wordCount\":392,\"commentCount\":0,\"image\":{\"@id\":\"https:\/\/conversesacatalunya.cat\/es\/el-banco-de-espana-propone-modificar-los-erte\/#primaryimage\"},\"thumbnailUrl\":\"https:\/\/conversesacatalunya.cat\/wp-content\/uploads\/2021\/03\/Capture-11.png\",\"keywords\":[\"Banc d'Espanya\",\"Economia\",\"ERTE\",\"ERTO\"],\"articleSection\":[\"Punts clau del dia (ES)\"],\"inLanguage\":\"es\",\"potentialAction\":[{\"@type\":\"CommentAction\",\"name\":\"Comment\",\"target\":[\"https:\/\/conversesacatalunya.cat\/es\/el-banco-de-espana-propone-modificar-los-erte\/#respond\"]}]},{\"@type\":\"WebPage\",\"@id\":\"https:\/\/conversesacatalunya.cat\/es\/el-banco-de-espana-propone-modificar-los-erte\/\",\"url\":\"https:\/\/conversesacatalunya.cat\/es\/el-banco-de-espana-propone-modificar-los-erte\/\",\"name\":\"El Banco de Espa\u00f1a propone modificar los ERTE - Converses a Catalunya\",\"isPartOf\":{\"@id\":\"https:\/\/conversesacatalunya.cat\/#website\"},\"primaryImageOfPage\":{\"@id\":\"https:\/\/conversesacatalunya.cat\/es\/el-banco-de-espana-propone-modificar-los-erte\/#primaryimage\"},\"image\":{\"@id\":\"https:\/\/conversesacatalunya.cat\/es\/el-banco-de-espana-propone-modificar-los-erte\/#primaryimage\"},\"thumbnailUrl\":\"https:\/\/conversesacatalunya.cat\/wp-content\/uploads\/2021\/03\/Capture-11.png\",\"datePublished\":\"2021-04-01T06:00:02+00:00\",\"author\":{\"@id\":\"https:\/\/conversesacatalunya.cat\/#\/schema\/person\/a7a9496a363cd9847daf7cd659d92e64\"},\"description\":\"En el \u00faltimo informe del Banco de Espa\u00f1a se insta a que se incremente la formaci\u00f3n a los empleados que actualmente se encuentren en ERTE\",\"breadcrumb\":{\"@id\":\"https:\/\/conversesacatalunya.cat\/es\/el-banco-de-espana-propone-modificar-los-erte\/#breadcrumb\"},\"inLanguage\":\"es\",\"potentialAction\":[{\"@type\":\"ReadAction\",\"target\":[\"https:\/\/conversesacatalunya.cat\/es\/el-banco-de-espana-propone-modificar-los-erte\/\"]}]},{\"@type\":\"ImageObject\",\"inLanguage\":\"es\",\"@id\":\"https:\/\/conversesacatalunya.cat\/es\/el-banco-de-espana-propone-modificar-los-erte\/#primaryimage\",\"url\":\"https:\/\/conversesacatalunya.cat\/wp-content\/uploads\/2021\/03\/Capture-11.png\",\"contentUrl\":\"https:\/\/conversesacatalunya.cat\/wp-content\/uploads\/2021\/03\/Capture-11.png\",\"width\":1092,\"height\":714,\"caption\":\"ERTO\"},{\"@type\":\"BreadcrumbList\",\"@id\":\"https:\/\/conversesacatalunya.cat\/es\/el-banco-de-espana-propone-modificar-los-erte\/#breadcrumb\",\"itemListElement\":[{\"@type\":\"ListItem\",\"position\":1,\"name\":\"Inici\",\"item\":\"https:\/\/conversesacatalunya.cat\/es\/\"},{\"@type\":\"ListItem\",\"position\":2,\"name\":\"El Banco de Espa\u00f1a propone modificar los ERTE\"}]},{\"@type\":\"WebSite\",\"@id\":\"https:\/\/conversesacatalunya.cat\/#website\",\"url\":\"https:\/\/conversesacatalunya.cat\/\",\"name\":\"Converses a Catalunya\",\"description\":\"\",\"potentialAction\":[{\"@type\":\"SearchAction\",\"target\":{\"@type\":\"EntryPoint\",\"urlTemplate\":\"https:\/\/conversesacatalunya.cat\/?s={search_term_string}\"},\"query-input\":{\"@type\":\"PropertyValueSpecification\",\"valueRequired\":true,\"valueName\":\"search_term_string\"}}],\"inLanguage\":\"es\"},{\"@type\":\"Person\",\"@id\":\"https:\/\/conversesacatalunya.cat\/#\/schema\/person\/a7a9496a363cd9847daf7cd659d92e64\",\"name\":\"conversesacatalunya\",\"image\":{\"@type\":\"ImageObject\",\"inLanguage\":\"es\",\"@id\":\"https:\/\/conversesacatalunya.cat\/#\/schema\/person\/image\/\",\"url\":\"https:\/\/conversesacatalunya.cat\/wp-content\/litespeed\/avatar\/ff91582b44ff9c880dc9c5ac2f5c7e89.jpg?ver=1777372947\",\"contentUrl\":\"https:\/\/conversesacatalunya.cat\/wp-content\/litespeed\/avatar\/ff91582b44ff9c880dc9c5ac2f5c7e89.jpg?ver=1777372947\",\"caption\":\"conversesacatalunya\"},\"url\":\"https:\/\/conversesacatalunya.cat\/es\/author\/francisco_garcia\/\"}]}<\/script>\n<!-- \/ Yoast SEO plugin. -->","yoast_head_json":{"title":"El Banco de Espa\u00f1a propone modificar los ERTE - Converses a Catalunya","description":"En el \u00faltimo informe del Banco de Espa\u00f1a se insta a que se incremente la formaci\u00f3n a los empleados que actualmente se encuentren en ERTE","robots":{"index":"index","follow":"follow","max-snippet":"max-snippet:-1","max-image-preview":"max-image-preview:large","max-video-preview":"max-video-preview:-1"},"canonical":"https:\/\/conversesacatalunya.cat\/es\/el-banco-de-espana-propone-modificar-los-erte\/","og_locale":"es_ES","og_type":"article","og_title":"El Banco de Espa\u00f1a propone modificar los ERTE - Converses a Catalunya","og_description":"En el \u00faltimo informe del Banco de Espa\u00f1a se insta a que se incremente la formaci\u00f3n a los empleados que actualmente se encuentren en ERTE","og_url":"https:\/\/conversesacatalunya.cat\/es\/el-banco-de-espana-propone-modificar-los-erte\/","og_site_name":"Converses a Catalunya","article_published_time":"2021-04-01T06:00:02+00:00","og_image":[{"width":1092,"height":714,"url":"https:\/\/conversesacatalunya.cat\/wp-content\/uploads\/2021\/03\/Capture-11.png","type":"image\/png"}],"author":"conversesacatalunya","twitter_card":"summary_large_image","twitter_misc":{"Escrito por":"conversesacatalunya","Tiempo de lectura":"2 minutos"},"schema":{"@context":"https:\/\/schema.org","@graph":[{"@type":"Article","@id":"https:\/\/conversesacatalunya.cat\/es\/el-banco-de-espana-propone-modificar-los-erte\/#article","isPartOf":{"@id":"https:\/\/conversesacatalunya.cat\/es\/el-banco-de-espana-propone-modificar-los-erte\/"},"author":{"name":"conversesacatalunya","@id":"https:\/\/conversesacatalunya.cat\/#\/schema\/person\/a7a9496a363cd9847daf7cd659d92e64"},"headline":"El Banco de Espa\u00f1a propone modificar los ERTE","datePublished":"2021-04-01T06:00:02+00:00","mainEntityOfPage":{"@id":"https:\/\/conversesacatalunya.cat\/es\/el-banco-de-espana-propone-modificar-los-erte\/"},"wordCount":392,"commentCount":0,"image":{"@id":"https:\/\/conversesacatalunya.cat\/es\/el-banco-de-espana-propone-modificar-los-erte\/#primaryimage"},"thumbnailUrl":"https:\/\/conversesacatalunya.cat\/wp-content\/uploads\/2021\/03\/Capture-11.png","keywords":["Banc d'Espanya","Economia","ERTE","ERTO"],"articleSection":["Punts clau del dia (ES)"],"inLanguage":"es","potentialAction":[{"@type":"CommentAction","name":"Comment","target":["https:\/\/conversesacatalunya.cat\/es\/el-banco-de-espana-propone-modificar-los-erte\/#respond"]}]},{"@type":"WebPage","@id":"https:\/\/conversesacatalunya.cat\/es\/el-banco-de-espana-propone-modificar-los-erte\/","url":"https:\/\/conversesacatalunya.cat\/es\/el-banco-de-espana-propone-modificar-los-erte\/","name":"El Banco de Espa\u00f1a propone modificar los ERTE - Converses a Catalunya","isPartOf":{"@id":"https:\/\/conversesacatalunya.cat\/#website"},"primaryImageOfPage":{"@id":"https:\/\/conversesacatalunya.cat\/es\/el-banco-de-espana-propone-modificar-los-erte\/#primaryimage"},"image":{"@id":"https:\/\/conversesacatalunya.cat\/es\/el-banco-de-espana-propone-modificar-los-erte\/#primaryimage"},"thumbnailUrl":"https:\/\/conversesacatalunya.cat\/wp-content\/uploads\/2021\/03\/Capture-11.png","datePublished":"2021-04-01T06:00:02+00:00","author":{"@id":"https:\/\/conversesacatalunya.cat\/#\/schema\/person\/a7a9496a363cd9847daf7cd659d92e64"},"description":"En el \u00faltimo informe del Banco de Espa\u00f1a se insta a que se incremente la formaci\u00f3n a los empleados que actualmente se encuentren en ERTE","breadcrumb":{"@id":"https:\/\/conversesacatalunya.cat\/es\/el-banco-de-espana-propone-modificar-los-erte\/#breadcrumb"},"inLanguage":"es","potentialAction":[{"@type":"ReadAction","target":["https:\/\/conversesacatalunya.cat\/es\/el-banco-de-espana-propone-modificar-los-erte\/"]}]},{"@type":"ImageObject","inLanguage":"es","@id":"https:\/\/conversesacatalunya.cat\/es\/el-banco-de-espana-propone-modificar-los-erte\/#primaryimage","url":"https:\/\/conversesacatalunya.cat\/wp-content\/uploads\/2021\/03\/Capture-11.png","contentUrl":"https:\/\/conversesacatalunya.cat\/wp-content\/uploads\/2021\/03\/Capture-11.png","width":1092,"height":714,"caption":"ERTO"},{"@type":"BreadcrumbList","@id":"https:\/\/conversesacatalunya.cat\/es\/el-banco-de-espana-propone-modificar-los-erte\/#breadcrumb","itemListElement":[{"@type":"ListItem","position":1,"name":"Inici","item":"https:\/\/conversesacatalunya.cat\/es\/"},{"@type":"ListItem","position":2,"name":"El Banco de Espa\u00f1a propone modificar los ERTE"}]},{"@type":"WebSite","@id":"https:\/\/conversesacatalunya.cat\/#website","url":"https:\/\/conversesacatalunya.cat\/","name":"Converses a Catalunya","description":"","potentialAction":[{"@type":"SearchAction","target":{"@type":"EntryPoint","urlTemplate":"https:\/\/conversesacatalunya.cat\/?s={search_term_string}"},"query-input":{"@type":"PropertyValueSpecification","valueRequired":true,"valueName":"search_term_string"}}],"inLanguage":"es"},{"@type":"Person","@id":"https:\/\/conversesacatalunya.cat\/#\/schema\/person\/a7a9496a363cd9847daf7cd659d92e64","name":"conversesacatalunya","image":{"@type":"ImageObject","inLanguage":"es","@id":"https:\/\/conversesacatalunya.cat\/#\/schema\/person\/image\/","url":"https:\/\/conversesacatalunya.cat\/wp-content\/litespeed\/avatar\/ff91582b44ff9c880dc9c5ac2f5c7e89.jpg?ver=1777372947","contentUrl":"https:\/\/conversesacatalunya.cat\/wp-content\/litespeed\/avatar\/ff91582b44ff9c880dc9c5ac2f5c7e89.jpg?ver=1777372947","caption":"conversesacatalunya"},"url":"https:\/\/conversesacatalunya.cat\/es\/author\/francisco_garcia\/"}]}},"wps_subtitle":"En el \u00faltimo informe del Banco de Espa\u00f1a se insta a que se incremente la formaci\u00f3n a los empleados que actualmente se encuentren en ERTE para para mejorar su empleabilidad y productividad","_links":{"self":[{"href":"https:\/\/conversesacatalunya.cat\/es\/wp-json\/wp\/v2\/posts\/46592","targetHints":{"allow":["GET"]}}],"collection":[{"href":"https:\/\/conversesacatalunya.cat\/es\/wp-json\/wp\/v2\/posts"}],"about":[{"href":"https:\/\/conversesacatalunya.cat\/es\/wp-json\/wp\/v2\/types\/post"}],"author":[{"embeddable":true,"href":"https:\/\/conversesacatalunya.cat\/es\/wp-json\/wp\/v2\/users\/20"}],"replies":[{"embeddable":true,"href":"https:\/\/conversesacatalunya.cat\/es\/wp-json\/wp\/v2\/comments?post=46592"}],"version-history":[{"count":3,"href":"https:\/\/conversesacatalunya.cat\/es\/wp-json\/wp\/v2\/posts\/46592\/revisions"}],"predecessor-version":[{"id":46595,"href":"https:\/\/conversesacatalunya.cat\/es\/wp-json\/wp\/v2\/posts\/46592\/revisions\/46595"}],"wp:featuredmedia":[{"embeddable":true,"href":"https:\/\/conversesacatalunya.cat\/es\/wp-json\/wp\/v2\/media\/46580"}],"wp:attachment":[{"href":"https:\/\/conversesacatalunya.cat\/es\/wp-json\/wp\/v2\/media?parent=46592"}],"wp:term":[{"taxonomy":"category","embeddable":true,"href":"https:\/\/conversesacatalunya.cat\/es\/wp-json\/wp\/v2\/categories?post=46592"},{"taxonomy":"post_tag","embeddable":true,"href":"https:\/\/conversesacatalunya.cat\/es\/wp-json\/wp\/v2\/tags?post=46592"}],"curies":[{"name":"wp","href":"https:\/\/api.w.org\/{rel}","templated":true}]}}