{"id":46571,"date":"2021-03-30T13:12:51","date_gmt":"2021-03-30T11:12:51","guid":{"rendered":"https:\/\/conversesacatalunya.cat\/malgrat-les-intenses-restriccions-lescenari-de-la-pandemia-a-catalunya-no-millora\/"},"modified":"2021-03-30T15:47:29","modified_gmt":"2021-03-30T13:47:29","slug":"a-pesar-de-las-intensas-restricciones-el-escenario-de-la-pandemia-en-cataluna-no-mejora","status":"publish","type":"post","link":"https:\/\/conversesacatalunya.cat\/es\/a-pesar-de-las-intensas-restricciones-el-escenario-de-la-pandemia-en-cataluna-no-mejora\/","title":{"rendered":"A pesar de las intensas restricciones, el escenario de la pandemia en Catalu\u00f1a no mejora"},"content":{"rendered":"<p><span>Catalu\u00f1a es una de las comunidades que a lo largo de los meses ha tenido m\u00e1s restricciones, especialmente en los sectores de la hosteler\u00eda y del comercio. Se ha usado y abusado de las restricciones sectoriales y al mismo tiempo no se han aplicado pr\u00e1cticamente confinamientos territoriales en aquellas poblaciones o comarcas con niveles muy altos de contagios. La estrategia de Catalu\u00f1a ha sido y es dura, pero con hechos extra\u00f1os como el\u00a0<\/span><a href=\"https:\/\/conversesacatalunya.cat\/es\/concierto-5000-personas\/\" target=\"_blank\" rel=\"noopener\"><strong><span>concierto multitudinario de los Love of Lesbian<\/span><\/strong><\/a><span> o el extraordinario retraso en la vacunaci\u00f3n de los mayores<\/span><strong><span> de 80 a\u00f1os<\/span><\/strong><span>, que sit\u00faa a Catalu\u00f1a en la cola de las CCAA, aunque esta poblaci\u00f3n concentra el mayor n\u00famero de defunciones.<\/span><\/p>\n<p><span>A pesar de todo ello entramos en Semana Santa con unos indicadores muy preocupantes.\u00a0Por un lado las UCI est\u00e1n en un nivel de ocupaci\u00f3n mayor que el de la segunda ola.\u00a0Ahora\u00a0<\/span><strong><span>tienen 396 pacientes<\/span><\/strong><span>, cuando en octubre no se llegaba\u00a0<\/span><strong><span>a los 200.<\/span><\/strong><span>\u00a0El n\u00famero \u00abr\u00bb, que expresa la cifra de contagios de un portador, ha ido remontando y ahora se sit\u00faa ya en el\u00a0<\/span><strong><span>1,10<\/span><\/strong><span>.\u00a0Significa que el n\u00famero de casos aumenta un 10% aproximadamente\u00a0<\/span><strong><span>cada 5 d\u00edas<\/span><\/strong><span>.\u00a0Si siguiera aumentando a consecuencia de la Semana Santa y se situara en el 1,2 o 1,3 querr\u00eda decir que estamos multiplicando por un\u00a0<\/span><strong><span>20% o un 30<\/span><\/strong><span>\u00a0% el n\u00famero de contagios cada 5 d\u00edas, y eso ser\u00eda realmente desastroso.<\/span><\/p>\n<p><span>\u00bfC\u00f3mo es posible esta falta de control despu\u00e9s de meses y meses de restricciones intensas? La causa es un d\u00e9ficit cr\u00f3nico que el departamento de Salud no ha sabido o no ha querido resolver con\u00a0<\/span><strong><span>un control m\u00e1s eficaz de la pandemia,<\/span><\/strong><span>\u00a0sobre todo cuando \u00e9sta se sit\u00faa en niveles m\u00e1s bajos y m\u00e1s f\u00e1ciles, por tanto, de controlar.\u00a0La combinaci\u00f3n de tests masivos hechos de manera sistem\u00e1tica, el control r\u00e1pido de los positivos, la detecci\u00f3n eficaz de sus redes de contagio y la garant\u00eda de que las cuarentenas son completas, es la condici\u00f3n necesaria para evitar este Dragon Khan, que es la situaci\u00f3n de la pandemia en Catalu\u00f1a.<\/span><\/p>\n<p><strong><span>Un buen gobierno y un buen Parlamento exigir\u00edan explicaciones<\/span><\/strong><span>\u00a0claras y concretas a los responsables de la Sanidad sobre por qu\u00e9 no existe este control suficiente.\u00a0En lugar de eso, se dedican a un continuo hacer y deshacer hasta haber mareado y confundido a los ciudadanos con medidas horarias, cierres y aperturas de interiores de locales, al tiempo que se manifiestan incapaces de evitar las concentraciones masivas de gente bebiendo en la calle o en las playas.<\/span><\/p>\n<p><span>Por si fuera poco, existe el retraso, apuntado, en la vacunaci\u00f3n que est\u00e1\u00a0<\/span><strong><span>ocasionando muertes en los mayores de 80 a\u00f1os<\/span><\/strong><span>\u00a0que se podr\u00edan haber evitado.\u00a0Y tambi\u00e9n hay una mortalidad colateral derivada que es que en la mayor\u00eda de CAPs han perdido la atenci\u00f3n habitual a las otras patolog\u00edas, porque todo est\u00e1 absorbido por la Covid.<\/span><\/p>\n<p><span>Es un panorama desastroso, pero ni siquiera siendo as\u00ed, conseguimos que aspirantes del gobierno, partidos y Parlamento le dediquen la atenci\u00f3n necesaria.<\/span><\/p>\n<div id=\"polls-97\" class=\"wp-polls\">\n\t<form id=\"polls_form_97\" class=\"wp-polls-form\" action=\"\/index.php\" method=\"post\">\n\t\t<p style=\"display: none;\"><input type=\"hidden\" id=\"poll_97_nonce\" name=\"wp-polls-nonce\" value=\"3ea1394a15\" \/><\/p>\n\t\t<p style=\"display: none;\"><input type=\"hidden\" name=\"poll_id\" value=\"97\" \/><\/p>\n\t\t<p style=\"text-align: center\"><strong>\u00c9s necessari un nou partit de centre catalanista?<\/strong><\/p><div id=\"polls-97-ans\" class=\"wp-polls-ans\"><ul class=\"wp-polls-ul\">\n\t\t<li><input type=\"radio\" id=\"poll-answer-227\" name=\"poll_97\" value=\"227\" \/> <label for=\"poll-answer-227\">Si<\/label><\/li>\n\t\t<li><input type=\"radio\" id=\"poll-answer-228\" name=\"poll_97\" value=\"228\" \/> <label for=\"poll-answer-228\">No<\/label><\/li>\n\t\t<\/ul><p style=\"text-align: center\"><input type=\"button\" name=\"vote\" value=\"   Vota   \" class=\"Buttons\" onclick=\"poll_vote(97);\" \/><\/p><p style=\"text-align: center\"><a href=\"#ViewPollResults\" onclick=\"poll_result(97); return false;\" title=\"View Results Of This Poll\">Mira els resultats<\/a><\/p><\/div>\n\t<\/form>\n<\/div>\n<div id=\"polls-97-loading\" class=\"wp-polls-loading\"><img decoding=\"async\" data-src=\"https:\/\/conversesacatalunya.cat\/wp-content\/plugins\/wp-polls\/images\/loading.gif\" width=\"16\" height=\"16\" alt=\"Cargando ...\" title=\"Cargando ...\" class=\"wp-polls-image lazyload\" src=\"data:image\/svg+xml;base64,PHN2ZyB3aWR0aD0iMSIgaGVpZ2h0PSIxIiB4bWxucz0iaHR0cDovL3d3dy53My5vcmcvMjAwMC9zdmciPjwvc3ZnPg==\" style=\"--smush-placeholder-width: 16px; --smush-placeholder-aspect-ratio: 16\/16;\" \/>&nbsp;Cargando ...<\/div>\n\n","protected":false},"excerpt":{"rendered":"<p>Catalu\u00f1a es una de las comunidades que a lo largo de los meses ha tenido m\u00e1s restricciones, especialmente en los sectores de la hosteler\u00eda y del comercio. Se ha usado y abusado de las restricciones sectoriales y al mismo tiempo no se han aplicado pr\u00e1cticamente confinamientos territoriales en aquellas poblaciones o comarcas con niveles muy altos de contagios. La estrategia de Catalu\u00f1a ha sido y es dura, pero con hechos extra\u00f1os como el\u00a0concierto multitudinario de los Love of Lesbian o el extraordinario retraso en la vacunaci\u00f3n de los mayores de 80 a\u00f1os, que sit\u00faa a Catalu\u00f1a en la cola de las CCAA, aunque esta poblaci\u00f3n concentra el mayor n\u00famero de defunciones. A pesar de todo ello entramos en Semana Santa con unos indicadores muy preocupantes.\u00a0Por un lado las UCI est\u00e1n en un nivel de ocupaci\u00f3n mayor que el de la segunda ola.\u00a0Ahora\u00a0tienen 396 pacientes, cuando en octubre no se llegaba\u00a0a los 200.\u00a0El n\u00famero \u00abr\u00bb, que expresa la cifra de contagios de un portador, ha ido remontando y ahora se sit\u00faa ya en el\u00a01,10.\u00a0Significa que el n\u00famero de casos aumenta un 10% aproximadamente\u00a0cada 5 d\u00edas.\u00a0Si siguiera aumentando a consecuencia de la Semana Santa y se situara en el 1,2 o 1,3 querr\u00eda decir que estamos multiplicando por un\u00a020% o un 30\u00a0% el n\u00famero de contagios cada 5 d\u00edas, y eso ser\u00eda realmente desastroso. \u00bfC\u00f3mo es posible esta falta de control despu\u00e9s de meses y meses de restricciones intensas? La causa es un d\u00e9ficit cr\u00f3nico que el departamento de Salud no ha sabido o no ha querido resolver con\u00a0un control m\u00e1s eficaz de la pandemia,\u00a0sobre todo cuando \u00e9sta se sit\u00faa en niveles m\u00e1s bajos y m\u00e1s f\u00e1ciles, por tanto, de controlar.\u00a0La combinaci\u00f3n de tests masivos hechos de manera sistem\u00e1tica, el control r\u00e1pido de los positivos, la detecci\u00f3n eficaz de sus redes de contagio y la garant\u00eda de que las cuarentenas son completas, es la condici\u00f3n necesaria para evitar este Dragon Khan, que es la situaci\u00f3n de la pandemia en Catalu\u00f1a. Un buen gobierno y un buen Parlamento exigir\u00edan explicaciones\u00a0claras y concretas a los responsables de la Sanidad sobre por qu\u00e9 no existe este control suficiente.\u00a0En lugar de eso, se dedican a un continuo hacer y deshacer hasta haber mareado y confundido a los ciudadanos con medidas horarias, cierres y aperturas de interiores de locales, al tiempo que se manifiestan incapaces de evitar las concentraciones masivas de gente bebiendo en la calle o en las playas. Por si fuera poco, existe el retraso, apuntado, en la vacunaci\u00f3n que est\u00e1\u00a0ocasionando muertes en los mayores de 80 a\u00f1os\u00a0que se podr\u00edan haber evitado.\u00a0Y tambi\u00e9n hay una mortalidad colateral derivada que es que en la mayor\u00eda de CAPs han perdido la atenci\u00f3n habitual a las otras patolog\u00edas, porque todo est\u00e1 absorbido por la Covid. Es un panorama desastroso, pero ni siquiera siendo as\u00ed, conseguimos que aspirantes del gobierno, partidos y Parlamento le dediquen la atenci\u00f3n necesaria.<\/p>\n","protected":false},"author":2,"featured_media":46558,"comment_status":"open","ping_status":"open","sticky":false,"template":"","format":"standard","meta":{"_FSMCFIC_featured_image_caption":"","_FSMCFIC_featured_image_nocaption":"","_FSMCFIC_featured_image_hide":"","footnotes":""},"categories":[1772,806],"tags":[2049,3248],"class_list":["post-46571","post","type-post","status-publish","format-standard","has-post-thumbnail","hentry","category-especial-coronavirus-es","category-punts-claus-del-dia-es","tag-medidas-coronavirus","tag-vacunacion"],"yoast_head":"<!-- This site is optimized with the Yoast SEO plugin v26.8 - https:\/\/yoast.com\/product\/yoast-seo-wordpress\/ -->\n<title>A pesar de las intensas restricciones, el escenario de la pandemia en Catalu\u00f1a no mejora - Converses a Catalunya<\/title>\n<meta name=\"robots\" content=\"index, follow, max-snippet:-1, max-image-preview:large, max-video-preview:-1\" \/>\n<link rel=\"canonical\" href=\"https:\/\/conversesacatalunya.cat\/es\/a-pesar-de-las-intensas-restricciones-el-escenario-de-la-pandemia-en-cataluna-no-mejora\/\" \/>\n<meta property=\"og:locale\" content=\"es_ES\" \/>\n<meta property=\"og:type\" content=\"article\" \/>\n<meta property=\"og:title\" content=\"A pesar de las intensas restricciones, el escenario de la pandemia en Catalu\u00f1a no mejora - Converses a Catalunya\" \/>\n<meta property=\"og:description\" content=\"Catalu\u00f1a es una de las comunidades que a lo largo de los meses ha tenido m\u00e1s restricciones, especialmente en los sectores de la hosteler\u00eda y del comercio. Se ha usado y abusado de las restricciones sectoriales y al mismo tiempo no se han aplicado pr\u00e1cticamente confinamientos territoriales en aquellas poblaciones o comarcas con niveles muy altos de contagios. La estrategia de Catalu\u00f1a ha sido y es dura, pero con hechos extra\u00f1os como el\u00a0concierto multitudinario de los Love of Lesbian o el extraordinario retraso en la vacunaci\u00f3n de los mayores de 80 a\u00f1os, que sit\u00faa a Catalu\u00f1a en la cola de las CCAA, aunque esta poblaci\u00f3n concentra el mayor n\u00famero de defunciones. A pesar de todo ello entramos en Semana Santa con unos indicadores muy preocupantes.\u00a0Por un lado las UCI est\u00e1n en un nivel de ocupaci\u00f3n mayor que el de la segunda ola.\u00a0Ahora\u00a0tienen 396 pacientes, cuando en octubre no se llegaba\u00a0a los 200.\u00a0El n\u00famero \u00abr\u00bb, que expresa la cifra de contagios de un portador, ha ido remontando y ahora se sit\u00faa ya en el\u00a01,10.\u00a0Significa que el n\u00famero de casos aumenta un 10% aproximadamente\u00a0cada 5 d\u00edas.\u00a0Si siguiera aumentando a consecuencia de la Semana Santa y se situara en el 1,2 o 1,3 querr\u00eda decir que estamos multiplicando por un\u00a020% o un 30\u00a0% el n\u00famero de contagios cada 5 d\u00edas, y eso ser\u00eda realmente desastroso. \u00bfC\u00f3mo es posible esta falta de control despu\u00e9s de meses y meses de restricciones intensas? La causa es un d\u00e9ficit cr\u00f3nico que el departamento de Salud no ha sabido o no ha querido resolver con\u00a0un control m\u00e1s eficaz de la pandemia,\u00a0sobre todo cuando \u00e9sta se sit\u00faa en niveles m\u00e1s bajos y m\u00e1s f\u00e1ciles, por tanto, de controlar.\u00a0La combinaci\u00f3n de tests masivos hechos de manera sistem\u00e1tica, el control r\u00e1pido de los positivos, la detecci\u00f3n eficaz de sus redes de contagio y la garant\u00eda de que las cuarentenas son completas, es la condici\u00f3n necesaria para evitar este Dragon Khan, que es la situaci\u00f3n de la pandemia en Catalu\u00f1a. Un buen gobierno y un buen Parlamento exigir\u00edan explicaciones\u00a0claras y concretas a los responsables de la Sanidad sobre por qu\u00e9 no existe este control suficiente.\u00a0En lugar de eso, se dedican a un continuo hacer y deshacer hasta haber mareado y confundido a los ciudadanos con medidas horarias, cierres y aperturas de interiores de locales, al tiempo que se manifiestan incapaces de evitar las concentraciones masivas de gente bebiendo en la calle o en las playas. Por si fuera poco, existe el retraso, apuntado, en la vacunaci\u00f3n que est\u00e1\u00a0ocasionando muertes en los mayores de 80 a\u00f1os\u00a0que se podr\u00edan haber evitado.\u00a0Y tambi\u00e9n hay una mortalidad colateral derivada que es que en la mayor\u00eda de CAPs han perdido la atenci\u00f3n habitual a las otras patolog\u00edas, porque todo est\u00e1 absorbido por la Covid. Es un panorama desastroso, pero ni siquiera siendo as\u00ed, conseguimos que aspirantes del gobierno, partidos y Parlamento le dediquen la atenci\u00f3n necesaria.\" \/>\n<meta property=\"og:url\" content=\"https:\/\/conversesacatalunya.cat\/es\/a-pesar-de-las-intensas-restricciones-el-escenario-de-la-pandemia-en-cataluna-no-mejora\/\" \/>\n<meta property=\"og:site_name\" content=\"Converses a Catalunya\" \/>\n<meta property=\"article:published_time\" content=\"2021-03-30T11:12:51+00:00\" \/>\n<meta property=\"article:modified_time\" content=\"2021-03-30T13:47:29+00:00\" \/>\n<meta property=\"og:image\" content=\"https:\/\/conversesacatalunya.cat\/wp-content\/uploads\/2021\/03\/pandemia-catalunya-1.jpg\" \/>\n\t<meta property=\"og:image:width\" content=\"1200\" \/>\n\t<meta property=\"og:image:height\" content=\"674\" \/>\n\t<meta property=\"og:image:type\" content=\"image\/jpeg\" \/>\n<meta name=\"author\" content=\"conversesacatalunya\" \/>\n<meta name=\"twitter:card\" content=\"summary_large_image\" \/>\n<meta name=\"twitter:label1\" content=\"Escrito por\" \/>\n\t<meta name=\"twitter:data1\" content=\"conversesacatalunya\" \/>\n\t<meta name=\"twitter:label2\" content=\"Tiempo de lectura\" \/>\n\t<meta name=\"twitter:data2\" content=\"3 minutos\" \/>\n<script type=\"application\/ld+json\" class=\"yoast-schema-graph\">{\"@context\":\"https:\/\/schema.org\",\"@graph\":[{\"@type\":\"Article\",\"@id\":\"https:\/\/conversesacatalunya.cat\/es\/a-pesar-de-las-intensas-restricciones-el-escenario-de-la-pandemia-en-cataluna-no-mejora\/#article\",\"isPartOf\":{\"@id\":\"https:\/\/conversesacatalunya.cat\/es\/a-pesar-de-las-intensas-restricciones-el-escenario-de-la-pandemia-en-cataluna-no-mejora\/\"},\"author\":{\"name\":\"conversesacatalunya\",\"@id\":\"https:\/\/conversesacatalunya.cat\/#\/schema\/person\/7e24d1e54a2785373ddcb275eae5ed99\"},\"headline\":\"A pesar de las intensas restricciones, el escenario de la pandemia en Catalu\u00f1a no mejora\",\"datePublished\":\"2021-03-30T11:12:51+00:00\",\"dateModified\":\"2021-03-30T13:47:29+00:00\",\"mainEntityOfPage\":{\"@id\":\"https:\/\/conversesacatalunya.cat\/es\/a-pesar-de-las-intensas-restricciones-el-escenario-de-la-pandemia-en-cataluna-no-mejora\/\"},\"wordCount\":552,\"commentCount\":0,\"image\":{\"@id\":\"https:\/\/conversesacatalunya.cat\/es\/a-pesar-de-las-intensas-restricciones-el-escenario-de-la-pandemia-en-cataluna-no-mejora\/#primaryimage\"},\"thumbnailUrl\":\"https:\/\/conversesacatalunya.cat\/wp-content\/uploads\/2021\/03\/pandemia-catalunya-1.jpg\",\"keywords\":[\"medidas coronavirus\",\"vacunaci\u00f3n\"],\"articleSection\":[\"Especial Coronavirus (ES)\",\"Punts clau del dia (ES)\"],\"inLanguage\":\"es\",\"potentialAction\":[{\"@type\":\"CommentAction\",\"name\":\"Comment\",\"target\":[\"https:\/\/conversesacatalunya.cat\/es\/a-pesar-de-las-intensas-restricciones-el-escenario-de-la-pandemia-en-cataluna-no-mejora\/#respond\"]}]},{\"@type\":\"WebPage\",\"@id\":\"https:\/\/conversesacatalunya.cat\/es\/a-pesar-de-las-intensas-restricciones-el-escenario-de-la-pandemia-en-cataluna-no-mejora\/\",\"url\":\"https:\/\/conversesacatalunya.cat\/es\/a-pesar-de-las-intensas-restricciones-el-escenario-de-la-pandemia-en-cataluna-no-mejora\/\",\"name\":\"A pesar de las intensas restricciones, el escenario de la pandemia en Catalu\u00f1a no mejora - Converses a Catalunya\",\"isPartOf\":{\"@id\":\"https:\/\/conversesacatalunya.cat\/#website\"},\"primaryImageOfPage\":{\"@id\":\"https:\/\/conversesacatalunya.cat\/es\/a-pesar-de-las-intensas-restricciones-el-escenario-de-la-pandemia-en-cataluna-no-mejora\/#primaryimage\"},\"image\":{\"@id\":\"https:\/\/conversesacatalunya.cat\/es\/a-pesar-de-las-intensas-restricciones-el-escenario-de-la-pandemia-en-cataluna-no-mejora\/#primaryimage\"},\"thumbnailUrl\":\"https:\/\/conversesacatalunya.cat\/wp-content\/uploads\/2021\/03\/pandemia-catalunya-1.jpg\",\"datePublished\":\"2021-03-30T11:12:51+00:00\",\"dateModified\":\"2021-03-30T13:47:29+00:00\",\"author\":{\"@id\":\"https:\/\/conversesacatalunya.cat\/#\/schema\/person\/7e24d1e54a2785373ddcb275eae5ed99\"},\"breadcrumb\":{\"@id\":\"https:\/\/conversesacatalunya.cat\/es\/a-pesar-de-las-intensas-restricciones-el-escenario-de-la-pandemia-en-cataluna-no-mejora\/#breadcrumb\"},\"inLanguage\":\"es\",\"potentialAction\":[{\"@type\":\"ReadAction\",\"target\":[\"https:\/\/conversesacatalunya.cat\/es\/a-pesar-de-las-intensas-restricciones-el-escenario-de-la-pandemia-en-cataluna-no-mejora\/\"]}]},{\"@type\":\"ImageObject\",\"inLanguage\":\"es\",\"@id\":\"https:\/\/conversesacatalunya.cat\/es\/a-pesar-de-las-intensas-restricciones-el-escenario-de-la-pandemia-en-cataluna-no-mejora\/#primaryimage\",\"url\":\"https:\/\/conversesacatalunya.cat\/wp-content\/uploads\/2021\/03\/pandemia-catalunya-1.jpg\",\"contentUrl\":\"https:\/\/conversesacatalunya.cat\/wp-content\/uploads\/2021\/03\/pandemia-catalunya-1.jpg\",\"width\":1200,\"height\":674,\"caption\":\"pand\u00e8mia catalunya\"},{\"@type\":\"BreadcrumbList\",\"@id\":\"https:\/\/conversesacatalunya.cat\/es\/a-pesar-de-las-intensas-restricciones-el-escenario-de-la-pandemia-en-cataluna-no-mejora\/#breadcrumb\",\"itemListElement\":[{\"@type\":\"ListItem\",\"position\":1,\"name\":\"Inici\",\"item\":\"https:\/\/conversesacatalunya.cat\/es\/\"},{\"@type\":\"ListItem\",\"position\":2,\"name\":\"A pesar de las intensas restricciones, el escenario de la pandemia en Catalu\u00f1a no mejora\"}]},{\"@type\":\"WebSite\",\"@id\":\"https:\/\/conversesacatalunya.cat\/#website\",\"url\":\"https:\/\/conversesacatalunya.cat\/\",\"name\":\"Converses a Catalunya\",\"description\":\"\",\"potentialAction\":[{\"@type\":\"SearchAction\",\"target\":{\"@type\":\"EntryPoint\",\"urlTemplate\":\"https:\/\/conversesacatalunya.cat\/?s={search_term_string}\"},\"query-input\":{\"@type\":\"PropertyValueSpecification\",\"valueRequired\":true,\"valueName\":\"search_term_string\"}}],\"inLanguage\":\"es\"},{\"@type\":\"Person\",\"@id\":\"https:\/\/conversesacatalunya.cat\/#\/schema\/person\/7e24d1e54a2785373ddcb275eae5ed99\",\"name\":\"conversesacatalunya\",\"image\":{\"@type\":\"ImageObject\",\"inLanguage\":\"es\",\"@id\":\"https:\/\/conversesacatalunya.cat\/#\/schema\/person\/image\/\",\"url\":\"https:\/\/conversesacatalunya.cat\/wp-content\/litespeed\/avatar\/febdfeeec89d950f01c748045a981dd2.jpg?ver=1777314535\",\"contentUrl\":\"https:\/\/conversesacatalunya.cat\/wp-content\/litespeed\/avatar\/febdfeeec89d950f01c748045a981dd2.jpg?ver=1777314535\",\"caption\":\"conversesacatalunya\"},\"url\":\"https:\/\/conversesacatalunya.cat\/es\/author\/carme_catala\/\"}]}<\/script>\n<!-- \/ Yoast SEO plugin. -->","yoast_head_json":{"title":"A pesar de las intensas restricciones, el escenario de la pandemia en Catalu\u00f1a no mejora - Converses a Catalunya","robots":{"index":"index","follow":"follow","max-snippet":"max-snippet:-1","max-image-preview":"max-image-preview:large","max-video-preview":"max-video-preview:-1"},"canonical":"https:\/\/conversesacatalunya.cat\/es\/a-pesar-de-las-intensas-restricciones-el-escenario-de-la-pandemia-en-cataluna-no-mejora\/","og_locale":"es_ES","og_type":"article","og_title":"A pesar de las intensas restricciones, el escenario de la pandemia en Catalu\u00f1a no mejora - Converses a Catalunya","og_description":"Catalu\u00f1a es una de las comunidades que a lo largo de los meses ha tenido m\u00e1s restricciones, especialmente en los sectores de la hosteler\u00eda y del comercio. Se ha usado y abusado de las restricciones sectoriales y al mismo tiempo no se han aplicado pr\u00e1cticamente confinamientos territoriales en aquellas poblaciones o comarcas con niveles muy altos de contagios. La estrategia de Catalu\u00f1a ha sido y es dura, pero con hechos extra\u00f1os como el\u00a0concierto multitudinario de los Love of Lesbian o el extraordinario retraso en la vacunaci\u00f3n de los mayores de 80 a\u00f1os, que sit\u00faa a Catalu\u00f1a en la cola de las CCAA, aunque esta poblaci\u00f3n concentra el mayor n\u00famero de defunciones. A pesar de todo ello entramos en Semana Santa con unos indicadores muy preocupantes.\u00a0Por un lado las UCI est\u00e1n en un nivel de ocupaci\u00f3n mayor que el de la segunda ola.\u00a0Ahora\u00a0tienen 396 pacientes, cuando en octubre no se llegaba\u00a0a los 200.\u00a0El n\u00famero \u00abr\u00bb, que expresa la cifra de contagios de un portador, ha ido remontando y ahora se sit\u00faa ya en el\u00a01,10.\u00a0Significa que el n\u00famero de casos aumenta un 10% aproximadamente\u00a0cada 5 d\u00edas.\u00a0Si siguiera aumentando a consecuencia de la Semana Santa y se situara en el 1,2 o 1,3 querr\u00eda decir que estamos multiplicando por un\u00a020% o un 30\u00a0% el n\u00famero de contagios cada 5 d\u00edas, y eso ser\u00eda realmente desastroso. \u00bfC\u00f3mo es posible esta falta de control despu\u00e9s de meses y meses de restricciones intensas? La causa es un d\u00e9ficit cr\u00f3nico que el departamento de Salud no ha sabido o no ha querido resolver con\u00a0un control m\u00e1s eficaz de la pandemia,\u00a0sobre todo cuando \u00e9sta se sit\u00faa en niveles m\u00e1s bajos y m\u00e1s f\u00e1ciles, por tanto, de controlar.\u00a0La combinaci\u00f3n de tests masivos hechos de manera sistem\u00e1tica, el control r\u00e1pido de los positivos, la detecci\u00f3n eficaz de sus redes de contagio y la garant\u00eda de que las cuarentenas son completas, es la condici\u00f3n necesaria para evitar este Dragon Khan, que es la situaci\u00f3n de la pandemia en Catalu\u00f1a. Un buen gobierno y un buen Parlamento exigir\u00edan explicaciones\u00a0claras y concretas a los responsables de la Sanidad sobre por qu\u00e9 no existe este control suficiente.\u00a0En lugar de eso, se dedican a un continuo hacer y deshacer hasta haber mareado y confundido a los ciudadanos con medidas horarias, cierres y aperturas de interiores de locales, al tiempo que se manifiestan incapaces de evitar las concentraciones masivas de gente bebiendo en la calle o en las playas. Por si fuera poco, existe el retraso, apuntado, en la vacunaci\u00f3n que est\u00e1\u00a0ocasionando muertes en los mayores de 80 a\u00f1os\u00a0que se podr\u00edan haber evitado.\u00a0Y tambi\u00e9n hay una mortalidad colateral derivada que es que en la mayor\u00eda de CAPs han perdido la atenci\u00f3n habitual a las otras patolog\u00edas, porque todo est\u00e1 absorbido por la Covid. Es un panorama desastroso, pero ni siquiera siendo as\u00ed, conseguimos que aspirantes del gobierno, partidos y Parlamento le dediquen la atenci\u00f3n necesaria.","og_url":"https:\/\/conversesacatalunya.cat\/es\/a-pesar-de-las-intensas-restricciones-el-escenario-de-la-pandemia-en-cataluna-no-mejora\/","og_site_name":"Converses a Catalunya","article_published_time":"2021-03-30T11:12:51+00:00","article_modified_time":"2021-03-30T13:47:29+00:00","og_image":[{"width":1200,"height":674,"url":"https:\/\/conversesacatalunya.cat\/wp-content\/uploads\/2021\/03\/pandemia-catalunya-1.jpg","type":"image\/jpeg"}],"author":"conversesacatalunya","twitter_card":"summary_large_image","twitter_misc":{"Escrito por":"conversesacatalunya","Tiempo de lectura":"3 minutos"},"schema":{"@context":"https:\/\/schema.org","@graph":[{"@type":"Article","@id":"https:\/\/conversesacatalunya.cat\/es\/a-pesar-de-las-intensas-restricciones-el-escenario-de-la-pandemia-en-cataluna-no-mejora\/#article","isPartOf":{"@id":"https:\/\/conversesacatalunya.cat\/es\/a-pesar-de-las-intensas-restricciones-el-escenario-de-la-pandemia-en-cataluna-no-mejora\/"},"author":{"name":"conversesacatalunya","@id":"https:\/\/conversesacatalunya.cat\/#\/schema\/person\/7e24d1e54a2785373ddcb275eae5ed99"},"headline":"A pesar de las intensas restricciones, el escenario de la pandemia en Catalu\u00f1a no mejora","datePublished":"2021-03-30T11:12:51+00:00","dateModified":"2021-03-30T13:47:29+00:00","mainEntityOfPage":{"@id":"https:\/\/conversesacatalunya.cat\/es\/a-pesar-de-las-intensas-restricciones-el-escenario-de-la-pandemia-en-cataluna-no-mejora\/"},"wordCount":552,"commentCount":0,"image":{"@id":"https:\/\/conversesacatalunya.cat\/es\/a-pesar-de-las-intensas-restricciones-el-escenario-de-la-pandemia-en-cataluna-no-mejora\/#primaryimage"},"thumbnailUrl":"https:\/\/conversesacatalunya.cat\/wp-content\/uploads\/2021\/03\/pandemia-catalunya-1.jpg","keywords":["medidas coronavirus","vacunaci\u00f3n"],"articleSection":["Especial Coronavirus (ES)","Punts clau del dia (ES)"],"inLanguage":"es","potentialAction":[{"@type":"CommentAction","name":"Comment","target":["https:\/\/conversesacatalunya.cat\/es\/a-pesar-de-las-intensas-restricciones-el-escenario-de-la-pandemia-en-cataluna-no-mejora\/#respond"]}]},{"@type":"WebPage","@id":"https:\/\/conversesacatalunya.cat\/es\/a-pesar-de-las-intensas-restricciones-el-escenario-de-la-pandemia-en-cataluna-no-mejora\/","url":"https:\/\/conversesacatalunya.cat\/es\/a-pesar-de-las-intensas-restricciones-el-escenario-de-la-pandemia-en-cataluna-no-mejora\/","name":"A pesar de las intensas restricciones, el escenario de la pandemia en Catalu\u00f1a no mejora - Converses a Catalunya","isPartOf":{"@id":"https:\/\/conversesacatalunya.cat\/#website"},"primaryImageOfPage":{"@id":"https:\/\/conversesacatalunya.cat\/es\/a-pesar-de-las-intensas-restricciones-el-escenario-de-la-pandemia-en-cataluna-no-mejora\/#primaryimage"},"image":{"@id":"https:\/\/conversesacatalunya.cat\/es\/a-pesar-de-las-intensas-restricciones-el-escenario-de-la-pandemia-en-cataluna-no-mejora\/#primaryimage"},"thumbnailUrl":"https:\/\/conversesacatalunya.cat\/wp-content\/uploads\/2021\/03\/pandemia-catalunya-1.jpg","datePublished":"2021-03-30T11:12:51+00:00","dateModified":"2021-03-30T13:47:29+00:00","author":{"@id":"https:\/\/conversesacatalunya.cat\/#\/schema\/person\/7e24d1e54a2785373ddcb275eae5ed99"},"breadcrumb":{"@id":"https:\/\/conversesacatalunya.cat\/es\/a-pesar-de-las-intensas-restricciones-el-escenario-de-la-pandemia-en-cataluna-no-mejora\/#breadcrumb"},"inLanguage":"es","potentialAction":[{"@type":"ReadAction","target":["https:\/\/conversesacatalunya.cat\/es\/a-pesar-de-las-intensas-restricciones-el-escenario-de-la-pandemia-en-cataluna-no-mejora\/"]}]},{"@type":"ImageObject","inLanguage":"es","@id":"https:\/\/conversesacatalunya.cat\/es\/a-pesar-de-las-intensas-restricciones-el-escenario-de-la-pandemia-en-cataluna-no-mejora\/#primaryimage","url":"https:\/\/conversesacatalunya.cat\/wp-content\/uploads\/2021\/03\/pandemia-catalunya-1.jpg","contentUrl":"https:\/\/conversesacatalunya.cat\/wp-content\/uploads\/2021\/03\/pandemia-catalunya-1.jpg","width":1200,"height":674,"caption":"pand\u00e8mia catalunya"},{"@type":"BreadcrumbList","@id":"https:\/\/conversesacatalunya.cat\/es\/a-pesar-de-las-intensas-restricciones-el-escenario-de-la-pandemia-en-cataluna-no-mejora\/#breadcrumb","itemListElement":[{"@type":"ListItem","position":1,"name":"Inici","item":"https:\/\/conversesacatalunya.cat\/es\/"},{"@type":"ListItem","position":2,"name":"A pesar de las intensas restricciones, el escenario de la pandemia en Catalu\u00f1a no mejora"}]},{"@type":"WebSite","@id":"https:\/\/conversesacatalunya.cat\/#website","url":"https:\/\/conversesacatalunya.cat\/","name":"Converses a Catalunya","description":"","potentialAction":[{"@type":"SearchAction","target":{"@type":"EntryPoint","urlTemplate":"https:\/\/conversesacatalunya.cat\/?s={search_term_string}"},"query-input":{"@type":"PropertyValueSpecification","valueRequired":true,"valueName":"search_term_string"}}],"inLanguage":"es"},{"@type":"Person","@id":"https:\/\/conversesacatalunya.cat\/#\/schema\/person\/7e24d1e54a2785373ddcb275eae5ed99","name":"conversesacatalunya","image":{"@type":"ImageObject","inLanguage":"es","@id":"https:\/\/conversesacatalunya.cat\/#\/schema\/person\/image\/","url":"https:\/\/conversesacatalunya.cat\/wp-content\/litespeed\/avatar\/febdfeeec89d950f01c748045a981dd2.jpg?ver=1777314535","contentUrl":"https:\/\/conversesacatalunya.cat\/wp-content\/litespeed\/avatar\/febdfeeec89d950f01c748045a981dd2.jpg?ver=1777314535","caption":"conversesacatalunya"},"url":"https:\/\/conversesacatalunya.cat\/es\/author\/carme_catala\/"}]}},"wps_subtitle":"","_links":{"self":[{"href":"https:\/\/conversesacatalunya.cat\/es\/wp-json\/wp\/v2\/posts\/46571","targetHints":{"allow":["GET"]}}],"collection":[{"href":"https:\/\/conversesacatalunya.cat\/es\/wp-json\/wp\/v2\/posts"}],"about":[{"href":"https:\/\/conversesacatalunya.cat\/es\/wp-json\/wp\/v2\/types\/post"}],"author":[{"embeddable":true,"href":"https:\/\/conversesacatalunya.cat\/es\/wp-json\/wp\/v2\/users\/2"}],"replies":[{"embeddable":true,"href":"https:\/\/conversesacatalunya.cat\/es\/wp-json\/wp\/v2\/comments?post=46571"}],"version-history":[{"count":2,"href":"https:\/\/conversesacatalunya.cat\/es\/wp-json\/wp\/v2\/posts\/46571\/revisions"}],"predecessor-version":[{"id":46573,"href":"https:\/\/conversesacatalunya.cat\/es\/wp-json\/wp\/v2\/posts\/46571\/revisions\/46573"}],"wp:featuredmedia":[{"embeddable":true,"href":"https:\/\/conversesacatalunya.cat\/es\/wp-json\/wp\/v2\/media\/46558"}],"wp:attachment":[{"href":"https:\/\/conversesacatalunya.cat\/es\/wp-json\/wp\/v2\/media?parent=46571"}],"wp:term":[{"taxonomy":"category","embeddable":true,"href":"https:\/\/conversesacatalunya.cat\/es\/wp-json\/wp\/v2\/categories?post=46571"},{"taxonomy":"post_tag","embeddable":true,"href":"https:\/\/conversesacatalunya.cat\/es\/wp-json\/wp\/v2\/tags?post=46571"}],"curies":[{"name":"wp","href":"https:\/\/api.w.org\/{rel}","templated":true}]}}