{"id":46438,"date":"2021-03-26T06:17:55","date_gmt":"2021-03-26T05:17:55","guid":{"rendered":"https:\/\/conversesacatalunya.cat\/yolanda-diaz-promet-una-nova-pujada-de-lsmi\/"},"modified":"2021-03-26T10:34:09","modified_gmt":"2021-03-26T09:34:09","slug":"yolanda-diaz-promete-una-nueva-subida-del-smi","status":"publish","type":"post","link":"https:\/\/conversesacatalunya.cat\/es\/yolanda-diaz-promete-una-nueva-subida-del-smi\/","title":{"rendered":"Yolanda D\u00edaz promete una nueva subida del SMI"},"content":{"rendered":"<p>La ministra de Trabajo, Yolanda D\u00edaz, ha vuelto a la carga anunciando que el gobierno <strong>pretende elevar de nuevo el Salario m\u00ednimo interprofesional<\/strong> (SMI). D\u00edaz volvi\u00f3 a insistir en que conseguir que \u00e9ste alcance el 60% del salario medio \u00abes un objetivo de esta legislatura, que seguro se conseguir\u00e1\u00bb. Para lograrlo ha dado un plazo de tres meses para que la comisi\u00f3n de expertos que va a determinar la senda m\u00e1s adecuada para alcanzar que su cuant\u00eda llegue al 60% del salario medio decida lo plazos para llevarlo a cabo.<\/p>\n<p>Aunque los siete expertos de esta comisi\u00f3n son los que deben determinar d\u00f3nde se colocar\u00e1 el 60% del salario medio, distintas fuentes lo cifran entre 1.100 y 1.200 euros lo que, dado que el SMI est\u00e1 en 950 euros, supondr\u00eda una subida de entre el 15% y el 26% en tres a\u00f1os.<\/p>\n<p>Por otro lado, D\u00edaz, avanz\u00f3 tambi\u00e9n que para principios del mes de abril \u00abtendremos el borrador de la ley de empleo\u00bb, que se tiene que modificar para <strong>introducir los cambios para las nuevas pol\u00edticas activas de empleo<\/strong>. En cuanto a los cambios en la reforma laboral, la ministra destac\u00f3 que \u00abes necesario reequilibrar la negociaci\u00f3n colectiva, as\u00ed como reformar la subcontrataci\u00f3n, al igual que el debate sobre la ultraactividad de los convenios colectivos y las cl\u00e1usulas de descuelgue de los mismos\u00bb.<\/p>\n<p>En cuanto a las modalidades de contrataci\u00f3n, adelant\u00f3 que se har\u00e1 una \u00absimplificaci\u00f3n fuerte\u00bb del men\u00fa actual en el que \u00abel actor principal sea un contrato estable\u00bb, pudiendo haber fijos discontinuos, un contrato temporal con causa y un contrato formativo. La patronal ya ha mostrado su rechazo a alguna de estas medidas, como la referente a la subcontrataci\u00f3n. Sobre los contratos, adelant\u00f3 su reducci\u00f3n a tres grandes modelos: el estable, que debe ser el principal, incluyendo el de fijos-discontinuos, uno temporal supeditado a la causalidad y un tercero ligado a la formaci\u00f3n. Este asunto se incluir\u00e1 en la materia de estabilidad en el empleo que demanda Bruselas.<\/p>\n<span class='bctt-click-to-tweet'><span class='bctt-ctt-text'><a href='https:\/\/twitter.com\/intent\/tweet?url=https%3A%2F%2Fconversesacatalunya.cat%2Fes%2Fyolanda-diaz-promete-una-nueva-subida-del-smi%2F&#038;text=D%C3%ADaz%20volvi%C3%B3%20a%20insistir%20en%20que%20conseguir%20que%20%C3%A9ste%20alcance%20el%2060%25%20del%20salario%20medio%20es%20un%20objetivo%20de%20esta%20legislatura%2C%20que%20seguro%20se%20conseguir%C3%A1&#038;via=conversesacat&#038;related=conversesacat' target='_blank'rel=\"noopener noreferrer\">D\u00edaz volvi\u00f3 a insistir en que conseguir que \u00e9ste alcance el 60% del salario medio es un objetivo de esta legislatura, que seguro se conseguir\u00e1 <\/a><\/span><a href='https:\/\/twitter.com\/intent\/tweet?url=https%3A%2F%2Fconversesacatalunya.cat%2Fes%2Fyolanda-diaz-promete-una-nueva-subida-del-smi%2F&#038;text=D%C3%ADaz%20volvi%C3%B3%20a%20insistir%20en%20que%20conseguir%20que%20%C3%A9ste%20alcance%20el%2060%25%20del%20salario%20medio%20es%20un%20objetivo%20de%20esta%20legislatura%2C%20que%20seguro%20se%20conseguir%C3%A1&#038;via=conversesacat&#038;related=conversesacat' target='_blank' class='bctt-ctt-btn'rel=\"noopener noreferrer\">Compartir en X<\/a><\/span>\n<div id=\"polls-97\" class=\"wp-polls\">\n\t<form id=\"polls_form_97\" class=\"wp-polls-form\" action=\"\/index.php\" method=\"post\">\n\t\t<p style=\"display: none;\"><input type=\"hidden\" id=\"poll_97_nonce\" name=\"wp-polls-nonce\" value=\"4c9382701b\" \/><\/p>\n\t\t<p style=\"display: none;\"><input type=\"hidden\" name=\"poll_id\" value=\"97\" \/><\/p>\n\t\t<p style=\"text-align: center\"><strong>\u00c9s necessari un nou partit de centre catalanista?<\/strong><\/p><div id=\"polls-97-ans\" class=\"wp-polls-ans\"><ul class=\"wp-polls-ul\">\n\t\t<li><input type=\"radio\" id=\"poll-answer-227\" name=\"poll_97\" value=\"227\" \/> <label for=\"poll-answer-227\">Si<\/label><\/li>\n\t\t<li><input type=\"radio\" id=\"poll-answer-228\" name=\"poll_97\" value=\"228\" \/> <label for=\"poll-answer-228\">No<\/label><\/li>\n\t\t<\/ul><p style=\"text-align: center\"><input type=\"button\" name=\"vote\" value=\"   Vota   \" class=\"Buttons\" onclick=\"poll_vote(97);\" \/><\/p><p style=\"text-align: center\"><a href=\"#ViewPollResults\" onclick=\"poll_result(97); return false;\" title=\"View Results Of This Poll\">Mira els resultats<\/a><\/p><\/div>\n\t<\/form>\n<\/div>\n<div id=\"polls-97-loading\" class=\"wp-polls-loading\"><img decoding=\"async\" data-src=\"https:\/\/conversesacatalunya.cat\/wp-content\/plugins\/wp-polls\/images\/loading.gif\" width=\"16\" height=\"16\" alt=\"Cargando ...\" title=\"Cargando ...\" class=\"wp-polls-image lazyload\" src=\"data:image\/svg+xml;base64,PHN2ZyB3aWR0aD0iMSIgaGVpZ2h0PSIxIiB4bWxucz0iaHR0cDovL3d3dy53My5vcmcvMjAwMC9zdmciPjwvc3ZnPg==\" style=\"--smush-placeholder-width: 16px; --smush-placeholder-aspect-ratio: 16\/16;\" \/>&nbsp;Cargando ...<\/div>\n\n","protected":false},"excerpt":{"rendered":"<p>La ministra de Trabajo, Yolanda D\u00edaz, ha vuelto a la carga anunciando que el gobierno pretende elevar de nuevo el Salario m\u00ednimo interprofesional (SMI). D\u00edaz volvi\u00f3 a insistir en que conseguir que \u00e9ste alcance el 60% del salario medio \u00abes un objetivo de esta legislatura, que seguro se conseguir\u00e1\u00bb. Para lograrlo ha dado un plazo de tres meses para que la comisi\u00f3n de expertos que va a determinar la senda m\u00e1s adecuada para alcanzar que su cuant\u00eda llegue al 60% del salario medio decida lo plazos para llevarlo a cabo. Aunque los siete expertos de esta comisi\u00f3n son los que deben determinar d\u00f3nde se colocar\u00e1 el 60% del salario medio, distintas fuentes lo cifran entre 1.100 y 1.200 euros lo que, dado que el SMI est\u00e1 en 950 euros, supondr\u00eda una subida de entre el 15% y el 26% en tres a\u00f1os. Por otro lado, D\u00edaz, avanz\u00f3 tambi\u00e9n que para principios del mes de abril \u00abtendremos el borrador de la ley de empleo\u00bb, que se tiene que modificar para introducir los cambios para las nuevas pol\u00edticas activas de empleo. En cuanto a los cambios en la reforma laboral, la ministra destac\u00f3 que \u00abes necesario reequilibrar la negociaci\u00f3n colectiva, as\u00ed como reformar la subcontrataci\u00f3n, al igual que el debate sobre la ultraactividad de los convenios colectivos y las cl\u00e1usulas de descuelgue de los mismos\u00bb. En cuanto a las modalidades de contrataci\u00f3n, adelant\u00f3 que se har\u00e1 una \u00absimplificaci\u00f3n fuerte\u00bb del men\u00fa actual en el que \u00abel actor principal sea un contrato estable\u00bb, pudiendo haber fijos discontinuos, un contrato temporal con causa y un contrato formativo. La patronal ya ha mostrado su rechazo a alguna de estas medidas, como la referente a la subcontrataci\u00f3n. Sobre los contratos, adelant\u00f3 su reducci\u00f3n a tres grandes modelos: el estable, que debe ser el principal, incluyendo el de fijos-discontinuos, uno temporal supeditado a la causalidad y un tercero ligado a la formaci\u00f3n. Este asunto se incluir\u00e1 en la materia de estabilidad en el empleo que demanda Bruselas.<\/p>\n","protected":false},"author":20,"featured_media":46377,"comment_status":"open","ping_status":"open","sticky":false,"template":"","format":"standard","meta":{"_FSMCFIC_featured_image_caption":"","_FSMCFIC_featured_image_nocaption":"","_FSMCFIC_featured_image_hide":"","footnotes":""},"categories":[806],"tags":[1243,3599],"class_list":["post-46438","post","type-post","status-publish","format-standard","has-post-thumbnail","hentry","category-punts-claus-del-dia-es","tag-smi-es","tag-yolanda-diaz-es"],"yoast_head":"<!-- This site is optimized with the Yoast SEO plugin v26.8 - https:\/\/yoast.com\/product\/yoast-seo-wordpress\/ -->\n<title>Yolanda D\u00edaz promete una nueva subida del SMI - Converses a Catalunya<\/title>\n<meta name=\"description\" content=\"La ministra de Trabajo, Yolanda D\u00edaz, ha prometido un aumento del Salario m\u00ednimo interprofesional (SMI) para esta legislatura\" \/>\n<meta name=\"robots\" content=\"index, follow, max-snippet:-1, max-image-preview:large, max-video-preview:-1\" \/>\n<link rel=\"canonical\" href=\"https:\/\/conversesacatalunya.cat\/es\/yolanda-diaz-promete-una-nueva-subida-del-smi\/\" \/>\n<meta property=\"og:locale\" content=\"es_ES\" \/>\n<meta property=\"og:type\" content=\"article\" \/>\n<meta property=\"og:title\" content=\"Yolanda D\u00edaz promete una nueva subida del SMI - Converses a Catalunya\" \/>\n<meta property=\"og:description\" content=\"La ministra de Trabajo, Yolanda D\u00edaz, ha prometido un aumento del Salario m\u00ednimo interprofesional (SMI) para esta legislatura\" \/>\n<meta property=\"og:url\" content=\"https:\/\/conversesacatalunya.cat\/es\/yolanda-diaz-promete-una-nueva-subida-del-smi\/\" \/>\n<meta property=\"og:site_name\" content=\"Converses a Catalunya\" \/>\n<meta property=\"article:published_time\" content=\"2021-03-26T05:17:55+00:00\" \/>\n<meta property=\"article:modified_time\" content=\"2021-03-26T09:34:09+00:00\" \/>\n<meta property=\"og:image\" content=\"https:\/\/conversesacatalunya.cat\/wp-content\/uploads\/2021\/03\/Capture-9.png\" \/>\n\t<meta property=\"og:image:width\" content=\"971\" \/>\n\t<meta property=\"og:image:height\" content=\"702\" \/>\n\t<meta property=\"og:image:type\" content=\"image\/png\" \/>\n<meta name=\"author\" content=\"conversesacatalunya\" \/>\n<meta name=\"twitter:card\" content=\"summary_large_image\" \/>\n<meta name=\"twitter:label1\" content=\"Escrito por\" \/>\n\t<meta name=\"twitter:data1\" content=\"conversesacatalunya\" \/>\n\t<meta name=\"twitter:label2\" content=\"Tiempo de lectura\" \/>\n\t<meta name=\"twitter:data2\" content=\"2 minutos\" \/>\n<script type=\"application\/ld+json\" class=\"yoast-schema-graph\">{\"@context\":\"https:\/\/schema.org\",\"@graph\":[{\"@type\":\"Article\",\"@id\":\"https:\/\/conversesacatalunya.cat\/es\/yolanda-diaz-promete-una-nueva-subida-del-smi\/#article\",\"isPartOf\":{\"@id\":\"https:\/\/conversesacatalunya.cat\/es\/yolanda-diaz-promete-una-nueva-subida-del-smi\/\"},\"author\":{\"name\":\"conversesacatalunya\",\"@id\":\"https:\/\/conversesacatalunya.cat\/#\/schema\/person\/a7a9496a363cd9847daf7cd659d92e64\"},\"headline\":\"Yolanda D\u00edaz promete una nueva subida del SMI\",\"datePublished\":\"2021-03-26T05:17:55+00:00\",\"dateModified\":\"2021-03-26T09:34:09+00:00\",\"mainEntityOfPage\":{\"@id\":\"https:\/\/conversesacatalunya.cat\/es\/yolanda-diaz-promete-una-nueva-subida-del-smi\/\"},\"wordCount\":383,\"commentCount\":0,\"image\":{\"@id\":\"https:\/\/conversesacatalunya.cat\/es\/yolanda-diaz-promete-una-nueva-subida-del-smi\/#primaryimage\"},\"thumbnailUrl\":\"https:\/\/conversesacatalunya.cat\/wp-content\/uploads\/2021\/03\/Capture-9.png\",\"keywords\":[\"SMI\",\"Yolanda D\u00edaz\"],\"articleSection\":[\"Punts clau del dia (ES)\"],\"inLanguage\":\"es\",\"potentialAction\":[{\"@type\":\"CommentAction\",\"name\":\"Comment\",\"target\":[\"https:\/\/conversesacatalunya.cat\/es\/yolanda-diaz-promete-una-nueva-subida-del-smi\/#respond\"]}]},{\"@type\":\"WebPage\",\"@id\":\"https:\/\/conversesacatalunya.cat\/es\/yolanda-diaz-promete-una-nueva-subida-del-smi\/\",\"url\":\"https:\/\/conversesacatalunya.cat\/es\/yolanda-diaz-promete-una-nueva-subida-del-smi\/\",\"name\":\"Yolanda D\u00edaz promete una nueva subida del SMI - Converses a Catalunya\",\"isPartOf\":{\"@id\":\"https:\/\/conversesacatalunya.cat\/#website\"},\"primaryImageOfPage\":{\"@id\":\"https:\/\/conversesacatalunya.cat\/es\/yolanda-diaz-promete-una-nueva-subida-del-smi\/#primaryimage\"},\"image\":{\"@id\":\"https:\/\/conversesacatalunya.cat\/es\/yolanda-diaz-promete-una-nueva-subida-del-smi\/#primaryimage\"},\"thumbnailUrl\":\"https:\/\/conversesacatalunya.cat\/wp-content\/uploads\/2021\/03\/Capture-9.png\",\"datePublished\":\"2021-03-26T05:17:55+00:00\",\"dateModified\":\"2021-03-26T09:34:09+00:00\",\"author\":{\"@id\":\"https:\/\/conversesacatalunya.cat\/#\/schema\/person\/a7a9496a363cd9847daf7cd659d92e64\"},\"description\":\"La ministra de Trabajo, Yolanda D\u00edaz, ha prometido un aumento del Salario m\u00ednimo interprofesional (SMI) para esta legislatura\",\"breadcrumb\":{\"@id\":\"https:\/\/conversesacatalunya.cat\/es\/yolanda-diaz-promete-una-nueva-subida-del-smi\/#breadcrumb\"},\"inLanguage\":\"es\",\"potentialAction\":[{\"@type\":\"ReadAction\",\"target\":[\"https:\/\/conversesacatalunya.cat\/es\/yolanda-diaz-promete-una-nueva-subida-del-smi\/\"]}]},{\"@type\":\"ImageObject\",\"inLanguage\":\"es\",\"@id\":\"https:\/\/conversesacatalunya.cat\/es\/yolanda-diaz-promete-una-nueva-subida-del-smi\/#primaryimage\",\"url\":\"https:\/\/conversesacatalunya.cat\/wp-content\/uploads\/2021\/03\/Capture-9.png\",\"contentUrl\":\"https:\/\/conversesacatalunya.cat\/wp-content\/uploads\/2021\/03\/Capture-9.png\",\"width\":971,\"height\":702,\"caption\":\"Yolanda D\u00edaz\"},{\"@type\":\"BreadcrumbList\",\"@id\":\"https:\/\/conversesacatalunya.cat\/es\/yolanda-diaz-promete-una-nueva-subida-del-smi\/#breadcrumb\",\"itemListElement\":[{\"@type\":\"ListItem\",\"position\":1,\"name\":\"Inici\",\"item\":\"https:\/\/conversesacatalunya.cat\/es\/\"},{\"@type\":\"ListItem\",\"position\":2,\"name\":\"Yolanda D\u00edaz promete una nueva subida del SMI\"}]},{\"@type\":\"WebSite\",\"@id\":\"https:\/\/conversesacatalunya.cat\/#website\",\"url\":\"https:\/\/conversesacatalunya.cat\/\",\"name\":\"Converses a Catalunya\",\"description\":\"\",\"potentialAction\":[{\"@type\":\"SearchAction\",\"target\":{\"@type\":\"EntryPoint\",\"urlTemplate\":\"https:\/\/conversesacatalunya.cat\/?s={search_term_string}\"},\"query-input\":{\"@type\":\"PropertyValueSpecification\",\"valueRequired\":true,\"valueName\":\"search_term_string\"}}],\"inLanguage\":\"es\"},{\"@type\":\"Person\",\"@id\":\"https:\/\/conversesacatalunya.cat\/#\/schema\/person\/a7a9496a363cd9847daf7cd659d92e64\",\"name\":\"conversesacatalunya\",\"image\":{\"@type\":\"ImageObject\",\"inLanguage\":\"es\",\"@id\":\"https:\/\/conversesacatalunya.cat\/#\/schema\/person\/image\/\",\"url\":\"https:\/\/conversesacatalunya.cat\/wp-content\/litespeed\/avatar\/ff91582b44ff9c880dc9c5ac2f5c7e89.jpg?ver=1777372947\",\"contentUrl\":\"https:\/\/conversesacatalunya.cat\/wp-content\/litespeed\/avatar\/ff91582b44ff9c880dc9c5ac2f5c7e89.jpg?ver=1777372947\",\"caption\":\"conversesacatalunya\"},\"url\":\"https:\/\/conversesacatalunya.cat\/es\/author\/francisco_garcia\/\"}]}<\/script>\n<!-- \/ Yoast SEO plugin. -->","yoast_head_json":{"title":"Yolanda D\u00edaz promete una nueva subida del SMI - Converses a Catalunya","description":"La ministra de Trabajo, Yolanda D\u00edaz, ha prometido un aumento del Salario m\u00ednimo interprofesional (SMI) para esta legislatura","robots":{"index":"index","follow":"follow","max-snippet":"max-snippet:-1","max-image-preview":"max-image-preview:large","max-video-preview":"max-video-preview:-1"},"canonical":"https:\/\/conversesacatalunya.cat\/es\/yolanda-diaz-promete-una-nueva-subida-del-smi\/","og_locale":"es_ES","og_type":"article","og_title":"Yolanda D\u00edaz promete una nueva subida del SMI - Converses a Catalunya","og_description":"La ministra de Trabajo, Yolanda D\u00edaz, ha prometido un aumento del Salario m\u00ednimo interprofesional (SMI) para esta legislatura","og_url":"https:\/\/conversesacatalunya.cat\/es\/yolanda-diaz-promete-una-nueva-subida-del-smi\/","og_site_name":"Converses a Catalunya","article_published_time":"2021-03-26T05:17:55+00:00","article_modified_time":"2021-03-26T09:34:09+00:00","og_image":[{"width":971,"height":702,"url":"https:\/\/conversesacatalunya.cat\/wp-content\/uploads\/2021\/03\/Capture-9.png","type":"image\/png"}],"author":"conversesacatalunya","twitter_card":"summary_large_image","twitter_misc":{"Escrito por":"conversesacatalunya","Tiempo de lectura":"2 minutos"},"schema":{"@context":"https:\/\/schema.org","@graph":[{"@type":"Article","@id":"https:\/\/conversesacatalunya.cat\/es\/yolanda-diaz-promete-una-nueva-subida-del-smi\/#article","isPartOf":{"@id":"https:\/\/conversesacatalunya.cat\/es\/yolanda-diaz-promete-una-nueva-subida-del-smi\/"},"author":{"name":"conversesacatalunya","@id":"https:\/\/conversesacatalunya.cat\/#\/schema\/person\/a7a9496a363cd9847daf7cd659d92e64"},"headline":"Yolanda D\u00edaz promete una nueva subida del SMI","datePublished":"2021-03-26T05:17:55+00:00","dateModified":"2021-03-26T09:34:09+00:00","mainEntityOfPage":{"@id":"https:\/\/conversesacatalunya.cat\/es\/yolanda-diaz-promete-una-nueva-subida-del-smi\/"},"wordCount":383,"commentCount":0,"image":{"@id":"https:\/\/conversesacatalunya.cat\/es\/yolanda-diaz-promete-una-nueva-subida-del-smi\/#primaryimage"},"thumbnailUrl":"https:\/\/conversesacatalunya.cat\/wp-content\/uploads\/2021\/03\/Capture-9.png","keywords":["SMI","Yolanda D\u00edaz"],"articleSection":["Punts clau del dia (ES)"],"inLanguage":"es","potentialAction":[{"@type":"CommentAction","name":"Comment","target":["https:\/\/conversesacatalunya.cat\/es\/yolanda-diaz-promete-una-nueva-subida-del-smi\/#respond"]}]},{"@type":"WebPage","@id":"https:\/\/conversesacatalunya.cat\/es\/yolanda-diaz-promete-una-nueva-subida-del-smi\/","url":"https:\/\/conversesacatalunya.cat\/es\/yolanda-diaz-promete-una-nueva-subida-del-smi\/","name":"Yolanda D\u00edaz promete una nueva subida del SMI - Converses a Catalunya","isPartOf":{"@id":"https:\/\/conversesacatalunya.cat\/#website"},"primaryImageOfPage":{"@id":"https:\/\/conversesacatalunya.cat\/es\/yolanda-diaz-promete-una-nueva-subida-del-smi\/#primaryimage"},"image":{"@id":"https:\/\/conversesacatalunya.cat\/es\/yolanda-diaz-promete-una-nueva-subida-del-smi\/#primaryimage"},"thumbnailUrl":"https:\/\/conversesacatalunya.cat\/wp-content\/uploads\/2021\/03\/Capture-9.png","datePublished":"2021-03-26T05:17:55+00:00","dateModified":"2021-03-26T09:34:09+00:00","author":{"@id":"https:\/\/conversesacatalunya.cat\/#\/schema\/person\/a7a9496a363cd9847daf7cd659d92e64"},"description":"La ministra de Trabajo, Yolanda D\u00edaz, ha prometido un aumento del Salario m\u00ednimo interprofesional (SMI) para esta legislatura","breadcrumb":{"@id":"https:\/\/conversesacatalunya.cat\/es\/yolanda-diaz-promete-una-nueva-subida-del-smi\/#breadcrumb"},"inLanguage":"es","potentialAction":[{"@type":"ReadAction","target":["https:\/\/conversesacatalunya.cat\/es\/yolanda-diaz-promete-una-nueva-subida-del-smi\/"]}]},{"@type":"ImageObject","inLanguage":"es","@id":"https:\/\/conversesacatalunya.cat\/es\/yolanda-diaz-promete-una-nueva-subida-del-smi\/#primaryimage","url":"https:\/\/conversesacatalunya.cat\/wp-content\/uploads\/2021\/03\/Capture-9.png","contentUrl":"https:\/\/conversesacatalunya.cat\/wp-content\/uploads\/2021\/03\/Capture-9.png","width":971,"height":702,"caption":"Yolanda D\u00edaz"},{"@type":"BreadcrumbList","@id":"https:\/\/conversesacatalunya.cat\/es\/yolanda-diaz-promete-una-nueva-subida-del-smi\/#breadcrumb","itemListElement":[{"@type":"ListItem","position":1,"name":"Inici","item":"https:\/\/conversesacatalunya.cat\/es\/"},{"@type":"ListItem","position":2,"name":"Yolanda D\u00edaz promete una nueva subida del SMI"}]},{"@type":"WebSite","@id":"https:\/\/conversesacatalunya.cat\/#website","url":"https:\/\/conversesacatalunya.cat\/","name":"Converses a Catalunya","description":"","potentialAction":[{"@type":"SearchAction","target":{"@type":"EntryPoint","urlTemplate":"https:\/\/conversesacatalunya.cat\/?s={search_term_string}"},"query-input":{"@type":"PropertyValueSpecification","valueRequired":true,"valueName":"search_term_string"}}],"inLanguage":"es"},{"@type":"Person","@id":"https:\/\/conversesacatalunya.cat\/#\/schema\/person\/a7a9496a363cd9847daf7cd659d92e64","name":"conversesacatalunya","image":{"@type":"ImageObject","inLanguage":"es","@id":"https:\/\/conversesacatalunya.cat\/#\/schema\/person\/image\/","url":"https:\/\/conversesacatalunya.cat\/wp-content\/litespeed\/avatar\/ff91582b44ff9c880dc9c5ac2f5c7e89.jpg?ver=1777372947","contentUrl":"https:\/\/conversesacatalunya.cat\/wp-content\/litespeed\/avatar\/ff91582b44ff9c880dc9c5ac2f5c7e89.jpg?ver=1777372947","caption":"conversesacatalunya"},"url":"https:\/\/conversesacatalunya.cat\/es\/author\/francisco_garcia\/"}]}},"wps_subtitle":"La ministra de Trabajo, Yolanda D\u00edaz, ha prometido un aumento del Salario m\u00ednimo interprofesional (SMI) para esta legislatura","_links":{"self":[{"href":"https:\/\/conversesacatalunya.cat\/es\/wp-json\/wp\/v2\/posts\/46438","targetHints":{"allow":["GET"]}}],"collection":[{"href":"https:\/\/conversesacatalunya.cat\/es\/wp-json\/wp\/v2\/posts"}],"about":[{"href":"https:\/\/conversesacatalunya.cat\/es\/wp-json\/wp\/v2\/types\/post"}],"author":[{"embeddable":true,"href":"https:\/\/conversesacatalunya.cat\/es\/wp-json\/wp\/v2\/users\/20"}],"replies":[{"embeddable":true,"href":"https:\/\/conversesacatalunya.cat\/es\/wp-json\/wp\/v2\/comments?post=46438"}],"version-history":[{"count":2,"href":"https:\/\/conversesacatalunya.cat\/es\/wp-json\/wp\/v2\/posts\/46438\/revisions"}],"predecessor-version":[{"id":46440,"href":"https:\/\/conversesacatalunya.cat\/es\/wp-json\/wp\/v2\/posts\/46438\/revisions\/46440"}],"wp:featuredmedia":[{"embeddable":true,"href":"https:\/\/conversesacatalunya.cat\/es\/wp-json\/wp\/v2\/media\/46377"}],"wp:attachment":[{"href":"https:\/\/conversesacatalunya.cat\/es\/wp-json\/wp\/v2\/media?parent=46438"}],"wp:term":[{"taxonomy":"category","embeddable":true,"href":"https:\/\/conversesacatalunya.cat\/es\/wp-json\/wp\/v2\/categories?post=46438"},{"taxonomy":"post_tag","embeddable":true,"href":"https:\/\/conversesacatalunya.cat\/es\/wp-json\/wp\/v2\/tags?post=46438"}],"curies":[{"name":"wp","href":"https:\/\/api.w.org\/{rel}","templated":true}]}}