{"id":46351,"date":"2021-03-23T13:45:34","date_gmt":"2021-03-23T12:45:34","guid":{"rendered":"https:\/\/conversesacatalunya.cat\/dues-greus-amenaces-planen-sobre-el-turisme-catalunya\/"},"modified":"2021-03-23T15:09:17","modified_gmt":"2021-03-23T14:09:17","slug":"dos-graves-amenazas-se-ciernen-sobre-el-turismo-cataluna","status":"publish","type":"post","link":"https:\/\/conversesacatalunya.cat\/es\/dos-graves-amenazas-se-ciernen-sobre-el-turismo-cataluna\/","title":{"rendered":"Dos graves amenazas se ciernen sobre el turismo catal\u00e1n"},"content":{"rendered":"<p><span>A pesar de nuestra condici\u00f3n de regi\u00f3n industrial europea, no nos enga\u00f1emos, <\/span><strong><span>Catalu\u00f1a es un pa\u00eds tur\u00edstico<\/span><\/strong><span>. Tanto es as\u00ed que algunas de las clasificaciones regionales europeas le otorgan este calificativo. Y no es para menos, en 2019 ingres\u00f3 por la v\u00eda de este sector m\u00e1s de 14.000 millones de euros. Es una cifra extraordinariamente alta por la dimensi\u00f3n del pa\u00eds. Supera a Canarias, con 2.000 millones, y a Baleares y Andaluc\u00eda, con 4.000. Pero es que adem\u00e1s, utilizando una comparativa internacional, es m\u00e1s del doble de lo que ingresa Marruecos por este concepto o la famosa Rep\u00fablica Dominicana, y una vez y media m\u00e1s de lo que alcanza otro para\u00edso tur\u00edstico como es Croacia. Por tanto, el turismo pesa, y pesa mucho.<\/span><\/p>\n<p><span>Pero eso no es todo.\u00a0Si bien es cierto que la demanda no ha dejado de crecer hasta la pandemia, y la masa econ\u00f3mica ha ido aumentando, la realidad es\u00a0<\/span><strong><span>que la rentabilidad y la productividad<\/span><\/strong><span>\u00a0ha ido disminuyendo, dando lugar a una degradaci\u00f3n de precios y salarios.\u00a0Esto hace, por ejemplo, que algunos de los municipios tur\u00edsticos que mueven m\u00e1s dinero de Catalu\u00f1a, como Lloret de Mar o Salou, sean al mismo tiempo los que\u00a0<\/span><strong><span>presentan una renta familiar m\u00e1s baja entre sus habitantes<\/span><\/strong><span>.\u00a0Se genera riqueza, pero no unos ingresos suficientes para los trabajadores que participan.<\/span><\/p>\n<p><span>Este hecho es muy evidente si se observa el ingreso medio diario por habitaci\u00f3n de toda la costa mediterr\u00e1nea, que es donde concentra el 70% del PIB tur\u00edstico, y las Islas Baleares y Canarias, considerando los\u00a0<\/span><strong><span>17 enclaves espec\u00edficos<\/span><\/strong><span>\u00a0en que se puede dividir todo este territorio, de los cuales 3 pertenecen a las Islas Baleares y 4 en Canarias. Los ingresos de la\u00a0<\/span><strong><span>Costa Dorada y la Costa Brava<\/span><\/strong><span>, que son las dos grandes territorios de este listado, se sit\u00faan respectivamente en el <\/span><strong><span>lugar 9\u00ba<\/span><\/strong><span>\u00a0en el caso de la primera y el\u00a0<\/span><strong><span>13 en cuanto a la Costa Brava<\/span><\/strong><span>\u00a0.<\/span><\/p>\n<p><span>Por lo tanto, los ingresos no s\u00f3lo quedan muy por debajo de los de las islas, sino que tambi\u00e9n registran, sobre todo en el caso de la Costa Brava, resultados inferiores a los otros puntos de la costa mediterr\u00e1nea, como la Costa del Azahar, Costa Blanca, la Costa de la Luz (C\u00e1diz) y la Costa de la Luz (Huelva).<\/span><\/p>\n<p><span>Por lo tanto, antes de la crisis de demanda, hab\u00eda un\u00a0<\/span><strong><span>problema estructural<\/span><\/strong><span>\u00a0que de una manera o de otra se deber\u00eda haber abordado.\u00a0Ahora de cara al futuro, este problema persiste.\u00a0No se mejora la rentabilidad, al contrario, pero adem\u00e1s no est\u00e1 claro cu\u00e1ndo\u00a0<\/span><strong><span>se podr\u00e1 recuperar la normalidad<\/span><\/strong><span>, entendiendo como tal ingresar los citados 14.000 millones de euros del 2019. Ni siquiera est\u00e1 asegurado que este objetivo tenga un horizonte previsible de cumplimiento.<\/span><\/p>\n<p><span>La dimensi\u00f3n del problema, por lo tanto, es notable porque combina la necesidad de la cantidad con una transformaci\u00f3n cualitativa del sector. Claro que es cierto que las reformas importantes se hacen en periodos cr\u00edticos, pero no est\u00e1 nada claro que esto est\u00e9 sobre la mesa. De momento el gobierno catal\u00e1n es un invitado de piedra ante esta situaci\u00f3n que urge abordar. Y no s\u00f3lo eso, sino que las previsiones del\u00a0<\/span><strong><span>departamento de Salud<\/span><\/strong><span>\u00a0se\u00f1alan un verano tur\u00edstico dif\u00edcil porque en la \u00faltima comparecencia de la consellera,\u00a0<\/span><strong><span>Alba Verg\u00e9s<\/span><\/strong><span> enfatiz\u00f3 en t\u00e9rminos de \u00e9xito que a finales de junio se <\/span><strong><span>habr\u00eda vacunado al 30% de la poblaci\u00f3n<\/span><\/strong><span>. En estas condiciones y con la variante brit\u00e1nica y otras mutaciones circulando por el territorio no parece factible una normalizaci\u00f3n del verano.<\/span><\/p>\n<p><span>Este hecho complica la recuperaci\u00f3n econ\u00f3mica de Catalu\u00f1a, porque castiga a dos de sus frentes fundamentales. Uno, el litoral mediterr\u00e1neo, y el otro la ciudad de Barcelona que ha convertido parte de sus barrios en un agujero negro, a consecuencia de la desaparici\u00f3n de los visitantes extranjeros. No es para menos, Barcelona encabeza el ranking de destinos espa\u00f1oles y alcanz\u00f3 21,4 millones en 2019. Este n\u00famero de pernoctaciones equivalen a una poblaci\u00f3n fija durante todo el a\u00f1o de unas 60.000 personas, y en t\u00e9rminos de gasto por persona, dada la renta per c\u00e1pita de la ciudad, equivale a una cifra que se sit\u00faa cerca <\/span><strong><span>de los 100.000 habitantes<\/span><\/strong><span>.<\/span><\/p>\n<p><span>Esta magnitud da una idea del golpe que recibe la ciudad.\u00a0Es como si un distrito entero de la Ciudad hubiera desaparecido.\u00a0Madrid le sigue con 20,7 de pernoctaciones. El resto de poblaciones est\u00e1n a a\u00f1os luz de aquellas cifras.\u00a0La ventaja de Madrid es que como ha mantenido un nivel de apertura de establecimientos mucho m\u00e1s amplio que Barcelona, \u200b\u200bsu recuperaci\u00f3n tur\u00edstica es m\u00e1s evidente.<\/span><\/p>\n<div id=\"polls-97\" class=\"wp-polls\">\n\t<form id=\"polls_form_97\" class=\"wp-polls-form\" action=\"\/index.php\" method=\"post\">\n\t\t<p style=\"display: none;\"><input type=\"hidden\" id=\"poll_97_nonce\" name=\"wp-polls-nonce\" value=\"083e92d094\" \/><\/p>\n\t\t<p style=\"display: none;\"><input type=\"hidden\" name=\"poll_id\" value=\"97\" \/><\/p>\n\t\t<p style=\"text-align: center\"><strong>\u00c9s necessari un nou partit de centre catalanista?<\/strong><\/p><div id=\"polls-97-ans\" class=\"wp-polls-ans\"><ul class=\"wp-polls-ul\">\n\t\t<li><input type=\"radio\" id=\"poll-answer-227\" name=\"poll_97\" value=\"227\" \/> <label for=\"poll-answer-227\">Si<\/label><\/li>\n\t\t<li><input type=\"radio\" id=\"poll-answer-228\" name=\"poll_97\" value=\"228\" \/> <label for=\"poll-answer-228\">No<\/label><\/li>\n\t\t<\/ul><p style=\"text-align: center\"><input type=\"button\" name=\"vote\" value=\"   Vota   \" class=\"Buttons\" onclick=\"poll_vote(97);\" \/><\/p><p style=\"text-align: center\"><a href=\"#ViewPollResults\" onclick=\"poll_result(97); return false;\" title=\"View Results Of This Poll\">Mira els resultats<\/a><\/p><\/div>\n\t<\/form>\n<\/div>\n<div id=\"polls-97-loading\" class=\"wp-polls-loading\"><img decoding=\"async\" data-src=\"https:\/\/conversesacatalunya.cat\/wp-content\/plugins\/wp-polls\/images\/loading.gif\" width=\"16\" height=\"16\" alt=\"Cargando ...\" title=\"Cargando ...\" class=\"wp-polls-image lazyload\" src=\"data:image\/svg+xml;base64,PHN2ZyB3aWR0aD0iMSIgaGVpZ2h0PSIxIiB4bWxucz0iaHR0cDovL3d3dy53My5vcmcvMjAwMC9zdmciPjwvc3ZnPg==\" style=\"--smush-placeholder-width: 16px; --smush-placeholder-aspect-ratio: 16\/16;\" \/>&nbsp;Cargando ...<\/div>\n\n","protected":false},"excerpt":{"rendered":"<p>A pesar de nuestra condici\u00f3n de regi\u00f3n industrial europea, no nos enga\u00f1emos, Catalu\u00f1a es un pa\u00eds tur\u00edstico. Tanto es as\u00ed que algunas de las clasificaciones regionales europeas le otorgan este calificativo. Y no es para menos, en 2019 ingres\u00f3 por la v\u00eda de este sector m\u00e1s de 14.000 millones de euros. Es una cifra extraordinariamente alta por la dimensi\u00f3n del pa\u00eds. Supera a Canarias, con 2.000 millones, y a Baleares y Andaluc\u00eda, con 4.000. Pero es que adem\u00e1s, utilizando una comparativa internacional, es m\u00e1s del doble de lo que ingresa Marruecos por este concepto o la famosa Rep\u00fablica Dominicana, y una vez y media m\u00e1s de lo que alcanza otro para\u00edso tur\u00edstico como es Croacia. Por tanto, el turismo pesa, y pesa mucho. Pero eso no es todo.\u00a0Si bien es cierto que la demanda no ha dejado de crecer hasta la pandemia, y la masa econ\u00f3mica ha ido aumentando, la realidad es\u00a0que la rentabilidad y la productividad\u00a0ha ido disminuyendo, dando lugar a una degradaci\u00f3n de precios y salarios.\u00a0Esto hace, por ejemplo, que algunos de los municipios tur\u00edsticos que mueven m\u00e1s dinero de Catalu\u00f1a, como Lloret de Mar o Salou, sean al mismo tiempo los que\u00a0presentan una renta familiar m\u00e1s baja entre sus habitantes.\u00a0Se genera riqueza, pero no unos ingresos suficientes para los trabajadores que participan. Este hecho es muy evidente si se observa el ingreso medio diario por habitaci\u00f3n de toda la costa mediterr\u00e1nea, que es donde concentra el 70% del PIB tur\u00edstico, y las Islas Baleares y Canarias, considerando los\u00a017 enclaves espec\u00edficos\u00a0en que se puede dividir todo este territorio, de los cuales 3 pertenecen a las Islas Baleares y 4 en Canarias. Los ingresos de la\u00a0Costa Dorada y la Costa Brava, que son las dos grandes territorios de este listado, se sit\u00faan respectivamente en el lugar 9\u00ba\u00a0en el caso de la primera y el\u00a013 en cuanto a la Costa Brava\u00a0. Por lo tanto, los ingresos no s\u00f3lo quedan muy por debajo de los de las islas, sino que tambi\u00e9n registran, sobre todo en el caso de la Costa Brava, resultados inferiores a los otros puntos de la costa mediterr\u00e1nea, como la Costa del Azahar, Costa Blanca, la Costa de la Luz (C\u00e1diz) y la Costa de la Luz (Huelva). Por lo tanto, antes de la crisis de demanda, hab\u00eda un\u00a0problema estructural\u00a0que de una manera o de otra se deber\u00eda haber abordado.\u00a0Ahora de cara al futuro, este problema persiste.\u00a0No se mejora la rentabilidad, al contrario, pero adem\u00e1s no est\u00e1 claro cu\u00e1ndo\u00a0se podr\u00e1 recuperar la normalidad, entendiendo como tal ingresar los citados 14.000 millones de euros del 2019. Ni siquiera est\u00e1 asegurado que este objetivo tenga un horizonte previsible de cumplimiento. La dimensi\u00f3n del problema, por lo tanto, es notable porque combina la necesidad de la cantidad con una transformaci\u00f3n cualitativa del sector. Claro que es cierto que las reformas importantes se hacen en periodos cr\u00edticos, pero no est\u00e1 nada claro que esto est\u00e9 sobre la mesa. De momento el gobierno catal\u00e1n es un invitado de piedra ante esta situaci\u00f3n que urge abordar. Y no s\u00f3lo eso, sino que las previsiones del\u00a0departamento de Salud\u00a0se\u00f1alan un verano tur\u00edstico dif\u00edcil porque en la \u00faltima comparecencia de la consellera,\u00a0Alba Verg\u00e9s enfatiz\u00f3 en t\u00e9rminos de \u00e9xito que a finales de junio se habr\u00eda vacunado al 30% de la poblaci\u00f3n. En estas condiciones y con la variante brit\u00e1nica y otras mutaciones circulando por el territorio no parece factible una normalizaci\u00f3n del verano. Este hecho complica la recuperaci\u00f3n econ\u00f3mica de Catalu\u00f1a, porque castiga a dos de sus frentes fundamentales. Uno, el litoral mediterr\u00e1neo, y el otro la ciudad de Barcelona que ha convertido parte de sus barrios en un agujero negro, a consecuencia de la desaparici\u00f3n de los visitantes extranjeros. No es para menos, Barcelona encabeza el ranking de destinos espa\u00f1oles y alcanz\u00f3 21,4 millones en 2019. Este n\u00famero de pernoctaciones equivalen a una poblaci\u00f3n fija durante todo el a\u00f1o de unas 60.000 personas, y en t\u00e9rminos de gasto por persona, dada la renta per c\u00e1pita de la ciudad, equivale a una cifra que se sit\u00faa cerca de los 100.000 habitantes. Esta magnitud da una idea del golpe que recibe la ciudad.\u00a0Es como si un distrito entero de la Ciudad hubiera desaparecido.\u00a0Madrid le sigue con 20,7 de pernoctaciones. El resto de poblaciones est\u00e1n a a\u00f1os luz de aquellas cifras.\u00a0La ventaja de Madrid es que como ha mantenido un nivel de apertura de establecimientos mucho m\u00e1s amplio que Barcelona, \u200b\u200bsu recuperaci\u00f3n tur\u00edstica es m\u00e1s evidente.<\/p>\n","protected":false},"author":2,"featured_media":46348,"comment_status":"open","ping_status":"open","sticky":false,"template":"","format":"standard","meta":{"_FSMCFIC_featured_image_caption":"","_FSMCFIC_featured_image_nocaption":"","_FSMCFIC_featured_image_hide":"","footnotes":""},"categories":[1772,806],"tags":[3006,2231],"class_list":["post-46351","post","type-post","status-publish","format-standard","has-post-thumbnail","hentry","category-especial-coronavirus-es","category-punts-claus-del-dia-es","tag-crisis-coronavirus","tag-turismo"],"yoast_head":"<!-- This site is optimized with the Yoast SEO plugin v26.8 - https:\/\/yoast.com\/product\/yoast-seo-wordpress\/ -->\n<title>Dos graves amenazas se ciernen sobre el turismo catal\u00e1n - Converses a Catalunya<\/title>\n<meta name=\"robots\" content=\"index, follow, max-snippet:-1, max-image-preview:large, max-video-preview:-1\" \/>\n<link rel=\"canonical\" href=\"https:\/\/conversesacatalunya.cat\/es\/dos-graves-amenazas-se-ciernen-sobre-el-turismo-cataluna\/\" \/>\n<meta property=\"og:locale\" content=\"es_ES\" \/>\n<meta property=\"og:type\" content=\"article\" \/>\n<meta property=\"og:title\" content=\"Dos graves amenazas se ciernen sobre el turismo catal\u00e1n - Converses a Catalunya\" \/>\n<meta property=\"og:description\" content=\"A pesar de nuestra condici\u00f3n de regi\u00f3n industrial europea, no nos enga\u00f1emos, Catalu\u00f1a es un pa\u00eds tur\u00edstico. Tanto es as\u00ed que algunas de las clasificaciones regionales europeas le otorgan este calificativo. Y no es para menos, en 2019 ingres\u00f3 por la v\u00eda de este sector m\u00e1s de 14.000 millones de euros. Es una cifra extraordinariamente alta por la dimensi\u00f3n del pa\u00eds. Supera a Canarias, con 2.000 millones, y a Baleares y Andaluc\u00eda, con 4.000. Pero es que adem\u00e1s, utilizando una comparativa internacional, es m\u00e1s del doble de lo que ingresa Marruecos por este concepto o la famosa Rep\u00fablica Dominicana, y una vez y media m\u00e1s de lo que alcanza otro para\u00edso tur\u00edstico como es Croacia. Por tanto, el turismo pesa, y pesa mucho. Pero eso no es todo.\u00a0Si bien es cierto que la demanda no ha dejado de crecer hasta la pandemia, y la masa econ\u00f3mica ha ido aumentando, la realidad es\u00a0que la rentabilidad y la productividad\u00a0ha ido disminuyendo, dando lugar a una degradaci\u00f3n de precios y salarios.\u00a0Esto hace, por ejemplo, que algunos de los municipios tur\u00edsticos que mueven m\u00e1s dinero de Catalu\u00f1a, como Lloret de Mar o Salou, sean al mismo tiempo los que\u00a0presentan una renta familiar m\u00e1s baja entre sus habitantes.\u00a0Se genera riqueza, pero no unos ingresos suficientes para los trabajadores que participan. Este hecho es muy evidente si se observa el ingreso medio diario por habitaci\u00f3n de toda la costa mediterr\u00e1nea, que es donde concentra el 70% del PIB tur\u00edstico, y las Islas Baleares y Canarias, considerando los\u00a017 enclaves espec\u00edficos\u00a0en que se puede dividir todo este territorio, de los cuales 3 pertenecen a las Islas Baleares y 4 en Canarias. Los ingresos de la\u00a0Costa Dorada y la Costa Brava, que son las dos grandes territorios de este listado, se sit\u00faan respectivamente en el lugar 9\u00ba\u00a0en el caso de la primera y el\u00a013 en cuanto a la Costa Brava\u00a0. Por lo tanto, los ingresos no s\u00f3lo quedan muy por debajo de los de las islas, sino que tambi\u00e9n registran, sobre todo en el caso de la Costa Brava, resultados inferiores a los otros puntos de la costa mediterr\u00e1nea, como la Costa del Azahar, Costa Blanca, la Costa de la Luz (C\u00e1diz) y la Costa de la Luz (Huelva). Por lo tanto, antes de la crisis de demanda, hab\u00eda un\u00a0problema estructural\u00a0que de una manera o de otra se deber\u00eda haber abordado.\u00a0Ahora de cara al futuro, este problema persiste.\u00a0No se mejora la rentabilidad, al contrario, pero adem\u00e1s no est\u00e1 claro cu\u00e1ndo\u00a0se podr\u00e1 recuperar la normalidad, entendiendo como tal ingresar los citados 14.000 millones de euros del 2019. Ni siquiera est\u00e1 asegurado que este objetivo tenga un horizonte previsible de cumplimiento. La dimensi\u00f3n del problema, por lo tanto, es notable porque combina la necesidad de la cantidad con una transformaci\u00f3n cualitativa del sector. Claro que es cierto que las reformas importantes se hacen en periodos cr\u00edticos, pero no est\u00e1 nada claro que esto est\u00e9 sobre la mesa. De momento el gobierno catal\u00e1n es un invitado de piedra ante esta situaci\u00f3n que urge abordar. Y no s\u00f3lo eso, sino que las previsiones del\u00a0departamento de Salud\u00a0se\u00f1alan un verano tur\u00edstico dif\u00edcil porque en la \u00faltima comparecencia de la consellera,\u00a0Alba Verg\u00e9s enfatiz\u00f3 en t\u00e9rminos de \u00e9xito que a finales de junio se habr\u00eda vacunado al 30% de la poblaci\u00f3n. En estas condiciones y con la variante brit\u00e1nica y otras mutaciones circulando por el territorio no parece factible una normalizaci\u00f3n del verano. Este hecho complica la recuperaci\u00f3n econ\u00f3mica de Catalu\u00f1a, porque castiga a dos de sus frentes fundamentales. Uno, el litoral mediterr\u00e1neo, y el otro la ciudad de Barcelona que ha convertido parte de sus barrios en un agujero negro, a consecuencia de la desaparici\u00f3n de los visitantes extranjeros. No es para menos, Barcelona encabeza el ranking de destinos espa\u00f1oles y alcanz\u00f3 21,4 millones en 2019. Este n\u00famero de pernoctaciones equivalen a una poblaci\u00f3n fija durante todo el a\u00f1o de unas 60.000 personas, y en t\u00e9rminos de gasto por persona, dada la renta per c\u00e1pita de la ciudad, equivale a una cifra que se sit\u00faa cerca de los 100.000 habitantes. Esta magnitud da una idea del golpe que recibe la ciudad.\u00a0Es como si un distrito entero de la Ciudad hubiera desaparecido.\u00a0Madrid le sigue con 20,7 de pernoctaciones. El resto de poblaciones est\u00e1n a a\u00f1os luz de aquellas cifras.\u00a0La ventaja de Madrid es que como ha mantenido un nivel de apertura de establecimientos mucho m\u00e1s amplio que Barcelona, \u200b\u200bsu recuperaci\u00f3n tur\u00edstica es m\u00e1s evidente.\" \/>\n<meta property=\"og:url\" content=\"https:\/\/conversesacatalunya.cat\/es\/dos-graves-amenazas-se-ciernen-sobre-el-turismo-cataluna\/\" \/>\n<meta property=\"og:site_name\" content=\"Converses a Catalunya\" \/>\n<meta property=\"article:published_time\" content=\"2021-03-23T12:45:34+00:00\" \/>\n<meta property=\"article:modified_time\" content=\"2021-03-23T14:09:17+00:00\" \/>\n<meta property=\"og:image\" content=\"https:\/\/conversesacatalunya.cat\/wp-content\/uploads\/2021\/03\/Vistes-Cadaque\u0301s.jpg\" \/>\n\t<meta property=\"og:image:width\" content=\"870\" \/>\n\t<meta property=\"og:image:height\" content=\"560\" \/>\n\t<meta property=\"og:image:type\" content=\"image\/jpeg\" \/>\n<meta name=\"author\" content=\"conversesacatalunya\" \/>\n<meta name=\"twitter:card\" content=\"summary_large_image\" \/>\n<meta name=\"twitter:label1\" content=\"Escrito por\" \/>\n\t<meta name=\"twitter:data1\" content=\"conversesacatalunya\" \/>\n\t<meta name=\"twitter:label2\" content=\"Tiempo de lectura\" \/>\n\t<meta name=\"twitter:data2\" content=\"4 minutos\" \/>\n<script type=\"application\/ld+json\" class=\"yoast-schema-graph\">{\"@context\":\"https:\/\/schema.org\",\"@graph\":[{\"@type\":\"Article\",\"@id\":\"https:\/\/conversesacatalunya.cat\/es\/dos-graves-amenazas-se-ciernen-sobre-el-turismo-cataluna\/#article\",\"isPartOf\":{\"@id\":\"https:\/\/conversesacatalunya.cat\/es\/dos-graves-amenazas-se-ciernen-sobre-el-turismo-cataluna\/\"},\"author\":{\"name\":\"conversesacatalunya\",\"@id\":\"https:\/\/conversesacatalunya.cat\/#\/schema\/person\/7e24d1e54a2785373ddcb275eae5ed99\"},\"headline\":\"Dos graves amenazas se ciernen sobre el turismo catal\u00e1n\",\"datePublished\":\"2021-03-23T12:45:34+00:00\",\"dateModified\":\"2021-03-23T14:09:17+00:00\",\"mainEntityOfPage\":{\"@id\":\"https:\/\/conversesacatalunya.cat\/es\/dos-graves-amenazas-se-ciernen-sobre-el-turismo-cataluna\/\"},\"wordCount\":822,\"commentCount\":0,\"image\":{\"@id\":\"https:\/\/conversesacatalunya.cat\/es\/dos-graves-amenazas-se-ciernen-sobre-el-turismo-cataluna\/#primaryimage\"},\"thumbnailUrl\":\"https:\/\/conversesacatalunya.cat\/wp-content\/uploads\/2021\/03\/Vistes-Cadaque\u0301s.jpg\",\"keywords\":[\"crisis coronavirus\",\"Turismo\"],\"articleSection\":[\"Especial Coronavirus (ES)\",\"Punts clau del dia (ES)\"],\"inLanguage\":\"es\",\"potentialAction\":[{\"@type\":\"CommentAction\",\"name\":\"Comment\",\"target\":[\"https:\/\/conversesacatalunya.cat\/es\/dos-graves-amenazas-se-ciernen-sobre-el-turismo-cataluna\/#respond\"]}]},{\"@type\":\"WebPage\",\"@id\":\"https:\/\/conversesacatalunya.cat\/es\/dos-graves-amenazas-se-ciernen-sobre-el-turismo-cataluna\/\",\"url\":\"https:\/\/conversesacatalunya.cat\/es\/dos-graves-amenazas-se-ciernen-sobre-el-turismo-cataluna\/\",\"name\":\"Dos graves amenazas se ciernen sobre el turismo catal\u00e1n - Converses a Catalunya\",\"isPartOf\":{\"@id\":\"https:\/\/conversesacatalunya.cat\/#website\"},\"primaryImageOfPage\":{\"@id\":\"https:\/\/conversesacatalunya.cat\/es\/dos-graves-amenazas-se-ciernen-sobre-el-turismo-cataluna\/#primaryimage\"},\"image\":{\"@id\":\"https:\/\/conversesacatalunya.cat\/es\/dos-graves-amenazas-se-ciernen-sobre-el-turismo-cataluna\/#primaryimage\"},\"thumbnailUrl\":\"https:\/\/conversesacatalunya.cat\/wp-content\/uploads\/2021\/03\/Vistes-Cadaque\u0301s.jpg\",\"datePublished\":\"2021-03-23T12:45:34+00:00\",\"dateModified\":\"2021-03-23T14:09:17+00:00\",\"author\":{\"@id\":\"https:\/\/conversesacatalunya.cat\/#\/schema\/person\/7e24d1e54a2785373ddcb275eae5ed99\"},\"breadcrumb\":{\"@id\":\"https:\/\/conversesacatalunya.cat\/es\/dos-graves-amenazas-se-ciernen-sobre-el-turismo-cataluna\/#breadcrumb\"},\"inLanguage\":\"es\",\"potentialAction\":[{\"@type\":\"ReadAction\",\"target\":[\"https:\/\/conversesacatalunya.cat\/es\/dos-graves-amenazas-se-ciernen-sobre-el-turismo-cataluna\/\"]}]},{\"@type\":\"ImageObject\",\"inLanguage\":\"es\",\"@id\":\"https:\/\/conversesacatalunya.cat\/es\/dos-graves-amenazas-se-ciernen-sobre-el-turismo-cataluna\/#primaryimage\",\"url\":\"https:\/\/conversesacatalunya.cat\/wp-content\/uploads\/2021\/03\/Vistes-Cadaque\u0301s.jpg\",\"contentUrl\":\"https:\/\/conversesacatalunya.cat\/wp-content\/uploads\/2021\/03\/Vistes-Cadaque\u0301s.jpg\",\"width\":870,\"height\":560,\"caption\":\"Turisme Catalunya\"},{\"@type\":\"BreadcrumbList\",\"@id\":\"https:\/\/conversesacatalunya.cat\/es\/dos-graves-amenazas-se-ciernen-sobre-el-turismo-cataluna\/#breadcrumb\",\"itemListElement\":[{\"@type\":\"ListItem\",\"position\":1,\"name\":\"Inici\",\"item\":\"https:\/\/conversesacatalunya.cat\/es\/\"},{\"@type\":\"ListItem\",\"position\":2,\"name\":\"Dos graves amenazas se ciernen sobre el turismo catal\u00e1n\"}]},{\"@type\":\"WebSite\",\"@id\":\"https:\/\/conversesacatalunya.cat\/#website\",\"url\":\"https:\/\/conversesacatalunya.cat\/\",\"name\":\"Converses a Catalunya\",\"description\":\"\",\"potentialAction\":[{\"@type\":\"SearchAction\",\"target\":{\"@type\":\"EntryPoint\",\"urlTemplate\":\"https:\/\/conversesacatalunya.cat\/?s={search_term_string}\"},\"query-input\":{\"@type\":\"PropertyValueSpecification\",\"valueRequired\":true,\"valueName\":\"search_term_string\"}}],\"inLanguage\":\"es\"},{\"@type\":\"Person\",\"@id\":\"https:\/\/conversesacatalunya.cat\/#\/schema\/person\/7e24d1e54a2785373ddcb275eae5ed99\",\"name\":\"conversesacatalunya\",\"image\":{\"@type\":\"ImageObject\",\"inLanguage\":\"es\",\"@id\":\"https:\/\/conversesacatalunya.cat\/#\/schema\/person\/image\/\",\"url\":\"https:\/\/conversesacatalunya.cat\/wp-content\/litespeed\/avatar\/febdfeeec89d950f01c748045a981dd2.jpg?ver=1777314535\",\"contentUrl\":\"https:\/\/conversesacatalunya.cat\/wp-content\/litespeed\/avatar\/febdfeeec89d950f01c748045a981dd2.jpg?ver=1777314535\",\"caption\":\"conversesacatalunya\"},\"url\":\"https:\/\/conversesacatalunya.cat\/es\/author\/carme_catala\/\"}]}<\/script>\n<!-- \/ Yoast SEO plugin. -->","yoast_head_json":{"title":"Dos graves amenazas se ciernen sobre el turismo catal\u00e1n - Converses a Catalunya","robots":{"index":"index","follow":"follow","max-snippet":"max-snippet:-1","max-image-preview":"max-image-preview:large","max-video-preview":"max-video-preview:-1"},"canonical":"https:\/\/conversesacatalunya.cat\/es\/dos-graves-amenazas-se-ciernen-sobre-el-turismo-cataluna\/","og_locale":"es_ES","og_type":"article","og_title":"Dos graves amenazas se ciernen sobre el turismo catal\u00e1n - Converses a Catalunya","og_description":"A pesar de nuestra condici\u00f3n de regi\u00f3n industrial europea, no nos enga\u00f1emos, Catalu\u00f1a es un pa\u00eds tur\u00edstico. Tanto es as\u00ed que algunas de las clasificaciones regionales europeas le otorgan este calificativo. Y no es para menos, en 2019 ingres\u00f3 por la v\u00eda de este sector m\u00e1s de 14.000 millones de euros. Es una cifra extraordinariamente alta por la dimensi\u00f3n del pa\u00eds. Supera a Canarias, con 2.000 millones, y a Baleares y Andaluc\u00eda, con 4.000. Pero es que adem\u00e1s, utilizando una comparativa internacional, es m\u00e1s del doble de lo que ingresa Marruecos por este concepto o la famosa Rep\u00fablica Dominicana, y una vez y media m\u00e1s de lo que alcanza otro para\u00edso tur\u00edstico como es Croacia. Por tanto, el turismo pesa, y pesa mucho. Pero eso no es todo.\u00a0Si bien es cierto que la demanda no ha dejado de crecer hasta la pandemia, y la masa econ\u00f3mica ha ido aumentando, la realidad es\u00a0que la rentabilidad y la productividad\u00a0ha ido disminuyendo, dando lugar a una degradaci\u00f3n de precios y salarios.\u00a0Esto hace, por ejemplo, que algunos de los municipios tur\u00edsticos que mueven m\u00e1s dinero de Catalu\u00f1a, como Lloret de Mar o Salou, sean al mismo tiempo los que\u00a0presentan una renta familiar m\u00e1s baja entre sus habitantes.\u00a0Se genera riqueza, pero no unos ingresos suficientes para los trabajadores que participan. Este hecho es muy evidente si se observa el ingreso medio diario por habitaci\u00f3n de toda la costa mediterr\u00e1nea, que es donde concentra el 70% del PIB tur\u00edstico, y las Islas Baleares y Canarias, considerando los\u00a017 enclaves espec\u00edficos\u00a0en que se puede dividir todo este territorio, de los cuales 3 pertenecen a las Islas Baleares y 4 en Canarias. Los ingresos de la\u00a0Costa Dorada y la Costa Brava, que son las dos grandes territorios de este listado, se sit\u00faan respectivamente en el lugar 9\u00ba\u00a0en el caso de la primera y el\u00a013 en cuanto a la Costa Brava\u00a0. Por lo tanto, los ingresos no s\u00f3lo quedan muy por debajo de los de las islas, sino que tambi\u00e9n registran, sobre todo en el caso de la Costa Brava, resultados inferiores a los otros puntos de la costa mediterr\u00e1nea, como la Costa del Azahar, Costa Blanca, la Costa de la Luz (C\u00e1diz) y la Costa de la Luz (Huelva). Por lo tanto, antes de la crisis de demanda, hab\u00eda un\u00a0problema estructural\u00a0que de una manera o de otra se deber\u00eda haber abordado.\u00a0Ahora de cara al futuro, este problema persiste.\u00a0No se mejora la rentabilidad, al contrario, pero adem\u00e1s no est\u00e1 claro cu\u00e1ndo\u00a0se podr\u00e1 recuperar la normalidad, entendiendo como tal ingresar los citados 14.000 millones de euros del 2019. Ni siquiera est\u00e1 asegurado que este objetivo tenga un horizonte previsible de cumplimiento. La dimensi\u00f3n del problema, por lo tanto, es notable porque combina la necesidad de la cantidad con una transformaci\u00f3n cualitativa del sector. Claro que es cierto que las reformas importantes se hacen en periodos cr\u00edticos, pero no est\u00e1 nada claro que esto est\u00e9 sobre la mesa. De momento el gobierno catal\u00e1n es un invitado de piedra ante esta situaci\u00f3n que urge abordar. Y no s\u00f3lo eso, sino que las previsiones del\u00a0departamento de Salud\u00a0se\u00f1alan un verano tur\u00edstico dif\u00edcil porque en la \u00faltima comparecencia de la consellera,\u00a0Alba Verg\u00e9s enfatiz\u00f3 en t\u00e9rminos de \u00e9xito que a finales de junio se habr\u00eda vacunado al 30% de la poblaci\u00f3n. En estas condiciones y con la variante brit\u00e1nica y otras mutaciones circulando por el territorio no parece factible una normalizaci\u00f3n del verano. Este hecho complica la recuperaci\u00f3n econ\u00f3mica de Catalu\u00f1a, porque castiga a dos de sus frentes fundamentales. Uno, el litoral mediterr\u00e1neo, y el otro la ciudad de Barcelona que ha convertido parte de sus barrios en un agujero negro, a consecuencia de la desaparici\u00f3n de los visitantes extranjeros. No es para menos, Barcelona encabeza el ranking de destinos espa\u00f1oles y alcanz\u00f3 21,4 millones en 2019. Este n\u00famero de pernoctaciones equivalen a una poblaci\u00f3n fija durante todo el a\u00f1o de unas 60.000 personas, y en t\u00e9rminos de gasto por persona, dada la renta per c\u00e1pita de la ciudad, equivale a una cifra que se sit\u00faa cerca de los 100.000 habitantes. Esta magnitud da una idea del golpe que recibe la ciudad.\u00a0Es como si un distrito entero de la Ciudad hubiera desaparecido.\u00a0Madrid le sigue con 20,7 de pernoctaciones. El resto de poblaciones est\u00e1n a a\u00f1os luz de aquellas cifras.\u00a0La ventaja de Madrid es que como ha mantenido un nivel de apertura de establecimientos mucho m\u00e1s amplio que Barcelona, \u200b\u200bsu recuperaci\u00f3n tur\u00edstica es m\u00e1s evidente.","og_url":"https:\/\/conversesacatalunya.cat\/es\/dos-graves-amenazas-se-ciernen-sobre-el-turismo-cataluna\/","og_site_name":"Converses a Catalunya","article_published_time":"2021-03-23T12:45:34+00:00","article_modified_time":"2021-03-23T14:09:17+00:00","og_image":[{"width":870,"height":560,"url":"https:\/\/conversesacatalunya.cat\/wp-content\/uploads\/2021\/03\/Vistes-Cadaque\u0301s.jpg","type":"image\/jpeg"}],"author":"conversesacatalunya","twitter_card":"summary_large_image","twitter_misc":{"Escrito por":"conversesacatalunya","Tiempo de lectura":"4 minutos"},"schema":{"@context":"https:\/\/schema.org","@graph":[{"@type":"Article","@id":"https:\/\/conversesacatalunya.cat\/es\/dos-graves-amenazas-se-ciernen-sobre-el-turismo-cataluna\/#article","isPartOf":{"@id":"https:\/\/conversesacatalunya.cat\/es\/dos-graves-amenazas-se-ciernen-sobre-el-turismo-cataluna\/"},"author":{"name":"conversesacatalunya","@id":"https:\/\/conversesacatalunya.cat\/#\/schema\/person\/7e24d1e54a2785373ddcb275eae5ed99"},"headline":"Dos graves amenazas se ciernen sobre el turismo catal\u00e1n","datePublished":"2021-03-23T12:45:34+00:00","dateModified":"2021-03-23T14:09:17+00:00","mainEntityOfPage":{"@id":"https:\/\/conversesacatalunya.cat\/es\/dos-graves-amenazas-se-ciernen-sobre-el-turismo-cataluna\/"},"wordCount":822,"commentCount":0,"image":{"@id":"https:\/\/conversesacatalunya.cat\/es\/dos-graves-amenazas-se-ciernen-sobre-el-turismo-cataluna\/#primaryimage"},"thumbnailUrl":"https:\/\/conversesacatalunya.cat\/wp-content\/uploads\/2021\/03\/Vistes-Cadaque\u0301s.jpg","keywords":["crisis coronavirus","Turismo"],"articleSection":["Especial Coronavirus (ES)","Punts clau del dia (ES)"],"inLanguage":"es","potentialAction":[{"@type":"CommentAction","name":"Comment","target":["https:\/\/conversesacatalunya.cat\/es\/dos-graves-amenazas-se-ciernen-sobre-el-turismo-cataluna\/#respond"]}]},{"@type":"WebPage","@id":"https:\/\/conversesacatalunya.cat\/es\/dos-graves-amenazas-se-ciernen-sobre-el-turismo-cataluna\/","url":"https:\/\/conversesacatalunya.cat\/es\/dos-graves-amenazas-se-ciernen-sobre-el-turismo-cataluna\/","name":"Dos graves amenazas se ciernen sobre el turismo catal\u00e1n - Converses a Catalunya","isPartOf":{"@id":"https:\/\/conversesacatalunya.cat\/#website"},"primaryImageOfPage":{"@id":"https:\/\/conversesacatalunya.cat\/es\/dos-graves-amenazas-se-ciernen-sobre-el-turismo-cataluna\/#primaryimage"},"image":{"@id":"https:\/\/conversesacatalunya.cat\/es\/dos-graves-amenazas-se-ciernen-sobre-el-turismo-cataluna\/#primaryimage"},"thumbnailUrl":"https:\/\/conversesacatalunya.cat\/wp-content\/uploads\/2021\/03\/Vistes-Cadaque\u0301s.jpg","datePublished":"2021-03-23T12:45:34+00:00","dateModified":"2021-03-23T14:09:17+00:00","author":{"@id":"https:\/\/conversesacatalunya.cat\/#\/schema\/person\/7e24d1e54a2785373ddcb275eae5ed99"},"breadcrumb":{"@id":"https:\/\/conversesacatalunya.cat\/es\/dos-graves-amenazas-se-ciernen-sobre-el-turismo-cataluna\/#breadcrumb"},"inLanguage":"es","potentialAction":[{"@type":"ReadAction","target":["https:\/\/conversesacatalunya.cat\/es\/dos-graves-amenazas-se-ciernen-sobre-el-turismo-cataluna\/"]}]},{"@type":"ImageObject","inLanguage":"es","@id":"https:\/\/conversesacatalunya.cat\/es\/dos-graves-amenazas-se-ciernen-sobre-el-turismo-cataluna\/#primaryimage","url":"https:\/\/conversesacatalunya.cat\/wp-content\/uploads\/2021\/03\/Vistes-Cadaque\u0301s.jpg","contentUrl":"https:\/\/conversesacatalunya.cat\/wp-content\/uploads\/2021\/03\/Vistes-Cadaque\u0301s.jpg","width":870,"height":560,"caption":"Turisme Catalunya"},{"@type":"BreadcrumbList","@id":"https:\/\/conversesacatalunya.cat\/es\/dos-graves-amenazas-se-ciernen-sobre-el-turismo-cataluna\/#breadcrumb","itemListElement":[{"@type":"ListItem","position":1,"name":"Inici","item":"https:\/\/conversesacatalunya.cat\/es\/"},{"@type":"ListItem","position":2,"name":"Dos graves amenazas se ciernen sobre el turismo catal\u00e1n"}]},{"@type":"WebSite","@id":"https:\/\/conversesacatalunya.cat\/#website","url":"https:\/\/conversesacatalunya.cat\/","name":"Converses a Catalunya","description":"","potentialAction":[{"@type":"SearchAction","target":{"@type":"EntryPoint","urlTemplate":"https:\/\/conversesacatalunya.cat\/?s={search_term_string}"},"query-input":{"@type":"PropertyValueSpecification","valueRequired":true,"valueName":"search_term_string"}}],"inLanguage":"es"},{"@type":"Person","@id":"https:\/\/conversesacatalunya.cat\/#\/schema\/person\/7e24d1e54a2785373ddcb275eae5ed99","name":"conversesacatalunya","image":{"@type":"ImageObject","inLanguage":"es","@id":"https:\/\/conversesacatalunya.cat\/#\/schema\/person\/image\/","url":"https:\/\/conversesacatalunya.cat\/wp-content\/litespeed\/avatar\/febdfeeec89d950f01c748045a981dd2.jpg?ver=1777314535","contentUrl":"https:\/\/conversesacatalunya.cat\/wp-content\/litespeed\/avatar\/febdfeeec89d950f01c748045a981dd2.jpg?ver=1777314535","caption":"conversesacatalunya"},"url":"https:\/\/conversesacatalunya.cat\/es\/author\/carme_catala\/"}]}},"wps_subtitle":"","_links":{"self":[{"href":"https:\/\/conversesacatalunya.cat\/es\/wp-json\/wp\/v2\/posts\/46351","targetHints":{"allow":["GET"]}}],"collection":[{"href":"https:\/\/conversesacatalunya.cat\/es\/wp-json\/wp\/v2\/posts"}],"about":[{"href":"https:\/\/conversesacatalunya.cat\/es\/wp-json\/wp\/v2\/types\/post"}],"author":[{"embeddable":true,"href":"https:\/\/conversesacatalunya.cat\/es\/wp-json\/wp\/v2\/users\/2"}],"replies":[{"embeddable":true,"href":"https:\/\/conversesacatalunya.cat\/es\/wp-json\/wp\/v2\/comments?post=46351"}],"version-history":[{"count":2,"href":"https:\/\/conversesacatalunya.cat\/es\/wp-json\/wp\/v2\/posts\/46351\/revisions"}],"predecessor-version":[{"id":46354,"href":"https:\/\/conversesacatalunya.cat\/es\/wp-json\/wp\/v2\/posts\/46351\/revisions\/46354"}],"wp:featuredmedia":[{"embeddable":true,"href":"https:\/\/conversesacatalunya.cat\/es\/wp-json\/wp\/v2\/media\/46348"}],"wp:attachment":[{"href":"https:\/\/conversesacatalunya.cat\/es\/wp-json\/wp\/v2\/media?parent=46351"}],"wp:term":[{"taxonomy":"category","embeddable":true,"href":"https:\/\/conversesacatalunya.cat\/es\/wp-json\/wp\/v2\/categories?post=46351"},{"taxonomy":"post_tag","embeddable":true,"href":"https:\/\/conversesacatalunya.cat\/es\/wp-json\/wp\/v2\/tags?post=46351"}],"curies":[{"name":"wp","href":"https:\/\/api.w.org\/{rel}","templated":true}]}}