{"id":46326,"date":"2021-03-23T12:13:28","date_gmt":"2021-03-23T11:13:28","guid":{"rendered":"https:\/\/conversesacatalunya.cat\/resultats-de-lenquesta-2\/"},"modified":"2021-03-23T12:19:30","modified_gmt":"2021-03-23T11:19:30","slug":"resultados-encuesta-borras","status":"publish","type":"post","link":"https:\/\/conversesacatalunya.cat\/es\/resultados-encuesta-borras\/","title":{"rendered":"Resultados de la encuesta anterior: \u00bfCree que la nueva presidenta del Parlamento de Catalunya, Laura Borr\u00e0s, durar\u00e1 toda la legislatura?"},"content":{"rendered":"<p><span>En la encuesta anterior: \u00bfCree que la nueva presidenta del Parlamento de Catalunya, Laura Borr\u00e0s, durar\u00e1 toda la legislatura? <\/span><strong><span>Nuestros lectores han votado No un 81%, S\u00ed un 12% y No lo s\u00e9 un 7%.<\/span><\/strong><\/p>\n<p><span>Con estos resultados parece que una gran mayor\u00eda apuesta por que la Presidenta del Parlamento no llegue al final de la legislatura.<\/span><\/p>\n<p><span>Pero, la H. Sra.\u00a0<span class=\"goog-text-highlight\">Laura Borr\u00e0s, ya manifest\u00f3 ayer lunes, 22 de marzo, en el programa \u00abEls Matins\u00bb de TV3, que pudo escoger entre la vicepresidencia del gobierno y la presidencia del Parlamento y por tanto, \u00abNi me apartan ni me aparto\u00bb. <\/span>Tambi\u00e9n asegur\u00f3 que no est\u00e1 en sus manos la opci\u00f3n de cambiar o no cambiar el reglamento: \u00abNo he cometido ning\u00fan delito, no me siento interpelada por esta pol\u00e9mica\u00bb.<\/span><\/p>\n<p><span>Ahora abrir\u00e1 una ronda de consultas con los partidos pol\u00edticos para saber qui\u00e9n tiene m\u00e1s apoyos, si Salvador Illa o Pere Aragon\u00e9s.<\/span><\/p>\n<p><span>Tambi\u00e9n confirm\u00f3 que el viernes 26 de marzo habr\u00e1 candidato y habr\u00e1 lleno.<\/span><\/p>\n<div id=\"polls-97\" class=\"wp-polls\">\n\t<form id=\"polls_form_97\" class=\"wp-polls-form\" action=\"\/index.php\" method=\"post\">\n\t\t<p style=\"display: none;\"><input type=\"hidden\" id=\"poll_97_nonce\" name=\"wp-polls-nonce\" value=\"5cd61882ed\" \/><\/p>\n\t\t<p style=\"display: none;\"><input type=\"hidden\" name=\"poll_id\" value=\"97\" \/><\/p>\n\t\t<p style=\"text-align: center\"><strong>\u00c9s necessari un nou partit de centre catalanista?<\/strong><\/p><div id=\"polls-97-ans\" class=\"wp-polls-ans\"><ul class=\"wp-polls-ul\">\n\t\t<li><input type=\"radio\" id=\"poll-answer-227\" name=\"poll_97\" value=\"227\" \/> <label for=\"poll-answer-227\">Si<\/label><\/li>\n\t\t<li><input type=\"radio\" id=\"poll-answer-228\" name=\"poll_97\" value=\"228\" \/> <label for=\"poll-answer-228\">No<\/label><\/li>\n\t\t<\/ul><p style=\"text-align: center\"><input type=\"button\" name=\"vote\" value=\"   Vota   \" class=\"Buttons\" onclick=\"poll_vote(97);\" \/><\/p><p style=\"text-align: center\"><a href=\"#ViewPollResults\" onclick=\"poll_result(97); return false;\" title=\"View Results Of This Poll\">Mira els resultats<\/a><\/p><\/div>\n\t<\/form>\n<\/div>\n<div id=\"polls-97-loading\" class=\"wp-polls-loading\"><img decoding=\"async\" data-src=\"https:\/\/conversesacatalunya.cat\/wp-content\/plugins\/wp-polls\/images\/loading.gif\" width=\"16\" height=\"16\" alt=\"Cargando ...\" title=\"Cargando ...\" class=\"wp-polls-image lazyload\" src=\"data:image\/svg+xml;base64,PHN2ZyB3aWR0aD0iMSIgaGVpZ2h0PSIxIiB4bWxucz0iaHR0cDovL3d3dy53My5vcmcvMjAwMC9zdmciPjwvc3ZnPg==\" style=\"--smush-placeholder-width: 16px; --smush-placeholder-aspect-ratio: 16\/16;\" \/>&nbsp;Cargando ...<\/div>\n\n","protected":false},"excerpt":{"rendered":"<p>En la encuesta anterior: \u00bfCree que la nueva presidenta del Parlamento de Catalunya, Laura Borr\u00e0s, durar\u00e1 toda la legislatura? Nuestros lectores han votado No un 81%, S\u00ed un 12% y No lo s\u00e9 un 7%. Con estos resultados parece que una gran mayor\u00eda apuesta por que la Presidenta del Parlamento no llegue al final de la legislatura. Pero, la H. Sra.\u00a0Laura Borr\u00e0s, ya manifest\u00f3 ayer lunes, 22 de marzo, en el programa \u00abEls Matins\u00bb de TV3, que pudo escoger entre la vicepresidencia del gobierno y la presidencia del Parlamento y por tanto, \u00abNi me apartan ni me aparto\u00bb. Tambi\u00e9n asegur\u00f3 que no est\u00e1 en sus manos la opci\u00f3n de cambiar o no cambiar el reglamento: \u00abNo he cometido ning\u00fan delito, no me siento interpelada por esta pol\u00e9mica\u00bb. Ahora abrir\u00e1 una ronda de consultas con los partidos pol\u00edticos para saber qui\u00e9n tiene m\u00e1s apoyos, si Salvador Illa o Pere Aragon\u00e9s. Tambi\u00e9n confirm\u00f3 que el viernes 26 de marzo habr\u00e1 candidato y habr\u00e1 lleno.<\/p>\n","protected":false},"author":3,"featured_media":46324,"comment_status":"open","ping_status":"open","sticky":false,"template":"","format":"standard","meta":{"_FSMCFIC_featured_image_caption":"","_FSMCFIC_featured_image_nocaption":"","_FSMCFIC_featured_image_hide":"","footnotes":""},"categories":[789],"tags":[1075],"class_list":["post-46326","post","type-post","status-publish","format-standard","has-post-thumbnail","hentry","category-objectius-especifics-es","tag-laura-borras-es"],"yoast_head":"<!-- This site is optimized with the Yoast SEO plugin v26.8 - https:\/\/yoast.com\/product\/yoast-seo-wordpress\/ -->\n<title>Resultados de la encuesta anterior: \u00bfCree que la nueva presidenta del Parlamento de Catalunya, Laura Borr\u00e0s, durar\u00e1 toda la legislatura? - Converses a Catalunya<\/title>\n<meta name=\"robots\" content=\"noindex, nofollow\" \/>\n<meta property=\"og:locale\" content=\"es_ES\" \/>\n<meta property=\"og:type\" content=\"article\" \/>\n<meta property=\"og:title\" content=\"Resultados de la encuesta anterior: \u00bfCree que la nueva presidenta del Parlamento de Catalunya, Laura Borr\u00e0s, durar\u00e1 toda la legislatura? - Converses a Catalunya\" \/>\n<meta property=\"og:description\" content=\"En la encuesta anterior: \u00bfCree que la nueva presidenta del Parlamento de Catalunya, Laura Borr\u00e0s, durar\u00e1 toda la legislatura? Nuestros lectores han votado No un 81%, S\u00ed un 12% y No lo s\u00e9 un 7%. Con estos resultados parece que una gran mayor\u00eda apuesta por que la Presidenta del Parlamento no llegue al final de la legislatura. Pero, la H. Sra.\u00a0Laura Borr\u00e0s, ya manifest\u00f3 ayer lunes, 22 de marzo, en el programa \u00abEls Matins\u00bb de TV3, que pudo escoger entre la vicepresidencia del gobierno y la presidencia del Parlamento y por tanto, \u00abNi me apartan ni me aparto\u00bb. Tambi\u00e9n asegur\u00f3 que no est\u00e1 en sus manos la opci\u00f3n de cambiar o no cambiar el reglamento: \u00abNo he cometido ning\u00fan delito, no me siento interpelada por esta pol\u00e9mica\u00bb. Ahora abrir\u00e1 una ronda de consultas con los partidos pol\u00edticos para saber qui\u00e9n tiene m\u00e1s apoyos, si Salvador Illa o Pere Aragon\u00e9s. Tambi\u00e9n confirm\u00f3 que el viernes 26 de marzo habr\u00e1 candidato y habr\u00e1 lleno.\" \/>\n<meta property=\"og:url\" content=\"https:\/\/conversesacatalunya.cat\/es\/resultados-encuesta-borras\/\" \/>\n<meta property=\"og:site_name\" content=\"Converses a Catalunya\" \/>\n<meta property=\"article:published_time\" content=\"2021-03-23T11:13:28+00:00\" \/>\n<meta property=\"article:modified_time\" content=\"2021-03-23T11:19:30+00:00\" \/>\n<meta property=\"og:image\" content=\"https:\/\/conversesacatalunya.cat\/wp-content\/uploads\/2021\/03\/Laura-Borras.jpg\" \/>\n\t<meta property=\"og:image:width\" content=\"640\" \/>\n\t<meta property=\"og:image:height\" content=\"480\" \/>\n\t<meta property=\"og:image:type\" content=\"image\/jpeg\" \/>\n<meta name=\"author\" content=\"conversesacatalunya\" \/>\n<meta name=\"twitter:card\" content=\"summary_large_image\" \/>\n<meta name=\"twitter:label1\" content=\"Escrito por\" \/>\n\t<meta name=\"twitter:data1\" content=\"conversesacatalunya\" \/>\n\t<meta name=\"twitter:label2\" content=\"Tiempo de lectura\" \/>\n\t<meta name=\"twitter:data2\" content=\"1 minuto\" \/>\n<script type=\"application\/ld+json\" class=\"yoast-schema-graph\">{\"@context\":\"https:\/\/schema.org\",\"@graph\":[{\"@type\":\"Article\",\"@id\":\"https:\/\/conversesacatalunya.cat\/es\/resultados-encuesta-borras\/#article\",\"isPartOf\":{\"@id\":\"https:\/\/conversesacatalunya.cat\/es\/resultados-encuesta-borras\/\"},\"author\":{\"name\":\"conversesacatalunya\",\"@id\":\"https:\/\/conversesacatalunya.cat\/#\/schema\/person\/982274792508d804a0821b413c9ac076\"},\"headline\":\"Resultados de la encuesta anterior: \u00bfCree que la nueva presidenta del Parlamento de Catalunya, Laura Borr\u00e0s, durar\u00e1 toda la legislatura?\",\"datePublished\":\"2021-03-23T11:13:28+00:00\",\"dateModified\":\"2021-03-23T11:19:30+00:00\",\"mainEntityOfPage\":{\"@id\":\"https:\/\/conversesacatalunya.cat\/es\/resultados-encuesta-borras\/\"},\"wordCount\":193,\"commentCount\":0,\"image\":{\"@id\":\"https:\/\/conversesacatalunya.cat\/es\/resultados-encuesta-borras\/#primaryimage\"},\"thumbnailUrl\":\"https:\/\/conversesacatalunya.cat\/wp-content\/uploads\/2021\/03\/Laura-Borras.jpg\",\"keywords\":[\"Laura Borr\u00e0s\"],\"articleSection\":[\"Objectius espec\u00edfics (ES)\"],\"inLanguage\":\"es\",\"potentialAction\":[{\"@type\":\"CommentAction\",\"name\":\"Comment\",\"target\":[\"https:\/\/conversesacatalunya.cat\/es\/resultados-encuesta-borras\/#respond\"]}]},{\"@type\":\"WebPage\",\"@id\":\"https:\/\/conversesacatalunya.cat\/es\/resultados-encuesta-borras\/\",\"url\":\"https:\/\/conversesacatalunya.cat\/es\/resultados-encuesta-borras\/\",\"name\":\"Resultados de la encuesta anterior: \u00bfCree que la nueva presidenta del Parlamento de Catalunya, Laura Borr\u00e0s, durar\u00e1 toda la legislatura? - Converses a Catalunya\",\"isPartOf\":{\"@id\":\"https:\/\/conversesacatalunya.cat\/#website\"},\"primaryImageOfPage\":{\"@id\":\"https:\/\/conversesacatalunya.cat\/es\/resultados-encuesta-borras\/#primaryimage\"},\"image\":{\"@id\":\"https:\/\/conversesacatalunya.cat\/es\/resultados-encuesta-borras\/#primaryimage\"},\"thumbnailUrl\":\"https:\/\/conversesacatalunya.cat\/wp-content\/uploads\/2021\/03\/Laura-Borras.jpg\",\"datePublished\":\"2021-03-23T11:13:28+00:00\",\"dateModified\":\"2021-03-23T11:19:30+00:00\",\"author\":{\"@id\":\"https:\/\/conversesacatalunya.cat\/#\/schema\/person\/982274792508d804a0821b413c9ac076\"},\"breadcrumb\":{\"@id\":\"https:\/\/conversesacatalunya.cat\/es\/resultados-encuesta-borras\/#breadcrumb\"},\"inLanguage\":\"es\",\"potentialAction\":[{\"@type\":\"ReadAction\",\"target\":[\"https:\/\/conversesacatalunya.cat\/es\/resultados-encuesta-borras\/\"]}]},{\"@type\":\"ImageObject\",\"inLanguage\":\"es\",\"@id\":\"https:\/\/conversesacatalunya.cat\/es\/resultados-encuesta-borras\/#primaryimage\",\"url\":\"https:\/\/conversesacatalunya.cat\/wp-content\/uploads\/2021\/03\/Laura-Borras.jpg\",\"contentUrl\":\"https:\/\/conversesacatalunya.cat\/wp-content\/uploads\/2021\/03\/Laura-Borras.jpg\",\"width\":640,\"height\":480,\"caption\":\"Laura Borr\u00e0s\"},{\"@type\":\"BreadcrumbList\",\"@id\":\"https:\/\/conversesacatalunya.cat\/es\/resultados-encuesta-borras\/#breadcrumb\",\"itemListElement\":[{\"@type\":\"ListItem\",\"position\":1,\"name\":\"Inici\",\"item\":\"https:\/\/conversesacatalunya.cat\/es\/\"},{\"@type\":\"ListItem\",\"position\":2,\"name\":\"Resultados de la encuesta anterior: \u00bfCree que la nueva presidenta del Parlamento de Catalunya, Laura Borr\u00e0s, durar\u00e1 toda la legislatura?\"}]},{\"@type\":\"WebSite\",\"@id\":\"https:\/\/conversesacatalunya.cat\/#website\",\"url\":\"https:\/\/conversesacatalunya.cat\/\",\"name\":\"Converses a Catalunya\",\"description\":\"\",\"potentialAction\":[{\"@type\":\"SearchAction\",\"target\":{\"@type\":\"EntryPoint\",\"urlTemplate\":\"https:\/\/conversesacatalunya.cat\/?s={search_term_string}\"},\"query-input\":{\"@type\":\"PropertyValueSpecification\",\"valueRequired\":true,\"valueName\":\"search_term_string\"}}],\"inLanguage\":\"es\"},{\"@type\":\"Person\",\"@id\":\"https:\/\/conversesacatalunya.cat\/#\/schema\/person\/982274792508d804a0821b413c9ac076\",\"name\":\"conversesacatalunya\",\"image\":{\"@type\":\"ImageObject\",\"inLanguage\":\"es\",\"@id\":\"https:\/\/conversesacatalunya.cat\/#\/schema\/person\/image\/\",\"url\":\"https:\/\/conversesacatalunya.cat\/wp-content\/litespeed\/avatar\/f04b47eeffd9637c7cf7869e217fb9ec.jpg?ver=1777370077\",\"contentUrl\":\"https:\/\/conversesacatalunya.cat\/wp-content\/litespeed\/avatar\/f04b47eeffd9637c7cf7869e217fb9ec.jpg?ver=1777370077\",\"caption\":\"conversesacatalunya\"},\"url\":\"https:\/\/conversesacatalunya.cat\/es\/author\/muntsa_escola\/\"}]}<\/script>\n<!-- \/ Yoast SEO plugin. -->","yoast_head_json":{"title":"Resultados de la encuesta anterior: \u00bfCree que la nueva presidenta del Parlamento de Catalunya, Laura Borr\u00e0s, durar\u00e1 toda la legislatura? - Converses a Catalunya","robots":{"index":"noindex","follow":"nofollow"},"og_locale":"es_ES","og_type":"article","og_title":"Resultados de la encuesta anterior: \u00bfCree que la nueva presidenta del Parlamento de Catalunya, Laura Borr\u00e0s, durar\u00e1 toda la legislatura? - Converses a Catalunya","og_description":"En la encuesta anterior: \u00bfCree que la nueva presidenta del Parlamento de Catalunya, Laura Borr\u00e0s, durar\u00e1 toda la legislatura? Nuestros lectores han votado No un 81%, S\u00ed un 12% y No lo s\u00e9 un 7%. Con estos resultados parece que una gran mayor\u00eda apuesta por que la Presidenta del Parlamento no llegue al final de la legislatura. Pero, la H. Sra.\u00a0Laura Borr\u00e0s, ya manifest\u00f3 ayer lunes, 22 de marzo, en el programa \u00abEls Matins\u00bb de TV3, que pudo escoger entre la vicepresidencia del gobierno y la presidencia del Parlamento y por tanto, \u00abNi me apartan ni me aparto\u00bb. Tambi\u00e9n asegur\u00f3 que no est\u00e1 en sus manos la opci\u00f3n de cambiar o no cambiar el reglamento: \u00abNo he cometido ning\u00fan delito, no me siento interpelada por esta pol\u00e9mica\u00bb. Ahora abrir\u00e1 una ronda de consultas con los partidos pol\u00edticos para saber qui\u00e9n tiene m\u00e1s apoyos, si Salvador Illa o Pere Aragon\u00e9s. Tambi\u00e9n confirm\u00f3 que el viernes 26 de marzo habr\u00e1 candidato y habr\u00e1 lleno.","og_url":"https:\/\/conversesacatalunya.cat\/es\/resultados-encuesta-borras\/","og_site_name":"Converses a Catalunya","article_published_time":"2021-03-23T11:13:28+00:00","article_modified_time":"2021-03-23T11:19:30+00:00","og_image":[{"width":640,"height":480,"url":"https:\/\/conversesacatalunya.cat\/wp-content\/uploads\/2021\/03\/Laura-Borras.jpg","type":"image\/jpeg"}],"author":"conversesacatalunya","twitter_card":"summary_large_image","twitter_misc":{"Escrito por":"conversesacatalunya","Tiempo de lectura":"1 minuto"},"schema":{"@context":"https:\/\/schema.org","@graph":[{"@type":"Article","@id":"https:\/\/conversesacatalunya.cat\/es\/resultados-encuesta-borras\/#article","isPartOf":{"@id":"https:\/\/conversesacatalunya.cat\/es\/resultados-encuesta-borras\/"},"author":{"name":"conversesacatalunya","@id":"https:\/\/conversesacatalunya.cat\/#\/schema\/person\/982274792508d804a0821b413c9ac076"},"headline":"Resultados de la encuesta anterior: \u00bfCree que la nueva presidenta del Parlamento de Catalunya, Laura Borr\u00e0s, durar\u00e1 toda la legislatura?","datePublished":"2021-03-23T11:13:28+00:00","dateModified":"2021-03-23T11:19:30+00:00","mainEntityOfPage":{"@id":"https:\/\/conversesacatalunya.cat\/es\/resultados-encuesta-borras\/"},"wordCount":193,"commentCount":0,"image":{"@id":"https:\/\/conversesacatalunya.cat\/es\/resultados-encuesta-borras\/#primaryimage"},"thumbnailUrl":"https:\/\/conversesacatalunya.cat\/wp-content\/uploads\/2021\/03\/Laura-Borras.jpg","keywords":["Laura Borr\u00e0s"],"articleSection":["Objectius espec\u00edfics (ES)"],"inLanguage":"es","potentialAction":[{"@type":"CommentAction","name":"Comment","target":["https:\/\/conversesacatalunya.cat\/es\/resultados-encuesta-borras\/#respond"]}]},{"@type":"WebPage","@id":"https:\/\/conversesacatalunya.cat\/es\/resultados-encuesta-borras\/","url":"https:\/\/conversesacatalunya.cat\/es\/resultados-encuesta-borras\/","name":"Resultados de la encuesta anterior: \u00bfCree que la nueva presidenta del Parlamento de Catalunya, Laura Borr\u00e0s, durar\u00e1 toda la legislatura? - Converses a Catalunya","isPartOf":{"@id":"https:\/\/conversesacatalunya.cat\/#website"},"primaryImageOfPage":{"@id":"https:\/\/conversesacatalunya.cat\/es\/resultados-encuesta-borras\/#primaryimage"},"image":{"@id":"https:\/\/conversesacatalunya.cat\/es\/resultados-encuesta-borras\/#primaryimage"},"thumbnailUrl":"https:\/\/conversesacatalunya.cat\/wp-content\/uploads\/2021\/03\/Laura-Borras.jpg","datePublished":"2021-03-23T11:13:28+00:00","dateModified":"2021-03-23T11:19:30+00:00","author":{"@id":"https:\/\/conversesacatalunya.cat\/#\/schema\/person\/982274792508d804a0821b413c9ac076"},"breadcrumb":{"@id":"https:\/\/conversesacatalunya.cat\/es\/resultados-encuesta-borras\/#breadcrumb"},"inLanguage":"es","potentialAction":[{"@type":"ReadAction","target":["https:\/\/conversesacatalunya.cat\/es\/resultados-encuesta-borras\/"]}]},{"@type":"ImageObject","inLanguage":"es","@id":"https:\/\/conversesacatalunya.cat\/es\/resultados-encuesta-borras\/#primaryimage","url":"https:\/\/conversesacatalunya.cat\/wp-content\/uploads\/2021\/03\/Laura-Borras.jpg","contentUrl":"https:\/\/conversesacatalunya.cat\/wp-content\/uploads\/2021\/03\/Laura-Borras.jpg","width":640,"height":480,"caption":"Laura Borr\u00e0s"},{"@type":"BreadcrumbList","@id":"https:\/\/conversesacatalunya.cat\/es\/resultados-encuesta-borras\/#breadcrumb","itemListElement":[{"@type":"ListItem","position":1,"name":"Inici","item":"https:\/\/conversesacatalunya.cat\/es\/"},{"@type":"ListItem","position":2,"name":"Resultados de la encuesta anterior: \u00bfCree que la nueva presidenta del Parlamento de Catalunya, Laura Borr\u00e0s, durar\u00e1 toda la legislatura?"}]},{"@type":"WebSite","@id":"https:\/\/conversesacatalunya.cat\/#website","url":"https:\/\/conversesacatalunya.cat\/","name":"Converses a Catalunya","description":"","potentialAction":[{"@type":"SearchAction","target":{"@type":"EntryPoint","urlTemplate":"https:\/\/conversesacatalunya.cat\/?s={search_term_string}"},"query-input":{"@type":"PropertyValueSpecification","valueRequired":true,"valueName":"search_term_string"}}],"inLanguage":"es"},{"@type":"Person","@id":"https:\/\/conversesacatalunya.cat\/#\/schema\/person\/982274792508d804a0821b413c9ac076","name":"conversesacatalunya","image":{"@type":"ImageObject","inLanguage":"es","@id":"https:\/\/conversesacatalunya.cat\/#\/schema\/person\/image\/","url":"https:\/\/conversesacatalunya.cat\/wp-content\/litespeed\/avatar\/f04b47eeffd9637c7cf7869e217fb9ec.jpg?ver=1777370077","contentUrl":"https:\/\/conversesacatalunya.cat\/wp-content\/litespeed\/avatar\/f04b47eeffd9637c7cf7869e217fb9ec.jpg?ver=1777370077","caption":"conversesacatalunya"},"url":"https:\/\/conversesacatalunya.cat\/es\/author\/muntsa_escola\/"}]}},"wps_subtitle":"","_links":{"self":[{"href":"https:\/\/conversesacatalunya.cat\/es\/wp-json\/wp\/v2\/posts\/46326","targetHints":{"allow":["GET"]}}],"collection":[{"href":"https:\/\/conversesacatalunya.cat\/es\/wp-json\/wp\/v2\/posts"}],"about":[{"href":"https:\/\/conversesacatalunya.cat\/es\/wp-json\/wp\/v2\/types\/post"}],"author":[{"embeddable":true,"href":"https:\/\/conversesacatalunya.cat\/es\/wp-json\/wp\/v2\/users\/3"}],"replies":[{"embeddable":true,"href":"https:\/\/conversesacatalunya.cat\/es\/wp-json\/wp\/v2\/comments?post=46326"}],"version-history":[{"count":2,"href":"https:\/\/conversesacatalunya.cat\/es\/wp-json\/wp\/v2\/posts\/46326\/revisions"}],"predecessor-version":[{"id":46328,"href":"https:\/\/conversesacatalunya.cat\/es\/wp-json\/wp\/v2\/posts\/46326\/revisions\/46328"}],"wp:featuredmedia":[{"embeddable":true,"href":"https:\/\/conversesacatalunya.cat\/es\/wp-json\/wp\/v2\/media\/46324"}],"wp:attachment":[{"href":"https:\/\/conversesacatalunya.cat\/es\/wp-json\/wp\/v2\/media?parent=46326"}],"wp:term":[{"taxonomy":"category","embeddable":true,"href":"https:\/\/conversesacatalunya.cat\/es\/wp-json\/wp\/v2\/categories?post=46326"},{"taxonomy":"post_tag","embeddable":true,"href":"https:\/\/conversesacatalunya.cat\/es\/wp-json\/wp\/v2\/tags?post=46326"}],"curies":[{"name":"wp","href":"https:\/\/api.w.org\/{rel}","templated":true}]}}