{"id":46268,"date":"2021-03-22T09:43:27","date_gmt":"2021-03-22T08:43:27","guid":{"rendered":"https:\/\/conversesacatalunya.cat\/?p=46268"},"modified":"2021-03-22T09:43:27","modified_gmt":"2021-03-22T08:43:27","slug":"confinamiento-y-lectura","status":"publish","type":"post","link":"https:\/\/conversesacatalunya.cat\/es\/confinamiento-y-lectura\/","title":{"rendered":"Confinamiento y lectura (Jes\u00fas D. Mez)"},"content":{"rendered":"<p>La lectura es especialmente necesaria en la actual sociedad tecnologizada. Un adolescente cualquiera pasa medio d\u00eda en las Redes Sociales, y posiblemente, ninguna hora leyendo una novela. Sin embargo, nunca ha sido tan importante saber leer y comprender lo que se lee como en esta \u00e9poca, en la cual la informaci\u00f3n fluye r\u00e1pidamente y exige una comprensi\u00f3n casi inmediata.<\/p>\n<blockquote><p>Quien no sabe hoy analizar un texto, dif\u00edcilmente podr\u00e1 hacer una buena utilizaci\u00f3n de las Nuevas Tecnolog\u00edas.<\/p><\/blockquote>\n<p>La pregunta ya no es si se lee m\u00e1s o menos que antes, dice <strong>la escritora Mar\u00eda Teresa Andruetto<\/strong>, sino qu\u00e9 podemos hacer para mejorar la calidad de los lectores. A\u00f1ade que \u201cla literatura es un espacio de desacato. En el acto de leer, un libro se convierte en un ser vivo, capaz de interrogarnos, perturbarnos y ense\u00f1arnos a mirar zonas a\u00fan no comprendidas de nosotros mismos.<strong> \u00c9sta es la revoluci\u00f3n que debemos emprender en el terreno de la lectura,\u00a0 construir\u00a0 una voz propia a contrapelo de los discursos \u00fanicos y de las miradas totalizadoras\u201d.<\/strong><\/p>\n<p>Coincido en que leer es un acto revolucionario porque nos hace pensar y posibilita discrepar con sentido\u00a0 en la b\u00fasqueda de la verdad. Podemos aprovechar estos d\u00edas que pasamos muchas horas confinados.<\/p>\n","protected":false},"excerpt":{"rendered":"<p>La lectura es especialmente necesaria en la actual sociedad tecnologizada. Un adolescente cualquiera pasa medio d\u00eda en las Redes Sociales, y posiblemente, ninguna hora leyendo una novela. Sin embargo, nunca ha sido tan importante saber leer y comprender lo que se lee como en esta \u00e9poca, en la cual la informaci\u00f3n fluye r\u00e1pidamente y exige una comprensi\u00f3n casi inmediata. Quien no sabe hoy analizar un texto, dif\u00edcilmente podr\u00e1 hacer una buena utilizaci\u00f3n de las Nuevas Tecnolog\u00edas. La pregunta ya no es si se lee m\u00e1s o menos que antes, dice la escritora Mar\u00eda Teresa Andruetto, sino qu\u00e9 podemos hacer para mejorar la calidad de los lectores. A\u00f1ade que \u201cla literatura es un espacio de desacato. En el acto de leer, un libro se convierte en un ser vivo, capaz de interrogarnos, perturbarnos y ense\u00f1arnos a mirar zonas a\u00fan no comprendidas de nosotros mismos. \u00c9sta es la revoluci\u00f3n que debemos emprender en el terreno de la lectura,\u00a0 construir\u00a0 una voz propia a contrapelo de los discursos \u00fanicos y de las miradas totalizadoras\u201d. Coincido en que leer es un acto revolucionario porque nos hace pensar y posibilita discrepar con sentido\u00a0 en la b\u00fasqueda de la verdad. Podemos aprovechar estos d\u00edas que pasamos muchas horas confinados.<\/p>\n","protected":false},"author":3,"featured_media":46269,"comment_status":"open","ping_status":"open","sticky":false,"template":"","format":"standard","meta":{"_FSMCFIC_featured_image_caption":"","_FSMCFIC_featured_image_nocaption":"","_FSMCFIC_featured_image_hide":"","footnotes":""},"categories":[802],"tags":[],"class_list":["post-46268","post","type-post","status-publish","format-standard","has-post-thumbnail","hentry","category-els-lectors-participen-es"],"yoast_head":"<!-- This site is optimized with the Yoast SEO plugin v26.8 - https:\/\/yoast.com\/product\/yoast-seo-wordpress\/ -->\n<title>Confinamiento y lectura (Jes\u00fas D. Mez) - Converses a Catalunya<\/title>\n<meta name=\"robots\" content=\"index, follow, max-snippet:-1, max-image-preview:large, max-video-preview:-1\" \/>\n<link rel=\"canonical\" href=\"https:\/\/conversesacatalunya.cat\/es\/confinamiento-y-lectura\/\" \/>\n<meta property=\"og:locale\" content=\"es_ES\" \/>\n<meta property=\"og:type\" content=\"article\" \/>\n<meta property=\"og:title\" content=\"Confinamiento y lectura (Jes\u00fas D. Mez) - Converses a Catalunya\" \/>\n<meta property=\"og:description\" content=\"La lectura es especialmente necesaria en la actual sociedad tecnologizada. Un adolescente cualquiera pasa medio d\u00eda en las Redes Sociales, y posiblemente, ninguna hora leyendo una novela. Sin embargo, nunca ha sido tan importante saber leer y comprender lo que se lee como en esta \u00e9poca, en la cual la informaci\u00f3n fluye r\u00e1pidamente y exige una comprensi\u00f3n casi inmediata. Quien no sabe hoy analizar un texto, dif\u00edcilmente podr\u00e1 hacer una buena utilizaci\u00f3n de las Nuevas Tecnolog\u00edas. La pregunta ya no es si se lee m\u00e1s o menos que antes, dice la escritora Mar\u00eda Teresa Andruetto, sino qu\u00e9 podemos hacer para mejorar la calidad de los lectores. A\u00f1ade que \u201cla literatura es un espacio de desacato. En el acto de leer, un libro se convierte en un ser vivo, capaz de interrogarnos, perturbarnos y ense\u00f1arnos a mirar zonas a\u00fan no comprendidas de nosotros mismos. \u00c9sta es la revoluci\u00f3n que debemos emprender en el terreno de la lectura,\u00a0 construir\u00a0 una voz propia a contrapelo de los discursos \u00fanicos y de las miradas totalizadoras\u201d. Coincido en que leer es un acto revolucionario porque nos hace pensar y posibilita discrepar con sentido\u00a0 en la b\u00fasqueda de la verdad. Podemos aprovechar estos d\u00edas que pasamos muchas horas confinados.\" \/>\n<meta property=\"og:url\" content=\"https:\/\/conversesacatalunya.cat\/es\/confinamiento-y-lectura\/\" \/>\n<meta property=\"og:site_name\" content=\"Converses a Catalunya\" \/>\n<meta property=\"article:published_time\" content=\"2021-03-22T08:43:27+00:00\" \/>\n<meta property=\"og:image\" content=\"https:\/\/conversesacatalunya.cat\/wp-content\/uploads\/2021\/03\/books-1149959_640.jpg\" \/>\n\t<meta property=\"og:image:width\" content=\"640\" \/>\n\t<meta property=\"og:image:height\" content=\"426\" \/>\n\t<meta property=\"og:image:type\" content=\"image\/jpeg\" \/>\n<meta name=\"author\" content=\"conversesacatalunya\" \/>\n<meta name=\"twitter:card\" content=\"summary_large_image\" \/>\n<meta name=\"twitter:label1\" content=\"Escrito por\" \/>\n\t<meta name=\"twitter:data1\" content=\"conversesacatalunya\" \/>\n\t<meta name=\"twitter:label2\" content=\"Tiempo de lectura\" \/>\n\t<meta name=\"twitter:data2\" content=\"1 minuto\" \/>\n<script type=\"application\/ld+json\" class=\"yoast-schema-graph\">{\"@context\":\"https:\/\/schema.org\",\"@graph\":[{\"@type\":\"Article\",\"@id\":\"https:\/\/conversesacatalunya.cat\/es\/confinamiento-y-lectura\/#article\",\"isPartOf\":{\"@id\":\"https:\/\/conversesacatalunya.cat\/es\/confinamiento-y-lectura\/\"},\"author\":{\"name\":\"conversesacatalunya\",\"@id\":\"https:\/\/conversesacatalunya.cat\/#\/schema\/person\/982274792508d804a0821b413c9ac076\"},\"headline\":\"Confinamiento y lectura (Jes\u00fas D. Mez)\",\"datePublished\":\"2021-03-22T08:43:27+00:00\",\"mainEntityOfPage\":{\"@id\":\"https:\/\/conversesacatalunya.cat\/es\/confinamiento-y-lectura\/\"},\"wordCount\":225,\"commentCount\":0,\"image\":{\"@id\":\"https:\/\/conversesacatalunya.cat\/es\/confinamiento-y-lectura\/#primaryimage\"},\"thumbnailUrl\":\"https:\/\/conversesacatalunya.cat\/wp-content\/uploads\/2021\/03\/books-1149959_640.jpg\",\"articleSection\":[\"Els lectors participen (ES)\"],\"inLanguage\":\"es\",\"potentialAction\":[{\"@type\":\"CommentAction\",\"name\":\"Comment\",\"target\":[\"https:\/\/conversesacatalunya.cat\/es\/confinamiento-y-lectura\/#respond\"]}]},{\"@type\":\"WebPage\",\"@id\":\"https:\/\/conversesacatalunya.cat\/es\/confinamiento-y-lectura\/\",\"url\":\"https:\/\/conversesacatalunya.cat\/es\/confinamiento-y-lectura\/\",\"name\":\"Confinamiento y lectura (Jes\u00fas D. Mez) - Converses a Catalunya\",\"isPartOf\":{\"@id\":\"https:\/\/conversesacatalunya.cat\/#website\"},\"primaryImageOfPage\":{\"@id\":\"https:\/\/conversesacatalunya.cat\/es\/confinamiento-y-lectura\/#primaryimage\"},\"image\":{\"@id\":\"https:\/\/conversesacatalunya.cat\/es\/confinamiento-y-lectura\/#primaryimage\"},\"thumbnailUrl\":\"https:\/\/conversesacatalunya.cat\/wp-content\/uploads\/2021\/03\/books-1149959_640.jpg\",\"datePublished\":\"2021-03-22T08:43:27+00:00\",\"author\":{\"@id\":\"https:\/\/conversesacatalunya.cat\/#\/schema\/person\/982274792508d804a0821b413c9ac076\"},\"breadcrumb\":{\"@id\":\"https:\/\/conversesacatalunya.cat\/es\/confinamiento-y-lectura\/#breadcrumb\"},\"inLanguage\":\"es\",\"potentialAction\":[{\"@type\":\"ReadAction\",\"target\":[\"https:\/\/conversesacatalunya.cat\/es\/confinamiento-y-lectura\/\"]}]},{\"@type\":\"ImageObject\",\"inLanguage\":\"es\",\"@id\":\"https:\/\/conversesacatalunya.cat\/es\/confinamiento-y-lectura\/#primaryimage\",\"url\":\"https:\/\/conversesacatalunya.cat\/wp-content\/uploads\/2021\/03\/books-1149959_640.jpg\",\"contentUrl\":\"https:\/\/conversesacatalunya.cat\/wp-content\/uploads\/2021\/03\/books-1149959_640.jpg\",\"width\":640,\"height\":426,\"caption\":\"Confinamiento y lectura\"},{\"@type\":\"BreadcrumbList\",\"@id\":\"https:\/\/conversesacatalunya.cat\/es\/confinamiento-y-lectura\/#breadcrumb\",\"itemListElement\":[{\"@type\":\"ListItem\",\"position\":1,\"name\":\"Inici\",\"item\":\"https:\/\/conversesacatalunya.cat\/es\/\"},{\"@type\":\"ListItem\",\"position\":2,\"name\":\"Confinamiento y lectura (Jes\u00fas D. Mez)\"}]},{\"@type\":\"WebSite\",\"@id\":\"https:\/\/conversesacatalunya.cat\/#website\",\"url\":\"https:\/\/conversesacatalunya.cat\/\",\"name\":\"Converses a Catalunya\",\"description\":\"\",\"potentialAction\":[{\"@type\":\"SearchAction\",\"target\":{\"@type\":\"EntryPoint\",\"urlTemplate\":\"https:\/\/conversesacatalunya.cat\/?s={search_term_string}\"},\"query-input\":{\"@type\":\"PropertyValueSpecification\",\"valueRequired\":true,\"valueName\":\"search_term_string\"}}],\"inLanguage\":\"es\"},{\"@type\":\"Person\",\"@id\":\"https:\/\/conversesacatalunya.cat\/#\/schema\/person\/982274792508d804a0821b413c9ac076\",\"name\":\"conversesacatalunya\",\"image\":{\"@type\":\"ImageObject\",\"inLanguage\":\"es\",\"@id\":\"https:\/\/conversesacatalunya.cat\/#\/schema\/person\/image\/\",\"url\":\"https:\/\/conversesacatalunya.cat\/wp-content\/litespeed\/avatar\/f04b47eeffd9637c7cf7869e217fb9ec.jpg?ver=1777370077\",\"contentUrl\":\"https:\/\/conversesacatalunya.cat\/wp-content\/litespeed\/avatar\/f04b47eeffd9637c7cf7869e217fb9ec.jpg?ver=1777370077\",\"caption\":\"conversesacatalunya\"},\"url\":\"https:\/\/conversesacatalunya.cat\/es\/author\/muntsa_escola\/\"}]}<\/script>\n<!-- \/ Yoast SEO plugin. -->","yoast_head_json":{"title":"Confinamiento y lectura (Jes\u00fas D. Mez) - Converses a Catalunya","robots":{"index":"index","follow":"follow","max-snippet":"max-snippet:-1","max-image-preview":"max-image-preview:large","max-video-preview":"max-video-preview:-1"},"canonical":"https:\/\/conversesacatalunya.cat\/es\/confinamiento-y-lectura\/","og_locale":"es_ES","og_type":"article","og_title":"Confinamiento y lectura (Jes\u00fas D. Mez) - Converses a Catalunya","og_description":"La lectura es especialmente necesaria en la actual sociedad tecnologizada. Un adolescente cualquiera pasa medio d\u00eda en las Redes Sociales, y posiblemente, ninguna hora leyendo una novela. Sin embargo, nunca ha sido tan importante saber leer y comprender lo que se lee como en esta \u00e9poca, en la cual la informaci\u00f3n fluye r\u00e1pidamente y exige una comprensi\u00f3n casi inmediata. Quien no sabe hoy analizar un texto, dif\u00edcilmente podr\u00e1 hacer una buena utilizaci\u00f3n de las Nuevas Tecnolog\u00edas. La pregunta ya no es si se lee m\u00e1s o menos que antes, dice la escritora Mar\u00eda Teresa Andruetto, sino qu\u00e9 podemos hacer para mejorar la calidad de los lectores. A\u00f1ade que \u201cla literatura es un espacio de desacato. En el acto de leer, un libro se convierte en un ser vivo, capaz de interrogarnos, perturbarnos y ense\u00f1arnos a mirar zonas a\u00fan no comprendidas de nosotros mismos. \u00c9sta es la revoluci\u00f3n que debemos emprender en el terreno de la lectura,\u00a0 construir\u00a0 una voz propia a contrapelo de los discursos \u00fanicos y de las miradas totalizadoras\u201d. Coincido en que leer es un acto revolucionario porque nos hace pensar y posibilita discrepar con sentido\u00a0 en la b\u00fasqueda de la verdad. Podemos aprovechar estos d\u00edas que pasamos muchas horas confinados.","og_url":"https:\/\/conversesacatalunya.cat\/es\/confinamiento-y-lectura\/","og_site_name":"Converses a Catalunya","article_published_time":"2021-03-22T08:43:27+00:00","og_image":[{"width":640,"height":426,"url":"https:\/\/conversesacatalunya.cat\/wp-content\/uploads\/2021\/03\/books-1149959_640.jpg","type":"image\/jpeg"}],"author":"conversesacatalunya","twitter_card":"summary_large_image","twitter_misc":{"Escrito por":"conversesacatalunya","Tiempo de lectura":"1 minuto"},"schema":{"@context":"https:\/\/schema.org","@graph":[{"@type":"Article","@id":"https:\/\/conversesacatalunya.cat\/es\/confinamiento-y-lectura\/#article","isPartOf":{"@id":"https:\/\/conversesacatalunya.cat\/es\/confinamiento-y-lectura\/"},"author":{"name":"conversesacatalunya","@id":"https:\/\/conversesacatalunya.cat\/#\/schema\/person\/982274792508d804a0821b413c9ac076"},"headline":"Confinamiento y lectura (Jes\u00fas D. Mez)","datePublished":"2021-03-22T08:43:27+00:00","mainEntityOfPage":{"@id":"https:\/\/conversesacatalunya.cat\/es\/confinamiento-y-lectura\/"},"wordCount":225,"commentCount":0,"image":{"@id":"https:\/\/conversesacatalunya.cat\/es\/confinamiento-y-lectura\/#primaryimage"},"thumbnailUrl":"https:\/\/conversesacatalunya.cat\/wp-content\/uploads\/2021\/03\/books-1149959_640.jpg","articleSection":["Els lectors participen (ES)"],"inLanguage":"es","potentialAction":[{"@type":"CommentAction","name":"Comment","target":["https:\/\/conversesacatalunya.cat\/es\/confinamiento-y-lectura\/#respond"]}]},{"@type":"WebPage","@id":"https:\/\/conversesacatalunya.cat\/es\/confinamiento-y-lectura\/","url":"https:\/\/conversesacatalunya.cat\/es\/confinamiento-y-lectura\/","name":"Confinamiento y lectura (Jes\u00fas D. Mez) - Converses a Catalunya","isPartOf":{"@id":"https:\/\/conversesacatalunya.cat\/#website"},"primaryImageOfPage":{"@id":"https:\/\/conversesacatalunya.cat\/es\/confinamiento-y-lectura\/#primaryimage"},"image":{"@id":"https:\/\/conversesacatalunya.cat\/es\/confinamiento-y-lectura\/#primaryimage"},"thumbnailUrl":"https:\/\/conversesacatalunya.cat\/wp-content\/uploads\/2021\/03\/books-1149959_640.jpg","datePublished":"2021-03-22T08:43:27+00:00","author":{"@id":"https:\/\/conversesacatalunya.cat\/#\/schema\/person\/982274792508d804a0821b413c9ac076"},"breadcrumb":{"@id":"https:\/\/conversesacatalunya.cat\/es\/confinamiento-y-lectura\/#breadcrumb"},"inLanguage":"es","potentialAction":[{"@type":"ReadAction","target":["https:\/\/conversesacatalunya.cat\/es\/confinamiento-y-lectura\/"]}]},{"@type":"ImageObject","inLanguage":"es","@id":"https:\/\/conversesacatalunya.cat\/es\/confinamiento-y-lectura\/#primaryimage","url":"https:\/\/conversesacatalunya.cat\/wp-content\/uploads\/2021\/03\/books-1149959_640.jpg","contentUrl":"https:\/\/conversesacatalunya.cat\/wp-content\/uploads\/2021\/03\/books-1149959_640.jpg","width":640,"height":426,"caption":"Confinamiento y lectura"},{"@type":"BreadcrumbList","@id":"https:\/\/conversesacatalunya.cat\/es\/confinamiento-y-lectura\/#breadcrumb","itemListElement":[{"@type":"ListItem","position":1,"name":"Inici","item":"https:\/\/conversesacatalunya.cat\/es\/"},{"@type":"ListItem","position":2,"name":"Confinamiento y lectura (Jes\u00fas D. Mez)"}]},{"@type":"WebSite","@id":"https:\/\/conversesacatalunya.cat\/#website","url":"https:\/\/conversesacatalunya.cat\/","name":"Converses a Catalunya","description":"","potentialAction":[{"@type":"SearchAction","target":{"@type":"EntryPoint","urlTemplate":"https:\/\/conversesacatalunya.cat\/?s={search_term_string}"},"query-input":{"@type":"PropertyValueSpecification","valueRequired":true,"valueName":"search_term_string"}}],"inLanguage":"es"},{"@type":"Person","@id":"https:\/\/conversesacatalunya.cat\/#\/schema\/person\/982274792508d804a0821b413c9ac076","name":"conversesacatalunya","image":{"@type":"ImageObject","inLanguage":"es","@id":"https:\/\/conversesacatalunya.cat\/#\/schema\/person\/image\/","url":"https:\/\/conversesacatalunya.cat\/wp-content\/litespeed\/avatar\/f04b47eeffd9637c7cf7869e217fb9ec.jpg?ver=1777370077","contentUrl":"https:\/\/conversesacatalunya.cat\/wp-content\/litespeed\/avatar\/f04b47eeffd9637c7cf7869e217fb9ec.jpg?ver=1777370077","caption":"conversesacatalunya"},"url":"https:\/\/conversesacatalunya.cat\/es\/author\/muntsa_escola\/"}]}},"wps_subtitle":"","_links":{"self":[{"href":"https:\/\/conversesacatalunya.cat\/es\/wp-json\/wp\/v2\/posts\/46268","targetHints":{"allow":["GET"]}}],"collection":[{"href":"https:\/\/conversesacatalunya.cat\/es\/wp-json\/wp\/v2\/posts"}],"about":[{"href":"https:\/\/conversesacatalunya.cat\/es\/wp-json\/wp\/v2\/types\/post"}],"author":[{"embeddable":true,"href":"https:\/\/conversesacatalunya.cat\/es\/wp-json\/wp\/v2\/users\/3"}],"replies":[{"embeddable":true,"href":"https:\/\/conversesacatalunya.cat\/es\/wp-json\/wp\/v2\/comments?post=46268"}],"version-history":[{"count":1,"href":"https:\/\/conversesacatalunya.cat\/es\/wp-json\/wp\/v2\/posts\/46268\/revisions"}],"predecessor-version":[{"id":46271,"href":"https:\/\/conversesacatalunya.cat\/es\/wp-json\/wp\/v2\/posts\/46268\/revisions\/46271"}],"wp:featuredmedia":[{"embeddable":true,"href":"https:\/\/conversesacatalunya.cat\/es\/wp-json\/wp\/v2\/media\/46269"}],"wp:attachment":[{"href":"https:\/\/conversesacatalunya.cat\/es\/wp-json\/wp\/v2\/media?parent=46268"}],"wp:term":[{"taxonomy":"category","embeddable":true,"href":"https:\/\/conversesacatalunya.cat\/es\/wp-json\/wp\/v2\/categories?post=46268"},{"taxonomy":"post_tag","embeddable":true,"href":"https:\/\/conversesacatalunya.cat\/es\/wp-json\/wp\/v2\/tags?post=46268"}],"curies":[{"name":"wp","href":"https:\/\/api.w.org\/{rel}","templated":true}]}}