{"id":46068,"date":"2021-03-15T12:04:12","date_gmt":"2021-03-15T11:04:12","guid":{"rendered":"https:\/\/conversesacatalunya.cat\/estiu-covid\/"},"modified":"2021-03-15T13:52:32","modified_gmt":"2021-03-15T12:52:32","slug":"verano-covid","status":"publish","type":"post","link":"https:\/\/conversesacatalunya.cat\/es\/verano-covid\/","title":{"rendered":"Malos presagios de cara al verano"},"content":{"rendered":"<p><span><span class=\"\">La informaci\u00f3n sobre las bajas de grandes empresas en el\u00a0<\/span><\/span><strong><span><span class=\"\">Mobile World Congress\u00a0<\/span><\/span><\/strong><strong><span><span class=\"\">(MWC)<\/span><\/span><\/strong><span><span class=\"\">, como son los casos de Facebook, Oracle, Ericcson, Sony y Nokia, parecen repetir el escenario que se produjo el a\u00f1o pasado, y que determin\u00f3 <\/span><\/span><a href=\"https:\/\/conversesacatalunya.cat\/es\/suspension-del-mobile-world-congress-entre-las-deficiencias-de-gestion-y-la-mano-oscura\/\" target=\"_blank\" rel=\"noopener\"><span><span class=\"\">su suspensi\u00f3n<\/span><\/span><\/a><span><span class=\"\">. Lo m\u00e1s probable, sin embargo, es que el Congreso se haga si bien con una participaci\u00f3n mucho m\u00e1s desvanecida y con mucha menor presencia. Y ese es el hecho determinante para la ciudad. Cuanto m\u00e1s virtual sea el congreso, <\/span><\/span><strong><span><span class=\"\">menos impacto econ\u00f3mico experimentar\u00e1<\/span><\/span><\/strong><span><span class=\"\">\u00a0la econom\u00eda de Barcelona.<\/span><\/span><\/p>\n<p><span>Un segundo hecho que alerta en este mismo sentido es que la feria audiovisual\u00a0<\/span><strong><span>ISE<\/span><\/strong><span>\u00a0aplaza un a\u00f1o su llegada a Barcelona.\u00a0Ser\u00e1 s\u00f3lo un encuentro en peque\u00f1o formato el mes de junio y sin visitantes extranjeros.\u00a0La causa, una vez m\u00e1s, han sido las cancelaciones de las grandes compa\u00f1\u00edas, que se hab\u00edan disparado en los \u00faltimos d\u00edas.<\/span><\/p>\n<p><span>Y si estos hechos pueden ser un indicador adelantado del segundo trimestre, las\u00a0<\/span><strong><span>datos que nos llegan del primero son francamente negativas<\/span><\/strong><span>. AIReF ha estimado en un <\/span><strong><span>-1,4%<\/span><\/strong><span>\u00a0la ca\u00edda del PIB en este periodo. Considerando que venimos de un a\u00f1o terriblemente negativo como ha sido el 2020, el resultado se convierte en mucho peor de lo inicialmente previsto.<\/span><\/p>\n<p><span>Entonces, todo radica en la confianza que podamos depositar en la evoluci\u00f3n de los pr\u00f3ximos meses. El acreditado economista Josep Oliver Alonso escrib\u00eda en La Vanguardia \u00ab<\/span><em><span>incluso disponiendo de las vacunas precisas, parece dif\u00edcil imaginar que a finales de junio la Covid haya bajado tanto para permitir un verano econ\u00f3micamente expansivo<\/span><\/em><span>\u00ab. Y esta cuesti\u00f3n es b\u00e1sica. Y radica en dos aspectos estrechamente relacionados,\u00a0<\/span><strong><span>la recuperaci\u00f3n de la movilidad que est\u00e1 en m\u00ednimos, y el retorno del turismo en un grado significativo<\/span><\/strong><span>\u00a0.<\/span><\/p>\n<p><span>Las previsiones del Funcas se\u00f1alan que en 2022, en un escenario optimista, la deuda p\u00fablica alcanzar\u00eda el\u00a0<\/span><strong><em><span>114,9% del PIB<\/span><\/em><\/strong><span>, pero con uno pesimista se alzar\u00eda hasta <\/span><strong><span>el 121,5%.<\/span><\/strong><span>\u00a0Algo parecido suceder\u00eda con el paro del pr\u00f3ximo a\u00f1o, que podr\u00eda oscilar entre el\u00a0<\/span><strong><span>14,3% en el mejor de los casos y el 17,6%<\/span><\/strong><span> en el peor. Si la movilidad no se recupera lo suficiente, y lo hace bien, y el turismo no vuelve este a\u00f1o, las cartas a jugar quedar\u00e1n muy condicionadas. Hay que pensar que el tercer trimestre del a\u00f1o y a escala espa\u00f1ola s\u00f3lo por turismo <\/span><strong><span>ingresan 30.000 millones de euros<\/span><\/strong><span>.\u00a0Y que el a\u00f1o pasado s\u00f3lo se lograron la cuarta parte.\u00a0Es cierto que hay un consumo embalsado muy importante en el que la gente no gasta y ahorra, pero para que se haga efectivo es necesario que se aclaren las nubes que a\u00fan ennegrecen todo el horizonte.<\/span><\/p>\n<p><span>La aclaraci\u00f3n de las perspectivas est\u00e1 estrictamente condicionado por la evoluci\u00f3n de la Covid y aqu\u00ed los datos son ambivalentes. Por un lado y lentamente la tercera ola declina, pero se mantiene en unos niveles absolutamente peligrosos.\u00a0La \u00fanica manera de superar ese mar de fondo adverso es por medio\u00a0<\/span><strong><span>de la vacunaci\u00f3n<\/span><\/strong><span>.\u00a0Pero aqu\u00ed, una vez m\u00e1s, las autoridades pol\u00edticas ayudan a la confusi\u00f3n y a no aclarar las incertidumbres.<\/span><\/p>\n<p><span>En sus \u00faltimas declaraciones la\u00a0<\/span><strong><span>consejera Alba Verg\u00e9s<\/span><\/strong><span> asegur\u00f3 que \u00ab<\/span><em><span>el pr\u00f3ximo mes de junio ser\u00e1 posible acercarse al 30%<\/span><\/em><span>\u00ab, una cifra muy alejada de la inmunidad de grupo, que estar\u00eda en el 70% y que a la vez se\u00f1ala aceptar un progreso muy pobre. En efecto si se continuase el ritmo actual de las \u00faltimas semanas de 134.273 pinchazos diarios, se podr\u00eda alcanzar la cifra del 25% en el mes de junio.<\/span><\/p>\n<p><span>Es evidente que la falta de vacunas lo condiciona todo, pero tambi\u00e9n es cierto que la forma de operar tambi\u00e9n crea desconcierto entre la poblaci\u00f3n. Se est\u00e1 viendo en\u00a0<\/span><a href=\"https:\/\/conversesacatalunya.cat\/es\/que-ocurre-con-la-vacunacion-de-los-mayores-de-90-anos\/\" target=\"_blank\" rel=\"noopener\"><span>los mayores de 80 a\u00f1os<\/span><\/a><span> que est\u00e1n siendo vacunados muy lentamente a pesar de que son la poblaci\u00f3n que concentra m\u00e1s riesgo. No est\u00e1n claros los criterios que se siguen para este grupo porque no parece que ni la edad ni la existencia de otros factores de riesgo determinen ning\u00fan tipo de prioridad. El anuncio de que se presenten a vacunar personas que luego no los vacunan por falta de material, como ha sucedido en varios CAPs de Barcelona contribuye a\u00fan m\u00e1s a crear un estado de \u00e1nimo que no acompa\u00f1a al que debe existir para estimular la recuperaci\u00f3n.<\/span><\/p>\n<span class='bctt-click-to-tweet'><span class='bctt-ctt-text'><a href='https:\/\/twitter.com\/intent\/tweet?url=https%3A%2F%2Fconversesacatalunya.cat%2Fes%2Fverano-covid%2F&#038;text=Malos%20presagios%20de%20cara%20al%20verano&#038;via=conversesacat&#038;related=conversesacat' target='_blank'rel=\"noopener noreferrer\">Malos presagios de cara al verano <\/a><\/span><a href='https:\/\/twitter.com\/intent\/tweet?url=https%3A%2F%2Fconversesacatalunya.cat%2Fes%2Fverano-covid%2F&#038;text=Malos%20presagios%20de%20cara%20al%20verano&#038;via=conversesacat&#038;related=conversesacat' target='_blank' class='bctt-ctt-btn'rel=\"noopener noreferrer\">Compartir en X<\/a><\/span>\n<div id=\"polls-96\" class=\"wp-polls\">\n\t<form id=\"polls_form_96\" class=\"wp-polls-form\" action=\"\/index.php\" method=\"post\">\n\t\t<p style=\"display: none;\"><input type=\"hidden\" id=\"poll_96_nonce\" name=\"wp-polls-nonce\" value=\"40c1585670\" \/><\/p>\n\t\t<p style=\"display: none;\"><input type=\"hidden\" name=\"poll_id\" value=\"96\" \/><\/p>\n\t\t<p style=\"text-align: center\"><strong>Creieu que la nova presidenta del Parlament de Catalunya, Laura Borr\u00e0s,  durar\u00e0 tota la legislatura?<\/strong><\/p><div id=\"polls-96-ans\" class=\"wp-polls-ans\"><ul class=\"wp-polls-ul\">\n\t\t<li><input type=\"radio\" id=\"poll-answer-224\" name=\"poll_96\" value=\"224\" \/> <label for=\"poll-answer-224\">Si<\/label><\/li>\n\t\t<li><input type=\"radio\" id=\"poll-answer-225\" name=\"poll_96\" value=\"225\" \/> <label for=\"poll-answer-225\">No<\/label><\/li>\n\t\t<li><input type=\"radio\" id=\"poll-answer-226\" name=\"poll_96\" value=\"226\" \/> <label for=\"poll-answer-226\">No ho s\u00e9<\/label><\/li>\n\t\t<\/ul><p style=\"text-align: center\"><input type=\"button\" name=\"vote\" value=\"   Vota   \" class=\"Buttons\" onclick=\"poll_vote(96);\" \/><\/p><p style=\"text-align: center\"><a href=\"#ViewPollResults\" onclick=\"poll_result(96); return false;\" title=\"View Results Of This Poll\">Mira els resultats<\/a><\/p><\/div>\n\t<\/form>\n<\/div>\n<div id=\"polls-96-loading\" class=\"wp-polls-loading\"><img decoding=\"async\" data-src=\"https:\/\/conversesacatalunya.cat\/wp-content\/plugins\/wp-polls\/images\/loading.gif\" width=\"16\" height=\"16\" alt=\"Cargando ...\" title=\"Cargando ...\" class=\"wp-polls-image lazyload\" src=\"data:image\/svg+xml;base64,PHN2ZyB3aWR0aD0iMSIgaGVpZ2h0PSIxIiB4bWxucz0iaHR0cDovL3d3dy53My5vcmcvMjAwMC9zdmciPjwvc3ZnPg==\" style=\"--smush-placeholder-width: 16px; --smush-placeholder-aspect-ratio: 16\/16;\" \/>&nbsp;Cargando ...<\/div>\n\n","protected":false},"excerpt":{"rendered":"<p>La informaci\u00f3n sobre las bajas de grandes empresas en el\u00a0Mobile World Congress\u00a0(MWC), como son los casos de Facebook, Oracle, Ericcson, Sony y Nokia, parecen repetir el escenario que se produjo el a\u00f1o pasado, y que determin\u00f3 su suspensi\u00f3n. Lo m\u00e1s probable, sin embargo, es que el Congreso se haga si bien con una participaci\u00f3n mucho m\u00e1s desvanecida y con mucha menor presencia. Y ese es el hecho determinante para la ciudad. Cuanto m\u00e1s virtual sea el congreso, menos impacto econ\u00f3mico experimentar\u00e1\u00a0la econom\u00eda de Barcelona. Un segundo hecho que alerta en este mismo sentido es que la feria audiovisual\u00a0ISE\u00a0aplaza un a\u00f1o su llegada a Barcelona.\u00a0Ser\u00e1 s\u00f3lo un encuentro en peque\u00f1o formato el mes de junio y sin visitantes extranjeros.\u00a0La causa, una vez m\u00e1s, han sido las cancelaciones de las grandes compa\u00f1\u00edas, que se hab\u00edan disparado en los \u00faltimos d\u00edas. Y si estos hechos pueden ser un indicador adelantado del segundo trimestre, las\u00a0datos que nos llegan del primero son francamente negativas. AIReF ha estimado en un -1,4%\u00a0la ca\u00edda del PIB en este periodo. Considerando que venimos de un a\u00f1o terriblemente negativo como ha sido el 2020, el resultado se convierte en mucho peor de lo inicialmente previsto. Entonces, todo radica en la confianza que podamos depositar en la evoluci\u00f3n de los pr\u00f3ximos meses. El acreditado economista Josep Oliver Alonso escrib\u00eda en La Vanguardia \u00abincluso disponiendo de las vacunas precisas, parece dif\u00edcil imaginar que a finales de junio la Covid haya bajado tanto para permitir un verano econ\u00f3micamente expansivo\u00ab. Y esta cuesti\u00f3n es b\u00e1sica. Y radica en dos aspectos estrechamente relacionados,\u00a0la recuperaci\u00f3n de la movilidad que est\u00e1 en m\u00ednimos, y el retorno del turismo en un grado significativo\u00a0. Las previsiones del Funcas se\u00f1alan que en 2022, en un escenario optimista, la deuda p\u00fablica alcanzar\u00eda el\u00a0114,9% del PIB, pero con uno pesimista se alzar\u00eda hasta el 121,5%.\u00a0Algo parecido suceder\u00eda con el paro del pr\u00f3ximo a\u00f1o, que podr\u00eda oscilar entre el\u00a014,3% en el mejor de los casos y el 17,6% en el peor. Si la movilidad no se recupera lo suficiente, y lo hace bien, y el turismo no vuelve este a\u00f1o, las cartas a jugar quedar\u00e1n muy condicionadas. Hay que pensar que el tercer trimestre del a\u00f1o y a escala espa\u00f1ola s\u00f3lo por turismo ingresan 30.000 millones de euros.\u00a0Y que el a\u00f1o pasado s\u00f3lo se lograron la cuarta parte.\u00a0Es cierto que hay un consumo embalsado muy importante en el que la gente no gasta y ahorra, pero para que se haga efectivo es necesario que se aclaren las nubes que a\u00fan ennegrecen todo el horizonte. La aclaraci\u00f3n de las perspectivas est\u00e1 estrictamente condicionado por la evoluci\u00f3n de la Covid y aqu\u00ed los datos son ambivalentes. Por un lado y lentamente la tercera ola declina, pero se mantiene en unos niveles absolutamente peligrosos.\u00a0La \u00fanica manera de superar ese mar de fondo adverso es por medio\u00a0de la vacunaci\u00f3n.\u00a0Pero aqu\u00ed, una vez m\u00e1s, las autoridades pol\u00edticas ayudan a la confusi\u00f3n y a no aclarar las incertidumbres. En sus \u00faltimas declaraciones la\u00a0consejera Alba Verg\u00e9s asegur\u00f3 que \u00abel pr\u00f3ximo mes de junio ser\u00e1 posible acercarse al 30%\u00ab, una cifra muy alejada de la inmunidad de grupo, que estar\u00eda en el 70% y que a la vez se\u00f1ala aceptar un progreso muy pobre. En efecto si se continuase el ritmo actual de las \u00faltimas semanas de 134.273 pinchazos diarios, se podr\u00eda alcanzar la cifra del 25% en el mes de junio. Es evidente que la falta de vacunas lo condiciona todo, pero tambi\u00e9n es cierto que la forma de operar tambi\u00e9n crea desconcierto entre la poblaci\u00f3n. Se est\u00e1 viendo en\u00a0los mayores de 80 a\u00f1os que est\u00e1n siendo vacunados muy lentamente a pesar de que son la poblaci\u00f3n que concentra m\u00e1s riesgo. No est\u00e1n claros los criterios que se siguen para este grupo porque no parece que ni la edad ni la existencia de otros factores de riesgo determinen ning\u00fan tipo de prioridad. El anuncio de que se presenten a vacunar personas que luego no los vacunan por falta de material, como ha sucedido en varios CAPs de Barcelona contribuye a\u00fan m\u00e1s a crear un estado de \u00e1nimo que no acompa\u00f1a al que debe existir para estimular la recuperaci\u00f3n.<\/p>\n","protected":false},"author":2,"featured_media":46066,"comment_status":"open","ping_status":"open","sticky":false,"template":"","format":"standard","meta":{"_FSMCFIC_featured_image_caption":"","_FSMCFIC_featured_image_nocaption":"","_FSMCFIC_featured_image_hide":"","footnotes":""},"categories":[1772,806],"tags":[1504,3006,3248],"class_list":["post-46068","post","type-post","status-publish","format-standard","has-post-thumbnail","hentry","category-especial-coronavirus-es","category-punts-claus-del-dia-es","tag-coronavirus-es","tag-crisis-coronavirus","tag-vacunacion"],"yoast_head":"<!-- This site is optimized with the Yoast SEO plugin v26.8 - https:\/\/yoast.com\/product\/yoast-seo-wordpress\/ -->\n<title>Malos presagios de cara al verano - Converses a Catalunya<\/title>\n<meta name=\"description\" content=\"La consejera Alba Verg\u00e9s asegur\u00f3 que &quot;el pr\u00f3ximo mes de junio ser\u00e1 posible acercarse al 30%&quot;, una cifra muy alejada de la inmunidad de grupo, que estar\u00eda en el 70%\" \/>\n<meta name=\"robots\" content=\"index, follow, max-snippet:-1, max-image-preview:large, max-video-preview:-1\" \/>\n<link rel=\"canonical\" href=\"https:\/\/conversesacatalunya.cat\/es\/verano-covid\/\" \/>\n<meta property=\"og:locale\" content=\"es_ES\" \/>\n<meta property=\"og:type\" content=\"article\" \/>\n<meta property=\"og:title\" content=\"Malos presagios de cara al verano - Converses a Catalunya\" \/>\n<meta property=\"og:description\" content=\"La consejera Alba Verg\u00e9s asegur\u00f3 que &quot;el pr\u00f3ximo mes de junio ser\u00e1 posible acercarse al 30%&quot;, una cifra muy alejada de la inmunidad de grupo, que estar\u00eda en el 70%\" \/>\n<meta property=\"og:url\" content=\"https:\/\/conversesacatalunya.cat\/es\/verano-covid\/\" \/>\n<meta property=\"og:site_name\" content=\"Converses a Catalunya\" \/>\n<meta property=\"article:published_time\" content=\"2021-03-15T11:04:12+00:00\" \/>\n<meta property=\"article:modified_time\" content=\"2021-03-15T12:52:32+00:00\" \/>\n<meta property=\"og:image\" content=\"https:\/\/conversesacatalunya.cat\/wp-content\/uploads\/2021\/03\/platja.jpg\" \/>\n\t<meta property=\"og:image:width\" content=\"980\" \/>\n\t<meta property=\"og:image:height\" content=\"554\" \/>\n\t<meta property=\"og:image:type\" content=\"image\/jpeg\" \/>\n<meta name=\"author\" content=\"conversesacatalunya\" \/>\n<meta name=\"twitter:card\" content=\"summary_large_image\" \/>\n<meta name=\"twitter:label1\" content=\"Escrito por\" \/>\n\t<meta name=\"twitter:data1\" content=\"conversesacatalunya\" \/>\n\t<meta name=\"twitter:label2\" content=\"Tiempo de lectura\" \/>\n\t<meta name=\"twitter:data2\" content=\"4 minutos\" \/>\n<script type=\"application\/ld+json\" class=\"yoast-schema-graph\">{\"@context\":\"https:\/\/schema.org\",\"@graph\":[{\"@type\":\"Article\",\"@id\":\"https:\/\/conversesacatalunya.cat\/es\/verano-covid\/#article\",\"isPartOf\":{\"@id\":\"https:\/\/conversesacatalunya.cat\/es\/verano-covid\/\"},\"author\":{\"name\":\"conversesacatalunya\",\"@id\":\"https:\/\/conversesacatalunya.cat\/#\/schema\/person\/7e24d1e54a2785373ddcb275eae5ed99\"},\"headline\":\"Malos presagios de cara al verano\",\"datePublished\":\"2021-03-15T11:04:12+00:00\",\"dateModified\":\"2021-03-15T12:52:32+00:00\",\"mainEntityOfPage\":{\"@id\":\"https:\/\/conversesacatalunya.cat\/es\/verano-covid\/\"},\"wordCount\":806,\"commentCount\":0,\"image\":{\"@id\":\"https:\/\/conversesacatalunya.cat\/es\/verano-covid\/#primaryimage\"},\"thumbnailUrl\":\"https:\/\/conversesacatalunya.cat\/wp-content\/uploads\/2021\/03\/platja.jpg\",\"keywords\":[\"coronavirus\",\"crisis coronavirus\",\"vacunaci\u00f3n\"],\"articleSection\":[\"Especial Coronavirus (ES)\",\"Punts clau del dia (ES)\"],\"inLanguage\":\"es\",\"potentialAction\":[{\"@type\":\"CommentAction\",\"name\":\"Comment\",\"target\":[\"https:\/\/conversesacatalunya.cat\/es\/verano-covid\/#respond\"]}]},{\"@type\":\"WebPage\",\"@id\":\"https:\/\/conversesacatalunya.cat\/es\/verano-covid\/\",\"url\":\"https:\/\/conversesacatalunya.cat\/es\/verano-covid\/\",\"name\":\"Malos presagios de cara al verano - Converses a Catalunya\",\"isPartOf\":{\"@id\":\"https:\/\/conversesacatalunya.cat\/#website\"},\"primaryImageOfPage\":{\"@id\":\"https:\/\/conversesacatalunya.cat\/es\/verano-covid\/#primaryimage\"},\"image\":{\"@id\":\"https:\/\/conversesacatalunya.cat\/es\/verano-covid\/#primaryimage\"},\"thumbnailUrl\":\"https:\/\/conversesacatalunya.cat\/wp-content\/uploads\/2021\/03\/platja.jpg\",\"datePublished\":\"2021-03-15T11:04:12+00:00\",\"dateModified\":\"2021-03-15T12:52:32+00:00\",\"author\":{\"@id\":\"https:\/\/conversesacatalunya.cat\/#\/schema\/person\/7e24d1e54a2785373ddcb275eae5ed99\"},\"description\":\"La consejera Alba Verg\u00e9s asegur\u00f3 que \\\"el pr\u00f3ximo mes de junio ser\u00e1 posible acercarse al 30%\\\", una cifra muy alejada de la inmunidad de grupo, que estar\u00eda en el 70%\",\"breadcrumb\":{\"@id\":\"https:\/\/conversesacatalunya.cat\/es\/verano-covid\/#breadcrumb\"},\"inLanguage\":\"es\",\"potentialAction\":[{\"@type\":\"ReadAction\",\"target\":[\"https:\/\/conversesacatalunya.cat\/es\/verano-covid\/\"]}]},{\"@type\":\"ImageObject\",\"inLanguage\":\"es\",\"@id\":\"https:\/\/conversesacatalunya.cat\/es\/verano-covid\/#primaryimage\",\"url\":\"https:\/\/conversesacatalunya.cat\/wp-content\/uploads\/2021\/03\/platja.jpg\",\"contentUrl\":\"https:\/\/conversesacatalunya.cat\/wp-content\/uploads\/2021\/03\/platja.jpg\",\"width\":980,\"height\":554},{\"@type\":\"BreadcrumbList\",\"@id\":\"https:\/\/conversesacatalunya.cat\/es\/verano-covid\/#breadcrumb\",\"itemListElement\":[{\"@type\":\"ListItem\",\"position\":1,\"name\":\"Inici\",\"item\":\"https:\/\/conversesacatalunya.cat\/es\/\"},{\"@type\":\"ListItem\",\"position\":2,\"name\":\"Malos presagios de cara al verano\"}]},{\"@type\":\"WebSite\",\"@id\":\"https:\/\/conversesacatalunya.cat\/#website\",\"url\":\"https:\/\/conversesacatalunya.cat\/\",\"name\":\"Converses a Catalunya\",\"description\":\"\",\"potentialAction\":[{\"@type\":\"SearchAction\",\"target\":{\"@type\":\"EntryPoint\",\"urlTemplate\":\"https:\/\/conversesacatalunya.cat\/?s={search_term_string}\"},\"query-input\":{\"@type\":\"PropertyValueSpecification\",\"valueRequired\":true,\"valueName\":\"search_term_string\"}}],\"inLanguage\":\"es\"},{\"@type\":\"Person\",\"@id\":\"https:\/\/conversesacatalunya.cat\/#\/schema\/person\/7e24d1e54a2785373ddcb275eae5ed99\",\"name\":\"conversesacatalunya\",\"image\":{\"@type\":\"ImageObject\",\"inLanguage\":\"es\",\"@id\":\"https:\/\/conversesacatalunya.cat\/#\/schema\/person\/image\/\",\"url\":\"https:\/\/conversesacatalunya.cat\/wp-content\/litespeed\/avatar\/febdfeeec89d950f01c748045a981dd2.jpg?ver=1777314535\",\"contentUrl\":\"https:\/\/conversesacatalunya.cat\/wp-content\/litespeed\/avatar\/febdfeeec89d950f01c748045a981dd2.jpg?ver=1777314535\",\"caption\":\"conversesacatalunya\"},\"url\":\"https:\/\/conversesacatalunya.cat\/es\/author\/carme_catala\/\"}]}<\/script>\n<!-- \/ Yoast SEO plugin. -->","yoast_head_json":{"title":"Malos presagios de cara al verano - Converses a Catalunya","description":"La consejera Alba Verg\u00e9s asegur\u00f3 que \"el pr\u00f3ximo mes de junio ser\u00e1 posible acercarse al 30%\", una cifra muy alejada de la inmunidad de grupo, que estar\u00eda en el 70%","robots":{"index":"index","follow":"follow","max-snippet":"max-snippet:-1","max-image-preview":"max-image-preview:large","max-video-preview":"max-video-preview:-1"},"canonical":"https:\/\/conversesacatalunya.cat\/es\/verano-covid\/","og_locale":"es_ES","og_type":"article","og_title":"Malos presagios de cara al verano - Converses a Catalunya","og_description":"La consejera Alba Verg\u00e9s asegur\u00f3 que \"el pr\u00f3ximo mes de junio ser\u00e1 posible acercarse al 30%\", una cifra muy alejada de la inmunidad de grupo, que estar\u00eda en el 70%","og_url":"https:\/\/conversesacatalunya.cat\/es\/verano-covid\/","og_site_name":"Converses a Catalunya","article_published_time":"2021-03-15T11:04:12+00:00","article_modified_time":"2021-03-15T12:52:32+00:00","og_image":[{"width":980,"height":554,"url":"https:\/\/conversesacatalunya.cat\/wp-content\/uploads\/2021\/03\/platja.jpg","type":"image\/jpeg"}],"author":"conversesacatalunya","twitter_card":"summary_large_image","twitter_misc":{"Escrito por":"conversesacatalunya","Tiempo de lectura":"4 minutos"},"schema":{"@context":"https:\/\/schema.org","@graph":[{"@type":"Article","@id":"https:\/\/conversesacatalunya.cat\/es\/verano-covid\/#article","isPartOf":{"@id":"https:\/\/conversesacatalunya.cat\/es\/verano-covid\/"},"author":{"name":"conversesacatalunya","@id":"https:\/\/conversesacatalunya.cat\/#\/schema\/person\/7e24d1e54a2785373ddcb275eae5ed99"},"headline":"Malos presagios de cara al verano","datePublished":"2021-03-15T11:04:12+00:00","dateModified":"2021-03-15T12:52:32+00:00","mainEntityOfPage":{"@id":"https:\/\/conversesacatalunya.cat\/es\/verano-covid\/"},"wordCount":806,"commentCount":0,"image":{"@id":"https:\/\/conversesacatalunya.cat\/es\/verano-covid\/#primaryimage"},"thumbnailUrl":"https:\/\/conversesacatalunya.cat\/wp-content\/uploads\/2021\/03\/platja.jpg","keywords":["coronavirus","crisis coronavirus","vacunaci\u00f3n"],"articleSection":["Especial Coronavirus (ES)","Punts clau del dia (ES)"],"inLanguage":"es","potentialAction":[{"@type":"CommentAction","name":"Comment","target":["https:\/\/conversesacatalunya.cat\/es\/verano-covid\/#respond"]}]},{"@type":"WebPage","@id":"https:\/\/conversesacatalunya.cat\/es\/verano-covid\/","url":"https:\/\/conversesacatalunya.cat\/es\/verano-covid\/","name":"Malos presagios de cara al verano - Converses a Catalunya","isPartOf":{"@id":"https:\/\/conversesacatalunya.cat\/#website"},"primaryImageOfPage":{"@id":"https:\/\/conversesacatalunya.cat\/es\/verano-covid\/#primaryimage"},"image":{"@id":"https:\/\/conversesacatalunya.cat\/es\/verano-covid\/#primaryimage"},"thumbnailUrl":"https:\/\/conversesacatalunya.cat\/wp-content\/uploads\/2021\/03\/platja.jpg","datePublished":"2021-03-15T11:04:12+00:00","dateModified":"2021-03-15T12:52:32+00:00","author":{"@id":"https:\/\/conversesacatalunya.cat\/#\/schema\/person\/7e24d1e54a2785373ddcb275eae5ed99"},"description":"La consejera Alba Verg\u00e9s asegur\u00f3 que \"el pr\u00f3ximo mes de junio ser\u00e1 posible acercarse al 30%\", una cifra muy alejada de la inmunidad de grupo, que estar\u00eda en el 70%","breadcrumb":{"@id":"https:\/\/conversesacatalunya.cat\/es\/verano-covid\/#breadcrumb"},"inLanguage":"es","potentialAction":[{"@type":"ReadAction","target":["https:\/\/conversesacatalunya.cat\/es\/verano-covid\/"]}]},{"@type":"ImageObject","inLanguage":"es","@id":"https:\/\/conversesacatalunya.cat\/es\/verano-covid\/#primaryimage","url":"https:\/\/conversesacatalunya.cat\/wp-content\/uploads\/2021\/03\/platja.jpg","contentUrl":"https:\/\/conversesacatalunya.cat\/wp-content\/uploads\/2021\/03\/platja.jpg","width":980,"height":554},{"@type":"BreadcrumbList","@id":"https:\/\/conversesacatalunya.cat\/es\/verano-covid\/#breadcrumb","itemListElement":[{"@type":"ListItem","position":1,"name":"Inici","item":"https:\/\/conversesacatalunya.cat\/es\/"},{"@type":"ListItem","position":2,"name":"Malos presagios de cara al verano"}]},{"@type":"WebSite","@id":"https:\/\/conversesacatalunya.cat\/#website","url":"https:\/\/conversesacatalunya.cat\/","name":"Converses a Catalunya","description":"","potentialAction":[{"@type":"SearchAction","target":{"@type":"EntryPoint","urlTemplate":"https:\/\/conversesacatalunya.cat\/?s={search_term_string}"},"query-input":{"@type":"PropertyValueSpecification","valueRequired":true,"valueName":"search_term_string"}}],"inLanguage":"es"},{"@type":"Person","@id":"https:\/\/conversesacatalunya.cat\/#\/schema\/person\/7e24d1e54a2785373ddcb275eae5ed99","name":"conversesacatalunya","image":{"@type":"ImageObject","inLanguage":"es","@id":"https:\/\/conversesacatalunya.cat\/#\/schema\/person\/image\/","url":"https:\/\/conversesacatalunya.cat\/wp-content\/litespeed\/avatar\/febdfeeec89d950f01c748045a981dd2.jpg?ver=1777314535","contentUrl":"https:\/\/conversesacatalunya.cat\/wp-content\/litespeed\/avatar\/febdfeeec89d950f01c748045a981dd2.jpg?ver=1777314535","caption":"conversesacatalunya"},"url":"https:\/\/conversesacatalunya.cat\/es\/author\/carme_catala\/"}]}},"wps_subtitle":"La consejera Alba Verg\u00e9s asegur\u00f3 que \"el pr\u00f3ximo mes de junio ser\u00e1 posible acercarse al 30%\", una cifra muy alejada de la inmunidad de grupo, que estar\u00eda en el 70%","_links":{"self":[{"href":"https:\/\/conversesacatalunya.cat\/es\/wp-json\/wp\/v2\/posts\/46068","targetHints":{"allow":["GET"]}}],"collection":[{"href":"https:\/\/conversesacatalunya.cat\/es\/wp-json\/wp\/v2\/posts"}],"about":[{"href":"https:\/\/conversesacatalunya.cat\/es\/wp-json\/wp\/v2\/types\/post"}],"author":[{"embeddable":true,"href":"https:\/\/conversesacatalunya.cat\/es\/wp-json\/wp\/v2\/users\/2"}],"replies":[{"embeddable":true,"href":"https:\/\/conversesacatalunya.cat\/es\/wp-json\/wp\/v2\/comments?post=46068"}],"version-history":[{"count":2,"href":"https:\/\/conversesacatalunya.cat\/es\/wp-json\/wp\/v2\/posts\/46068\/revisions"}],"predecessor-version":[{"id":46070,"href":"https:\/\/conversesacatalunya.cat\/es\/wp-json\/wp\/v2\/posts\/46068\/revisions\/46070"}],"wp:featuredmedia":[{"embeddable":true,"href":"https:\/\/conversesacatalunya.cat\/es\/wp-json\/wp\/v2\/media\/46066"}],"wp:attachment":[{"href":"https:\/\/conversesacatalunya.cat\/es\/wp-json\/wp\/v2\/media?parent=46068"}],"wp:term":[{"taxonomy":"category","embeddable":true,"href":"https:\/\/conversesacatalunya.cat\/es\/wp-json\/wp\/v2\/categories?post=46068"},{"taxonomy":"post_tag","embeddable":true,"href":"https:\/\/conversesacatalunya.cat\/es\/wp-json\/wp\/v2\/tags?post=46068"}],"curies":[{"name":"wp","href":"https:\/\/api.w.org\/{rel}","templated":true}]}}