{"id":45982,"date":"2021-03-12T12:17:20","date_gmt":"2021-03-12T11:17:20","guid":{"rendered":"https:\/\/conversesacatalunya.cat\/independentisme-letern-retorn\/"},"modified":"2021-03-12T13:01:41","modified_gmt":"2021-03-12T12:01:41","slug":"independentismo-el-eterno-retorno","status":"publish","type":"post","link":"https:\/\/conversesacatalunya.cat\/es\/independentismo-el-eterno-retorno\/","title":{"rendered":"Independentismo: el eterno retorno"},"content":{"rendered":"<p><span><span class=\"\">Ya est\u00e1 claro, tendremos un gobierno de la Generalitat como el que ten\u00edamos, con la diferencia de que en lugar de Torra habr\u00e1 Pere Aragon\u00e9s. Esta es la conclusi\u00f3n, si no pasa nada de especial, a que permite llegar tras conocerse el acuerdo sobre la Mesa del Parlamento, que presidir\u00e1 <\/span><\/span><strong><span><span class=\"\">Laura Borr\u00e0s,<\/span><\/span><\/strong><span><span class=\"\"> pese a pesar sobre ella la amenaza de una inculpaci\u00f3n por un delito que nada tiene que ver con la pol\u00edtica: trato de favor en la contrataci\u00f3n, seg\u00fan el informe inicial de los <\/span><\/span><strong><span><span class=\"\">Mossos<\/span><\/span><\/strong><span><span class=\"\">, pero que el mundo independentista considera que forma parte de las agresiones del estado.<\/span><\/span><\/p>\n<p><span>En este sentido, la ventaja del independentismo, porque su electorado as\u00ed lo desea, es doble. Por un lado, con independencia de los resultados que obtenga y de la gesti\u00f3n que haga, tiene votos asegurados para formar gobierno.\u00a0Por otra, tiene un blindaje ante cualquier inculpaci\u00f3n judicial, a la que siempre se puede atribuir, con o sin raz\u00f3n, una motivaci\u00f3n pol\u00edtica.<\/span><\/p>\n<p><span>La Mesa del Parlamento, adem\u00e1s de Laura Borr\u00e0s, estar\u00eda constituida por dos miembros de ERC, otro de JxCat y otro de la CUP, que configurar\u00e1n la mayor\u00eda, y dos por el PSC, si bien puede llegar a ceder uno a Catalunya en Com\u00fa. Esta configuraci\u00f3n determinar\u00e0 la del gobierno. Las dos fuerzas mayoritarias se repartir\u00e1n las consejer\u00edas y la CUP apoyar\u00e1 desde fuera.<\/span><\/p>\n<p><span>Una vez m\u00e1s, como en el caso\u00a0<\/span><strong><span>de Arrimadas<\/span><\/strong><span>\u00a0antes, se ha demostrado que el impulso que puede significar una cierta concentraci\u00f3n de voto, en este caso en\u00a0<\/span><strong><span>Illa,<\/span><\/strong><span>\u00a0es insuficiente para romper la correlaci\u00f3n de fuerzas.<\/span><\/p>\n<p><span>Y si de la mirada catalana pasamos a la barcelonesa, ver\u00edamos que una vez desinflado el souffl\u00e9 Colau, el resultado en <\/span><strong><span>Barcelona,<\/span><\/strong><span>\u00a0si nada cambia, puede ser el de otra\u00a0<\/span><strong><span>mayor\u00eda independentista<\/span><\/strong><span>. Naturalmente, la distribuci\u00f3n de votos no tiene por qu\u00e9 repetir a la del Parlamento, mejor dicho no la repetir\u00e1, pero s\u00ed que aquella sirve como orientaci\u00f3n.<\/span><\/p>\n<p><span><span class=\"goog-text-highlight\">Y ci\u00f1\u00e9ndonos a este criterio, la f\u00f3rmula m\u00e1s posible para ganar el Ayuntamiento ser\u00eda la formada por JxCat y ERC con 9 y 8 concejales respectivamente, y el apoyo, al menos a la hora de elegir el alcalde, de la CUP con 3 concejales. Este conjunto se quedar\u00eda a 1 concejal de la mayor\u00eda absoluta y ser\u00eda suficiente para ganar la alcald\u00eda en segunda vuelta a pesar de que la primera fuerza fuera el PSC con 10 concejales, pero que con los 4 en que quedar\u00eda reducida Colau, ser\u00edan insuficientes para hacer un bloque alternativo. El resto, distribuidos entre el PP y Cs con 2 cada uno, y 3 para Vox, dif\u00edcilmente podr\u00edan configurar una alternativa, porque resulta impensable que el partido de extrema derecha hiciera presidente a Collboni y que apoyara una coalici\u00f3n formada con los seguidores de Colau. Pero si se prescinde de \u00e9ste, a los socialistas no les basta con los 7 esca\u00f1os que aportar\u00edan los partidos del centroderecha. Evidentemente falta mucho tiempo para las elecciones y se pueden mover muchas cosas, y es de desear que pase.<\/span><\/span><\/p>\n<p><span>En todo caso, lo que queda claro es que movimientos vegetativos del tablero tal como est\u00e1 dispuesto, no pondr\u00e1n fin a la mayor\u00eda independentista ni al predominio de la izquierda muy zurda en las coaliciones. La conclusi\u00f3n es evidente:\u00a0<\/span><strong><span>o surgen nuevas din\u00e1micas pol\u00edticas que alteren todo el escenario catal\u00e1n<\/span><\/strong><span>, porque representan planteamientos nuevos que borran fronteras y aportan con credibilidad lo que la mayor\u00eda de la gente busca hoy en d\u00eda, o la pol\u00edtica catalana significar\u00e1 el eterno retorno.<\/span><\/p>\n<div id=\"polls-95\" class=\"wp-polls\">\n\t<form id=\"polls_form_95\" class=\"wp-polls-form\" action=\"\/index.php\" method=\"post\">\n\t\t<p style=\"display: none;\"><input type=\"hidden\" id=\"poll_95_nonce\" name=\"wp-polls-nonce\" value=\"c24d458a82\" \/><\/p>\n\t\t<p style=\"display: none;\"><input type=\"hidden\" name=\"poll_id\" value=\"95\" \/><\/p>\n\t\t<p style=\"text-align: center\"><strong>La CUP ha d'ocupar la presid\u00e8ncia del Parlament de Catalunya?<\/strong><\/p><div id=\"polls-95-ans\" class=\"wp-polls-ans\"><ul class=\"wp-polls-ul\">\n\t\t<li><input type=\"radio\" id=\"poll-answer-222\" name=\"poll_95\" value=\"222\" \/> <label for=\"poll-answer-222\">Si<\/label><\/li>\n\t\t<li><input type=\"radio\" id=\"poll-answer-223\" name=\"poll_95\" value=\"223\" \/> <label for=\"poll-answer-223\">No<\/label><\/li>\n\t\t<\/ul><p style=\"text-align: center\"><input type=\"button\" name=\"vote\" value=\"   Vota   \" class=\"Buttons\" onclick=\"poll_vote(95);\" \/><\/p><p style=\"text-align: center\"><a href=\"#ViewPollResults\" onclick=\"poll_result(95); return false;\" title=\"View Results Of This Poll\">Mira els resultats<\/a><\/p><\/div>\n\t<\/form>\n<\/div>\n<div id=\"polls-95-loading\" class=\"wp-polls-loading\"><img decoding=\"async\" data-src=\"https:\/\/conversesacatalunya.cat\/wp-content\/plugins\/wp-polls\/images\/loading.gif\" width=\"16\" height=\"16\" alt=\"Cargando ...\" title=\"Cargando ...\" class=\"wp-polls-image lazyload\" src=\"data:image\/svg+xml;base64,PHN2ZyB3aWR0aD0iMSIgaGVpZ2h0PSIxIiB4bWxucz0iaHR0cDovL3d3dy53My5vcmcvMjAwMC9zdmciPjwvc3ZnPg==\" style=\"--smush-placeholder-width: 16px; --smush-placeholder-aspect-ratio: 16\/16;\" \/>&nbsp;Cargando ...<\/div>\n\n","protected":false},"excerpt":{"rendered":"<p>Ya est\u00e1 claro, tendremos un gobierno de la Generalitat como el que ten\u00edamos, con la diferencia de que en lugar de Torra habr\u00e1 Pere Aragon\u00e9s. Esta es la conclusi\u00f3n, si no pasa nada de especial, a que permite llegar tras conocerse el acuerdo sobre la Mesa del Parlamento, que presidir\u00e1 Laura Borr\u00e0s, pese a pesar sobre ella la amenaza de una inculpaci\u00f3n por un delito que nada tiene que ver con la pol\u00edtica: trato de favor en la contrataci\u00f3n, seg\u00fan el informe inicial de los Mossos, pero que el mundo independentista considera que forma parte de las agresiones del estado. En este sentido, la ventaja del independentismo, porque su electorado as\u00ed lo desea, es doble. Por un lado, con independencia de los resultados que obtenga y de la gesti\u00f3n que haga, tiene votos asegurados para formar gobierno.\u00a0Por otra, tiene un blindaje ante cualquier inculpaci\u00f3n judicial, a la que siempre se puede atribuir, con o sin raz\u00f3n, una motivaci\u00f3n pol\u00edtica. La Mesa del Parlamento, adem\u00e1s de Laura Borr\u00e0s, estar\u00eda constituida por dos miembros de ERC, otro de JxCat y otro de la CUP, que configurar\u00e1n la mayor\u00eda, y dos por el PSC, si bien puede llegar a ceder uno a Catalunya en Com\u00fa. Esta configuraci\u00f3n determinar\u00e0 la del gobierno. Las dos fuerzas mayoritarias se repartir\u00e1n las consejer\u00edas y la CUP apoyar\u00e1 desde fuera. Una vez m\u00e1s, como en el caso\u00a0de Arrimadas\u00a0antes, se ha demostrado que el impulso que puede significar una cierta concentraci\u00f3n de voto, en este caso en\u00a0Illa,\u00a0es insuficiente para romper la correlaci\u00f3n de fuerzas. Y si de la mirada catalana pasamos a la barcelonesa, ver\u00edamos que una vez desinflado el souffl\u00e9 Colau, el resultado en Barcelona,\u00a0si nada cambia, puede ser el de otra\u00a0mayor\u00eda independentista. Naturalmente, la distribuci\u00f3n de votos no tiene por qu\u00e9 repetir a la del Parlamento, mejor dicho no la repetir\u00e1, pero s\u00ed que aquella sirve como orientaci\u00f3n. Y ci\u00f1\u00e9ndonos a este criterio, la f\u00f3rmula m\u00e1s posible para ganar el Ayuntamiento ser\u00eda la formada por JxCat y ERC con 9 y 8 concejales respectivamente, y el apoyo, al menos a la hora de elegir el alcalde, de la CUP con 3 concejales. Este conjunto se quedar\u00eda a 1 concejal de la mayor\u00eda absoluta y ser\u00eda suficiente para ganar la alcald\u00eda en segunda vuelta a pesar de que la primera fuerza fuera el PSC con 10 concejales, pero que con los 4 en que quedar\u00eda reducida Colau, ser\u00edan insuficientes para hacer un bloque alternativo. El resto, distribuidos entre el PP y Cs con 2 cada uno, y 3 para Vox, dif\u00edcilmente podr\u00edan configurar una alternativa, porque resulta impensable que el partido de extrema derecha hiciera presidente a Collboni y que apoyara una coalici\u00f3n formada con los seguidores de Colau. Pero si se prescinde de \u00e9ste, a los socialistas no les basta con los 7 esca\u00f1os que aportar\u00edan los partidos del centroderecha. Evidentemente falta mucho tiempo para las elecciones y se pueden mover muchas cosas, y es de desear que pase. En todo caso, lo que queda claro es que movimientos vegetativos del tablero tal como est\u00e1 dispuesto, no pondr\u00e1n fin a la mayor\u00eda independentista ni al predominio de la izquierda muy zurda en las coaliciones. La conclusi\u00f3n es evidente:\u00a0o surgen nuevas din\u00e1micas pol\u00edticas que alteren todo el escenario catal\u00e1n, porque representan planteamientos nuevos que borran fronteras y aportan con credibilidad lo que la mayor\u00eda de la gente busca hoy en d\u00eda, o la pol\u00edtica catalana significar\u00e1 el eterno retorno.<\/p>\n","protected":false},"author":2,"featured_media":45979,"comment_status":"open","ping_status":"open","sticky":false,"template":"","format":"standard","meta":{"_FSMCFIC_featured_image_caption":"","_FSMCFIC_featured_image_nocaption":"","_FSMCFIC_featured_image_hide":"","footnotes":""},"categories":[806],"tags":[3559,951,986],"class_list":["post-45982","post","type-post","status-publish","format-standard","has-post-thumbnail","hentry","category-punts-claus-del-dia-es","tag-acuerdo-gobierno","tag-independentisme-es","tag-independentismo-es"],"yoast_head":"<!-- This site is optimized with the Yoast SEO plugin v26.8 - https:\/\/yoast.com\/product\/yoast-seo-wordpress\/ -->\n<title>Independentismo: el eterno retorno - Converses a Catalunya<\/title>\n<meta name=\"description\" content=\"Ya est\u00e1 claro, tendremos un gobierno de la Generalitat como el que ten\u00edamos, con la diferencia de que en lugar de Torra habr\u00e1 Pere Aragon\u00e9s\" \/>\n<meta name=\"robots\" content=\"index, follow, max-snippet:-1, max-image-preview:large, max-video-preview:-1\" \/>\n<link rel=\"canonical\" href=\"https:\/\/conversesacatalunya.cat\/es\/independentismo-el-eterno-retorno\/\" \/>\n<meta property=\"og:locale\" content=\"es_ES\" \/>\n<meta property=\"og:type\" content=\"article\" \/>\n<meta property=\"og:title\" content=\"Independentismo: el eterno retorno - Converses a Catalunya\" \/>\n<meta property=\"og:description\" content=\"Ya est\u00e1 claro, tendremos un gobierno de la Generalitat como el que ten\u00edamos, con la diferencia de que en lugar de Torra habr\u00e1 Pere Aragon\u00e9s\" \/>\n<meta property=\"og:url\" content=\"https:\/\/conversesacatalunya.cat\/es\/independentismo-el-eterno-retorno\/\" \/>\n<meta property=\"og:site_name\" content=\"Converses a Catalunya\" \/>\n<meta property=\"article:published_time\" content=\"2021-03-12T11:17:20+00:00\" \/>\n<meta property=\"article:modified_time\" content=\"2021-03-12T12:01:41+00:00\" \/>\n<meta property=\"og:image\" content=\"https:\/\/conversesacatalunya.cat\/wp-content\/uploads\/2021\/03\/nou-govern-generalitat.jpeg\" \/>\n\t<meta property=\"og:image:width\" content=\"1200\" \/>\n\t<meta property=\"og:image:height\" content=\"675\" \/>\n\t<meta property=\"og:image:type\" content=\"image\/jpeg\" \/>\n<meta name=\"author\" content=\"conversesacatalunya\" \/>\n<meta name=\"twitter:card\" content=\"summary_large_image\" \/>\n<meta name=\"twitter:label1\" content=\"Escrito por\" \/>\n\t<meta name=\"twitter:data1\" content=\"conversesacatalunya\" \/>\n\t<meta name=\"twitter:label2\" content=\"Tiempo de lectura\" \/>\n\t<meta name=\"twitter:data2\" content=\"3 minutos\" \/>\n<script type=\"application\/ld+json\" class=\"yoast-schema-graph\">{\"@context\":\"https:\/\/schema.org\",\"@graph\":[{\"@type\":\"Article\",\"@id\":\"https:\/\/conversesacatalunya.cat\/es\/independentismo-el-eterno-retorno\/#article\",\"isPartOf\":{\"@id\":\"https:\/\/conversesacatalunya.cat\/es\/independentismo-el-eterno-retorno\/\"},\"author\":{\"name\":\"conversesacatalunya\",\"@id\":\"https:\/\/conversesacatalunya.cat\/#\/schema\/person\/7e24d1e54a2785373ddcb275eae5ed99\"},\"headline\":\"Independentismo: el eterno retorno\",\"datePublished\":\"2021-03-12T11:17:20+00:00\",\"dateModified\":\"2021-03-12T12:01:41+00:00\",\"mainEntityOfPage\":{\"@id\":\"https:\/\/conversesacatalunya.cat\/es\/independentismo-el-eterno-retorno\/\"},\"wordCount\":628,\"commentCount\":0,\"image\":{\"@id\":\"https:\/\/conversesacatalunya.cat\/es\/independentismo-el-eterno-retorno\/#primaryimage\"},\"thumbnailUrl\":\"https:\/\/conversesacatalunya.cat\/wp-content\/uploads\/2021\/03\/nou-govern-generalitat.jpeg\",\"keywords\":[\"acuerdo gobierno\",\"Independentisme\",\"Independentismo\"],\"articleSection\":[\"Punts clau del dia (ES)\"],\"inLanguage\":\"es\",\"potentialAction\":[{\"@type\":\"CommentAction\",\"name\":\"Comment\",\"target\":[\"https:\/\/conversesacatalunya.cat\/es\/independentismo-el-eterno-retorno\/#respond\"]}]},{\"@type\":\"WebPage\",\"@id\":\"https:\/\/conversesacatalunya.cat\/es\/independentismo-el-eterno-retorno\/\",\"url\":\"https:\/\/conversesacatalunya.cat\/es\/independentismo-el-eterno-retorno\/\",\"name\":\"Independentismo: el eterno retorno - Converses a Catalunya\",\"isPartOf\":{\"@id\":\"https:\/\/conversesacatalunya.cat\/#website\"},\"primaryImageOfPage\":{\"@id\":\"https:\/\/conversesacatalunya.cat\/es\/independentismo-el-eterno-retorno\/#primaryimage\"},\"image\":{\"@id\":\"https:\/\/conversesacatalunya.cat\/es\/independentismo-el-eterno-retorno\/#primaryimage\"},\"thumbnailUrl\":\"https:\/\/conversesacatalunya.cat\/wp-content\/uploads\/2021\/03\/nou-govern-generalitat.jpeg\",\"datePublished\":\"2021-03-12T11:17:20+00:00\",\"dateModified\":\"2021-03-12T12:01:41+00:00\",\"author\":{\"@id\":\"https:\/\/conversesacatalunya.cat\/#\/schema\/person\/7e24d1e54a2785373ddcb275eae5ed99\"},\"description\":\"Ya est\u00e1 claro, tendremos un gobierno de la Generalitat como el que ten\u00edamos, con la diferencia de que en lugar de Torra habr\u00e1 Pere Aragon\u00e9s\",\"breadcrumb\":{\"@id\":\"https:\/\/conversesacatalunya.cat\/es\/independentismo-el-eterno-retorno\/#breadcrumb\"},\"inLanguage\":\"es\",\"potentialAction\":[{\"@type\":\"ReadAction\",\"target\":[\"https:\/\/conversesacatalunya.cat\/es\/independentismo-el-eterno-retorno\/\"]}]},{\"@type\":\"ImageObject\",\"inLanguage\":\"es\",\"@id\":\"https:\/\/conversesacatalunya.cat\/es\/independentismo-el-eterno-retorno\/#primaryimage\",\"url\":\"https:\/\/conversesacatalunya.cat\/wp-content\/uploads\/2021\/03\/nou-govern-generalitat.jpeg\",\"contentUrl\":\"https:\/\/conversesacatalunya.cat\/wp-content\/uploads\/2021\/03\/nou-govern-generalitat.jpeg\",\"width\":1200,\"height\":675,\"caption\":\"govern independentisme\"},{\"@type\":\"BreadcrumbList\",\"@id\":\"https:\/\/conversesacatalunya.cat\/es\/independentismo-el-eterno-retorno\/#breadcrumb\",\"itemListElement\":[{\"@type\":\"ListItem\",\"position\":1,\"name\":\"Inici\",\"item\":\"https:\/\/conversesacatalunya.cat\/es\/\"},{\"@type\":\"ListItem\",\"position\":2,\"name\":\"Independentismo: el eterno retorno\"}]},{\"@type\":\"WebSite\",\"@id\":\"https:\/\/conversesacatalunya.cat\/#website\",\"url\":\"https:\/\/conversesacatalunya.cat\/\",\"name\":\"Converses a Catalunya\",\"description\":\"\",\"potentialAction\":[{\"@type\":\"SearchAction\",\"target\":{\"@type\":\"EntryPoint\",\"urlTemplate\":\"https:\/\/conversesacatalunya.cat\/?s={search_term_string}\"},\"query-input\":{\"@type\":\"PropertyValueSpecification\",\"valueRequired\":true,\"valueName\":\"search_term_string\"}}],\"inLanguage\":\"es\"},{\"@type\":\"Person\",\"@id\":\"https:\/\/conversesacatalunya.cat\/#\/schema\/person\/7e24d1e54a2785373ddcb275eae5ed99\",\"name\":\"conversesacatalunya\",\"image\":{\"@type\":\"ImageObject\",\"inLanguage\":\"es\",\"@id\":\"https:\/\/conversesacatalunya.cat\/#\/schema\/person\/image\/\",\"url\":\"https:\/\/conversesacatalunya.cat\/wp-content\/litespeed\/avatar\/febdfeeec89d950f01c748045a981dd2.jpg?ver=1777314535\",\"contentUrl\":\"https:\/\/conversesacatalunya.cat\/wp-content\/litespeed\/avatar\/febdfeeec89d950f01c748045a981dd2.jpg?ver=1777314535\",\"caption\":\"conversesacatalunya\"},\"url\":\"https:\/\/conversesacatalunya.cat\/es\/author\/carme_catala\/\"}]}<\/script>\n<!-- \/ Yoast SEO plugin. -->","yoast_head_json":{"title":"Independentismo: el eterno retorno - Converses a Catalunya","description":"Ya est\u00e1 claro, tendremos un gobierno de la Generalitat como el que ten\u00edamos, con la diferencia de que en lugar de Torra habr\u00e1 Pere Aragon\u00e9s","robots":{"index":"index","follow":"follow","max-snippet":"max-snippet:-1","max-image-preview":"max-image-preview:large","max-video-preview":"max-video-preview:-1"},"canonical":"https:\/\/conversesacatalunya.cat\/es\/independentismo-el-eterno-retorno\/","og_locale":"es_ES","og_type":"article","og_title":"Independentismo: el eterno retorno - Converses a Catalunya","og_description":"Ya est\u00e1 claro, tendremos un gobierno de la Generalitat como el que ten\u00edamos, con la diferencia de que en lugar de Torra habr\u00e1 Pere Aragon\u00e9s","og_url":"https:\/\/conversesacatalunya.cat\/es\/independentismo-el-eterno-retorno\/","og_site_name":"Converses a Catalunya","article_published_time":"2021-03-12T11:17:20+00:00","article_modified_time":"2021-03-12T12:01:41+00:00","og_image":[{"width":1200,"height":675,"url":"https:\/\/conversesacatalunya.cat\/wp-content\/uploads\/2021\/03\/nou-govern-generalitat.jpeg","type":"image\/jpeg"}],"author":"conversesacatalunya","twitter_card":"summary_large_image","twitter_misc":{"Escrito por":"conversesacatalunya","Tiempo de lectura":"3 minutos"},"schema":{"@context":"https:\/\/schema.org","@graph":[{"@type":"Article","@id":"https:\/\/conversesacatalunya.cat\/es\/independentismo-el-eterno-retorno\/#article","isPartOf":{"@id":"https:\/\/conversesacatalunya.cat\/es\/independentismo-el-eterno-retorno\/"},"author":{"name":"conversesacatalunya","@id":"https:\/\/conversesacatalunya.cat\/#\/schema\/person\/7e24d1e54a2785373ddcb275eae5ed99"},"headline":"Independentismo: el eterno retorno","datePublished":"2021-03-12T11:17:20+00:00","dateModified":"2021-03-12T12:01:41+00:00","mainEntityOfPage":{"@id":"https:\/\/conversesacatalunya.cat\/es\/independentismo-el-eterno-retorno\/"},"wordCount":628,"commentCount":0,"image":{"@id":"https:\/\/conversesacatalunya.cat\/es\/independentismo-el-eterno-retorno\/#primaryimage"},"thumbnailUrl":"https:\/\/conversesacatalunya.cat\/wp-content\/uploads\/2021\/03\/nou-govern-generalitat.jpeg","keywords":["acuerdo gobierno","Independentisme","Independentismo"],"articleSection":["Punts clau del dia (ES)"],"inLanguage":"es","potentialAction":[{"@type":"CommentAction","name":"Comment","target":["https:\/\/conversesacatalunya.cat\/es\/independentismo-el-eterno-retorno\/#respond"]}]},{"@type":"WebPage","@id":"https:\/\/conversesacatalunya.cat\/es\/independentismo-el-eterno-retorno\/","url":"https:\/\/conversesacatalunya.cat\/es\/independentismo-el-eterno-retorno\/","name":"Independentismo: el eterno retorno - Converses a Catalunya","isPartOf":{"@id":"https:\/\/conversesacatalunya.cat\/#website"},"primaryImageOfPage":{"@id":"https:\/\/conversesacatalunya.cat\/es\/independentismo-el-eterno-retorno\/#primaryimage"},"image":{"@id":"https:\/\/conversesacatalunya.cat\/es\/independentismo-el-eterno-retorno\/#primaryimage"},"thumbnailUrl":"https:\/\/conversesacatalunya.cat\/wp-content\/uploads\/2021\/03\/nou-govern-generalitat.jpeg","datePublished":"2021-03-12T11:17:20+00:00","dateModified":"2021-03-12T12:01:41+00:00","author":{"@id":"https:\/\/conversesacatalunya.cat\/#\/schema\/person\/7e24d1e54a2785373ddcb275eae5ed99"},"description":"Ya est\u00e1 claro, tendremos un gobierno de la Generalitat como el que ten\u00edamos, con la diferencia de que en lugar de Torra habr\u00e1 Pere Aragon\u00e9s","breadcrumb":{"@id":"https:\/\/conversesacatalunya.cat\/es\/independentismo-el-eterno-retorno\/#breadcrumb"},"inLanguage":"es","potentialAction":[{"@type":"ReadAction","target":["https:\/\/conversesacatalunya.cat\/es\/independentismo-el-eterno-retorno\/"]}]},{"@type":"ImageObject","inLanguage":"es","@id":"https:\/\/conversesacatalunya.cat\/es\/independentismo-el-eterno-retorno\/#primaryimage","url":"https:\/\/conversesacatalunya.cat\/wp-content\/uploads\/2021\/03\/nou-govern-generalitat.jpeg","contentUrl":"https:\/\/conversesacatalunya.cat\/wp-content\/uploads\/2021\/03\/nou-govern-generalitat.jpeg","width":1200,"height":675,"caption":"govern independentisme"},{"@type":"BreadcrumbList","@id":"https:\/\/conversesacatalunya.cat\/es\/independentismo-el-eterno-retorno\/#breadcrumb","itemListElement":[{"@type":"ListItem","position":1,"name":"Inici","item":"https:\/\/conversesacatalunya.cat\/es\/"},{"@type":"ListItem","position":2,"name":"Independentismo: el eterno retorno"}]},{"@type":"WebSite","@id":"https:\/\/conversesacatalunya.cat\/#website","url":"https:\/\/conversesacatalunya.cat\/","name":"Converses a Catalunya","description":"","potentialAction":[{"@type":"SearchAction","target":{"@type":"EntryPoint","urlTemplate":"https:\/\/conversesacatalunya.cat\/?s={search_term_string}"},"query-input":{"@type":"PropertyValueSpecification","valueRequired":true,"valueName":"search_term_string"}}],"inLanguage":"es"},{"@type":"Person","@id":"https:\/\/conversesacatalunya.cat\/#\/schema\/person\/7e24d1e54a2785373ddcb275eae5ed99","name":"conversesacatalunya","image":{"@type":"ImageObject","inLanguage":"es","@id":"https:\/\/conversesacatalunya.cat\/#\/schema\/person\/image\/","url":"https:\/\/conversesacatalunya.cat\/wp-content\/litespeed\/avatar\/febdfeeec89d950f01c748045a981dd2.jpg?ver=1777314535","contentUrl":"https:\/\/conversesacatalunya.cat\/wp-content\/litespeed\/avatar\/febdfeeec89d950f01c748045a981dd2.jpg?ver=1777314535","caption":"conversesacatalunya"},"url":"https:\/\/conversesacatalunya.cat\/es\/author\/carme_catala\/"}]}},"wps_subtitle":"Ya est\u00e1 claro, tendremos un gobierno de la Generalitat como el que ten\u00edamos, con la diferencia de que en lugar de Torra habr\u00e1 Pere Aragon\u00e9s","_links":{"self":[{"href":"https:\/\/conversesacatalunya.cat\/es\/wp-json\/wp\/v2\/posts\/45982","targetHints":{"allow":["GET"]}}],"collection":[{"href":"https:\/\/conversesacatalunya.cat\/es\/wp-json\/wp\/v2\/posts"}],"about":[{"href":"https:\/\/conversesacatalunya.cat\/es\/wp-json\/wp\/v2\/types\/post"}],"author":[{"embeddable":true,"href":"https:\/\/conversesacatalunya.cat\/es\/wp-json\/wp\/v2\/users\/2"}],"replies":[{"embeddable":true,"href":"https:\/\/conversesacatalunya.cat\/es\/wp-json\/wp\/v2\/comments?post=45982"}],"version-history":[{"count":2,"href":"https:\/\/conversesacatalunya.cat\/es\/wp-json\/wp\/v2\/posts\/45982\/revisions"}],"predecessor-version":[{"id":45984,"href":"https:\/\/conversesacatalunya.cat\/es\/wp-json\/wp\/v2\/posts\/45982\/revisions\/45984"}],"wp:featuredmedia":[{"embeddable":true,"href":"https:\/\/conversesacatalunya.cat\/es\/wp-json\/wp\/v2\/media\/45979"}],"wp:attachment":[{"href":"https:\/\/conversesacatalunya.cat\/es\/wp-json\/wp\/v2\/media?parent=45982"}],"wp:term":[{"taxonomy":"category","embeddable":true,"href":"https:\/\/conversesacatalunya.cat\/es\/wp-json\/wp\/v2\/categories?post=45982"},{"taxonomy":"post_tag","embeddable":true,"href":"https:\/\/conversesacatalunya.cat\/es\/wp-json\/wp\/v2\/tags?post=45982"}],"curies":[{"name":"wp","href":"https:\/\/api.w.org\/{rel}","templated":true}]}}