{"id":45968,"date":"2021-03-12T11:46:27","date_gmt":"2021-03-12T10:46:27","guid":{"rendered":"https:\/\/conversesacatalunya.cat\/?p=45968"},"modified":"2021-03-12T11:46:27","modified_gmt":"2021-03-12T10:46:27","slug":"el-escandalo-de-la-cruz-de-sant-vicenc-de-montalt-y-otras-agresiones","status":"publish","type":"post","link":"https:\/\/conversesacatalunya.cat\/es\/el-escandalo-de-la-cruz-de-sant-vicenc-de-montalt-y-otras-agresiones\/","title":{"rendered":"El esc\u00e1ndalo de la cruz de Sant Vicen\u00e7 de Montalt y otras agresiones"},"content":{"rendered":"<p>Mientras el Papa Francisco era portada en los principales medios de comunicaci\u00f3n del mundo por su hist\u00f3rico viaje a Irak, en un peque\u00f1o rinc\u00f3n de este mismo mundo se produc\u00eda otra manifestaci\u00f3n de la voluntad de agredir y cancelar la presencia cristiana.<\/p>\n<p>En una peque\u00f1a y rica, por su renta, poblaci\u00f3n de la Comarca de El Maresme, se <a href=\"https:\/\/www.forumlibertas.com\/sant-vicenc-de-montalt\/\" target=\"_blank\" rel=\"noopener\">liquidaba la cruz de piedra situada frente al templo parroquial<\/a>. Su presencia era m\u00e1s bien modesta, pero su grave culpa era ser una cruz.<\/p>\n<p>Por orden del alcalde V<strong>\u00edctor Llasera de JxCat<\/strong> y por acuerdo del pleno se procedi\u00f3 a derribar y retirarla. El plenario de Sant Vicen\u00e7 de Montalt vive en un estado de agitaci\u00f3n permanente, de manera que hay casi tantos regidores en el grupo no adscrito como la suma de los diversos grupos que no son pocos, JxCat, ERC, PSC, Independientes, CUP i Prim\u00e0ries. En el actual mandato, la alcald\u00eda ha pasado ya por tres alcaldes, los dos primeros del PSC, i el actual, Llasera que ocup\u00f3 el puesto al verse obligado a dimitir el anterior por unos presuntos abusos sexuales.<\/p>\n<p>Este es un escenario en el que los te\u00f3ricos sucesores de Convergencia, al menos en sus votantes, se dedican a liquidar cruces de piedra del centro de la poblaci\u00f3n. Y todo esto se hace sin una especial oposici\u00f3n por parte de ning\u00fan partido pol\u00edtico y s\u00ed m\u00e1s bien con el entusiasmo de algunos.<\/p>\n<p>Ha sido una decisi\u00f3n tomada por la comisi\u00f3n de gobierno sin pasar por el plenario, y practicada con alevos\u00eda aprovechando la reforma de la calle. De hecho, ni tan solo esta claro que el lugar donde estaba la cruz fuera de car\u00e1cter p\u00fablico. Si no lo fuera, el Ayuntamiento habr\u00eda cometido un delito contra la propiedad privada. La cuesti\u00f3n es si el plenario rectificar\u00e1 la fechor\u00eda.<\/p>\n<p>Casi en el mismo intervalo de tiempo, <strong>algunas de las manifestaciones feministas del 8-M<\/strong> no tuvieron mejor idea que agredir con sus pinturas moradas diversas parroquias de Barcelona, con expresiones que, aplicadas a otros edificios y actividades, ser\u00edan clasificadas como delitos de odio. No ha sido Barcelona el \u00fanico lugar donde se han producido este tipo de hechos, sino que tambi\u00e9n se han dado en otras poblaciones de Catalu\u00f1a. El feminismo que sale a la calle, o al menos una fracci\u00f3n de \u00e9l, ve <strong>a la Iglesia como un enemigo a batir.<\/strong><\/p>\n<p>Todo esto define un escenario de intolerancia hacia una parte de los propios ciudadanos, nosotros, los cristianos.<\/p>\n<p><a href=\"https:\/\/e-cristians.cat\/es\/\" target=\"_blank\" rel=\"noopener\"><strong>e-Cristians<\/strong><\/a> ha formulado una declaraci\u00f3n que interpela directamente \u00a0a los principales responsables de este clima. Dice as\u00ed:<\/p>\n<p><em>\u00abNos dirigimos sobre todo a los partidos que son mayoritarios, como PSC, ERC JxCat o que, sin serlo, tienen una presencia importante en las instituciones, como la Cup y Comunes, y tambi\u00e9n a las poderosas organizaciones feministas que no descalifican estas acciones realizadas en su nombre. <\/em><\/p>\n<p><em>\u00bfQu\u00e9 democracia est\u00e1n construyendo cuando agreden institucionalmente los sentimientos y creencias de los cristianos, cuando para celebrar los derechos de la mujer \u00abmarcan\u00bb iglesias?<\/em><\/p>\n<p><em>\u00bfQu\u00e9 dir\u00edan cuando lo que es valioso y s\u00edmbolo de sus creencias mundanas se viera agredido o maltratado? Pues lo que no deseen para ustedes no lo quieran para nadie. Porque s\u00f3lo bajo este principio se construye la democracia.<\/em><\/p>\n<p><em>Respetar es vuestro deber. No fuercen m\u00e1s la crispaci\u00f3n en un pa\u00eds que sufre y mucho a causa de la pandemia y la crisis econ\u00f3mica.<\/em><\/p>\n<p><em>Respeto!\u00bb<\/em><\/p>\n<p>De hecho, la voz de e-Cristians, como en otras ocasiones, ha sido la primera y hasta ahora pr\u00e1cticamente la \u00fanica en hacerse o\u00edr, confirmando que su nuevo lema \u201ce-Cristians, la alternativa\u201d responde cada vez m\u00e1s a la realidad.<\/p>\n<p>Hay que reclamar al feminismo respeto hacia los cat\u00f3licos, y cuando no se da, mostrar su lado sectario y agresivo<\/p>\n<p>Y en el caso de Sant Vicen\u00e7 de Montalt la cruz debe volver a su lugar. Cualquier otra soluci\u00f3n es un abuso y una\u00a0 renuncia sin sentido.<\/p>\n","protected":false},"excerpt":{"rendered":"<p>Mientras el Papa Francisco era portada en los principales medios de comunicaci\u00f3n del mundo por su hist\u00f3rico viaje a Irak, en un peque\u00f1o rinc\u00f3n de este mismo mundo se produc\u00eda otra manifestaci\u00f3n de la voluntad de agredir y cancelar la presencia cristiana. En una peque\u00f1a y rica, por su renta, poblaci\u00f3n de la Comarca de El Maresme, se liquidaba la cruz de piedra situada frente al templo parroquial. Su presencia era m\u00e1s bien modesta, pero su grave culpa era ser una cruz. Por orden del alcalde V\u00edctor Llasera de JxCat y por acuerdo del pleno se procedi\u00f3 a derribar y retirarla. El plenario de Sant Vicen\u00e7 de Montalt vive en un estado de agitaci\u00f3n permanente, de manera que hay casi tantos regidores en el grupo no adscrito como la suma de los diversos grupos que no son pocos, JxCat, ERC, PSC, Independientes, CUP i Prim\u00e0ries. En el actual mandato, la alcald\u00eda ha pasado ya por tres alcaldes, los dos primeros del PSC, i el actual, Llasera que ocup\u00f3 el puesto al verse obligado a dimitir el anterior por unos presuntos abusos sexuales. Este es un escenario en el que los te\u00f3ricos sucesores de Convergencia, al menos en sus votantes, se dedican a liquidar cruces de piedra del centro de la poblaci\u00f3n. Y todo esto se hace sin una especial oposici\u00f3n por parte de ning\u00fan partido pol\u00edtico y s\u00ed m\u00e1s bien con el entusiasmo de algunos. Ha sido una decisi\u00f3n tomada por la comisi\u00f3n de gobierno sin pasar por el plenario, y practicada con alevos\u00eda aprovechando la reforma de la calle. De hecho, ni tan solo esta claro que el lugar donde estaba la cruz fuera de car\u00e1cter p\u00fablico. Si no lo fuera, el Ayuntamiento habr\u00eda cometido un delito contra la propiedad privada. La cuesti\u00f3n es si el plenario rectificar\u00e1 la fechor\u00eda. Casi en el mismo intervalo de tiempo, algunas de las manifestaciones feministas del 8-M no tuvieron mejor idea que agredir con sus pinturas moradas diversas parroquias de Barcelona, con expresiones que, aplicadas a otros edificios y actividades, ser\u00edan clasificadas como delitos de odio. No ha sido Barcelona el \u00fanico lugar donde se han producido este tipo de hechos, sino que tambi\u00e9n se han dado en otras poblaciones de Catalu\u00f1a. El feminismo que sale a la calle, o al menos una fracci\u00f3n de \u00e9l, ve a la Iglesia como un enemigo a batir. Todo esto define un escenario de intolerancia hacia una parte de los propios ciudadanos, nosotros, los cristianos. e-Cristians ha formulado una declaraci\u00f3n que interpela directamente \u00a0a los principales responsables de este clima. Dice as\u00ed: \u00abNos dirigimos sobre todo a los partidos que son mayoritarios, como PSC, ERC JxCat o que, sin serlo, tienen una presencia importante en las instituciones, como la Cup y Comunes, y tambi\u00e9n a las poderosas organizaciones feministas que no descalifican estas acciones realizadas en su nombre. \u00bfQu\u00e9 democracia est\u00e1n construyendo cuando agreden institucionalmente los sentimientos y creencias de los cristianos, cuando para celebrar los derechos de la mujer \u00abmarcan\u00bb iglesias? \u00bfQu\u00e9 dir\u00edan cuando lo que es valioso y s\u00edmbolo de sus creencias mundanas se viera agredido o maltratado? Pues lo que no deseen para ustedes no lo quieran para nadie. Porque s\u00f3lo bajo este principio se construye la democracia. Respetar es vuestro deber. No fuercen m\u00e1s la crispaci\u00f3n en un pa\u00eds que sufre y mucho a causa de la pandemia y la crisis econ\u00f3mica. Respeto!\u00bb De hecho, la voz de e-Cristians, como en otras ocasiones, ha sido la primera y hasta ahora pr\u00e1cticamente la \u00fanica en hacerse o\u00edr, confirmando que su nuevo lema \u201ce-Cristians, la alternativa\u201d responde cada vez m\u00e1s a la realidad. Hay que reclamar al feminismo respeto hacia los cat\u00f3licos, y cuando no se da, mostrar su lado sectario y agresivo Y en el caso de Sant Vicen\u00e7 de Montalt la cruz debe volver a su lugar. Cualquier otra soluci\u00f3n es un abuso y una\u00a0 renuncia sin sentido.<\/p>\n","protected":false},"author":19,"featured_media":45969,"comment_status":"open","ping_status":"open","sticky":false,"template":"","format":"standard","meta":{"_FSMCFIC_featured_image_caption":"","_FSMCFIC_featured_image_nocaption":"","_FSMCFIC_featured_image_hide":"","footnotes":""},"categories":[796],"tags":[3466],"class_list":["post-45968","post","type-post","status-publish","format-standard","has-post-thumbnail","hentry","category-el-blog-de-josep-miro-i-ardevol-es","tag-cristianismo"],"yoast_head":"<!-- This site is optimized with the Yoast SEO plugin v26.8 - https:\/\/yoast.com\/product\/yoast-seo-wordpress\/ -->\n<title>El esc\u00e1ndalo de la cruz de Sant Vicen\u00e7 de Montalt y otras agresiones - Converses a Catalunya<\/title>\n<meta name=\"robots\" content=\"index, follow, max-snippet:-1, max-image-preview:large, max-video-preview:-1\" \/>\n<link rel=\"canonical\" href=\"https:\/\/conversesacatalunya.cat\/es\/el-escandalo-de-la-cruz-de-sant-vicenc-de-montalt-y-otras-agresiones\/\" \/>\n<meta property=\"og:locale\" content=\"es_ES\" \/>\n<meta property=\"og:type\" content=\"article\" \/>\n<meta property=\"og:title\" content=\"El esc\u00e1ndalo de la cruz de Sant Vicen\u00e7 de Montalt y otras agresiones - Converses a Catalunya\" \/>\n<meta property=\"og:description\" content=\"Mientras el Papa Francisco era portada en los principales medios de comunicaci\u00f3n del mundo por su hist\u00f3rico viaje a Irak, en un peque\u00f1o rinc\u00f3n de este mismo mundo se produc\u00eda otra manifestaci\u00f3n de la voluntad de agredir y cancelar la presencia cristiana. En una peque\u00f1a y rica, por su renta, poblaci\u00f3n de la Comarca de El Maresme, se liquidaba la cruz de piedra situada frente al templo parroquial. Su presencia era m\u00e1s bien modesta, pero su grave culpa era ser una cruz. Por orden del alcalde V\u00edctor Llasera de JxCat y por acuerdo del pleno se procedi\u00f3 a derribar y retirarla. El plenario de Sant Vicen\u00e7 de Montalt vive en un estado de agitaci\u00f3n permanente, de manera que hay casi tantos regidores en el grupo no adscrito como la suma de los diversos grupos que no son pocos, JxCat, ERC, PSC, Independientes, CUP i Prim\u00e0ries. En el actual mandato, la alcald\u00eda ha pasado ya por tres alcaldes, los dos primeros del PSC, i el actual, Llasera que ocup\u00f3 el puesto al verse obligado a dimitir el anterior por unos presuntos abusos sexuales. Este es un escenario en el que los te\u00f3ricos sucesores de Convergencia, al menos en sus votantes, se dedican a liquidar cruces de piedra del centro de la poblaci\u00f3n. Y todo esto se hace sin una especial oposici\u00f3n por parte de ning\u00fan partido pol\u00edtico y s\u00ed m\u00e1s bien con el entusiasmo de algunos. Ha sido una decisi\u00f3n tomada por la comisi\u00f3n de gobierno sin pasar por el plenario, y practicada con alevos\u00eda aprovechando la reforma de la calle. De hecho, ni tan solo esta claro que el lugar donde estaba la cruz fuera de car\u00e1cter p\u00fablico. Si no lo fuera, el Ayuntamiento habr\u00eda cometido un delito contra la propiedad privada. La cuesti\u00f3n es si el plenario rectificar\u00e1 la fechor\u00eda. Casi en el mismo intervalo de tiempo, algunas de las manifestaciones feministas del 8-M no tuvieron mejor idea que agredir con sus pinturas moradas diversas parroquias de Barcelona, con expresiones que, aplicadas a otros edificios y actividades, ser\u00edan clasificadas como delitos de odio. No ha sido Barcelona el \u00fanico lugar donde se han producido este tipo de hechos, sino que tambi\u00e9n se han dado en otras poblaciones de Catalu\u00f1a. El feminismo que sale a la calle, o al menos una fracci\u00f3n de \u00e9l, ve a la Iglesia como un enemigo a batir. Todo esto define un escenario de intolerancia hacia una parte de los propios ciudadanos, nosotros, los cristianos. e-Cristians ha formulado una declaraci\u00f3n que interpela directamente \u00a0a los principales responsables de este clima. Dice as\u00ed: \u00abNos dirigimos sobre todo a los partidos que son mayoritarios, como PSC, ERC JxCat o que, sin serlo, tienen una presencia importante en las instituciones, como la Cup y Comunes, y tambi\u00e9n a las poderosas organizaciones feministas que no descalifican estas acciones realizadas en su nombre. \u00bfQu\u00e9 democracia est\u00e1n construyendo cuando agreden institucionalmente los sentimientos y creencias de los cristianos, cuando para celebrar los derechos de la mujer \u00abmarcan\u00bb iglesias? \u00bfQu\u00e9 dir\u00edan cuando lo que es valioso y s\u00edmbolo de sus creencias mundanas se viera agredido o maltratado? Pues lo que no deseen para ustedes no lo quieran para nadie. Porque s\u00f3lo bajo este principio se construye la democracia. Respetar es vuestro deber. No fuercen m\u00e1s la crispaci\u00f3n en un pa\u00eds que sufre y mucho a causa de la pandemia y la crisis econ\u00f3mica. Respeto!\u00bb De hecho, la voz de e-Cristians, como en otras ocasiones, ha sido la primera y hasta ahora pr\u00e1cticamente la \u00fanica en hacerse o\u00edr, confirmando que su nuevo lema \u201ce-Cristians, la alternativa\u201d responde cada vez m\u00e1s a la realidad. Hay que reclamar al feminismo respeto hacia los cat\u00f3licos, y cuando no se da, mostrar su lado sectario y agresivo Y en el caso de Sant Vicen\u00e7 de Montalt la cruz debe volver a su lugar. Cualquier otra soluci\u00f3n es un abuso y una\u00a0 renuncia sin sentido.\" \/>\n<meta property=\"og:url\" content=\"https:\/\/conversesacatalunya.cat\/es\/el-escandalo-de-la-cruz-de-sant-vicenc-de-montalt-y-otras-agresiones\/\" \/>\n<meta property=\"og:site_name\" content=\"Converses a Catalunya\" \/>\n<meta property=\"article:published_time\" content=\"2021-03-12T10:46:27+00:00\" \/>\n<meta property=\"og:image\" content=\"https:\/\/conversesacatalunya.cat\/wp-content\/uploads\/2021\/03\/sant-vicenc.png\" \/>\n\t<meta property=\"og:image:width\" content=\"600\" \/>\n\t<meta property=\"og:image:height\" content=\"337\" \/>\n\t<meta property=\"og:image:type\" content=\"image\/png\" \/>\n<meta name=\"author\" content=\"Josep Mir\u00f3 i Ard\u00e8vol\" \/>\n<meta name=\"twitter:card\" content=\"summary_large_image\" \/>\n<meta name=\"twitter:label1\" content=\"Escrito por\" \/>\n\t<meta name=\"twitter:data1\" content=\"Josep Mir\u00f3 i Ard\u00e8vol\" \/>\n\t<meta name=\"twitter:label2\" content=\"Tiempo de lectura\" \/>\n\t<meta name=\"twitter:data2\" content=\"3 minutos\" \/>\n<script type=\"application\/ld+json\" class=\"yoast-schema-graph\">{\"@context\":\"https:\/\/schema.org\",\"@graph\":[{\"@type\":\"Article\",\"@id\":\"https:\/\/conversesacatalunya.cat\/es\/el-escandalo-de-la-cruz-de-sant-vicenc-de-montalt-y-otras-agresiones\/#article\",\"isPartOf\":{\"@id\":\"https:\/\/conversesacatalunya.cat\/es\/el-escandalo-de-la-cruz-de-sant-vicenc-de-montalt-y-otras-agresiones\/\"},\"author\":{\"name\":\"Josep Mir\u00f3 i Ard\u00e8vol\",\"@id\":\"https:\/\/conversesacatalunya.cat\/#\/schema\/person\/a9598a6786ba7d3d1c5e0de477b79370\"},\"headline\":\"El esc\u00e1ndalo de la cruz de Sant Vicen\u00e7 de Montalt y otras agresiones\",\"datePublished\":\"2021-03-12T10:46:27+00:00\",\"mainEntityOfPage\":{\"@id\":\"https:\/\/conversesacatalunya.cat\/es\/el-escandalo-de-la-cruz-de-sant-vicenc-de-montalt-y-otras-agresiones\/\"},\"wordCount\":707,\"commentCount\":0,\"image\":{\"@id\":\"https:\/\/conversesacatalunya.cat\/es\/el-escandalo-de-la-cruz-de-sant-vicenc-de-montalt-y-otras-agresiones\/#primaryimage\"},\"thumbnailUrl\":\"https:\/\/conversesacatalunya.cat\/wp-content\/uploads\/2021\/03\/sant-vicenc.png\",\"keywords\":[\"cristianismo\"],\"articleSection\":[\"El Blog de Josep Mir\u00f3 i Ard\u00e8vol (ES)\"],\"inLanguage\":\"es\",\"potentialAction\":[{\"@type\":\"CommentAction\",\"name\":\"Comment\",\"target\":[\"https:\/\/conversesacatalunya.cat\/es\/el-escandalo-de-la-cruz-de-sant-vicenc-de-montalt-y-otras-agresiones\/#respond\"]}]},{\"@type\":\"WebPage\",\"@id\":\"https:\/\/conversesacatalunya.cat\/es\/el-escandalo-de-la-cruz-de-sant-vicenc-de-montalt-y-otras-agresiones\/\",\"url\":\"https:\/\/conversesacatalunya.cat\/es\/el-escandalo-de-la-cruz-de-sant-vicenc-de-montalt-y-otras-agresiones\/\",\"name\":\"El esc\u00e1ndalo de la cruz de Sant Vicen\u00e7 de Montalt y otras agresiones - Converses a Catalunya\",\"isPartOf\":{\"@id\":\"https:\/\/conversesacatalunya.cat\/#website\"},\"primaryImageOfPage\":{\"@id\":\"https:\/\/conversesacatalunya.cat\/es\/el-escandalo-de-la-cruz-de-sant-vicenc-de-montalt-y-otras-agresiones\/#primaryimage\"},\"image\":{\"@id\":\"https:\/\/conversesacatalunya.cat\/es\/el-escandalo-de-la-cruz-de-sant-vicenc-de-montalt-y-otras-agresiones\/#primaryimage\"},\"thumbnailUrl\":\"https:\/\/conversesacatalunya.cat\/wp-content\/uploads\/2021\/03\/sant-vicenc.png\",\"datePublished\":\"2021-03-12T10:46:27+00:00\",\"author\":{\"@id\":\"https:\/\/conversesacatalunya.cat\/#\/schema\/person\/a9598a6786ba7d3d1c5e0de477b79370\"},\"breadcrumb\":{\"@id\":\"https:\/\/conversesacatalunya.cat\/es\/el-escandalo-de-la-cruz-de-sant-vicenc-de-montalt-y-otras-agresiones\/#breadcrumb\"},\"inLanguage\":\"es\",\"potentialAction\":[{\"@type\":\"ReadAction\",\"target\":[\"https:\/\/conversesacatalunya.cat\/es\/el-escandalo-de-la-cruz-de-sant-vicenc-de-montalt-y-otras-agresiones\/\"]}]},{\"@type\":\"ImageObject\",\"inLanguage\":\"es\",\"@id\":\"https:\/\/conversesacatalunya.cat\/es\/el-escandalo-de-la-cruz-de-sant-vicenc-de-montalt-y-otras-agresiones\/#primaryimage\",\"url\":\"https:\/\/conversesacatalunya.cat\/wp-content\/uploads\/2021\/03\/sant-vicenc.png\",\"contentUrl\":\"https:\/\/conversesacatalunya.cat\/wp-content\/uploads\/2021\/03\/sant-vicenc.png\",\"width\":600,\"height\":337,\"caption\":\"cruz sant Vicen\u00e7 de Montalt\"},{\"@type\":\"BreadcrumbList\",\"@id\":\"https:\/\/conversesacatalunya.cat\/es\/el-escandalo-de-la-cruz-de-sant-vicenc-de-montalt-y-otras-agresiones\/#breadcrumb\",\"itemListElement\":[{\"@type\":\"ListItem\",\"position\":1,\"name\":\"Inici\",\"item\":\"https:\/\/conversesacatalunya.cat\/es\/\"},{\"@type\":\"ListItem\",\"position\":2,\"name\":\"El esc\u00e1ndalo de la cruz de Sant Vicen\u00e7 de Montalt y otras agresiones\"}]},{\"@type\":\"WebSite\",\"@id\":\"https:\/\/conversesacatalunya.cat\/#website\",\"url\":\"https:\/\/conversesacatalunya.cat\/\",\"name\":\"Converses a Catalunya\",\"description\":\"\",\"potentialAction\":[{\"@type\":\"SearchAction\",\"target\":{\"@type\":\"EntryPoint\",\"urlTemplate\":\"https:\/\/conversesacatalunya.cat\/?s={search_term_string}\"},\"query-input\":{\"@type\":\"PropertyValueSpecification\",\"valueRequired\":true,\"valueName\":\"search_term_string\"}}],\"inLanguage\":\"es\"},{\"@type\":\"Person\",\"@id\":\"https:\/\/conversesacatalunya.cat\/#\/schema\/person\/a9598a6786ba7d3d1c5e0de477b79370\",\"name\":\"Josep Mir\u00f3 i Ard\u00e8vol\",\"image\":{\"@type\":\"ImageObject\",\"inLanguage\":\"es\",\"@id\":\"https:\/\/conversesacatalunya.cat\/#\/schema\/person\/image\/\",\"url\":\"https:\/\/conversesacatalunya.cat\/wp-content\/litespeed\/avatar\/c37e3dc881857483d6694cdf98fdedea.jpg?ver=1777270381\",\"contentUrl\":\"https:\/\/conversesacatalunya.cat\/wp-content\/litespeed\/avatar\/c37e3dc881857483d6694cdf98fdedea.jpg?ver=1777270381\",\"caption\":\"Josep Mir\u00f3 i Ard\u00e8vol\"},\"url\":\"https:\/\/conversesacatalunya.cat\/es\/author\/josep-miro-i-ardevol\/\"}]}<\/script>\n<!-- \/ Yoast SEO plugin. -->","yoast_head_json":{"title":"El esc\u00e1ndalo de la cruz de Sant Vicen\u00e7 de Montalt y otras agresiones - Converses a Catalunya","robots":{"index":"index","follow":"follow","max-snippet":"max-snippet:-1","max-image-preview":"max-image-preview:large","max-video-preview":"max-video-preview:-1"},"canonical":"https:\/\/conversesacatalunya.cat\/es\/el-escandalo-de-la-cruz-de-sant-vicenc-de-montalt-y-otras-agresiones\/","og_locale":"es_ES","og_type":"article","og_title":"El esc\u00e1ndalo de la cruz de Sant Vicen\u00e7 de Montalt y otras agresiones - Converses a Catalunya","og_description":"Mientras el Papa Francisco era portada en los principales medios de comunicaci\u00f3n del mundo por su hist\u00f3rico viaje a Irak, en un peque\u00f1o rinc\u00f3n de este mismo mundo se produc\u00eda otra manifestaci\u00f3n de la voluntad de agredir y cancelar la presencia cristiana. En una peque\u00f1a y rica, por su renta, poblaci\u00f3n de la Comarca de El Maresme, se liquidaba la cruz de piedra situada frente al templo parroquial. Su presencia era m\u00e1s bien modesta, pero su grave culpa era ser una cruz. Por orden del alcalde V\u00edctor Llasera de JxCat y por acuerdo del pleno se procedi\u00f3 a derribar y retirarla. El plenario de Sant Vicen\u00e7 de Montalt vive en un estado de agitaci\u00f3n permanente, de manera que hay casi tantos regidores en el grupo no adscrito como la suma de los diversos grupos que no son pocos, JxCat, ERC, PSC, Independientes, CUP i Prim\u00e0ries. En el actual mandato, la alcald\u00eda ha pasado ya por tres alcaldes, los dos primeros del PSC, i el actual, Llasera que ocup\u00f3 el puesto al verse obligado a dimitir el anterior por unos presuntos abusos sexuales. Este es un escenario en el que los te\u00f3ricos sucesores de Convergencia, al menos en sus votantes, se dedican a liquidar cruces de piedra del centro de la poblaci\u00f3n. Y todo esto se hace sin una especial oposici\u00f3n por parte de ning\u00fan partido pol\u00edtico y s\u00ed m\u00e1s bien con el entusiasmo de algunos. Ha sido una decisi\u00f3n tomada por la comisi\u00f3n de gobierno sin pasar por el plenario, y practicada con alevos\u00eda aprovechando la reforma de la calle. De hecho, ni tan solo esta claro que el lugar donde estaba la cruz fuera de car\u00e1cter p\u00fablico. Si no lo fuera, el Ayuntamiento habr\u00eda cometido un delito contra la propiedad privada. La cuesti\u00f3n es si el plenario rectificar\u00e1 la fechor\u00eda. Casi en el mismo intervalo de tiempo, algunas de las manifestaciones feministas del 8-M no tuvieron mejor idea que agredir con sus pinturas moradas diversas parroquias de Barcelona, con expresiones que, aplicadas a otros edificios y actividades, ser\u00edan clasificadas como delitos de odio. No ha sido Barcelona el \u00fanico lugar donde se han producido este tipo de hechos, sino que tambi\u00e9n se han dado en otras poblaciones de Catalu\u00f1a. El feminismo que sale a la calle, o al menos una fracci\u00f3n de \u00e9l, ve a la Iglesia como un enemigo a batir. Todo esto define un escenario de intolerancia hacia una parte de los propios ciudadanos, nosotros, los cristianos. e-Cristians ha formulado una declaraci\u00f3n que interpela directamente \u00a0a los principales responsables de este clima. Dice as\u00ed: \u00abNos dirigimos sobre todo a los partidos que son mayoritarios, como PSC, ERC JxCat o que, sin serlo, tienen una presencia importante en las instituciones, como la Cup y Comunes, y tambi\u00e9n a las poderosas organizaciones feministas que no descalifican estas acciones realizadas en su nombre. \u00bfQu\u00e9 democracia est\u00e1n construyendo cuando agreden institucionalmente los sentimientos y creencias de los cristianos, cuando para celebrar los derechos de la mujer \u00abmarcan\u00bb iglesias? \u00bfQu\u00e9 dir\u00edan cuando lo que es valioso y s\u00edmbolo de sus creencias mundanas se viera agredido o maltratado? Pues lo que no deseen para ustedes no lo quieran para nadie. Porque s\u00f3lo bajo este principio se construye la democracia. Respetar es vuestro deber. No fuercen m\u00e1s la crispaci\u00f3n en un pa\u00eds que sufre y mucho a causa de la pandemia y la crisis econ\u00f3mica. Respeto!\u00bb De hecho, la voz de e-Cristians, como en otras ocasiones, ha sido la primera y hasta ahora pr\u00e1cticamente la \u00fanica en hacerse o\u00edr, confirmando que su nuevo lema \u201ce-Cristians, la alternativa\u201d responde cada vez m\u00e1s a la realidad. Hay que reclamar al feminismo respeto hacia los cat\u00f3licos, y cuando no se da, mostrar su lado sectario y agresivo Y en el caso de Sant Vicen\u00e7 de Montalt la cruz debe volver a su lugar. Cualquier otra soluci\u00f3n es un abuso y una\u00a0 renuncia sin sentido.","og_url":"https:\/\/conversesacatalunya.cat\/es\/el-escandalo-de-la-cruz-de-sant-vicenc-de-montalt-y-otras-agresiones\/","og_site_name":"Converses a Catalunya","article_published_time":"2021-03-12T10:46:27+00:00","og_image":[{"width":600,"height":337,"url":"https:\/\/conversesacatalunya.cat\/wp-content\/uploads\/2021\/03\/sant-vicenc.png","type":"image\/png"}],"author":"Josep Mir\u00f3 i Ard\u00e8vol","twitter_card":"summary_large_image","twitter_misc":{"Escrito por":"Josep Mir\u00f3 i Ard\u00e8vol","Tiempo de lectura":"3 minutos"},"schema":{"@context":"https:\/\/schema.org","@graph":[{"@type":"Article","@id":"https:\/\/conversesacatalunya.cat\/es\/el-escandalo-de-la-cruz-de-sant-vicenc-de-montalt-y-otras-agresiones\/#article","isPartOf":{"@id":"https:\/\/conversesacatalunya.cat\/es\/el-escandalo-de-la-cruz-de-sant-vicenc-de-montalt-y-otras-agresiones\/"},"author":{"name":"Josep Mir\u00f3 i Ard\u00e8vol","@id":"https:\/\/conversesacatalunya.cat\/#\/schema\/person\/a9598a6786ba7d3d1c5e0de477b79370"},"headline":"El esc\u00e1ndalo de la cruz de Sant Vicen\u00e7 de Montalt y otras agresiones","datePublished":"2021-03-12T10:46:27+00:00","mainEntityOfPage":{"@id":"https:\/\/conversesacatalunya.cat\/es\/el-escandalo-de-la-cruz-de-sant-vicenc-de-montalt-y-otras-agresiones\/"},"wordCount":707,"commentCount":0,"image":{"@id":"https:\/\/conversesacatalunya.cat\/es\/el-escandalo-de-la-cruz-de-sant-vicenc-de-montalt-y-otras-agresiones\/#primaryimage"},"thumbnailUrl":"https:\/\/conversesacatalunya.cat\/wp-content\/uploads\/2021\/03\/sant-vicenc.png","keywords":["cristianismo"],"articleSection":["El Blog de Josep Mir\u00f3 i Ard\u00e8vol (ES)"],"inLanguage":"es","potentialAction":[{"@type":"CommentAction","name":"Comment","target":["https:\/\/conversesacatalunya.cat\/es\/el-escandalo-de-la-cruz-de-sant-vicenc-de-montalt-y-otras-agresiones\/#respond"]}]},{"@type":"WebPage","@id":"https:\/\/conversesacatalunya.cat\/es\/el-escandalo-de-la-cruz-de-sant-vicenc-de-montalt-y-otras-agresiones\/","url":"https:\/\/conversesacatalunya.cat\/es\/el-escandalo-de-la-cruz-de-sant-vicenc-de-montalt-y-otras-agresiones\/","name":"El esc\u00e1ndalo de la cruz de Sant Vicen\u00e7 de Montalt y otras agresiones - Converses a Catalunya","isPartOf":{"@id":"https:\/\/conversesacatalunya.cat\/#website"},"primaryImageOfPage":{"@id":"https:\/\/conversesacatalunya.cat\/es\/el-escandalo-de-la-cruz-de-sant-vicenc-de-montalt-y-otras-agresiones\/#primaryimage"},"image":{"@id":"https:\/\/conversesacatalunya.cat\/es\/el-escandalo-de-la-cruz-de-sant-vicenc-de-montalt-y-otras-agresiones\/#primaryimage"},"thumbnailUrl":"https:\/\/conversesacatalunya.cat\/wp-content\/uploads\/2021\/03\/sant-vicenc.png","datePublished":"2021-03-12T10:46:27+00:00","author":{"@id":"https:\/\/conversesacatalunya.cat\/#\/schema\/person\/a9598a6786ba7d3d1c5e0de477b79370"},"breadcrumb":{"@id":"https:\/\/conversesacatalunya.cat\/es\/el-escandalo-de-la-cruz-de-sant-vicenc-de-montalt-y-otras-agresiones\/#breadcrumb"},"inLanguage":"es","potentialAction":[{"@type":"ReadAction","target":["https:\/\/conversesacatalunya.cat\/es\/el-escandalo-de-la-cruz-de-sant-vicenc-de-montalt-y-otras-agresiones\/"]}]},{"@type":"ImageObject","inLanguage":"es","@id":"https:\/\/conversesacatalunya.cat\/es\/el-escandalo-de-la-cruz-de-sant-vicenc-de-montalt-y-otras-agresiones\/#primaryimage","url":"https:\/\/conversesacatalunya.cat\/wp-content\/uploads\/2021\/03\/sant-vicenc.png","contentUrl":"https:\/\/conversesacatalunya.cat\/wp-content\/uploads\/2021\/03\/sant-vicenc.png","width":600,"height":337,"caption":"cruz sant Vicen\u00e7 de Montalt"},{"@type":"BreadcrumbList","@id":"https:\/\/conversesacatalunya.cat\/es\/el-escandalo-de-la-cruz-de-sant-vicenc-de-montalt-y-otras-agresiones\/#breadcrumb","itemListElement":[{"@type":"ListItem","position":1,"name":"Inici","item":"https:\/\/conversesacatalunya.cat\/es\/"},{"@type":"ListItem","position":2,"name":"El esc\u00e1ndalo de la cruz de Sant Vicen\u00e7 de Montalt y otras agresiones"}]},{"@type":"WebSite","@id":"https:\/\/conversesacatalunya.cat\/#website","url":"https:\/\/conversesacatalunya.cat\/","name":"Converses a Catalunya","description":"","potentialAction":[{"@type":"SearchAction","target":{"@type":"EntryPoint","urlTemplate":"https:\/\/conversesacatalunya.cat\/?s={search_term_string}"},"query-input":{"@type":"PropertyValueSpecification","valueRequired":true,"valueName":"search_term_string"}}],"inLanguage":"es"},{"@type":"Person","@id":"https:\/\/conversesacatalunya.cat\/#\/schema\/person\/a9598a6786ba7d3d1c5e0de477b79370","name":"Josep Mir\u00f3 i Ard\u00e8vol","image":{"@type":"ImageObject","inLanguage":"es","@id":"https:\/\/conversesacatalunya.cat\/#\/schema\/person\/image\/","url":"https:\/\/conversesacatalunya.cat\/wp-content\/litespeed\/avatar\/c37e3dc881857483d6694cdf98fdedea.jpg?ver=1777270381","contentUrl":"https:\/\/conversesacatalunya.cat\/wp-content\/litespeed\/avatar\/c37e3dc881857483d6694cdf98fdedea.jpg?ver=1777270381","caption":"Josep Mir\u00f3 i Ard\u00e8vol"},"url":"https:\/\/conversesacatalunya.cat\/es\/author\/josep-miro-i-ardevol\/"}]}},"wps_subtitle":"","_links":{"self":[{"href":"https:\/\/conversesacatalunya.cat\/es\/wp-json\/wp\/v2\/posts\/45968","targetHints":{"allow":["GET"]}}],"collection":[{"href":"https:\/\/conversesacatalunya.cat\/es\/wp-json\/wp\/v2\/posts"}],"about":[{"href":"https:\/\/conversesacatalunya.cat\/es\/wp-json\/wp\/v2\/types\/post"}],"author":[{"embeddable":true,"href":"https:\/\/conversesacatalunya.cat\/es\/wp-json\/wp\/v2\/users\/19"}],"replies":[{"embeddable":true,"href":"https:\/\/conversesacatalunya.cat\/es\/wp-json\/wp\/v2\/comments?post=45968"}],"version-history":[{"count":1,"href":"https:\/\/conversesacatalunya.cat\/es\/wp-json\/wp\/v2\/posts\/45968\/revisions"}],"predecessor-version":[{"id":45971,"href":"https:\/\/conversesacatalunya.cat\/es\/wp-json\/wp\/v2\/posts\/45968\/revisions\/45971"}],"wp:featuredmedia":[{"embeddable":true,"href":"https:\/\/conversesacatalunya.cat\/es\/wp-json\/wp\/v2\/media\/45969"}],"wp:attachment":[{"href":"https:\/\/conversesacatalunya.cat\/es\/wp-json\/wp\/v2\/media?parent=45968"}],"wp:term":[{"taxonomy":"category","embeddable":true,"href":"https:\/\/conversesacatalunya.cat\/es\/wp-json\/wp\/v2\/categories?post=45968"},{"taxonomy":"post_tag","embeddable":true,"href":"https:\/\/conversesacatalunya.cat\/es\/wp-json\/wp\/v2\/tags?post=45968"}],"curies":[{"name":"wp","href":"https:\/\/api.w.org\/{rel}","templated":true}]}}