{"id":45923,"date":"2021-03-11T12:05:06","date_gmt":"2021-03-11T11:05:06","guid":{"rendered":"https:\/\/conversesacatalunya.cat\/2021-la-industria-pateix-un-altre-reves\/"},"modified":"2021-03-11T12:11:54","modified_gmt":"2021-03-11T11:11:54","slug":"2021-la-industria-sufre-otro-reves","status":"publish","type":"post","link":"https:\/\/conversesacatalunya.cat\/es\/2021-la-industria-sufre-otro-reves\/","title":{"rendered":"2021: la industria sufre otro rev\u00e9s"},"content":{"rendered":"<p>Los \u00faltimos datos publicados por el Instituto Nacional de Estad\u00edstica (INE) reflejan<strong> un nuevo enfriamiento en la industria<\/strong>. Este repunte rompe la continuidad de acuerdo con los datos de enero, cuando la producci\u00f3n industrial sufri\u00f3 <a href=\"https:\/\/www.forumlibertas.com\/mas-de-300-000-empresas-mantienen-los-erte\/\" target=\"_blank\" rel=\"noopener\">el mayor retroceso<\/a> desde junio de 2020, con pr\u00e1cticamente todas las ramas de actividad en negativo.<\/p>\n<p>En enero, la producci\u00f3n de bienes de consumo no duradero se hundi\u00f3 un 12,2 % y la de bienes de equipo, un 11,2 %, aunque tambi\u00e9n descendi\u00f3 la de los bienes de consumo duraderos (8,8 %) y los intermedios (5,5 %). As\u00ed, la mayor parte de las ramas de actividad redujeron su producci\u00f3n, sobre todo la confecci\u00f3n de prendas de vestir (un 35,5 %), la industria del cuero y el calzado (33,1 %) y las artes gr\u00e1ficas (22,4 %).<\/p>\n<p>A pesar de que sus retrocesos fueron menos intensos, las ramas de actividad que m\u00e1s lastraron el \u00edndice,<strong> por su peso en la econom\u00eda espa\u00f1ola<\/strong>, fueron la industria de la alimentaci\u00f3n, cuya producci\u00f3n baj\u00f3 un 9,5 %, la fabricaci\u00f3n de productos met\u00e1licos (un 11,2 %), de veh\u00edculos de motor (un 9,2 %) y de maquinaria (un 12,7 %).<\/p>\n<p>Todas las comunidades aut\u00f3nomas bajaron su producci\u00f3n industrial en enero, sobre todo Canarias (15,5 %), Navarra (15%), Castilla-La Mancha (10,5%) y Pa\u00eds Vasco (9,5%). En t\u00e9rminos mensuales, la producci\u00f3n industrial se redujo un 0,7% en enero con respecto a diciembre, cuando hab\u00eda crecido un 0,8 %, debido al mal comportamiento de los bienes de equipo (que cedieron un 1,5%) y los bienes intermedios (un 1,2%).<\/p>\n<p>La producci\u00f3n industrial se hundi\u00f3 un 9,1% de media en 2020 debido al impacto de la pandemia de coronavirus, la mayor ca\u00edda en once a\u00f1os, aunque logr\u00f3 terminar el ejercicio con un repunte del 2,2% en diciembre tras once meses consecutivos de descensos. Seg\u00fan detalla el INE, la fuerte bajada del IPI de enero est\u00e1 relacionada con los retrocesos de los bienes de consumo no duradero (12,2%) y los bienes de equipo (11,2%), aunque tambi\u00e9n descendi\u00f3 la producci\u00f3n de los bienes de consumo duraderos (8,8%) y los intermedios (5,5%).<\/p>\n<span class='bctt-click-to-tweet'><span class='bctt-ctt-text'><a href='https:\/\/twitter.com\/intent\/tweet?url=https%3A%2F%2Fconversesacatalunya.cat%2Fes%2F2021-la-industria-sufre-otro-reves%2F&#038;text=Este%20repunte%20rompe%20la%20continuidad%20de%20acuerdo%20con%20los%20datos%20de%20enero%2C%20cuando%20la%20producci%C3%B3n%20industrial%20sufri%C3%B3%20el%20mayor%20retroceso%20desde%20junio%20de%202020&#038;via=conversesacat&#038;related=conversesacat' target='_blank'rel=\"noopener noreferrer\">Este repunte rompe la continuidad de acuerdo con los datos de enero, cuando la producci\u00f3n industrial sufri\u00f3 el mayor retroceso desde junio de 2020 <\/a><\/span><a href='https:\/\/twitter.com\/intent\/tweet?url=https%3A%2F%2Fconversesacatalunya.cat%2Fes%2F2021-la-industria-sufre-otro-reves%2F&#038;text=Este%20repunte%20rompe%20la%20continuidad%20de%20acuerdo%20con%20los%20datos%20de%20enero%2C%20cuando%20la%20producci%C3%B3n%20industrial%20sufri%C3%B3%20el%20mayor%20retroceso%20desde%20junio%20de%202020&#038;via=conversesacat&#038;related=conversesacat' target='_blank' class='bctt-ctt-btn'rel=\"noopener noreferrer\">Compartir en X<\/a><\/span>\n<div id=\"polls-95\" class=\"wp-polls\">\n\t<form id=\"polls_form_95\" class=\"wp-polls-form\" action=\"\/index.php\" method=\"post\">\n\t\t<p style=\"display: none;\"><input type=\"hidden\" id=\"poll_95_nonce\" name=\"wp-polls-nonce\" value=\"0ffdfaa218\" \/><\/p>\n\t\t<p style=\"display: none;\"><input type=\"hidden\" name=\"poll_id\" value=\"95\" \/><\/p>\n\t\t<p style=\"text-align: center\"><strong>La CUP ha d'ocupar la presid\u00e8ncia del Parlament de Catalunya?<\/strong><\/p><div id=\"polls-95-ans\" class=\"wp-polls-ans\"><ul class=\"wp-polls-ul\">\n\t\t<li><input type=\"radio\" id=\"poll-answer-222\" name=\"poll_95\" value=\"222\" \/> <label for=\"poll-answer-222\">Si<\/label><\/li>\n\t\t<li><input type=\"radio\" id=\"poll-answer-223\" name=\"poll_95\" value=\"223\" \/> <label for=\"poll-answer-223\">No<\/label><\/li>\n\t\t<\/ul><p style=\"text-align: center\"><input type=\"button\" name=\"vote\" value=\"   Vota   \" class=\"Buttons\" onclick=\"poll_vote(95);\" \/><\/p><p style=\"text-align: center\"><a href=\"#ViewPollResults\" onclick=\"poll_result(95); return false;\" title=\"View Results Of This Poll\">Mira els resultats<\/a><\/p><\/div>\n\t<\/form>\n<\/div>\n<div id=\"polls-95-loading\" class=\"wp-polls-loading\"><img decoding=\"async\" data-src=\"https:\/\/conversesacatalunya.cat\/wp-content\/plugins\/wp-polls\/images\/loading.gif\" width=\"16\" height=\"16\" alt=\"Cargando ...\" title=\"Cargando ...\" class=\"wp-polls-image lazyload\" src=\"data:image\/svg+xml;base64,PHN2ZyB3aWR0aD0iMSIgaGVpZ2h0PSIxIiB4bWxucz0iaHR0cDovL3d3dy53My5vcmcvMjAwMC9zdmciPjwvc3ZnPg==\" style=\"--smush-placeholder-width: 16px; --smush-placeholder-aspect-ratio: 16\/16;\" \/>&nbsp;Cargando ...<\/div>\n\n","protected":false},"excerpt":{"rendered":"<p>Los \u00faltimos datos publicados por el Instituto Nacional de Estad\u00edstica (INE) reflejan un nuevo enfriamiento en la industria. Este repunte rompe la continuidad de acuerdo con los datos de enero, cuando la producci\u00f3n industrial sufri\u00f3 el mayor retroceso desde junio de 2020, con pr\u00e1cticamente todas las ramas de actividad en negativo. En enero, la producci\u00f3n de bienes de consumo no duradero se hundi\u00f3 un 12,2 % y la de bienes de equipo, un 11,2 %, aunque tambi\u00e9n descendi\u00f3 la de los bienes de consumo duraderos (8,8 %) y los intermedios (5,5 %). As\u00ed, la mayor parte de las ramas de actividad redujeron su producci\u00f3n, sobre todo la confecci\u00f3n de prendas de vestir (un 35,5 %), la industria del cuero y el calzado (33,1 %) y las artes gr\u00e1ficas (22,4 %). A pesar de que sus retrocesos fueron menos intensos, las ramas de actividad que m\u00e1s lastraron el \u00edndice, por su peso en la econom\u00eda espa\u00f1ola, fueron la industria de la alimentaci\u00f3n, cuya producci\u00f3n baj\u00f3 un 9,5 %, la fabricaci\u00f3n de productos met\u00e1licos (un 11,2 %), de veh\u00edculos de motor (un 9,2 %) y de maquinaria (un 12,7 %). Todas las comunidades aut\u00f3nomas bajaron su producci\u00f3n industrial en enero, sobre todo Canarias (15,5 %), Navarra (15%), Castilla-La Mancha (10,5%) y Pa\u00eds Vasco (9,5%). En t\u00e9rminos mensuales, la producci\u00f3n industrial se redujo un 0,7% en enero con respecto a diciembre, cuando hab\u00eda crecido un 0,8 %, debido al mal comportamiento de los bienes de equipo (que cedieron un 1,5%) y los bienes intermedios (un 1,2%). La producci\u00f3n industrial se hundi\u00f3 un 9,1% de media en 2020 debido al impacto de la pandemia de coronavirus, la mayor ca\u00edda en once a\u00f1os, aunque logr\u00f3 terminar el ejercicio con un repunte del 2,2% en diciembre tras once meses consecutivos de descensos. Seg\u00fan detalla el INE, la fuerte bajada del IPI de enero est\u00e1 relacionada con los retrocesos de los bienes de consumo no duradero (12,2%) y los bienes de equipo (11,2%), aunque tambi\u00e9n descendi\u00f3 la producci\u00f3n de los bienes de consumo duraderos (8,8%) y los intermedios (5,5%).<\/p>\n","protected":false},"author":20,"featured_media":45875,"comment_status":"open","ping_status":"open","sticky":false,"template":"","format":"standard","meta":{"_FSMCFIC_featured_image_caption":"","_FSMCFIC_featured_image_nocaption":"","_FSMCFIC_featured_image_hide":"","footnotes":""},"categories":[1772,806],"tags":[1504,3006,1347],"class_list":["post-45923","post","type-post","status-publish","format-standard","has-post-thumbnail","hentry","category-especial-coronavirus-es","category-punts-claus-del-dia-es","tag-coronavirus-es","tag-crisis-coronavirus","tag-industria-es"],"yoast_head":"<!-- This site is optimized with the Yoast SEO plugin v26.8 - https:\/\/yoast.com\/product\/yoast-seo-wordpress\/ -->\n<title>2021: la industria sufre otro rev\u00e9s - Converses a Catalunya<\/title>\n<meta name=\"description\" content=\"Seg\u00fan los \u00faltimos datos, la industria ha arrancado este a\u00f1o con una ca\u00edda de la producci\u00f3n industrial, siendo la mayor desaceleraci\u00f3n\" \/>\n<meta name=\"robots\" content=\"index, follow, max-snippet:-1, max-image-preview:large, max-video-preview:-1\" \/>\n<link rel=\"canonical\" href=\"https:\/\/conversesacatalunya.cat\/es\/2021-la-industria-sufre-otro-reves\/\" \/>\n<meta property=\"og:locale\" content=\"es_ES\" \/>\n<meta property=\"og:type\" content=\"article\" \/>\n<meta property=\"og:title\" content=\"2021: la industria sufre otro rev\u00e9s - Converses a Catalunya\" \/>\n<meta property=\"og:description\" content=\"Seg\u00fan los \u00faltimos datos, la industria ha arrancado este a\u00f1o con una ca\u00edda de la producci\u00f3n industrial, siendo la mayor desaceleraci\u00f3n\" \/>\n<meta property=\"og:url\" content=\"https:\/\/conversesacatalunya.cat\/es\/2021-la-industria-sufre-otro-reves\/\" \/>\n<meta property=\"og:site_name\" content=\"Converses a Catalunya\" \/>\n<meta property=\"article:published_time\" content=\"2021-03-11T11:05:06+00:00\" \/>\n<meta property=\"article:modified_time\" content=\"2021-03-11T11:11:54+00:00\" \/>\n<meta property=\"og:image\" content=\"https:\/\/conversesacatalunya.cat\/wp-content\/uploads\/2021\/03\/Capture-3.png\" \/>\n\t<meta property=\"og:image:width\" content=\"1111\" \/>\n\t<meta property=\"og:image:height\" content=\"729\" \/>\n\t<meta property=\"og:image:type\" content=\"image\/png\" \/>\n<meta name=\"author\" content=\"conversesacatalunya\" \/>\n<meta name=\"twitter:card\" content=\"summary_large_image\" \/>\n<meta name=\"twitter:label1\" content=\"Escrito por\" \/>\n\t<meta name=\"twitter:data1\" content=\"conversesacatalunya\" \/>\n\t<meta name=\"twitter:label2\" content=\"Tiempo de lectura\" \/>\n\t<meta name=\"twitter:data2\" content=\"2 minutos\" \/>\n<script type=\"application\/ld+json\" class=\"yoast-schema-graph\">{\"@context\":\"https:\/\/schema.org\",\"@graph\":[{\"@type\":\"Article\",\"@id\":\"https:\/\/conversesacatalunya.cat\/es\/2021-la-industria-sufre-otro-reves\/#article\",\"isPartOf\":{\"@id\":\"https:\/\/conversesacatalunya.cat\/es\/2021-la-industria-sufre-otro-reves\/\"},\"author\":{\"name\":\"conversesacatalunya\",\"@id\":\"https:\/\/conversesacatalunya.cat\/#\/schema\/person\/a7a9496a363cd9847daf7cd659d92e64\"},\"headline\":\"2021: la industria sufre otro rev\u00e9s\",\"datePublished\":\"2021-03-11T11:05:06+00:00\",\"dateModified\":\"2021-03-11T11:11:54+00:00\",\"mainEntityOfPage\":{\"@id\":\"https:\/\/conversesacatalunya.cat\/es\/2021-la-industria-sufre-otro-reves\/\"},\"wordCount\":366,\"commentCount\":0,\"image\":{\"@id\":\"https:\/\/conversesacatalunya.cat\/es\/2021-la-industria-sufre-otro-reves\/#primaryimage\"},\"thumbnailUrl\":\"https:\/\/conversesacatalunya.cat\/wp-content\/uploads\/2021\/03\/Capture-3.png\",\"keywords\":[\"coronavirus\",\"crisis coronavirus\",\"Ind\u00fastria\"],\"articleSection\":[\"Especial Coronavirus (ES)\",\"Punts clau del dia (ES)\"],\"inLanguage\":\"es\",\"potentialAction\":[{\"@type\":\"CommentAction\",\"name\":\"Comment\",\"target\":[\"https:\/\/conversesacatalunya.cat\/es\/2021-la-industria-sufre-otro-reves\/#respond\"]}]},{\"@type\":\"WebPage\",\"@id\":\"https:\/\/conversesacatalunya.cat\/es\/2021-la-industria-sufre-otro-reves\/\",\"url\":\"https:\/\/conversesacatalunya.cat\/es\/2021-la-industria-sufre-otro-reves\/\",\"name\":\"2021: la industria sufre otro rev\u00e9s - Converses a Catalunya\",\"isPartOf\":{\"@id\":\"https:\/\/conversesacatalunya.cat\/#website\"},\"primaryImageOfPage\":{\"@id\":\"https:\/\/conversesacatalunya.cat\/es\/2021-la-industria-sufre-otro-reves\/#primaryimage\"},\"image\":{\"@id\":\"https:\/\/conversesacatalunya.cat\/es\/2021-la-industria-sufre-otro-reves\/#primaryimage\"},\"thumbnailUrl\":\"https:\/\/conversesacatalunya.cat\/wp-content\/uploads\/2021\/03\/Capture-3.png\",\"datePublished\":\"2021-03-11T11:05:06+00:00\",\"dateModified\":\"2021-03-11T11:11:54+00:00\",\"author\":{\"@id\":\"https:\/\/conversesacatalunya.cat\/#\/schema\/person\/a7a9496a363cd9847daf7cd659d92e64\"},\"description\":\"Seg\u00fan los \u00faltimos datos, la industria ha arrancado este a\u00f1o con una ca\u00edda de la producci\u00f3n industrial, siendo la mayor desaceleraci\u00f3n\",\"breadcrumb\":{\"@id\":\"https:\/\/conversesacatalunya.cat\/es\/2021-la-industria-sufre-otro-reves\/#breadcrumb\"},\"inLanguage\":\"es\",\"potentialAction\":[{\"@type\":\"ReadAction\",\"target\":[\"https:\/\/conversesacatalunya.cat\/es\/2021-la-industria-sufre-otro-reves\/\"]}]},{\"@type\":\"ImageObject\",\"inLanguage\":\"es\",\"@id\":\"https:\/\/conversesacatalunya.cat\/es\/2021-la-industria-sufre-otro-reves\/#primaryimage\",\"url\":\"https:\/\/conversesacatalunya.cat\/wp-content\/uploads\/2021\/03\/Capture-3.png\",\"contentUrl\":\"https:\/\/conversesacatalunya.cat\/wp-content\/uploads\/2021\/03\/Capture-3.png\",\"width\":1111,\"height\":729,\"caption\":\"ind\u00fastria\"},{\"@type\":\"BreadcrumbList\",\"@id\":\"https:\/\/conversesacatalunya.cat\/es\/2021-la-industria-sufre-otro-reves\/#breadcrumb\",\"itemListElement\":[{\"@type\":\"ListItem\",\"position\":1,\"name\":\"Inici\",\"item\":\"https:\/\/conversesacatalunya.cat\/es\/\"},{\"@type\":\"ListItem\",\"position\":2,\"name\":\"2021: la industria sufre otro rev\u00e9s\"}]},{\"@type\":\"WebSite\",\"@id\":\"https:\/\/conversesacatalunya.cat\/#website\",\"url\":\"https:\/\/conversesacatalunya.cat\/\",\"name\":\"Converses a Catalunya\",\"description\":\"\",\"potentialAction\":[{\"@type\":\"SearchAction\",\"target\":{\"@type\":\"EntryPoint\",\"urlTemplate\":\"https:\/\/conversesacatalunya.cat\/?s={search_term_string}\"},\"query-input\":{\"@type\":\"PropertyValueSpecification\",\"valueRequired\":true,\"valueName\":\"search_term_string\"}}],\"inLanguage\":\"es\"},{\"@type\":\"Person\",\"@id\":\"https:\/\/conversesacatalunya.cat\/#\/schema\/person\/a7a9496a363cd9847daf7cd659d92e64\",\"name\":\"conversesacatalunya\",\"image\":{\"@type\":\"ImageObject\",\"inLanguage\":\"es\",\"@id\":\"https:\/\/conversesacatalunya.cat\/#\/schema\/person\/image\/\",\"url\":\"https:\/\/conversesacatalunya.cat\/wp-content\/litespeed\/avatar\/ff91582b44ff9c880dc9c5ac2f5c7e89.jpg?ver=1777372947\",\"contentUrl\":\"https:\/\/conversesacatalunya.cat\/wp-content\/litespeed\/avatar\/ff91582b44ff9c880dc9c5ac2f5c7e89.jpg?ver=1777372947\",\"caption\":\"conversesacatalunya\"},\"url\":\"https:\/\/conversesacatalunya.cat\/es\/author\/francisco_garcia\/\"}]}<\/script>\n<!-- \/ Yoast SEO plugin. -->","yoast_head_json":{"title":"2021: la industria sufre otro rev\u00e9s - Converses a Catalunya","description":"Seg\u00fan los \u00faltimos datos, la industria ha arrancado este a\u00f1o con una ca\u00edda de la producci\u00f3n industrial, siendo la mayor desaceleraci\u00f3n","robots":{"index":"index","follow":"follow","max-snippet":"max-snippet:-1","max-image-preview":"max-image-preview:large","max-video-preview":"max-video-preview:-1"},"canonical":"https:\/\/conversesacatalunya.cat\/es\/2021-la-industria-sufre-otro-reves\/","og_locale":"es_ES","og_type":"article","og_title":"2021: la industria sufre otro rev\u00e9s - Converses a Catalunya","og_description":"Seg\u00fan los \u00faltimos datos, la industria ha arrancado este a\u00f1o con una ca\u00edda de la producci\u00f3n industrial, siendo la mayor desaceleraci\u00f3n","og_url":"https:\/\/conversesacatalunya.cat\/es\/2021-la-industria-sufre-otro-reves\/","og_site_name":"Converses a Catalunya","article_published_time":"2021-03-11T11:05:06+00:00","article_modified_time":"2021-03-11T11:11:54+00:00","og_image":[{"width":1111,"height":729,"url":"https:\/\/conversesacatalunya.cat\/wp-content\/uploads\/2021\/03\/Capture-3.png","type":"image\/png"}],"author":"conversesacatalunya","twitter_card":"summary_large_image","twitter_misc":{"Escrito por":"conversesacatalunya","Tiempo de lectura":"2 minutos"},"schema":{"@context":"https:\/\/schema.org","@graph":[{"@type":"Article","@id":"https:\/\/conversesacatalunya.cat\/es\/2021-la-industria-sufre-otro-reves\/#article","isPartOf":{"@id":"https:\/\/conversesacatalunya.cat\/es\/2021-la-industria-sufre-otro-reves\/"},"author":{"name":"conversesacatalunya","@id":"https:\/\/conversesacatalunya.cat\/#\/schema\/person\/a7a9496a363cd9847daf7cd659d92e64"},"headline":"2021: la industria sufre otro rev\u00e9s","datePublished":"2021-03-11T11:05:06+00:00","dateModified":"2021-03-11T11:11:54+00:00","mainEntityOfPage":{"@id":"https:\/\/conversesacatalunya.cat\/es\/2021-la-industria-sufre-otro-reves\/"},"wordCount":366,"commentCount":0,"image":{"@id":"https:\/\/conversesacatalunya.cat\/es\/2021-la-industria-sufre-otro-reves\/#primaryimage"},"thumbnailUrl":"https:\/\/conversesacatalunya.cat\/wp-content\/uploads\/2021\/03\/Capture-3.png","keywords":["coronavirus","crisis coronavirus","Ind\u00fastria"],"articleSection":["Especial Coronavirus (ES)","Punts clau del dia (ES)"],"inLanguage":"es","potentialAction":[{"@type":"CommentAction","name":"Comment","target":["https:\/\/conversesacatalunya.cat\/es\/2021-la-industria-sufre-otro-reves\/#respond"]}]},{"@type":"WebPage","@id":"https:\/\/conversesacatalunya.cat\/es\/2021-la-industria-sufre-otro-reves\/","url":"https:\/\/conversesacatalunya.cat\/es\/2021-la-industria-sufre-otro-reves\/","name":"2021: la industria sufre otro rev\u00e9s - Converses a Catalunya","isPartOf":{"@id":"https:\/\/conversesacatalunya.cat\/#website"},"primaryImageOfPage":{"@id":"https:\/\/conversesacatalunya.cat\/es\/2021-la-industria-sufre-otro-reves\/#primaryimage"},"image":{"@id":"https:\/\/conversesacatalunya.cat\/es\/2021-la-industria-sufre-otro-reves\/#primaryimage"},"thumbnailUrl":"https:\/\/conversesacatalunya.cat\/wp-content\/uploads\/2021\/03\/Capture-3.png","datePublished":"2021-03-11T11:05:06+00:00","dateModified":"2021-03-11T11:11:54+00:00","author":{"@id":"https:\/\/conversesacatalunya.cat\/#\/schema\/person\/a7a9496a363cd9847daf7cd659d92e64"},"description":"Seg\u00fan los \u00faltimos datos, la industria ha arrancado este a\u00f1o con una ca\u00edda de la producci\u00f3n industrial, siendo la mayor desaceleraci\u00f3n","breadcrumb":{"@id":"https:\/\/conversesacatalunya.cat\/es\/2021-la-industria-sufre-otro-reves\/#breadcrumb"},"inLanguage":"es","potentialAction":[{"@type":"ReadAction","target":["https:\/\/conversesacatalunya.cat\/es\/2021-la-industria-sufre-otro-reves\/"]}]},{"@type":"ImageObject","inLanguage":"es","@id":"https:\/\/conversesacatalunya.cat\/es\/2021-la-industria-sufre-otro-reves\/#primaryimage","url":"https:\/\/conversesacatalunya.cat\/wp-content\/uploads\/2021\/03\/Capture-3.png","contentUrl":"https:\/\/conversesacatalunya.cat\/wp-content\/uploads\/2021\/03\/Capture-3.png","width":1111,"height":729,"caption":"ind\u00fastria"},{"@type":"BreadcrumbList","@id":"https:\/\/conversesacatalunya.cat\/es\/2021-la-industria-sufre-otro-reves\/#breadcrumb","itemListElement":[{"@type":"ListItem","position":1,"name":"Inici","item":"https:\/\/conversesacatalunya.cat\/es\/"},{"@type":"ListItem","position":2,"name":"2021: la industria sufre otro rev\u00e9s"}]},{"@type":"WebSite","@id":"https:\/\/conversesacatalunya.cat\/#website","url":"https:\/\/conversesacatalunya.cat\/","name":"Converses a Catalunya","description":"","potentialAction":[{"@type":"SearchAction","target":{"@type":"EntryPoint","urlTemplate":"https:\/\/conversesacatalunya.cat\/?s={search_term_string}"},"query-input":{"@type":"PropertyValueSpecification","valueRequired":true,"valueName":"search_term_string"}}],"inLanguage":"es"},{"@type":"Person","@id":"https:\/\/conversesacatalunya.cat\/#\/schema\/person\/a7a9496a363cd9847daf7cd659d92e64","name":"conversesacatalunya","image":{"@type":"ImageObject","inLanguage":"es","@id":"https:\/\/conversesacatalunya.cat\/#\/schema\/person\/image\/","url":"https:\/\/conversesacatalunya.cat\/wp-content\/litespeed\/avatar\/ff91582b44ff9c880dc9c5ac2f5c7e89.jpg?ver=1777372947","contentUrl":"https:\/\/conversesacatalunya.cat\/wp-content\/litespeed\/avatar\/ff91582b44ff9c880dc9c5ac2f5c7e89.jpg?ver=1777372947","caption":"conversesacatalunya"},"url":"https:\/\/conversesacatalunya.cat\/es\/author\/francisco_garcia\/"}]}},"wps_subtitle":"Seg\u00fan los \u00faltimos datos, la industria ha arrancado este a\u00f1o con una ca\u00edda de la producci\u00f3n industrial, siendo la mayor desaceleraci\u00f3n desde junio de 2020","_links":{"self":[{"href":"https:\/\/conversesacatalunya.cat\/es\/wp-json\/wp\/v2\/posts\/45923","targetHints":{"allow":["GET"]}}],"collection":[{"href":"https:\/\/conversesacatalunya.cat\/es\/wp-json\/wp\/v2\/posts"}],"about":[{"href":"https:\/\/conversesacatalunya.cat\/es\/wp-json\/wp\/v2\/types\/post"}],"author":[{"embeddable":true,"href":"https:\/\/conversesacatalunya.cat\/es\/wp-json\/wp\/v2\/users\/20"}],"replies":[{"embeddable":true,"href":"https:\/\/conversesacatalunya.cat\/es\/wp-json\/wp\/v2\/comments?post=45923"}],"version-history":[{"count":2,"href":"https:\/\/conversesacatalunya.cat\/es\/wp-json\/wp\/v2\/posts\/45923\/revisions"}],"predecessor-version":[{"id":45925,"href":"https:\/\/conversesacatalunya.cat\/es\/wp-json\/wp\/v2\/posts\/45923\/revisions\/45925"}],"wp:featuredmedia":[{"embeddable":true,"href":"https:\/\/conversesacatalunya.cat\/es\/wp-json\/wp\/v2\/media\/45875"}],"wp:attachment":[{"href":"https:\/\/conversesacatalunya.cat\/es\/wp-json\/wp\/v2\/media?parent=45923"}],"wp:term":[{"taxonomy":"category","embeddable":true,"href":"https:\/\/conversesacatalunya.cat\/es\/wp-json\/wp\/v2\/categories?post=45923"},{"taxonomy":"post_tag","embeddable":true,"href":"https:\/\/conversesacatalunya.cat\/es\/wp-json\/wp\/v2\/tags?post=45923"}],"curies":[{"name":"wp","href":"https:\/\/api.w.org\/{rel}","templated":true}]}}