{"id":45866,"date":"2021-03-10T13:09:39","date_gmt":"2021-03-10T12:09:39","guid":{"rendered":"https:\/\/conversesacatalunya.cat\/ocde-espanya-crisi-2023\/"},"modified":"2021-03-10T19:46:01","modified_gmt":"2021-03-10T18:46:01","slug":"ocde-espana-crisis-2023","status":"publish","type":"post","link":"https:\/\/conversesacatalunya.cat\/es\/ocde-espana-crisis-2023\/","title":{"rendered":"Hasta el 2023 no superaremos la crisis"},"content":{"rendered":"<p><span><span class=\"\">La publicaci\u00f3n de la nueva previsi\u00f3n\u00a0<\/span><\/span><strong><span><span class=\"\">de la OCDE<\/span><\/span><\/strong><span><span class=\"\">\u00a0confirma, a pesar de haber mejorado los resultados para Espa\u00f1a, que este pa\u00eds no superar\u00e1 la crisis en t\u00e9rminos macroecon\u00f3micos hasta el\u00a0<\/span><\/span><strong><span><span class=\"\">2023,<\/span><\/span><\/strong><span><span class=\"\">\u00a0y m\u00e1s all\u00e1 con respecto a las crisis sectoriales m\u00e1s agudas y de desguace social.<\/span><\/span><\/p>\n<p><span>Espa\u00f1a, seg\u00fan la previsi\u00f3n, crecer\u00e1 su PIB este a\u00f1o un significativo 5,7%, 7 d\u00e9cimas m\u00e1s que su anterior estimaci\u00f3n y un 4,8% en 2022, 8 d\u00e9cimas m\u00e1s que la previsi\u00f3n precedente. Pero como su comportamiento el a\u00f1o pasado ha sido con diferencia el peor de todos los pa\u00edses, con una ca\u00edda de <\/span><strong><span>11% del PIB<\/span><\/strong><span>, superior al de Argentina, -10,5, como el del Reino Unido -9,9, resultar\u00e1 que a finales del 2022 el PIB a\u00fan ser\u00eda claramente inferior al que dispon\u00edamos en 2019. No ser\u00eda pues hasta bien entrado el primer trimestre, <\/span><strong><span>dentro de tres a\u00f1os,<\/span><\/strong><span>\u00a0que la evoluci\u00f3n del PIB permitir\u00eda recuperar el impacto negativo de la coronacrisis.<\/span><\/p>\n<p><span>Hay que decir, sin embargo, que estas previsiones se aguantan con pinzas porque se basan en la presunci\u00f3n de un control razonable de la Covid-19, y concretamente <\/span><strong><span>de un buen resultado este a\u00f1o en la vacunaci\u00f3n<\/span><\/strong><span>.\u00a0Si este hecho no se produce, porque al final del verano no se ha conseguido llegar al 70% y la temporada tur\u00edstica, aunque mejor que la anterior, contin\u00faa da\u00f1ada, la previsi\u00f3n no se confirmar\u00e1 y el resultado ser\u00e1 m\u00e1s malo .<\/span><\/p>\n<blockquote><p><span>Pero es que adem\u00e1s la recuperaci\u00f3n ser\u00e1 muy asim\u00e9trica con una clara diferencia entre los sectores m\u00e1s perjudicados y otros sectores.<\/span><\/p><\/blockquote>\n<p><span>Este hecho ya se hace evidente a estas alturas, con datos de febrero 2020-2021, porque mientras que la\u00a0<\/span><strong><span>dem\u00e1s sectores<\/span><\/strong><span>\u00a0ya se han recuperado de la crisis y el n\u00famero de afiliados a la Seguridad Social obtiene un resultado ligeramente positivo con 11,2 millones de afiliados, unos 100.000 m\u00e1s que en febrero de 2020, la ca\u00edda de los\u00a0<\/span><strong><span>sectores m\u00e1s perjudicados<\/span><\/strong><span>, es decir, comercio, transportes, hosteler\u00eda, actividades art\u00edsticas, recreativas y de entretenimiento, contin\u00faan el descenso y se sit\u00faan en 4,2 millones de afiliaciones, habiendo perdido <\/span><strong><span>400.000<\/span><\/strong><span>\u00a0titulares.<\/span><\/p>\n<p><span>Lo mismo puede decirse de los ERTE: en septiembre del a\u00f1o pasado hab\u00eda, con respecto al resto de sectores, 288.000 personas en ERTE que en febrero de este a\u00f1o se han reducido a 207.000.\u00a0Pero los sectores m\u00e1s perjudicados han pasado en el mismo periodo de\u00a0<\/span><strong><span>428.000 a 702.000.\u00a0<\/span><\/strong><span>Ahora hay por tanto\u00a0<\/span><strong><span>900.000 personas en ERTE<\/span><\/strong><span>\u00a0, cuando en el mes de septiembre hab\u00eda 700.000.\u00a0Pero este crecimiento est\u00e1 concentrado en los ramos de la econom\u00eda que registran en mayor medida el impacto negativo.<\/span><\/p>\n<p><span>Este hecho, junto con la vacunaci\u00f3n hacen que las nuevas pol\u00edticas del gobierno, todav\u00eda inexistentes, sean decisivas, porque la combinaci\u00f3n ERTE-ICO que funcion\u00f3 el a\u00f1o pasado, ya no tiene m\u00e1s capacidad de detener el problema.<\/span><\/p>\n<p><span>Aqu\u00ed entran en juego los\u00a0<\/span><strong><span>11.000 millones<\/span><\/strong><span>\u00a0de euros anunciados por S\u00e1nchez, en unos t\u00e9rminos que parecen muy improvisados, que significan una cifra claramente inferior a la necesaria, y que las entidades empresariales valoran\u00a0<\/span><strong><span>en 50.000 millones<\/span><\/strong><span>. Tampoco est\u00e1 clara la estrategia ni la velocidad en que se producir\u00e1 su aplicaci\u00f3n, porque no se trata s\u00f3lo de ayudar a las necesidades, sino de hacerlo sobre todo en lo que es el tejido productivo y viable y evitar de esta manera dedicar recursos a\u00a0<\/span><strong><span>empresas zombis<\/span><\/strong><span>, que se mantienen gracias al cr\u00e9dito y a las ayudas. Esta es una tarea francamente dif\u00edcil.<\/span><\/p>\n<p><strong><span><span class=\"goog-text-highlight\">Por tanto y en resumen:<\/span><\/span><\/strong><span><span class=\"goog-text-highlight\">\u00a0mejora la previsi\u00f3n de la OCDE, los resultados no son suficientes para acortar el largo periodo que\u00a0<\/span><\/span><a href=\"https:\/\/conversesacatalunya.cat\/es\/la-dificil-situacion-economica-radiografia-y-perspectivas-los-datos\/\" target=\"_blank\" rel=\"noopener\"><span><span class=\"goog-text-highlight\">llevamos en crisis<\/span><\/span><\/a><span><span class=\"goog-text-highlight\">, este escenario depende sobre todo del ritmo de vacunaci\u00f3n y de la nueva pol\u00edtica gubernamental, y en todo caso los sectores m\u00e1s afectados no recuperar\u00e1n su situaci\u00f3n hasta m\u00e1s all\u00e1 del 2023, y por lo tanto tienen una perspectiva de dificultad durante algunos a\u00f1os.<\/span><\/span><\/p>\n<span class='bctt-click-to-tweet'><span class='bctt-ctt-text'><a href='https:\/\/twitter.com\/intent\/tweet?url=https%3A%2F%2Fconversesacatalunya.cat%2Fes%2Focde-espana-crisis-2023%2F&#038;text=No%20se%20trata%20s%C3%B3lo%20de%20ayudar%20a%20las%20necesidades%2C%20sino%20de%20hacerlo%20sobre%20todo%20en%20lo%20que%20es%20el%20tejido%20productivo%20y%20viable%20y%20evitar%20de%20esta%20manera%20dedicar%20recursos%20a%20empresas%20zombis%20&#038;via=conversesacat&#038;related=conversesacat' target='_blank'rel=\"noopener noreferrer\">No se trata s\u00f3lo de ayudar a las necesidades, sino de hacerlo sobre todo en lo que es el tejido productivo y viable y evitar de esta manera dedicar recursos a empresas zombis  <\/a><\/span><a href='https:\/\/twitter.com\/intent\/tweet?url=https%3A%2F%2Fconversesacatalunya.cat%2Fes%2Focde-espana-crisis-2023%2F&#038;text=No%20se%20trata%20s%C3%B3lo%20de%20ayudar%20a%20las%20necesidades%2C%20sino%20de%20hacerlo%20sobre%20todo%20en%20lo%20que%20es%20el%20tejido%20productivo%20y%20viable%20y%20evitar%20de%20esta%20manera%20dedicar%20recursos%20a%20empresas%20zombis%20&#038;via=conversesacat&#038;related=conversesacat' target='_blank' class='bctt-ctt-btn'rel=\"noopener noreferrer\">Compartir en X<\/a><\/span>\n<div id=\"polls-95\" class=\"wp-polls\">\n\t<form id=\"polls_form_95\" class=\"wp-polls-form\" action=\"\/index.php\" method=\"post\">\n\t\t<p style=\"display: none;\"><input type=\"hidden\" id=\"poll_95_nonce\" name=\"wp-polls-nonce\" value=\"c24d458a82\" \/><\/p>\n\t\t<p style=\"display: none;\"><input type=\"hidden\" name=\"poll_id\" value=\"95\" \/><\/p>\n\t\t<p style=\"text-align: center\"><strong>La CUP ha d'ocupar la presid\u00e8ncia del Parlament de Catalunya?<\/strong><\/p><div id=\"polls-95-ans\" class=\"wp-polls-ans\"><ul class=\"wp-polls-ul\">\n\t\t<li><input type=\"radio\" id=\"poll-answer-222\" name=\"poll_95\" value=\"222\" \/> <label for=\"poll-answer-222\">Si<\/label><\/li>\n\t\t<li><input type=\"radio\" id=\"poll-answer-223\" name=\"poll_95\" value=\"223\" \/> <label for=\"poll-answer-223\">No<\/label><\/li>\n\t\t<\/ul><p style=\"text-align: center\"><input type=\"button\" name=\"vote\" value=\"   Vota   \" class=\"Buttons\" onclick=\"poll_vote(95);\" \/><\/p><p style=\"text-align: center\"><a href=\"#ViewPollResults\" onclick=\"poll_result(95); return false;\" title=\"View Results Of This Poll\">Mira els resultats<\/a><\/p><\/div>\n\t<\/form>\n<\/div>\n<div id=\"polls-95-loading\" class=\"wp-polls-loading\"><img decoding=\"async\" data-src=\"https:\/\/conversesacatalunya.cat\/wp-content\/plugins\/wp-polls\/images\/loading.gif\" width=\"16\" height=\"16\" alt=\"Cargando ...\" title=\"Cargando ...\" class=\"wp-polls-image lazyload\" src=\"data:image\/svg+xml;base64,PHN2ZyB3aWR0aD0iMSIgaGVpZ2h0PSIxIiB4bWxucz0iaHR0cDovL3d3dy53My5vcmcvMjAwMC9zdmciPjwvc3ZnPg==\" style=\"--smush-placeholder-width: 16px; --smush-placeholder-aspect-ratio: 16\/16;\" \/>&nbsp;Cargando ...<\/div>\n\n<p>&nbsp;<\/p>\n","protected":false},"excerpt":{"rendered":"<p>La publicaci\u00f3n de la nueva previsi\u00f3n\u00a0de la OCDE\u00a0confirma, a pesar de haber mejorado los resultados para Espa\u00f1a, que este pa\u00eds no superar\u00e1 la crisis en t\u00e9rminos macroecon\u00f3micos hasta el\u00a02023,\u00a0y m\u00e1s all\u00e1 con respecto a las crisis sectoriales m\u00e1s agudas y de desguace social. Espa\u00f1a, seg\u00fan la previsi\u00f3n, crecer\u00e1 su PIB este a\u00f1o un significativo 5,7%, 7 d\u00e9cimas m\u00e1s que su anterior estimaci\u00f3n y un 4,8% en 2022, 8 d\u00e9cimas m\u00e1s que la previsi\u00f3n precedente. Pero como su comportamiento el a\u00f1o pasado ha sido con diferencia el peor de todos los pa\u00edses, con una ca\u00edda de 11% del PIB, superior al de Argentina, -10,5, como el del Reino Unido -9,9, resultar\u00e1 que a finales del 2022 el PIB a\u00fan ser\u00eda claramente inferior al que dispon\u00edamos en 2019. No ser\u00eda pues hasta bien entrado el primer trimestre, dentro de tres a\u00f1os,\u00a0que la evoluci\u00f3n del PIB permitir\u00eda recuperar el impacto negativo de la coronacrisis. Hay que decir, sin embargo, que estas previsiones se aguantan con pinzas porque se basan en la presunci\u00f3n de un control razonable de la Covid-19, y concretamente de un buen resultado este a\u00f1o en la vacunaci\u00f3n.\u00a0Si este hecho no se produce, porque al final del verano no se ha conseguido llegar al 70% y la temporada tur\u00edstica, aunque mejor que la anterior, contin\u00faa da\u00f1ada, la previsi\u00f3n no se confirmar\u00e1 y el resultado ser\u00e1 m\u00e1s malo . Pero es que adem\u00e1s la recuperaci\u00f3n ser\u00e1 muy asim\u00e9trica con una clara diferencia entre los sectores m\u00e1s perjudicados y otros sectores. Este hecho ya se hace evidente a estas alturas, con datos de febrero 2020-2021, porque mientras que la\u00a0dem\u00e1s sectores\u00a0ya se han recuperado de la crisis y el n\u00famero de afiliados a la Seguridad Social obtiene un resultado ligeramente positivo con 11,2 millones de afiliados, unos 100.000 m\u00e1s que en febrero de 2020, la ca\u00edda de los\u00a0sectores m\u00e1s perjudicados, es decir, comercio, transportes, hosteler\u00eda, actividades art\u00edsticas, recreativas y de entretenimiento, contin\u00faan el descenso y se sit\u00faan en 4,2 millones de afiliaciones, habiendo perdido 400.000\u00a0titulares. Lo mismo puede decirse de los ERTE: en septiembre del a\u00f1o pasado hab\u00eda, con respecto al resto de sectores, 288.000 personas en ERTE que en febrero de este a\u00f1o se han reducido a 207.000.\u00a0Pero los sectores m\u00e1s perjudicados han pasado en el mismo periodo de\u00a0428.000 a 702.000.\u00a0Ahora hay por tanto\u00a0900.000 personas en ERTE\u00a0, cuando en el mes de septiembre hab\u00eda 700.000.\u00a0Pero este crecimiento est\u00e1 concentrado en los ramos de la econom\u00eda que registran en mayor medida el impacto negativo. Este hecho, junto con la vacunaci\u00f3n hacen que las nuevas pol\u00edticas del gobierno, todav\u00eda inexistentes, sean decisivas, porque la combinaci\u00f3n ERTE-ICO que funcion\u00f3 el a\u00f1o pasado, ya no tiene m\u00e1s capacidad de detener el problema. Aqu\u00ed entran en juego los\u00a011.000 millones\u00a0de euros anunciados por S\u00e1nchez, en unos t\u00e9rminos que parecen muy improvisados, que significan una cifra claramente inferior a la necesaria, y que las entidades empresariales valoran\u00a0en 50.000 millones. Tampoco est\u00e1 clara la estrategia ni la velocidad en que se producir\u00e1 su aplicaci\u00f3n, porque no se trata s\u00f3lo de ayudar a las necesidades, sino de hacerlo sobre todo en lo que es el tejido productivo y viable y evitar de esta manera dedicar recursos a\u00a0empresas zombis, que se mantienen gracias al cr\u00e9dito y a las ayudas. Esta es una tarea francamente dif\u00edcil. Por tanto y en resumen:\u00a0mejora la previsi\u00f3n de la OCDE, los resultados no son suficientes para acortar el largo periodo que\u00a0llevamos en crisis, este escenario depende sobre todo del ritmo de vacunaci\u00f3n y de la nueva pol\u00edtica gubernamental, y en todo caso los sectores m\u00e1s afectados no recuperar\u00e1n su situaci\u00f3n hasta m\u00e1s all\u00e1 del 2023, y por lo tanto tienen una perspectiva de dificultad durante algunos a\u00f1os. &nbsp;<\/p>\n","protected":false},"author":3,"featured_media":45861,"comment_status":"open","ping_status":"open","sticky":false,"template":"","format":"standard","meta":{"_FSMCFIC_featured_image_caption":"","_FSMCFIC_featured_image_nocaption":"","_FSMCFIC_featured_image_hide":"","footnotes":""},"categories":[1772,806],"tags":[1051,3006,1193],"class_list":["post-45866","post","type-post","status-publish","format-standard","has-post-thumbnail","hentry","category-especial-coronavirus-es","category-punts-claus-del-dia-es","tag-crisi-economica-es","tag-crisis-coronavirus","tag-ocde-es"],"yoast_head":"<!-- This site is optimized with the Yoast SEO plugin v26.8 - https:\/\/yoast.com\/product\/yoast-seo-wordpress\/ -->\n<title>Hasta el 2023 no superaremos la crisis - Converses a Catalunya<\/title>\n<meta name=\"description\" content=\"Mejora la previsi\u00f3n de la OCDE, pero los resultados no son suficientes para acortar el largo periodo que llevamos en crisis\" \/>\n<meta name=\"robots\" content=\"index, follow, max-snippet:-1, max-image-preview:large, max-video-preview:-1\" \/>\n<link rel=\"canonical\" href=\"https:\/\/conversesacatalunya.cat\/es\/ocde-espana-crisis-2023\/\" \/>\n<meta property=\"og:locale\" content=\"es_ES\" \/>\n<meta property=\"og:type\" content=\"article\" \/>\n<meta property=\"og:title\" content=\"Hasta el 2023 no superaremos la crisis - Converses a Catalunya\" \/>\n<meta property=\"og:description\" content=\"Mejora la previsi\u00f3n de la OCDE, pero los resultados no son suficientes para acortar el largo periodo que llevamos en crisis\" \/>\n<meta property=\"og:url\" content=\"https:\/\/conversesacatalunya.cat\/es\/ocde-espana-crisis-2023\/\" \/>\n<meta property=\"og:site_name\" content=\"Converses a Catalunya\" \/>\n<meta property=\"article:published_time\" content=\"2021-03-10T12:09:39+00:00\" \/>\n<meta property=\"article:modified_time\" content=\"2021-03-10T18:46:01+00:00\" \/>\n<meta property=\"og:image\" content=\"https:\/\/conversesacatalunya.cat\/wp-content\/uploads\/2021\/03\/OCDE.jpg\" \/>\n\t<meta property=\"og:image:width\" content=\"500\" \/>\n\t<meta property=\"og:image:height\" content=\"350\" \/>\n\t<meta property=\"og:image:type\" content=\"image\/jpeg\" \/>\n<meta name=\"author\" content=\"conversesacatalunya\" \/>\n<meta name=\"twitter:card\" content=\"summary_large_image\" \/>\n<meta name=\"twitter:label1\" content=\"Escrito por\" \/>\n\t<meta name=\"twitter:data1\" content=\"conversesacatalunya\" \/>\n\t<meta name=\"twitter:label2\" content=\"Tiempo de lectura\" \/>\n\t<meta name=\"twitter:data2\" content=\"3 minutos\" \/>\n<script type=\"application\/ld+json\" class=\"yoast-schema-graph\">{\"@context\":\"https:\/\/schema.org\",\"@graph\":[{\"@type\":\"Article\",\"@id\":\"https:\/\/conversesacatalunya.cat\/es\/ocde-espana-crisis-2023\/#article\",\"isPartOf\":{\"@id\":\"https:\/\/conversesacatalunya.cat\/es\/ocde-espana-crisis-2023\/\"},\"author\":{\"name\":\"conversesacatalunya\",\"@id\":\"https:\/\/conversesacatalunya.cat\/#\/schema\/person\/982274792508d804a0821b413c9ac076\"},\"headline\":\"Hasta el 2023 no superaremos la crisis\",\"datePublished\":\"2021-03-10T12:09:39+00:00\",\"dateModified\":\"2021-03-10T18:46:01+00:00\",\"mainEntityOfPage\":{\"@id\":\"https:\/\/conversesacatalunya.cat\/es\/ocde-espana-crisis-2023\/\"},\"wordCount\":727,\"commentCount\":0,\"image\":{\"@id\":\"https:\/\/conversesacatalunya.cat\/es\/ocde-espana-crisis-2023\/#primaryimage\"},\"thumbnailUrl\":\"https:\/\/conversesacatalunya.cat\/wp-content\/uploads\/2021\/03\/OCDE.jpg\",\"keywords\":[\"Crisi econ\u00f2mica\",\"crisis coronavirus\",\"OCDE\"],\"articleSection\":[\"Especial Coronavirus (ES)\",\"Punts clau del dia (ES)\"],\"inLanguage\":\"es\",\"potentialAction\":[{\"@type\":\"CommentAction\",\"name\":\"Comment\",\"target\":[\"https:\/\/conversesacatalunya.cat\/es\/ocde-espana-crisis-2023\/#respond\"]}]},{\"@type\":\"WebPage\",\"@id\":\"https:\/\/conversesacatalunya.cat\/es\/ocde-espana-crisis-2023\/\",\"url\":\"https:\/\/conversesacatalunya.cat\/es\/ocde-espana-crisis-2023\/\",\"name\":\"Hasta el 2023 no superaremos la crisis - Converses a Catalunya\",\"isPartOf\":{\"@id\":\"https:\/\/conversesacatalunya.cat\/#website\"},\"primaryImageOfPage\":{\"@id\":\"https:\/\/conversesacatalunya.cat\/es\/ocde-espana-crisis-2023\/#primaryimage\"},\"image\":{\"@id\":\"https:\/\/conversesacatalunya.cat\/es\/ocde-espana-crisis-2023\/#primaryimage\"},\"thumbnailUrl\":\"https:\/\/conversesacatalunya.cat\/wp-content\/uploads\/2021\/03\/OCDE.jpg\",\"datePublished\":\"2021-03-10T12:09:39+00:00\",\"dateModified\":\"2021-03-10T18:46:01+00:00\",\"author\":{\"@id\":\"https:\/\/conversesacatalunya.cat\/#\/schema\/person\/982274792508d804a0821b413c9ac076\"},\"description\":\"Mejora la previsi\u00f3n de la OCDE, pero los resultados no son suficientes para acortar el largo periodo que llevamos en crisis\",\"breadcrumb\":{\"@id\":\"https:\/\/conversesacatalunya.cat\/es\/ocde-espana-crisis-2023\/#breadcrumb\"},\"inLanguage\":\"es\",\"potentialAction\":[{\"@type\":\"ReadAction\",\"target\":[\"https:\/\/conversesacatalunya.cat\/es\/ocde-espana-crisis-2023\/\"]}]},{\"@type\":\"ImageObject\",\"inLanguage\":\"es\",\"@id\":\"https:\/\/conversesacatalunya.cat\/es\/ocde-espana-crisis-2023\/#primaryimage\",\"url\":\"https:\/\/conversesacatalunya.cat\/wp-content\/uploads\/2021\/03\/OCDE.jpg\",\"contentUrl\":\"https:\/\/conversesacatalunya.cat\/wp-content\/uploads\/2021\/03\/OCDE.jpg\",\"width\":500,\"height\":350,\"caption\":\"OCDE\"},{\"@type\":\"BreadcrumbList\",\"@id\":\"https:\/\/conversesacatalunya.cat\/es\/ocde-espana-crisis-2023\/#breadcrumb\",\"itemListElement\":[{\"@type\":\"ListItem\",\"position\":1,\"name\":\"Inici\",\"item\":\"https:\/\/conversesacatalunya.cat\/es\/\"},{\"@type\":\"ListItem\",\"position\":2,\"name\":\"Hasta el 2023 no superaremos la crisis\"}]},{\"@type\":\"WebSite\",\"@id\":\"https:\/\/conversesacatalunya.cat\/#website\",\"url\":\"https:\/\/conversesacatalunya.cat\/\",\"name\":\"Converses a Catalunya\",\"description\":\"\",\"potentialAction\":[{\"@type\":\"SearchAction\",\"target\":{\"@type\":\"EntryPoint\",\"urlTemplate\":\"https:\/\/conversesacatalunya.cat\/?s={search_term_string}\"},\"query-input\":{\"@type\":\"PropertyValueSpecification\",\"valueRequired\":true,\"valueName\":\"search_term_string\"}}],\"inLanguage\":\"es\"},{\"@type\":\"Person\",\"@id\":\"https:\/\/conversesacatalunya.cat\/#\/schema\/person\/982274792508d804a0821b413c9ac076\",\"name\":\"conversesacatalunya\",\"image\":{\"@type\":\"ImageObject\",\"inLanguage\":\"es\",\"@id\":\"https:\/\/conversesacatalunya.cat\/#\/schema\/person\/image\/\",\"url\":\"https:\/\/conversesacatalunya.cat\/wp-content\/litespeed\/avatar\/f04b47eeffd9637c7cf7869e217fb9ec.jpg?ver=1777370077\",\"contentUrl\":\"https:\/\/conversesacatalunya.cat\/wp-content\/litespeed\/avatar\/f04b47eeffd9637c7cf7869e217fb9ec.jpg?ver=1777370077\",\"caption\":\"conversesacatalunya\"},\"url\":\"https:\/\/conversesacatalunya.cat\/es\/author\/muntsa_escola\/\"}]}<\/script>\n<!-- \/ Yoast SEO plugin. -->","yoast_head_json":{"title":"Hasta el 2023 no superaremos la crisis - Converses a Catalunya","description":"Mejora la previsi\u00f3n de la OCDE, pero los resultados no son suficientes para acortar el largo periodo que llevamos en crisis","robots":{"index":"index","follow":"follow","max-snippet":"max-snippet:-1","max-image-preview":"max-image-preview:large","max-video-preview":"max-video-preview:-1"},"canonical":"https:\/\/conversesacatalunya.cat\/es\/ocde-espana-crisis-2023\/","og_locale":"es_ES","og_type":"article","og_title":"Hasta el 2023 no superaremos la crisis - Converses a Catalunya","og_description":"Mejora la previsi\u00f3n de la OCDE, pero los resultados no son suficientes para acortar el largo periodo que llevamos en crisis","og_url":"https:\/\/conversesacatalunya.cat\/es\/ocde-espana-crisis-2023\/","og_site_name":"Converses a Catalunya","article_published_time":"2021-03-10T12:09:39+00:00","article_modified_time":"2021-03-10T18:46:01+00:00","og_image":[{"width":500,"height":350,"url":"https:\/\/conversesacatalunya.cat\/wp-content\/uploads\/2021\/03\/OCDE.jpg","type":"image\/jpeg"}],"author":"conversesacatalunya","twitter_card":"summary_large_image","twitter_misc":{"Escrito por":"conversesacatalunya","Tiempo de lectura":"3 minutos"},"schema":{"@context":"https:\/\/schema.org","@graph":[{"@type":"Article","@id":"https:\/\/conversesacatalunya.cat\/es\/ocde-espana-crisis-2023\/#article","isPartOf":{"@id":"https:\/\/conversesacatalunya.cat\/es\/ocde-espana-crisis-2023\/"},"author":{"name":"conversesacatalunya","@id":"https:\/\/conversesacatalunya.cat\/#\/schema\/person\/982274792508d804a0821b413c9ac076"},"headline":"Hasta el 2023 no superaremos la crisis","datePublished":"2021-03-10T12:09:39+00:00","dateModified":"2021-03-10T18:46:01+00:00","mainEntityOfPage":{"@id":"https:\/\/conversesacatalunya.cat\/es\/ocde-espana-crisis-2023\/"},"wordCount":727,"commentCount":0,"image":{"@id":"https:\/\/conversesacatalunya.cat\/es\/ocde-espana-crisis-2023\/#primaryimage"},"thumbnailUrl":"https:\/\/conversesacatalunya.cat\/wp-content\/uploads\/2021\/03\/OCDE.jpg","keywords":["Crisi econ\u00f2mica","crisis coronavirus","OCDE"],"articleSection":["Especial Coronavirus (ES)","Punts clau del dia (ES)"],"inLanguage":"es","potentialAction":[{"@type":"CommentAction","name":"Comment","target":["https:\/\/conversesacatalunya.cat\/es\/ocde-espana-crisis-2023\/#respond"]}]},{"@type":"WebPage","@id":"https:\/\/conversesacatalunya.cat\/es\/ocde-espana-crisis-2023\/","url":"https:\/\/conversesacatalunya.cat\/es\/ocde-espana-crisis-2023\/","name":"Hasta el 2023 no superaremos la crisis - Converses a Catalunya","isPartOf":{"@id":"https:\/\/conversesacatalunya.cat\/#website"},"primaryImageOfPage":{"@id":"https:\/\/conversesacatalunya.cat\/es\/ocde-espana-crisis-2023\/#primaryimage"},"image":{"@id":"https:\/\/conversesacatalunya.cat\/es\/ocde-espana-crisis-2023\/#primaryimage"},"thumbnailUrl":"https:\/\/conversesacatalunya.cat\/wp-content\/uploads\/2021\/03\/OCDE.jpg","datePublished":"2021-03-10T12:09:39+00:00","dateModified":"2021-03-10T18:46:01+00:00","author":{"@id":"https:\/\/conversesacatalunya.cat\/#\/schema\/person\/982274792508d804a0821b413c9ac076"},"description":"Mejora la previsi\u00f3n de la OCDE, pero los resultados no son suficientes para acortar el largo periodo que llevamos en crisis","breadcrumb":{"@id":"https:\/\/conversesacatalunya.cat\/es\/ocde-espana-crisis-2023\/#breadcrumb"},"inLanguage":"es","potentialAction":[{"@type":"ReadAction","target":["https:\/\/conversesacatalunya.cat\/es\/ocde-espana-crisis-2023\/"]}]},{"@type":"ImageObject","inLanguage":"es","@id":"https:\/\/conversesacatalunya.cat\/es\/ocde-espana-crisis-2023\/#primaryimage","url":"https:\/\/conversesacatalunya.cat\/wp-content\/uploads\/2021\/03\/OCDE.jpg","contentUrl":"https:\/\/conversesacatalunya.cat\/wp-content\/uploads\/2021\/03\/OCDE.jpg","width":500,"height":350,"caption":"OCDE"},{"@type":"BreadcrumbList","@id":"https:\/\/conversesacatalunya.cat\/es\/ocde-espana-crisis-2023\/#breadcrumb","itemListElement":[{"@type":"ListItem","position":1,"name":"Inici","item":"https:\/\/conversesacatalunya.cat\/es\/"},{"@type":"ListItem","position":2,"name":"Hasta el 2023 no superaremos la crisis"}]},{"@type":"WebSite","@id":"https:\/\/conversesacatalunya.cat\/#website","url":"https:\/\/conversesacatalunya.cat\/","name":"Converses a Catalunya","description":"","potentialAction":[{"@type":"SearchAction","target":{"@type":"EntryPoint","urlTemplate":"https:\/\/conversesacatalunya.cat\/?s={search_term_string}"},"query-input":{"@type":"PropertyValueSpecification","valueRequired":true,"valueName":"search_term_string"}}],"inLanguage":"es"},{"@type":"Person","@id":"https:\/\/conversesacatalunya.cat\/#\/schema\/person\/982274792508d804a0821b413c9ac076","name":"conversesacatalunya","image":{"@type":"ImageObject","inLanguage":"es","@id":"https:\/\/conversesacatalunya.cat\/#\/schema\/person\/image\/","url":"https:\/\/conversesacatalunya.cat\/wp-content\/litespeed\/avatar\/f04b47eeffd9637c7cf7869e217fb9ec.jpg?ver=1777370077","contentUrl":"https:\/\/conversesacatalunya.cat\/wp-content\/litespeed\/avatar\/f04b47eeffd9637c7cf7869e217fb9ec.jpg?ver=1777370077","caption":"conversesacatalunya"},"url":"https:\/\/conversesacatalunya.cat\/es\/author\/muntsa_escola\/"}]}},"wps_subtitle":"Mejora la previsi\u00f3n de la OCDE, pero los resultados no son suficientes para acortar el largo periodo que llevamos en crisis, este escenario depende sobre todo del ritmo de vacunaci\u00f3n y de la nueva pol\u00edtica gubernamental","_links":{"self":[{"href":"https:\/\/conversesacatalunya.cat\/es\/wp-json\/wp\/v2\/posts\/45866","targetHints":{"allow":["GET"]}}],"collection":[{"href":"https:\/\/conversesacatalunya.cat\/es\/wp-json\/wp\/v2\/posts"}],"about":[{"href":"https:\/\/conversesacatalunya.cat\/es\/wp-json\/wp\/v2\/types\/post"}],"author":[{"embeddable":true,"href":"https:\/\/conversesacatalunya.cat\/es\/wp-json\/wp\/v2\/users\/3"}],"replies":[{"embeddable":true,"href":"https:\/\/conversesacatalunya.cat\/es\/wp-json\/wp\/v2\/comments?post=45866"}],"version-history":[{"count":2,"href":"https:\/\/conversesacatalunya.cat\/es\/wp-json\/wp\/v2\/posts\/45866\/revisions"}],"predecessor-version":[{"id":45868,"href":"https:\/\/conversesacatalunya.cat\/es\/wp-json\/wp\/v2\/posts\/45866\/revisions\/45868"}],"wp:featuredmedia":[{"embeddable":true,"href":"https:\/\/conversesacatalunya.cat\/es\/wp-json\/wp\/v2\/media\/45861"}],"wp:attachment":[{"href":"https:\/\/conversesacatalunya.cat\/es\/wp-json\/wp\/v2\/media?parent=45866"}],"wp:term":[{"taxonomy":"category","embeddable":true,"href":"https:\/\/conversesacatalunya.cat\/es\/wp-json\/wp\/v2\/categories?post=45866"},{"taxonomy":"post_tag","embeddable":true,"href":"https:\/\/conversesacatalunya.cat\/es\/wp-json\/wp\/v2\/tags?post=45866"}],"curies":[{"name":"wp","href":"https:\/\/api.w.org\/{rel}","templated":true}]}}