{"id":45793,"date":"2021-03-08T12:41:30","date_gmt":"2021-03-08T11:41:30","guid":{"rendered":"https:\/\/conversesacatalunya.cat\/el-8-m-no-justifica-la-irresponsabilitat\/"},"modified":"2021-03-08T15:15:21","modified_gmt":"2021-03-08T14:15:21","slug":"el-8-m-no-justifica-la-irresponsabilidad","status":"publish","type":"post","link":"https:\/\/conversesacatalunya.cat\/es\/el-8-m-no-justifica-la-irresponsabilidad\/","title":{"rendered":"El 8-M no justifica la irresponsabilidad"},"content":{"rendered":"<p><span><span class=\"goog-text-highlight\">El 8-M se ha convertido, no tanto en una reivindicaci\u00f3n, como en una celebraci\u00f3n\u00a0<\/span><\/span><strong><span><span class=\"goog-text-highlight\">institucional del poder pol\u00edtico y medi\u00e1tico,<\/span><\/span><\/strong><span><span class=\"goog-text-highlight\">\u00a0derivando cada vez m\u00e1s hacia una \u00abpose\u00bb, que a un abordaje real de la situaci\u00f3n de la mujer.\u00a0<\/span>V\u00e9ase sino la declaraci\u00f3n de huelga por parte de la empresa, una pr\u00e1ctica realmente sorprendente,\u00a0<\/span><strong><span>de Ferrocarriles de la Generalitat y de Transportes Metropolitanos,<\/span><\/strong><span>\u00a0con unos\u00a0<\/span><strong><span>servicios m\u00ednimos del 85% !;\u00a0<\/span><\/strong><span>es decir, es una declaraci\u00f3n de huelga sin huelga.<\/span><\/p>\n<p><span>Este poder institucional tiene manifestaciones de gran irresponsabilidad social que no pueden pasarse por alto por mucho poder que tengan.<\/span><\/p>\n<p><span>Por la tarde del domingo\u00a0<\/span><strong><span>en Barcelona<\/span><\/strong><span>\u00a0se produjeron peque\u00f1as manifestaciones feministas, pero de una gran agresividad.\u00a0Pintaron, es decir, ensuciaron, escaparates de tiendas, como si ya no tuvieran suficiente castigo con lo que est\u00e1 pasando, y tambi\u00e9n de iglesias. En la\u00a0<\/span><strong><span>parroquia de Santa Teresita<\/span><\/strong><span>\u00a0se pod\u00eda leer una pintada feminista tan \u00abconvivencial\u00bb como \u00abFuego en la Iglesia\u00bb.<\/span><\/p>\n<p><img fetchpriority=\"high\" decoding=\"async\" class=\"aligncenter size-full wp-image-45775\" src=\"https:\/\/conversesacatalunya.cat\/wp-content\/uploads\/2021\/03\/8M-el-binarismo-nos-asesina.jpg\" alt=\"8-M\" width=\"1920\" height=\"1080\" srcset=\"https:\/\/conversesacatalunya.cat\/wp-content\/uploads\/2021\/03\/8M-el-binarismo-nos-asesina.jpg 1920w, https:\/\/conversesacatalunya.cat\/wp-content\/uploads\/2021\/03\/8M-el-binarismo-nos-asesina-300x169.jpg 300w, https:\/\/conversesacatalunya.cat\/wp-content\/uploads\/2021\/03\/8M-el-binarismo-nos-asesina-1024x576.jpg 1024w, https:\/\/conversesacatalunya.cat\/wp-content\/uploads\/2021\/03\/8M-el-binarismo-nos-asesina-150x84.jpg 150w\" sizes=\"(max-width: 1920px) 100vw, 1920px\" \/><\/p>\n<p><span>La comunidad cient\u00edfica ha reiterado una y otra vez que <\/span><a href=\"https:\/\/conversesacatalunya.cat\/es\/8-m-mensajes-contradictorios-el-feminismo-de-la-confusion\/\" target=\"_blank\" rel=\"noopener\"><span>no se deben producir concentraciones ni manifestaciones<\/span><\/a><span>, por mucho que se diga que se mantendr\u00e1n condiciones de seguridad, por la sencilla raz\u00f3n de que este tipo de pr\u00e1ctica no es posible cuando se concentran numerosas personas que gritan y se excitan, y m\u00e1s cuando en la finalizaci\u00f3n y el inicio se producen desplazamientos en grupo, y todo ello <\/span><strong><span>facilita el contagio<\/span><\/strong><span>\u00a0.<\/span><\/p>\n<p><span>En esta ocasi\u00f3n el Gobierno ha aprendido la lecci\u00f3n del 8-M del a\u00f1o pasado y ha manifestado rotundamente que\u00a0<\/span><strong><span>no se hagan manifestaciones<\/span><\/strong><span>. Volver a pasar por el riesgo de tener ministras contagiadas es una exposici\u00f3n demasiado peligrosa para la imagen pol\u00edtica del gobierno. Por su parte, el <\/span><strong><span>delegado del gobierno en Madrid<\/span><\/strong><span>\u00a0ha prohibido las manifestaciones y el\u00a0<\/span><strong><span>Tribunal Superior de Justicia<\/span><\/strong><span> le ha otorgado la raz\u00f3n porque ante el conflicto de dos derechos contrapuestos, el de la manifestaci\u00f3n y el de la salud, ha considerado que debe prevalecer este segundo. Pero, una vez m\u00e1s, <\/span><strong><span>la Generalitat de Catalu\u00f1a<\/span><\/strong><span>\u00a0va por otro lado y ha autorizado para este lunes una\u00a0<\/span><a href=\"https:\/\/conversesacatalunya.cat\/es\/las-feministas-gubernamentales-quieren-manifestarse\/\" target=\"_blank\" rel=\"noopener\"><span>manifestaci\u00f3n\u00a0<\/span><\/a><strong><span>en el Paseo de Gracia.<\/span><\/strong><\/p>\n<p><span>Por un lado, las autoridades sanitarias catalanas no se cansan de advertir que la situaci\u00f3n no es buena.\u00a0Ciertamente, no lo es, porque a pesar del rigor de las restricciones y su duraci\u00f3n,\u00a0<\/span><strong><span>Catalu\u00f1a no acaba de conseguir una buena reducci\u00f3n de los contagios<\/span><\/strong><span>.\u00a0Despu\u00e9s de Madrid y el Pa\u00eds Vasco, nuestro pa\u00eds es, junto con Asturias, la comunidad en la que todav\u00eda se presenta una mayor incidencia y donde hay m\u00e1s gente en las UCI.<\/span><\/p>\n<p><span>El temor generalizado a una cuarta ola sin haber vaciado las unidades de cr\u00edticos planea sobre nuestro escenario. Tampoco ayuda <a href=\"https:\/\/conversesacatalunya.cat\/es\/que-ocurre-con-la-vacunacion-de-los-mayores-de-90-anos\/\" target=\"_blank\" rel=\"noopener\">la\u00a0<\/a><\/span><span>lentitud en la vacunaci\u00f3n<\/span><span>.<\/span><\/p>\n<p><span>A pesar de ello, las feministas y los sindicatos, UGT y CCOO, con el visto bueno del gobierno de la Generalitat, han decidido pasarse el riesgo por el forro e ir a una\u00a0<\/span><strong><span>manifestaci\u00f3n claramente innecesaria<\/span><\/strong><span>. Despu\u00e9s, los pol\u00edticos se extra\u00f1ar\u00e1n de la desafecci\u00f3n ciudadana, pero \u00bfqu\u00e9 pueden pensar los bares y restaurantes obligados a cerrar a las 5 de la tarde, los comercios que tienen que atender con restricciones, los centros comerciales que han sido cerrados durante meses, y tantas otras actividades? \u00bfQu\u00e9 pensar del toque de queda a las 10 de la noche, cuando esta tarde de lunes se concentrar\u00e1n <\/span><strong><span>unos miles de mujeres en el Paseo de Gracia<\/span><\/strong><span>? Despu\u00e9s se extra\u00f1ar\u00e1n de que tantos j\u00f3venes se dediquen a hacer fiestas por su cuenta salt\u00e1ndose las medidas cuando ven actuaciones institucionales de este tipo.<\/span><\/p>\n<div id=\"polls-94\" class=\"wp-polls\">\n\t<form id=\"polls_form_94\" class=\"wp-polls-form\" action=\"\/index.php\" method=\"post\">\n\t\t<p style=\"display: none;\"><input type=\"hidden\" id=\"poll_94_nonce\" name=\"wp-polls-nonce\" value=\"fe40225e89\" \/><\/p>\n\t\t<p style=\"display: none;\"><input type=\"hidden\" name=\"poll_id\" value=\"94\" \/><\/p>\n\t\t<p style=\"text-align: center\"><strong>Seria bo per Catalunya un govern amb ERC, JxCat i la CUP?<\/strong><\/p><div id=\"polls-94-ans\" class=\"wp-polls-ans\"><ul class=\"wp-polls-ul\">\n\t\t<li><input type=\"radio\" id=\"poll-answer-219\" name=\"poll_94\" value=\"219\" \/> <label for=\"poll-answer-219\">Si<\/label><\/li>\n\t\t<li><input type=\"radio\" id=\"poll-answer-220\" name=\"poll_94\" value=\"220\" \/> <label for=\"poll-answer-220\">No<\/label><\/li>\n\t\t<li><input type=\"radio\" id=\"poll-answer-221\" name=\"poll_94\" value=\"221\" \/> <label for=\"poll-answer-221\">No ho s\u00e9<\/label><\/li>\n\t\t<\/ul><p style=\"text-align: center\"><input type=\"button\" name=\"vote\" value=\"   Vota   \" class=\"Buttons\" onclick=\"poll_vote(94);\" \/><\/p><p style=\"text-align: center\"><a href=\"#ViewPollResults\" onclick=\"poll_result(94); return false;\" title=\"View Results Of This Poll\">Mira els resultats<\/a><\/p><\/div>\n\t<\/form>\n<\/div>\n<div id=\"polls-94-loading\" class=\"wp-polls-loading\"><img decoding=\"async\" data-src=\"https:\/\/conversesacatalunya.cat\/wp-content\/plugins\/wp-polls\/images\/loading.gif\" width=\"16\" height=\"16\" alt=\"Cargando ...\" title=\"Cargando ...\" class=\"wp-polls-image lazyload\" src=\"data:image\/svg+xml;base64,PHN2ZyB3aWR0aD0iMSIgaGVpZ2h0PSIxIiB4bWxucz0iaHR0cDovL3d3dy53My5vcmcvMjAwMC9zdmciPjwvc3ZnPg==\" style=\"--smush-placeholder-width: 16px; --smush-placeholder-aspect-ratio: 16\/16;\" \/>&nbsp;Cargando ...<\/div>\n\n","protected":false},"excerpt":{"rendered":"<p>El 8-M se ha convertido, no tanto en una reivindicaci\u00f3n, como en una celebraci\u00f3n\u00a0institucional del poder pol\u00edtico y medi\u00e1tico,\u00a0derivando cada vez m\u00e1s hacia una \u00abpose\u00bb, que a un abordaje real de la situaci\u00f3n de la mujer.\u00a0V\u00e9ase sino la declaraci\u00f3n de huelga por parte de la empresa, una pr\u00e1ctica realmente sorprendente,\u00a0de Ferrocarriles de la Generalitat y de Transportes Metropolitanos,\u00a0con unos\u00a0servicios m\u00ednimos del 85% !;\u00a0es decir, es una declaraci\u00f3n de huelga sin huelga. Este poder institucional tiene manifestaciones de gran irresponsabilidad social que no pueden pasarse por alto por mucho poder que tengan. Por la tarde del domingo\u00a0en Barcelona\u00a0se produjeron peque\u00f1as manifestaciones feministas, pero de una gran agresividad.\u00a0Pintaron, es decir, ensuciaron, escaparates de tiendas, como si ya no tuvieran suficiente castigo con lo que est\u00e1 pasando, y tambi\u00e9n de iglesias. En la\u00a0parroquia de Santa Teresita\u00a0se pod\u00eda leer una pintada feminista tan \u00abconvivencial\u00bb como \u00abFuego en la Iglesia\u00bb. La comunidad cient\u00edfica ha reiterado una y otra vez que no se deben producir concentraciones ni manifestaciones, por mucho que se diga que se mantendr\u00e1n condiciones de seguridad, por la sencilla raz\u00f3n de que este tipo de pr\u00e1ctica no es posible cuando se concentran numerosas personas que gritan y se excitan, y m\u00e1s cuando en la finalizaci\u00f3n y el inicio se producen desplazamientos en grupo, y todo ello facilita el contagio\u00a0. En esta ocasi\u00f3n el Gobierno ha aprendido la lecci\u00f3n del 8-M del a\u00f1o pasado y ha manifestado rotundamente que\u00a0no se hagan manifestaciones. Volver a pasar por el riesgo de tener ministras contagiadas es una exposici\u00f3n demasiado peligrosa para la imagen pol\u00edtica del gobierno. Por su parte, el delegado del gobierno en Madrid\u00a0ha prohibido las manifestaciones y el\u00a0Tribunal Superior de Justicia le ha otorgado la raz\u00f3n porque ante el conflicto de dos derechos contrapuestos, el de la manifestaci\u00f3n y el de la salud, ha considerado que debe prevalecer este segundo. Pero, una vez m\u00e1s, la Generalitat de Catalu\u00f1a\u00a0va por otro lado y ha autorizado para este lunes una\u00a0manifestaci\u00f3n\u00a0en el Paseo de Gracia. Por un lado, las autoridades sanitarias catalanas no se cansan de advertir que la situaci\u00f3n no es buena.\u00a0Ciertamente, no lo es, porque a pesar del rigor de las restricciones y su duraci\u00f3n,\u00a0Catalu\u00f1a no acaba de conseguir una buena reducci\u00f3n de los contagios.\u00a0Despu\u00e9s de Madrid y el Pa\u00eds Vasco, nuestro pa\u00eds es, junto con Asturias, la comunidad en la que todav\u00eda se presenta una mayor incidencia y donde hay m\u00e1s gente en las UCI. El temor generalizado a una cuarta ola sin haber vaciado las unidades de cr\u00edticos planea sobre nuestro escenario. Tampoco ayuda la\u00a0lentitud en la vacunaci\u00f3n. A pesar de ello, las feministas y los sindicatos, UGT y CCOO, con el visto bueno del gobierno de la Generalitat, han decidido pasarse el riesgo por el forro e ir a una\u00a0manifestaci\u00f3n claramente innecesaria. Despu\u00e9s, los pol\u00edticos se extra\u00f1ar\u00e1n de la desafecci\u00f3n ciudadana, pero \u00bfqu\u00e9 pueden pensar los bares y restaurantes obligados a cerrar a las 5 de la tarde, los comercios que tienen que atender con restricciones, los centros comerciales que han sido cerrados durante meses, y tantas otras actividades? \u00bfQu\u00e9 pensar del toque de queda a las 10 de la noche, cuando esta tarde de lunes se concentrar\u00e1n unos miles de mujeres en el Paseo de Gracia? Despu\u00e9s se extra\u00f1ar\u00e1n de que tantos j\u00f3venes se dediquen a hacer fiestas por su cuenta salt\u00e1ndose las medidas cuando ven actuaciones institucionales de este tipo.<\/p>\n","protected":false},"author":2,"featured_media":45778,"comment_status":"open","ping_status":"open","sticky":false,"template":"","format":"standard","meta":{"_FSMCFIC_featured_image_caption":"","_FSMCFIC_featured_image_nocaption":"","_FSMCFIC_featured_image_hide":"","footnotes":""},"categories":[806],"tags":[1892],"class_list":["post-45793","post","type-post","status-publish","format-standard","has-post-thumbnail","hentry","category-punts-claus-del-dia-es","tag-8-m-es"],"yoast_head":"<!-- This site is optimized with the Yoast SEO plugin v26.8 - https:\/\/yoast.com\/product\/yoast-seo-wordpress\/ -->\n<title>El 8-M no justifica la irresponsabilidad - Converses a Catalunya<\/title>\n<meta name=\"description\" content=\"8-M: El temor generalitzat a una quarta onada sense haver buidat les unitats de cr\u00edtics plana sobre el nostre escenari.\" \/>\n<meta name=\"robots\" content=\"index, follow, max-snippet:-1, max-image-preview:large, max-video-preview:-1\" \/>\n<link rel=\"canonical\" href=\"https:\/\/conversesacatalunya.cat\/es\/el-8-m-no-justifica-la-irresponsabilidad\/\" \/>\n<meta property=\"og:locale\" content=\"es_ES\" \/>\n<meta property=\"og:type\" content=\"article\" \/>\n<meta property=\"og:title\" content=\"El 8-M no justifica la irresponsabilidad - Converses a Catalunya\" \/>\n<meta property=\"og:description\" content=\"8-M: El temor generalitzat a una quarta onada sense haver buidat les unitats de cr\u00edtics plana sobre el nostre escenari.\" \/>\n<meta property=\"og:url\" content=\"https:\/\/conversesacatalunya.cat\/es\/el-8-m-no-justifica-la-irresponsabilidad\/\" \/>\n<meta property=\"og:site_name\" content=\"Converses a Catalunya\" \/>\n<meta property=\"article:published_time\" content=\"2021-03-08T11:41:30+00:00\" \/>\n<meta property=\"article:modified_time\" content=\"2021-03-08T14:15:21+00:00\" \/>\n<meta property=\"og:image\" content=\"https:\/\/conversesacatalunya.cat\/wp-content\/uploads\/2021\/03\/8M-mata-al-violador-de-tu-banco.jpg\" \/>\n\t<meta property=\"og:image:width\" content=\"2000\" \/>\n\t<meta property=\"og:image:height\" content=\"1500\" \/>\n\t<meta property=\"og:image:type\" content=\"image\/jpeg\" \/>\n<meta name=\"author\" content=\"conversesacatalunya\" \/>\n<meta name=\"twitter:card\" content=\"summary_large_image\" \/>\n<meta name=\"twitter:label1\" content=\"Escrito por\" \/>\n\t<meta name=\"twitter:data1\" content=\"conversesacatalunya\" \/>\n\t<meta name=\"twitter:label2\" content=\"Tiempo de lectura\" \/>\n\t<meta name=\"twitter:data2\" content=\"3 minutos\" \/>\n<script type=\"application\/ld+json\" class=\"yoast-schema-graph\">{\"@context\":\"https:\/\/schema.org\",\"@graph\":[{\"@type\":\"Article\",\"@id\":\"https:\/\/conversesacatalunya.cat\/es\/el-8-m-no-justifica-la-irresponsabilidad\/#article\",\"isPartOf\":{\"@id\":\"https:\/\/conversesacatalunya.cat\/es\/el-8-m-no-justifica-la-irresponsabilidad\/\"},\"author\":{\"name\":\"conversesacatalunya\",\"@id\":\"https:\/\/conversesacatalunya.cat\/#\/schema\/person\/7e24d1e54a2785373ddcb275eae5ed99\"},\"headline\":\"El 8-M no justifica la irresponsabilidad\",\"datePublished\":\"2021-03-08T11:41:30+00:00\",\"dateModified\":\"2021-03-08T14:15:21+00:00\",\"mainEntityOfPage\":{\"@id\":\"https:\/\/conversesacatalunya.cat\/es\/el-8-m-no-justifica-la-irresponsabilidad\/\"},\"wordCount\":639,\"commentCount\":0,\"image\":{\"@id\":\"https:\/\/conversesacatalunya.cat\/es\/el-8-m-no-justifica-la-irresponsabilidad\/#primaryimage\"},\"thumbnailUrl\":\"https:\/\/conversesacatalunya.cat\/wp-content\/uploads\/2021\/03\/8M-mata-al-violador-de-tu-banco.jpg\",\"keywords\":[\"8-M\"],\"articleSection\":[\"Punts clau del dia (ES)\"],\"inLanguage\":\"es\",\"potentialAction\":[{\"@type\":\"CommentAction\",\"name\":\"Comment\",\"target\":[\"https:\/\/conversesacatalunya.cat\/es\/el-8-m-no-justifica-la-irresponsabilidad\/#respond\"]}]},{\"@type\":\"WebPage\",\"@id\":\"https:\/\/conversesacatalunya.cat\/es\/el-8-m-no-justifica-la-irresponsabilidad\/\",\"url\":\"https:\/\/conversesacatalunya.cat\/es\/el-8-m-no-justifica-la-irresponsabilidad\/\",\"name\":\"El 8-M no justifica la irresponsabilidad - Converses a Catalunya\",\"isPartOf\":{\"@id\":\"https:\/\/conversesacatalunya.cat\/#website\"},\"primaryImageOfPage\":{\"@id\":\"https:\/\/conversesacatalunya.cat\/es\/el-8-m-no-justifica-la-irresponsabilidad\/#primaryimage\"},\"image\":{\"@id\":\"https:\/\/conversesacatalunya.cat\/es\/el-8-m-no-justifica-la-irresponsabilidad\/#primaryimage\"},\"thumbnailUrl\":\"https:\/\/conversesacatalunya.cat\/wp-content\/uploads\/2021\/03\/8M-mata-al-violador-de-tu-banco.jpg\",\"datePublished\":\"2021-03-08T11:41:30+00:00\",\"dateModified\":\"2021-03-08T14:15:21+00:00\",\"author\":{\"@id\":\"https:\/\/conversesacatalunya.cat\/#\/schema\/person\/7e24d1e54a2785373ddcb275eae5ed99\"},\"description\":\"8-M: El temor generalitzat a una quarta onada sense haver buidat les unitats de cr\u00edtics plana sobre el nostre escenari.\",\"breadcrumb\":{\"@id\":\"https:\/\/conversesacatalunya.cat\/es\/el-8-m-no-justifica-la-irresponsabilidad\/#breadcrumb\"},\"inLanguage\":\"es\",\"potentialAction\":[{\"@type\":\"ReadAction\",\"target\":[\"https:\/\/conversesacatalunya.cat\/es\/el-8-m-no-justifica-la-irresponsabilidad\/\"]}]},{\"@type\":\"ImageObject\",\"inLanguage\":\"es\",\"@id\":\"https:\/\/conversesacatalunya.cat\/es\/el-8-m-no-justifica-la-irresponsabilidad\/#primaryimage\",\"url\":\"https:\/\/conversesacatalunya.cat\/wp-content\/uploads\/2021\/03\/8M-mata-al-violador-de-tu-banco.jpg\",\"contentUrl\":\"https:\/\/conversesacatalunya.cat\/wp-content\/uploads\/2021\/03\/8M-mata-al-violador-de-tu-banco.jpg\",\"width\":2000,\"height\":1500,\"caption\":\"8-M\"},{\"@type\":\"BreadcrumbList\",\"@id\":\"https:\/\/conversesacatalunya.cat\/es\/el-8-m-no-justifica-la-irresponsabilidad\/#breadcrumb\",\"itemListElement\":[{\"@type\":\"ListItem\",\"position\":1,\"name\":\"Inici\",\"item\":\"https:\/\/conversesacatalunya.cat\/es\/\"},{\"@type\":\"ListItem\",\"position\":2,\"name\":\"El 8-M no justifica la irresponsabilidad\"}]},{\"@type\":\"WebSite\",\"@id\":\"https:\/\/conversesacatalunya.cat\/#website\",\"url\":\"https:\/\/conversesacatalunya.cat\/\",\"name\":\"Converses a Catalunya\",\"description\":\"\",\"potentialAction\":[{\"@type\":\"SearchAction\",\"target\":{\"@type\":\"EntryPoint\",\"urlTemplate\":\"https:\/\/conversesacatalunya.cat\/?s={search_term_string}\"},\"query-input\":{\"@type\":\"PropertyValueSpecification\",\"valueRequired\":true,\"valueName\":\"search_term_string\"}}],\"inLanguage\":\"es\"},{\"@type\":\"Person\",\"@id\":\"https:\/\/conversesacatalunya.cat\/#\/schema\/person\/7e24d1e54a2785373ddcb275eae5ed99\",\"name\":\"conversesacatalunya\",\"image\":{\"@type\":\"ImageObject\",\"inLanguage\":\"es\",\"@id\":\"https:\/\/conversesacatalunya.cat\/#\/schema\/person\/image\/\",\"url\":\"https:\/\/conversesacatalunya.cat\/wp-content\/litespeed\/avatar\/febdfeeec89d950f01c748045a981dd2.jpg?ver=1777314535\",\"contentUrl\":\"https:\/\/conversesacatalunya.cat\/wp-content\/litespeed\/avatar\/febdfeeec89d950f01c748045a981dd2.jpg?ver=1777314535\",\"caption\":\"conversesacatalunya\"},\"url\":\"https:\/\/conversesacatalunya.cat\/es\/author\/carme_catala\/\"}]}<\/script>\n<!-- \/ Yoast SEO plugin. -->","yoast_head_json":{"title":"El 8-M no justifica la irresponsabilidad - Converses a Catalunya","description":"8-M: El temor generalitzat a una quarta onada sense haver buidat les unitats de cr\u00edtics plana sobre el nostre escenari.","robots":{"index":"index","follow":"follow","max-snippet":"max-snippet:-1","max-image-preview":"max-image-preview:large","max-video-preview":"max-video-preview:-1"},"canonical":"https:\/\/conversesacatalunya.cat\/es\/el-8-m-no-justifica-la-irresponsabilidad\/","og_locale":"es_ES","og_type":"article","og_title":"El 8-M no justifica la irresponsabilidad - Converses a Catalunya","og_description":"8-M: El temor generalitzat a una quarta onada sense haver buidat les unitats de cr\u00edtics plana sobre el nostre escenari.","og_url":"https:\/\/conversesacatalunya.cat\/es\/el-8-m-no-justifica-la-irresponsabilidad\/","og_site_name":"Converses a Catalunya","article_published_time":"2021-03-08T11:41:30+00:00","article_modified_time":"2021-03-08T14:15:21+00:00","og_image":[{"width":2000,"height":1500,"url":"https:\/\/conversesacatalunya.cat\/wp-content\/uploads\/2021\/03\/8M-mata-al-violador-de-tu-banco.jpg","type":"image\/jpeg"}],"author":"conversesacatalunya","twitter_card":"summary_large_image","twitter_misc":{"Escrito por":"conversesacatalunya","Tiempo de lectura":"3 minutos"},"schema":{"@context":"https:\/\/schema.org","@graph":[{"@type":"Article","@id":"https:\/\/conversesacatalunya.cat\/es\/el-8-m-no-justifica-la-irresponsabilidad\/#article","isPartOf":{"@id":"https:\/\/conversesacatalunya.cat\/es\/el-8-m-no-justifica-la-irresponsabilidad\/"},"author":{"name":"conversesacatalunya","@id":"https:\/\/conversesacatalunya.cat\/#\/schema\/person\/7e24d1e54a2785373ddcb275eae5ed99"},"headline":"El 8-M no justifica la irresponsabilidad","datePublished":"2021-03-08T11:41:30+00:00","dateModified":"2021-03-08T14:15:21+00:00","mainEntityOfPage":{"@id":"https:\/\/conversesacatalunya.cat\/es\/el-8-m-no-justifica-la-irresponsabilidad\/"},"wordCount":639,"commentCount":0,"image":{"@id":"https:\/\/conversesacatalunya.cat\/es\/el-8-m-no-justifica-la-irresponsabilidad\/#primaryimage"},"thumbnailUrl":"https:\/\/conversesacatalunya.cat\/wp-content\/uploads\/2021\/03\/8M-mata-al-violador-de-tu-banco.jpg","keywords":["8-M"],"articleSection":["Punts clau del dia (ES)"],"inLanguage":"es","potentialAction":[{"@type":"CommentAction","name":"Comment","target":["https:\/\/conversesacatalunya.cat\/es\/el-8-m-no-justifica-la-irresponsabilidad\/#respond"]}]},{"@type":"WebPage","@id":"https:\/\/conversesacatalunya.cat\/es\/el-8-m-no-justifica-la-irresponsabilidad\/","url":"https:\/\/conversesacatalunya.cat\/es\/el-8-m-no-justifica-la-irresponsabilidad\/","name":"El 8-M no justifica la irresponsabilidad - Converses a Catalunya","isPartOf":{"@id":"https:\/\/conversesacatalunya.cat\/#website"},"primaryImageOfPage":{"@id":"https:\/\/conversesacatalunya.cat\/es\/el-8-m-no-justifica-la-irresponsabilidad\/#primaryimage"},"image":{"@id":"https:\/\/conversesacatalunya.cat\/es\/el-8-m-no-justifica-la-irresponsabilidad\/#primaryimage"},"thumbnailUrl":"https:\/\/conversesacatalunya.cat\/wp-content\/uploads\/2021\/03\/8M-mata-al-violador-de-tu-banco.jpg","datePublished":"2021-03-08T11:41:30+00:00","dateModified":"2021-03-08T14:15:21+00:00","author":{"@id":"https:\/\/conversesacatalunya.cat\/#\/schema\/person\/7e24d1e54a2785373ddcb275eae5ed99"},"description":"8-M: El temor generalitzat a una quarta onada sense haver buidat les unitats de cr\u00edtics plana sobre el nostre escenari.","breadcrumb":{"@id":"https:\/\/conversesacatalunya.cat\/es\/el-8-m-no-justifica-la-irresponsabilidad\/#breadcrumb"},"inLanguage":"es","potentialAction":[{"@type":"ReadAction","target":["https:\/\/conversesacatalunya.cat\/es\/el-8-m-no-justifica-la-irresponsabilidad\/"]}]},{"@type":"ImageObject","inLanguage":"es","@id":"https:\/\/conversesacatalunya.cat\/es\/el-8-m-no-justifica-la-irresponsabilidad\/#primaryimage","url":"https:\/\/conversesacatalunya.cat\/wp-content\/uploads\/2021\/03\/8M-mata-al-violador-de-tu-banco.jpg","contentUrl":"https:\/\/conversesacatalunya.cat\/wp-content\/uploads\/2021\/03\/8M-mata-al-violador-de-tu-banco.jpg","width":2000,"height":1500,"caption":"8-M"},{"@type":"BreadcrumbList","@id":"https:\/\/conversesacatalunya.cat\/es\/el-8-m-no-justifica-la-irresponsabilidad\/#breadcrumb","itemListElement":[{"@type":"ListItem","position":1,"name":"Inici","item":"https:\/\/conversesacatalunya.cat\/es\/"},{"@type":"ListItem","position":2,"name":"El 8-M no justifica la irresponsabilidad"}]},{"@type":"WebSite","@id":"https:\/\/conversesacatalunya.cat\/#website","url":"https:\/\/conversesacatalunya.cat\/","name":"Converses a Catalunya","description":"","potentialAction":[{"@type":"SearchAction","target":{"@type":"EntryPoint","urlTemplate":"https:\/\/conversesacatalunya.cat\/?s={search_term_string}"},"query-input":{"@type":"PropertyValueSpecification","valueRequired":true,"valueName":"search_term_string"}}],"inLanguage":"es"},{"@type":"Person","@id":"https:\/\/conversesacatalunya.cat\/#\/schema\/person\/7e24d1e54a2785373ddcb275eae5ed99","name":"conversesacatalunya","image":{"@type":"ImageObject","inLanguage":"es","@id":"https:\/\/conversesacatalunya.cat\/#\/schema\/person\/image\/","url":"https:\/\/conversesacatalunya.cat\/wp-content\/litespeed\/avatar\/febdfeeec89d950f01c748045a981dd2.jpg?ver=1777314535","contentUrl":"https:\/\/conversesacatalunya.cat\/wp-content\/litespeed\/avatar\/febdfeeec89d950f01c748045a981dd2.jpg?ver=1777314535","caption":"conversesacatalunya"},"url":"https:\/\/conversesacatalunya.cat\/es\/author\/carme_catala\/"}]}},"wps_subtitle":"El temor generalizado a una cuarta ola sin haber vaciado las unidades de cr\u00edticos plana sobre nuestro escenario.","_links":{"self":[{"href":"https:\/\/conversesacatalunya.cat\/es\/wp-json\/wp\/v2\/posts\/45793","targetHints":{"allow":["GET"]}}],"collection":[{"href":"https:\/\/conversesacatalunya.cat\/es\/wp-json\/wp\/v2\/posts"}],"about":[{"href":"https:\/\/conversesacatalunya.cat\/es\/wp-json\/wp\/v2\/types\/post"}],"author":[{"embeddable":true,"href":"https:\/\/conversesacatalunya.cat\/es\/wp-json\/wp\/v2\/users\/2"}],"replies":[{"embeddable":true,"href":"https:\/\/conversesacatalunya.cat\/es\/wp-json\/wp\/v2\/comments?post=45793"}],"version-history":[{"count":2,"href":"https:\/\/conversesacatalunya.cat\/es\/wp-json\/wp\/v2\/posts\/45793\/revisions"}],"predecessor-version":[{"id":45795,"href":"https:\/\/conversesacatalunya.cat\/es\/wp-json\/wp\/v2\/posts\/45793\/revisions\/45795"}],"wp:featuredmedia":[{"embeddable":true,"href":"https:\/\/conversesacatalunya.cat\/es\/wp-json\/wp\/v2\/media\/45778"}],"wp:attachment":[{"href":"https:\/\/conversesacatalunya.cat\/es\/wp-json\/wp\/v2\/media?parent=45793"}],"wp:term":[{"taxonomy":"category","embeddable":true,"href":"https:\/\/conversesacatalunya.cat\/es\/wp-json\/wp\/v2\/categories?post=45793"},{"taxonomy":"post_tag","embeddable":true,"href":"https:\/\/conversesacatalunya.cat\/es\/wp-json\/wp\/v2\/tags?post=45793"}],"curies":[{"name":"wp","href":"https:\/\/api.w.org\/{rel}","templated":true}]}}