{"id":45709,"date":"2021-03-05T09:45:54","date_gmt":"2021-03-05T08:45:54","guid":{"rendered":"https:\/\/conversesacatalunya.cat\/?p=45709"},"modified":"2021-03-05T09:45:54","modified_gmt":"2021-03-05T08:45:54","slug":"pablo-hasel","status":"publish","type":"post","link":"https:\/\/conversesacatalunya.cat\/es\/pablo-hasel\/","title":{"rendered":"Pablo Has\u00e9l"},"content":{"rendered":"<p>El encarcelamiento del cantante rapero Pablo Has\u00e9l ha provocado manifestaciones y protestas en varias ciudades espa\u00f1olas, <strong>sobre todo en Barcelona<\/strong>, reclamando su puesta en libertad al entender una parte de la sociedad que el cantante no debe estar en prisi\u00f3n por actos efectuados en lo que consideran el ejercicio de su derecho de libertad de expresi\u00f3n.<\/p>\n<p>En estas protestas se ha desatado una<strong> brutal ola de violencia<\/strong>, con el resultado de m\u00e1s de un centenar de detenidos por actos vand\u00e1licos, elevad\u00edsimo coste por los da\u00f1os ocasionados\u00a0 en elementos p\u00fablicos de la ciudad de Barcelona as\u00ed como en negocios particulares que han sido asaltados y desvalijados aprovechando la ocasi\u00f3n, a lo que hay que sumar da\u00f1os personales entre los manifestantes as\u00ed como entre el personal que forma parte de los cuerpos de seguridad del Estado,\u00a0 \u00e9stos \u00faltimos agredidos\u00a0 en el ejercicio de su labor profesional de velar por el mantenimiento de la seguridad p\u00fablica.<\/p>\n<p>El rapero Pablo Has\u00e9l ha sido encarcelado porque tiene una orden judicial que as\u00ed lo ha estipulado, por haber sido condenado por nuestro sistema judicial en diversas resoluciones judiciales, unas firmes, otras de momento no;<strong> Las resoluciones firmes son de obligado cumplimiento<\/strong>, por lo cual, con su entrada en prisi\u00f3n se est\u00e1 cumpliendo la ley, pues su ingreso deviene de una condena firme.<\/p>\n<p>Su primera condena, ya firme, fue en el <strong>a\u00f1o 2014<\/strong> por enaltecimiento del terrorismo en algunas de las letras de sus canciones. En aquel entonces no entr\u00f3 en prisi\u00f3n por carecer de antecedentes penales y no ser la pena superior a dos a\u00f1os de prisi\u00f3n, por lo que se procedi\u00f3 a la suspensi\u00f3n de la condena, con el apercibimiento de su cumplimiento si volv\u00eda a delinquir.<\/p>\n<p>En<strong> marzo de 2018<\/strong> el rapero vuelve a ser condenado por enaltecimiento del terrorismo e injurias y calumnias a la Corona y a\u00a0 las Fuerzas y Cuerpos de Seguridad del Estado en una serie de tuits; En el <strong>a\u00f1o 2020<\/strong> volvi\u00f3 a ser condenado a 6 meses de prisi\u00f3n por agredir\u00a0 a un a un periodista de TV3 en una rueda de prensa y a pagar m\u00e1s de 12.000 euros de indemnizaci\u00f3n; y por \u00faltimo, la Audiencia de Lleida ha confirmado en estos d\u00edas otra condena de dos a\u00f1os y medio por amenazar a un testigo de un juicio contra unos guardias urbanos de Lleida.\u00a0 Queda pues acreditado, que es una persona que ha delinquido, dicho por los Tribunales de justicia.<\/p>\n<blockquote><p>Cabe preguntarse si bajo el concepto de libertad de expresi\u00f3n puede esconderse el historial delictivo de un rapero m\u00e1s o menos de moda.<\/p><\/blockquote>\n<p>Es el momento de reiterar que, en un acto de libertad de expresi\u00f3n, no cabe amparar ning\u00fan tipo de amenazas, ning\u00fan tipo de violencia, ni la comisi\u00f3n de ning\u00fan delito tipificado como tal en nuestro ordenamiento jur\u00eddico, y menos cabe tolerar ninguna incitaci\u00f3n al odio. Bastante ha sufrido ya nuestro pa\u00eds, que sufri\u00f3 una guerra civil, para volver a alimentar divisiones sociales utilizando la violencia y la incitaci\u00f3n al odio.<\/p>\n<div id=\"polls-94\" class=\"wp-polls\">\n\t<form id=\"polls_form_94\" class=\"wp-polls-form\" action=\"\/index.php\" method=\"post\">\n\t\t<p style=\"display: none;\"><input type=\"hidden\" id=\"poll_94_nonce\" name=\"wp-polls-nonce\" value=\"2073193989\" \/><\/p>\n\t\t<p style=\"display: none;\"><input type=\"hidden\" name=\"poll_id\" value=\"94\" \/><\/p>\n\t\t<p style=\"text-align: center\"><strong>Seria bo per Catalunya un govern amb ERC, JxCat i la CUP?<\/strong><\/p><div id=\"polls-94-ans\" class=\"wp-polls-ans\"><ul class=\"wp-polls-ul\">\n\t\t<li><input type=\"radio\" id=\"poll-answer-219\" name=\"poll_94\" value=\"219\" \/> <label for=\"poll-answer-219\">Si<\/label><\/li>\n\t\t<li><input type=\"radio\" id=\"poll-answer-220\" name=\"poll_94\" value=\"220\" \/> <label for=\"poll-answer-220\">No<\/label><\/li>\n\t\t<li><input type=\"radio\" id=\"poll-answer-221\" name=\"poll_94\" value=\"221\" \/> <label for=\"poll-answer-221\">No ho s\u00e9<\/label><\/li>\n\t\t<\/ul><p style=\"text-align: center\"><input type=\"button\" name=\"vote\" value=\"   Vota   \" class=\"Buttons\" onclick=\"poll_vote(94);\" \/><\/p><p style=\"text-align: center\"><a href=\"#ViewPollResults\" onclick=\"poll_result(94); return false;\" title=\"View Results Of This Poll\">Mira els resultats<\/a><\/p><\/div>\n\t<\/form>\n<\/div>\n<div id=\"polls-94-loading\" class=\"wp-polls-loading\"><img decoding=\"async\" data-src=\"https:\/\/conversesacatalunya.cat\/wp-content\/plugins\/wp-polls\/images\/loading.gif\" width=\"16\" height=\"16\" alt=\"Cargando ...\" title=\"Cargando ...\" class=\"wp-polls-image lazyload\" src=\"data:image\/svg+xml;base64,PHN2ZyB3aWR0aD0iMSIgaGVpZ2h0PSIxIiB4bWxucz0iaHR0cDovL3d3dy53My5vcmcvMjAwMC9zdmciPjwvc3ZnPg==\" style=\"--smush-placeholder-width: 16px; --smush-placeholder-aspect-ratio: 16\/16;\" \/>&nbsp;Cargando ...<\/div>\n\n<p>&nbsp;<\/p>\n","protected":false},"excerpt":{"rendered":"<p>El encarcelamiento del cantante rapero Pablo Has\u00e9l ha provocado manifestaciones y protestas en varias ciudades espa\u00f1olas, sobre todo en Barcelona, reclamando su puesta en libertad al entender una parte de la sociedad que el cantante no debe estar en prisi\u00f3n por actos efectuados en lo que consideran el ejercicio de su derecho de libertad de expresi\u00f3n. En estas protestas se ha desatado una brutal ola de violencia, con el resultado de m\u00e1s de un centenar de detenidos por actos vand\u00e1licos, elevad\u00edsimo coste por los da\u00f1os ocasionados\u00a0 en elementos p\u00fablicos de la ciudad de Barcelona as\u00ed como en negocios particulares que han sido asaltados y desvalijados aprovechando la ocasi\u00f3n, a lo que hay que sumar da\u00f1os personales entre los manifestantes as\u00ed como entre el personal que forma parte de los cuerpos de seguridad del Estado,\u00a0 \u00e9stos \u00faltimos agredidos\u00a0 en el ejercicio de su labor profesional de velar por el mantenimiento de la seguridad p\u00fablica. El rapero Pablo Has\u00e9l ha sido encarcelado porque tiene una orden judicial que as\u00ed lo ha estipulado, por haber sido condenado por nuestro sistema judicial en diversas resoluciones judiciales, unas firmes, otras de momento no; Las resoluciones firmes son de obligado cumplimiento, por lo cual, con su entrada en prisi\u00f3n se est\u00e1 cumpliendo la ley, pues su ingreso deviene de una condena firme. Su primera condena, ya firme, fue en el a\u00f1o 2014 por enaltecimiento del terrorismo en algunas de las letras de sus canciones. En aquel entonces no entr\u00f3 en prisi\u00f3n por carecer de antecedentes penales y no ser la pena superior a dos a\u00f1os de prisi\u00f3n, por lo que se procedi\u00f3 a la suspensi\u00f3n de la condena, con el apercibimiento de su cumplimiento si volv\u00eda a delinquir. En marzo de 2018 el rapero vuelve a ser condenado por enaltecimiento del terrorismo e injurias y calumnias a la Corona y a\u00a0 las Fuerzas y Cuerpos de Seguridad del Estado en una serie de tuits; En el a\u00f1o 2020 volvi\u00f3 a ser condenado a 6 meses de prisi\u00f3n por agredir\u00a0 a un a un periodista de TV3 en una rueda de prensa y a pagar m\u00e1s de 12.000 euros de indemnizaci\u00f3n; y por \u00faltimo, la Audiencia de Lleida ha confirmado en estos d\u00edas otra condena de dos a\u00f1os y medio por amenazar a un testigo de un juicio contra unos guardias urbanos de Lleida.\u00a0 Queda pues acreditado, que es una persona que ha delinquido, dicho por los Tribunales de justicia. Cabe preguntarse si bajo el concepto de libertad de expresi\u00f3n puede esconderse el historial delictivo de un rapero m\u00e1s o menos de moda. Es el momento de reiterar que, en un acto de libertad de expresi\u00f3n, no cabe amparar ning\u00fan tipo de amenazas, ning\u00fan tipo de violencia, ni la comisi\u00f3n de ning\u00fan delito tipificado como tal en nuestro ordenamiento jur\u00eddico, y menos cabe tolerar ninguna incitaci\u00f3n al odio. Bastante ha sufrido ya nuestro pa\u00eds, que sufri\u00f3 una guerra civil, para volver a alimentar divisiones sociales utilizando la violencia y la incitaci\u00f3n al odio. &nbsp;<\/p>\n","protected":false},"author":37,"featured_media":45710,"comment_status":"open","ping_status":"open","sticky":false,"template":"","format":"standard","meta":{"_FSMCFIC_featured_image_caption":"","_FSMCFIC_featured_image_nocaption":"","_FSMCFIC_featured_image_hide":"","footnotes":""},"categories":[804],"tags":[3467],"class_list":["post-45709","post","type-post","status-publish","format-standard","has-post-thumbnail","hentry","category-opinem-es","tag-pablo-hasel-es"],"yoast_head":"<!-- This site is optimized with the Yoast SEO plugin v26.8 - https:\/\/yoast.com\/product\/yoast-seo-wordpress\/ -->\n<title>Pablo Has\u00e9l - Converses a Catalunya<\/title>\n<meta name=\"robots\" content=\"noindex, nofollow\" \/>\n<meta property=\"og:locale\" content=\"es_ES\" \/>\n<meta property=\"og:type\" content=\"article\" \/>\n<meta property=\"og:title\" content=\"Pablo Has\u00e9l - Converses a Catalunya\" \/>\n<meta property=\"og:description\" content=\"El encarcelamiento del cantante rapero Pablo Has\u00e9l ha provocado manifestaciones y protestas en varias ciudades espa\u00f1olas, sobre todo en Barcelona, reclamando su puesta en libertad al entender una parte de la sociedad que el cantante no debe estar en prisi\u00f3n por actos efectuados en lo que consideran el ejercicio de su derecho de libertad de expresi\u00f3n. En estas protestas se ha desatado una brutal ola de violencia, con el resultado de m\u00e1s de un centenar de detenidos por actos vand\u00e1licos, elevad\u00edsimo coste por los da\u00f1os ocasionados\u00a0 en elementos p\u00fablicos de la ciudad de Barcelona as\u00ed como en negocios particulares que han sido asaltados y desvalijados aprovechando la ocasi\u00f3n, a lo que hay que sumar da\u00f1os personales entre los manifestantes as\u00ed como entre el personal que forma parte de los cuerpos de seguridad del Estado,\u00a0 \u00e9stos \u00faltimos agredidos\u00a0 en el ejercicio de su labor profesional de velar por el mantenimiento de la seguridad p\u00fablica. El rapero Pablo Has\u00e9l ha sido encarcelado porque tiene una orden judicial que as\u00ed lo ha estipulado, por haber sido condenado por nuestro sistema judicial en diversas resoluciones judiciales, unas firmes, otras de momento no; Las resoluciones firmes son de obligado cumplimiento, por lo cual, con su entrada en prisi\u00f3n se est\u00e1 cumpliendo la ley, pues su ingreso deviene de una condena firme. Su primera condena, ya firme, fue en el a\u00f1o 2014 por enaltecimiento del terrorismo en algunas de las letras de sus canciones. En aquel entonces no entr\u00f3 en prisi\u00f3n por carecer de antecedentes penales y no ser la pena superior a dos a\u00f1os de prisi\u00f3n, por lo que se procedi\u00f3 a la suspensi\u00f3n de la condena, con el apercibimiento de su cumplimiento si volv\u00eda a delinquir. En marzo de 2018 el rapero vuelve a ser condenado por enaltecimiento del terrorismo e injurias y calumnias a la Corona y a\u00a0 las Fuerzas y Cuerpos de Seguridad del Estado en una serie de tuits; En el a\u00f1o 2020 volvi\u00f3 a ser condenado a 6 meses de prisi\u00f3n por agredir\u00a0 a un a un periodista de TV3 en una rueda de prensa y a pagar m\u00e1s de 12.000 euros de indemnizaci\u00f3n; y por \u00faltimo, la Audiencia de Lleida ha confirmado en estos d\u00edas otra condena de dos a\u00f1os y medio por amenazar a un testigo de un juicio contra unos guardias urbanos de Lleida.\u00a0 Queda pues acreditado, que es una persona que ha delinquido, dicho por los Tribunales de justicia. Cabe preguntarse si bajo el concepto de libertad de expresi\u00f3n puede esconderse el historial delictivo de un rapero m\u00e1s o menos de moda. Es el momento de reiterar que, en un acto de libertad de expresi\u00f3n, no cabe amparar ning\u00fan tipo de amenazas, ning\u00fan tipo de violencia, ni la comisi\u00f3n de ning\u00fan delito tipificado como tal en nuestro ordenamiento jur\u00eddico, y menos cabe tolerar ninguna incitaci\u00f3n al odio. Bastante ha sufrido ya nuestro pa\u00eds, que sufri\u00f3 una guerra civil, para volver a alimentar divisiones sociales utilizando la violencia y la incitaci\u00f3n al odio. &nbsp;\" \/>\n<meta property=\"og:url\" content=\"https:\/\/conversesacatalunya.cat\/es\/pablo-hasel\/\" \/>\n<meta property=\"og:site_name\" content=\"Converses a Catalunya\" \/>\n<meta property=\"article:published_time\" content=\"2021-03-05T08:45:54+00:00\" \/>\n<meta property=\"og:image\" content=\"https:\/\/conversesacatalunya.cat\/wp-content\/uploads\/2021\/03\/Aparador-trencat-Pg-de-Gracia-scaled.jpg\" \/>\n\t<meta property=\"og:image:width\" content=\"2560\" \/>\n\t<meta property=\"og:image:height\" content=\"1920\" \/>\n\t<meta property=\"og:image:type\" content=\"image\/jpeg\" \/>\n<meta name=\"author\" content=\"Grupo Are\u00f3pago\" \/>\n<meta name=\"twitter:card\" content=\"summary_large_image\" \/>\n<meta name=\"twitter:label1\" content=\"Escrito por\" \/>\n\t<meta name=\"twitter:data1\" content=\"Grupo Are\u00f3pago\" \/>\n\t<meta name=\"twitter:label2\" content=\"Tiempo de lectura\" \/>\n\t<meta name=\"twitter:data2\" content=\"3 minutos\" \/>\n<script type=\"application\/ld+json\" class=\"yoast-schema-graph\">{\"@context\":\"https:\/\/schema.org\",\"@graph\":[{\"@type\":\"Article\",\"@id\":\"https:\/\/conversesacatalunya.cat\/es\/pablo-hasel\/#article\",\"isPartOf\":{\"@id\":\"https:\/\/conversesacatalunya.cat\/es\/pablo-hasel\/\"},\"author\":{\"name\":\"Grupo Are\u00f3pago\",\"@id\":\"https:\/\/conversesacatalunya.cat\/#\/schema\/person\/1d194d61c951d01e076c5fbdb94140ac\"},\"headline\":\"Pablo Has\u00e9l\",\"datePublished\":\"2021-03-05T08:45:54+00:00\",\"mainEntityOfPage\":{\"@id\":\"https:\/\/conversesacatalunya.cat\/es\/pablo-hasel\/\"},\"wordCount\":534,\"commentCount\":0,\"image\":{\"@id\":\"https:\/\/conversesacatalunya.cat\/es\/pablo-hasel\/#primaryimage\"},\"thumbnailUrl\":\"https:\/\/conversesacatalunya.cat\/wp-content\/uploads\/2021\/03\/Aparador-trencat-Pg-de-Gracia-scaled.jpg\",\"keywords\":[\"Pablo Has\u00e9l\"],\"articleSection\":[\"Opinem (ES)\"],\"inLanguage\":\"es\",\"potentialAction\":[{\"@type\":\"CommentAction\",\"name\":\"Comment\",\"target\":[\"https:\/\/conversesacatalunya.cat\/es\/pablo-hasel\/#respond\"]}]},{\"@type\":\"WebPage\",\"@id\":\"https:\/\/conversesacatalunya.cat\/es\/pablo-hasel\/\",\"url\":\"https:\/\/conversesacatalunya.cat\/es\/pablo-hasel\/\",\"name\":\"Pablo Has\u00e9l - Converses a Catalunya\",\"isPartOf\":{\"@id\":\"https:\/\/conversesacatalunya.cat\/#website\"},\"primaryImageOfPage\":{\"@id\":\"https:\/\/conversesacatalunya.cat\/es\/pablo-hasel\/#primaryimage\"},\"image\":{\"@id\":\"https:\/\/conversesacatalunya.cat\/es\/pablo-hasel\/#primaryimage\"},\"thumbnailUrl\":\"https:\/\/conversesacatalunya.cat\/wp-content\/uploads\/2021\/03\/Aparador-trencat-Pg-de-Gracia-scaled.jpg\",\"datePublished\":\"2021-03-05T08:45:54+00:00\",\"author\":{\"@id\":\"https:\/\/conversesacatalunya.cat\/#\/schema\/person\/1d194d61c951d01e076c5fbdb94140ac\"},\"breadcrumb\":{\"@id\":\"https:\/\/conversesacatalunya.cat\/es\/pablo-hasel\/#breadcrumb\"},\"inLanguage\":\"es\",\"potentialAction\":[{\"@type\":\"ReadAction\",\"target\":[\"https:\/\/conversesacatalunya.cat\/es\/pablo-hasel\/\"]}]},{\"@type\":\"ImageObject\",\"inLanguage\":\"es\",\"@id\":\"https:\/\/conversesacatalunya.cat\/es\/pablo-hasel\/#primaryimage\",\"url\":\"https:\/\/conversesacatalunya.cat\/wp-content\/uploads\/2021\/03\/Aparador-trencat-Pg-de-Gracia-scaled.jpg\",\"contentUrl\":\"https:\/\/conversesacatalunya.cat\/wp-content\/uploads\/2021\/03\/Aparador-trencat-Pg-de-Gracia-scaled.jpg\",\"width\":2560,\"height\":1920},{\"@type\":\"BreadcrumbList\",\"@id\":\"https:\/\/conversesacatalunya.cat\/es\/pablo-hasel\/#breadcrumb\",\"itemListElement\":[{\"@type\":\"ListItem\",\"position\":1,\"name\":\"Inici\",\"item\":\"https:\/\/conversesacatalunya.cat\/es\/\"},{\"@type\":\"ListItem\",\"position\":2,\"name\":\"Pablo Has\u00e9l\"}]},{\"@type\":\"WebSite\",\"@id\":\"https:\/\/conversesacatalunya.cat\/#website\",\"url\":\"https:\/\/conversesacatalunya.cat\/\",\"name\":\"Converses a Catalunya\",\"description\":\"\",\"potentialAction\":[{\"@type\":\"SearchAction\",\"target\":{\"@type\":\"EntryPoint\",\"urlTemplate\":\"https:\/\/conversesacatalunya.cat\/?s={search_term_string}\"},\"query-input\":{\"@type\":\"PropertyValueSpecification\",\"valueRequired\":true,\"valueName\":\"search_term_string\"}}],\"inLanguage\":\"es\"},{\"@type\":\"Person\",\"@id\":\"https:\/\/conversesacatalunya.cat\/#\/schema\/person\/1d194d61c951d01e076c5fbdb94140ac\",\"name\":\"Grupo Are\u00f3pago\",\"image\":{\"@type\":\"ImageObject\",\"inLanguage\":\"es\",\"@id\":\"https:\/\/conversesacatalunya.cat\/#\/schema\/person\/image\/\",\"url\":\"https:\/\/conversesacatalunya.cat\/wp-content\/litespeed\/avatar\/ac3a7e39f4e8c98c3093cb7bfd60fb06.jpg?ver=1777384627\",\"contentUrl\":\"https:\/\/conversesacatalunya.cat\/wp-content\/litespeed\/avatar\/ac3a7e39f4e8c98c3093cb7bfd60fb06.jpg?ver=1777384627\",\"caption\":\"Grupo Are\u00f3pago\"},\"url\":\"https:\/\/conversesacatalunya.cat\/es\/author\/grupo-areopago\/\"}]}<\/script>\n<!-- \/ Yoast SEO plugin. -->","yoast_head_json":{"title":"Pablo Has\u00e9l - Converses a Catalunya","robots":{"index":"noindex","follow":"nofollow"},"og_locale":"es_ES","og_type":"article","og_title":"Pablo Has\u00e9l - Converses a Catalunya","og_description":"El encarcelamiento del cantante rapero Pablo Has\u00e9l ha provocado manifestaciones y protestas en varias ciudades espa\u00f1olas, sobre todo en Barcelona, reclamando su puesta en libertad al entender una parte de la sociedad que el cantante no debe estar en prisi\u00f3n por actos efectuados en lo que consideran el ejercicio de su derecho de libertad de expresi\u00f3n. En estas protestas se ha desatado una brutal ola de violencia, con el resultado de m\u00e1s de un centenar de detenidos por actos vand\u00e1licos, elevad\u00edsimo coste por los da\u00f1os ocasionados\u00a0 en elementos p\u00fablicos de la ciudad de Barcelona as\u00ed como en negocios particulares que han sido asaltados y desvalijados aprovechando la ocasi\u00f3n, a lo que hay que sumar da\u00f1os personales entre los manifestantes as\u00ed como entre el personal que forma parte de los cuerpos de seguridad del Estado,\u00a0 \u00e9stos \u00faltimos agredidos\u00a0 en el ejercicio de su labor profesional de velar por el mantenimiento de la seguridad p\u00fablica. El rapero Pablo Has\u00e9l ha sido encarcelado porque tiene una orden judicial que as\u00ed lo ha estipulado, por haber sido condenado por nuestro sistema judicial en diversas resoluciones judiciales, unas firmes, otras de momento no; Las resoluciones firmes son de obligado cumplimiento, por lo cual, con su entrada en prisi\u00f3n se est\u00e1 cumpliendo la ley, pues su ingreso deviene de una condena firme. Su primera condena, ya firme, fue en el a\u00f1o 2014 por enaltecimiento del terrorismo en algunas de las letras de sus canciones. En aquel entonces no entr\u00f3 en prisi\u00f3n por carecer de antecedentes penales y no ser la pena superior a dos a\u00f1os de prisi\u00f3n, por lo que se procedi\u00f3 a la suspensi\u00f3n de la condena, con el apercibimiento de su cumplimiento si volv\u00eda a delinquir. En marzo de 2018 el rapero vuelve a ser condenado por enaltecimiento del terrorismo e injurias y calumnias a la Corona y a\u00a0 las Fuerzas y Cuerpos de Seguridad del Estado en una serie de tuits; En el a\u00f1o 2020 volvi\u00f3 a ser condenado a 6 meses de prisi\u00f3n por agredir\u00a0 a un a un periodista de TV3 en una rueda de prensa y a pagar m\u00e1s de 12.000 euros de indemnizaci\u00f3n; y por \u00faltimo, la Audiencia de Lleida ha confirmado en estos d\u00edas otra condena de dos a\u00f1os y medio por amenazar a un testigo de un juicio contra unos guardias urbanos de Lleida.\u00a0 Queda pues acreditado, que es una persona que ha delinquido, dicho por los Tribunales de justicia. Cabe preguntarse si bajo el concepto de libertad de expresi\u00f3n puede esconderse el historial delictivo de un rapero m\u00e1s o menos de moda. Es el momento de reiterar que, en un acto de libertad de expresi\u00f3n, no cabe amparar ning\u00fan tipo de amenazas, ning\u00fan tipo de violencia, ni la comisi\u00f3n de ning\u00fan delito tipificado como tal en nuestro ordenamiento jur\u00eddico, y menos cabe tolerar ninguna incitaci\u00f3n al odio. Bastante ha sufrido ya nuestro pa\u00eds, que sufri\u00f3 una guerra civil, para volver a alimentar divisiones sociales utilizando la violencia y la incitaci\u00f3n al odio. &nbsp;","og_url":"https:\/\/conversesacatalunya.cat\/es\/pablo-hasel\/","og_site_name":"Converses a Catalunya","article_published_time":"2021-03-05T08:45:54+00:00","og_image":[{"width":2560,"height":1920,"url":"https:\/\/conversesacatalunya.cat\/wp-content\/uploads\/2021\/03\/Aparador-trencat-Pg-de-Gracia-scaled.jpg","type":"image\/jpeg"}],"author":"Grupo Are\u00f3pago","twitter_card":"summary_large_image","twitter_misc":{"Escrito por":"Grupo Are\u00f3pago","Tiempo de lectura":"3 minutos"},"schema":{"@context":"https:\/\/schema.org","@graph":[{"@type":"Article","@id":"https:\/\/conversesacatalunya.cat\/es\/pablo-hasel\/#article","isPartOf":{"@id":"https:\/\/conversesacatalunya.cat\/es\/pablo-hasel\/"},"author":{"name":"Grupo Are\u00f3pago","@id":"https:\/\/conversesacatalunya.cat\/#\/schema\/person\/1d194d61c951d01e076c5fbdb94140ac"},"headline":"Pablo Has\u00e9l","datePublished":"2021-03-05T08:45:54+00:00","mainEntityOfPage":{"@id":"https:\/\/conversesacatalunya.cat\/es\/pablo-hasel\/"},"wordCount":534,"commentCount":0,"image":{"@id":"https:\/\/conversesacatalunya.cat\/es\/pablo-hasel\/#primaryimage"},"thumbnailUrl":"https:\/\/conversesacatalunya.cat\/wp-content\/uploads\/2021\/03\/Aparador-trencat-Pg-de-Gracia-scaled.jpg","keywords":["Pablo Has\u00e9l"],"articleSection":["Opinem (ES)"],"inLanguage":"es","potentialAction":[{"@type":"CommentAction","name":"Comment","target":["https:\/\/conversesacatalunya.cat\/es\/pablo-hasel\/#respond"]}]},{"@type":"WebPage","@id":"https:\/\/conversesacatalunya.cat\/es\/pablo-hasel\/","url":"https:\/\/conversesacatalunya.cat\/es\/pablo-hasel\/","name":"Pablo Has\u00e9l - Converses a Catalunya","isPartOf":{"@id":"https:\/\/conversesacatalunya.cat\/#website"},"primaryImageOfPage":{"@id":"https:\/\/conversesacatalunya.cat\/es\/pablo-hasel\/#primaryimage"},"image":{"@id":"https:\/\/conversesacatalunya.cat\/es\/pablo-hasel\/#primaryimage"},"thumbnailUrl":"https:\/\/conversesacatalunya.cat\/wp-content\/uploads\/2021\/03\/Aparador-trencat-Pg-de-Gracia-scaled.jpg","datePublished":"2021-03-05T08:45:54+00:00","author":{"@id":"https:\/\/conversesacatalunya.cat\/#\/schema\/person\/1d194d61c951d01e076c5fbdb94140ac"},"breadcrumb":{"@id":"https:\/\/conversesacatalunya.cat\/es\/pablo-hasel\/#breadcrumb"},"inLanguage":"es","potentialAction":[{"@type":"ReadAction","target":["https:\/\/conversesacatalunya.cat\/es\/pablo-hasel\/"]}]},{"@type":"ImageObject","inLanguage":"es","@id":"https:\/\/conversesacatalunya.cat\/es\/pablo-hasel\/#primaryimage","url":"https:\/\/conversesacatalunya.cat\/wp-content\/uploads\/2021\/03\/Aparador-trencat-Pg-de-Gracia-scaled.jpg","contentUrl":"https:\/\/conversesacatalunya.cat\/wp-content\/uploads\/2021\/03\/Aparador-trencat-Pg-de-Gracia-scaled.jpg","width":2560,"height":1920},{"@type":"BreadcrumbList","@id":"https:\/\/conversesacatalunya.cat\/es\/pablo-hasel\/#breadcrumb","itemListElement":[{"@type":"ListItem","position":1,"name":"Inici","item":"https:\/\/conversesacatalunya.cat\/es\/"},{"@type":"ListItem","position":2,"name":"Pablo Has\u00e9l"}]},{"@type":"WebSite","@id":"https:\/\/conversesacatalunya.cat\/#website","url":"https:\/\/conversesacatalunya.cat\/","name":"Converses a Catalunya","description":"","potentialAction":[{"@type":"SearchAction","target":{"@type":"EntryPoint","urlTemplate":"https:\/\/conversesacatalunya.cat\/?s={search_term_string}"},"query-input":{"@type":"PropertyValueSpecification","valueRequired":true,"valueName":"search_term_string"}}],"inLanguage":"es"},{"@type":"Person","@id":"https:\/\/conversesacatalunya.cat\/#\/schema\/person\/1d194d61c951d01e076c5fbdb94140ac","name":"Grupo Are\u00f3pago","image":{"@type":"ImageObject","inLanguage":"es","@id":"https:\/\/conversesacatalunya.cat\/#\/schema\/person\/image\/","url":"https:\/\/conversesacatalunya.cat\/wp-content\/litespeed\/avatar\/ac3a7e39f4e8c98c3093cb7bfd60fb06.jpg?ver=1777384627","contentUrl":"https:\/\/conversesacatalunya.cat\/wp-content\/litespeed\/avatar\/ac3a7e39f4e8c98c3093cb7bfd60fb06.jpg?ver=1777384627","caption":"Grupo Are\u00f3pago"},"url":"https:\/\/conversesacatalunya.cat\/es\/author\/grupo-areopago\/"}]}},"wps_subtitle":"","_links":{"self":[{"href":"https:\/\/conversesacatalunya.cat\/es\/wp-json\/wp\/v2\/posts\/45709","targetHints":{"allow":["GET"]}}],"collection":[{"href":"https:\/\/conversesacatalunya.cat\/es\/wp-json\/wp\/v2\/posts"}],"about":[{"href":"https:\/\/conversesacatalunya.cat\/es\/wp-json\/wp\/v2\/types\/post"}],"author":[{"embeddable":true,"href":"https:\/\/conversesacatalunya.cat\/es\/wp-json\/wp\/v2\/users\/37"}],"replies":[{"embeddable":true,"href":"https:\/\/conversesacatalunya.cat\/es\/wp-json\/wp\/v2\/comments?post=45709"}],"version-history":[{"count":2,"href":"https:\/\/conversesacatalunya.cat\/es\/wp-json\/wp\/v2\/posts\/45709\/revisions"}],"predecessor-version":[{"id":45713,"href":"https:\/\/conversesacatalunya.cat\/es\/wp-json\/wp\/v2\/posts\/45709\/revisions\/45713"}],"wp:featuredmedia":[{"embeddable":true,"href":"https:\/\/conversesacatalunya.cat\/es\/wp-json\/wp\/v2\/media\/45710"}],"wp:attachment":[{"href":"https:\/\/conversesacatalunya.cat\/es\/wp-json\/wp\/v2\/media?parent=45709"}],"wp:term":[{"taxonomy":"category","embeddable":true,"href":"https:\/\/conversesacatalunya.cat\/es\/wp-json\/wp\/v2\/categories?post=45709"},{"taxonomy":"post_tag","embeddable":true,"href":"https:\/\/conversesacatalunya.cat\/es\/wp-json\/wp\/v2\/tags?post=45709"}],"curies":[{"name":"wp","href":"https:\/\/api.w.org\/{rel}","templated":true}]}}