{"id":45661,"date":"2021-03-03T12:17:26","date_gmt":"2021-03-03T11:17:26","guid":{"rendered":"https:\/\/conversesacatalunya.cat\/no-es-nomes-latur\/"},"modified":"2021-03-03T15:41:07","modified_gmt":"2021-03-03T14:41:07","slug":"no-es-solo-paro","status":"publish","type":"post","link":"https:\/\/conversesacatalunya.cat\/es\/no-es-solo-paro\/","title":{"rendered":"Ay, que nos haremos da\u00f1o! No es s\u00f3lo el paro &#8230;, que ya es"},"content":{"rendered":"<p><span><span class=\"\">En Catalu\u00f1a, entre parados (que han crecido un 29% en un a\u00f1o) y personas en ERTE, llegamos a los <\/span><\/span><strong><span><span class=\"\">900.000 catalanes que no tienen trabajo<\/span><\/span><\/strong><span><span class=\"\">, 512.000 en paro y 190.000 en suspensi\u00f3n del empleo. Es un dato aterrador para un pa\u00eds de <\/span><\/span><strong><span><span class=\"\">7,5 millones de habitantes<\/span><\/span><\/strong><span><span class=\"\">. Si descontamos a los menores de 16 a\u00f1os y a los mayores de 65, y le a\u00f1adimos ese casi un mill\u00f3n de personas que es el conjunto que no trabaja, es f\u00e1cil constatar que nos estamos quedando en la piel y los huesos.<\/span><\/span><\/p>\n<p><span>Y eso no es todo, porque la gran empresa ya est\u00e1 pasando los\u00a0<\/span><strong><span>ERTE a ERES<\/span><\/strong><span>.\u00a0Al menos 15.000 personas ser\u00e1n despedidas por empresas como El Corte Ingl\u00e9s, Banco de Santander, Coca-Cola, Airbus, Banco de Sabadell, Heineken, entre otros, que ya han comenzado el proceso de sustituir las suspensiones temporales de trabajo por despidos.<\/span><\/p>\n<p><span>No olvidemos que el crecimiento del paro castiga a las finanzas p\u00fablicas de dos maneras diferentes. Por un lado, <\/span><strong><span>incrementa los costes<\/span><\/strong><span>\u00a0de la prestaci\u00f3n por no trabajar, y por otro, genera una\u00a0<\/span><strong><span>entrada en la Seguridad Social<\/span><\/strong><span> porque se contin\u00faa pagando la cuota, pero a cargo del estado. El resultado es el empeoramiento de la ya de por s\u00ed dif\u00edcil situaci\u00f3n financiera espa\u00f1ola.<\/span><\/p>\n<p><span>Por si fuera poco, la\u00a0<\/span><strong><span>venta de coches<\/span><\/strong><span> ha ca\u00eddo un 45% tras la subida del impuesto de matriculaci\u00f3n. Es un indicador adelantado de lo que sufrir\u00e1 el sector en los pr\u00f3ximos meses. Toda esta p\u00e9rdida de puestos de trabajo genera situaciones tr\u00e1gicas, como es caso de las mujeres que trabajan en la\u00a0<\/span><strong><span>limpieza de hoteles<\/span><\/strong><span> que, si antes ten\u00edan una situaci\u00f3n dif\u00edcil ahora es literalmente desesperada y pueden llegar a trabajar por menos de\u00a0<\/span><strong><span>3 euros la hora<\/span><\/strong><span>.<\/span><\/p>\n<p><span>Adem\u00e1s, esta falta de trabajo ha generado toda una sobreoferta en el \u00e1mbito de las trabajadoras dom\u00e9sticas, generando una repercusi\u00f3n negativa m\u00e1s amplia. Acceso de oferta de mano de obra y reducci\u00f3n salarial. Este \u00faltimo es, sin embargo, un hecho que se va generalizando. Los <\/span><strong><span>salarios est\u00e1n cayendo<\/span><\/strong><span> cuando en realidad ser\u00eda necesario todo lo contrario para reactivar la econom\u00eda. Es de manual que la inyecci\u00f3n de ingresos a los sectores m\u00e1s desfavorecidos econ\u00f3micamente es la manera m\u00e1s r\u00e1pida de reanimar el consumo, aunque este se ve constre\u00f1ido por las limitaciones que las administraciones p\u00fablicas imponen debido a la Covid-19.<\/span><\/p>\n<p><span>Con este panorama, el escenario pol\u00edtico se\u00f1ala lo que el t\u00edtulo de esta informaci\u00f3n apunta, la clara posibilidad de que nos da\u00f1emos, porque a estas alturas el gobierno que se ve m\u00e1s cerca es el formando por ERC y la CUP, <\/span><strong><span>los antisociales<\/span><\/strong><span> que a\u00fan tienen que condenar el vandalismo que ha sufrido Barcelona estos d\u00edas. La ca\u00edda de Roma comenz\u00f3 cuando algunos b\u00e1rbaros llegaron al generalato. Mientras, Laura Borr\u00e0s, la l\u00edder de JxCat, se entretiene en ir a visitar a Pablo Has\u00e9l en prisi\u00f3n.<\/span><\/p>\n<p><span><span class=\"goog-text-highlight\">Para decir exactamente lo que vemos, el problema de Catalu\u00f1a es que\u00a0<\/span><\/span><strong><span><span class=\"goog-text-highlight\">no tenemos un partido pol\u00edtico de cordura<\/span><\/span><\/strong><span><span class=\"goog-text-highlight\">\u00a0que sit\u00fae los intereses de las personas por delante de sus tacticismos.\u00a0<\/span>En Catalu\u00f1a falta el espacio pol\u00edtico Merkel capaz de regenerar la pol\u00edtica, reformar las instituciones, hacer eficiente y eficaz al gobierno, y mantener todo aquello que forma parte de las buenas tradiciones de nuestro pa\u00eds.<\/span><\/p>\n<span class='bctt-click-to-tweet'><span class='bctt-ctt-text'><a href='https:\/\/twitter.com\/intent\/tweet?url=https%3A%2F%2Fconversesacatalunya.cat%2Fes%2Fno-es-solo-paro%2F&#038;text=El%20problema%20de%20Catalu%C3%B1a%20es%20que%20no%20tenemos%20un%20partido%20pol%C3%ADtico%20cuerdo%20que%20sit%C3%BAe%20los%20intereses%20de%20las%20personas%20por%20delante%20de%20sus%20tacticismos&#038;via=conversesacat&#038;related=conversesacat' target='_blank'rel=\"noopener noreferrer\">El problema de Catalu\u00f1a es que no tenemos un partido pol\u00edtico cuerdo que sit\u00fae los intereses de las personas por delante de sus tacticismos <\/a><\/span><a href='https:\/\/twitter.com\/intent\/tweet?url=https%3A%2F%2Fconversesacatalunya.cat%2Fes%2Fno-es-solo-paro%2F&#038;text=El%20problema%20de%20Catalu%C3%B1a%20es%20que%20no%20tenemos%20un%20partido%20pol%C3%ADtico%20cuerdo%20que%20sit%C3%BAe%20los%20intereses%20de%20las%20personas%20por%20delante%20de%20sus%20tacticismos&#038;via=conversesacat&#038;related=conversesacat' target='_blank' class='bctt-ctt-btn'rel=\"noopener noreferrer\">Compartir en X<\/a><\/span>\n<div id=\"polls-94\" class=\"wp-polls\">\n\t<form id=\"polls_form_94\" class=\"wp-polls-form\" action=\"\/index.php\" method=\"post\">\n\t\t<p style=\"display: none;\"><input type=\"hidden\" id=\"poll_94_nonce\" name=\"wp-polls-nonce\" value=\"fe40225e89\" \/><\/p>\n\t\t<p style=\"display: none;\"><input type=\"hidden\" name=\"poll_id\" value=\"94\" \/><\/p>\n\t\t<p style=\"text-align: center\"><strong>Seria bo per Catalunya un govern amb ERC, JxCat i la CUP?<\/strong><\/p><div id=\"polls-94-ans\" class=\"wp-polls-ans\"><ul class=\"wp-polls-ul\">\n\t\t<li><input type=\"radio\" id=\"poll-answer-219\" name=\"poll_94\" value=\"219\" \/> <label for=\"poll-answer-219\">Si<\/label><\/li>\n\t\t<li><input type=\"radio\" id=\"poll-answer-220\" name=\"poll_94\" value=\"220\" \/> <label for=\"poll-answer-220\">No<\/label><\/li>\n\t\t<li><input type=\"radio\" id=\"poll-answer-221\" name=\"poll_94\" value=\"221\" \/> <label for=\"poll-answer-221\">No ho s\u00e9<\/label><\/li>\n\t\t<\/ul><p style=\"text-align: center\"><input type=\"button\" name=\"vote\" value=\"   Vota   \" class=\"Buttons\" onclick=\"poll_vote(94);\" \/><\/p><p style=\"text-align: center\"><a href=\"#ViewPollResults\" onclick=\"poll_result(94); return false;\" title=\"View Results Of This Poll\">Mira els resultats<\/a><\/p><\/div>\n\t<\/form>\n<\/div>\n<div id=\"polls-94-loading\" class=\"wp-polls-loading\"><img decoding=\"async\" data-src=\"https:\/\/conversesacatalunya.cat\/wp-content\/plugins\/wp-polls\/images\/loading.gif\" width=\"16\" height=\"16\" alt=\"Cargando ...\" title=\"Cargando ...\" class=\"wp-polls-image lazyload\" src=\"data:image\/svg+xml;base64,PHN2ZyB3aWR0aD0iMSIgaGVpZ2h0PSIxIiB4bWxucz0iaHR0cDovL3d3dy53My5vcmcvMjAwMC9zdmciPjwvc3ZnPg==\" style=\"--smush-placeholder-width: 16px; --smush-placeholder-aspect-ratio: 16\/16;\" \/>&nbsp;Cargando ...<\/div>\n\n<p>&nbsp;<\/p>\n","protected":false},"excerpt":{"rendered":"<p>En Catalu\u00f1a, entre parados (que han crecido un 29% en un a\u00f1o) y personas en ERTE, llegamos a los 900.000 catalanes que no tienen trabajo, 512.000 en paro y 190.000 en suspensi\u00f3n del empleo. Es un dato aterrador para un pa\u00eds de 7,5 millones de habitantes. Si descontamos a los menores de 16 a\u00f1os y a los mayores de 65, y le a\u00f1adimos ese casi un mill\u00f3n de personas que es el conjunto que no trabaja, es f\u00e1cil constatar que nos estamos quedando en la piel y los huesos. Y eso no es todo, porque la gran empresa ya est\u00e1 pasando los\u00a0ERTE a ERES.\u00a0Al menos 15.000 personas ser\u00e1n despedidas por empresas como El Corte Ingl\u00e9s, Banco de Santander, Coca-Cola, Airbus, Banco de Sabadell, Heineken, entre otros, que ya han comenzado el proceso de sustituir las suspensiones temporales de trabajo por despidos. No olvidemos que el crecimiento del paro castiga a las finanzas p\u00fablicas de dos maneras diferentes. Por un lado, incrementa los costes\u00a0de la prestaci\u00f3n por no trabajar, y por otro, genera una\u00a0entrada en la Seguridad Social porque se contin\u00faa pagando la cuota, pero a cargo del estado. El resultado es el empeoramiento de la ya de por s\u00ed dif\u00edcil situaci\u00f3n financiera espa\u00f1ola. Por si fuera poco, la\u00a0venta de coches ha ca\u00eddo un 45% tras la subida del impuesto de matriculaci\u00f3n. Es un indicador adelantado de lo que sufrir\u00e1 el sector en los pr\u00f3ximos meses. Toda esta p\u00e9rdida de puestos de trabajo genera situaciones tr\u00e1gicas, como es caso de las mujeres que trabajan en la\u00a0limpieza de hoteles que, si antes ten\u00edan una situaci\u00f3n dif\u00edcil ahora es literalmente desesperada y pueden llegar a trabajar por menos de\u00a03 euros la hora. Adem\u00e1s, esta falta de trabajo ha generado toda una sobreoferta en el \u00e1mbito de las trabajadoras dom\u00e9sticas, generando una repercusi\u00f3n negativa m\u00e1s amplia. Acceso de oferta de mano de obra y reducci\u00f3n salarial. Este \u00faltimo es, sin embargo, un hecho que se va generalizando. Los salarios est\u00e1n cayendo cuando en realidad ser\u00eda necesario todo lo contrario para reactivar la econom\u00eda. Es de manual que la inyecci\u00f3n de ingresos a los sectores m\u00e1s desfavorecidos econ\u00f3micamente es la manera m\u00e1s r\u00e1pida de reanimar el consumo, aunque este se ve constre\u00f1ido por las limitaciones que las administraciones p\u00fablicas imponen debido a la Covid-19. Con este panorama, el escenario pol\u00edtico se\u00f1ala lo que el t\u00edtulo de esta informaci\u00f3n apunta, la clara posibilidad de que nos da\u00f1emos, porque a estas alturas el gobierno que se ve m\u00e1s cerca es el formando por ERC y la CUP, los antisociales que a\u00fan tienen que condenar el vandalismo que ha sufrido Barcelona estos d\u00edas. La ca\u00edda de Roma comenz\u00f3 cuando algunos b\u00e1rbaros llegaron al generalato. Mientras, Laura Borr\u00e0s, la l\u00edder de JxCat, se entretiene en ir a visitar a Pablo Has\u00e9l en prisi\u00f3n. Para decir exactamente lo que vemos, el problema de Catalu\u00f1a es que\u00a0no tenemos un partido pol\u00edtico de cordura\u00a0que sit\u00fae los intereses de las personas por delante de sus tacticismos.\u00a0En Catalu\u00f1a falta el espacio pol\u00edtico Merkel capaz de regenerar la pol\u00edtica, reformar las instituciones, hacer eficiente y eficaz al gobierno, y mantener todo aquello que forma parte de las buenas tradiciones de nuestro pa\u00eds. &nbsp;<\/p>\n","protected":false},"author":2,"featured_media":45630,"comment_status":"open","ping_status":"open","sticky":false,"template":"","format":"standard","meta":{"_FSMCFIC_featured_image_caption":"","_FSMCFIC_featured_image_nocaption":"","_FSMCFIC_featured_image_hide":"","footnotes":""},"categories":[806],"tags":[2258,2252,1579],"class_list":["post-45661","post","type-post","status-publish","format-standard","has-post-thumbnail","hentry","category-punts-claus-del-dia-es","tag-erte","tag-erto","tag-paro"],"yoast_head":"<!-- This site is optimized with the Yoast SEO plugin v26.8 - https:\/\/yoast.com\/product\/yoast-seo-wordpress\/ -->\n<title>Ay, que nos haremos da\u00f1o! No es s\u00f3lo el paro ..., que ya es - Converses a Catalunya<\/title>\n<meta name=\"description\" content=\"El problema de Catalu\u00f1a es que no tenemos un partido pol\u00edtico cuerdo que sit\u00fae los intereses de las personas por delante de sus tacticismos\" \/>\n<meta name=\"robots\" content=\"index, follow, max-snippet:-1, max-image-preview:large, max-video-preview:-1\" \/>\n<link rel=\"canonical\" href=\"https:\/\/conversesacatalunya.cat\/es\/no-es-solo-paro\/\" \/>\n<meta property=\"og:locale\" content=\"es_ES\" \/>\n<meta property=\"og:type\" content=\"article\" \/>\n<meta property=\"og:title\" content=\"Ay, que nos haremos da\u00f1o! No es s\u00f3lo el paro ..., que ya es - Converses a Catalunya\" \/>\n<meta property=\"og:description\" content=\"El problema de Catalu\u00f1a es que no tenemos un partido pol\u00edtico cuerdo que sit\u00fae los intereses de las personas por delante de sus tacticismos\" \/>\n<meta property=\"og:url\" content=\"https:\/\/conversesacatalunya.cat\/es\/no-es-solo-paro\/\" \/>\n<meta property=\"og:site_name\" content=\"Converses a Catalunya\" \/>\n<meta property=\"article:published_time\" content=\"2021-03-03T11:17:26+00:00\" \/>\n<meta property=\"article:modified_time\" content=\"2021-03-03T14:41:07+00:00\" \/>\n<meta property=\"og:image\" content=\"https:\/\/conversesacatalunya.cat\/wp-content\/uploads\/2021\/03\/atur.jpg\" \/>\n\t<meta property=\"og:image:width\" content=\"1024\" \/>\n\t<meta property=\"og:image:height\" content=\"576\" \/>\n\t<meta property=\"og:image:type\" content=\"image\/jpeg\" \/>\n<meta name=\"author\" content=\"conversesacatalunya\" \/>\n<meta name=\"twitter:card\" content=\"summary_large_image\" \/>\n<meta name=\"twitter:label1\" content=\"Escrito por\" \/>\n\t<meta name=\"twitter:data1\" content=\"conversesacatalunya\" \/>\n\t<meta name=\"twitter:label2\" content=\"Tiempo de lectura\" \/>\n\t<meta name=\"twitter:data2\" content=\"3 minutos\" \/>\n<script type=\"application\/ld+json\" class=\"yoast-schema-graph\">{\"@context\":\"https:\/\/schema.org\",\"@graph\":[{\"@type\":\"Article\",\"@id\":\"https:\/\/conversesacatalunya.cat\/es\/no-es-solo-paro\/#article\",\"isPartOf\":{\"@id\":\"https:\/\/conversesacatalunya.cat\/es\/no-es-solo-paro\/\"},\"author\":{\"name\":\"conversesacatalunya\",\"@id\":\"https:\/\/conversesacatalunya.cat\/#\/schema\/person\/7e24d1e54a2785373ddcb275eae5ed99\"},\"headline\":\"Ay, que nos haremos da\u00f1o! No es s\u00f3lo el paro &#8230;, que ya es\",\"datePublished\":\"2021-03-03T11:17:26+00:00\",\"dateModified\":\"2021-03-03T14:41:07+00:00\",\"mainEntityOfPage\":{\"@id\":\"https:\/\/conversesacatalunya.cat\/es\/no-es-solo-paro\/\"},\"wordCount\":636,\"commentCount\":0,\"image\":{\"@id\":\"https:\/\/conversesacatalunya.cat\/es\/no-es-solo-paro\/#primaryimage\"},\"thumbnailUrl\":\"https:\/\/conversesacatalunya.cat\/wp-content\/uploads\/2021\/03\/atur.jpg\",\"keywords\":[\"ERTE\",\"ERTO\",\"Paro\"],\"articleSection\":[\"Punts clau del dia (ES)\"],\"inLanguage\":\"es\",\"potentialAction\":[{\"@type\":\"CommentAction\",\"name\":\"Comment\",\"target\":[\"https:\/\/conversesacatalunya.cat\/es\/no-es-solo-paro\/#respond\"]}]},{\"@type\":\"WebPage\",\"@id\":\"https:\/\/conversesacatalunya.cat\/es\/no-es-solo-paro\/\",\"url\":\"https:\/\/conversesacatalunya.cat\/es\/no-es-solo-paro\/\",\"name\":\"Ay, que nos haremos da\u00f1o! No es s\u00f3lo el paro ..., que ya es - Converses a Catalunya\",\"isPartOf\":{\"@id\":\"https:\/\/conversesacatalunya.cat\/#website\"},\"primaryImageOfPage\":{\"@id\":\"https:\/\/conversesacatalunya.cat\/es\/no-es-solo-paro\/#primaryimage\"},\"image\":{\"@id\":\"https:\/\/conversesacatalunya.cat\/es\/no-es-solo-paro\/#primaryimage\"},\"thumbnailUrl\":\"https:\/\/conversesacatalunya.cat\/wp-content\/uploads\/2021\/03\/atur.jpg\",\"datePublished\":\"2021-03-03T11:17:26+00:00\",\"dateModified\":\"2021-03-03T14:41:07+00:00\",\"author\":{\"@id\":\"https:\/\/conversesacatalunya.cat\/#\/schema\/person\/7e24d1e54a2785373ddcb275eae5ed99\"},\"description\":\"El problema de Catalu\u00f1a es que no tenemos un partido pol\u00edtico cuerdo que sit\u00fae los intereses de las personas por delante de sus tacticismos\",\"breadcrumb\":{\"@id\":\"https:\/\/conversesacatalunya.cat\/es\/no-es-solo-paro\/#breadcrumb\"},\"inLanguage\":\"es\",\"potentialAction\":[{\"@type\":\"ReadAction\",\"target\":[\"https:\/\/conversesacatalunya.cat\/es\/no-es-solo-paro\/\"]}]},{\"@type\":\"ImageObject\",\"inLanguage\":\"es\",\"@id\":\"https:\/\/conversesacatalunya.cat\/es\/no-es-solo-paro\/#primaryimage\",\"url\":\"https:\/\/conversesacatalunya.cat\/wp-content\/uploads\/2021\/03\/atur.jpg\",\"contentUrl\":\"https:\/\/conversesacatalunya.cat\/wp-content\/uploads\/2021\/03\/atur.jpg\",\"width\":1024,\"height\":576},{\"@type\":\"BreadcrumbList\",\"@id\":\"https:\/\/conversesacatalunya.cat\/es\/no-es-solo-paro\/#breadcrumb\",\"itemListElement\":[{\"@type\":\"ListItem\",\"position\":1,\"name\":\"Inici\",\"item\":\"https:\/\/conversesacatalunya.cat\/es\/\"},{\"@type\":\"ListItem\",\"position\":2,\"name\":\"Ay, que nos haremos da\u00f1o! No es s\u00f3lo el paro &#8230;, que ya es\"}]},{\"@type\":\"WebSite\",\"@id\":\"https:\/\/conversesacatalunya.cat\/#website\",\"url\":\"https:\/\/conversesacatalunya.cat\/\",\"name\":\"Converses a Catalunya\",\"description\":\"\",\"potentialAction\":[{\"@type\":\"SearchAction\",\"target\":{\"@type\":\"EntryPoint\",\"urlTemplate\":\"https:\/\/conversesacatalunya.cat\/?s={search_term_string}\"},\"query-input\":{\"@type\":\"PropertyValueSpecification\",\"valueRequired\":true,\"valueName\":\"search_term_string\"}}],\"inLanguage\":\"es\"},{\"@type\":\"Person\",\"@id\":\"https:\/\/conversesacatalunya.cat\/#\/schema\/person\/7e24d1e54a2785373ddcb275eae5ed99\",\"name\":\"conversesacatalunya\",\"image\":{\"@type\":\"ImageObject\",\"inLanguage\":\"es\",\"@id\":\"https:\/\/conversesacatalunya.cat\/#\/schema\/person\/image\/\",\"url\":\"https:\/\/conversesacatalunya.cat\/wp-content\/litespeed\/avatar\/febdfeeec89d950f01c748045a981dd2.jpg?ver=1777314535\",\"contentUrl\":\"https:\/\/conversesacatalunya.cat\/wp-content\/litespeed\/avatar\/febdfeeec89d950f01c748045a981dd2.jpg?ver=1777314535\",\"caption\":\"conversesacatalunya\"},\"url\":\"https:\/\/conversesacatalunya.cat\/es\/author\/carme_catala\/\"}]}<\/script>\n<!-- \/ Yoast SEO plugin. -->","yoast_head_json":{"title":"Ay, que nos haremos da\u00f1o! No es s\u00f3lo el paro ..., que ya es - Converses a Catalunya","description":"El problema de Catalu\u00f1a es que no tenemos un partido pol\u00edtico cuerdo que sit\u00fae los intereses de las personas por delante de sus tacticismos","robots":{"index":"index","follow":"follow","max-snippet":"max-snippet:-1","max-image-preview":"max-image-preview:large","max-video-preview":"max-video-preview:-1"},"canonical":"https:\/\/conversesacatalunya.cat\/es\/no-es-solo-paro\/","og_locale":"es_ES","og_type":"article","og_title":"Ay, que nos haremos da\u00f1o! No es s\u00f3lo el paro ..., que ya es - Converses a Catalunya","og_description":"El problema de Catalu\u00f1a es que no tenemos un partido pol\u00edtico cuerdo que sit\u00fae los intereses de las personas por delante de sus tacticismos","og_url":"https:\/\/conversesacatalunya.cat\/es\/no-es-solo-paro\/","og_site_name":"Converses a Catalunya","article_published_time":"2021-03-03T11:17:26+00:00","article_modified_time":"2021-03-03T14:41:07+00:00","og_image":[{"width":1024,"height":576,"url":"https:\/\/conversesacatalunya.cat\/wp-content\/uploads\/2021\/03\/atur.jpg","type":"image\/jpeg"}],"author":"conversesacatalunya","twitter_card":"summary_large_image","twitter_misc":{"Escrito por":"conversesacatalunya","Tiempo de lectura":"3 minutos"},"schema":{"@context":"https:\/\/schema.org","@graph":[{"@type":"Article","@id":"https:\/\/conversesacatalunya.cat\/es\/no-es-solo-paro\/#article","isPartOf":{"@id":"https:\/\/conversesacatalunya.cat\/es\/no-es-solo-paro\/"},"author":{"name":"conversesacatalunya","@id":"https:\/\/conversesacatalunya.cat\/#\/schema\/person\/7e24d1e54a2785373ddcb275eae5ed99"},"headline":"Ay, que nos haremos da\u00f1o! No es s\u00f3lo el paro &#8230;, que ya es","datePublished":"2021-03-03T11:17:26+00:00","dateModified":"2021-03-03T14:41:07+00:00","mainEntityOfPage":{"@id":"https:\/\/conversesacatalunya.cat\/es\/no-es-solo-paro\/"},"wordCount":636,"commentCount":0,"image":{"@id":"https:\/\/conversesacatalunya.cat\/es\/no-es-solo-paro\/#primaryimage"},"thumbnailUrl":"https:\/\/conversesacatalunya.cat\/wp-content\/uploads\/2021\/03\/atur.jpg","keywords":["ERTE","ERTO","Paro"],"articleSection":["Punts clau del dia (ES)"],"inLanguage":"es","potentialAction":[{"@type":"CommentAction","name":"Comment","target":["https:\/\/conversesacatalunya.cat\/es\/no-es-solo-paro\/#respond"]}]},{"@type":"WebPage","@id":"https:\/\/conversesacatalunya.cat\/es\/no-es-solo-paro\/","url":"https:\/\/conversesacatalunya.cat\/es\/no-es-solo-paro\/","name":"Ay, que nos haremos da\u00f1o! No es s\u00f3lo el paro ..., que ya es - Converses a Catalunya","isPartOf":{"@id":"https:\/\/conversesacatalunya.cat\/#website"},"primaryImageOfPage":{"@id":"https:\/\/conversesacatalunya.cat\/es\/no-es-solo-paro\/#primaryimage"},"image":{"@id":"https:\/\/conversesacatalunya.cat\/es\/no-es-solo-paro\/#primaryimage"},"thumbnailUrl":"https:\/\/conversesacatalunya.cat\/wp-content\/uploads\/2021\/03\/atur.jpg","datePublished":"2021-03-03T11:17:26+00:00","dateModified":"2021-03-03T14:41:07+00:00","author":{"@id":"https:\/\/conversesacatalunya.cat\/#\/schema\/person\/7e24d1e54a2785373ddcb275eae5ed99"},"description":"El problema de Catalu\u00f1a es que no tenemos un partido pol\u00edtico cuerdo que sit\u00fae los intereses de las personas por delante de sus tacticismos","breadcrumb":{"@id":"https:\/\/conversesacatalunya.cat\/es\/no-es-solo-paro\/#breadcrumb"},"inLanguage":"es","potentialAction":[{"@type":"ReadAction","target":["https:\/\/conversesacatalunya.cat\/es\/no-es-solo-paro\/"]}]},{"@type":"ImageObject","inLanguage":"es","@id":"https:\/\/conversesacatalunya.cat\/es\/no-es-solo-paro\/#primaryimage","url":"https:\/\/conversesacatalunya.cat\/wp-content\/uploads\/2021\/03\/atur.jpg","contentUrl":"https:\/\/conversesacatalunya.cat\/wp-content\/uploads\/2021\/03\/atur.jpg","width":1024,"height":576},{"@type":"BreadcrumbList","@id":"https:\/\/conversesacatalunya.cat\/es\/no-es-solo-paro\/#breadcrumb","itemListElement":[{"@type":"ListItem","position":1,"name":"Inici","item":"https:\/\/conversesacatalunya.cat\/es\/"},{"@type":"ListItem","position":2,"name":"Ay, que nos haremos da\u00f1o! No es s\u00f3lo el paro &#8230;, que ya es"}]},{"@type":"WebSite","@id":"https:\/\/conversesacatalunya.cat\/#website","url":"https:\/\/conversesacatalunya.cat\/","name":"Converses a Catalunya","description":"","potentialAction":[{"@type":"SearchAction","target":{"@type":"EntryPoint","urlTemplate":"https:\/\/conversesacatalunya.cat\/?s={search_term_string}"},"query-input":{"@type":"PropertyValueSpecification","valueRequired":true,"valueName":"search_term_string"}}],"inLanguage":"es"},{"@type":"Person","@id":"https:\/\/conversesacatalunya.cat\/#\/schema\/person\/7e24d1e54a2785373ddcb275eae5ed99","name":"conversesacatalunya","image":{"@type":"ImageObject","inLanguage":"es","@id":"https:\/\/conversesacatalunya.cat\/#\/schema\/person\/image\/","url":"https:\/\/conversesacatalunya.cat\/wp-content\/litespeed\/avatar\/febdfeeec89d950f01c748045a981dd2.jpg?ver=1777314535","contentUrl":"https:\/\/conversesacatalunya.cat\/wp-content\/litespeed\/avatar\/febdfeeec89d950f01c748045a981dd2.jpg?ver=1777314535","caption":"conversesacatalunya"},"url":"https:\/\/conversesacatalunya.cat\/es\/author\/carme_catala\/"}]}},"wps_subtitle":"El problema de Catalu\u00f1a es que no tenemos un partido pol\u00edtico cuerdo que sit\u00fae los intereses de las personas por delante de sus tacticismos","_links":{"self":[{"href":"https:\/\/conversesacatalunya.cat\/es\/wp-json\/wp\/v2\/posts\/45661","targetHints":{"allow":["GET"]}}],"collection":[{"href":"https:\/\/conversesacatalunya.cat\/es\/wp-json\/wp\/v2\/posts"}],"about":[{"href":"https:\/\/conversesacatalunya.cat\/es\/wp-json\/wp\/v2\/types\/post"}],"author":[{"embeddable":true,"href":"https:\/\/conversesacatalunya.cat\/es\/wp-json\/wp\/v2\/users\/2"}],"replies":[{"embeddable":true,"href":"https:\/\/conversesacatalunya.cat\/es\/wp-json\/wp\/v2\/comments?post=45661"}],"version-history":[{"count":2,"href":"https:\/\/conversesacatalunya.cat\/es\/wp-json\/wp\/v2\/posts\/45661\/revisions"}],"predecessor-version":[{"id":45663,"href":"https:\/\/conversesacatalunya.cat\/es\/wp-json\/wp\/v2\/posts\/45661\/revisions\/45663"}],"wp:featuredmedia":[{"embeddable":true,"href":"https:\/\/conversesacatalunya.cat\/es\/wp-json\/wp\/v2\/media\/45630"}],"wp:attachment":[{"href":"https:\/\/conversesacatalunya.cat\/es\/wp-json\/wp\/v2\/media?parent=45661"}],"wp:term":[{"taxonomy":"category","embeddable":true,"href":"https:\/\/conversesacatalunya.cat\/es\/wp-json\/wp\/v2\/categories?post=45661"},{"taxonomy":"post_tag","embeddable":true,"href":"https:\/\/conversesacatalunya.cat\/es\/wp-json\/wp\/v2\/tags?post=45661"}],"curies":[{"name":"wp","href":"https:\/\/api.w.org\/{rel}","templated":true}]}}