{"id":45554,"date":"2021-03-01T11:37:00","date_gmt":"2021-03-01T10:37:00","guid":{"rendered":"https:\/\/conversesacatalunya.cat\/?p=45554"},"modified":"2021-03-01T11:37:00","modified_gmt":"2021-03-01T10:37:00","slug":"agonia-corte-ingles","status":"publish","type":"post","link":"https:\/\/conversesacatalunya.cat\/es\/agonia-corte-ingles\/","title":{"rendered":"La lenta agon\u00eda de El Corte Ingl\u00e9s"},"content":{"rendered":"<p>En los \u00faltimos a\u00f1os el sector de las grandes superficies y, de una forma m\u00e1s generalizada, el de las tiendas f\u00edsicas, ha sufrido con intensidad la venta online. Los que no han sabido adaptarse con rapidez <strong>se han visto abocados a su desaparici\u00f3n<\/strong>, y El Corte Ingl\u00e9s no est\u00e1 siendo una excepci\u00f3n.<\/p>\n<p>Tras a\u00f1os de recortes, la hist\u00f3rica empresa <strong>ha propuesto prescindir de 3.000 empleados<\/strong>. De esta cifra de empleos, 2.500 afectar\u00e1n a personal de tienda (Sfera, El Corte Ingl\u00e9s e Hipercor) y unos 500 a estructuras centrales. Ser\u00e1n \u00absalidas voluntarias\u00bb. La red comercial ha sido la m\u00e1s afectada por la pandemia, pues de marzo a mayo los centros comerciales estuvieron cerrados, salvo la parte de alimentaci\u00f3n, y actualmente hay restricciones en muchas comunidades.<\/p>\n<p>El Corte Ingl\u00e9s, con una plantilla actual de 90.000 empleados, ha ido disminuyendo su presencia en las ciudades cerrando algunos de sus centros m\u00e1s emblem\u00e1ticos. La crisis del coronavirus no ha hecho m\u00e1s que acelerar el debilitamiento de una de las empresas m\u00e1s ic\u00f3nicas del sector en Espa\u00f1a. La compa\u00f1\u00eda ya se acogi\u00f3 en marzo de 2020 a un Expediente de Regulaci\u00f3n Temporal de Empleo (ERTE) por causa de fuerza mayor<strong> para un total de 25.900 empleados<\/strong>, tras decretar el Gobierno el estado de alarma para frenar la expansi\u00f3n del coronavirus. Este ERTE afect\u00f3 por tanto a casi el 29% de la plantilla total del grupo, que asciende algo m\u00e1s de 90.000 empleados. As\u00ed, se vieron afectados 22.000 trabajadores de los grandes almacenes de El Corte Ingl\u00e9s, 2.000 empleados de la cadena de moda Sfera y 1.900 empleados de Viajes El Corte Ingl\u00e9s.<\/p>\n<p>Ya en 2014, con la muerte de su fundador, Isidoro \u00c1lvarez, el grupo empresarial acumulaba una deuda de casi 5.000 millones y segu\u00eda sin ofrecer cambios frente un comercio online cada vez m\u00e1s omnipresente. Tras a\u00f1os de pelea entre la familia propietaria de El Corte Ingl\u00e9s, el descontento crec\u00eda entre los inversores.\u00a0 Uno de ellos, el jeque Hamad bin Jassim bin Jaber al Thani (que pose\u00eda el 10% del capital), impacientado por el rumbo de la empresa, les comunic\u00f3 tajantemente a la familia: \u00abArreglen esto cuanto antes\u00bb.<\/p>\n<p>Poniendo esperanzas en el gran valor inmobiliario de sus principales centros, el grupo sigue recortando su presupuesto sin saber hac\u00eda donde dirigir el barco. La crisis del coronavirus ha acelerado la digitalizaci\u00f3n del mercado, pero son muchos los que no han podido coger estas nuevas corrientes.<\/p>\n<span class='bctt-click-to-tweet'><span class='bctt-ctt-text'><a href='https:\/\/twitter.com\/intent\/tweet?url=https%3A%2F%2Fconversesacatalunya.cat%2Fes%2Fagonia-corte-ingles%2F&#038;text=Los%20que%20no%20han%20sabido%20adaptarse%20con%20rapidez%20se%20han%20visto%20abocados%20a%20su%20desaparici%C3%B3n%2C%20y%20El%20Corte%20Ingl%C3%A9s%20no%20est%C3%A1%20siendo%20una%20excepci%C3%B3n&#038;via=conversesacat&#038;related=conversesacat' target='_blank'rel=\"noopener noreferrer\">Los que no han sabido adaptarse con rapidez se han visto abocados a su desaparici\u00f3n, y El Corte Ingl\u00e9s no est\u00e1 siendo una excepci\u00f3n <\/a><\/span><a href='https:\/\/twitter.com\/intent\/tweet?url=https%3A%2F%2Fconversesacatalunya.cat%2Fes%2Fagonia-corte-ingles%2F&#038;text=Los%20que%20no%20han%20sabido%20adaptarse%20con%20rapidez%20se%20han%20visto%20abocados%20a%20su%20desaparici%C3%B3n%2C%20y%20El%20Corte%20Ingl%C3%A9s%20no%20est%C3%A1%20siendo%20una%20excepci%C3%B3n&#038;via=conversesacat&#038;related=conversesacat' target='_blank' class='bctt-ctt-btn'rel=\"noopener noreferrer\">Compartir en X<\/a><\/span>\n<div id=\"polls-93\" class=\"wp-polls\">\n\t<form id=\"polls_form_93\" class=\"wp-polls-form\" action=\"\/index.php\" method=\"post\">\n\t\t<p style=\"display: none;\"><input type=\"hidden\" id=\"poll_93_nonce\" name=\"wp-polls-nonce\" value=\"95d8b48142\" \/><\/p>\n\t\t<p style=\"display: none;\"><input type=\"hidden\" name=\"poll_id\" value=\"93\" \/><\/p>\n\t\t<p style=\"text-align: center\"><strong>Creus que el Govern de la Generalitat gestiona b\u00e9 la compet\u00e8ncia sobre ordre p\u00fablic i seguretat ciutadana?<\/strong><\/p><div id=\"polls-93-ans\" class=\"wp-polls-ans\"><ul class=\"wp-polls-ul\">\n\t\t<li><input type=\"radio\" id=\"poll-answer-216\" name=\"poll_93\" value=\"216\" \/> <label for=\"poll-answer-216\">Si<\/label><\/li>\n\t\t<li><input type=\"radio\" id=\"poll-answer-217\" name=\"poll_93\" value=\"217\" \/> <label for=\"poll-answer-217\">No<\/label><\/li>\n\t\t<li><input type=\"radio\" id=\"poll-answer-218\" name=\"poll_93\" value=\"218\" \/> <label for=\"poll-answer-218\">No ho s\u00e9<\/label><\/li>\n\t\t<\/ul><p style=\"text-align: center\"><input type=\"button\" name=\"vote\" value=\"   Vota   \" class=\"Buttons\" onclick=\"poll_vote(93);\" \/><\/p><p style=\"text-align: center\"><a href=\"#ViewPollResults\" onclick=\"poll_result(93); return false;\" title=\"View Results Of This Poll\">Mira els resultats<\/a><\/p><\/div>\n\t<\/form>\n<\/div>\n<div id=\"polls-93-loading\" class=\"wp-polls-loading\"><img decoding=\"async\" data-src=\"https:\/\/conversesacatalunya.cat\/wp-content\/plugins\/wp-polls\/images\/loading.gif\" width=\"16\" height=\"16\" alt=\"Cargando ...\" title=\"Cargando ...\" class=\"wp-polls-image lazyload\" src=\"data:image\/svg+xml;base64,PHN2ZyB3aWR0aD0iMSIgaGVpZ2h0PSIxIiB4bWxucz0iaHR0cDovL3d3dy53My5vcmcvMjAwMC9zdmciPjwvc3ZnPg==\" style=\"--smush-placeholder-width: 16px; --smush-placeholder-aspect-ratio: 16\/16;\" \/>&nbsp;Cargando ...<\/div>\n\n","protected":false},"excerpt":{"rendered":"<p>En los \u00faltimos a\u00f1os el sector de las grandes superficies y, de una forma m\u00e1s generalizada, el de las tiendas f\u00edsicas, ha sufrido con intensidad la venta online. Los que no han sabido adaptarse con rapidez se han visto abocados a su desaparici\u00f3n, y El Corte Ingl\u00e9s no est\u00e1 siendo una excepci\u00f3n. Tras a\u00f1os de recortes, la hist\u00f3rica empresa ha propuesto prescindir de 3.000 empleados. De esta cifra de empleos, 2.500 afectar\u00e1n a personal de tienda (Sfera, El Corte Ingl\u00e9s e Hipercor) y unos 500 a estructuras centrales. Ser\u00e1n \u00absalidas voluntarias\u00bb. La red comercial ha sido la m\u00e1s afectada por la pandemia, pues de marzo a mayo los centros comerciales estuvieron cerrados, salvo la parte de alimentaci\u00f3n, y actualmente hay restricciones en muchas comunidades. El Corte Ingl\u00e9s, con una plantilla actual de 90.000 empleados, ha ido disminuyendo su presencia en las ciudades cerrando algunos de sus centros m\u00e1s emblem\u00e1ticos. La crisis del coronavirus no ha hecho m\u00e1s que acelerar el debilitamiento de una de las empresas m\u00e1s ic\u00f3nicas del sector en Espa\u00f1a. La compa\u00f1\u00eda ya se acogi\u00f3 en marzo de 2020 a un Expediente de Regulaci\u00f3n Temporal de Empleo (ERTE) por causa de fuerza mayor para un total de 25.900 empleados, tras decretar el Gobierno el estado de alarma para frenar la expansi\u00f3n del coronavirus. Este ERTE afect\u00f3 por tanto a casi el 29% de la plantilla total del grupo, que asciende algo m\u00e1s de 90.000 empleados. As\u00ed, se vieron afectados 22.000 trabajadores de los grandes almacenes de El Corte Ingl\u00e9s, 2.000 empleados de la cadena de moda Sfera y 1.900 empleados de Viajes El Corte Ingl\u00e9s. Ya en 2014, con la muerte de su fundador, Isidoro \u00c1lvarez, el grupo empresarial acumulaba una deuda de casi 5.000 millones y segu\u00eda sin ofrecer cambios frente un comercio online cada vez m\u00e1s omnipresente. Tras a\u00f1os de pelea entre la familia propietaria de El Corte Ingl\u00e9s, el descontento crec\u00eda entre los inversores.\u00a0 Uno de ellos, el jeque Hamad bin Jassim bin Jaber al Thani (que pose\u00eda el 10% del capital), impacientado por el rumbo de la empresa, les comunic\u00f3 tajantemente a la familia: \u00abArreglen esto cuanto antes\u00bb. Poniendo esperanzas en el gran valor inmobiliario de sus principales centros, el grupo sigue recortando su presupuesto sin saber hac\u00eda donde dirigir el barco. La crisis del coronavirus ha acelerado la digitalizaci\u00f3n del mercado, pero son muchos los que no han podido coger estas nuevas corrientes.<\/p>\n","protected":false},"author":20,"featured_media":45538,"comment_status":"open","ping_status":"open","sticky":false,"template":"","format":"standard","meta":{"_FSMCFIC_featured_image_caption":"","_FSMCFIC_featured_image_nocaption":"","_FSMCFIC_featured_image_hide":"","footnotes":""},"categories":[1772,806],"tags":[995,3006,3502],"class_list":["post-45554","post","type-post","status-publish","format-standard","has-post-thumbnail","hentry","category-especial-coronavirus-es","category-punts-claus-del-dia-es","tag-crisi-es","tag-crisis-coronavirus","tag-transformacion-digital"],"yoast_head":"<!-- This site is optimized with the Yoast SEO plugin v26.8 - https:\/\/yoast.com\/product\/yoast-seo-wordpress\/ -->\n<title>La lenta agon\u00eda de El Corte Ingl\u00e9s - Converses a Catalunya<\/title>\n<meta name=\"description\" content=\"El Corte Ingl\u00e9s, de gran rellev\u00e0ncia a Espanya en el sector de les grans superf\u00edcies, segueix el cam\u00ed de les retallades sense saber\" \/>\n<meta name=\"robots\" content=\"index, follow, max-snippet:-1, max-image-preview:large, max-video-preview:-1\" \/>\n<link rel=\"canonical\" href=\"https:\/\/conversesacatalunya.cat\/es\/agonia-corte-ingles\/\" \/>\n<meta property=\"og:locale\" content=\"es_ES\" \/>\n<meta property=\"og:type\" content=\"article\" \/>\n<meta property=\"og:title\" content=\"La lenta agon\u00eda de El Corte Ingl\u00e9s - Converses a Catalunya\" \/>\n<meta property=\"og:description\" content=\"El Corte Ingl\u00e9s, de gran rellev\u00e0ncia a Espanya en el sector de les grans superf\u00edcies, segueix el cam\u00ed de les retallades sense saber\" \/>\n<meta property=\"og:url\" content=\"https:\/\/conversesacatalunya.cat\/es\/agonia-corte-ingles\/\" \/>\n<meta property=\"og:site_name\" content=\"Converses a Catalunya\" \/>\n<meta property=\"article:published_time\" content=\"2021-03-01T10:37:00+00:00\" \/>\n<meta property=\"og:image\" content=\"https:\/\/conversesacatalunya.cat\/wp-content\/uploads\/2021\/02\/Capture-10.png\" \/>\n\t<meta property=\"og:image:width\" content=\"1103\" \/>\n\t<meta property=\"og:image:height\" content=\"736\" \/>\n\t<meta property=\"og:image:type\" content=\"image\/png\" \/>\n<meta name=\"author\" content=\"conversesacatalunya\" \/>\n<meta name=\"twitter:card\" content=\"summary_large_image\" \/>\n<meta name=\"twitter:label1\" content=\"Escrito por\" \/>\n\t<meta name=\"twitter:data1\" content=\"conversesacatalunya\" \/>\n\t<meta name=\"twitter:label2\" content=\"Tiempo de lectura\" \/>\n\t<meta name=\"twitter:data2\" content=\"2 minutos\" \/>\n<script type=\"application\/ld+json\" class=\"yoast-schema-graph\">{\"@context\":\"https:\/\/schema.org\",\"@graph\":[{\"@type\":\"Article\",\"@id\":\"https:\/\/conversesacatalunya.cat\/es\/agonia-corte-ingles\/#article\",\"isPartOf\":{\"@id\":\"https:\/\/conversesacatalunya.cat\/es\/agonia-corte-ingles\/\"},\"author\":{\"name\":\"conversesacatalunya\",\"@id\":\"https:\/\/conversesacatalunya.cat\/#\/schema\/person\/a7a9496a363cd9847daf7cd659d92e64\"},\"headline\":\"La lenta agon\u00eda de El Corte Ingl\u00e9s\",\"datePublished\":\"2021-03-01T10:37:00+00:00\",\"mainEntityOfPage\":{\"@id\":\"https:\/\/conversesacatalunya.cat\/es\/agonia-corte-ingles\/\"},\"wordCount\":462,\"commentCount\":0,\"image\":{\"@id\":\"https:\/\/conversesacatalunya.cat\/es\/agonia-corte-ingles\/#primaryimage\"},\"thumbnailUrl\":\"https:\/\/conversesacatalunya.cat\/wp-content\/uploads\/2021\/02\/Capture-10.png\",\"keywords\":[\"crisi\",\"crisis coronavirus\",\"transformaci\u00f3n digital\"],\"articleSection\":[\"Especial Coronavirus (ES)\",\"Punts clau del dia (ES)\"],\"inLanguage\":\"es\",\"potentialAction\":[{\"@type\":\"CommentAction\",\"name\":\"Comment\",\"target\":[\"https:\/\/conversesacatalunya.cat\/es\/agonia-corte-ingles\/#respond\"]}]},{\"@type\":\"WebPage\",\"@id\":\"https:\/\/conversesacatalunya.cat\/es\/agonia-corte-ingles\/\",\"url\":\"https:\/\/conversesacatalunya.cat\/es\/agonia-corte-ingles\/\",\"name\":\"La lenta agon\u00eda de El Corte Ingl\u00e9s - Converses a Catalunya\",\"isPartOf\":{\"@id\":\"https:\/\/conversesacatalunya.cat\/#website\"},\"primaryImageOfPage\":{\"@id\":\"https:\/\/conversesacatalunya.cat\/es\/agonia-corte-ingles\/#primaryimage\"},\"image\":{\"@id\":\"https:\/\/conversesacatalunya.cat\/es\/agonia-corte-ingles\/#primaryimage\"},\"thumbnailUrl\":\"https:\/\/conversesacatalunya.cat\/wp-content\/uploads\/2021\/02\/Capture-10.png\",\"datePublished\":\"2021-03-01T10:37:00+00:00\",\"author\":{\"@id\":\"https:\/\/conversesacatalunya.cat\/#\/schema\/person\/a7a9496a363cd9847daf7cd659d92e64\"},\"description\":\"El Corte Ingl\u00e9s, de gran rellev\u00e0ncia a Espanya en el sector de les grans superf\u00edcies, segueix el cam\u00ed de les retallades sense saber\",\"breadcrumb\":{\"@id\":\"https:\/\/conversesacatalunya.cat\/es\/agonia-corte-ingles\/#breadcrumb\"},\"inLanguage\":\"es\",\"potentialAction\":[{\"@type\":\"ReadAction\",\"target\":[\"https:\/\/conversesacatalunya.cat\/es\/agonia-corte-ingles\/\"]}]},{\"@type\":\"ImageObject\",\"inLanguage\":\"es\",\"@id\":\"https:\/\/conversesacatalunya.cat\/es\/agonia-corte-ingles\/#primaryimage\",\"url\":\"https:\/\/conversesacatalunya.cat\/wp-content\/uploads\/2021\/02\/Capture-10.png\",\"contentUrl\":\"https:\/\/conversesacatalunya.cat\/wp-content\/uploads\/2021\/02\/Capture-10.png\",\"width\":1103,\"height\":736,\"caption\":\"El Corte Ingl\u00e9s\"},{\"@type\":\"BreadcrumbList\",\"@id\":\"https:\/\/conversesacatalunya.cat\/es\/agonia-corte-ingles\/#breadcrumb\",\"itemListElement\":[{\"@type\":\"ListItem\",\"position\":1,\"name\":\"Inici\",\"item\":\"https:\/\/conversesacatalunya.cat\/es\/\"},{\"@type\":\"ListItem\",\"position\":2,\"name\":\"La lenta agon\u00eda de El Corte Ingl\u00e9s\"}]},{\"@type\":\"WebSite\",\"@id\":\"https:\/\/conversesacatalunya.cat\/#website\",\"url\":\"https:\/\/conversesacatalunya.cat\/\",\"name\":\"Converses a Catalunya\",\"description\":\"\",\"potentialAction\":[{\"@type\":\"SearchAction\",\"target\":{\"@type\":\"EntryPoint\",\"urlTemplate\":\"https:\/\/conversesacatalunya.cat\/?s={search_term_string}\"},\"query-input\":{\"@type\":\"PropertyValueSpecification\",\"valueRequired\":true,\"valueName\":\"search_term_string\"}}],\"inLanguage\":\"es\"},{\"@type\":\"Person\",\"@id\":\"https:\/\/conversesacatalunya.cat\/#\/schema\/person\/a7a9496a363cd9847daf7cd659d92e64\",\"name\":\"conversesacatalunya\",\"image\":{\"@type\":\"ImageObject\",\"inLanguage\":\"es\",\"@id\":\"https:\/\/conversesacatalunya.cat\/#\/schema\/person\/image\/\",\"url\":\"https:\/\/conversesacatalunya.cat\/wp-content\/litespeed\/avatar\/ff91582b44ff9c880dc9c5ac2f5c7e89.jpg?ver=1777372947\",\"contentUrl\":\"https:\/\/conversesacatalunya.cat\/wp-content\/litespeed\/avatar\/ff91582b44ff9c880dc9c5ac2f5c7e89.jpg?ver=1777372947\",\"caption\":\"conversesacatalunya\"},\"url\":\"https:\/\/conversesacatalunya.cat\/es\/author\/francisco_garcia\/\"}]}<\/script>\n<!-- \/ Yoast SEO plugin. -->","yoast_head_json":{"title":"La lenta agon\u00eda de El Corte Ingl\u00e9s - Converses a Catalunya","description":"El Corte Ingl\u00e9s, de gran rellev\u00e0ncia a Espanya en el sector de les grans superf\u00edcies, segueix el cam\u00ed de les retallades sense saber","robots":{"index":"index","follow":"follow","max-snippet":"max-snippet:-1","max-image-preview":"max-image-preview:large","max-video-preview":"max-video-preview:-1"},"canonical":"https:\/\/conversesacatalunya.cat\/es\/agonia-corte-ingles\/","og_locale":"es_ES","og_type":"article","og_title":"La lenta agon\u00eda de El Corte Ingl\u00e9s - Converses a Catalunya","og_description":"El Corte Ingl\u00e9s, de gran rellev\u00e0ncia a Espanya en el sector de les grans superf\u00edcies, segueix el cam\u00ed de les retallades sense saber","og_url":"https:\/\/conversesacatalunya.cat\/es\/agonia-corte-ingles\/","og_site_name":"Converses a Catalunya","article_published_time":"2021-03-01T10:37:00+00:00","og_image":[{"width":1103,"height":736,"url":"https:\/\/conversesacatalunya.cat\/wp-content\/uploads\/2021\/02\/Capture-10.png","type":"image\/png"}],"author":"conversesacatalunya","twitter_card":"summary_large_image","twitter_misc":{"Escrito por":"conversesacatalunya","Tiempo de lectura":"2 minutos"},"schema":{"@context":"https:\/\/schema.org","@graph":[{"@type":"Article","@id":"https:\/\/conversesacatalunya.cat\/es\/agonia-corte-ingles\/#article","isPartOf":{"@id":"https:\/\/conversesacatalunya.cat\/es\/agonia-corte-ingles\/"},"author":{"name":"conversesacatalunya","@id":"https:\/\/conversesacatalunya.cat\/#\/schema\/person\/a7a9496a363cd9847daf7cd659d92e64"},"headline":"La lenta agon\u00eda de El Corte Ingl\u00e9s","datePublished":"2021-03-01T10:37:00+00:00","mainEntityOfPage":{"@id":"https:\/\/conversesacatalunya.cat\/es\/agonia-corte-ingles\/"},"wordCount":462,"commentCount":0,"image":{"@id":"https:\/\/conversesacatalunya.cat\/es\/agonia-corte-ingles\/#primaryimage"},"thumbnailUrl":"https:\/\/conversesacatalunya.cat\/wp-content\/uploads\/2021\/02\/Capture-10.png","keywords":["crisi","crisis coronavirus","transformaci\u00f3n digital"],"articleSection":["Especial Coronavirus (ES)","Punts clau del dia (ES)"],"inLanguage":"es","potentialAction":[{"@type":"CommentAction","name":"Comment","target":["https:\/\/conversesacatalunya.cat\/es\/agonia-corte-ingles\/#respond"]}]},{"@type":"WebPage","@id":"https:\/\/conversesacatalunya.cat\/es\/agonia-corte-ingles\/","url":"https:\/\/conversesacatalunya.cat\/es\/agonia-corte-ingles\/","name":"La lenta agon\u00eda de El Corte Ingl\u00e9s - Converses a Catalunya","isPartOf":{"@id":"https:\/\/conversesacatalunya.cat\/#website"},"primaryImageOfPage":{"@id":"https:\/\/conversesacatalunya.cat\/es\/agonia-corte-ingles\/#primaryimage"},"image":{"@id":"https:\/\/conversesacatalunya.cat\/es\/agonia-corte-ingles\/#primaryimage"},"thumbnailUrl":"https:\/\/conversesacatalunya.cat\/wp-content\/uploads\/2021\/02\/Capture-10.png","datePublished":"2021-03-01T10:37:00+00:00","author":{"@id":"https:\/\/conversesacatalunya.cat\/#\/schema\/person\/a7a9496a363cd9847daf7cd659d92e64"},"description":"El Corte Ingl\u00e9s, de gran rellev\u00e0ncia a Espanya en el sector de les grans superf\u00edcies, segueix el cam\u00ed de les retallades sense saber","breadcrumb":{"@id":"https:\/\/conversesacatalunya.cat\/es\/agonia-corte-ingles\/#breadcrumb"},"inLanguage":"es","potentialAction":[{"@type":"ReadAction","target":["https:\/\/conversesacatalunya.cat\/es\/agonia-corte-ingles\/"]}]},{"@type":"ImageObject","inLanguage":"es","@id":"https:\/\/conversesacatalunya.cat\/es\/agonia-corte-ingles\/#primaryimage","url":"https:\/\/conversesacatalunya.cat\/wp-content\/uploads\/2021\/02\/Capture-10.png","contentUrl":"https:\/\/conversesacatalunya.cat\/wp-content\/uploads\/2021\/02\/Capture-10.png","width":1103,"height":736,"caption":"El Corte Ingl\u00e9s"},{"@type":"BreadcrumbList","@id":"https:\/\/conversesacatalunya.cat\/es\/agonia-corte-ingles\/#breadcrumb","itemListElement":[{"@type":"ListItem","position":1,"name":"Inici","item":"https:\/\/conversesacatalunya.cat\/es\/"},{"@type":"ListItem","position":2,"name":"La lenta agon\u00eda de El Corte Ingl\u00e9s"}]},{"@type":"WebSite","@id":"https:\/\/conversesacatalunya.cat\/#website","url":"https:\/\/conversesacatalunya.cat\/","name":"Converses a Catalunya","description":"","potentialAction":[{"@type":"SearchAction","target":{"@type":"EntryPoint","urlTemplate":"https:\/\/conversesacatalunya.cat\/?s={search_term_string}"},"query-input":{"@type":"PropertyValueSpecification","valueRequired":true,"valueName":"search_term_string"}}],"inLanguage":"es"},{"@type":"Person","@id":"https:\/\/conversesacatalunya.cat\/#\/schema\/person\/a7a9496a363cd9847daf7cd659d92e64","name":"conversesacatalunya","image":{"@type":"ImageObject","inLanguage":"es","@id":"https:\/\/conversesacatalunya.cat\/#\/schema\/person\/image\/","url":"https:\/\/conversesacatalunya.cat\/wp-content\/litespeed\/avatar\/ff91582b44ff9c880dc9c5ac2f5c7e89.jpg?ver=1777372947","contentUrl":"https:\/\/conversesacatalunya.cat\/wp-content\/litespeed\/avatar\/ff91582b44ff9c880dc9c5ac2f5c7e89.jpg?ver=1777372947","caption":"conversesacatalunya"},"url":"https:\/\/conversesacatalunya.cat\/es\/author\/francisco_garcia\/"}]}},"wps_subtitle":"El Corte Ingl\u00e9s, de gran relevancia en Espa\u00f1a en el sector de las grandes superficies, sigue la senda de los recortes sin saber hac\u00eda donde dirigir el grupo empresarial","_links":{"self":[{"href":"https:\/\/conversesacatalunya.cat\/es\/wp-json\/wp\/v2\/posts\/45554","targetHints":{"allow":["GET"]}}],"collection":[{"href":"https:\/\/conversesacatalunya.cat\/es\/wp-json\/wp\/v2\/posts"}],"about":[{"href":"https:\/\/conversesacatalunya.cat\/es\/wp-json\/wp\/v2\/types\/post"}],"author":[{"embeddable":true,"href":"https:\/\/conversesacatalunya.cat\/es\/wp-json\/wp\/v2\/users\/20"}],"replies":[{"embeddable":true,"href":"https:\/\/conversesacatalunya.cat\/es\/wp-json\/wp\/v2\/comments?post=45554"}],"version-history":[{"count":3,"href":"https:\/\/conversesacatalunya.cat\/es\/wp-json\/wp\/v2\/posts\/45554\/revisions"}],"predecessor-version":[{"id":45558,"href":"https:\/\/conversesacatalunya.cat\/es\/wp-json\/wp\/v2\/posts\/45554\/revisions\/45558"}],"wp:featuredmedia":[{"embeddable":true,"href":"https:\/\/conversesacatalunya.cat\/es\/wp-json\/wp\/v2\/media\/45538"}],"wp:attachment":[{"href":"https:\/\/conversesacatalunya.cat\/es\/wp-json\/wp\/v2\/media?parent=45554"}],"wp:term":[{"taxonomy":"category","embeddable":true,"href":"https:\/\/conversesacatalunya.cat\/es\/wp-json\/wp\/v2\/categories?post=45554"},{"taxonomy":"post_tag","embeddable":true,"href":"https:\/\/conversesacatalunya.cat\/es\/wp-json\/wp\/v2\/tags?post=45554"}],"curies":[{"name":"wp","href":"https:\/\/api.w.org\/{rel}","templated":true}]}}