{"id":45540,"date":"2021-03-01T08:58:06","date_gmt":"2021-03-01T07:58:06","guid":{"rendered":"https:\/\/conversesacatalunya.cat\/?p=45540"},"modified":"2024-01-22T14:13:36","modified_gmt":"2024-01-22T13:13:36","slug":"no-me-da-pena-tu-tiro-en-la-nuca","status":"publish","type":"post","link":"https:\/\/conversesacatalunya.cat\/es\/no-me-da-pena-tu-tiro-en-la-nuca\/","title":{"rendered":"\u00abNo me da pena tu tiro en la nuca\u00bb"},"content":{"rendered":"<p>El rap es un g\u00e9nero musical peculiar. Un h\u00edbrido, que surge del \u201crecitado r\u00edtmico de las letras, que no se cantan\u201d. Podr\u00edamos decir que mezcla poes\u00eda (de mayor o menor calidad), ritmos y un fondo musical como acompa\u00f1amiento.\u00a0<a href=\"https:\/\/definicion.de\/rap\/\" target=\"_blank\" rel=\"noopener\" data-saferedirecturl=\"https:\/\/www.google.com\/url?q=https:\/\/definicion.de\/rap\/&amp;source=gmail&amp;ust=1614670604866000&amp;usg=AFQjCNGfXG7BNCt0BHkGu2OSeKwEzt7WLg\">(\u201cel rap\u201d)<\/a><\/p>\n<p>Aparece en los Estados Unidos hacia la mitad del siglo XX, asociado a minor\u00edas raciales afroamericanas, aunque poco a poco se extiende por todo el mundo, sin distinci\u00f3n de razas o culturas.<\/p>\n<p><strong>Normalmente sus letras tienen un componente social de denuncia<\/strong>. De hecho, surgi\u00f3 en zonas marginales como expresi\u00f3n de rebeld\u00eda, con letras agresivas, una especie de grito contra la injusticia y la desigualdad. Contra el racismo y cualquier clase de discriminaci\u00f3n.<\/p>\n<p>Hay que ser generoso por tanto al interpretar sus letras dentro del \u00e1mbito art\u00edstico, y entender que <strong>estamos en el \u00e1mbito de lo metaf\u00f3rico<\/strong>. Algo as\u00ed como una serie de ficci\u00f3n realista, que pretende reflejar la realidad, pero no por ello deja ser ficci\u00f3n.<\/p>\n<p>En ese contexto, podemos hacer un esfuerzo para entender frases como las que ha escrito Pau Rivadulla, conocido art\u00edsticamente como Pablo Has\u00e9l, en las que, por ejemplo, amenazaba al alcalde de Lleida:<\/p>\n<p>\u201c\u2026<em>malnacido, te mereces un disparo, te apu\u00f1alar\u00e9, te arrancar\u00e9 la piel a tiras<\/em>\u201d<\/p>\n<p>O al exlehendakari vasco:<\/p>\n<p>\u201c<em>\u00a0merece que explote el coche de Patxi L\u00f3pez<\/em>\u201d<\/p>\n<p>A los pol\u00edticos de uno y otro bando:<\/p>\n<p>\u201c<em>no me da pena tu tiro en la nuca, socialista, (\u2026), no me da pena tu tiro en la nuca, socialisto<\/em>\u201d<\/p>\n<p>Hemos de aceptar que \u00e9l, u otros artistas de su estilo, vilipendien a las mujeres, (o a los menores, o a los colectivos de una raza o religi\u00f3n determinada):<\/p>\n<p>\u201c\u2026<em>vete a comer pollas, zorra hija de la gran puta<\/em>\u201d (con perd\u00f3n).<\/p>\n<p>Vamos a confiar en que tenemos una sociedad lo suficientemente madura y tolerante como para <strong>soportar ese tipo de versos en un estilo musical como el rap que parece que lo aguanta todo<\/strong>. Vamos a promover las reformas penales necesarias\u00a0 para despenalizar, o al menos suprimir la prisi\u00f3n ante esas conductas. He escrito varias veces al respecto en este mismo\u00a0<a href=\"https:\/\/conversesacatalunya.cat\/el-dret-a-informar-i-a-ser-informats\/\" target=\"_blank\" rel=\"noopener\">blog<\/a>.<\/p>\n<p>Pero cuando en 2007 un famoso cantante de cuyo nombre no quiero acordarme mont\u00f3 un\u00a0<a href=\"https:\/\/elpais.com\/elpais\/2007\/11\/13\/actualidad\/1194940131_850215.html\" target=\"_blank\" rel=\"noopener\" data-saferedirecturl=\"https:\/\/www.google.com\/url?q=https:\/\/elpais.com\/elpais\/2007\/11\/13\/actualidad\/1194940131_850215.html&amp;source=gmail&amp;ust=1614670604866000&amp;usg=AFQjCNFfWLMq7g8QTpRoyA6e4RLSlyYLiQ\">l\u00edo<\/a>\u00a0considerable en un avi\u00f3n porque al parecer \u00e9l y sus amigos hab\u00edan bebido demasiado, se enfrent\u00f3 a la tripulaci\u00f3n y oblig\u00f3 al comandante a volver al aeropuerto de origen donde fue detenido por la Guardia Civil por el altercado, a nadie se le ocurri\u00f3 inundar las calles de manifestaciones de protesta. Como estas que hemos visto estos d\u00edas en muchos lugares de Espa\u00f1a, especialmente en Catalunya, en las que se han infiltrado grupos de v\u00e1ndalos que han destrozado comisar\u00edas, comercios, sem\u00e1foros, se\u00f1ales y contenedores.<\/p>\n<p>Ser artista no te da inmunidad para delinquir, para agredir, para evadir impuestos (\u00bfhacemos una lista?), para saltarse la ley, en definitiva.<\/p>\n<p><strong>Pablo Has\u00e9l no merece la c\u00e1rcel por sus letras<\/strong> (quiz\u00e1 m\u00e1s bien merecer\u00eda el olvido o cuando menos la indiferencia). <strong>Pero s\u00ed por agredir a periodistas, a testigos en un juicio, o por no abonar las multas que le impusieron precisamente para que no ingresara en prisi\u00f3n<\/strong>. O por cualquier otro delito por el que ser\u00edamos castigados el resto de los mortales.<\/p>\n<p><strong>Convertirlo en un m\u00e1rtir de la libertad de expresi\u00f3n es lo m\u00e1s rid\u00edculo que nos ha ocurrido en los \u00faltimos a\u00f1os en Espa\u00f1a<\/strong>. Pablo Has\u00e9l, como el rap, no es m\u00e1s que una coartada, no una excusa para justificar lo injustificable: la violencia desatada de estos \u00faltimos d\u00edas.<\/p>\n<p>Como dir\u00eda (cantando, no rapeando) el gran Raimon, \u201cno, diguem no, nosaltres no som d\u2019eixe m\u00f3n\u201d.<\/p>\n<span class='bctt-click-to-tweet'><span class='bctt-ctt-text'><a href='https:\/\/twitter.com\/intent\/tweet?url=https%3A%2F%2Fconversesacatalunya.cat%2Fes%2Fno-me-da-pena-tu-tiro-en-la-nuca%2F&#038;text=En%20ese%20contexto%2C%20podemos%20hacer%20un%20esfuerzo%20para%20entender%20frases%20como%20las%20que%20ha%20escrito%20Pau%20Rivadulla%2C%20conocido%20art%C3%ADsticamente%20como%20Pablo%20Has%C3%A9l%2C%20en%20las%20que%2C%20por%20ejemplo%2C%20amenazaba%20al%20alcalde%20de%20Lleida&#038;via=conversesacat&#038;related=conversesacat' target='_blank'rel=\"noopener noreferrer\">En ese contexto, podemos hacer un esfuerzo para entender frases como las que ha escrito Pau Rivadulla, conocido art\u00edsticamente como Pablo Has\u00e9l, en las que, por ejemplo, amenazaba al alcalde de Lleida <\/a><\/span><a href='https:\/\/twitter.com\/intent\/tweet?url=https%3A%2F%2Fconversesacatalunya.cat%2Fes%2Fno-me-da-pena-tu-tiro-en-la-nuca%2F&#038;text=En%20ese%20contexto%2C%20podemos%20hacer%20un%20esfuerzo%20para%20entender%20frases%20como%20las%20que%20ha%20escrito%20Pau%20Rivadulla%2C%20conocido%20art%C3%ADsticamente%20como%20Pablo%20Has%C3%A9l%2C%20en%20las%20que%2C%20por%20ejemplo%2C%20amenazaba%20al%20alcalde%20de%20Lleida&#038;via=conversesacat&#038;related=conversesacat' target='_blank' class='bctt-ctt-btn'rel=\"noopener noreferrer\">Compartir en X<\/a><\/span>\n","protected":false},"excerpt":{"rendered":"<p>El rap es un g\u00e9nero musical peculiar. Un h\u00edbrido, que surge del \u201crecitado r\u00edtmico de las letras, que no se cantan\u201d. Podr\u00edamos decir que mezcla poes\u00eda (de mayor o menor calidad), ritmos y un fondo musical como acompa\u00f1amiento.\u00a0(\u201cel rap\u201d) Aparece en los Estados Unidos hacia la mitad del siglo XX, asociado a minor\u00edas raciales afroamericanas, aunque poco a poco se extiende por todo el mundo, sin distinci\u00f3n de razas o culturas. Normalmente sus letras tienen un componente social de denuncia. De hecho, surgi\u00f3 en zonas marginales como expresi\u00f3n de rebeld\u00eda, con letras agresivas, una especie de grito contra la injusticia y la desigualdad. Contra el racismo y cualquier clase de discriminaci\u00f3n. Hay que ser generoso por tanto al interpretar sus letras dentro del \u00e1mbito art\u00edstico, y entender que estamos en el \u00e1mbito de lo metaf\u00f3rico. Algo as\u00ed como una serie de ficci\u00f3n realista, que pretende reflejar la realidad, pero no por ello deja ser ficci\u00f3n. En ese contexto, podemos hacer un esfuerzo para entender frases como las que ha escrito Pau Rivadulla, conocido art\u00edsticamente como Pablo Has\u00e9l, en las que, por ejemplo, amenazaba al alcalde de Lleida: \u201c\u2026malnacido, te mereces un disparo, te apu\u00f1alar\u00e9, te arrancar\u00e9 la piel a tiras\u201d O al exlehendakari vasco: \u201c\u00a0merece que explote el coche de Patxi L\u00f3pez\u201d A los pol\u00edticos de uno y otro bando: \u201cno me da pena tu tiro en la nuca, socialista, (\u2026), no me da pena tu tiro en la nuca, socialisto\u201d Hemos de aceptar que \u00e9l, u otros artistas de su estilo, vilipendien a las mujeres, (o a los menores, o a los colectivos de una raza o religi\u00f3n determinada): \u201c\u2026vete a comer pollas, zorra hija de la gran puta\u201d (con perd\u00f3n). Vamos a confiar en que tenemos una sociedad lo suficientemente madura y tolerante como para soportar ese tipo de versos en un estilo musical como el rap que parece que lo aguanta todo. Vamos a promover las reformas penales necesarias\u00a0 para despenalizar, o al menos suprimir la prisi\u00f3n ante esas conductas. He escrito varias veces al respecto en este mismo\u00a0blog. Pero cuando en 2007 un famoso cantante de cuyo nombre no quiero acordarme mont\u00f3 un\u00a0l\u00edo\u00a0considerable en un avi\u00f3n porque al parecer \u00e9l y sus amigos hab\u00edan bebido demasiado, se enfrent\u00f3 a la tripulaci\u00f3n y oblig\u00f3 al comandante a volver al aeropuerto de origen donde fue detenido por la Guardia Civil por el altercado, a nadie se le ocurri\u00f3 inundar las calles de manifestaciones de protesta. Como estas que hemos visto estos d\u00edas en muchos lugares de Espa\u00f1a, especialmente en Catalunya, en las que se han infiltrado grupos de v\u00e1ndalos que han destrozado comisar\u00edas, comercios, sem\u00e1foros, se\u00f1ales y contenedores. Ser artista no te da inmunidad para delinquir, para agredir, para evadir impuestos (\u00bfhacemos una lista?), para saltarse la ley, en definitiva. Pablo Has\u00e9l no merece la c\u00e1rcel por sus letras (quiz\u00e1 m\u00e1s bien merecer\u00eda el olvido o cuando menos la indiferencia). Pero s\u00ed por agredir a periodistas, a testigos en un juicio, o por no abonar las multas que le impusieron precisamente para que no ingresara en prisi\u00f3n. O por cualquier otro delito por el que ser\u00edamos castigados el resto de los mortales. Convertirlo en un m\u00e1rtir de la libertad de expresi\u00f3n es lo m\u00e1s rid\u00edculo que nos ha ocurrido en los \u00faltimos a\u00f1os en Espa\u00f1a. Pablo Has\u00e9l, como el rap, no es m\u00e1s que una coartada, no una excusa para justificar lo injustificable: la violencia desatada de estos \u00faltimos d\u00edas. Como dir\u00eda (cantando, no rapeando) el gran Raimon, \u201cno, diguem no, nosaltres no som d\u2019eixe m\u00f3n\u201d.<\/p>\n","protected":false},"author":5,"featured_media":45541,"comment_status":"open","ping_status":"open","sticky":false,"template":"","format":"standard","meta":{"_FSMCFIC_featured_image_caption":"","_FSMCFIC_featured_image_nocaption":"","_FSMCFIC_featured_image_hide":"","footnotes":""},"categories":[804],"tags":[3467],"class_list":["post-45540","post","type-post","status-publish","format-standard","has-post-thumbnail","hentry","category-opinem-es","tag-pablo-hasel-es"],"yoast_head":"<!-- This site is optimized with the Yoast SEO plugin v26.8 - https:\/\/yoast.com\/product\/yoast-seo-wordpress\/ -->\n<title>&quot;No me da pena tu tiro en la nuca&quot; - Converses a Catalunya<\/title>\n<meta name=\"robots\" content=\"noindex, nofollow\" \/>\n<meta property=\"og:locale\" content=\"es_ES\" \/>\n<meta property=\"og:type\" content=\"article\" \/>\n<meta property=\"og:title\" content=\"&quot;No me da pena tu tiro en la nuca&quot; - Converses a Catalunya\" \/>\n<meta property=\"og:description\" content=\"El rap es un g\u00e9nero musical peculiar. Un h\u00edbrido, que surge del \u201crecitado r\u00edtmico de las letras, que no se cantan\u201d. Podr\u00edamos decir que mezcla poes\u00eda (de mayor o menor calidad), ritmos y un fondo musical como acompa\u00f1amiento.\u00a0(\u201cel rap\u201d) Aparece en los Estados Unidos hacia la mitad del siglo XX, asociado a minor\u00edas raciales afroamericanas, aunque poco a poco se extiende por todo el mundo, sin distinci\u00f3n de razas o culturas. Normalmente sus letras tienen un componente social de denuncia. De hecho, surgi\u00f3 en zonas marginales como expresi\u00f3n de rebeld\u00eda, con letras agresivas, una especie de grito contra la injusticia y la desigualdad. Contra el racismo y cualquier clase de discriminaci\u00f3n. Hay que ser generoso por tanto al interpretar sus letras dentro del \u00e1mbito art\u00edstico, y entender que estamos en el \u00e1mbito de lo metaf\u00f3rico. Algo as\u00ed como una serie de ficci\u00f3n realista, que pretende reflejar la realidad, pero no por ello deja ser ficci\u00f3n. En ese contexto, podemos hacer un esfuerzo para entender frases como las que ha escrito Pau Rivadulla, conocido art\u00edsticamente como Pablo Has\u00e9l, en las que, por ejemplo, amenazaba al alcalde de Lleida: \u201c\u2026malnacido, te mereces un disparo, te apu\u00f1alar\u00e9, te arrancar\u00e9 la piel a tiras\u201d O al exlehendakari vasco: \u201c\u00a0merece que explote el coche de Patxi L\u00f3pez\u201d A los pol\u00edticos de uno y otro bando: \u201cno me da pena tu tiro en la nuca, socialista, (\u2026), no me da pena tu tiro en la nuca, socialisto\u201d Hemos de aceptar que \u00e9l, u otros artistas de su estilo, vilipendien a las mujeres, (o a los menores, o a los colectivos de una raza o religi\u00f3n determinada): \u201c\u2026vete a comer pollas, zorra hija de la gran puta\u201d (con perd\u00f3n). Vamos a confiar en que tenemos una sociedad lo suficientemente madura y tolerante como para soportar ese tipo de versos en un estilo musical como el rap que parece que lo aguanta todo. Vamos a promover las reformas penales necesarias\u00a0 para despenalizar, o al menos suprimir la prisi\u00f3n ante esas conductas. He escrito varias veces al respecto en este mismo\u00a0blog. Pero cuando en 2007 un famoso cantante de cuyo nombre no quiero acordarme mont\u00f3 un\u00a0l\u00edo\u00a0considerable en un avi\u00f3n porque al parecer \u00e9l y sus amigos hab\u00edan bebido demasiado, se enfrent\u00f3 a la tripulaci\u00f3n y oblig\u00f3 al comandante a volver al aeropuerto de origen donde fue detenido por la Guardia Civil por el altercado, a nadie se le ocurri\u00f3 inundar las calles de manifestaciones de protesta. Como estas que hemos visto estos d\u00edas en muchos lugares de Espa\u00f1a, especialmente en Catalunya, en las que se han infiltrado grupos de v\u00e1ndalos que han destrozado comisar\u00edas, comercios, sem\u00e1foros, se\u00f1ales y contenedores. Ser artista no te da inmunidad para delinquir, para agredir, para evadir impuestos (\u00bfhacemos una lista?), para saltarse la ley, en definitiva. Pablo Has\u00e9l no merece la c\u00e1rcel por sus letras (quiz\u00e1 m\u00e1s bien merecer\u00eda el olvido o cuando menos la indiferencia). Pero s\u00ed por agredir a periodistas, a testigos en un juicio, o por no abonar las multas que le impusieron precisamente para que no ingresara en prisi\u00f3n. O por cualquier otro delito por el que ser\u00edamos castigados el resto de los mortales. Convertirlo en un m\u00e1rtir de la libertad de expresi\u00f3n es lo m\u00e1s rid\u00edculo que nos ha ocurrido en los \u00faltimos a\u00f1os en Espa\u00f1a. Pablo Has\u00e9l, como el rap, no es m\u00e1s que una coartada, no una excusa para justificar lo injustificable: la violencia desatada de estos \u00faltimos d\u00edas. Como dir\u00eda (cantando, no rapeando) el gran Raimon, \u201cno, diguem no, nosaltres no som d\u2019eixe m\u00f3n\u201d.\" \/>\n<meta property=\"og:url\" content=\"https:\/\/conversesacatalunya.cat\/es\/no-me-da-pena-tu-tiro-en-la-nuca\/\" \/>\n<meta property=\"og:site_name\" content=\"Converses a Catalunya\" \/>\n<meta property=\"article:published_time\" content=\"2021-03-01T07:58:06+00:00\" \/>\n<meta property=\"article:modified_time\" content=\"2024-01-22T13:13:36+00:00\" \/>\n<meta property=\"og:image\" content=\"https:\/\/conversesacatalunya.cat\/wp-content\/uploads\/2021\/03\/Hasel-Llibertat-scaled.jpg\" \/>\n\t<meta property=\"og:image:width\" content=\"2560\" \/>\n\t<meta property=\"og:image:height\" content=\"1920\" \/>\n\t<meta property=\"og:image:type\" content=\"image\/jpeg\" \/>\n<meta name=\"author\" content=\"Josep Manel Silva\" \/>\n<meta name=\"twitter:card\" content=\"summary_large_image\" \/>\n<meta name=\"twitter:label1\" content=\"Escrito por\" \/>\n\t<meta name=\"twitter:data1\" content=\"Josep Manel Silva\" \/>\n\t<meta name=\"twitter:label2\" content=\"Tiempo de lectura\" \/>\n\t<meta name=\"twitter:data2\" content=\"3 minutos\" \/>\n<script type=\"application\/ld+json\" class=\"yoast-schema-graph\">{\"@context\":\"https:\/\/schema.org\",\"@graph\":[{\"@type\":\"Article\",\"@id\":\"https:\/\/conversesacatalunya.cat\/es\/no-me-da-pena-tu-tiro-en-la-nuca\/#article\",\"isPartOf\":{\"@id\":\"https:\/\/conversesacatalunya.cat\/es\/no-me-da-pena-tu-tiro-en-la-nuca\/\"},\"author\":{\"name\":\"Josep Manel Silva\",\"@id\":\"https:\/\/conversesacatalunya.cat\/#\/schema\/person\/002600efd43d2fd853533142f835a7d0\"},\"headline\":\"\u00abNo me da pena tu tiro en la nuca\u00bb\",\"datePublished\":\"2021-03-01T07:58:06+00:00\",\"dateModified\":\"2024-01-22T13:13:36+00:00\",\"mainEntityOfPage\":{\"@id\":\"https:\/\/conversesacatalunya.cat\/es\/no-me-da-pena-tu-tiro-en-la-nuca\/\"},\"wordCount\":688,\"commentCount\":0,\"image\":{\"@id\":\"https:\/\/conversesacatalunya.cat\/es\/no-me-da-pena-tu-tiro-en-la-nuca\/#primaryimage\"},\"thumbnailUrl\":\"https:\/\/conversesacatalunya.cat\/wp-content\/uploads\/2021\/03\/Hasel-Llibertat-scaled.jpg\",\"keywords\":[\"Pablo Has\u00e9l\"],\"articleSection\":[\"Opinem (ES)\"],\"inLanguage\":\"es\",\"potentialAction\":[{\"@type\":\"CommentAction\",\"name\":\"Comment\",\"target\":[\"https:\/\/conversesacatalunya.cat\/es\/no-me-da-pena-tu-tiro-en-la-nuca\/#respond\"]}]},{\"@type\":\"WebPage\",\"@id\":\"https:\/\/conversesacatalunya.cat\/es\/no-me-da-pena-tu-tiro-en-la-nuca\/\",\"url\":\"https:\/\/conversesacatalunya.cat\/es\/no-me-da-pena-tu-tiro-en-la-nuca\/\",\"name\":\"\\\"No me da pena tu tiro en la nuca\\\" - Converses a Catalunya\",\"isPartOf\":{\"@id\":\"https:\/\/conversesacatalunya.cat\/#website\"},\"primaryImageOfPage\":{\"@id\":\"https:\/\/conversesacatalunya.cat\/es\/no-me-da-pena-tu-tiro-en-la-nuca\/#primaryimage\"},\"image\":{\"@id\":\"https:\/\/conversesacatalunya.cat\/es\/no-me-da-pena-tu-tiro-en-la-nuca\/#primaryimage\"},\"thumbnailUrl\":\"https:\/\/conversesacatalunya.cat\/wp-content\/uploads\/2021\/03\/Hasel-Llibertat-scaled.jpg\",\"datePublished\":\"2021-03-01T07:58:06+00:00\",\"dateModified\":\"2024-01-22T13:13:36+00:00\",\"author\":{\"@id\":\"https:\/\/conversesacatalunya.cat\/#\/schema\/person\/002600efd43d2fd853533142f835a7d0\"},\"breadcrumb\":{\"@id\":\"https:\/\/conversesacatalunya.cat\/es\/no-me-da-pena-tu-tiro-en-la-nuca\/#breadcrumb\"},\"inLanguage\":\"es\",\"potentialAction\":[{\"@type\":\"ReadAction\",\"target\":[\"https:\/\/conversesacatalunya.cat\/es\/no-me-da-pena-tu-tiro-en-la-nuca\/\"]}]},{\"@type\":\"ImageObject\",\"inLanguage\":\"es\",\"@id\":\"https:\/\/conversesacatalunya.cat\/es\/no-me-da-pena-tu-tiro-en-la-nuca\/#primaryimage\",\"url\":\"https:\/\/conversesacatalunya.cat\/wp-content\/uploads\/2021\/03\/Hasel-Llibertat-scaled.jpg\",\"contentUrl\":\"https:\/\/conversesacatalunya.cat\/wp-content\/uploads\/2021\/03\/Hasel-Llibertat-scaled.jpg\",\"width\":2560,\"height\":1920,\"caption\":\"Has\u00e9l\"},{\"@type\":\"BreadcrumbList\",\"@id\":\"https:\/\/conversesacatalunya.cat\/es\/no-me-da-pena-tu-tiro-en-la-nuca\/#breadcrumb\",\"itemListElement\":[{\"@type\":\"ListItem\",\"position\":1,\"name\":\"Inici\",\"item\":\"https:\/\/conversesacatalunya.cat\/es\/\"},{\"@type\":\"ListItem\",\"position\":2,\"name\":\"&#8220;No me da pena tu tiro en la nuca&#8221;\"}]},{\"@type\":\"WebSite\",\"@id\":\"https:\/\/conversesacatalunya.cat\/#website\",\"url\":\"https:\/\/conversesacatalunya.cat\/\",\"name\":\"Converses a Catalunya\",\"description\":\"\",\"potentialAction\":[{\"@type\":\"SearchAction\",\"target\":{\"@type\":\"EntryPoint\",\"urlTemplate\":\"https:\/\/conversesacatalunya.cat\/?s={search_term_string}\"},\"query-input\":{\"@type\":\"PropertyValueSpecification\",\"valueRequired\":true,\"valueName\":\"search_term_string\"}}],\"inLanguage\":\"es\"},{\"@type\":\"Person\",\"@id\":\"https:\/\/conversesacatalunya.cat\/#\/schema\/person\/002600efd43d2fd853533142f835a7d0\",\"name\":\"Josep Manel Silva\",\"image\":{\"@type\":\"ImageObject\",\"inLanguage\":\"es\",\"@id\":\"https:\/\/conversesacatalunya.cat\/#\/schema\/person\/image\/\",\"url\":\"https:\/\/conversesacatalunya.cat\/wp-content\/litespeed\/avatar\/185e68439f2852088c1bbbab53e0e4c5.jpg?ver=1777384733\",\"contentUrl\":\"https:\/\/conversesacatalunya.cat\/wp-content\/litespeed\/avatar\/185e68439f2852088c1bbbab53e0e4c5.jpg?ver=1777384733\",\"caption\":\"Josep Manel Silva\"},\"url\":\"https:\/\/conversesacatalunya.cat\/es\/author\/josep-manel-silva\/\"}]}<\/script>\n<!-- \/ Yoast SEO plugin. -->","yoast_head_json":{"title":"\"No me da pena tu tiro en la nuca\" - Converses a Catalunya","robots":{"index":"noindex","follow":"nofollow"},"og_locale":"es_ES","og_type":"article","og_title":"\"No me da pena tu tiro en la nuca\" - Converses a Catalunya","og_description":"El rap es un g\u00e9nero musical peculiar. Un h\u00edbrido, que surge del \u201crecitado r\u00edtmico de las letras, que no se cantan\u201d. Podr\u00edamos decir que mezcla poes\u00eda (de mayor o menor calidad), ritmos y un fondo musical como acompa\u00f1amiento.\u00a0(\u201cel rap\u201d) Aparece en los Estados Unidos hacia la mitad del siglo XX, asociado a minor\u00edas raciales afroamericanas, aunque poco a poco se extiende por todo el mundo, sin distinci\u00f3n de razas o culturas. Normalmente sus letras tienen un componente social de denuncia. De hecho, surgi\u00f3 en zonas marginales como expresi\u00f3n de rebeld\u00eda, con letras agresivas, una especie de grito contra la injusticia y la desigualdad. Contra el racismo y cualquier clase de discriminaci\u00f3n. Hay que ser generoso por tanto al interpretar sus letras dentro del \u00e1mbito art\u00edstico, y entender que estamos en el \u00e1mbito de lo metaf\u00f3rico. Algo as\u00ed como una serie de ficci\u00f3n realista, que pretende reflejar la realidad, pero no por ello deja ser ficci\u00f3n. En ese contexto, podemos hacer un esfuerzo para entender frases como las que ha escrito Pau Rivadulla, conocido art\u00edsticamente como Pablo Has\u00e9l, en las que, por ejemplo, amenazaba al alcalde de Lleida: \u201c\u2026malnacido, te mereces un disparo, te apu\u00f1alar\u00e9, te arrancar\u00e9 la piel a tiras\u201d O al exlehendakari vasco: \u201c\u00a0merece que explote el coche de Patxi L\u00f3pez\u201d A los pol\u00edticos de uno y otro bando: \u201cno me da pena tu tiro en la nuca, socialista, (\u2026), no me da pena tu tiro en la nuca, socialisto\u201d Hemos de aceptar que \u00e9l, u otros artistas de su estilo, vilipendien a las mujeres, (o a los menores, o a los colectivos de una raza o religi\u00f3n determinada): \u201c\u2026vete a comer pollas, zorra hija de la gran puta\u201d (con perd\u00f3n). Vamos a confiar en que tenemos una sociedad lo suficientemente madura y tolerante como para soportar ese tipo de versos en un estilo musical como el rap que parece que lo aguanta todo. Vamos a promover las reformas penales necesarias\u00a0 para despenalizar, o al menos suprimir la prisi\u00f3n ante esas conductas. He escrito varias veces al respecto en este mismo\u00a0blog. Pero cuando en 2007 un famoso cantante de cuyo nombre no quiero acordarme mont\u00f3 un\u00a0l\u00edo\u00a0considerable en un avi\u00f3n porque al parecer \u00e9l y sus amigos hab\u00edan bebido demasiado, se enfrent\u00f3 a la tripulaci\u00f3n y oblig\u00f3 al comandante a volver al aeropuerto de origen donde fue detenido por la Guardia Civil por el altercado, a nadie se le ocurri\u00f3 inundar las calles de manifestaciones de protesta. Como estas que hemos visto estos d\u00edas en muchos lugares de Espa\u00f1a, especialmente en Catalunya, en las que se han infiltrado grupos de v\u00e1ndalos que han destrozado comisar\u00edas, comercios, sem\u00e1foros, se\u00f1ales y contenedores. Ser artista no te da inmunidad para delinquir, para agredir, para evadir impuestos (\u00bfhacemos una lista?), para saltarse la ley, en definitiva. Pablo Has\u00e9l no merece la c\u00e1rcel por sus letras (quiz\u00e1 m\u00e1s bien merecer\u00eda el olvido o cuando menos la indiferencia). Pero s\u00ed por agredir a periodistas, a testigos en un juicio, o por no abonar las multas que le impusieron precisamente para que no ingresara en prisi\u00f3n. O por cualquier otro delito por el que ser\u00edamos castigados el resto de los mortales. Convertirlo en un m\u00e1rtir de la libertad de expresi\u00f3n es lo m\u00e1s rid\u00edculo que nos ha ocurrido en los \u00faltimos a\u00f1os en Espa\u00f1a. Pablo Has\u00e9l, como el rap, no es m\u00e1s que una coartada, no una excusa para justificar lo injustificable: la violencia desatada de estos \u00faltimos d\u00edas. Como dir\u00eda (cantando, no rapeando) el gran Raimon, \u201cno, diguem no, nosaltres no som d\u2019eixe m\u00f3n\u201d.","og_url":"https:\/\/conversesacatalunya.cat\/es\/no-me-da-pena-tu-tiro-en-la-nuca\/","og_site_name":"Converses a Catalunya","article_published_time":"2021-03-01T07:58:06+00:00","article_modified_time":"2024-01-22T13:13:36+00:00","og_image":[{"width":2560,"height":1920,"url":"https:\/\/conversesacatalunya.cat\/wp-content\/uploads\/2021\/03\/Hasel-Llibertat-scaled.jpg","type":"image\/jpeg"}],"author":"Josep Manel Silva","twitter_card":"summary_large_image","twitter_misc":{"Escrito por":"Josep Manel Silva","Tiempo de lectura":"3 minutos"},"schema":{"@context":"https:\/\/schema.org","@graph":[{"@type":"Article","@id":"https:\/\/conversesacatalunya.cat\/es\/no-me-da-pena-tu-tiro-en-la-nuca\/#article","isPartOf":{"@id":"https:\/\/conversesacatalunya.cat\/es\/no-me-da-pena-tu-tiro-en-la-nuca\/"},"author":{"name":"Josep Manel Silva","@id":"https:\/\/conversesacatalunya.cat\/#\/schema\/person\/002600efd43d2fd853533142f835a7d0"},"headline":"\u00abNo me da pena tu tiro en la nuca\u00bb","datePublished":"2021-03-01T07:58:06+00:00","dateModified":"2024-01-22T13:13:36+00:00","mainEntityOfPage":{"@id":"https:\/\/conversesacatalunya.cat\/es\/no-me-da-pena-tu-tiro-en-la-nuca\/"},"wordCount":688,"commentCount":0,"image":{"@id":"https:\/\/conversesacatalunya.cat\/es\/no-me-da-pena-tu-tiro-en-la-nuca\/#primaryimage"},"thumbnailUrl":"https:\/\/conversesacatalunya.cat\/wp-content\/uploads\/2021\/03\/Hasel-Llibertat-scaled.jpg","keywords":["Pablo Has\u00e9l"],"articleSection":["Opinem (ES)"],"inLanguage":"es","potentialAction":[{"@type":"CommentAction","name":"Comment","target":["https:\/\/conversesacatalunya.cat\/es\/no-me-da-pena-tu-tiro-en-la-nuca\/#respond"]}]},{"@type":"WebPage","@id":"https:\/\/conversesacatalunya.cat\/es\/no-me-da-pena-tu-tiro-en-la-nuca\/","url":"https:\/\/conversesacatalunya.cat\/es\/no-me-da-pena-tu-tiro-en-la-nuca\/","name":"\"No me da pena tu tiro en la nuca\" - Converses a Catalunya","isPartOf":{"@id":"https:\/\/conversesacatalunya.cat\/#website"},"primaryImageOfPage":{"@id":"https:\/\/conversesacatalunya.cat\/es\/no-me-da-pena-tu-tiro-en-la-nuca\/#primaryimage"},"image":{"@id":"https:\/\/conversesacatalunya.cat\/es\/no-me-da-pena-tu-tiro-en-la-nuca\/#primaryimage"},"thumbnailUrl":"https:\/\/conversesacatalunya.cat\/wp-content\/uploads\/2021\/03\/Hasel-Llibertat-scaled.jpg","datePublished":"2021-03-01T07:58:06+00:00","dateModified":"2024-01-22T13:13:36+00:00","author":{"@id":"https:\/\/conversesacatalunya.cat\/#\/schema\/person\/002600efd43d2fd853533142f835a7d0"},"breadcrumb":{"@id":"https:\/\/conversesacatalunya.cat\/es\/no-me-da-pena-tu-tiro-en-la-nuca\/#breadcrumb"},"inLanguage":"es","potentialAction":[{"@type":"ReadAction","target":["https:\/\/conversesacatalunya.cat\/es\/no-me-da-pena-tu-tiro-en-la-nuca\/"]}]},{"@type":"ImageObject","inLanguage":"es","@id":"https:\/\/conversesacatalunya.cat\/es\/no-me-da-pena-tu-tiro-en-la-nuca\/#primaryimage","url":"https:\/\/conversesacatalunya.cat\/wp-content\/uploads\/2021\/03\/Hasel-Llibertat-scaled.jpg","contentUrl":"https:\/\/conversesacatalunya.cat\/wp-content\/uploads\/2021\/03\/Hasel-Llibertat-scaled.jpg","width":2560,"height":1920,"caption":"Has\u00e9l"},{"@type":"BreadcrumbList","@id":"https:\/\/conversesacatalunya.cat\/es\/no-me-da-pena-tu-tiro-en-la-nuca\/#breadcrumb","itemListElement":[{"@type":"ListItem","position":1,"name":"Inici","item":"https:\/\/conversesacatalunya.cat\/es\/"},{"@type":"ListItem","position":2,"name":"&#8220;No me da pena tu tiro en la nuca&#8221;"}]},{"@type":"WebSite","@id":"https:\/\/conversesacatalunya.cat\/#website","url":"https:\/\/conversesacatalunya.cat\/","name":"Converses a Catalunya","description":"","potentialAction":[{"@type":"SearchAction","target":{"@type":"EntryPoint","urlTemplate":"https:\/\/conversesacatalunya.cat\/?s={search_term_string}"},"query-input":{"@type":"PropertyValueSpecification","valueRequired":true,"valueName":"search_term_string"}}],"inLanguage":"es"},{"@type":"Person","@id":"https:\/\/conversesacatalunya.cat\/#\/schema\/person\/002600efd43d2fd853533142f835a7d0","name":"Josep Manel Silva","image":{"@type":"ImageObject","inLanguage":"es","@id":"https:\/\/conversesacatalunya.cat\/#\/schema\/person\/image\/","url":"https:\/\/conversesacatalunya.cat\/wp-content\/litespeed\/avatar\/185e68439f2852088c1bbbab53e0e4c5.jpg?ver=1777384733","contentUrl":"https:\/\/conversesacatalunya.cat\/wp-content\/litespeed\/avatar\/185e68439f2852088c1bbbab53e0e4c5.jpg?ver=1777384733","caption":"Josep Manel Silva"},"url":"https:\/\/conversesacatalunya.cat\/es\/author\/josep-manel-silva\/"}]}},"wps_subtitle":"Pablo Has\u00e9l no merece la c\u00e1rcel por sus letras (quiz\u00e1 m\u00e1s bien merecer\u00eda el olvido o cuando menos la indiferencia)","_links":{"self":[{"href":"https:\/\/conversesacatalunya.cat\/es\/wp-json\/wp\/v2\/posts\/45540","targetHints":{"allow":["GET"]}}],"collection":[{"href":"https:\/\/conversesacatalunya.cat\/es\/wp-json\/wp\/v2\/posts"}],"about":[{"href":"https:\/\/conversesacatalunya.cat\/es\/wp-json\/wp\/v2\/types\/post"}],"author":[{"embeddable":true,"href":"https:\/\/conversesacatalunya.cat\/es\/wp-json\/wp\/v2\/users\/5"}],"replies":[{"embeddable":true,"href":"https:\/\/conversesacatalunya.cat\/es\/wp-json\/wp\/v2\/comments?post=45540"}],"version-history":[{"count":5,"href":"https:\/\/conversesacatalunya.cat\/es\/wp-json\/wp\/v2\/posts\/45540\/revisions"}],"predecessor-version":[{"id":45547,"href":"https:\/\/conversesacatalunya.cat\/es\/wp-json\/wp\/v2\/posts\/45540\/revisions\/45547"}],"wp:featuredmedia":[{"embeddable":true,"href":"https:\/\/conversesacatalunya.cat\/es\/wp-json\/wp\/v2\/media\/45541"}],"wp:attachment":[{"href":"https:\/\/conversesacatalunya.cat\/es\/wp-json\/wp\/v2\/media?parent=45540"}],"wp:term":[{"taxonomy":"category","embeddable":true,"href":"https:\/\/conversesacatalunya.cat\/es\/wp-json\/wp\/v2\/categories?post=45540"},{"taxonomy":"post_tag","embeddable":true,"href":"https:\/\/conversesacatalunya.cat\/es\/wp-json\/wp\/v2\/tags?post=45540"}],"curies":[{"name":"wp","href":"https:\/\/api.w.org\/{rel}","templated":true}]}}