{"id":45481,"date":"2021-02-25T13:07:56","date_gmt":"2021-02-25T12:07:56","guid":{"rendered":"https:\/\/conversesacatalunya.cat\/pandemia-el-panorama-no-sacaba-daclarir\/"},"modified":"2021-02-25T15:34:54","modified_gmt":"2021-02-25T14:34:54","slug":"pandemia-el-panorama-no-se-acaba-de-esclarecer","status":"publish","type":"post","link":"https:\/\/conversesacatalunya.cat\/es\/pandemia-el-panorama-no-se-acaba-de-esclarecer\/","title":{"rendered":"Pandemia: el panorama no se acaba de aclarar"},"content":{"rendered":"<p><span>Todos los an\u00e1lisis econ\u00f3micos son concluyentes.\u00a0El primer semestre del a\u00f1o est\u00e1 perdido y el crecimiento ser\u00e1 muy escaso.\u00a0Por lo tanto, la pretendida\u00a0<\/span><strong><span>recuperaci\u00f3n en \u00abV\u00bb a\u00fan no se perfila<\/span><\/strong><span>.\u00a0La clave para que se produzca en el segundo semestre es el turismo y esto significa claramente una remisi\u00f3n muy importante de la Covid-19, tanto en los pa\u00edses emisores (y aqu\u00ed las se\u00f1ales que emite el Reino Unido son buenas), como en los receptores, y en nuestro caso la cosa no est\u00e1 tan clara.<\/span><\/p>\n<p><span>Mientras que el gobierno S\u00e1nchez contin\u00faa empe\u00f1ado en afirmar que al final del verano habr\u00e1 vacunado al 70% de la poblaci\u00f3n, la sanidad catalana ya afirma, y aunque puede haber dudas, que a 3 de junio habr\u00e1 vacunado de manera <\/span><strong><span>completa al 40%<\/span><\/strong><span>.\u00a0Esto significa un ritmo de vacunaci\u00f3n desde inicios de febrero de como mucho un 7% mensual.\u00a0Naturalmente si esto se mantiene en estos t\u00e9rminos, dado adem\u00e1s las vacaciones de agosto, entrar\u00edamos en septiembre con no mucho m\u00e1s del\u00a0<\/span><strong><span>55% de la poblaci\u00f3n vacunada<\/span><\/strong><span>\u00a0y, obviamente, se habr\u00eda desarrollado el verano con un porcentaje de inmunidades muy por debajo de la cifra que determina la inmunidad de grupo.<\/span><\/p>\n<p><span>Por si fuera poco, hay que considerar que la ministra de Sanidad,\u00a0<\/span><strong><span>Carolina Darias<\/span><\/strong><span>, no descarta que el pr\u00f3ximo a\u00f1o se tenga que\u00a0<\/span><strong><span>volver a revacunar<\/span><\/strong><span> a todos porque se desconoce el periodo de inmunidad que aportan las vacunas y, adem\u00e1s, existe la interrogante sobre su efectividad contra las mutaciones que se van produciendo. Por si acaso, la Uni\u00f3n Europea ya reserva dosis para el pr\u00f3ximo a\u00f1o por el temor a las mutaciones del virus.<\/span><\/p>\n<p><span>En el caso concreto catal\u00e1n, y a pesar de que a partir del lunes se producir\u00e1 una cierta relajaci\u00f3n, la situaci\u00f3n est\u00e1 muy estancada. No empeora pero tampoco mejora, a pesar de las serias restricciones que imperan, y posiblemente esto tenga que ver con el terreno ganado por la variante brit\u00e1nica que se considera que ya origina el <\/span><strong><span>40% de los casos<\/span><\/strong><span>, cifra que llega al 92% en la Vall d&#8217;Aran. Hay que decir, sin embargo, que estas cifras hay que cogerlas con pinzas porque Catalu\u00f1a como toda Espa\u00f1a es d\u00e9bil en su capacidad de secuenciar el genoma, pr\u00e1ctica necesaria para determinar cu\u00e1l es la variante de virus que afecta a la persona en cuesti\u00f3n.<\/span><\/p>\n<p><span>Seguramente, sin embargo, la fecha m\u00e1s preocupante ante una cierta apertura es la capacidad de transmisi\u00f3n del virus,\u00a0<\/span><strong><span>la tasa R que est\u00e1 en el 0,99<\/span><\/strong><span>, a efectos pr\u00e1cticos 1, que significa que cada enfermo infecta a otro, y que se\u00f1ala una situaci\u00f3n estable. Si esto se produce a pesar de las restricciones, es evidente que hay razones que mueven a la preocupaci\u00f3n.<\/span><\/p>\n<p><span>Pero es que adem\u00e1s, y se desconocen las causas, el departamento de Salud ha reducido sensiblemente las pruebas diagn\u00f3sticas, lo que ha roto la serie sobre los casos confirmados, porque es necesario que el n\u00famero de pruebas sea m\u00e1s o menos regular para que los casos confirmados expresen realmente una tendencia, si aquellas suben y bajan, la imagen que obtendremos puede ser muy enga\u00f1osa.\u00a0<\/span><strong><span>Josep Maria Argimon<\/span><\/strong><span> ha asegurado que reemprender\u00e1n los cribados, pero seguimos sin disponer de un plan sistem\u00e1tico y masivo que permita un buen control.<\/span><\/p>\n<p><span><span class=\"goog-text-highlight\">Por poner una referencia, se dice que una gran parte de los contagios se producen en la familia, pero no se explica c\u00f3mo el contagiado n\u00famero 1 ha contra\u00eddo el coronavirus fuera de casa, y este es el punto d\u00e9bil. Afirmar, como se hace, que el transporte p\u00fablico es totalmente seguro, es pura propaganda pol\u00edtica, porque en contra de lo que ser\u00eda l\u00f3gico, <\/span><\/span><strong><span><span class=\"goog-text-highlight\">no se llevan a cabo cribados aleatorios a los viajeros<\/span><\/span><\/strong><span><span class=\"goog-text-highlight\"> del sistema p\u00fablico de transportes que permitir\u00edan ver cu\u00e1l es el escenario real. Si a esta omisi\u00f3n en el plan de cribados se le a\u00f1ade la debilidad no superada en la capacidad de detectar las cadenas de contagio y efectuar un control efectivo de la cuarentena de los contagiados, constataremos que la situaci\u00f3n catalana est\u00e1 desgraciadamente llena de incertidumbres.<\/span><\/span><\/p>\n<p><span>Tampoco se entiende demasiado por qu\u00e9 el responsable del departamento de Salud, Argimon (olvid\u00e9monos de Alba Verg\u00e8s), no quiere utilizar farmacias ni dentistas para hacer cribados r\u00e1pidos, como s\u00ed se est\u00e1 haciendo en Madrid. En definitiva, panorama incierto y demasiados agujeros a\u00fan sobre la mesa.<\/span><\/p>\n<p style=\"text-align: center;\">M\u00e9s informaci\u00f3 sobre el coronavirus a <a href=\"https:\/\/conversesacatalunya.cat\/coronavirus\/\"><strong>ESPECIAL CORONAVIRUS<\/strong><\/a><\/p>\n<div id=\"polls-93\" class=\"wp-polls\">\n\t<form id=\"polls_form_93\" class=\"wp-polls-form\" action=\"\/index.php\" method=\"post\">\n\t\t<p style=\"display: none;\"><input type=\"hidden\" id=\"poll_93_nonce\" name=\"wp-polls-nonce\" value=\"95d8b48142\" \/><\/p>\n\t\t<p style=\"display: none;\"><input type=\"hidden\" name=\"poll_id\" value=\"93\" \/><\/p>\n\t\t<p style=\"text-align: center\"><strong>Creus que el Govern de la Generalitat gestiona b\u00e9 la compet\u00e8ncia sobre ordre p\u00fablic i seguretat ciutadana?<\/strong><\/p><div id=\"polls-93-ans\" class=\"wp-polls-ans\"><ul class=\"wp-polls-ul\">\n\t\t<li><input type=\"radio\" id=\"poll-answer-216\" name=\"poll_93\" value=\"216\" \/> <label for=\"poll-answer-216\">Si<\/label><\/li>\n\t\t<li><input type=\"radio\" id=\"poll-answer-217\" name=\"poll_93\" value=\"217\" \/> <label for=\"poll-answer-217\">No<\/label><\/li>\n\t\t<li><input type=\"radio\" id=\"poll-answer-218\" name=\"poll_93\" value=\"218\" \/> <label for=\"poll-answer-218\">No ho s\u00e9<\/label><\/li>\n\t\t<\/ul><p style=\"text-align: center\"><input type=\"button\" name=\"vote\" value=\"   Vota   \" class=\"Buttons\" onclick=\"poll_vote(93);\" \/><\/p><p style=\"text-align: center\"><a href=\"#ViewPollResults\" onclick=\"poll_result(93); return false;\" title=\"View Results Of This Poll\">Mira els resultats<\/a><\/p><\/div>\n\t<\/form>\n<\/div>\n<div id=\"polls-93-loading\" class=\"wp-polls-loading\"><img decoding=\"async\" data-src=\"https:\/\/conversesacatalunya.cat\/wp-content\/plugins\/wp-polls\/images\/loading.gif\" width=\"16\" height=\"16\" alt=\"Cargando ...\" title=\"Cargando ...\" class=\"wp-polls-image lazyload\" src=\"data:image\/svg+xml;base64,PHN2ZyB3aWR0aD0iMSIgaGVpZ2h0PSIxIiB4bWxucz0iaHR0cDovL3d3dy53My5vcmcvMjAwMC9zdmciPjwvc3ZnPg==\" style=\"--smush-placeholder-width: 16px; --smush-placeholder-aspect-ratio: 16\/16;\" \/>&nbsp;Cargando ...<\/div>\n\n","protected":false},"excerpt":{"rendered":"<p>Todos los an\u00e1lisis econ\u00f3micos son concluyentes.\u00a0El primer semestre del a\u00f1o est\u00e1 perdido y el crecimiento ser\u00e1 muy escaso.\u00a0Por lo tanto, la pretendida\u00a0recuperaci\u00f3n en \u00abV\u00bb a\u00fan no se perfila.\u00a0La clave para que se produzca en el segundo semestre es el turismo y esto significa claramente una remisi\u00f3n muy importante de la Covid-19, tanto en los pa\u00edses emisores (y aqu\u00ed las se\u00f1ales que emite el Reino Unido son buenas), como en los receptores, y en nuestro caso la cosa no est\u00e1 tan clara. Mientras que el gobierno S\u00e1nchez contin\u00faa empe\u00f1ado en afirmar que al final del verano habr\u00e1 vacunado al 70% de la poblaci\u00f3n, la sanidad catalana ya afirma, y aunque puede haber dudas, que a 3 de junio habr\u00e1 vacunado de manera completa al 40%.\u00a0Esto significa un ritmo de vacunaci\u00f3n desde inicios de febrero de como mucho un 7% mensual.\u00a0Naturalmente si esto se mantiene en estos t\u00e9rminos, dado adem\u00e1s las vacaciones de agosto, entrar\u00edamos en septiembre con no mucho m\u00e1s del\u00a055% de la poblaci\u00f3n vacunada\u00a0y, obviamente, se habr\u00eda desarrollado el verano con un porcentaje de inmunidades muy por debajo de la cifra que determina la inmunidad de grupo. Por si fuera poco, hay que considerar que la ministra de Sanidad,\u00a0Carolina Darias, no descarta que el pr\u00f3ximo a\u00f1o se tenga que\u00a0volver a revacunar a todos porque se desconoce el periodo de inmunidad que aportan las vacunas y, adem\u00e1s, existe la interrogante sobre su efectividad contra las mutaciones que se van produciendo. Por si acaso, la Uni\u00f3n Europea ya reserva dosis para el pr\u00f3ximo a\u00f1o por el temor a las mutaciones del virus. En el caso concreto catal\u00e1n, y a pesar de que a partir del lunes se producir\u00e1 una cierta relajaci\u00f3n, la situaci\u00f3n est\u00e1 muy estancada. No empeora pero tampoco mejora, a pesar de las serias restricciones que imperan, y posiblemente esto tenga que ver con el terreno ganado por la variante brit\u00e1nica que se considera que ya origina el 40% de los casos, cifra que llega al 92% en la Vall d&#8217;Aran. Hay que decir, sin embargo, que estas cifras hay que cogerlas con pinzas porque Catalu\u00f1a como toda Espa\u00f1a es d\u00e9bil en su capacidad de secuenciar el genoma, pr\u00e1ctica necesaria para determinar cu\u00e1l es la variante de virus que afecta a la persona en cuesti\u00f3n. Seguramente, sin embargo, la fecha m\u00e1s preocupante ante una cierta apertura es la capacidad de transmisi\u00f3n del virus,\u00a0la tasa R que est\u00e1 en el 0,99, a efectos pr\u00e1cticos 1, que significa que cada enfermo infecta a otro, y que se\u00f1ala una situaci\u00f3n estable. Si esto se produce a pesar de las restricciones, es evidente que hay razones que mueven a la preocupaci\u00f3n. Pero es que adem\u00e1s, y se desconocen las causas, el departamento de Salud ha reducido sensiblemente las pruebas diagn\u00f3sticas, lo que ha roto la serie sobre los casos confirmados, porque es necesario que el n\u00famero de pruebas sea m\u00e1s o menos regular para que los casos confirmados expresen realmente una tendencia, si aquellas suben y bajan, la imagen que obtendremos puede ser muy enga\u00f1osa.\u00a0Josep Maria Argimon ha asegurado que reemprender\u00e1n los cribados, pero seguimos sin disponer de un plan sistem\u00e1tico y masivo que permita un buen control. Por poner una referencia, se dice que una gran parte de los contagios se producen en la familia, pero no se explica c\u00f3mo el contagiado n\u00famero 1 ha contra\u00eddo el coronavirus fuera de casa, y este es el punto d\u00e9bil. Afirmar, como se hace, que el transporte p\u00fablico es totalmente seguro, es pura propaganda pol\u00edtica, porque en contra de lo que ser\u00eda l\u00f3gico, no se llevan a cabo cribados aleatorios a los viajeros del sistema p\u00fablico de transportes que permitir\u00edan ver cu\u00e1l es el escenario real. Si a esta omisi\u00f3n en el plan de cribados se le a\u00f1ade la debilidad no superada en la capacidad de detectar las cadenas de contagio y efectuar un control efectivo de la cuarentena de los contagiados, constataremos que la situaci\u00f3n catalana est\u00e1 desgraciadamente llena de incertidumbres. Tampoco se entiende demasiado por qu\u00e9 el responsable del departamento de Salud, Argimon (olvid\u00e9monos de Alba Verg\u00e8s), no quiere utilizar farmacias ni dentistas para hacer cribados r\u00e1pidos, como s\u00ed se est\u00e1 haciendo en Madrid. En definitiva, panorama incierto y demasiados agujeros a\u00fan sobre la mesa. M\u00e9s informaci\u00f3 sobre el coronavirus a ESPECIAL CORONAVIRUS<\/p>\n","protected":false},"author":2,"featured_media":45473,"comment_status":"open","ping_status":"open","sticky":false,"template":"","format":"standard","meta":{"_FSMCFIC_featured_image_caption":"","_FSMCFIC_featured_image_nocaption":"","_FSMCFIC_featured_image_hide":"","footnotes":""},"categories":[1772,806],"tags":[1504],"class_list":["post-45481","post","type-post","status-publish","format-standard","has-post-thumbnail","hentry","category-especial-coronavirus-es","category-punts-claus-del-dia-es","tag-coronavirus-es"],"yoast_head":"<!-- This site is optimized with the Yoast SEO plugin v26.8 - https:\/\/yoast.com\/product\/yoast-seo-wordpress\/ -->\n<title>Pandemia: el panorama no se acaba de aclarar - Converses a Catalunya<\/title>\n<meta name=\"robots\" content=\"index, follow, max-snippet:-1, max-image-preview:large, max-video-preview:-1\" \/>\n<link rel=\"canonical\" href=\"https:\/\/conversesacatalunya.cat\/es\/pandemia-el-panorama-no-se-acaba-de-esclarecer\/\" \/>\n<meta property=\"og:locale\" content=\"es_ES\" \/>\n<meta property=\"og:type\" content=\"article\" \/>\n<meta property=\"og:title\" content=\"Pandemia: el panorama no se acaba de aclarar - Converses a Catalunya\" \/>\n<meta property=\"og:description\" content=\"Todos los an\u00e1lisis econ\u00f3micos son concluyentes.\u00a0El primer semestre del a\u00f1o est\u00e1 perdido y el crecimiento ser\u00e1 muy escaso.\u00a0Por lo tanto, la pretendida\u00a0recuperaci\u00f3n en \u00abV\u00bb a\u00fan no se perfila.\u00a0La clave para que se produzca en el segundo semestre es el turismo y esto significa claramente una remisi\u00f3n muy importante de la Covid-19, tanto en los pa\u00edses emisores (y aqu\u00ed las se\u00f1ales que emite el Reino Unido son buenas), como en los receptores, y en nuestro caso la cosa no est\u00e1 tan clara. Mientras que el gobierno S\u00e1nchez contin\u00faa empe\u00f1ado en afirmar que al final del verano habr\u00e1 vacunado al 70% de la poblaci\u00f3n, la sanidad catalana ya afirma, y aunque puede haber dudas, que a 3 de junio habr\u00e1 vacunado de manera completa al 40%.\u00a0Esto significa un ritmo de vacunaci\u00f3n desde inicios de febrero de como mucho un 7% mensual.\u00a0Naturalmente si esto se mantiene en estos t\u00e9rminos, dado adem\u00e1s las vacaciones de agosto, entrar\u00edamos en septiembre con no mucho m\u00e1s del\u00a055% de la poblaci\u00f3n vacunada\u00a0y, obviamente, se habr\u00eda desarrollado el verano con un porcentaje de inmunidades muy por debajo de la cifra que determina la inmunidad de grupo. Por si fuera poco, hay que considerar que la ministra de Sanidad,\u00a0Carolina Darias, no descarta que el pr\u00f3ximo a\u00f1o se tenga que\u00a0volver a revacunar a todos porque se desconoce el periodo de inmunidad que aportan las vacunas y, adem\u00e1s, existe la interrogante sobre su efectividad contra las mutaciones que se van produciendo. Por si acaso, la Uni\u00f3n Europea ya reserva dosis para el pr\u00f3ximo a\u00f1o por el temor a las mutaciones del virus. En el caso concreto catal\u00e1n, y a pesar de que a partir del lunes se producir\u00e1 una cierta relajaci\u00f3n, la situaci\u00f3n est\u00e1 muy estancada. No empeora pero tampoco mejora, a pesar de las serias restricciones que imperan, y posiblemente esto tenga que ver con el terreno ganado por la variante brit\u00e1nica que se considera que ya origina el 40% de los casos, cifra que llega al 92% en la Vall d&#8217;Aran. Hay que decir, sin embargo, que estas cifras hay que cogerlas con pinzas porque Catalu\u00f1a como toda Espa\u00f1a es d\u00e9bil en su capacidad de secuenciar el genoma, pr\u00e1ctica necesaria para determinar cu\u00e1l es la variante de virus que afecta a la persona en cuesti\u00f3n. Seguramente, sin embargo, la fecha m\u00e1s preocupante ante una cierta apertura es la capacidad de transmisi\u00f3n del virus,\u00a0la tasa R que est\u00e1 en el 0,99, a efectos pr\u00e1cticos 1, que significa que cada enfermo infecta a otro, y que se\u00f1ala una situaci\u00f3n estable. Si esto se produce a pesar de las restricciones, es evidente que hay razones que mueven a la preocupaci\u00f3n. Pero es que adem\u00e1s, y se desconocen las causas, el departamento de Salud ha reducido sensiblemente las pruebas diagn\u00f3sticas, lo que ha roto la serie sobre los casos confirmados, porque es necesario que el n\u00famero de pruebas sea m\u00e1s o menos regular para que los casos confirmados expresen realmente una tendencia, si aquellas suben y bajan, la imagen que obtendremos puede ser muy enga\u00f1osa.\u00a0Josep Maria Argimon ha asegurado que reemprender\u00e1n los cribados, pero seguimos sin disponer de un plan sistem\u00e1tico y masivo que permita un buen control. Por poner una referencia, se dice que una gran parte de los contagios se producen en la familia, pero no se explica c\u00f3mo el contagiado n\u00famero 1 ha contra\u00eddo el coronavirus fuera de casa, y este es el punto d\u00e9bil. Afirmar, como se hace, que el transporte p\u00fablico es totalmente seguro, es pura propaganda pol\u00edtica, porque en contra de lo que ser\u00eda l\u00f3gico, no se llevan a cabo cribados aleatorios a los viajeros del sistema p\u00fablico de transportes que permitir\u00edan ver cu\u00e1l es el escenario real. Si a esta omisi\u00f3n en el plan de cribados se le a\u00f1ade la debilidad no superada en la capacidad de detectar las cadenas de contagio y efectuar un control efectivo de la cuarentena de los contagiados, constataremos que la situaci\u00f3n catalana est\u00e1 desgraciadamente llena de incertidumbres. Tampoco se entiende demasiado por qu\u00e9 el responsable del departamento de Salud, Argimon (olvid\u00e9monos de Alba Verg\u00e8s), no quiere utilizar farmacias ni dentistas para hacer cribados r\u00e1pidos, como s\u00ed se est\u00e1 haciendo en Madrid. En definitiva, panorama incierto y demasiados agujeros a\u00fan sobre la mesa. M\u00e9s informaci\u00f3 sobre el coronavirus a ESPECIAL CORONAVIRUS\" \/>\n<meta property=\"og:url\" content=\"https:\/\/conversesacatalunya.cat\/es\/pandemia-el-panorama-no-se-acaba-de-esclarecer\/\" \/>\n<meta property=\"og:site_name\" content=\"Converses a Catalunya\" \/>\n<meta property=\"article:published_time\" content=\"2021-02-25T12:07:56+00:00\" \/>\n<meta property=\"article:modified_time\" content=\"2021-02-25T14:34:54+00:00\" \/>\n<meta property=\"og:image\" content=\"https:\/\/conversesacatalunya.cat\/wp-content\/uploads\/2021\/02\/COVID_overview_image.jpg\" \/>\n\t<meta property=\"og:image:width\" content=\"1668\" \/>\n\t<meta property=\"og:image:height\" content=\"1043\" \/>\n\t<meta property=\"og:image:type\" content=\"image\/jpeg\" \/>\n<meta name=\"author\" content=\"conversesacatalunya\" \/>\n<meta name=\"twitter:card\" content=\"summary_large_image\" \/>\n<meta name=\"twitter:label1\" content=\"Escrito por\" \/>\n\t<meta name=\"twitter:data1\" content=\"conversesacatalunya\" \/>\n\t<meta name=\"twitter:label2\" content=\"Tiempo de lectura\" \/>\n\t<meta name=\"twitter:data2\" content=\"4 minutos\" \/>\n<script type=\"application\/ld+json\" class=\"yoast-schema-graph\">{\"@context\":\"https:\/\/schema.org\",\"@graph\":[{\"@type\":\"Article\",\"@id\":\"https:\/\/conversesacatalunya.cat\/es\/pandemia-el-panorama-no-se-acaba-de-esclarecer\/#article\",\"isPartOf\":{\"@id\":\"https:\/\/conversesacatalunya.cat\/es\/pandemia-el-panorama-no-se-acaba-de-esclarecer\/\"},\"author\":{\"name\":\"conversesacatalunya\",\"@id\":\"https:\/\/conversesacatalunya.cat\/#\/schema\/person\/7e24d1e54a2785373ddcb275eae5ed99\"},\"headline\":\"Pandemia: el panorama no se acaba de aclarar\",\"datePublished\":\"2021-02-25T12:07:56+00:00\",\"dateModified\":\"2021-02-25T14:34:54+00:00\",\"mainEntityOfPage\":{\"@id\":\"https:\/\/conversesacatalunya.cat\/es\/pandemia-el-panorama-no-se-acaba-de-esclarecer\/\"},\"wordCount\":789,\"commentCount\":0,\"image\":{\"@id\":\"https:\/\/conversesacatalunya.cat\/es\/pandemia-el-panorama-no-se-acaba-de-esclarecer\/#primaryimage\"},\"thumbnailUrl\":\"https:\/\/conversesacatalunya.cat\/wp-content\/uploads\/2021\/02\/COVID_overview_image.jpg\",\"keywords\":[\"coronavirus\"],\"articleSection\":[\"Especial Coronavirus (ES)\",\"Punts clau del dia (ES)\"],\"inLanguage\":\"es\",\"potentialAction\":[{\"@type\":\"CommentAction\",\"name\":\"Comment\",\"target\":[\"https:\/\/conversesacatalunya.cat\/es\/pandemia-el-panorama-no-se-acaba-de-esclarecer\/#respond\"]}]},{\"@type\":\"WebPage\",\"@id\":\"https:\/\/conversesacatalunya.cat\/es\/pandemia-el-panorama-no-se-acaba-de-esclarecer\/\",\"url\":\"https:\/\/conversesacatalunya.cat\/es\/pandemia-el-panorama-no-se-acaba-de-esclarecer\/\",\"name\":\"Pandemia: el panorama no se acaba de aclarar - Converses a Catalunya\",\"isPartOf\":{\"@id\":\"https:\/\/conversesacatalunya.cat\/#website\"},\"primaryImageOfPage\":{\"@id\":\"https:\/\/conversesacatalunya.cat\/es\/pandemia-el-panorama-no-se-acaba-de-esclarecer\/#primaryimage\"},\"image\":{\"@id\":\"https:\/\/conversesacatalunya.cat\/es\/pandemia-el-panorama-no-se-acaba-de-esclarecer\/#primaryimage\"},\"thumbnailUrl\":\"https:\/\/conversesacatalunya.cat\/wp-content\/uploads\/2021\/02\/COVID_overview_image.jpg\",\"datePublished\":\"2021-02-25T12:07:56+00:00\",\"dateModified\":\"2021-02-25T14:34:54+00:00\",\"author\":{\"@id\":\"https:\/\/conversesacatalunya.cat\/#\/schema\/person\/7e24d1e54a2785373ddcb275eae5ed99\"},\"breadcrumb\":{\"@id\":\"https:\/\/conversesacatalunya.cat\/es\/pandemia-el-panorama-no-se-acaba-de-esclarecer\/#breadcrumb\"},\"inLanguage\":\"es\",\"potentialAction\":[{\"@type\":\"ReadAction\",\"target\":[\"https:\/\/conversesacatalunya.cat\/es\/pandemia-el-panorama-no-se-acaba-de-esclarecer\/\"]}]},{\"@type\":\"ImageObject\",\"inLanguage\":\"es\",\"@id\":\"https:\/\/conversesacatalunya.cat\/es\/pandemia-el-panorama-no-se-acaba-de-esclarecer\/#primaryimage\",\"url\":\"https:\/\/conversesacatalunya.cat\/wp-content\/uploads\/2021\/02\/COVID_overview_image.jpg\",\"contentUrl\":\"https:\/\/conversesacatalunya.cat\/wp-content\/uploads\/2021\/02\/COVID_overview_image.jpg\",\"width\":1668,\"height\":1043},{\"@type\":\"BreadcrumbList\",\"@id\":\"https:\/\/conversesacatalunya.cat\/es\/pandemia-el-panorama-no-se-acaba-de-esclarecer\/#breadcrumb\",\"itemListElement\":[{\"@type\":\"ListItem\",\"position\":1,\"name\":\"Inici\",\"item\":\"https:\/\/conversesacatalunya.cat\/es\/\"},{\"@type\":\"ListItem\",\"position\":2,\"name\":\"Pandemia: el panorama no se acaba de aclarar\"}]},{\"@type\":\"WebSite\",\"@id\":\"https:\/\/conversesacatalunya.cat\/#website\",\"url\":\"https:\/\/conversesacatalunya.cat\/\",\"name\":\"Converses a Catalunya\",\"description\":\"\",\"potentialAction\":[{\"@type\":\"SearchAction\",\"target\":{\"@type\":\"EntryPoint\",\"urlTemplate\":\"https:\/\/conversesacatalunya.cat\/?s={search_term_string}\"},\"query-input\":{\"@type\":\"PropertyValueSpecification\",\"valueRequired\":true,\"valueName\":\"search_term_string\"}}],\"inLanguage\":\"es\"},{\"@type\":\"Person\",\"@id\":\"https:\/\/conversesacatalunya.cat\/#\/schema\/person\/7e24d1e54a2785373ddcb275eae5ed99\",\"name\":\"conversesacatalunya\",\"image\":{\"@type\":\"ImageObject\",\"inLanguage\":\"es\",\"@id\":\"https:\/\/conversesacatalunya.cat\/#\/schema\/person\/image\/\",\"url\":\"https:\/\/conversesacatalunya.cat\/wp-content\/litespeed\/avatar\/febdfeeec89d950f01c748045a981dd2.jpg?ver=1777314535\",\"contentUrl\":\"https:\/\/conversesacatalunya.cat\/wp-content\/litespeed\/avatar\/febdfeeec89d950f01c748045a981dd2.jpg?ver=1777314535\",\"caption\":\"conversesacatalunya\"},\"url\":\"https:\/\/conversesacatalunya.cat\/es\/author\/carme_catala\/\"}]}<\/script>\n<!-- \/ Yoast SEO plugin. -->","yoast_head_json":{"title":"Pandemia: el panorama no se acaba de aclarar - Converses a Catalunya","robots":{"index":"index","follow":"follow","max-snippet":"max-snippet:-1","max-image-preview":"max-image-preview:large","max-video-preview":"max-video-preview:-1"},"canonical":"https:\/\/conversesacatalunya.cat\/es\/pandemia-el-panorama-no-se-acaba-de-esclarecer\/","og_locale":"es_ES","og_type":"article","og_title":"Pandemia: el panorama no se acaba de aclarar - Converses a Catalunya","og_description":"Todos los an\u00e1lisis econ\u00f3micos son concluyentes.\u00a0El primer semestre del a\u00f1o est\u00e1 perdido y el crecimiento ser\u00e1 muy escaso.\u00a0Por lo tanto, la pretendida\u00a0recuperaci\u00f3n en \u00abV\u00bb a\u00fan no se perfila.\u00a0La clave para que se produzca en el segundo semestre es el turismo y esto significa claramente una remisi\u00f3n muy importante de la Covid-19, tanto en los pa\u00edses emisores (y aqu\u00ed las se\u00f1ales que emite el Reino Unido son buenas), como en los receptores, y en nuestro caso la cosa no est\u00e1 tan clara. Mientras que el gobierno S\u00e1nchez contin\u00faa empe\u00f1ado en afirmar que al final del verano habr\u00e1 vacunado al 70% de la poblaci\u00f3n, la sanidad catalana ya afirma, y aunque puede haber dudas, que a 3 de junio habr\u00e1 vacunado de manera completa al 40%.\u00a0Esto significa un ritmo de vacunaci\u00f3n desde inicios de febrero de como mucho un 7% mensual.\u00a0Naturalmente si esto se mantiene en estos t\u00e9rminos, dado adem\u00e1s las vacaciones de agosto, entrar\u00edamos en septiembre con no mucho m\u00e1s del\u00a055% de la poblaci\u00f3n vacunada\u00a0y, obviamente, se habr\u00eda desarrollado el verano con un porcentaje de inmunidades muy por debajo de la cifra que determina la inmunidad de grupo. Por si fuera poco, hay que considerar que la ministra de Sanidad,\u00a0Carolina Darias, no descarta que el pr\u00f3ximo a\u00f1o se tenga que\u00a0volver a revacunar a todos porque se desconoce el periodo de inmunidad que aportan las vacunas y, adem\u00e1s, existe la interrogante sobre su efectividad contra las mutaciones que se van produciendo. Por si acaso, la Uni\u00f3n Europea ya reserva dosis para el pr\u00f3ximo a\u00f1o por el temor a las mutaciones del virus. En el caso concreto catal\u00e1n, y a pesar de que a partir del lunes se producir\u00e1 una cierta relajaci\u00f3n, la situaci\u00f3n est\u00e1 muy estancada. No empeora pero tampoco mejora, a pesar de las serias restricciones que imperan, y posiblemente esto tenga que ver con el terreno ganado por la variante brit\u00e1nica que se considera que ya origina el 40% de los casos, cifra que llega al 92% en la Vall d&#8217;Aran. Hay que decir, sin embargo, que estas cifras hay que cogerlas con pinzas porque Catalu\u00f1a como toda Espa\u00f1a es d\u00e9bil en su capacidad de secuenciar el genoma, pr\u00e1ctica necesaria para determinar cu\u00e1l es la variante de virus que afecta a la persona en cuesti\u00f3n. Seguramente, sin embargo, la fecha m\u00e1s preocupante ante una cierta apertura es la capacidad de transmisi\u00f3n del virus,\u00a0la tasa R que est\u00e1 en el 0,99, a efectos pr\u00e1cticos 1, que significa que cada enfermo infecta a otro, y que se\u00f1ala una situaci\u00f3n estable. Si esto se produce a pesar de las restricciones, es evidente que hay razones que mueven a la preocupaci\u00f3n. Pero es que adem\u00e1s, y se desconocen las causas, el departamento de Salud ha reducido sensiblemente las pruebas diagn\u00f3sticas, lo que ha roto la serie sobre los casos confirmados, porque es necesario que el n\u00famero de pruebas sea m\u00e1s o menos regular para que los casos confirmados expresen realmente una tendencia, si aquellas suben y bajan, la imagen que obtendremos puede ser muy enga\u00f1osa.\u00a0Josep Maria Argimon ha asegurado que reemprender\u00e1n los cribados, pero seguimos sin disponer de un plan sistem\u00e1tico y masivo que permita un buen control. Por poner una referencia, se dice que una gran parte de los contagios se producen en la familia, pero no se explica c\u00f3mo el contagiado n\u00famero 1 ha contra\u00eddo el coronavirus fuera de casa, y este es el punto d\u00e9bil. Afirmar, como se hace, que el transporte p\u00fablico es totalmente seguro, es pura propaganda pol\u00edtica, porque en contra de lo que ser\u00eda l\u00f3gico, no se llevan a cabo cribados aleatorios a los viajeros del sistema p\u00fablico de transportes que permitir\u00edan ver cu\u00e1l es el escenario real. Si a esta omisi\u00f3n en el plan de cribados se le a\u00f1ade la debilidad no superada en la capacidad de detectar las cadenas de contagio y efectuar un control efectivo de la cuarentena de los contagiados, constataremos que la situaci\u00f3n catalana est\u00e1 desgraciadamente llena de incertidumbres. Tampoco se entiende demasiado por qu\u00e9 el responsable del departamento de Salud, Argimon (olvid\u00e9monos de Alba Verg\u00e8s), no quiere utilizar farmacias ni dentistas para hacer cribados r\u00e1pidos, como s\u00ed se est\u00e1 haciendo en Madrid. En definitiva, panorama incierto y demasiados agujeros a\u00fan sobre la mesa. M\u00e9s informaci\u00f3 sobre el coronavirus a ESPECIAL CORONAVIRUS","og_url":"https:\/\/conversesacatalunya.cat\/es\/pandemia-el-panorama-no-se-acaba-de-esclarecer\/","og_site_name":"Converses a Catalunya","article_published_time":"2021-02-25T12:07:56+00:00","article_modified_time":"2021-02-25T14:34:54+00:00","og_image":[{"width":1668,"height":1043,"url":"https:\/\/conversesacatalunya.cat\/wp-content\/uploads\/2021\/02\/COVID_overview_image.jpg","type":"image\/jpeg"}],"author":"conversesacatalunya","twitter_card":"summary_large_image","twitter_misc":{"Escrito por":"conversesacatalunya","Tiempo de lectura":"4 minutos"},"schema":{"@context":"https:\/\/schema.org","@graph":[{"@type":"Article","@id":"https:\/\/conversesacatalunya.cat\/es\/pandemia-el-panorama-no-se-acaba-de-esclarecer\/#article","isPartOf":{"@id":"https:\/\/conversesacatalunya.cat\/es\/pandemia-el-panorama-no-se-acaba-de-esclarecer\/"},"author":{"name":"conversesacatalunya","@id":"https:\/\/conversesacatalunya.cat\/#\/schema\/person\/7e24d1e54a2785373ddcb275eae5ed99"},"headline":"Pandemia: el panorama no se acaba de aclarar","datePublished":"2021-02-25T12:07:56+00:00","dateModified":"2021-02-25T14:34:54+00:00","mainEntityOfPage":{"@id":"https:\/\/conversesacatalunya.cat\/es\/pandemia-el-panorama-no-se-acaba-de-esclarecer\/"},"wordCount":789,"commentCount":0,"image":{"@id":"https:\/\/conversesacatalunya.cat\/es\/pandemia-el-panorama-no-se-acaba-de-esclarecer\/#primaryimage"},"thumbnailUrl":"https:\/\/conversesacatalunya.cat\/wp-content\/uploads\/2021\/02\/COVID_overview_image.jpg","keywords":["coronavirus"],"articleSection":["Especial Coronavirus (ES)","Punts clau del dia (ES)"],"inLanguage":"es","potentialAction":[{"@type":"CommentAction","name":"Comment","target":["https:\/\/conversesacatalunya.cat\/es\/pandemia-el-panorama-no-se-acaba-de-esclarecer\/#respond"]}]},{"@type":"WebPage","@id":"https:\/\/conversesacatalunya.cat\/es\/pandemia-el-panorama-no-se-acaba-de-esclarecer\/","url":"https:\/\/conversesacatalunya.cat\/es\/pandemia-el-panorama-no-se-acaba-de-esclarecer\/","name":"Pandemia: el panorama no se acaba de aclarar - Converses a Catalunya","isPartOf":{"@id":"https:\/\/conversesacatalunya.cat\/#website"},"primaryImageOfPage":{"@id":"https:\/\/conversesacatalunya.cat\/es\/pandemia-el-panorama-no-se-acaba-de-esclarecer\/#primaryimage"},"image":{"@id":"https:\/\/conversesacatalunya.cat\/es\/pandemia-el-panorama-no-se-acaba-de-esclarecer\/#primaryimage"},"thumbnailUrl":"https:\/\/conversesacatalunya.cat\/wp-content\/uploads\/2021\/02\/COVID_overview_image.jpg","datePublished":"2021-02-25T12:07:56+00:00","dateModified":"2021-02-25T14:34:54+00:00","author":{"@id":"https:\/\/conversesacatalunya.cat\/#\/schema\/person\/7e24d1e54a2785373ddcb275eae5ed99"},"breadcrumb":{"@id":"https:\/\/conversesacatalunya.cat\/es\/pandemia-el-panorama-no-se-acaba-de-esclarecer\/#breadcrumb"},"inLanguage":"es","potentialAction":[{"@type":"ReadAction","target":["https:\/\/conversesacatalunya.cat\/es\/pandemia-el-panorama-no-se-acaba-de-esclarecer\/"]}]},{"@type":"ImageObject","inLanguage":"es","@id":"https:\/\/conversesacatalunya.cat\/es\/pandemia-el-panorama-no-se-acaba-de-esclarecer\/#primaryimage","url":"https:\/\/conversesacatalunya.cat\/wp-content\/uploads\/2021\/02\/COVID_overview_image.jpg","contentUrl":"https:\/\/conversesacatalunya.cat\/wp-content\/uploads\/2021\/02\/COVID_overview_image.jpg","width":1668,"height":1043},{"@type":"BreadcrumbList","@id":"https:\/\/conversesacatalunya.cat\/es\/pandemia-el-panorama-no-se-acaba-de-esclarecer\/#breadcrumb","itemListElement":[{"@type":"ListItem","position":1,"name":"Inici","item":"https:\/\/conversesacatalunya.cat\/es\/"},{"@type":"ListItem","position":2,"name":"Pandemia: el panorama no se acaba de aclarar"}]},{"@type":"WebSite","@id":"https:\/\/conversesacatalunya.cat\/#website","url":"https:\/\/conversesacatalunya.cat\/","name":"Converses a Catalunya","description":"","potentialAction":[{"@type":"SearchAction","target":{"@type":"EntryPoint","urlTemplate":"https:\/\/conversesacatalunya.cat\/?s={search_term_string}"},"query-input":{"@type":"PropertyValueSpecification","valueRequired":true,"valueName":"search_term_string"}}],"inLanguage":"es"},{"@type":"Person","@id":"https:\/\/conversesacatalunya.cat\/#\/schema\/person\/7e24d1e54a2785373ddcb275eae5ed99","name":"conversesacatalunya","image":{"@type":"ImageObject","inLanguage":"es","@id":"https:\/\/conversesacatalunya.cat\/#\/schema\/person\/image\/","url":"https:\/\/conversesacatalunya.cat\/wp-content\/litespeed\/avatar\/febdfeeec89d950f01c748045a981dd2.jpg?ver=1777314535","contentUrl":"https:\/\/conversesacatalunya.cat\/wp-content\/litespeed\/avatar\/febdfeeec89d950f01c748045a981dd2.jpg?ver=1777314535","caption":"conversesacatalunya"},"url":"https:\/\/conversesacatalunya.cat\/es\/author\/carme_catala\/"}]}},"wps_subtitle":"","_links":{"self":[{"href":"https:\/\/conversesacatalunya.cat\/es\/wp-json\/wp\/v2\/posts\/45481","targetHints":{"allow":["GET"]}}],"collection":[{"href":"https:\/\/conversesacatalunya.cat\/es\/wp-json\/wp\/v2\/posts"}],"about":[{"href":"https:\/\/conversesacatalunya.cat\/es\/wp-json\/wp\/v2\/types\/post"}],"author":[{"embeddable":true,"href":"https:\/\/conversesacatalunya.cat\/es\/wp-json\/wp\/v2\/users\/2"}],"replies":[{"embeddable":true,"href":"https:\/\/conversesacatalunya.cat\/es\/wp-json\/wp\/v2\/comments?post=45481"}],"version-history":[{"count":2,"href":"https:\/\/conversesacatalunya.cat\/es\/wp-json\/wp\/v2\/posts\/45481\/revisions"}],"predecessor-version":[{"id":45483,"href":"https:\/\/conversesacatalunya.cat\/es\/wp-json\/wp\/v2\/posts\/45481\/revisions\/45483"}],"wp:featuredmedia":[{"embeddable":true,"href":"https:\/\/conversesacatalunya.cat\/es\/wp-json\/wp\/v2\/media\/45473"}],"wp:attachment":[{"href":"https:\/\/conversesacatalunya.cat\/es\/wp-json\/wp\/v2\/media?parent=45481"}],"wp:term":[{"taxonomy":"category","embeddable":true,"href":"https:\/\/conversesacatalunya.cat\/es\/wp-json\/wp\/v2\/categories?post=45481"},{"taxonomy":"post_tag","embeddable":true,"href":"https:\/\/conversesacatalunya.cat\/es\/wp-json\/wp\/v2\/tags?post=45481"}],"curies":[{"name":"wp","href":"https:\/\/api.w.org\/{rel}","templated":true}]}}