{"id":45460,"date":"2021-02-24T13:08:02","date_gmt":"2021-02-24T12:08:02","guid":{"rendered":"https:\/\/conversesacatalunya.cat\/eleccions-10-dies-despres-el-panorama-es-complica-independentisme\/"},"modified":"2021-02-24T15:27:25","modified_gmt":"2021-02-24T14:27:25","slug":"elecciones-10-dias-despues-el-panorama-se-complica-para-el-independentismo","status":"publish","type":"post","link":"https:\/\/conversesacatalunya.cat\/es\/elecciones-10-dias-despues-el-panorama-se-complica-para-el-independentismo\/","title":{"rendered":"Elecciones: 10 d\u00edas despu\u00e9s, el panorama se complica para el independentismo"},"content":{"rendered":"<p><span>La victoria de los partidos independentistas en las pasadas elecciones se ha visto que no conduc\u00eda a una f\u00e1cil soluci\u00f3n con respecto a la formaci\u00f3n del gobierno, al tiempo que las malas noticias han acompa\u00f1ado los primeros compases de esta marcha. La derrota en el Parlamento Europeo de\u00a0<\/span><strong><span>Puigdemont<\/span><\/strong><span> y los otros diputados independentistas sobre los que pesa la amenaza de extradici\u00f3n, si bien en el \u00e1mbito de la Comisi\u00f3n que juzga sobre <\/span><a href=\"https:\/\/conversesacatalunya.cat\/es\/un-nuevo-problema-para-erc-puigdemont-esta-a-punto-de-perder-su-inmunidad\/\" target=\"_blank\" rel=\"noopener\"><span>su inmunidad<\/span><\/a><span>, es una mala noticia porque anticipa la votaci\u00f3n del plenario que se producir\u00e1\u00a0<\/span><strong><span>el 8 de marzo<\/span><\/strong><span>\u00a0. La cuesti\u00f3n tiene una clara lectura pol\u00edtica:\u00a0<\/span><strong><span>el Parlamento <\/span><\/strong><span>no est\u00e1 para dar facilidades al independentismo catal\u00e1n, y como esta era la posici\u00f3n patente de la Comisi\u00f3n y del Consejo, es evidente que hay un alto grado de incompatibilidad entre el independentismo catal\u00e1n y Europa. Es una barrera formidable.<\/span><\/p>\n<p><span>A escala local, la clara derrota del candidato\u00a0<\/span><strong><span>de la ANC<\/span><\/strong><span>\u00a0a la presidencia de la PIMEC,\u00a0<\/span><strong><span>Pedro Barrios,<\/span><\/strong><span> ha sido un indicador de que los tiempos no son propicios para este tipo de acciones en el seno de la sociedad catalana. La victoria en la C\u00e1mara de Comercio hizo pensar que se pod\u00eda repetir ahora la operaci\u00f3n en la PIMEC, sin tener en cuenta las grandes diferencias entre las dos organizaciones, la segunda con grupos mucho m\u00e1s vinculados y el factor sorpresa, que ahora no era posible. Las quejas de Eines de Pimec, la candidatura <\/span><strong><span>de Barrios<\/span><\/strong><span>, pera la organizaci\u00f3n de las elecciones, no quita que el triunfo <\/span><strong><span>de Antoni Ca\u00f1ete, <\/span><\/strong><span>el hasta ahora secretario general, haya sido incuestionable.\u00a0Tanto, que el mismo Barrios hac\u00eda unas ins\u00f3litas declaraciones apenas al inicio de la votaci\u00f3n dando por descontada su clara derrota.<\/span><\/p>\n<p><strong><span>Las\u00a0<\/span><a href=\"https:\/\/conversesacatalunya.cat\/es\/les-bullangas-de-cataluna-y-el-futuro-gobierno-de-la-generalitat\/\" target=\"_blank\" rel=\"noopener\"><span>bullangas de Barcelona y Vic<\/span><\/a><span>\u00a0y otras ciudades de Catalu\u00f1a<\/span><\/strong><span> han complicado el proceso negociador porque obligan a seguir una vez m\u00e1s el imperativo de la CUP, que pide un nuevo modelo policial sin precisar qu\u00e9 significa esto, m\u00e1s all\u00e1 de quitarles el \u00faltimo recurso que les queda a los Mossos para evitar el cuerpo a cuerpo, como son los <\/span><strong><span>proyectiles de foam<\/span><\/strong><span>.<\/span><\/p>\n<p><span>La reuni\u00f3n que se llev\u00f3 a cabo este martes entre ERC y la CUP en esta direcci\u00f3n no hace m\u00e1s que alentar el malestar dentro de la polic\u00eda. El resultado es que, si antes de empezar hab\u00eda tres problemas clave, el relacionado <\/span><strong><span>con la salud,<\/span><\/strong><span> \u00a0encadenado al bajo ritmo de vacunaci\u00f3n y el insuficiente control de la pandemia, junto con la <\/span><strong><span>transformaci\u00f3n de la crisis econ\u00f3mica ocasionada por el coronavirus en crisis estructurales<\/span><\/strong><span>, y\u00a0<\/span><strong><span>los fondos Next Generation<\/span><\/strong><span>, que nadie conoce qu\u00e9 destino tendr\u00e1n en el caso catal\u00e1n, a todo esto que es vital y que cada uno de ellos ya define una situaci\u00f3n cr\u00edtica,\u00a0<\/span><strong><span>se a\u00f1adir\u00e1 ahora la crisis del orden p\u00fablico <\/span><\/strong><span>en un pa\u00eds y una ciudad como Barcelona que encabeza muchos problemas en este sentido. Y no s\u00f3lo de disturbios en la calle, sino de naturaleza delictiva, como cultivo y tr\u00e1fico de marihuana, la localizaci\u00f3n de la gran delincuencia y la concentraci\u00f3n de un n\u00famero muy elevado de grupos sospechosos de yihadismo de toda Espa\u00f1a.<\/span><\/p>\n<p><span>Las negociaciones\u00a0<\/span><strong><span>entre JxCat y ERC<\/span><\/strong><span>, que son las decisivas y que tambi\u00e9n se produjeron ayer, presentan en primera instancia dos paradigmas incompatibles que, por un lado, deber\u00e1n inclinar si quieren gobernar juntos.\u00a0ERC plantea centrar estos 4 a\u00f1os de gobierno en la negociaci\u00f3n para el refer\u00e9ndum y la amnist\u00eda. Mientras\u00a0<\/span><strong><span>que JxCat<\/span><\/strong><span> pregunta con buena l\u00f3gica hasta cuando deber\u00e1n estar negociando hasta decidirse a emprender la v\u00eda unilateral, porque es evidente que a estas alturas un refer\u00e9ndum de autodeterminaci\u00f3n es pol\u00edticamente inviable, y formalmente largo y complejo de resolver porque exige una modificaci\u00f3n constitucional y el correspondiente refer\u00e9ndum para aprobarlo en toda Espa\u00f1a.<\/span><\/p>\n<div id=\"polls-93\" class=\"wp-polls\">\n\t<form id=\"polls_form_93\" class=\"wp-polls-form\" action=\"\/index.php\" method=\"post\">\n\t\t<p style=\"display: none;\"><input type=\"hidden\" id=\"poll_93_nonce\" name=\"wp-polls-nonce\" value=\"1fba9156d7\" \/><\/p>\n\t\t<p style=\"display: none;\"><input type=\"hidden\" name=\"poll_id\" value=\"93\" \/><\/p>\n\t\t<p style=\"text-align: center\"><strong>Creus que el Govern de la Generalitat gestiona b\u00e9 la compet\u00e8ncia sobre ordre p\u00fablic i seguretat ciutadana?<\/strong><\/p><div id=\"polls-93-ans\" class=\"wp-polls-ans\"><ul class=\"wp-polls-ul\">\n\t\t<li><input type=\"radio\" id=\"poll-answer-216\" name=\"poll_93\" value=\"216\" \/> <label for=\"poll-answer-216\">Si<\/label><\/li>\n\t\t<li><input type=\"radio\" id=\"poll-answer-217\" name=\"poll_93\" value=\"217\" \/> <label for=\"poll-answer-217\">No<\/label><\/li>\n\t\t<li><input type=\"radio\" id=\"poll-answer-218\" name=\"poll_93\" value=\"218\" \/> <label for=\"poll-answer-218\">No ho s\u00e9<\/label><\/li>\n\t\t<\/ul><p style=\"text-align: center\"><input type=\"button\" name=\"vote\" value=\"   Vota   \" class=\"Buttons\" onclick=\"poll_vote(93);\" \/><\/p><p style=\"text-align: center\"><a href=\"#ViewPollResults\" onclick=\"poll_result(93); return false;\" title=\"View Results Of This Poll\">Mira els resultats<\/a><\/p><\/div>\n\t<\/form>\n<\/div>\n<div id=\"polls-93-loading\" class=\"wp-polls-loading\"><img decoding=\"async\" data-src=\"https:\/\/conversesacatalunya.cat\/wp-content\/plugins\/wp-polls\/images\/loading.gif\" width=\"16\" height=\"16\" alt=\"Cargando ...\" title=\"Cargando ...\" class=\"wp-polls-image lazyload\" src=\"data:image\/svg+xml;base64,PHN2ZyB3aWR0aD0iMSIgaGVpZ2h0PSIxIiB4bWxucz0iaHR0cDovL3d3dy53My5vcmcvMjAwMC9zdmciPjwvc3ZnPg==\" style=\"--smush-placeholder-width: 16px; --smush-placeholder-aspect-ratio: 16\/16;\" \/>&nbsp;Cargando ...<\/div>\n\n","protected":false},"excerpt":{"rendered":"<p>La victoria de los partidos independentistas en las pasadas elecciones se ha visto que no conduc\u00eda a una f\u00e1cil soluci\u00f3n con respecto a la formaci\u00f3n del gobierno, al tiempo que las malas noticias han acompa\u00f1ado los primeros compases de esta marcha. La derrota en el Parlamento Europeo de\u00a0Puigdemont y los otros diputados independentistas sobre los que pesa la amenaza de extradici\u00f3n, si bien en el \u00e1mbito de la Comisi\u00f3n que juzga sobre su inmunidad, es una mala noticia porque anticipa la votaci\u00f3n del plenario que se producir\u00e1\u00a0el 8 de marzo\u00a0. La cuesti\u00f3n tiene una clara lectura pol\u00edtica:\u00a0el Parlamento no est\u00e1 para dar facilidades al independentismo catal\u00e1n, y como esta era la posici\u00f3n patente de la Comisi\u00f3n y del Consejo, es evidente que hay un alto grado de incompatibilidad entre el independentismo catal\u00e1n y Europa. Es una barrera formidable. A escala local, la clara derrota del candidato\u00a0de la ANC\u00a0a la presidencia de la PIMEC,\u00a0Pedro Barrios, ha sido un indicador de que los tiempos no son propicios para este tipo de acciones en el seno de la sociedad catalana. La victoria en la C\u00e1mara de Comercio hizo pensar que se pod\u00eda repetir ahora la operaci\u00f3n en la PIMEC, sin tener en cuenta las grandes diferencias entre las dos organizaciones, la segunda con grupos mucho m\u00e1s vinculados y el factor sorpresa, que ahora no era posible. Las quejas de Eines de Pimec, la candidatura de Barrios, pera la organizaci\u00f3n de las elecciones, no quita que el triunfo de Antoni Ca\u00f1ete, el hasta ahora secretario general, haya sido incuestionable.\u00a0Tanto, que el mismo Barrios hac\u00eda unas ins\u00f3litas declaraciones apenas al inicio de la votaci\u00f3n dando por descontada su clara derrota. Las\u00a0bullangas de Barcelona y Vic\u00a0y otras ciudades de Catalu\u00f1a han complicado el proceso negociador porque obligan a seguir una vez m\u00e1s el imperativo de la CUP, que pide un nuevo modelo policial sin precisar qu\u00e9 significa esto, m\u00e1s all\u00e1 de quitarles el \u00faltimo recurso que les queda a los Mossos para evitar el cuerpo a cuerpo, como son los proyectiles de foam. La reuni\u00f3n que se llev\u00f3 a cabo este martes entre ERC y la CUP en esta direcci\u00f3n no hace m\u00e1s que alentar el malestar dentro de la polic\u00eda. El resultado es que, si antes de empezar hab\u00eda tres problemas clave, el relacionado con la salud, \u00a0encadenado al bajo ritmo de vacunaci\u00f3n y el insuficiente control de la pandemia, junto con la transformaci\u00f3n de la crisis econ\u00f3mica ocasionada por el coronavirus en crisis estructurales, y\u00a0los fondos Next Generation, que nadie conoce qu\u00e9 destino tendr\u00e1n en el caso catal\u00e1n, a todo esto que es vital y que cada uno de ellos ya define una situaci\u00f3n cr\u00edtica,\u00a0se a\u00f1adir\u00e1 ahora la crisis del orden p\u00fablico en un pa\u00eds y una ciudad como Barcelona que encabeza muchos problemas en este sentido. Y no s\u00f3lo de disturbios en la calle, sino de naturaleza delictiva, como cultivo y tr\u00e1fico de marihuana, la localizaci\u00f3n de la gran delincuencia y la concentraci\u00f3n de un n\u00famero muy elevado de grupos sospechosos de yihadismo de toda Espa\u00f1a. Las negociaciones\u00a0entre JxCat y ERC, que son las decisivas y que tambi\u00e9n se produjeron ayer, presentan en primera instancia dos paradigmas incompatibles que, por un lado, deber\u00e1n inclinar si quieren gobernar juntos.\u00a0ERC plantea centrar estos 4 a\u00f1os de gobierno en la negociaci\u00f3n para el refer\u00e9ndum y la amnist\u00eda. Mientras\u00a0que JxCat pregunta con buena l\u00f3gica hasta cuando deber\u00e1n estar negociando hasta decidirse a emprender la v\u00eda unilateral, porque es evidente que a estas alturas un refer\u00e9ndum de autodeterminaci\u00f3n es pol\u00edticamente inviable, y formalmente largo y complejo de resolver porque exige una modificaci\u00f3n constitucional y el correspondiente refer\u00e9ndum para aprobarlo en toda Espa\u00f1a.<\/p>\n","protected":false},"author":2,"featured_media":45449,"comment_status":"open","ping_status":"open","sticky":false,"template":"","format":"standard","meta":{"_FSMCFIC_featured_image_caption":"","_FSMCFIC_featured_image_nocaption":"","_FSMCFIC_featured_image_hide":"","footnotes":""},"categories":[806],"tags":[3415,3402,3490,3454],"class_list":["post-45460","post","type-post","status-publish","format-standard","has-post-thumbnail","hentry","category-punts-claus-del-dia-es","tag-elecciones-14-f","tag-eleccions-14-f-es","tag-negociacion-gobierno","tag-resultados-elecciones"],"yoast_head":"<!-- This site is optimized with the Yoast SEO plugin v26.8 - https:\/\/yoast.com\/product\/yoast-seo-wordpress\/ -->\n<title>Elecciones: 10 d\u00edas despu\u00e9s, el panorama se complica para el independentismo - Converses a Catalunya<\/title>\n<meta name=\"description\" content=\"Las negociaciones entre JxCat y ERC presentan en primera instancia dos paradigmas incompatibles\" \/>\n<meta name=\"robots\" content=\"index, follow, max-snippet:-1, max-image-preview:large, max-video-preview:-1\" \/>\n<link rel=\"canonical\" href=\"https:\/\/conversesacatalunya.cat\/es\/elecciones-10-dias-despues-el-panorama-se-complica-para-el-independentismo\/\" \/>\n<meta property=\"og:locale\" content=\"es_ES\" \/>\n<meta property=\"og:type\" content=\"article\" \/>\n<meta property=\"og:title\" content=\"Elecciones: 10 d\u00edas despu\u00e9s, el panorama se complica para el independentismo - Converses a Catalunya\" \/>\n<meta property=\"og:description\" content=\"Las negociaciones entre JxCat y ERC presentan en primera instancia dos paradigmas incompatibles\" \/>\n<meta property=\"og:url\" content=\"https:\/\/conversesacatalunya.cat\/es\/elecciones-10-dias-despues-el-panorama-se-complica-para-el-independentismo\/\" \/>\n<meta property=\"og:site_name\" content=\"Converses a Catalunya\" \/>\n<meta property=\"article:published_time\" content=\"2021-02-24T12:08:02+00:00\" \/>\n<meta property=\"article:modified_time\" content=\"2021-02-24T14:27:25+00:00\" \/>\n<meta property=\"og:image\" content=\"https:\/\/conversesacatalunya.cat\/wp-content\/uploads\/2021\/02\/pere-aragones-laura-borras-y-quim-torra-en-una-foto-de-archivo.r_d.2226-1403-0.jpeg\" \/>\n\t<meta property=\"og:image:width\" content=\"1200\" \/>\n\t<meta property=\"og:image:height\" content=\"675\" \/>\n\t<meta property=\"og:image:type\" content=\"image\/jpeg\" \/>\n<meta name=\"author\" content=\"conversesacatalunya\" \/>\n<meta name=\"twitter:card\" content=\"summary_large_image\" \/>\n<meta name=\"twitter:label1\" content=\"Escrito por\" \/>\n\t<meta name=\"twitter:data1\" content=\"conversesacatalunya\" \/>\n\t<meta name=\"twitter:label2\" content=\"Tiempo de lectura\" \/>\n\t<meta name=\"twitter:data2\" content=\"3 minutos\" \/>\n<script type=\"application\/ld+json\" class=\"yoast-schema-graph\">{\"@context\":\"https:\/\/schema.org\",\"@graph\":[{\"@type\":\"Article\",\"@id\":\"https:\/\/conversesacatalunya.cat\/es\/elecciones-10-dias-despues-el-panorama-se-complica-para-el-independentismo\/#article\",\"isPartOf\":{\"@id\":\"https:\/\/conversesacatalunya.cat\/es\/elecciones-10-dias-despues-el-panorama-se-complica-para-el-independentismo\/\"},\"author\":{\"name\":\"conversesacatalunya\",\"@id\":\"https:\/\/conversesacatalunya.cat\/#\/schema\/person\/7e24d1e54a2785373ddcb275eae5ed99\"},\"headline\":\"Elecciones: 10 d\u00edas despu\u00e9s, el panorama se complica para el independentismo\",\"datePublished\":\"2021-02-24T12:08:02+00:00\",\"dateModified\":\"2021-02-24T14:27:25+00:00\",\"mainEntityOfPage\":{\"@id\":\"https:\/\/conversesacatalunya.cat\/es\/elecciones-10-dias-despues-el-panorama-se-complica-para-el-independentismo\/\"},\"wordCount\":692,\"commentCount\":0,\"image\":{\"@id\":\"https:\/\/conversesacatalunya.cat\/es\/elecciones-10-dias-despues-el-panorama-se-complica-para-el-independentismo\/#primaryimage\"},\"thumbnailUrl\":\"https:\/\/conversesacatalunya.cat\/wp-content\/uploads\/2021\/02\/pere-aragones-laura-borras-y-quim-torra-en-una-foto-de-archivo.r_d.2226-1403-0.jpeg\",\"keywords\":[\"elecciones 14-F\",\"eleccions 14-F\",\"Negociaci\u00f3n gobierno\",\"Resultados elecciones\"],\"articleSection\":[\"Punts clau del dia (ES)\"],\"inLanguage\":\"es\",\"potentialAction\":[{\"@type\":\"CommentAction\",\"name\":\"Comment\",\"target\":[\"https:\/\/conversesacatalunya.cat\/es\/elecciones-10-dias-despues-el-panorama-se-complica-para-el-independentismo\/#respond\"]}]},{\"@type\":\"WebPage\",\"@id\":\"https:\/\/conversesacatalunya.cat\/es\/elecciones-10-dias-despues-el-panorama-se-complica-para-el-independentismo\/\",\"url\":\"https:\/\/conversesacatalunya.cat\/es\/elecciones-10-dias-despues-el-panorama-se-complica-para-el-independentismo\/\",\"name\":\"Elecciones: 10 d\u00edas despu\u00e9s, el panorama se complica para el independentismo - Converses a Catalunya\",\"isPartOf\":{\"@id\":\"https:\/\/conversesacatalunya.cat\/#website\"},\"primaryImageOfPage\":{\"@id\":\"https:\/\/conversesacatalunya.cat\/es\/elecciones-10-dias-despues-el-panorama-se-complica-para-el-independentismo\/#primaryimage\"},\"image\":{\"@id\":\"https:\/\/conversesacatalunya.cat\/es\/elecciones-10-dias-despues-el-panorama-se-complica-para-el-independentismo\/#primaryimage\"},\"thumbnailUrl\":\"https:\/\/conversesacatalunya.cat\/wp-content\/uploads\/2021\/02\/pere-aragones-laura-borras-y-quim-torra-en-una-foto-de-archivo.r_d.2226-1403-0.jpeg\",\"datePublished\":\"2021-02-24T12:08:02+00:00\",\"dateModified\":\"2021-02-24T14:27:25+00:00\",\"author\":{\"@id\":\"https:\/\/conversesacatalunya.cat\/#\/schema\/person\/7e24d1e54a2785373ddcb275eae5ed99\"},\"description\":\"Las negociaciones entre JxCat y ERC presentan en primera instancia dos paradigmas incompatibles\",\"breadcrumb\":{\"@id\":\"https:\/\/conversesacatalunya.cat\/es\/elecciones-10-dias-despues-el-panorama-se-complica-para-el-independentismo\/#breadcrumb\"},\"inLanguage\":\"es\",\"potentialAction\":[{\"@type\":\"ReadAction\",\"target\":[\"https:\/\/conversesacatalunya.cat\/es\/elecciones-10-dias-despues-el-panorama-se-complica-para-el-independentismo\/\"]}]},{\"@type\":\"ImageObject\",\"inLanguage\":\"es\",\"@id\":\"https:\/\/conversesacatalunya.cat\/es\/elecciones-10-dias-despues-el-panorama-se-complica-para-el-independentismo\/#primaryimage\",\"url\":\"https:\/\/conversesacatalunya.cat\/wp-content\/uploads\/2021\/02\/pere-aragones-laura-borras-y-quim-torra-en-una-foto-de-archivo.r_d.2226-1403-0.jpeg\",\"contentUrl\":\"https:\/\/conversesacatalunya.cat\/wp-content\/uploads\/2021\/02\/pere-aragones-laura-borras-y-quim-torra-en-una-foto-de-archivo.r_d.2226-1403-0.jpeg\",\"width\":1200,\"height\":675,\"caption\":\"independentisme\"},{\"@type\":\"BreadcrumbList\",\"@id\":\"https:\/\/conversesacatalunya.cat\/es\/elecciones-10-dias-despues-el-panorama-se-complica-para-el-independentismo\/#breadcrumb\",\"itemListElement\":[{\"@type\":\"ListItem\",\"position\":1,\"name\":\"Inici\",\"item\":\"https:\/\/conversesacatalunya.cat\/es\/\"},{\"@type\":\"ListItem\",\"position\":2,\"name\":\"Elecciones: 10 d\u00edas despu\u00e9s, el panorama se complica para el independentismo\"}]},{\"@type\":\"WebSite\",\"@id\":\"https:\/\/conversesacatalunya.cat\/#website\",\"url\":\"https:\/\/conversesacatalunya.cat\/\",\"name\":\"Converses a Catalunya\",\"description\":\"\",\"potentialAction\":[{\"@type\":\"SearchAction\",\"target\":{\"@type\":\"EntryPoint\",\"urlTemplate\":\"https:\/\/conversesacatalunya.cat\/?s={search_term_string}\"},\"query-input\":{\"@type\":\"PropertyValueSpecification\",\"valueRequired\":true,\"valueName\":\"search_term_string\"}}],\"inLanguage\":\"es\"},{\"@type\":\"Person\",\"@id\":\"https:\/\/conversesacatalunya.cat\/#\/schema\/person\/7e24d1e54a2785373ddcb275eae5ed99\",\"name\":\"conversesacatalunya\",\"image\":{\"@type\":\"ImageObject\",\"inLanguage\":\"es\",\"@id\":\"https:\/\/conversesacatalunya.cat\/#\/schema\/person\/image\/\",\"url\":\"https:\/\/conversesacatalunya.cat\/wp-content\/litespeed\/avatar\/febdfeeec89d950f01c748045a981dd2.jpg?ver=1777314535\",\"contentUrl\":\"https:\/\/conversesacatalunya.cat\/wp-content\/litespeed\/avatar\/febdfeeec89d950f01c748045a981dd2.jpg?ver=1777314535\",\"caption\":\"conversesacatalunya\"},\"url\":\"https:\/\/conversesacatalunya.cat\/es\/author\/carme_catala\/\"}]}<\/script>\n<!-- \/ Yoast SEO plugin. -->","yoast_head_json":{"title":"Elecciones: 10 d\u00edas despu\u00e9s, el panorama se complica para el independentismo - Converses a Catalunya","description":"Las negociaciones entre JxCat y ERC presentan en primera instancia dos paradigmas incompatibles","robots":{"index":"index","follow":"follow","max-snippet":"max-snippet:-1","max-image-preview":"max-image-preview:large","max-video-preview":"max-video-preview:-1"},"canonical":"https:\/\/conversesacatalunya.cat\/es\/elecciones-10-dias-despues-el-panorama-se-complica-para-el-independentismo\/","og_locale":"es_ES","og_type":"article","og_title":"Elecciones: 10 d\u00edas despu\u00e9s, el panorama se complica para el independentismo - Converses a Catalunya","og_description":"Las negociaciones entre JxCat y ERC presentan en primera instancia dos paradigmas incompatibles","og_url":"https:\/\/conversesacatalunya.cat\/es\/elecciones-10-dias-despues-el-panorama-se-complica-para-el-independentismo\/","og_site_name":"Converses a Catalunya","article_published_time":"2021-02-24T12:08:02+00:00","article_modified_time":"2021-02-24T14:27:25+00:00","og_image":[{"width":1200,"height":675,"url":"https:\/\/conversesacatalunya.cat\/wp-content\/uploads\/2021\/02\/pere-aragones-laura-borras-y-quim-torra-en-una-foto-de-archivo.r_d.2226-1403-0.jpeg","type":"image\/jpeg"}],"author":"conversesacatalunya","twitter_card":"summary_large_image","twitter_misc":{"Escrito por":"conversesacatalunya","Tiempo de lectura":"3 minutos"},"schema":{"@context":"https:\/\/schema.org","@graph":[{"@type":"Article","@id":"https:\/\/conversesacatalunya.cat\/es\/elecciones-10-dias-despues-el-panorama-se-complica-para-el-independentismo\/#article","isPartOf":{"@id":"https:\/\/conversesacatalunya.cat\/es\/elecciones-10-dias-despues-el-panorama-se-complica-para-el-independentismo\/"},"author":{"name":"conversesacatalunya","@id":"https:\/\/conversesacatalunya.cat\/#\/schema\/person\/7e24d1e54a2785373ddcb275eae5ed99"},"headline":"Elecciones: 10 d\u00edas despu\u00e9s, el panorama se complica para el independentismo","datePublished":"2021-02-24T12:08:02+00:00","dateModified":"2021-02-24T14:27:25+00:00","mainEntityOfPage":{"@id":"https:\/\/conversesacatalunya.cat\/es\/elecciones-10-dias-despues-el-panorama-se-complica-para-el-independentismo\/"},"wordCount":692,"commentCount":0,"image":{"@id":"https:\/\/conversesacatalunya.cat\/es\/elecciones-10-dias-despues-el-panorama-se-complica-para-el-independentismo\/#primaryimage"},"thumbnailUrl":"https:\/\/conversesacatalunya.cat\/wp-content\/uploads\/2021\/02\/pere-aragones-laura-borras-y-quim-torra-en-una-foto-de-archivo.r_d.2226-1403-0.jpeg","keywords":["elecciones 14-F","eleccions 14-F","Negociaci\u00f3n gobierno","Resultados elecciones"],"articleSection":["Punts clau del dia (ES)"],"inLanguage":"es","potentialAction":[{"@type":"CommentAction","name":"Comment","target":["https:\/\/conversesacatalunya.cat\/es\/elecciones-10-dias-despues-el-panorama-se-complica-para-el-independentismo\/#respond"]}]},{"@type":"WebPage","@id":"https:\/\/conversesacatalunya.cat\/es\/elecciones-10-dias-despues-el-panorama-se-complica-para-el-independentismo\/","url":"https:\/\/conversesacatalunya.cat\/es\/elecciones-10-dias-despues-el-panorama-se-complica-para-el-independentismo\/","name":"Elecciones: 10 d\u00edas despu\u00e9s, el panorama se complica para el independentismo - Converses a Catalunya","isPartOf":{"@id":"https:\/\/conversesacatalunya.cat\/#website"},"primaryImageOfPage":{"@id":"https:\/\/conversesacatalunya.cat\/es\/elecciones-10-dias-despues-el-panorama-se-complica-para-el-independentismo\/#primaryimage"},"image":{"@id":"https:\/\/conversesacatalunya.cat\/es\/elecciones-10-dias-despues-el-panorama-se-complica-para-el-independentismo\/#primaryimage"},"thumbnailUrl":"https:\/\/conversesacatalunya.cat\/wp-content\/uploads\/2021\/02\/pere-aragones-laura-borras-y-quim-torra-en-una-foto-de-archivo.r_d.2226-1403-0.jpeg","datePublished":"2021-02-24T12:08:02+00:00","dateModified":"2021-02-24T14:27:25+00:00","author":{"@id":"https:\/\/conversesacatalunya.cat\/#\/schema\/person\/7e24d1e54a2785373ddcb275eae5ed99"},"description":"Las negociaciones entre JxCat y ERC presentan en primera instancia dos paradigmas incompatibles","breadcrumb":{"@id":"https:\/\/conversesacatalunya.cat\/es\/elecciones-10-dias-despues-el-panorama-se-complica-para-el-independentismo\/#breadcrumb"},"inLanguage":"es","potentialAction":[{"@type":"ReadAction","target":["https:\/\/conversesacatalunya.cat\/es\/elecciones-10-dias-despues-el-panorama-se-complica-para-el-independentismo\/"]}]},{"@type":"ImageObject","inLanguage":"es","@id":"https:\/\/conversesacatalunya.cat\/es\/elecciones-10-dias-despues-el-panorama-se-complica-para-el-independentismo\/#primaryimage","url":"https:\/\/conversesacatalunya.cat\/wp-content\/uploads\/2021\/02\/pere-aragones-laura-borras-y-quim-torra-en-una-foto-de-archivo.r_d.2226-1403-0.jpeg","contentUrl":"https:\/\/conversesacatalunya.cat\/wp-content\/uploads\/2021\/02\/pere-aragones-laura-borras-y-quim-torra-en-una-foto-de-archivo.r_d.2226-1403-0.jpeg","width":1200,"height":675,"caption":"independentisme"},{"@type":"BreadcrumbList","@id":"https:\/\/conversesacatalunya.cat\/es\/elecciones-10-dias-despues-el-panorama-se-complica-para-el-independentismo\/#breadcrumb","itemListElement":[{"@type":"ListItem","position":1,"name":"Inici","item":"https:\/\/conversesacatalunya.cat\/es\/"},{"@type":"ListItem","position":2,"name":"Elecciones: 10 d\u00edas despu\u00e9s, el panorama se complica para el independentismo"}]},{"@type":"WebSite","@id":"https:\/\/conversesacatalunya.cat\/#website","url":"https:\/\/conversesacatalunya.cat\/","name":"Converses a Catalunya","description":"","potentialAction":[{"@type":"SearchAction","target":{"@type":"EntryPoint","urlTemplate":"https:\/\/conversesacatalunya.cat\/?s={search_term_string}"},"query-input":{"@type":"PropertyValueSpecification","valueRequired":true,"valueName":"search_term_string"}}],"inLanguage":"es"},{"@type":"Person","@id":"https:\/\/conversesacatalunya.cat\/#\/schema\/person\/7e24d1e54a2785373ddcb275eae5ed99","name":"conversesacatalunya","image":{"@type":"ImageObject","inLanguage":"es","@id":"https:\/\/conversesacatalunya.cat\/#\/schema\/person\/image\/","url":"https:\/\/conversesacatalunya.cat\/wp-content\/litespeed\/avatar\/febdfeeec89d950f01c748045a981dd2.jpg?ver=1777314535","contentUrl":"https:\/\/conversesacatalunya.cat\/wp-content\/litespeed\/avatar\/febdfeeec89d950f01c748045a981dd2.jpg?ver=1777314535","caption":"conversesacatalunya"},"url":"https:\/\/conversesacatalunya.cat\/es\/author\/carme_catala\/"}]}},"wps_subtitle":"Las negociaciones entre JxCat y ERC, que son las decisivas y que tambi\u00e9n se produjeron ayer, presentan en primera instancia dos paradigmas incompatibles","_links":{"self":[{"href":"https:\/\/conversesacatalunya.cat\/es\/wp-json\/wp\/v2\/posts\/45460","targetHints":{"allow":["GET"]}}],"collection":[{"href":"https:\/\/conversesacatalunya.cat\/es\/wp-json\/wp\/v2\/posts"}],"about":[{"href":"https:\/\/conversesacatalunya.cat\/es\/wp-json\/wp\/v2\/types\/post"}],"author":[{"embeddable":true,"href":"https:\/\/conversesacatalunya.cat\/es\/wp-json\/wp\/v2\/users\/2"}],"replies":[{"embeddable":true,"href":"https:\/\/conversesacatalunya.cat\/es\/wp-json\/wp\/v2\/comments?post=45460"}],"version-history":[{"count":2,"href":"https:\/\/conversesacatalunya.cat\/es\/wp-json\/wp\/v2\/posts\/45460\/revisions"}],"predecessor-version":[{"id":45462,"href":"https:\/\/conversesacatalunya.cat\/es\/wp-json\/wp\/v2\/posts\/45460\/revisions\/45462"}],"wp:featuredmedia":[{"embeddable":true,"href":"https:\/\/conversesacatalunya.cat\/es\/wp-json\/wp\/v2\/media\/45449"}],"wp:attachment":[{"href":"https:\/\/conversesacatalunya.cat\/es\/wp-json\/wp\/v2\/media?parent=45460"}],"wp:term":[{"taxonomy":"category","embeddable":true,"href":"https:\/\/conversesacatalunya.cat\/es\/wp-json\/wp\/v2\/categories?post=45460"},{"taxonomy":"post_tag","embeddable":true,"href":"https:\/\/conversesacatalunya.cat\/es\/wp-json\/wp\/v2\/tags?post=45460"}],"curies":[{"name":"wp","href":"https:\/\/api.w.org\/{rel}","templated":true}]}}