{"id":45433,"date":"2021-02-24T05:19:23","date_gmt":"2021-02-24T04:19:23","guid":{"rendered":"https:\/\/conversesacatalunya.cat\/funcas-confia-en-el-turisme-per-a-la-recuperacio-economica\/"},"modified":"2021-02-24T10:29:09","modified_gmt":"2021-02-24T09:29:09","slug":"funcas-confia-en-el-turismo-para-la-recuperacion-economica","status":"publish","type":"post","link":"https:\/\/conversesacatalunya.cat\/es\/funcas-confia-en-el-turismo-para-la-recuperacion-economica\/","title":{"rendered":"Funcas conf\u00eda en el turismo para la recuperaci\u00f3n econ\u00f3mica"},"content":{"rendered":"<p>Funcas, la Fundaci\u00f3n de las Cajas de Ahorro, estima que la recuperaci\u00f3n econ\u00f3mica queda cada vez m\u00e1s lejos y se pone en evidencia <strong>la dependencia del turismo internacional<\/strong>. Funcas ha rebajado un punto, hasta el 5,7%, su estimaci\u00f3n de crecimiento del PIB para este a\u00f1o debido al retraso en el inicio de la recuperaci\u00f3n como consecuencia de la tercera ola de covid-19, las restricciones a la actividad y a la movilidad, el lento avance de la campa\u00f1a de vacunaci\u00f3n y la contracci\u00f3n de algunos de los principales mercados de exportaci\u00f3n.<\/p>\n<p>Para 2022, espera un crecimiento del 6,3%, una d\u00e9cima m\u00e1s que lo estimado anteriormente, debido a que parte de la demanda embalsada de unos 56.000 millones de euros se seguir\u00e1 absorbiendo paulatinamente, as\u00ed como una mejora del turismo una vez completada la fase de la vacunaci\u00f3n contra el virus.<\/p>\n<p>De esta forma, el crecimiento del 5,7% que estiman para este a\u00f1o est\u00e1 basado en la hip\u00f3tesis de que la campa\u00f1a tur\u00edstica se sit\u00fae en el 26% del valor normal de las \u00faltimas campa\u00f1as precovid, y que esta se eleve al 75% en 2022. Adem\u00e1s, se absorber\u00e1 este a\u00f1o el 40% de la demanda embalsada de unos 56.000 millones de euros.<\/p>\n<p>En cuanto a la composici\u00f3n del PIB en 2021, aumenta la aportaci\u00f3n de la demanda interna en dos d\u00e9cimas, hasta 6,1 puntos, mientras que el sector externo detraer\u00e1 4 d\u00e9cimas, frente a las ocho previstas anteriormente, por el retraso de la recuperaci\u00f3n del turismo. Por el contrario, con <strong>una temporada tur\u00edstica del 12% de su valor habitual<\/strong>, el crecimiento este a\u00f1o se rebajar\u00eda al 4,2% y el a\u00f1o que viene, al 5,3%. A la vista del impacto tan importante del turismo, Funcas asegura que el principal desaf\u00edo de la recuperaci\u00f3n ser\u00e1 acelerar el proceso de vacunaci\u00f3n y dar certidumbre.<\/p>\n<p>En cuanto al mercado laboral, Funcas afirma que el impacto de la recuperaci\u00f3n sobre la creaci\u00f3n de nuevos empleos ser\u00e1 \u00abm\u00e1s limitado\u00bb que en anteriores fases expansivas, puesto que facilitar\u00e1 la reincorporaci\u00f3n de trabajadores en ERTE y de aut\u00f3nomos en cese de actividad. La tasa de paro todav\u00eda alcanzar\u00eda el 15,8% al final de 2022 frente al 14,1% antes de la crisis.<\/p>\n<span class='bctt-click-to-tweet'><span class='bctt-ctt-text'><a href='https:\/\/twitter.com\/intent\/tweet?url=https%3A%2F%2Fconversesacatalunya.cat%2Fes%2Ffuncas-confia-en-el-turismo-para-la-recuperacion-economica%2F&#038;text=El%20crecimiento%20del%205%2C7%25%20que%20estiman%20para%20este%20a%C3%B1o%20est%C3%A1%20basado%20en%20la%20hip%C3%B3tesis%20de%20que%20la%20campa%C3%B1a%20tur%C3%ADstica%20se%20sit%C3%BAe%20en%20el%2026%25%20del%20valor%20normal%20de%20las%20%C3%BAltimas%20campa%C3%B1as%20precovid&#038;via=conversesacat&#038;related=conversesacat' target='_blank'rel=\"noopener noreferrer\">El crecimiento del 5,7% que estiman para este a\u00f1o est\u00e1 basado en la hip\u00f3tesis de que la campa\u00f1a tur\u00edstica se sit\u00fae en el 26% del valor normal de las \u00faltimas campa\u00f1as precovid <\/a><\/span><a href='https:\/\/twitter.com\/intent\/tweet?url=https%3A%2F%2Fconversesacatalunya.cat%2Fes%2Ffuncas-confia-en-el-turismo-para-la-recuperacion-economica%2F&#038;text=El%20crecimiento%20del%205%2C7%25%20que%20estiman%20para%20este%20a%C3%B1o%20est%C3%A1%20basado%20en%20la%20hip%C3%B3tesis%20de%20que%20la%20campa%C3%B1a%20tur%C3%ADstica%20se%20sit%C3%BAe%20en%20el%2026%25%20del%20valor%20normal%20de%20las%20%C3%BAltimas%20campa%C3%B1as%20precovid&#038;via=conversesacat&#038;related=conversesacat' target='_blank' class='bctt-ctt-btn'rel=\"noopener noreferrer\">Compartir en X<\/a><\/span>\n<div id=\"polls-93\" class=\"wp-polls\">\n\t<form id=\"polls_form_93\" class=\"wp-polls-form\" action=\"\/index.php\" method=\"post\">\n\t\t<p style=\"display: none;\"><input type=\"hidden\" id=\"poll_93_nonce\" name=\"wp-polls-nonce\" value=\"95d8b48142\" \/><\/p>\n\t\t<p style=\"display: none;\"><input type=\"hidden\" name=\"poll_id\" value=\"93\" \/><\/p>\n\t\t<p style=\"text-align: center\"><strong>Creus que el Govern de la Generalitat gestiona b\u00e9 la compet\u00e8ncia sobre ordre p\u00fablic i seguretat ciutadana?<\/strong><\/p><div id=\"polls-93-ans\" class=\"wp-polls-ans\"><ul class=\"wp-polls-ul\">\n\t\t<li><input type=\"radio\" id=\"poll-answer-216\" name=\"poll_93\" value=\"216\" \/> <label for=\"poll-answer-216\">Si<\/label><\/li>\n\t\t<li><input type=\"radio\" id=\"poll-answer-217\" name=\"poll_93\" value=\"217\" \/> <label for=\"poll-answer-217\">No<\/label><\/li>\n\t\t<li><input type=\"radio\" id=\"poll-answer-218\" name=\"poll_93\" value=\"218\" \/> <label for=\"poll-answer-218\">No ho s\u00e9<\/label><\/li>\n\t\t<\/ul><p style=\"text-align: center\"><input type=\"button\" name=\"vote\" value=\"   Vota   \" class=\"Buttons\" onclick=\"poll_vote(93);\" \/><\/p><p style=\"text-align: center\"><a href=\"#ViewPollResults\" onclick=\"poll_result(93); return false;\" title=\"View Results Of This Poll\">Mira els resultats<\/a><\/p><\/div>\n\t<\/form>\n<\/div>\n<div id=\"polls-93-loading\" class=\"wp-polls-loading\"><img decoding=\"async\" data-src=\"https:\/\/conversesacatalunya.cat\/wp-content\/plugins\/wp-polls\/images\/loading.gif\" width=\"16\" height=\"16\" alt=\"Cargando ...\" title=\"Cargando ...\" class=\"wp-polls-image lazyload\" src=\"data:image\/svg+xml;base64,PHN2ZyB3aWR0aD0iMSIgaGVpZ2h0PSIxIiB4bWxucz0iaHR0cDovL3d3dy53My5vcmcvMjAwMC9zdmciPjwvc3ZnPg==\" style=\"--smush-placeholder-width: 16px; --smush-placeholder-aspect-ratio: 16\/16;\" \/>&nbsp;Cargando ...<\/div>\n\n","protected":false},"excerpt":{"rendered":"<p>Funcas, la Fundaci\u00f3n de las Cajas de Ahorro, estima que la recuperaci\u00f3n econ\u00f3mica queda cada vez m\u00e1s lejos y se pone en evidencia la dependencia del turismo internacional. Funcas ha rebajado un punto, hasta el 5,7%, su estimaci\u00f3n de crecimiento del PIB para este a\u00f1o debido al retraso en el inicio de la recuperaci\u00f3n como consecuencia de la tercera ola de covid-19, las restricciones a la actividad y a la movilidad, el lento avance de la campa\u00f1a de vacunaci\u00f3n y la contracci\u00f3n de algunos de los principales mercados de exportaci\u00f3n. Para 2022, espera un crecimiento del 6,3%, una d\u00e9cima m\u00e1s que lo estimado anteriormente, debido a que parte de la demanda embalsada de unos 56.000 millones de euros se seguir\u00e1 absorbiendo paulatinamente, as\u00ed como una mejora del turismo una vez completada la fase de la vacunaci\u00f3n contra el virus. De esta forma, el crecimiento del 5,7% que estiman para este a\u00f1o est\u00e1 basado en la hip\u00f3tesis de que la campa\u00f1a tur\u00edstica se sit\u00fae en el 26% del valor normal de las \u00faltimas campa\u00f1as precovid, y que esta se eleve al 75% en 2022. Adem\u00e1s, se absorber\u00e1 este a\u00f1o el 40% de la demanda embalsada de unos 56.000 millones de euros. En cuanto a la composici\u00f3n del PIB en 2021, aumenta la aportaci\u00f3n de la demanda interna en dos d\u00e9cimas, hasta 6,1 puntos, mientras que el sector externo detraer\u00e1 4 d\u00e9cimas, frente a las ocho previstas anteriormente, por el retraso de la recuperaci\u00f3n del turismo. Por el contrario, con una temporada tur\u00edstica del 12% de su valor habitual, el crecimiento este a\u00f1o se rebajar\u00eda al 4,2% y el a\u00f1o que viene, al 5,3%. A la vista del impacto tan importante del turismo, Funcas asegura que el principal desaf\u00edo de la recuperaci\u00f3n ser\u00e1 acelerar el proceso de vacunaci\u00f3n y dar certidumbre. En cuanto al mercado laboral, Funcas afirma que el impacto de la recuperaci\u00f3n sobre la creaci\u00f3n de nuevos empleos ser\u00e1 \u00abm\u00e1s limitado\u00bb que en anteriores fases expansivas, puesto que facilitar\u00e1 la reincorporaci\u00f3n de trabajadores en ERTE y de aut\u00f3nomos en cese de actividad. La tasa de paro todav\u00eda alcanzar\u00eda el 15,8% al final de 2022 frente al 14,1% antes de la crisis.<\/p>\n","protected":false},"author":20,"featured_media":45323,"comment_status":"open","ping_status":"open","sticky":false,"template":"","format":"standard","meta":{"_FSMCFIC_featured_image_caption":"","_FSMCFIC_featured_image_nocaption":"","_FSMCFIC_featured_image_hide":"","footnotes":""},"categories":[1772,806],"tags":[1504,3006,3321],"class_list":["post-45433","post","type-post","status-publish","format-standard","has-post-thumbnail","hentry","category-especial-coronavirus-es","category-punts-claus-del-dia-es","tag-coronavirus-es","tag-crisis-coronavirus","tag-funcas"],"yoast_head":"<!-- This site is optimized with the Yoast SEO plugin v26.8 - https:\/\/yoast.com\/product\/yoast-seo-wordpress\/ -->\n<title>Funcas conf\u00eda en el turismo para la recuperaci\u00f3n econ\u00f3mica -<\/title>\n<meta name=\"description\" content=\"A la luz del \u00faltimo informe de Funcas, la recuperaci\u00f3n econ\u00f3mica queda cada vez m\u00e1s lejos y se pone en evidencia la dependencia del turismo\" \/>\n<meta name=\"robots\" content=\"index, follow, max-snippet:-1, max-image-preview:large, max-video-preview:-1\" \/>\n<link rel=\"canonical\" href=\"https:\/\/conversesacatalunya.cat\/es\/funcas-confia-en-el-turismo-para-la-recuperacion-economica\/\" \/>\n<meta property=\"og:locale\" content=\"es_ES\" \/>\n<meta property=\"og:type\" content=\"article\" \/>\n<meta property=\"og:title\" content=\"Funcas conf\u00eda en el turismo para la recuperaci\u00f3n econ\u00f3mica -\" \/>\n<meta property=\"og:description\" content=\"A la luz del \u00faltimo informe de Funcas, la recuperaci\u00f3n econ\u00f3mica queda cada vez m\u00e1s lejos y se pone en evidencia la dependencia del turismo\" \/>\n<meta property=\"og:url\" content=\"https:\/\/conversesacatalunya.cat\/es\/funcas-confia-en-el-turismo-para-la-recuperacion-economica\/\" \/>\n<meta property=\"og:site_name\" content=\"Converses a Catalunya\" \/>\n<meta property=\"article:published_time\" content=\"2021-02-24T04:19:23+00:00\" \/>\n<meta property=\"article:modified_time\" content=\"2021-02-24T09:29:09+00:00\" \/>\n<meta property=\"og:image\" content=\"https:\/\/conversesacatalunya.cat\/wp-content\/uploads\/2021\/02\/Captura-1.png\" \/>\n\t<meta property=\"og:image:width\" content=\"1056\" \/>\n\t<meta property=\"og:image:height\" content=\"703\" \/>\n\t<meta property=\"og:image:type\" content=\"image\/png\" \/>\n<meta name=\"author\" content=\"conversesacatalunya\" \/>\n<meta name=\"twitter:card\" content=\"summary_large_image\" \/>\n<meta name=\"twitter:label1\" content=\"Escrito por\" \/>\n\t<meta name=\"twitter:data1\" content=\"conversesacatalunya\" \/>\n\t<meta name=\"twitter:label2\" content=\"Tiempo de lectura\" \/>\n\t<meta name=\"twitter:data2\" content=\"2 minutos\" \/>\n<script type=\"application\/ld+json\" class=\"yoast-schema-graph\">{\"@context\":\"https:\/\/schema.org\",\"@graph\":[{\"@type\":\"Article\",\"@id\":\"https:\/\/conversesacatalunya.cat\/es\/funcas-confia-en-el-turismo-para-la-recuperacion-economica\/#article\",\"isPartOf\":{\"@id\":\"https:\/\/conversesacatalunya.cat\/es\/funcas-confia-en-el-turismo-para-la-recuperacion-economica\/\"},\"author\":{\"name\":\"conversesacatalunya\",\"@id\":\"https:\/\/conversesacatalunya.cat\/#\/schema\/person\/a7a9496a363cd9847daf7cd659d92e64\"},\"headline\":\"Funcas conf\u00eda en el turismo para la recuperaci\u00f3n econ\u00f3mica\",\"datePublished\":\"2021-02-24T04:19:23+00:00\",\"dateModified\":\"2021-02-24T09:29:09+00:00\",\"mainEntityOfPage\":{\"@id\":\"https:\/\/conversesacatalunya.cat\/es\/funcas-confia-en-el-turismo-para-la-recuperacion-economica\/\"},\"wordCount\":437,\"commentCount\":0,\"image\":{\"@id\":\"https:\/\/conversesacatalunya.cat\/es\/funcas-confia-en-el-turismo-para-la-recuperacion-economica\/#primaryimage\"},\"thumbnailUrl\":\"https:\/\/conversesacatalunya.cat\/wp-content\/uploads\/2021\/02\/Captura-1.png\",\"keywords\":[\"coronavirus\",\"crisis coronavirus\",\"Funcas\"],\"articleSection\":[\"Especial Coronavirus (ES)\",\"Punts clau del dia (ES)\"],\"inLanguage\":\"es\",\"potentialAction\":[{\"@type\":\"CommentAction\",\"name\":\"Comment\",\"target\":[\"https:\/\/conversesacatalunya.cat\/es\/funcas-confia-en-el-turismo-para-la-recuperacion-economica\/#respond\"]}]},{\"@type\":\"WebPage\",\"@id\":\"https:\/\/conversesacatalunya.cat\/es\/funcas-confia-en-el-turismo-para-la-recuperacion-economica\/\",\"url\":\"https:\/\/conversesacatalunya.cat\/es\/funcas-confia-en-el-turismo-para-la-recuperacion-economica\/\",\"name\":\"Funcas conf\u00eda en el turismo para la recuperaci\u00f3n econ\u00f3mica -\",\"isPartOf\":{\"@id\":\"https:\/\/conversesacatalunya.cat\/#website\"},\"primaryImageOfPage\":{\"@id\":\"https:\/\/conversesacatalunya.cat\/es\/funcas-confia-en-el-turismo-para-la-recuperacion-economica\/#primaryimage\"},\"image\":{\"@id\":\"https:\/\/conversesacatalunya.cat\/es\/funcas-confia-en-el-turismo-para-la-recuperacion-economica\/#primaryimage\"},\"thumbnailUrl\":\"https:\/\/conversesacatalunya.cat\/wp-content\/uploads\/2021\/02\/Captura-1.png\",\"datePublished\":\"2021-02-24T04:19:23+00:00\",\"dateModified\":\"2021-02-24T09:29:09+00:00\",\"author\":{\"@id\":\"https:\/\/conversesacatalunya.cat\/#\/schema\/person\/a7a9496a363cd9847daf7cd659d92e64\"},\"description\":\"A la luz del \u00faltimo informe de Funcas, la recuperaci\u00f3n econ\u00f3mica queda cada vez m\u00e1s lejos y se pone en evidencia la dependencia del turismo\",\"breadcrumb\":{\"@id\":\"https:\/\/conversesacatalunya.cat\/es\/funcas-confia-en-el-turismo-para-la-recuperacion-economica\/#breadcrumb\"},\"inLanguage\":\"es\",\"potentialAction\":[{\"@type\":\"ReadAction\",\"target\":[\"https:\/\/conversesacatalunya.cat\/es\/funcas-confia-en-el-turismo-para-la-recuperacion-economica\/\"]}]},{\"@type\":\"ImageObject\",\"inLanguage\":\"es\",\"@id\":\"https:\/\/conversesacatalunya.cat\/es\/funcas-confia-en-el-turismo-para-la-recuperacion-economica\/#primaryimage\",\"url\":\"https:\/\/conversesacatalunya.cat\/wp-content\/uploads\/2021\/02\/Captura-1.png\",\"contentUrl\":\"https:\/\/conversesacatalunya.cat\/wp-content\/uploads\/2021\/02\/Captura-1.png\",\"width\":1056,\"height\":703,\"caption\":\"Funcas\"},{\"@type\":\"BreadcrumbList\",\"@id\":\"https:\/\/conversesacatalunya.cat\/es\/funcas-confia-en-el-turismo-para-la-recuperacion-economica\/#breadcrumb\",\"itemListElement\":[{\"@type\":\"ListItem\",\"position\":1,\"name\":\"Inici\",\"item\":\"https:\/\/conversesacatalunya.cat\/es\/\"},{\"@type\":\"ListItem\",\"position\":2,\"name\":\"Funcas conf\u00eda en el turismo para la recuperaci\u00f3n econ\u00f3mica\"}]},{\"@type\":\"WebSite\",\"@id\":\"https:\/\/conversesacatalunya.cat\/#website\",\"url\":\"https:\/\/conversesacatalunya.cat\/\",\"name\":\"Converses a Catalunya\",\"description\":\"\",\"potentialAction\":[{\"@type\":\"SearchAction\",\"target\":{\"@type\":\"EntryPoint\",\"urlTemplate\":\"https:\/\/conversesacatalunya.cat\/?s={search_term_string}\"},\"query-input\":{\"@type\":\"PropertyValueSpecification\",\"valueRequired\":true,\"valueName\":\"search_term_string\"}}],\"inLanguage\":\"es\"},{\"@type\":\"Person\",\"@id\":\"https:\/\/conversesacatalunya.cat\/#\/schema\/person\/a7a9496a363cd9847daf7cd659d92e64\",\"name\":\"conversesacatalunya\",\"image\":{\"@type\":\"ImageObject\",\"inLanguage\":\"es\",\"@id\":\"https:\/\/conversesacatalunya.cat\/#\/schema\/person\/image\/\",\"url\":\"https:\/\/conversesacatalunya.cat\/wp-content\/litespeed\/avatar\/ff91582b44ff9c880dc9c5ac2f5c7e89.jpg?ver=1777372947\",\"contentUrl\":\"https:\/\/conversesacatalunya.cat\/wp-content\/litespeed\/avatar\/ff91582b44ff9c880dc9c5ac2f5c7e89.jpg?ver=1777372947\",\"caption\":\"conversesacatalunya\"},\"url\":\"https:\/\/conversesacatalunya.cat\/es\/author\/francisco_garcia\/\"}]}<\/script>\n<!-- \/ Yoast SEO plugin. -->","yoast_head_json":{"title":"Funcas conf\u00eda en el turismo para la recuperaci\u00f3n econ\u00f3mica -","description":"A la luz del \u00faltimo informe de Funcas, la recuperaci\u00f3n econ\u00f3mica queda cada vez m\u00e1s lejos y se pone en evidencia la dependencia del turismo","robots":{"index":"index","follow":"follow","max-snippet":"max-snippet:-1","max-image-preview":"max-image-preview:large","max-video-preview":"max-video-preview:-1"},"canonical":"https:\/\/conversesacatalunya.cat\/es\/funcas-confia-en-el-turismo-para-la-recuperacion-economica\/","og_locale":"es_ES","og_type":"article","og_title":"Funcas conf\u00eda en el turismo para la recuperaci\u00f3n econ\u00f3mica -","og_description":"A la luz del \u00faltimo informe de Funcas, la recuperaci\u00f3n econ\u00f3mica queda cada vez m\u00e1s lejos y se pone en evidencia la dependencia del turismo","og_url":"https:\/\/conversesacatalunya.cat\/es\/funcas-confia-en-el-turismo-para-la-recuperacion-economica\/","og_site_name":"Converses a Catalunya","article_published_time":"2021-02-24T04:19:23+00:00","article_modified_time":"2021-02-24T09:29:09+00:00","og_image":[{"width":1056,"height":703,"url":"https:\/\/conversesacatalunya.cat\/wp-content\/uploads\/2021\/02\/Captura-1.png","type":"image\/png"}],"author":"conversesacatalunya","twitter_card":"summary_large_image","twitter_misc":{"Escrito por":"conversesacatalunya","Tiempo de lectura":"2 minutos"},"schema":{"@context":"https:\/\/schema.org","@graph":[{"@type":"Article","@id":"https:\/\/conversesacatalunya.cat\/es\/funcas-confia-en-el-turismo-para-la-recuperacion-economica\/#article","isPartOf":{"@id":"https:\/\/conversesacatalunya.cat\/es\/funcas-confia-en-el-turismo-para-la-recuperacion-economica\/"},"author":{"name":"conversesacatalunya","@id":"https:\/\/conversesacatalunya.cat\/#\/schema\/person\/a7a9496a363cd9847daf7cd659d92e64"},"headline":"Funcas conf\u00eda en el turismo para la recuperaci\u00f3n econ\u00f3mica","datePublished":"2021-02-24T04:19:23+00:00","dateModified":"2021-02-24T09:29:09+00:00","mainEntityOfPage":{"@id":"https:\/\/conversesacatalunya.cat\/es\/funcas-confia-en-el-turismo-para-la-recuperacion-economica\/"},"wordCount":437,"commentCount":0,"image":{"@id":"https:\/\/conversesacatalunya.cat\/es\/funcas-confia-en-el-turismo-para-la-recuperacion-economica\/#primaryimage"},"thumbnailUrl":"https:\/\/conversesacatalunya.cat\/wp-content\/uploads\/2021\/02\/Captura-1.png","keywords":["coronavirus","crisis coronavirus","Funcas"],"articleSection":["Especial Coronavirus (ES)","Punts clau del dia (ES)"],"inLanguage":"es","potentialAction":[{"@type":"CommentAction","name":"Comment","target":["https:\/\/conversesacatalunya.cat\/es\/funcas-confia-en-el-turismo-para-la-recuperacion-economica\/#respond"]}]},{"@type":"WebPage","@id":"https:\/\/conversesacatalunya.cat\/es\/funcas-confia-en-el-turismo-para-la-recuperacion-economica\/","url":"https:\/\/conversesacatalunya.cat\/es\/funcas-confia-en-el-turismo-para-la-recuperacion-economica\/","name":"Funcas conf\u00eda en el turismo para la recuperaci\u00f3n econ\u00f3mica -","isPartOf":{"@id":"https:\/\/conversesacatalunya.cat\/#website"},"primaryImageOfPage":{"@id":"https:\/\/conversesacatalunya.cat\/es\/funcas-confia-en-el-turismo-para-la-recuperacion-economica\/#primaryimage"},"image":{"@id":"https:\/\/conversesacatalunya.cat\/es\/funcas-confia-en-el-turismo-para-la-recuperacion-economica\/#primaryimage"},"thumbnailUrl":"https:\/\/conversesacatalunya.cat\/wp-content\/uploads\/2021\/02\/Captura-1.png","datePublished":"2021-02-24T04:19:23+00:00","dateModified":"2021-02-24T09:29:09+00:00","author":{"@id":"https:\/\/conversesacatalunya.cat\/#\/schema\/person\/a7a9496a363cd9847daf7cd659d92e64"},"description":"A la luz del \u00faltimo informe de Funcas, la recuperaci\u00f3n econ\u00f3mica queda cada vez m\u00e1s lejos y se pone en evidencia la dependencia del turismo","breadcrumb":{"@id":"https:\/\/conversesacatalunya.cat\/es\/funcas-confia-en-el-turismo-para-la-recuperacion-economica\/#breadcrumb"},"inLanguage":"es","potentialAction":[{"@type":"ReadAction","target":["https:\/\/conversesacatalunya.cat\/es\/funcas-confia-en-el-turismo-para-la-recuperacion-economica\/"]}]},{"@type":"ImageObject","inLanguage":"es","@id":"https:\/\/conversesacatalunya.cat\/es\/funcas-confia-en-el-turismo-para-la-recuperacion-economica\/#primaryimage","url":"https:\/\/conversesacatalunya.cat\/wp-content\/uploads\/2021\/02\/Captura-1.png","contentUrl":"https:\/\/conversesacatalunya.cat\/wp-content\/uploads\/2021\/02\/Captura-1.png","width":1056,"height":703,"caption":"Funcas"},{"@type":"BreadcrumbList","@id":"https:\/\/conversesacatalunya.cat\/es\/funcas-confia-en-el-turismo-para-la-recuperacion-economica\/#breadcrumb","itemListElement":[{"@type":"ListItem","position":1,"name":"Inici","item":"https:\/\/conversesacatalunya.cat\/es\/"},{"@type":"ListItem","position":2,"name":"Funcas conf\u00eda en el turismo para la recuperaci\u00f3n econ\u00f3mica"}]},{"@type":"WebSite","@id":"https:\/\/conversesacatalunya.cat\/#website","url":"https:\/\/conversesacatalunya.cat\/","name":"Converses a Catalunya","description":"","potentialAction":[{"@type":"SearchAction","target":{"@type":"EntryPoint","urlTemplate":"https:\/\/conversesacatalunya.cat\/?s={search_term_string}"},"query-input":{"@type":"PropertyValueSpecification","valueRequired":true,"valueName":"search_term_string"}}],"inLanguage":"es"},{"@type":"Person","@id":"https:\/\/conversesacatalunya.cat\/#\/schema\/person\/a7a9496a363cd9847daf7cd659d92e64","name":"conversesacatalunya","image":{"@type":"ImageObject","inLanguage":"es","@id":"https:\/\/conversesacatalunya.cat\/#\/schema\/person\/image\/","url":"https:\/\/conversesacatalunya.cat\/wp-content\/litespeed\/avatar\/ff91582b44ff9c880dc9c5ac2f5c7e89.jpg?ver=1777372947","contentUrl":"https:\/\/conversesacatalunya.cat\/wp-content\/litespeed\/avatar\/ff91582b44ff9c880dc9c5ac2f5c7e89.jpg?ver=1777372947","caption":"conversesacatalunya"},"url":"https:\/\/conversesacatalunya.cat\/es\/author\/francisco_garcia\/"}]}},"wps_subtitle":"A la luz del \u00faltimo informe de Funcas, la recuperaci\u00f3n econ\u00f3mica queda cada vez m\u00e1s lejos y se pone en evidencia la dependencia del turismo internacional","_links":{"self":[{"href":"https:\/\/conversesacatalunya.cat\/es\/wp-json\/wp\/v2\/posts\/45433","targetHints":{"allow":["GET"]}}],"collection":[{"href":"https:\/\/conversesacatalunya.cat\/es\/wp-json\/wp\/v2\/posts"}],"about":[{"href":"https:\/\/conversesacatalunya.cat\/es\/wp-json\/wp\/v2\/types\/post"}],"author":[{"embeddable":true,"href":"https:\/\/conversesacatalunya.cat\/es\/wp-json\/wp\/v2\/users\/20"}],"replies":[{"embeddable":true,"href":"https:\/\/conversesacatalunya.cat\/es\/wp-json\/wp\/v2\/comments?post=45433"}],"version-history":[{"count":2,"href":"https:\/\/conversesacatalunya.cat\/es\/wp-json\/wp\/v2\/posts\/45433\/revisions"}],"predecessor-version":[{"id":45435,"href":"https:\/\/conversesacatalunya.cat\/es\/wp-json\/wp\/v2\/posts\/45433\/revisions\/45435"}],"wp:featuredmedia":[{"embeddable":true,"href":"https:\/\/conversesacatalunya.cat\/es\/wp-json\/wp\/v2\/media\/45323"}],"wp:attachment":[{"href":"https:\/\/conversesacatalunya.cat\/es\/wp-json\/wp\/v2\/media?parent=45433"}],"wp:term":[{"taxonomy":"category","embeddable":true,"href":"https:\/\/conversesacatalunya.cat\/es\/wp-json\/wp\/v2\/categories?post=45433"},{"taxonomy":"post_tag","embeddable":true,"href":"https:\/\/conversesacatalunya.cat\/es\/wp-json\/wp\/v2\/tags?post=45433"}],"curies":[{"name":"wp","href":"https:\/\/api.w.org\/{rel}","templated":true}]}}