{"id":45396,"date":"2021-02-23T13:12:22","date_gmt":"2021-02-23T12:12:22","guid":{"rendered":"https:\/\/conversesacatalunya.cat\/el-proxim-govern-catala-sera-independentista\/"},"modified":"2021-02-23T13:18:38","modified_gmt":"2021-02-23T12:18:38","slug":"el-proximo-gobierno-catalan-sera-independentista","status":"publish","type":"post","link":"https:\/\/conversesacatalunya.cat\/es\/el-proximo-gobierno-catalan-sera-independentista\/","title":{"rendered":"Resultados de la encuesta anterior: \u00bfCon los resultados electorales del 14F, crees que el pr\u00f3ximo gobierno catal\u00e1n ser\u00e1 independentista?"},"content":{"rendered":"<p><span>En la encuesta anterior: \u00bfCon los resultados electorales del 14F, crees que el pr\u00f3ximo gobierno catal\u00e1n ser\u00e1 independentista? <span class=\"goog-text-highlight\">Nuestros lectores han votado lo siguiente:<\/span><\/span><\/p>\n<p><strong><span>S\u00ed un 65%<\/span><\/strong><\/p>\n<p><strong><span>No lo s\u00e9 un 19%<\/span><\/strong><\/p>\n<p><strong><span>No un 16%<\/span><\/strong><\/p>\n<p><span>La mayor\u00eda de nuestros votantes creen que habr\u00e1 un gobierno independentista, pero tal como est\u00e1n yendo las negociaciones, parece dif\u00edcil poder confirmarlo.<\/span><\/p>\n<p><span>ERC est\u00e1 pivotando las conversaciones, pero se est\u00e1 encontrando con muchos vetos entre partidos que podr\u00edan entrar en el gobierno.<\/span><\/p>\n<p><span>Por otra parte, el PSC no tira la toalla, y tambi\u00e9n tiene encuentros con diferentes dirigentes pol\u00edticos.<\/span><\/p>\n<p><span>Parece, pues, a estas alturas que a\u00fan falta mucho para poder tener un gobierno catal\u00e1n.<\/span><\/p>\n<div id=\"polls-93\" class=\"wp-polls\">\n\t<form id=\"polls_form_93\" class=\"wp-polls-form\" action=\"\/index.php\" method=\"post\">\n\t\t<p style=\"display: none;\"><input type=\"hidden\" id=\"poll_93_nonce\" name=\"wp-polls-nonce\" value=\"a4a1ac3833\" \/><\/p>\n\t\t<p style=\"display: none;\"><input type=\"hidden\" name=\"poll_id\" value=\"93\" \/><\/p>\n\t\t<p style=\"text-align: center\"><strong>Creus que el Govern de la Generalitat gestiona b\u00e9 la compet\u00e8ncia sobre ordre p\u00fablic i seguretat ciutadana?<\/strong><\/p><div id=\"polls-93-ans\" class=\"wp-polls-ans\"><ul class=\"wp-polls-ul\">\n\t\t<li><input type=\"radio\" id=\"poll-answer-216\" name=\"poll_93\" value=\"216\" \/> <label for=\"poll-answer-216\">Si<\/label><\/li>\n\t\t<li><input type=\"radio\" id=\"poll-answer-217\" name=\"poll_93\" value=\"217\" \/> <label for=\"poll-answer-217\">No<\/label><\/li>\n\t\t<li><input type=\"radio\" id=\"poll-answer-218\" name=\"poll_93\" value=\"218\" \/> <label for=\"poll-answer-218\">No ho s\u00e9<\/label><\/li>\n\t\t<\/ul><p style=\"text-align: center\"><input type=\"button\" name=\"vote\" value=\"   Vota   \" class=\"Buttons\" onclick=\"poll_vote(93);\" \/><\/p><p style=\"text-align: center\"><a href=\"#ViewPollResults\" onclick=\"poll_result(93); return false;\" title=\"View Results Of This Poll\">Mira els resultats<\/a><\/p><\/div>\n\t<\/form>\n<\/div>\n<div id=\"polls-93-loading\" class=\"wp-polls-loading\"><img decoding=\"async\" data-src=\"https:\/\/conversesacatalunya.cat\/wp-content\/plugins\/wp-polls\/images\/loading.gif\" width=\"16\" height=\"16\" alt=\"Cargando ...\" title=\"Cargando ...\" class=\"wp-polls-image lazyload\" src=\"data:image\/svg+xml;base64,PHN2ZyB3aWR0aD0iMSIgaGVpZ2h0PSIxIiB4bWxucz0iaHR0cDovL3d3dy53My5vcmcvMjAwMC9zdmciPjwvc3ZnPg==\" style=\"--smush-placeholder-width: 16px; --smush-placeholder-aspect-ratio: 16\/16;\" \/>&nbsp;Cargando ...<\/div>\n\n","protected":false},"excerpt":{"rendered":"<p>En la encuesta anterior: \u00bfCon los resultados electorales del 14F, crees que el pr\u00f3ximo gobierno catal\u00e1n ser\u00e1 independentista? Nuestros lectores han votado lo siguiente: S\u00ed un 65% No lo s\u00e9 un 19% No un 16% La mayor\u00eda de nuestros votantes creen que habr\u00e1 un gobierno independentista, pero tal como est\u00e1n yendo las negociaciones, parece dif\u00edcil poder confirmarlo. ERC est\u00e1 pivotando las conversaciones, pero se est\u00e1 encontrando con muchos vetos entre partidos que podr\u00edan entrar en el gobierno. Por otra parte, el PSC no tira la toalla, y tambi\u00e9n tiene encuentros con diferentes dirigentes pol\u00edticos. Parece, pues, a estas alturas que a\u00fan falta mucho para poder tener un gobierno catal\u00e1n.<\/p>\n","protected":false},"author":3,"featured_media":45388,"comment_status":"open","ping_status":"open","sticky":false,"template":"","format":"standard","meta":{"_FSMCFIC_featured_image_caption":"","_FSMCFIC_featured_image_nocaption":"","_FSMCFIC_featured_image_hide":"","footnotes":""},"categories":[789],"tags":[3415],"class_list":["post-45396","post","type-post","status-publish","format-standard","has-post-thumbnail","hentry","category-objectius-especifics-es","tag-elecciones-14-f"],"yoast_head":"<!-- This site is optimized with the Yoast SEO plugin v26.8 - https:\/\/yoast.com\/product\/yoast-seo-wordpress\/ -->\n<title>Resultados de la encuesta anterior: \u00bfCon los resultados electorales del 14F, crees que el pr\u00f3ximo gobierno catal\u00e1n ser\u00e1 independentista? - Converses a Catalunya<\/title>\n<meta name=\"description\" content=\"En la encuesta anterior: \u00bfCon los resultados electorales del 14F, crees que el pr\u00f3ximo gobierno catal\u00e1n ser\u00e1 independentista? han votado\" \/>\n<meta name=\"robots\" content=\"index, follow, max-snippet:-1, max-image-preview:large, max-video-preview:-1\" \/>\n<link rel=\"canonical\" href=\"https:\/\/conversesacatalunya.cat\/es\/el-proximo-gobierno-catalan-sera-independentista\/\" \/>\n<meta property=\"og:locale\" content=\"es_ES\" \/>\n<meta property=\"og:type\" content=\"article\" \/>\n<meta property=\"og:title\" content=\"Resultados de la encuesta anterior: \u00bfCon los resultados electorales del 14F, crees que el pr\u00f3ximo gobierno catal\u00e1n ser\u00e1 independentista? - Converses a Catalunya\" \/>\n<meta property=\"og:description\" content=\"En la encuesta anterior: \u00bfCon los resultados electorales del 14F, crees que el pr\u00f3ximo gobierno catal\u00e1n ser\u00e1 independentista? han votado\" \/>\n<meta property=\"og:url\" content=\"https:\/\/conversesacatalunya.cat\/es\/el-proximo-gobierno-catalan-sera-independentista\/\" \/>\n<meta property=\"og:site_name\" content=\"Converses a Catalunya\" \/>\n<meta property=\"article:published_time\" content=\"2021-02-23T12:12:22+00:00\" \/>\n<meta property=\"article:modified_time\" content=\"2021-02-23T12:18:38+00:00\" \/>\n<meta property=\"og:image\" content=\"https:\/\/conversesacatalunya.cat\/wp-content\/uploads\/2021\/02\/parlament-de-catalunya.jpg\" \/>\n\t<meta property=\"og:image:width\" content=\"2048\" \/>\n\t<meta property=\"og:image:height\" content=\"1536\" \/>\n\t<meta property=\"og:image:type\" content=\"image\/jpeg\" \/>\n<meta name=\"author\" content=\"conversesacatalunya\" \/>\n<meta name=\"twitter:card\" content=\"summary_large_image\" \/>\n<meta name=\"twitter:label1\" content=\"Escrito por\" \/>\n\t<meta name=\"twitter:data1\" content=\"conversesacatalunya\" \/>\n\t<meta name=\"twitter:label2\" content=\"Tiempo de lectura\" \/>\n\t<meta name=\"twitter:data2\" content=\"1 minuto\" \/>\n<script type=\"application\/ld+json\" class=\"yoast-schema-graph\">{\"@context\":\"https:\/\/schema.org\",\"@graph\":[{\"@type\":\"Article\",\"@id\":\"https:\/\/conversesacatalunya.cat\/es\/el-proximo-gobierno-catalan-sera-independentista\/#article\",\"isPartOf\":{\"@id\":\"https:\/\/conversesacatalunya.cat\/es\/el-proximo-gobierno-catalan-sera-independentista\/\"},\"author\":{\"name\":\"conversesacatalunya\",\"@id\":\"https:\/\/conversesacatalunya.cat\/#\/schema\/person\/982274792508d804a0821b413c9ac076\"},\"headline\":\"Resultados de la encuesta anterior: \u00bfCon los resultados electorales del 14F, crees que el pr\u00f3ximo gobierno catal\u00e1n ser\u00e1 independentista?\",\"datePublished\":\"2021-02-23T12:12:22+00:00\",\"dateModified\":\"2021-02-23T12:18:38+00:00\",\"mainEntityOfPage\":{\"@id\":\"https:\/\/conversesacatalunya.cat\/es\/el-proximo-gobierno-catalan-sera-independentista\/\"},\"wordCount\":139,\"commentCount\":0,\"image\":{\"@id\":\"https:\/\/conversesacatalunya.cat\/es\/el-proximo-gobierno-catalan-sera-independentista\/#primaryimage\"},\"thumbnailUrl\":\"https:\/\/conversesacatalunya.cat\/wp-content\/uploads\/2021\/02\/parlament-de-catalunya.jpg\",\"keywords\":[\"elecciones 14-F\"],\"articleSection\":[\"Objectius espec\u00edfics (ES)\"],\"inLanguage\":\"es\",\"potentialAction\":[{\"@type\":\"CommentAction\",\"name\":\"Comment\",\"target\":[\"https:\/\/conversesacatalunya.cat\/es\/el-proximo-gobierno-catalan-sera-independentista\/#respond\"]}]},{\"@type\":\"WebPage\",\"@id\":\"https:\/\/conversesacatalunya.cat\/es\/el-proximo-gobierno-catalan-sera-independentista\/\",\"url\":\"https:\/\/conversesacatalunya.cat\/es\/el-proximo-gobierno-catalan-sera-independentista\/\",\"name\":\"Resultados de la encuesta anterior: \u00bfCon los resultados electorales del 14F, crees que el pr\u00f3ximo gobierno catal\u00e1n ser\u00e1 independentista? - Converses a Catalunya\",\"isPartOf\":{\"@id\":\"https:\/\/conversesacatalunya.cat\/#website\"},\"primaryImageOfPage\":{\"@id\":\"https:\/\/conversesacatalunya.cat\/es\/el-proximo-gobierno-catalan-sera-independentista\/#primaryimage\"},\"image\":{\"@id\":\"https:\/\/conversesacatalunya.cat\/es\/el-proximo-gobierno-catalan-sera-independentista\/#primaryimage\"},\"thumbnailUrl\":\"https:\/\/conversesacatalunya.cat\/wp-content\/uploads\/2021\/02\/parlament-de-catalunya.jpg\",\"datePublished\":\"2021-02-23T12:12:22+00:00\",\"dateModified\":\"2021-02-23T12:18:38+00:00\",\"author\":{\"@id\":\"https:\/\/conversesacatalunya.cat\/#\/schema\/person\/982274792508d804a0821b413c9ac076\"},\"description\":\"En la encuesta anterior: \u00bfCon los resultados electorales del 14F, crees que el pr\u00f3ximo gobierno catal\u00e1n ser\u00e1 independentista? han votado\",\"breadcrumb\":{\"@id\":\"https:\/\/conversesacatalunya.cat\/es\/el-proximo-gobierno-catalan-sera-independentista\/#breadcrumb\"},\"inLanguage\":\"es\",\"potentialAction\":[{\"@type\":\"ReadAction\",\"target\":[\"https:\/\/conversesacatalunya.cat\/es\/el-proximo-gobierno-catalan-sera-independentista\/\"]}]},{\"@type\":\"ImageObject\",\"inLanguage\":\"es\",\"@id\":\"https:\/\/conversesacatalunya.cat\/es\/el-proximo-gobierno-catalan-sera-independentista\/#primaryimage\",\"url\":\"https:\/\/conversesacatalunya.cat\/wp-content\/uploads\/2021\/02\/parlament-de-catalunya.jpg\",\"contentUrl\":\"https:\/\/conversesacatalunya.cat\/wp-content\/uploads\/2021\/02\/parlament-de-catalunya.jpg\",\"width\":2048,\"height\":1536,\"caption\":\"gobierno catal\u00e1n\"},{\"@type\":\"BreadcrumbList\",\"@id\":\"https:\/\/conversesacatalunya.cat\/es\/el-proximo-gobierno-catalan-sera-independentista\/#breadcrumb\",\"itemListElement\":[{\"@type\":\"ListItem\",\"position\":1,\"name\":\"Inici\",\"item\":\"https:\/\/conversesacatalunya.cat\/es\/\"},{\"@type\":\"ListItem\",\"position\":2,\"name\":\"Resultados de la encuesta anterior: \u00bfCon los resultados electorales del 14F, crees que el pr\u00f3ximo gobierno catal\u00e1n ser\u00e1 independentista?\"}]},{\"@type\":\"WebSite\",\"@id\":\"https:\/\/conversesacatalunya.cat\/#website\",\"url\":\"https:\/\/conversesacatalunya.cat\/\",\"name\":\"Converses a Catalunya\",\"description\":\"\",\"potentialAction\":[{\"@type\":\"SearchAction\",\"target\":{\"@type\":\"EntryPoint\",\"urlTemplate\":\"https:\/\/conversesacatalunya.cat\/?s={search_term_string}\"},\"query-input\":{\"@type\":\"PropertyValueSpecification\",\"valueRequired\":true,\"valueName\":\"search_term_string\"}}],\"inLanguage\":\"es\"},{\"@type\":\"Person\",\"@id\":\"https:\/\/conversesacatalunya.cat\/#\/schema\/person\/982274792508d804a0821b413c9ac076\",\"name\":\"conversesacatalunya\",\"image\":{\"@type\":\"ImageObject\",\"inLanguage\":\"es\",\"@id\":\"https:\/\/conversesacatalunya.cat\/#\/schema\/person\/image\/\",\"url\":\"https:\/\/conversesacatalunya.cat\/wp-content\/litespeed\/avatar\/f04b47eeffd9637c7cf7869e217fb9ec.jpg?ver=1777370077\",\"contentUrl\":\"https:\/\/conversesacatalunya.cat\/wp-content\/litespeed\/avatar\/f04b47eeffd9637c7cf7869e217fb9ec.jpg?ver=1777370077\",\"caption\":\"conversesacatalunya\"},\"url\":\"https:\/\/conversesacatalunya.cat\/es\/author\/muntsa_escola\/\"}]}<\/script>\n<!-- \/ Yoast SEO plugin. -->","yoast_head_json":{"title":"Resultados de la encuesta anterior: \u00bfCon los resultados electorales del 14F, crees que el pr\u00f3ximo gobierno catal\u00e1n ser\u00e1 independentista? - Converses a Catalunya","description":"En la encuesta anterior: \u00bfCon los resultados electorales del 14F, crees que el pr\u00f3ximo gobierno catal\u00e1n ser\u00e1 independentista? han votado","robots":{"index":"index","follow":"follow","max-snippet":"max-snippet:-1","max-image-preview":"max-image-preview:large","max-video-preview":"max-video-preview:-1"},"canonical":"https:\/\/conversesacatalunya.cat\/es\/el-proximo-gobierno-catalan-sera-independentista\/","og_locale":"es_ES","og_type":"article","og_title":"Resultados de la encuesta anterior: \u00bfCon los resultados electorales del 14F, crees que el pr\u00f3ximo gobierno catal\u00e1n ser\u00e1 independentista? - Converses a Catalunya","og_description":"En la encuesta anterior: \u00bfCon los resultados electorales del 14F, crees que el pr\u00f3ximo gobierno catal\u00e1n ser\u00e1 independentista? han votado","og_url":"https:\/\/conversesacatalunya.cat\/es\/el-proximo-gobierno-catalan-sera-independentista\/","og_site_name":"Converses a Catalunya","article_published_time":"2021-02-23T12:12:22+00:00","article_modified_time":"2021-02-23T12:18:38+00:00","og_image":[{"width":2048,"height":1536,"url":"https:\/\/conversesacatalunya.cat\/wp-content\/uploads\/2021\/02\/parlament-de-catalunya.jpg","type":"image\/jpeg"}],"author":"conversesacatalunya","twitter_card":"summary_large_image","twitter_misc":{"Escrito por":"conversesacatalunya","Tiempo de lectura":"1 minuto"},"schema":{"@context":"https:\/\/schema.org","@graph":[{"@type":"Article","@id":"https:\/\/conversesacatalunya.cat\/es\/el-proximo-gobierno-catalan-sera-independentista\/#article","isPartOf":{"@id":"https:\/\/conversesacatalunya.cat\/es\/el-proximo-gobierno-catalan-sera-independentista\/"},"author":{"name":"conversesacatalunya","@id":"https:\/\/conversesacatalunya.cat\/#\/schema\/person\/982274792508d804a0821b413c9ac076"},"headline":"Resultados de la encuesta anterior: \u00bfCon los resultados electorales del 14F, crees que el pr\u00f3ximo gobierno catal\u00e1n ser\u00e1 independentista?","datePublished":"2021-02-23T12:12:22+00:00","dateModified":"2021-02-23T12:18:38+00:00","mainEntityOfPage":{"@id":"https:\/\/conversesacatalunya.cat\/es\/el-proximo-gobierno-catalan-sera-independentista\/"},"wordCount":139,"commentCount":0,"image":{"@id":"https:\/\/conversesacatalunya.cat\/es\/el-proximo-gobierno-catalan-sera-independentista\/#primaryimage"},"thumbnailUrl":"https:\/\/conversesacatalunya.cat\/wp-content\/uploads\/2021\/02\/parlament-de-catalunya.jpg","keywords":["elecciones 14-F"],"articleSection":["Objectius espec\u00edfics (ES)"],"inLanguage":"es","potentialAction":[{"@type":"CommentAction","name":"Comment","target":["https:\/\/conversesacatalunya.cat\/es\/el-proximo-gobierno-catalan-sera-independentista\/#respond"]}]},{"@type":"WebPage","@id":"https:\/\/conversesacatalunya.cat\/es\/el-proximo-gobierno-catalan-sera-independentista\/","url":"https:\/\/conversesacatalunya.cat\/es\/el-proximo-gobierno-catalan-sera-independentista\/","name":"Resultados de la encuesta anterior: \u00bfCon los resultados electorales del 14F, crees que el pr\u00f3ximo gobierno catal\u00e1n ser\u00e1 independentista? - Converses a Catalunya","isPartOf":{"@id":"https:\/\/conversesacatalunya.cat\/#website"},"primaryImageOfPage":{"@id":"https:\/\/conversesacatalunya.cat\/es\/el-proximo-gobierno-catalan-sera-independentista\/#primaryimage"},"image":{"@id":"https:\/\/conversesacatalunya.cat\/es\/el-proximo-gobierno-catalan-sera-independentista\/#primaryimage"},"thumbnailUrl":"https:\/\/conversesacatalunya.cat\/wp-content\/uploads\/2021\/02\/parlament-de-catalunya.jpg","datePublished":"2021-02-23T12:12:22+00:00","dateModified":"2021-02-23T12:18:38+00:00","author":{"@id":"https:\/\/conversesacatalunya.cat\/#\/schema\/person\/982274792508d804a0821b413c9ac076"},"description":"En la encuesta anterior: \u00bfCon los resultados electorales del 14F, crees que el pr\u00f3ximo gobierno catal\u00e1n ser\u00e1 independentista? han votado","breadcrumb":{"@id":"https:\/\/conversesacatalunya.cat\/es\/el-proximo-gobierno-catalan-sera-independentista\/#breadcrumb"},"inLanguage":"es","potentialAction":[{"@type":"ReadAction","target":["https:\/\/conversesacatalunya.cat\/es\/el-proximo-gobierno-catalan-sera-independentista\/"]}]},{"@type":"ImageObject","inLanguage":"es","@id":"https:\/\/conversesacatalunya.cat\/es\/el-proximo-gobierno-catalan-sera-independentista\/#primaryimage","url":"https:\/\/conversesacatalunya.cat\/wp-content\/uploads\/2021\/02\/parlament-de-catalunya.jpg","contentUrl":"https:\/\/conversesacatalunya.cat\/wp-content\/uploads\/2021\/02\/parlament-de-catalunya.jpg","width":2048,"height":1536,"caption":"gobierno catal\u00e1n"},{"@type":"BreadcrumbList","@id":"https:\/\/conversesacatalunya.cat\/es\/el-proximo-gobierno-catalan-sera-independentista\/#breadcrumb","itemListElement":[{"@type":"ListItem","position":1,"name":"Inici","item":"https:\/\/conversesacatalunya.cat\/es\/"},{"@type":"ListItem","position":2,"name":"Resultados de la encuesta anterior: \u00bfCon los resultados electorales del 14F, crees que el pr\u00f3ximo gobierno catal\u00e1n ser\u00e1 independentista?"}]},{"@type":"WebSite","@id":"https:\/\/conversesacatalunya.cat\/#website","url":"https:\/\/conversesacatalunya.cat\/","name":"Converses a Catalunya","description":"","potentialAction":[{"@type":"SearchAction","target":{"@type":"EntryPoint","urlTemplate":"https:\/\/conversesacatalunya.cat\/?s={search_term_string}"},"query-input":{"@type":"PropertyValueSpecification","valueRequired":true,"valueName":"search_term_string"}}],"inLanguage":"es"},{"@type":"Person","@id":"https:\/\/conversesacatalunya.cat\/#\/schema\/person\/982274792508d804a0821b413c9ac076","name":"conversesacatalunya","image":{"@type":"ImageObject","inLanguage":"es","@id":"https:\/\/conversesacatalunya.cat\/#\/schema\/person\/image\/","url":"https:\/\/conversesacatalunya.cat\/wp-content\/litespeed\/avatar\/f04b47eeffd9637c7cf7869e217fb9ec.jpg?ver=1777370077","contentUrl":"https:\/\/conversesacatalunya.cat\/wp-content\/litespeed\/avatar\/f04b47eeffd9637c7cf7869e217fb9ec.jpg?ver=1777370077","caption":"conversesacatalunya"},"url":"https:\/\/conversesacatalunya.cat\/es\/author\/muntsa_escola\/"}]}},"wps_subtitle":"","_links":{"self":[{"href":"https:\/\/conversesacatalunya.cat\/es\/wp-json\/wp\/v2\/posts\/45396","targetHints":{"allow":["GET"]}}],"collection":[{"href":"https:\/\/conversesacatalunya.cat\/es\/wp-json\/wp\/v2\/posts"}],"about":[{"href":"https:\/\/conversesacatalunya.cat\/es\/wp-json\/wp\/v2\/types\/post"}],"author":[{"embeddable":true,"href":"https:\/\/conversesacatalunya.cat\/es\/wp-json\/wp\/v2\/users\/3"}],"replies":[{"embeddable":true,"href":"https:\/\/conversesacatalunya.cat\/es\/wp-json\/wp\/v2\/comments?post=45396"}],"version-history":[{"count":3,"href":"https:\/\/conversesacatalunya.cat\/es\/wp-json\/wp\/v2\/posts\/45396\/revisions"}],"predecessor-version":[{"id":45400,"href":"https:\/\/conversesacatalunya.cat\/es\/wp-json\/wp\/v2\/posts\/45396\/revisions\/45400"}],"wp:featuredmedia":[{"embeddable":true,"href":"https:\/\/conversesacatalunya.cat\/es\/wp-json\/wp\/v2\/media\/45388"}],"wp:attachment":[{"href":"https:\/\/conversesacatalunya.cat\/es\/wp-json\/wp\/v2\/media?parent=45396"}],"wp:term":[{"taxonomy":"category","embeddable":true,"href":"https:\/\/conversesacatalunya.cat\/es\/wp-json\/wp\/v2\/categories?post=45396"},{"taxonomy":"post_tag","embeddable":true,"href":"https:\/\/conversesacatalunya.cat\/es\/wp-json\/wp\/v2\/tags?post=45396"}],"curies":[{"name":"wp","href":"https:\/\/api.w.org\/{rel}","templated":true}]}}