{"id":45380,"date":"2021-02-23T11:19:47","date_gmt":"2021-02-23T10:19:47","guid":{"rendered":"https:\/\/conversesacatalunya.cat\/?p=45380"},"modified":"2021-02-23T13:20:06","modified_gmt":"2021-02-23T12:20:06","slug":"el-66-de-las-empresas-esperan-recuperarse-a-partir-del-2022","status":"publish","type":"post","link":"https:\/\/conversesacatalunya.cat\/es\/el-66-de-las-empresas-esperan-recuperarse-a-partir-del-2022\/","title":{"rendered":"El 66% de las empresas esperan recuperarse a partir del 2022"},"content":{"rendered":"<p>El 66% de las empresas <strong>conf\u00edan en poder recuperarse a partir del a\u00f1o 2022<\/strong>. As\u00ed lo refleja el \u00faltimo informe \u00abPerspectivas Espa\u00f1a\u00bb realizado por KPMG y la CEOE. Aunque la confianza empresarial sigue estando marcada negativamente por la crisis sanitaria, el informe desvela una ligera mejor\u00eda respecto al anterior sondeo realizado por KPMG el pasado mes de julio. Siete de cada diez empresarios o directivos consultados a\u00fan califican la situaci\u00f3n econ\u00f3mica como mala o muy mala.<\/p>\n<p>Sin embargo, con la vista puesta en los pr\u00f3ximos 12 meses, el 39% de las empresas conf\u00edan en que esta mejore, frente al 34% que lo esperaban en julio de 2020. Adem\u00e1s, el 61% prev\u00e9n comenzar a recuperar su facturaci\u00f3n a lo largo de este 2021.Los efectos de la crisis<strong> originada por la expansi\u00f3n del virus en la actividad empresarial<\/strong> son m\u00e1s que evidentes en el documento, basado en una encuesta a 1.400 empresarios y directivos de 25 sectores. El 44% de las empresas califica su situaci\u00f3n actual como \u00absensible\u00bb, pero espera sortear la crisis, mientras que un 5% la tilda de \u00abpreocupante\u00bb y cree que su supervivencia est\u00e1 en riesgo.<\/p>\n<p>A las puertas de la aplicaci\u00f3n por parte del Gobierno de un plan de choque v\u00eda ayudas directas para las empresas, la falta de demanda es una de las principales preocupaciones de los directivos catalanas. Hasta el punto de que este elemento se ha disparado 20 puntos en el \u00faltimo a\u00f1o y actualmente seis de cada diez compa\u00f1\u00edas temen que, pese al levantamiento progresivo de las restricciones, en el mercado no haya capacidad suficiente para absorber las producciones que poco a poco van reactivando.<\/p>\n<p>La crisis del covid <strong>est\u00e1 impactando de manera extendida e intensa<\/strong> en los <a href=\"https:\/\/conversesacatalunya.cat\/es\/las-grandes-hoteleras-prolongan-los-erte\/\" target=\"_blank\" rel=\"noopener\">balances<\/a> de gran parte del tejido empresarial, pero ello no impide que una parte no menor de las firmas tenga capacidad para seguir invirtiendo para mejorar sus negocios. Concretamente, el informe elaborado por KPMG indica que cuatro de cada diez compa\u00f1\u00edas en Catalunya espera aumentar sus vol\u00famenes de inversi\u00f3n durante este ejercicio.<\/p>\n<p>En este sentido, la mejora en digitalizaci\u00f3n, especialmente en el sector industrial y entre las pymes, se presenta como una de las prioridades destacadas por los encuestados por KPMG. \u00abEn el camino de la recuperaci\u00f3n desempe\u00f1ar\u00e1n un papel fundamental la digitalizaci\u00f3n y la mejora de procesos. Si en los \u00faltimos a\u00f1os, estos aspectos de la gesti\u00f3n corporativa hab\u00edan ido escalando posiciones en la estrategia de las empresas catalanas, la pandemia les ha dado un impulso definitivo y se convierten en vectores de crecimiento en la nueva realidad\u00bb, se\u00f1ala el socio responsable de KPMG en Catalunya, Francisco Gibert.<\/p>\n<span class='bctt-click-to-tweet'><span class='bctt-ctt-text'><a href='https:\/\/twitter.com\/intent\/tweet?url=https%3A%2F%2Fconversesacatalunya.cat%2Fes%2Fel-66-de-las-empresas-esperan-recuperarse-a-partir-del-2022%2F&#038;text=A%20las%20puertas%20de%20la%20aplicaci%C3%B3n%20por%20parte%20del%20Gobierno%20de%20un%20plan%20de%20choque%20v%C3%ADa%20ayudas%20directas%20para%20las%20empresas%2C%20la%20falta%20de%20demanda%20es%20una%20de%20las%20principales%20preocupaciones%20de%20los%20directivos%20catalanas&#038;via=conversesacat&#038;related=conversesacat' target='_blank'rel=\"noopener noreferrer\">A las puertas de la aplicaci\u00f3n por parte del Gobierno de un plan de choque v\u00eda ayudas directas para las empresas, la falta de demanda es una de las principales preocupaciones de los directivos catalanas <\/a><\/span><a href='https:\/\/twitter.com\/intent\/tweet?url=https%3A%2F%2Fconversesacatalunya.cat%2Fes%2Fel-66-de-las-empresas-esperan-recuperarse-a-partir-del-2022%2F&#038;text=A%20las%20puertas%20de%20la%20aplicaci%C3%B3n%20por%20parte%20del%20Gobierno%20de%20un%20plan%20de%20choque%20v%C3%ADa%20ayudas%20directas%20para%20las%20empresas%2C%20la%20falta%20de%20demanda%20es%20una%20de%20las%20principales%20preocupaciones%20de%20los%20directivos%20catalanas&#038;via=conversesacat&#038;related=conversesacat' target='_blank' class='bctt-ctt-btn'rel=\"noopener noreferrer\">Compartir en X<\/a><\/span>\n<div id=\"polls-92\" class=\"wp-polls\">\n\t<form id=\"polls_form_92\" class=\"wp-polls-form\" action=\"\/index.php\" method=\"post\">\n\t\t<p style=\"display: none;\"><input type=\"hidden\" id=\"poll_92_nonce\" name=\"wp-polls-nonce\" value=\"f44afa76ba\" \/><\/p>\n\t\t<p style=\"display: none;\"><input type=\"hidden\" name=\"poll_id\" value=\"92\" \/><\/p>\n\t\t<p style=\"text-align: center\"><strong>Amb els resultats electorals del 14F, creus que el pr\u00f2xim govern catal\u00e0 ser\u00e0 independentista?<\/strong><\/p><div id=\"polls-92-ans\" class=\"wp-polls-ans\"><ul class=\"wp-polls-ul\">\n\t\t<li><input type=\"radio\" id=\"poll-answer-213\" name=\"poll_92\" value=\"213\" \/> <label for=\"poll-answer-213\">Si<\/label><\/li>\n\t\t<li><input type=\"radio\" id=\"poll-answer-214\" name=\"poll_92\" value=\"214\" \/> <label for=\"poll-answer-214\">No<\/label><\/li>\n\t\t<li><input type=\"radio\" id=\"poll-answer-215\" name=\"poll_92\" value=\"215\" \/> <label for=\"poll-answer-215\">No ho s\u00e9<\/label><\/li>\n\t\t<\/ul><p style=\"text-align: center\"><input type=\"button\" name=\"vote\" value=\"   Vota   \" class=\"Buttons\" onclick=\"poll_vote(92);\" \/><\/p><p style=\"text-align: center\"><a href=\"#ViewPollResults\" onclick=\"poll_result(92); return false;\" title=\"View Results Of This Poll\">Mira els resultats<\/a><\/p><\/div>\n\t<\/form>\n<\/div>\n<div id=\"polls-92-loading\" class=\"wp-polls-loading\"><img decoding=\"async\" data-src=\"https:\/\/conversesacatalunya.cat\/wp-content\/plugins\/wp-polls\/images\/loading.gif\" width=\"16\" height=\"16\" alt=\"Cargando ...\" title=\"Cargando ...\" class=\"wp-polls-image lazyload\" src=\"data:image\/svg+xml;base64,PHN2ZyB3aWR0aD0iMSIgaGVpZ2h0PSIxIiB4bWxucz0iaHR0cDovL3d3dy53My5vcmcvMjAwMC9zdmciPjwvc3ZnPg==\" style=\"--smush-placeholder-width: 16px; --smush-placeholder-aspect-ratio: 16\/16;\" \/>&nbsp;Cargando ...<\/div>\n\n","protected":false},"excerpt":{"rendered":"<p>El 66% de las empresas conf\u00edan en poder recuperarse a partir del a\u00f1o 2022. As\u00ed lo refleja el \u00faltimo informe \u00abPerspectivas Espa\u00f1a\u00bb realizado por KPMG y la CEOE. Aunque la confianza empresarial sigue estando marcada negativamente por la crisis sanitaria, el informe desvela una ligera mejor\u00eda respecto al anterior sondeo realizado por KPMG el pasado mes de julio. Siete de cada diez empresarios o directivos consultados a\u00fan califican la situaci\u00f3n econ\u00f3mica como mala o muy mala. Sin embargo, con la vista puesta en los pr\u00f3ximos 12 meses, el 39% de las empresas conf\u00edan en que esta mejore, frente al 34% que lo esperaban en julio de 2020. Adem\u00e1s, el 61% prev\u00e9n comenzar a recuperar su facturaci\u00f3n a lo largo de este 2021.Los efectos de la crisis originada por la expansi\u00f3n del virus en la actividad empresarial son m\u00e1s que evidentes en el documento, basado en una encuesta a 1.400 empresarios y directivos de 25 sectores. El 44% de las empresas califica su situaci\u00f3n actual como \u00absensible\u00bb, pero espera sortear la crisis, mientras que un 5% la tilda de \u00abpreocupante\u00bb y cree que su supervivencia est\u00e1 en riesgo. A las puertas de la aplicaci\u00f3n por parte del Gobierno de un plan de choque v\u00eda ayudas directas para las empresas, la falta de demanda es una de las principales preocupaciones de los directivos catalanas. Hasta el punto de que este elemento se ha disparado 20 puntos en el \u00faltimo a\u00f1o y actualmente seis de cada diez compa\u00f1\u00edas temen que, pese al levantamiento progresivo de las restricciones, en el mercado no haya capacidad suficiente para absorber las producciones que poco a poco van reactivando. La crisis del covid est\u00e1 impactando de manera extendida e intensa en los balances de gran parte del tejido empresarial, pero ello no impide que una parte no menor de las firmas tenga capacidad para seguir invirtiendo para mejorar sus negocios. Concretamente, el informe elaborado por KPMG indica que cuatro de cada diez compa\u00f1\u00edas en Catalunya espera aumentar sus vol\u00famenes de inversi\u00f3n durante este ejercicio. En este sentido, la mejora en digitalizaci\u00f3n, especialmente en el sector industrial y entre las pymes, se presenta como una de las prioridades destacadas por los encuestados por KPMG. \u00abEn el camino de la recuperaci\u00f3n desempe\u00f1ar\u00e1n un papel fundamental la digitalizaci\u00f3n y la mejora de procesos. Si en los \u00faltimos a\u00f1os, estos aspectos de la gesti\u00f3n corporativa hab\u00edan ido escalando posiciones en la estrategia de las empresas catalanas, la pandemia les ha dado un impulso definitivo y se convierten en vectores de crecimiento en la nueva realidad\u00bb, se\u00f1ala el socio responsable de KPMG en Catalunya, Francisco Gibert.<\/p>\n","protected":false},"author":20,"featured_media":45319,"comment_status":"open","ping_status":"open","sticky":false,"template":"","format":"standard","meta":{"_FSMCFIC_featured_image_caption":"","_FSMCFIC_featured_image_nocaption":"","_FSMCFIC_featured_image_hide":"","footnotes":""},"categories":[1772,806],"tags":[1242,1504,3006],"class_list":["post-45380","post","type-post","status-publish","format-standard","has-post-thumbnail","hentry","category-especial-coronavirus-es","category-punts-claus-del-dia-es","tag-ceoe-es","tag-coronavirus-es","tag-crisis-coronavirus"],"yoast_head":"<!-- This site is optimized with the Yoast SEO plugin v26.8 - https:\/\/yoast.com\/product\/yoast-seo-wordpress\/ -->\n<title>El 66% de las empresas esperan recuperarse a partir del 2022 -<\/title>\n<meta name=\"description\" content=\"El \u00faltimo informe de KPMG y de la CEOE revelan que el 66% de las empresas espa\u00f1olas esperan poder recuperarse econ\u00f3micamente en 2022\" \/>\n<meta name=\"robots\" content=\"index, follow, max-snippet:-1, max-image-preview:large, max-video-preview:-1\" \/>\n<link rel=\"canonical\" href=\"https:\/\/conversesacatalunya.cat\/es\/el-66-de-las-empresas-esperan-recuperarse-a-partir-del-2022\/\" \/>\n<meta property=\"og:locale\" content=\"es_ES\" \/>\n<meta property=\"og:type\" content=\"article\" \/>\n<meta property=\"og:title\" content=\"El 66% de las empresas esperan recuperarse a partir del 2022 -\" \/>\n<meta property=\"og:description\" content=\"El \u00faltimo informe de KPMG y de la CEOE revelan que el 66% de las empresas espa\u00f1olas esperan poder recuperarse econ\u00f3micamente en 2022\" \/>\n<meta property=\"og:url\" content=\"https:\/\/conversesacatalunya.cat\/es\/el-66-de-las-empresas-esperan-recuperarse-a-partir-del-2022\/\" \/>\n<meta property=\"og:site_name\" content=\"Converses a Catalunya\" \/>\n<meta property=\"article:published_time\" content=\"2021-02-23T10:19:47+00:00\" \/>\n<meta property=\"article:modified_time\" content=\"2021-02-23T12:20:06+00:00\" \/>\n<meta property=\"og:image\" content=\"https:\/\/conversesacatalunya.cat\/wp-content\/uploads\/2021\/02\/Captura-1024x581.png\" \/>\n\t<meta property=\"og:image:width\" content=\"1024\" \/>\n\t<meta property=\"og:image:height\" content=\"581\" \/>\n\t<meta property=\"og:image:type\" content=\"image\/png\" \/>\n<meta name=\"author\" content=\"conversesacatalunya\" \/>\n<meta name=\"twitter:card\" content=\"summary_large_image\" \/>\n<meta name=\"twitter:label1\" content=\"Escrito por\" \/>\n\t<meta name=\"twitter:data1\" content=\"conversesacatalunya\" \/>\n\t<meta name=\"twitter:label2\" content=\"Tiempo de lectura\" \/>\n\t<meta name=\"twitter:data2\" content=\"3 minutos\" \/>\n<script type=\"application\/ld+json\" class=\"yoast-schema-graph\">{\"@context\":\"https:\/\/schema.org\",\"@graph\":[{\"@type\":\"Article\",\"@id\":\"https:\/\/conversesacatalunya.cat\/es\/el-66-de-las-empresas-esperan-recuperarse-a-partir-del-2022\/#article\",\"isPartOf\":{\"@id\":\"https:\/\/conversesacatalunya.cat\/es\/el-66-de-las-empresas-esperan-recuperarse-a-partir-del-2022\/\"},\"author\":{\"name\":\"conversesacatalunya\",\"@id\":\"https:\/\/conversesacatalunya.cat\/#\/schema\/person\/a7a9496a363cd9847daf7cd659d92e64\"},\"headline\":\"El 66% de las empresas esperan recuperarse a partir del 2022\",\"datePublished\":\"2021-02-23T10:19:47+00:00\",\"dateModified\":\"2021-02-23T12:20:06+00:00\",\"mainEntityOfPage\":{\"@id\":\"https:\/\/conversesacatalunya.cat\/es\/el-66-de-las-empresas-esperan-recuperarse-a-partir-del-2022\/\"},\"wordCount\":504,\"commentCount\":0,\"image\":{\"@id\":\"https:\/\/conversesacatalunya.cat\/es\/el-66-de-las-empresas-esperan-recuperarse-a-partir-del-2022\/#primaryimage\"},\"thumbnailUrl\":\"https:\/\/conversesacatalunya.cat\/wp-content\/uploads\/2021\/02\/Captura.png\",\"keywords\":[\"CEOE\",\"coronavirus\",\"crisis coronavirus\"],\"articleSection\":[\"Especial Coronavirus (ES)\",\"Punts clau del dia (ES)\"],\"inLanguage\":\"es\",\"potentialAction\":[{\"@type\":\"CommentAction\",\"name\":\"Comment\",\"target\":[\"https:\/\/conversesacatalunya.cat\/es\/el-66-de-las-empresas-esperan-recuperarse-a-partir-del-2022\/#respond\"]}]},{\"@type\":\"WebPage\",\"@id\":\"https:\/\/conversesacatalunya.cat\/es\/el-66-de-las-empresas-esperan-recuperarse-a-partir-del-2022\/\",\"url\":\"https:\/\/conversesacatalunya.cat\/es\/el-66-de-las-empresas-esperan-recuperarse-a-partir-del-2022\/\",\"name\":\"El 66% de las empresas esperan recuperarse a partir del 2022 -\",\"isPartOf\":{\"@id\":\"https:\/\/conversesacatalunya.cat\/#website\"},\"primaryImageOfPage\":{\"@id\":\"https:\/\/conversesacatalunya.cat\/es\/el-66-de-las-empresas-esperan-recuperarse-a-partir-del-2022\/#primaryimage\"},\"image\":{\"@id\":\"https:\/\/conversesacatalunya.cat\/es\/el-66-de-las-empresas-esperan-recuperarse-a-partir-del-2022\/#primaryimage\"},\"thumbnailUrl\":\"https:\/\/conversesacatalunya.cat\/wp-content\/uploads\/2021\/02\/Captura.png\",\"datePublished\":\"2021-02-23T10:19:47+00:00\",\"dateModified\":\"2021-02-23T12:20:06+00:00\",\"author\":{\"@id\":\"https:\/\/conversesacatalunya.cat\/#\/schema\/person\/a7a9496a363cd9847daf7cd659d92e64\"},\"description\":\"El \u00faltimo informe de KPMG y de la CEOE revelan que el 66% de las empresas espa\u00f1olas esperan poder recuperarse econ\u00f3micamente en 2022\",\"breadcrumb\":{\"@id\":\"https:\/\/conversesacatalunya.cat\/es\/el-66-de-las-empresas-esperan-recuperarse-a-partir-del-2022\/#breadcrumb\"},\"inLanguage\":\"es\",\"potentialAction\":[{\"@type\":\"ReadAction\",\"target\":[\"https:\/\/conversesacatalunya.cat\/es\/el-66-de-las-empresas-esperan-recuperarse-a-partir-del-2022\/\"]}]},{\"@type\":\"ImageObject\",\"inLanguage\":\"es\",\"@id\":\"https:\/\/conversesacatalunya.cat\/es\/el-66-de-las-empresas-esperan-recuperarse-a-partir-del-2022\/#primaryimage\",\"url\":\"https:\/\/conversesacatalunya.cat\/wp-content\/uploads\/2021\/02\/Captura.png\",\"contentUrl\":\"https:\/\/conversesacatalunya.cat\/wp-content\/uploads\/2021\/02\/Captura.png\",\"width\":1133,\"height\":643,\"caption\":\"empreses\"},{\"@type\":\"BreadcrumbList\",\"@id\":\"https:\/\/conversesacatalunya.cat\/es\/el-66-de-las-empresas-esperan-recuperarse-a-partir-del-2022\/#breadcrumb\",\"itemListElement\":[{\"@type\":\"ListItem\",\"position\":1,\"name\":\"Inici\",\"item\":\"https:\/\/conversesacatalunya.cat\/es\/\"},{\"@type\":\"ListItem\",\"position\":2,\"name\":\"El 66% de las empresas esperan recuperarse a partir del 2022\"}]},{\"@type\":\"WebSite\",\"@id\":\"https:\/\/conversesacatalunya.cat\/#website\",\"url\":\"https:\/\/conversesacatalunya.cat\/\",\"name\":\"Converses a Catalunya\",\"description\":\"\",\"potentialAction\":[{\"@type\":\"SearchAction\",\"target\":{\"@type\":\"EntryPoint\",\"urlTemplate\":\"https:\/\/conversesacatalunya.cat\/?s={search_term_string}\"},\"query-input\":{\"@type\":\"PropertyValueSpecification\",\"valueRequired\":true,\"valueName\":\"search_term_string\"}}],\"inLanguage\":\"es\"},{\"@type\":\"Person\",\"@id\":\"https:\/\/conversesacatalunya.cat\/#\/schema\/person\/a7a9496a363cd9847daf7cd659d92e64\",\"name\":\"conversesacatalunya\",\"image\":{\"@type\":\"ImageObject\",\"inLanguage\":\"es\",\"@id\":\"https:\/\/conversesacatalunya.cat\/#\/schema\/person\/image\/\",\"url\":\"https:\/\/conversesacatalunya.cat\/wp-content\/litespeed\/avatar\/ff91582b44ff9c880dc9c5ac2f5c7e89.jpg?ver=1777372947\",\"contentUrl\":\"https:\/\/conversesacatalunya.cat\/wp-content\/litespeed\/avatar\/ff91582b44ff9c880dc9c5ac2f5c7e89.jpg?ver=1777372947\",\"caption\":\"conversesacatalunya\"},\"url\":\"https:\/\/conversesacatalunya.cat\/es\/author\/francisco_garcia\/\"}]}<\/script>\n<!-- \/ Yoast SEO plugin. -->","yoast_head_json":{"title":"El 66% de las empresas esperan recuperarse a partir del 2022 -","description":"El \u00faltimo informe de KPMG y de la CEOE revelan que el 66% de las empresas espa\u00f1olas esperan poder recuperarse econ\u00f3micamente en 2022","robots":{"index":"index","follow":"follow","max-snippet":"max-snippet:-1","max-image-preview":"max-image-preview:large","max-video-preview":"max-video-preview:-1"},"canonical":"https:\/\/conversesacatalunya.cat\/es\/el-66-de-las-empresas-esperan-recuperarse-a-partir-del-2022\/","og_locale":"es_ES","og_type":"article","og_title":"El 66% de las empresas esperan recuperarse a partir del 2022 -","og_description":"El \u00faltimo informe de KPMG y de la CEOE revelan que el 66% de las empresas espa\u00f1olas esperan poder recuperarse econ\u00f3micamente en 2022","og_url":"https:\/\/conversesacatalunya.cat\/es\/el-66-de-las-empresas-esperan-recuperarse-a-partir-del-2022\/","og_site_name":"Converses a Catalunya","article_published_time":"2021-02-23T10:19:47+00:00","article_modified_time":"2021-02-23T12:20:06+00:00","og_image":[{"width":1024,"height":581,"url":"https:\/\/conversesacatalunya.cat\/wp-content\/uploads\/2021\/02\/Captura-1024x581.png","type":"image\/png"}],"author":"conversesacatalunya","twitter_card":"summary_large_image","twitter_misc":{"Escrito por":"conversesacatalunya","Tiempo de lectura":"3 minutos"},"schema":{"@context":"https:\/\/schema.org","@graph":[{"@type":"Article","@id":"https:\/\/conversesacatalunya.cat\/es\/el-66-de-las-empresas-esperan-recuperarse-a-partir-del-2022\/#article","isPartOf":{"@id":"https:\/\/conversesacatalunya.cat\/es\/el-66-de-las-empresas-esperan-recuperarse-a-partir-del-2022\/"},"author":{"name":"conversesacatalunya","@id":"https:\/\/conversesacatalunya.cat\/#\/schema\/person\/a7a9496a363cd9847daf7cd659d92e64"},"headline":"El 66% de las empresas esperan recuperarse a partir del 2022","datePublished":"2021-02-23T10:19:47+00:00","dateModified":"2021-02-23T12:20:06+00:00","mainEntityOfPage":{"@id":"https:\/\/conversesacatalunya.cat\/es\/el-66-de-las-empresas-esperan-recuperarse-a-partir-del-2022\/"},"wordCount":504,"commentCount":0,"image":{"@id":"https:\/\/conversesacatalunya.cat\/es\/el-66-de-las-empresas-esperan-recuperarse-a-partir-del-2022\/#primaryimage"},"thumbnailUrl":"https:\/\/conversesacatalunya.cat\/wp-content\/uploads\/2021\/02\/Captura.png","keywords":["CEOE","coronavirus","crisis coronavirus"],"articleSection":["Especial Coronavirus (ES)","Punts clau del dia (ES)"],"inLanguage":"es","potentialAction":[{"@type":"CommentAction","name":"Comment","target":["https:\/\/conversesacatalunya.cat\/es\/el-66-de-las-empresas-esperan-recuperarse-a-partir-del-2022\/#respond"]}]},{"@type":"WebPage","@id":"https:\/\/conversesacatalunya.cat\/es\/el-66-de-las-empresas-esperan-recuperarse-a-partir-del-2022\/","url":"https:\/\/conversesacatalunya.cat\/es\/el-66-de-las-empresas-esperan-recuperarse-a-partir-del-2022\/","name":"El 66% de las empresas esperan recuperarse a partir del 2022 -","isPartOf":{"@id":"https:\/\/conversesacatalunya.cat\/#website"},"primaryImageOfPage":{"@id":"https:\/\/conversesacatalunya.cat\/es\/el-66-de-las-empresas-esperan-recuperarse-a-partir-del-2022\/#primaryimage"},"image":{"@id":"https:\/\/conversesacatalunya.cat\/es\/el-66-de-las-empresas-esperan-recuperarse-a-partir-del-2022\/#primaryimage"},"thumbnailUrl":"https:\/\/conversesacatalunya.cat\/wp-content\/uploads\/2021\/02\/Captura.png","datePublished":"2021-02-23T10:19:47+00:00","dateModified":"2021-02-23T12:20:06+00:00","author":{"@id":"https:\/\/conversesacatalunya.cat\/#\/schema\/person\/a7a9496a363cd9847daf7cd659d92e64"},"description":"El \u00faltimo informe de KPMG y de la CEOE revelan que el 66% de las empresas espa\u00f1olas esperan poder recuperarse econ\u00f3micamente en 2022","breadcrumb":{"@id":"https:\/\/conversesacatalunya.cat\/es\/el-66-de-las-empresas-esperan-recuperarse-a-partir-del-2022\/#breadcrumb"},"inLanguage":"es","potentialAction":[{"@type":"ReadAction","target":["https:\/\/conversesacatalunya.cat\/es\/el-66-de-las-empresas-esperan-recuperarse-a-partir-del-2022\/"]}]},{"@type":"ImageObject","inLanguage":"es","@id":"https:\/\/conversesacatalunya.cat\/es\/el-66-de-las-empresas-esperan-recuperarse-a-partir-del-2022\/#primaryimage","url":"https:\/\/conversesacatalunya.cat\/wp-content\/uploads\/2021\/02\/Captura.png","contentUrl":"https:\/\/conversesacatalunya.cat\/wp-content\/uploads\/2021\/02\/Captura.png","width":1133,"height":643,"caption":"empreses"},{"@type":"BreadcrumbList","@id":"https:\/\/conversesacatalunya.cat\/es\/el-66-de-las-empresas-esperan-recuperarse-a-partir-del-2022\/#breadcrumb","itemListElement":[{"@type":"ListItem","position":1,"name":"Inici","item":"https:\/\/conversesacatalunya.cat\/es\/"},{"@type":"ListItem","position":2,"name":"El 66% de las empresas esperan recuperarse a partir del 2022"}]},{"@type":"WebSite","@id":"https:\/\/conversesacatalunya.cat\/#website","url":"https:\/\/conversesacatalunya.cat\/","name":"Converses a Catalunya","description":"","potentialAction":[{"@type":"SearchAction","target":{"@type":"EntryPoint","urlTemplate":"https:\/\/conversesacatalunya.cat\/?s={search_term_string}"},"query-input":{"@type":"PropertyValueSpecification","valueRequired":true,"valueName":"search_term_string"}}],"inLanguage":"es"},{"@type":"Person","@id":"https:\/\/conversesacatalunya.cat\/#\/schema\/person\/a7a9496a363cd9847daf7cd659d92e64","name":"conversesacatalunya","image":{"@type":"ImageObject","inLanguage":"es","@id":"https:\/\/conversesacatalunya.cat\/#\/schema\/person\/image\/","url":"https:\/\/conversesacatalunya.cat\/wp-content\/litespeed\/avatar\/ff91582b44ff9c880dc9c5ac2f5c7e89.jpg?ver=1777372947","contentUrl":"https:\/\/conversesacatalunya.cat\/wp-content\/litespeed\/avatar\/ff91582b44ff9c880dc9c5ac2f5c7e89.jpg?ver=1777372947","caption":"conversesacatalunya"},"url":"https:\/\/conversesacatalunya.cat\/es\/author\/francisco_garcia\/"}]}},"wps_subtitle":"El \u00faltimo informe de KPMG y de la CEOE revelan que el 66% de las empresas espa\u00f1olas esperan poder recuperarse econ\u00f3micamente a partir del a\u00f1o 2022","_links":{"self":[{"href":"https:\/\/conversesacatalunya.cat\/es\/wp-json\/wp\/v2\/posts\/45380","targetHints":{"allow":["GET"]}}],"collection":[{"href":"https:\/\/conversesacatalunya.cat\/es\/wp-json\/wp\/v2\/posts"}],"about":[{"href":"https:\/\/conversesacatalunya.cat\/es\/wp-json\/wp\/v2\/types\/post"}],"author":[{"embeddable":true,"href":"https:\/\/conversesacatalunya.cat\/es\/wp-json\/wp\/v2\/users\/20"}],"replies":[{"embeddable":true,"href":"https:\/\/conversesacatalunya.cat\/es\/wp-json\/wp\/v2\/comments?post=45380"}],"version-history":[{"count":2,"href":"https:\/\/conversesacatalunya.cat\/es\/wp-json\/wp\/v2\/posts\/45380\/revisions"}],"predecessor-version":[{"id":45382,"href":"https:\/\/conversesacatalunya.cat\/es\/wp-json\/wp\/v2\/posts\/45380\/revisions\/45382"}],"wp:featuredmedia":[{"embeddable":true,"href":"https:\/\/conversesacatalunya.cat\/es\/wp-json\/wp\/v2\/media\/45319"}],"wp:attachment":[{"href":"https:\/\/conversesacatalunya.cat\/es\/wp-json\/wp\/v2\/media?parent=45380"}],"wp:term":[{"taxonomy":"category","embeddable":true,"href":"https:\/\/conversesacatalunya.cat\/es\/wp-json\/wp\/v2\/categories?post=45380"},{"taxonomy":"post_tag","embeddable":true,"href":"https:\/\/conversesacatalunya.cat\/es\/wp-json\/wp\/v2\/tags?post=45380"}],"curies":[{"name":"wp","href":"https:\/\/api.w.org\/{rel}","templated":true}]}}