{"id":45303,"date":"2021-02-19T11:25:01","date_gmt":"2021-02-19T10:25:01","guid":{"rendered":"https:\/\/conversesacatalunya.cat\/aguantara-lalianca-psoe-erc\/"},"modified":"2021-02-19T13:43:47","modified_gmt":"2021-02-19T12:43:47","slug":"aguantara-la-alianza-psoe-erc","status":"publish","type":"post","link":"https:\/\/conversesacatalunya.cat\/es\/aguantara-la-alianza-psoe-erc\/","title":{"rendered":"\u00bfAguantar\u00e1 la alianza PSOE-ERC?"},"content":{"rendered":"<p>El golpe que ha recibido JxCat al quedar en tercera posici\u00f3n, a pesar de la escasa participaci\u00f3n -lo que significa que ha perdido lo que era su capital m\u00e1s importante, la capacidad de movilizaci\u00f3n- puede venir contrapesada por las <strong>dificultades que tendr\u00e1 ERC<\/strong>\u00a0para justificar ante el electorado independentista su alianza republicana con el PSOE.<\/p>\n<p>Una serie de hechos definen las dificultades crecientes que se puede encontrar en este sentido.<\/p>\n<p>Todo comienza con\u00a0<strong>los indultos de los presos,<\/strong> que a\u00fan est\u00e1n pendientes de resoluci\u00f3n porque el PSOE prefiri\u00f3 hacerlo despu\u00e9s de las elecciones al Parlamento, pero ahora en el calendario se acumulan nuevos hechos que lo tuercen todo.<\/p>\n<p>Uno de estos hechos es la situaci\u00f3n de Puigdemont en el Parlamento Europeo y la cuesti\u00f3n de su inmunidad, que est\u00e1 sometida a procedimiento en la <strong>Comisi\u00f3n de Asuntos Jur\u00eddicos<\/strong>. El informe de los juristas opta por considerar que hay que aceptar el suplicatorio del Tribunal Supremo y levantar la inmunidad de Puigdemont. La p\u00e9rdida de esta inmunidad tendr\u00eda importantes consecuencias y situar\u00eda a las autoridades belgas que lo acogen, entre la espada y la pared. El informe, que de momento tiene un alcance jur\u00eddico, considera que los presuntos delitos que ha cometido Puigdemont son anteriores a su mandato como diputado europeo y, en consecuencia, esta condici\u00f3n no le puede proteger. Y, por otra parte, subraya que el Parlamento Europeo no puede cuestionar los procedimientos judiciales de los pa\u00edses miembros.<\/p>\n<p>Cuando este tema se lleve a la comisi\u00f3n, el Partido Socialista Europeo, donde el PSOE tiene un gran peso, se encontrar\u00e1 en una dif\u00edcil tesitura porque deber\u00e1 mojarse, y seg\u00fan en qu\u00e9 t\u00e9rminos lo haga, crear\u00e1 una nueva dificultad a ERC y dar\u00e1 argumentos a JxCat.<\/p>\n<p>Una pieza imprevista en este panorama complicado es\u00a0<strong>la petici\u00f3n de indulto de\u00a0<a href=\"https:\/\/conversesacatalunya.cat\/es\/video-pablo-hasel-vs-valtonyc\/\" target=\"_blank\" rel=\"noopener\">Pablo Has\u00e9l<\/a><\/strong>\u00a0formulada por el socio de gobierno del PSOE. Este hecho, unido a los extraordinarios\u00a0<a href=\"https:\/\/conversesacatalunya.cat\/es\/pablo-hasel-albiach-y-la-comisaria-de-vic\/\" target=\"_blank\" rel=\"noopener\">disturbios y manifestaciones de violencia<\/a> extrema que ha vivido Catalu\u00f1a y que han tenido como hecho culminante el asalto a la comisar\u00eda de Vic, y que tambi\u00e9n han producido una presencia, si bien m\u00e1s limitada, en la capital de Espa\u00f1a, tendr\u00edan un elevado coste para el PSOE y para el gobierno. Sumar generosidad pol\u00edtica por los dos perfiles, independentismo y revolucionarismo, no es un manjar f\u00e1cil de tragar, especialmente para el votante tradicional del PSOE, que es su bagaje electoral m\u00e1s importante.<\/p>\n<p>La proposici\u00f3n entrada en el Congreso por ERC sobre el\u00a0<strong>refer\u00e9ndum de Catalu\u00f1a<\/strong> a\u00f1ade le\u00f1a al fuego de la pol\u00e9mica. Es una iniciativa l\u00f3gica para aprovechar la oportunidad, pero inoportuna en el momento concreto, en el sentido de que coincide con un conjunto de eventos que sit\u00faan al PSOE entre la espada y la pared.<\/p>\n<p><span class=\"\">Resumiendo: En el espacio de unas pocas semanas \u00bfpuede S\u00e1nchez otorgar los indultos a los independentistas encarcelados y a Pablo Has\u00e9l, votar contra el informe jur\u00eddico que permite levantar la inmunidad de Puigdemont, y considerar afirmativamente la hip\u00f3tesis de un refer\u00e9ndum en Catalu\u00f1a? <\/span>La respuesta es que no, y aqu\u00ed es donde se encuentra el proceso de fricci\u00f3n y la dificultad de entendimiento futuro con ERC, porque \u00bfqu\u00e9 contenido tendr\u00e1 la mesa de di\u00e1logo si la mayor\u00eda de estas referencias tienen una respuesta poco favorable? M\u00e1s a\u00fan cuando ERC, para formar gobierno, se ve exigida por\u00a0<strong>la CUP<\/strong>, que tiene todo un colectivo, <strong>Endavant<\/strong>, que ya se ha manifestado contraria a participar en el futuro gobierno de la Generalitat.<\/p>\n<div id=\"polls-92\" class=\"wp-polls\">\n\t<form id=\"polls_form_92\" class=\"wp-polls-form\" action=\"\/index.php\" method=\"post\">\n\t\t<p style=\"display: none;\"><input type=\"hidden\" id=\"poll_92_nonce\" name=\"wp-polls-nonce\" value=\"2c9d0bbd62\" \/><\/p>\n\t\t<p style=\"display: none;\"><input type=\"hidden\" name=\"poll_id\" value=\"92\" \/><\/p>\n\t\t<p style=\"text-align: center\"><strong>Amb els resultats electorals del 14F, creus que el pr\u00f2xim govern catal\u00e0 ser\u00e0 independentista?<\/strong><\/p><div id=\"polls-92-ans\" class=\"wp-polls-ans\"><ul class=\"wp-polls-ul\">\n\t\t<li><input type=\"radio\" id=\"poll-answer-213\" name=\"poll_92\" value=\"213\" \/> <label for=\"poll-answer-213\">Si<\/label><\/li>\n\t\t<li><input type=\"radio\" id=\"poll-answer-214\" name=\"poll_92\" value=\"214\" \/> <label for=\"poll-answer-214\">No<\/label><\/li>\n\t\t<li><input type=\"radio\" id=\"poll-answer-215\" name=\"poll_92\" value=\"215\" \/> <label for=\"poll-answer-215\">No ho s\u00e9<\/label><\/li>\n\t\t<\/ul><p style=\"text-align: center\"><input type=\"button\" name=\"vote\" value=\"   Vota   \" class=\"Buttons\" onclick=\"poll_vote(92);\" \/><\/p><p style=\"text-align: center\"><a href=\"#ViewPollResults\" onclick=\"poll_result(92); return false;\" title=\"View Results Of This Poll\">Mira els resultats<\/a><\/p><\/div>\n\t<\/form>\n<\/div>\n<div id=\"polls-92-loading\" class=\"wp-polls-loading\"><img decoding=\"async\" data-src=\"https:\/\/conversesacatalunya.cat\/wp-content\/plugins\/wp-polls\/images\/loading.gif\" width=\"16\" height=\"16\" alt=\"Cargando ...\" title=\"Cargando ...\" class=\"wp-polls-image lazyload\" src=\"data:image\/svg+xml;base64,PHN2ZyB3aWR0aD0iMSIgaGVpZ2h0PSIxIiB4bWxucz0iaHR0cDovL3d3dy53My5vcmcvMjAwMC9zdmciPjwvc3ZnPg==\" style=\"--smush-placeholder-width: 16px; --smush-placeholder-aspect-ratio: 16\/16;\" \/>&nbsp;Cargando ...<\/div>\n\n","protected":false},"excerpt":{"rendered":"<p>El golpe que ha recibido JxCat al quedar en tercera posici\u00f3n, a pesar de la escasa participaci\u00f3n -lo que significa que ha perdido lo que era su capital m\u00e1s importante, la capacidad de movilizaci\u00f3n- puede venir contrapesada por las dificultades que tendr\u00e1 ERC\u00a0para justificar ante el electorado independentista su alianza republicana con el PSOE. Una serie de hechos definen las dificultades crecientes que se puede encontrar en este sentido. Todo comienza con\u00a0los indultos de los presos, que a\u00fan est\u00e1n pendientes de resoluci\u00f3n porque el PSOE prefiri\u00f3 hacerlo despu\u00e9s de las elecciones al Parlamento, pero ahora en el calendario se acumulan nuevos hechos que lo tuercen todo. Uno de estos hechos es la situaci\u00f3n de Puigdemont en el Parlamento Europeo y la cuesti\u00f3n de su inmunidad, que est\u00e1 sometida a procedimiento en la Comisi\u00f3n de Asuntos Jur\u00eddicos. El informe de los juristas opta por considerar que hay que aceptar el suplicatorio del Tribunal Supremo y levantar la inmunidad de Puigdemont. La p\u00e9rdida de esta inmunidad tendr\u00eda importantes consecuencias y situar\u00eda a las autoridades belgas que lo acogen, entre la espada y la pared. El informe, que de momento tiene un alcance jur\u00eddico, considera que los presuntos delitos que ha cometido Puigdemont son anteriores a su mandato como diputado europeo y, en consecuencia, esta condici\u00f3n no le puede proteger. Y, por otra parte, subraya que el Parlamento Europeo no puede cuestionar los procedimientos judiciales de los pa\u00edses miembros. Cuando este tema se lleve a la comisi\u00f3n, el Partido Socialista Europeo, donde el PSOE tiene un gran peso, se encontrar\u00e1 en una dif\u00edcil tesitura porque deber\u00e1 mojarse, y seg\u00fan en qu\u00e9 t\u00e9rminos lo haga, crear\u00e1 una nueva dificultad a ERC y dar\u00e1 argumentos a JxCat. Una pieza imprevista en este panorama complicado es\u00a0la petici\u00f3n de indulto de\u00a0Pablo Has\u00e9l\u00a0formulada por el socio de gobierno del PSOE. Este hecho, unido a los extraordinarios\u00a0disturbios y manifestaciones de violencia extrema que ha vivido Catalu\u00f1a y que han tenido como hecho culminante el asalto a la comisar\u00eda de Vic, y que tambi\u00e9n han producido una presencia, si bien m\u00e1s limitada, en la capital de Espa\u00f1a, tendr\u00edan un elevado coste para el PSOE y para el gobierno. Sumar generosidad pol\u00edtica por los dos perfiles, independentismo y revolucionarismo, no es un manjar f\u00e1cil de tragar, especialmente para el votante tradicional del PSOE, que es su bagaje electoral m\u00e1s importante. La proposici\u00f3n entrada en el Congreso por ERC sobre el\u00a0refer\u00e9ndum de Catalu\u00f1a a\u00f1ade le\u00f1a al fuego de la pol\u00e9mica. Es una iniciativa l\u00f3gica para aprovechar la oportunidad, pero inoportuna en el momento concreto, en el sentido de que coincide con un conjunto de eventos que sit\u00faan al PSOE entre la espada y la pared. Resumiendo: En el espacio de unas pocas semanas \u00bfpuede S\u00e1nchez otorgar los indultos a los independentistas encarcelados y a Pablo Has\u00e9l, votar contra el informe jur\u00eddico que permite levantar la inmunidad de Puigdemont, y considerar afirmativamente la hip\u00f3tesis de un refer\u00e9ndum en Catalu\u00f1a? La respuesta es que no, y aqu\u00ed es donde se encuentra el proceso de fricci\u00f3n y la dificultad de entendimiento futuro con ERC, porque \u00bfqu\u00e9 contenido tendr\u00e1 la mesa de di\u00e1logo si la mayor\u00eda de estas referencias tienen una respuesta poco favorable? M\u00e1s a\u00fan cuando ERC, para formar gobierno, se ve exigida por\u00a0la CUP, que tiene todo un colectivo, Endavant, que ya se ha manifestado contraria a participar en el futuro gobierno de la Generalitat.<\/p>\n","protected":false},"author":2,"featured_media":45294,"comment_status":"open","ping_status":"open","sticky":false,"template":"","format":"standard","meta":{"_FSMCFIC_featured_image_caption":"","_FSMCFIC_featured_image_nocaption":"","_FSMCFIC_featured_image_hide":"","footnotes":""},"categories":[806],"tags":[1108,917,1158],"class_list":["post-45303","post","type-post","status-publish","format-standard","has-post-thumbnail","hentry","category-punts-claus-del-dia-es","tag-erc-es","tag-psoe-es","tag-psoe-es-2"],"yoast_head":"<!-- This site is optimized with the Yoast SEO plugin v26.8 - https:\/\/yoast.com\/product\/yoast-seo-wordpress\/ -->\n<title>\u00bfAguantar\u00e1 la alianza PSOE-ERC? - Converses a Catalunya<\/title>\n<meta name=\"description\" content=\"Una serie de hechos definen las dificultades crecientes que PSOE-ERC se pueden encontrar en este sentido.\" \/>\n<meta name=\"robots\" content=\"index, follow, max-snippet:-1, max-image-preview:large, max-video-preview:-1\" \/>\n<link rel=\"canonical\" href=\"https:\/\/conversesacatalunya.cat\/es\/aguantara-la-alianza-psoe-erc\/\" \/>\n<meta property=\"og:locale\" content=\"es_ES\" \/>\n<meta property=\"og:type\" content=\"article\" \/>\n<meta property=\"og:title\" content=\"\u00bfAguantar\u00e1 la alianza PSOE-ERC? - Converses a Catalunya\" \/>\n<meta property=\"og:description\" content=\"Una serie de hechos definen las dificultades crecientes que PSOE-ERC se pueden encontrar en este sentido.\" \/>\n<meta property=\"og:url\" content=\"https:\/\/conversesacatalunya.cat\/es\/aguantara-la-alianza-psoe-erc\/\" \/>\n<meta property=\"og:site_name\" content=\"Converses a Catalunya\" \/>\n<meta property=\"article:published_time\" content=\"2021-02-19T10:25:01+00:00\" \/>\n<meta property=\"article:modified_time\" content=\"2021-02-19T12:43:47+00:00\" \/>\n<meta property=\"og:image\" content=\"https:\/\/conversesacatalunya.cat\/wp-content\/uploads\/2021\/02\/psoe-erc.jpg\" \/>\n\t<meta property=\"og:image:width\" content=\"976\" \/>\n\t<meta property=\"og:image:height\" content=\"634\" \/>\n\t<meta property=\"og:image:type\" content=\"image\/jpeg\" \/>\n<meta name=\"author\" content=\"conversesacatalunya\" \/>\n<meta name=\"twitter:card\" content=\"summary_large_image\" \/>\n<meta name=\"twitter:label1\" content=\"Escrito por\" \/>\n\t<meta name=\"twitter:data1\" content=\"conversesacatalunya\" \/>\n\t<meta name=\"twitter:label2\" content=\"Tiempo de lectura\" \/>\n\t<meta name=\"twitter:data2\" content=\"3 minutos\" \/>\n<script type=\"application\/ld+json\" class=\"yoast-schema-graph\">{\"@context\":\"https:\/\/schema.org\",\"@graph\":[{\"@type\":\"Article\",\"@id\":\"https:\/\/conversesacatalunya.cat\/es\/aguantara-la-alianza-psoe-erc\/#article\",\"isPartOf\":{\"@id\":\"https:\/\/conversesacatalunya.cat\/es\/aguantara-la-alianza-psoe-erc\/\"},\"author\":{\"name\":\"conversesacatalunya\",\"@id\":\"https:\/\/conversesacatalunya.cat\/#\/schema\/person\/7e24d1e54a2785373ddcb275eae5ed99\"},\"headline\":\"\u00bfAguantar\u00e1 la alianza PSOE-ERC?\",\"datePublished\":\"2021-02-19T10:25:01+00:00\",\"dateModified\":\"2021-02-19T12:43:47+00:00\",\"mainEntityOfPage\":{\"@id\":\"https:\/\/conversesacatalunya.cat\/es\/aguantara-la-alianza-psoe-erc\/\"},\"wordCount\":627,\"commentCount\":0,\"image\":{\"@id\":\"https:\/\/conversesacatalunya.cat\/es\/aguantara-la-alianza-psoe-erc\/#primaryimage\"},\"thumbnailUrl\":\"https:\/\/conversesacatalunya.cat\/wp-content\/uploads\/2021\/02\/psoe-erc.jpg\",\"keywords\":[\"ERC\",\"PSOE\",\"PSOE\"],\"articleSection\":[\"Punts clau del dia (ES)\"],\"inLanguage\":\"es\",\"potentialAction\":[{\"@type\":\"CommentAction\",\"name\":\"Comment\",\"target\":[\"https:\/\/conversesacatalunya.cat\/es\/aguantara-la-alianza-psoe-erc\/#respond\"]}]},{\"@type\":\"WebPage\",\"@id\":\"https:\/\/conversesacatalunya.cat\/es\/aguantara-la-alianza-psoe-erc\/\",\"url\":\"https:\/\/conversesacatalunya.cat\/es\/aguantara-la-alianza-psoe-erc\/\",\"name\":\"\u00bfAguantar\u00e1 la alianza PSOE-ERC? - Converses a Catalunya\",\"isPartOf\":{\"@id\":\"https:\/\/conversesacatalunya.cat\/#website\"},\"primaryImageOfPage\":{\"@id\":\"https:\/\/conversesacatalunya.cat\/es\/aguantara-la-alianza-psoe-erc\/#primaryimage\"},\"image\":{\"@id\":\"https:\/\/conversesacatalunya.cat\/es\/aguantara-la-alianza-psoe-erc\/#primaryimage\"},\"thumbnailUrl\":\"https:\/\/conversesacatalunya.cat\/wp-content\/uploads\/2021\/02\/psoe-erc.jpg\",\"datePublished\":\"2021-02-19T10:25:01+00:00\",\"dateModified\":\"2021-02-19T12:43:47+00:00\",\"author\":{\"@id\":\"https:\/\/conversesacatalunya.cat\/#\/schema\/person\/7e24d1e54a2785373ddcb275eae5ed99\"},\"description\":\"Una serie de hechos definen las dificultades crecientes que PSOE-ERC se pueden encontrar en este sentido.\",\"breadcrumb\":{\"@id\":\"https:\/\/conversesacatalunya.cat\/es\/aguantara-la-alianza-psoe-erc\/#breadcrumb\"},\"inLanguage\":\"es\",\"potentialAction\":[{\"@type\":\"ReadAction\",\"target\":[\"https:\/\/conversesacatalunya.cat\/es\/aguantara-la-alianza-psoe-erc\/\"]}]},{\"@type\":\"ImageObject\",\"inLanguage\":\"es\",\"@id\":\"https:\/\/conversesacatalunya.cat\/es\/aguantara-la-alianza-psoe-erc\/#primaryimage\",\"url\":\"https:\/\/conversesacatalunya.cat\/wp-content\/uploads\/2021\/02\/psoe-erc.jpg\",\"contentUrl\":\"https:\/\/conversesacatalunya.cat\/wp-content\/uploads\/2021\/02\/psoe-erc.jpg\",\"width\":976,\"height\":634,\"caption\":\"PSOE-ERC\"},{\"@type\":\"BreadcrumbList\",\"@id\":\"https:\/\/conversesacatalunya.cat\/es\/aguantara-la-alianza-psoe-erc\/#breadcrumb\",\"itemListElement\":[{\"@type\":\"ListItem\",\"position\":1,\"name\":\"Inici\",\"item\":\"https:\/\/conversesacatalunya.cat\/es\/\"},{\"@type\":\"ListItem\",\"position\":2,\"name\":\"\u00bfAguantar\u00e1 la alianza PSOE-ERC?\"}]},{\"@type\":\"WebSite\",\"@id\":\"https:\/\/conversesacatalunya.cat\/#website\",\"url\":\"https:\/\/conversesacatalunya.cat\/\",\"name\":\"Converses a Catalunya\",\"description\":\"\",\"potentialAction\":[{\"@type\":\"SearchAction\",\"target\":{\"@type\":\"EntryPoint\",\"urlTemplate\":\"https:\/\/conversesacatalunya.cat\/?s={search_term_string}\"},\"query-input\":{\"@type\":\"PropertyValueSpecification\",\"valueRequired\":true,\"valueName\":\"search_term_string\"}}],\"inLanguage\":\"es\"},{\"@type\":\"Person\",\"@id\":\"https:\/\/conversesacatalunya.cat\/#\/schema\/person\/7e24d1e54a2785373ddcb275eae5ed99\",\"name\":\"conversesacatalunya\",\"image\":{\"@type\":\"ImageObject\",\"inLanguage\":\"es\",\"@id\":\"https:\/\/conversesacatalunya.cat\/#\/schema\/person\/image\/\",\"url\":\"https:\/\/conversesacatalunya.cat\/wp-content\/litespeed\/avatar\/febdfeeec89d950f01c748045a981dd2.jpg?ver=1777314535\",\"contentUrl\":\"https:\/\/conversesacatalunya.cat\/wp-content\/litespeed\/avatar\/febdfeeec89d950f01c748045a981dd2.jpg?ver=1777314535\",\"caption\":\"conversesacatalunya\"},\"url\":\"https:\/\/conversesacatalunya.cat\/es\/author\/carme_catala\/\"}]}<\/script>\n<!-- \/ Yoast SEO plugin. -->","yoast_head_json":{"title":"\u00bfAguantar\u00e1 la alianza PSOE-ERC? - Converses a Catalunya","description":"Una serie de hechos definen las dificultades crecientes que PSOE-ERC se pueden encontrar en este sentido.","robots":{"index":"index","follow":"follow","max-snippet":"max-snippet:-1","max-image-preview":"max-image-preview:large","max-video-preview":"max-video-preview:-1"},"canonical":"https:\/\/conversesacatalunya.cat\/es\/aguantara-la-alianza-psoe-erc\/","og_locale":"es_ES","og_type":"article","og_title":"\u00bfAguantar\u00e1 la alianza PSOE-ERC? - Converses a Catalunya","og_description":"Una serie de hechos definen las dificultades crecientes que PSOE-ERC se pueden encontrar en este sentido.","og_url":"https:\/\/conversesacatalunya.cat\/es\/aguantara-la-alianza-psoe-erc\/","og_site_name":"Converses a Catalunya","article_published_time":"2021-02-19T10:25:01+00:00","article_modified_time":"2021-02-19T12:43:47+00:00","og_image":[{"width":976,"height":634,"url":"https:\/\/conversesacatalunya.cat\/wp-content\/uploads\/2021\/02\/psoe-erc.jpg","type":"image\/jpeg"}],"author":"conversesacatalunya","twitter_card":"summary_large_image","twitter_misc":{"Escrito por":"conversesacatalunya","Tiempo de lectura":"3 minutos"},"schema":{"@context":"https:\/\/schema.org","@graph":[{"@type":"Article","@id":"https:\/\/conversesacatalunya.cat\/es\/aguantara-la-alianza-psoe-erc\/#article","isPartOf":{"@id":"https:\/\/conversesacatalunya.cat\/es\/aguantara-la-alianza-psoe-erc\/"},"author":{"name":"conversesacatalunya","@id":"https:\/\/conversesacatalunya.cat\/#\/schema\/person\/7e24d1e54a2785373ddcb275eae5ed99"},"headline":"\u00bfAguantar\u00e1 la alianza PSOE-ERC?","datePublished":"2021-02-19T10:25:01+00:00","dateModified":"2021-02-19T12:43:47+00:00","mainEntityOfPage":{"@id":"https:\/\/conversesacatalunya.cat\/es\/aguantara-la-alianza-psoe-erc\/"},"wordCount":627,"commentCount":0,"image":{"@id":"https:\/\/conversesacatalunya.cat\/es\/aguantara-la-alianza-psoe-erc\/#primaryimage"},"thumbnailUrl":"https:\/\/conversesacatalunya.cat\/wp-content\/uploads\/2021\/02\/psoe-erc.jpg","keywords":["ERC","PSOE","PSOE"],"articleSection":["Punts clau del dia (ES)"],"inLanguage":"es","potentialAction":[{"@type":"CommentAction","name":"Comment","target":["https:\/\/conversesacatalunya.cat\/es\/aguantara-la-alianza-psoe-erc\/#respond"]}]},{"@type":"WebPage","@id":"https:\/\/conversesacatalunya.cat\/es\/aguantara-la-alianza-psoe-erc\/","url":"https:\/\/conversesacatalunya.cat\/es\/aguantara-la-alianza-psoe-erc\/","name":"\u00bfAguantar\u00e1 la alianza PSOE-ERC? - Converses a Catalunya","isPartOf":{"@id":"https:\/\/conversesacatalunya.cat\/#website"},"primaryImageOfPage":{"@id":"https:\/\/conversesacatalunya.cat\/es\/aguantara-la-alianza-psoe-erc\/#primaryimage"},"image":{"@id":"https:\/\/conversesacatalunya.cat\/es\/aguantara-la-alianza-psoe-erc\/#primaryimage"},"thumbnailUrl":"https:\/\/conversesacatalunya.cat\/wp-content\/uploads\/2021\/02\/psoe-erc.jpg","datePublished":"2021-02-19T10:25:01+00:00","dateModified":"2021-02-19T12:43:47+00:00","author":{"@id":"https:\/\/conversesacatalunya.cat\/#\/schema\/person\/7e24d1e54a2785373ddcb275eae5ed99"},"description":"Una serie de hechos definen las dificultades crecientes que PSOE-ERC se pueden encontrar en este sentido.","breadcrumb":{"@id":"https:\/\/conversesacatalunya.cat\/es\/aguantara-la-alianza-psoe-erc\/#breadcrumb"},"inLanguage":"es","potentialAction":[{"@type":"ReadAction","target":["https:\/\/conversesacatalunya.cat\/es\/aguantara-la-alianza-psoe-erc\/"]}]},{"@type":"ImageObject","inLanguage":"es","@id":"https:\/\/conversesacatalunya.cat\/es\/aguantara-la-alianza-psoe-erc\/#primaryimage","url":"https:\/\/conversesacatalunya.cat\/wp-content\/uploads\/2021\/02\/psoe-erc.jpg","contentUrl":"https:\/\/conversesacatalunya.cat\/wp-content\/uploads\/2021\/02\/psoe-erc.jpg","width":976,"height":634,"caption":"PSOE-ERC"},{"@type":"BreadcrumbList","@id":"https:\/\/conversesacatalunya.cat\/es\/aguantara-la-alianza-psoe-erc\/#breadcrumb","itemListElement":[{"@type":"ListItem","position":1,"name":"Inici","item":"https:\/\/conversesacatalunya.cat\/es\/"},{"@type":"ListItem","position":2,"name":"\u00bfAguantar\u00e1 la alianza PSOE-ERC?"}]},{"@type":"WebSite","@id":"https:\/\/conversesacatalunya.cat\/#website","url":"https:\/\/conversesacatalunya.cat\/","name":"Converses a Catalunya","description":"","potentialAction":[{"@type":"SearchAction","target":{"@type":"EntryPoint","urlTemplate":"https:\/\/conversesacatalunya.cat\/?s={search_term_string}"},"query-input":{"@type":"PropertyValueSpecification","valueRequired":true,"valueName":"search_term_string"}}],"inLanguage":"es"},{"@type":"Person","@id":"https:\/\/conversesacatalunya.cat\/#\/schema\/person\/7e24d1e54a2785373ddcb275eae5ed99","name":"conversesacatalunya","image":{"@type":"ImageObject","inLanguage":"es","@id":"https:\/\/conversesacatalunya.cat\/#\/schema\/person\/image\/","url":"https:\/\/conversesacatalunya.cat\/wp-content\/litespeed\/avatar\/febdfeeec89d950f01c748045a981dd2.jpg?ver=1777314535","contentUrl":"https:\/\/conversesacatalunya.cat\/wp-content\/litespeed\/avatar\/febdfeeec89d950f01c748045a981dd2.jpg?ver=1777314535","caption":"conversesacatalunya"},"url":"https:\/\/conversesacatalunya.cat\/es\/author\/carme_catala\/"}]}},"wps_subtitle":"Una serie de hechos definen las dificultades crecientes que se pueden encontrar en este sentido.","_links":{"self":[{"href":"https:\/\/conversesacatalunya.cat\/es\/wp-json\/wp\/v2\/posts\/45303","targetHints":{"allow":["GET"]}}],"collection":[{"href":"https:\/\/conversesacatalunya.cat\/es\/wp-json\/wp\/v2\/posts"}],"about":[{"href":"https:\/\/conversesacatalunya.cat\/es\/wp-json\/wp\/v2\/types\/post"}],"author":[{"embeddable":true,"href":"https:\/\/conversesacatalunya.cat\/es\/wp-json\/wp\/v2\/users\/2"}],"replies":[{"embeddable":true,"href":"https:\/\/conversesacatalunya.cat\/es\/wp-json\/wp\/v2\/comments?post=45303"}],"version-history":[{"count":3,"href":"https:\/\/conversesacatalunya.cat\/es\/wp-json\/wp\/v2\/posts\/45303\/revisions"}],"predecessor-version":[{"id":45310,"href":"https:\/\/conversesacatalunya.cat\/es\/wp-json\/wp\/v2\/posts\/45303\/revisions\/45310"}],"wp:featuredmedia":[{"embeddable":true,"href":"https:\/\/conversesacatalunya.cat\/es\/wp-json\/wp\/v2\/media\/45294"}],"wp:attachment":[{"href":"https:\/\/conversesacatalunya.cat\/es\/wp-json\/wp\/v2\/media?parent=45303"}],"wp:term":[{"taxonomy":"category","embeddable":true,"href":"https:\/\/conversesacatalunya.cat\/es\/wp-json\/wp\/v2\/categories?post=45303"},{"taxonomy":"post_tag","embeddable":true,"href":"https:\/\/conversesacatalunya.cat\/es\/wp-json\/wp\/v2\/tags?post=45303"}],"curies":[{"name":"wp","href":"https:\/\/api.w.org\/{rel}","templated":true}]}}