{"id":45246,"date":"2021-02-17T13:37:16","date_gmt":"2021-02-17T12:37:16","guid":{"rendered":"https:\/\/conversesacatalunya.cat\/pablo-hasel-albiach-i-la-comissaria-de-vic\/"},"modified":"2021-02-17T15:27:18","modified_gmt":"2021-02-17T14:27:18","slug":"pablo-hasel-albiach-y-la-comisaria-de-vic","status":"publish","type":"post","link":"https:\/\/conversesacatalunya.cat\/es\/pablo-hasel-albiach-y-la-comisaria-de-vic\/","title":{"rendered":"Pablo Has\u00e9l, Albiach y la comisar\u00eda de Vic"},"content":{"rendered":"<p><span>Dos d\u00edas despu\u00e9s de las elecciones, Catalu\u00f1a ha vuelto a presentar su peor cara con manifestaciones y concentraciones que no respetaban el toque de queda de la pandemia, y han practicado una violencia desatada, que ha culminado con\u00a0<\/span><strong><span>el ataque a la comisar\u00eda de Vic<\/span><\/strong><span>\u00a0.<\/span><\/p>\n<p><span>Catalu\u00f1a ha vivido una noche de disturbios y violencia que en Vic se ha saldado con\u00a0<\/span><strong><span>4 Mossos heridos, 15 detenidos y la comisar\u00eda defendida por 8<\/span><\/strong><span> mozos, al ser asaltada por unos manifestantes que han hecho uso de una violencia extrema hasta destruir parte de las paredes de cristal de la sede policial. Las im\u00e1genes de este asalto y los incendios y destrozos en sus comerciales y bancarias a estas alturas han\u00a0<\/span><strong><span>dado la vuelta al mundo<\/span><\/strong><span>\u00a0y presentan de nuevo una p\u00e9sima imagen de Catalu\u00f1a, que no ayuda nada a normalizar la situaci\u00f3n para salir de la crisis econ\u00f3mica.<\/span><\/p>\n<p><img fetchpriority=\"high\" decoding=\"async\" class=\"aligncenter size-full wp-image-45229 lazyloaded\" src=\"https:\/\/conversesacatalunya.cat\/wp-content\/uploads\/2021\/02\/602cbcdb1946f.jpeg\" sizes=\"(max-width: 1125px) 100vw, 1125px\" srcset=\"https:\/\/conversesacatalunya.cat\/wp-content\/uploads\/2021\/02\/602cbcdb1946f.jpeg 1125w, https:\/\/conversesacatalunya.cat\/wp-content\/uploads\/2021\/02\/602cbcdb1946f-300x164.jpeg 300w, https:\/\/conversesacatalunya.cat\/wp-content\/uploads\/2021\/02\/602cbcdb1946f-1024x560.jpeg 1024w, https:\/\/conversesacatalunya.cat\/wp-content\/uploads\/2021\/02\/602cbcdb1946f-150x82.jpeg 150w\" alt=\"\" width=\"1125\" height=\"615\" data-srcset=\"https:\/\/conversesacatalunya.cat\/wp-content\/uploads\/2021\/02\/602cbcdb1946f.jpeg 1125w, https:\/\/conversesacatalunya.cat\/wp-content\/uploads\/2021\/02\/602cbcdb1946f-300x164.jpeg 300w, https:\/\/conversesacatalunya.cat\/wp-content\/uploads\/2021\/02\/602cbcdb1946f-1024x560.jpeg 1024w, https:\/\/conversesacatalunya.cat\/wp-content\/uploads\/2021\/02\/602cbcdb1946f-150x82.jpeg 150w\" data-src=\"https:\/\/conversesacatalunya.cat\/wp-content\/uploads\/2021\/02\/602cbcdb1946f.jpeg\" data-sizes=\"(max-width: 1125px) 100vw, 1125px\" \/><\/p>\n<p><span>Lo que ha sucedido esta noche del martes muestra\u00a0<\/span><strong><span>la debilidad de los recursos de los Mossos<\/span><\/strong><span>, que ser\u00edan incapaces de afrontar algunos disturbios simult\u00e1neos como los de Vic.<\/span><\/p>\n<p><span>Este hecho crea un poderoso interrogante y genera mucha intranquilidad, m\u00e1s cuando se constata que la seguridad ciudadana est\u00e1, cuando quieren, en manos de la calle, y que adem\u00e1s dispone de la cobertura pol\u00edtica del mismo gobierno de Catalu\u00f1a, del gobierno espa\u00f1ol y del municipal de Barcelona. No es un hecho anecd\u00f3tico que no se hayan producido condenas de los disturbios ni\u00a0<\/span><strong><span>que Jessica Albiach<\/span><\/strong><span>, la presidenta del grupo parlamentario de En Com\u00fa Podem, exhibiendo su condici\u00f3n de miembro del partido del Gobierno, haya manifestado este mi\u00e9rcoles <\/span><strong><span>por la ma\u00f1ana en TV3<\/span><\/strong><span> que lo que ha pasado en la comisar\u00eda de Vic <\/span><strong><span>lo considera una an\u00e9cdota<\/span><\/strong><span>, y que no tiene ning\u00fan tipo de especial importancia, porque s\u00f3lo cuenta el encarcelamiento de\u00a0<\/span><strong><span>Pablo Has\u00e9l<\/span><\/strong><span>\u00a0.<\/span><\/p>\n<p><span>Esta persona ha sido el motivo que ha hecho salir a la gente a la calle en Catalu\u00f1a. Es un cantante de rap que ha sido condenado a 2 a\u00f1os de prisi\u00f3n, pero que, lo que no se explica, que esta condena concreta no es por ninguna canci\u00f3n, sino <\/span><strong><span>por sus antecedentes y reiteraci\u00f3n delictiva<\/span><\/strong><span>. Has\u00e9l tiene cuatro causas previas, y dos no tienen nada que ver con la m\u00fasica, sino que han <\/span><strong><span>sido por agresiones<\/span><\/strong><span>, y adem\u00e1s muy significativas. Una a un testigo en uno de sus procesos y otra a un periodista.<\/span><\/p>\n<p><span>Estos antecedentes explican su ingreso en prisi\u00f3n y no la canci\u00f3n.\u00a0Es un p\u00e9simo indicio de la salud c\u00edvica de la sociedad, y no digamos ya de las instituciones, cuando se carga contra la justicia queriendo ignorar la realidad del por qu\u00e9 ha sido juzgado. Si Pablo Has\u00e9l, agresor condenado de un testigo y de un periodista, en lugar de cantar raps llamando a la revoluci\u00f3n y poniendo a parir al rey, criticara el feminismo, ser\u00eda presentado como un monstruo violento que no respeta ni los testigos ni el derecho a informar.<\/span><\/p>\n<p><span>Ahora, seg\u00fan Albiach y de acuerdo con la petici\u00f3n de entrada por su grupo en Madrid, el gobierno debe\u00a0<\/span><strong><span>conceder un indulto a Has\u00e9l<\/span><\/strong><span>.\u00a0Si lo hace, pondr\u00e1 en evidencia que utiliza \u00bb\u00a0<\/span><strong><span>la justicia pol\u00edtica\u00bb<\/span><\/strong><span> que consiste en proteger a los suyos y castigar a los dem\u00e1s.<\/span><\/p>\n<p><span>El otro gran elemento generador de cobertura del desorden y la violencia, es <\/span><strong><span>TV3<\/span><\/strong><span> que se dedica a blanquear y justificar los ataques y los disturbios y a presentar a Has\u00e9l como un m\u00e1rtir de la libertad de expresi\u00f3n. <span class=\"goog-text-highlight\">Pero la red de complicidad sobre este estado de cosas responde a otros responsables como el de la misma\u00a0<\/span><\/span><strong><span><span class=\"goog-text-highlight\">alcaldesa de Vic<\/span><\/span><\/strong><span><span class=\"goog-text-highlight\">,\u00a0<\/span><\/span><strong><span><span class=\"goog-text-highlight\">Anna Erra<\/span><\/span><\/strong><span><span class=\"goog-text-highlight\">, que no condena la destrucci\u00f3n de la comisar\u00eda y la agresi\u00f3n a los mossos, s\u00f3lo sabe decir que le duele, y lo acaba justificando debido a la represi\u00f3n, que dice que es el problema.<\/span><\/span><\/p>\n<p><span>El resultado es una noche de incendios de contenedores, de tiendas y oficinas bancarias asaltadas y de una clara manifestaci\u00f3n de impotencia por parte de los Mossos para impedir la destrucci\u00f3n de bienes p\u00fablicos y privados.<\/span><\/p>\n<p><span>Nos hemos situado, justo despu\u00e9s de las elecciones, en manos de los que quieran salir a la calle y agredir, y de la arbitrariedad pol\u00edtica.\u00a0Ser\u00e1 bueno a estas alturas oir que dice Salvador Illa que nos prometi\u00f3 que ven\u00eda a normalizar el pa\u00eds.<\/span><\/p>\n<div id=\"polls-92\" class=\"wp-polls\">\n\t<form id=\"polls_form_92\" class=\"wp-polls-form\" action=\"\/index.php\" method=\"post\">\n\t\t<p style=\"display: none;\"><input type=\"hidden\" id=\"poll_92_nonce\" name=\"wp-polls-nonce\" value=\"79be09dc20\" \/><\/p>\n\t\t<p style=\"display: none;\"><input type=\"hidden\" name=\"poll_id\" value=\"92\" \/><\/p>\n\t\t<p style=\"text-align: center\"><strong>Amb els resultats electorals del 14F, creus que el pr\u00f2xim govern catal\u00e0 ser\u00e0 independentista?<\/strong><\/p><div id=\"polls-92-ans\" class=\"wp-polls-ans\"><ul class=\"wp-polls-ul\">\n\t\t<li><input type=\"radio\" id=\"poll-answer-213\" name=\"poll_92\" value=\"213\" \/> <label for=\"poll-answer-213\">Si<\/label><\/li>\n\t\t<li><input type=\"radio\" id=\"poll-answer-214\" name=\"poll_92\" value=\"214\" \/> <label for=\"poll-answer-214\">No<\/label><\/li>\n\t\t<li><input type=\"radio\" id=\"poll-answer-215\" name=\"poll_92\" value=\"215\" \/> <label for=\"poll-answer-215\">No ho s\u00e9<\/label><\/li>\n\t\t<\/ul><p style=\"text-align: center\"><input type=\"button\" name=\"vote\" value=\"   Vota   \" class=\"Buttons\" onclick=\"poll_vote(92);\" \/><\/p><p style=\"text-align: center\"><a href=\"#ViewPollResults\" onclick=\"poll_result(92); return false;\" title=\"View Results Of This Poll\">Mira els resultats<\/a><\/p><\/div>\n\t<\/form>\n<\/div>\n<div id=\"polls-92-loading\" class=\"wp-polls-loading\"><img decoding=\"async\" data-src=\"https:\/\/conversesacatalunya.cat\/wp-content\/plugins\/wp-polls\/images\/loading.gif\" width=\"16\" height=\"16\" alt=\"Cargando ...\" title=\"Cargando ...\" class=\"wp-polls-image lazyload\" src=\"data:image\/svg+xml;base64,PHN2ZyB3aWR0aD0iMSIgaGVpZ2h0PSIxIiB4bWxucz0iaHR0cDovL3d3dy53My5vcmcvMjAwMC9zdmciPjwvc3ZnPg==\" style=\"--smush-placeholder-width: 16px; --smush-placeholder-aspect-ratio: 16\/16;\" \/>&nbsp;Cargando ...<\/div>\n\n","protected":false},"excerpt":{"rendered":"<p>Dos d\u00edas despu\u00e9s de las elecciones, Catalu\u00f1a ha vuelto a presentar su peor cara con manifestaciones y concentraciones que no respetaban el toque de queda de la pandemia, y han practicado una violencia desatada, que ha culminado con\u00a0el ataque a la comisar\u00eda de Vic\u00a0. Catalu\u00f1a ha vivido una noche de disturbios y violencia que en Vic se ha saldado con\u00a04 Mossos heridos, 15 detenidos y la comisar\u00eda defendida por 8 mozos, al ser asaltada por unos manifestantes que han hecho uso de una violencia extrema hasta destruir parte de las paredes de cristal de la sede policial. Las im\u00e1genes de este asalto y los incendios y destrozos en sus comerciales y bancarias a estas alturas han\u00a0dado la vuelta al mundo\u00a0y presentan de nuevo una p\u00e9sima imagen de Catalu\u00f1a, que no ayuda nada a normalizar la situaci\u00f3n para salir de la crisis econ\u00f3mica. Lo que ha sucedido esta noche del martes muestra\u00a0la debilidad de los recursos de los Mossos, que ser\u00edan incapaces de afrontar algunos disturbios simult\u00e1neos como los de Vic. Este hecho crea un poderoso interrogante y genera mucha intranquilidad, m\u00e1s cuando se constata que la seguridad ciudadana est\u00e1, cuando quieren, en manos de la calle, y que adem\u00e1s dispone de la cobertura pol\u00edtica del mismo gobierno de Catalu\u00f1a, del gobierno espa\u00f1ol y del municipal de Barcelona. No es un hecho anecd\u00f3tico que no se hayan producido condenas de los disturbios ni\u00a0que Jessica Albiach, la presidenta del grupo parlamentario de En Com\u00fa Podem, exhibiendo su condici\u00f3n de miembro del partido del Gobierno, haya manifestado este mi\u00e9rcoles por la ma\u00f1ana en TV3 que lo que ha pasado en la comisar\u00eda de Vic lo considera una an\u00e9cdota, y que no tiene ning\u00fan tipo de especial importancia, porque s\u00f3lo cuenta el encarcelamiento de\u00a0Pablo Has\u00e9l\u00a0. Esta persona ha sido el motivo que ha hecho salir a la gente a la calle en Catalu\u00f1a. Es un cantante de rap que ha sido condenado a 2 a\u00f1os de prisi\u00f3n, pero que, lo que no se explica, que esta condena concreta no es por ninguna canci\u00f3n, sino por sus antecedentes y reiteraci\u00f3n delictiva. Has\u00e9l tiene cuatro causas previas, y dos no tienen nada que ver con la m\u00fasica, sino que han sido por agresiones, y adem\u00e1s muy significativas. Una a un testigo en uno de sus procesos y otra a un periodista. Estos antecedentes explican su ingreso en prisi\u00f3n y no la canci\u00f3n.\u00a0Es un p\u00e9simo indicio de la salud c\u00edvica de la sociedad, y no digamos ya de las instituciones, cuando se carga contra la justicia queriendo ignorar la realidad del por qu\u00e9 ha sido juzgado. Si Pablo Has\u00e9l, agresor condenado de un testigo y de un periodista, en lugar de cantar raps llamando a la revoluci\u00f3n y poniendo a parir al rey, criticara el feminismo, ser\u00eda presentado como un monstruo violento que no respeta ni los testigos ni el derecho a informar. Ahora, seg\u00fan Albiach y de acuerdo con la petici\u00f3n de entrada por su grupo en Madrid, el gobierno debe\u00a0conceder un indulto a Has\u00e9l.\u00a0Si lo hace, pondr\u00e1 en evidencia que utiliza \u00bb\u00a0la justicia pol\u00edtica\u00bb que consiste en proteger a los suyos y castigar a los dem\u00e1s. El otro gran elemento generador de cobertura del desorden y la violencia, es TV3 que se dedica a blanquear y justificar los ataques y los disturbios y a presentar a Has\u00e9l como un m\u00e1rtir de la libertad de expresi\u00f3n. Pero la red de complicidad sobre este estado de cosas responde a otros responsables como el de la misma\u00a0alcaldesa de Vic,\u00a0Anna Erra, que no condena la destrucci\u00f3n de la comisar\u00eda y la agresi\u00f3n a los mossos, s\u00f3lo sabe decir que le duele, y lo acaba justificando debido a la represi\u00f3n, que dice que es el problema. El resultado es una noche de incendios de contenedores, de tiendas y oficinas bancarias asaltadas y de una clara manifestaci\u00f3n de impotencia por parte de los Mossos para impedir la destrucci\u00f3n de bienes p\u00fablicos y privados. Nos hemos situado, justo despu\u00e9s de las elecciones, en manos de los que quieran salir a la calle y agredir, y de la arbitrariedad pol\u00edtica.\u00a0Ser\u00e1 bueno a estas alturas oir que dice Salvador Illa que nos prometi\u00f3 que ven\u00eda a normalizar el pa\u00eds.<\/p>\n","protected":false},"author":2,"featured_media":45279,"comment_status":"open","ping_status":"open","sticky":false,"template":"","format":"standard","meta":{"_FSMCFIC_featured_image_caption":"","_FSMCFIC_featured_image_nocaption":"","_FSMCFIC_featured_image_hide":"","footnotes":""},"categories":[806],"tags":[949,1022,3467],"class_list":["post-45246","post","type-post","status-publish","format-standard","has-post-thumbnail","hentry","category-punts-claus-del-dia-es","tag-aldarulls-es","tag-manifestaciones","tag-pablo-hasel-es"],"yoast_head":"<!-- This site is optimized with the Yoast SEO plugin v26.8 - https:\/\/yoast.com\/product\/yoast-seo-wordpress\/ -->\n<title>Pablo Has\u00e9l, Albiach y la comisar\u00eda de Vic - Converses a Catalunya<\/title>\n<meta name=\"description\" content=\"Has\u00e9l tiene cuatro causas previas, y dos no tienen nada que ver con la m\u00fasica, sino que han sido por agresiones\" \/>\n<meta name=\"robots\" content=\"index, follow, max-snippet:-1, max-image-preview:large, max-video-preview:-1\" \/>\n<link rel=\"canonical\" href=\"https:\/\/conversesacatalunya.cat\/es\/pablo-hasel-albiach-y-la-comisaria-de-vic\/\" \/>\n<meta property=\"og:locale\" content=\"es_ES\" \/>\n<meta property=\"og:type\" content=\"article\" \/>\n<meta property=\"og:title\" content=\"Pablo Has\u00e9l, Albiach y la comisar\u00eda de Vic - Converses a Catalunya\" \/>\n<meta property=\"og:description\" content=\"Has\u00e9l tiene cuatro causas previas, y dos no tienen nada que ver con la m\u00fasica, sino que han sido por agresiones\" \/>\n<meta property=\"og:url\" content=\"https:\/\/conversesacatalunya.cat\/es\/pablo-hasel-albiach-y-la-comisaria-de-vic\/\" \/>\n<meta property=\"og:site_name\" content=\"Converses a Catalunya\" \/>\n<meta property=\"article:published_time\" content=\"2021-02-17T12:37:16+00:00\" \/>\n<meta property=\"article:modified_time\" content=\"2021-02-17T14:27:18+00:00\" \/>\n<meta property=\"og:image\" content=\"https:\/\/conversesacatalunya.cat\/wp-content\/uploads\/2021\/02\/pablo-hasel-1.jpg\" \/>\n\t<meta property=\"og:image:width\" content=\"991\" \/>\n\t<meta property=\"og:image:height\" content=\"558\" \/>\n\t<meta property=\"og:image:type\" content=\"image\/jpeg\" \/>\n<meta name=\"author\" content=\"conversesacatalunya\" \/>\n<meta name=\"twitter:card\" content=\"summary_large_image\" \/>\n<meta name=\"twitter:label1\" content=\"Escrito por\" \/>\n\t<meta name=\"twitter:data1\" content=\"conversesacatalunya\" \/>\n\t<meta name=\"twitter:label2\" content=\"Tiempo de lectura\" \/>\n\t<meta name=\"twitter:data2\" content=\"4 minutos\" \/>\n<script type=\"application\/ld+json\" class=\"yoast-schema-graph\">{\"@context\":\"https:\/\/schema.org\",\"@graph\":[{\"@type\":\"Article\",\"@id\":\"https:\/\/conversesacatalunya.cat\/es\/pablo-hasel-albiach-y-la-comisaria-de-vic\/#article\",\"isPartOf\":{\"@id\":\"https:\/\/conversesacatalunya.cat\/es\/pablo-hasel-albiach-y-la-comisaria-de-vic\/\"},\"author\":{\"name\":\"conversesacatalunya\",\"@id\":\"https:\/\/conversesacatalunya.cat\/#\/schema\/person\/7e24d1e54a2785373ddcb275eae5ed99\"},\"headline\":\"Pablo Has\u00e9l, Albiach y la comisar\u00eda de Vic\",\"datePublished\":\"2021-02-17T12:37:16+00:00\",\"dateModified\":\"2021-02-17T14:27:18+00:00\",\"mainEntityOfPage\":{\"@id\":\"https:\/\/conversesacatalunya.cat\/es\/pablo-hasel-albiach-y-la-comisaria-de-vic\/\"},\"wordCount\":778,\"commentCount\":0,\"image\":{\"@id\":\"https:\/\/conversesacatalunya.cat\/es\/pablo-hasel-albiach-y-la-comisaria-de-vic\/#primaryimage\"},\"thumbnailUrl\":\"https:\/\/conversesacatalunya.cat\/wp-content\/uploads\/2021\/02\/pablo-hasel-1.jpg\",\"keywords\":[\"Aldarulls\",\"Manifestaciones\",\"Pablo Has\u00e9l\"],\"articleSection\":[\"Punts clau del dia (ES)\"],\"inLanguage\":\"es\",\"potentialAction\":[{\"@type\":\"CommentAction\",\"name\":\"Comment\",\"target\":[\"https:\/\/conversesacatalunya.cat\/es\/pablo-hasel-albiach-y-la-comisaria-de-vic\/#respond\"]}]},{\"@type\":\"WebPage\",\"@id\":\"https:\/\/conversesacatalunya.cat\/es\/pablo-hasel-albiach-y-la-comisaria-de-vic\/\",\"url\":\"https:\/\/conversesacatalunya.cat\/es\/pablo-hasel-albiach-y-la-comisaria-de-vic\/\",\"name\":\"Pablo Has\u00e9l, Albiach y la comisar\u00eda de Vic - Converses a Catalunya\",\"isPartOf\":{\"@id\":\"https:\/\/conversesacatalunya.cat\/#website\"},\"primaryImageOfPage\":{\"@id\":\"https:\/\/conversesacatalunya.cat\/es\/pablo-hasel-albiach-y-la-comisaria-de-vic\/#primaryimage\"},\"image\":{\"@id\":\"https:\/\/conversesacatalunya.cat\/es\/pablo-hasel-albiach-y-la-comisaria-de-vic\/#primaryimage\"},\"thumbnailUrl\":\"https:\/\/conversesacatalunya.cat\/wp-content\/uploads\/2021\/02\/pablo-hasel-1.jpg\",\"datePublished\":\"2021-02-17T12:37:16+00:00\",\"dateModified\":\"2021-02-17T14:27:18+00:00\",\"author\":{\"@id\":\"https:\/\/conversesacatalunya.cat\/#\/schema\/person\/7e24d1e54a2785373ddcb275eae5ed99\"},\"description\":\"Has\u00e9l tiene cuatro causas previas, y dos no tienen nada que ver con la m\u00fasica, sino que han sido por agresiones\",\"breadcrumb\":{\"@id\":\"https:\/\/conversesacatalunya.cat\/es\/pablo-hasel-albiach-y-la-comisaria-de-vic\/#breadcrumb\"},\"inLanguage\":\"es\",\"potentialAction\":[{\"@type\":\"ReadAction\",\"target\":[\"https:\/\/conversesacatalunya.cat\/es\/pablo-hasel-albiach-y-la-comisaria-de-vic\/\"]}]},{\"@type\":\"ImageObject\",\"inLanguage\":\"es\",\"@id\":\"https:\/\/conversesacatalunya.cat\/es\/pablo-hasel-albiach-y-la-comisaria-de-vic\/#primaryimage\",\"url\":\"https:\/\/conversesacatalunya.cat\/wp-content\/uploads\/2021\/02\/pablo-hasel-1.jpg\",\"contentUrl\":\"https:\/\/conversesacatalunya.cat\/wp-content\/uploads\/2021\/02\/pablo-hasel-1.jpg\",\"width\":991,\"height\":558,\"caption\":\"Has\u00e9l\"},{\"@type\":\"BreadcrumbList\",\"@id\":\"https:\/\/conversesacatalunya.cat\/es\/pablo-hasel-albiach-y-la-comisaria-de-vic\/#breadcrumb\",\"itemListElement\":[{\"@type\":\"ListItem\",\"position\":1,\"name\":\"Inici\",\"item\":\"https:\/\/conversesacatalunya.cat\/es\/\"},{\"@type\":\"ListItem\",\"position\":2,\"name\":\"Pablo Has\u00e9l, Albiach y la comisar\u00eda de Vic\"}]},{\"@type\":\"WebSite\",\"@id\":\"https:\/\/conversesacatalunya.cat\/#website\",\"url\":\"https:\/\/conversesacatalunya.cat\/\",\"name\":\"Converses a Catalunya\",\"description\":\"\",\"potentialAction\":[{\"@type\":\"SearchAction\",\"target\":{\"@type\":\"EntryPoint\",\"urlTemplate\":\"https:\/\/conversesacatalunya.cat\/?s={search_term_string}\"},\"query-input\":{\"@type\":\"PropertyValueSpecification\",\"valueRequired\":true,\"valueName\":\"search_term_string\"}}],\"inLanguage\":\"es\"},{\"@type\":\"Person\",\"@id\":\"https:\/\/conversesacatalunya.cat\/#\/schema\/person\/7e24d1e54a2785373ddcb275eae5ed99\",\"name\":\"conversesacatalunya\",\"image\":{\"@type\":\"ImageObject\",\"inLanguage\":\"es\",\"@id\":\"https:\/\/conversesacatalunya.cat\/#\/schema\/person\/image\/\",\"url\":\"https:\/\/conversesacatalunya.cat\/wp-content\/litespeed\/avatar\/febdfeeec89d950f01c748045a981dd2.jpg?ver=1777314535\",\"contentUrl\":\"https:\/\/conversesacatalunya.cat\/wp-content\/litespeed\/avatar\/febdfeeec89d950f01c748045a981dd2.jpg?ver=1777314535\",\"caption\":\"conversesacatalunya\"},\"url\":\"https:\/\/conversesacatalunya.cat\/es\/author\/carme_catala\/\"}]}<\/script>\n<!-- \/ Yoast SEO plugin. -->","yoast_head_json":{"title":"Pablo Has\u00e9l, Albiach y la comisar\u00eda de Vic - Converses a Catalunya","description":"Has\u00e9l tiene cuatro causas previas, y dos no tienen nada que ver con la m\u00fasica, sino que han sido por agresiones","robots":{"index":"index","follow":"follow","max-snippet":"max-snippet:-1","max-image-preview":"max-image-preview:large","max-video-preview":"max-video-preview:-1"},"canonical":"https:\/\/conversesacatalunya.cat\/es\/pablo-hasel-albiach-y-la-comisaria-de-vic\/","og_locale":"es_ES","og_type":"article","og_title":"Pablo Has\u00e9l, Albiach y la comisar\u00eda de Vic - Converses a Catalunya","og_description":"Has\u00e9l tiene cuatro causas previas, y dos no tienen nada que ver con la m\u00fasica, sino que han sido por agresiones","og_url":"https:\/\/conversesacatalunya.cat\/es\/pablo-hasel-albiach-y-la-comisaria-de-vic\/","og_site_name":"Converses a Catalunya","article_published_time":"2021-02-17T12:37:16+00:00","article_modified_time":"2021-02-17T14:27:18+00:00","og_image":[{"width":991,"height":558,"url":"https:\/\/conversesacatalunya.cat\/wp-content\/uploads\/2021\/02\/pablo-hasel-1.jpg","type":"image\/jpeg"}],"author":"conversesacatalunya","twitter_card":"summary_large_image","twitter_misc":{"Escrito por":"conversesacatalunya","Tiempo de lectura":"4 minutos"},"schema":{"@context":"https:\/\/schema.org","@graph":[{"@type":"Article","@id":"https:\/\/conversesacatalunya.cat\/es\/pablo-hasel-albiach-y-la-comisaria-de-vic\/#article","isPartOf":{"@id":"https:\/\/conversesacatalunya.cat\/es\/pablo-hasel-albiach-y-la-comisaria-de-vic\/"},"author":{"name":"conversesacatalunya","@id":"https:\/\/conversesacatalunya.cat\/#\/schema\/person\/7e24d1e54a2785373ddcb275eae5ed99"},"headline":"Pablo Has\u00e9l, Albiach y la comisar\u00eda de Vic","datePublished":"2021-02-17T12:37:16+00:00","dateModified":"2021-02-17T14:27:18+00:00","mainEntityOfPage":{"@id":"https:\/\/conversesacatalunya.cat\/es\/pablo-hasel-albiach-y-la-comisaria-de-vic\/"},"wordCount":778,"commentCount":0,"image":{"@id":"https:\/\/conversesacatalunya.cat\/es\/pablo-hasel-albiach-y-la-comisaria-de-vic\/#primaryimage"},"thumbnailUrl":"https:\/\/conversesacatalunya.cat\/wp-content\/uploads\/2021\/02\/pablo-hasel-1.jpg","keywords":["Aldarulls","Manifestaciones","Pablo Has\u00e9l"],"articleSection":["Punts clau del dia (ES)"],"inLanguage":"es","potentialAction":[{"@type":"CommentAction","name":"Comment","target":["https:\/\/conversesacatalunya.cat\/es\/pablo-hasel-albiach-y-la-comisaria-de-vic\/#respond"]}]},{"@type":"WebPage","@id":"https:\/\/conversesacatalunya.cat\/es\/pablo-hasel-albiach-y-la-comisaria-de-vic\/","url":"https:\/\/conversesacatalunya.cat\/es\/pablo-hasel-albiach-y-la-comisaria-de-vic\/","name":"Pablo Has\u00e9l, Albiach y la comisar\u00eda de Vic - Converses a Catalunya","isPartOf":{"@id":"https:\/\/conversesacatalunya.cat\/#website"},"primaryImageOfPage":{"@id":"https:\/\/conversesacatalunya.cat\/es\/pablo-hasel-albiach-y-la-comisaria-de-vic\/#primaryimage"},"image":{"@id":"https:\/\/conversesacatalunya.cat\/es\/pablo-hasel-albiach-y-la-comisaria-de-vic\/#primaryimage"},"thumbnailUrl":"https:\/\/conversesacatalunya.cat\/wp-content\/uploads\/2021\/02\/pablo-hasel-1.jpg","datePublished":"2021-02-17T12:37:16+00:00","dateModified":"2021-02-17T14:27:18+00:00","author":{"@id":"https:\/\/conversesacatalunya.cat\/#\/schema\/person\/7e24d1e54a2785373ddcb275eae5ed99"},"description":"Has\u00e9l tiene cuatro causas previas, y dos no tienen nada que ver con la m\u00fasica, sino que han sido por agresiones","breadcrumb":{"@id":"https:\/\/conversesacatalunya.cat\/es\/pablo-hasel-albiach-y-la-comisaria-de-vic\/#breadcrumb"},"inLanguage":"es","potentialAction":[{"@type":"ReadAction","target":["https:\/\/conversesacatalunya.cat\/es\/pablo-hasel-albiach-y-la-comisaria-de-vic\/"]}]},{"@type":"ImageObject","inLanguage":"es","@id":"https:\/\/conversesacatalunya.cat\/es\/pablo-hasel-albiach-y-la-comisaria-de-vic\/#primaryimage","url":"https:\/\/conversesacatalunya.cat\/wp-content\/uploads\/2021\/02\/pablo-hasel-1.jpg","contentUrl":"https:\/\/conversesacatalunya.cat\/wp-content\/uploads\/2021\/02\/pablo-hasel-1.jpg","width":991,"height":558,"caption":"Has\u00e9l"},{"@type":"BreadcrumbList","@id":"https:\/\/conversesacatalunya.cat\/es\/pablo-hasel-albiach-y-la-comisaria-de-vic\/#breadcrumb","itemListElement":[{"@type":"ListItem","position":1,"name":"Inici","item":"https:\/\/conversesacatalunya.cat\/es\/"},{"@type":"ListItem","position":2,"name":"Pablo Has\u00e9l, Albiach y la comisar\u00eda de Vic"}]},{"@type":"WebSite","@id":"https:\/\/conversesacatalunya.cat\/#website","url":"https:\/\/conversesacatalunya.cat\/","name":"Converses a Catalunya","description":"","potentialAction":[{"@type":"SearchAction","target":{"@type":"EntryPoint","urlTemplate":"https:\/\/conversesacatalunya.cat\/?s={search_term_string}"},"query-input":{"@type":"PropertyValueSpecification","valueRequired":true,"valueName":"search_term_string"}}],"inLanguage":"es"},{"@type":"Person","@id":"https:\/\/conversesacatalunya.cat\/#\/schema\/person\/7e24d1e54a2785373ddcb275eae5ed99","name":"conversesacatalunya","image":{"@type":"ImageObject","inLanguage":"es","@id":"https:\/\/conversesacatalunya.cat\/#\/schema\/person\/image\/","url":"https:\/\/conversesacatalunya.cat\/wp-content\/litespeed\/avatar\/febdfeeec89d950f01c748045a981dd2.jpg?ver=1777314535","contentUrl":"https:\/\/conversesacatalunya.cat\/wp-content\/litespeed\/avatar\/febdfeeec89d950f01c748045a981dd2.jpg?ver=1777314535","caption":"conversesacatalunya"},"url":"https:\/\/conversesacatalunya.cat\/es\/author\/carme_catala\/"}]}},"wps_subtitle":"Has\u00e9l tiene cuatro causas previas, y dos no tienen nada que ver con la m\u00fasica, sino que han sido por agresiones","_links":{"self":[{"href":"https:\/\/conversesacatalunya.cat\/es\/wp-json\/wp\/v2\/posts\/45246","targetHints":{"allow":["GET"]}}],"collection":[{"href":"https:\/\/conversesacatalunya.cat\/es\/wp-json\/wp\/v2\/posts"}],"about":[{"href":"https:\/\/conversesacatalunya.cat\/es\/wp-json\/wp\/v2\/types\/post"}],"author":[{"embeddable":true,"href":"https:\/\/conversesacatalunya.cat\/es\/wp-json\/wp\/v2\/users\/2"}],"replies":[{"embeddable":true,"href":"https:\/\/conversesacatalunya.cat\/es\/wp-json\/wp\/v2\/comments?post=45246"}],"version-history":[{"count":2,"href":"https:\/\/conversesacatalunya.cat\/es\/wp-json\/wp\/v2\/posts\/45246\/revisions"}],"predecessor-version":[{"id":45248,"href":"https:\/\/conversesacatalunya.cat\/es\/wp-json\/wp\/v2\/posts\/45246\/revisions\/45248"}],"wp:featuredmedia":[{"embeddable":true,"href":"https:\/\/conversesacatalunya.cat\/es\/wp-json\/wp\/v2\/media\/45279"}],"wp:attachment":[{"href":"https:\/\/conversesacatalunya.cat\/es\/wp-json\/wp\/v2\/media?parent=45246"}],"wp:term":[{"taxonomy":"category","embeddable":true,"href":"https:\/\/conversesacatalunya.cat\/es\/wp-json\/wp\/v2\/categories?post=45246"},{"taxonomy":"post_tag","embeddable":true,"href":"https:\/\/conversesacatalunya.cat\/es\/wp-json\/wp\/v2\/tags?post=45246"}],"curies":[{"name":"wp","href":"https:\/\/api.w.org\/{rel}","templated":true}]}}