{"id":45209,"date":"2021-02-16T12:42:03","date_gmt":"2021-02-16T11:42:03","guid":{"rendered":"https:\/\/conversesacatalunya.cat\/resultats-electorals-interpretacio\/"},"modified":"2021-02-16T15:29:47","modified_gmt":"2021-02-16T14:29:47","slug":"resultados-electorales-una-interpretacion-con-luces-largas","status":"publish","type":"post","link":"https:\/\/conversesacatalunya.cat\/es\/resultados-electorales-una-interpretacion-con-luces-largas\/","title":{"rendered":"Resultados electorales: una interpretaci\u00f3n con luces largas"},"content":{"rendered":"<ol>\n<li style=\"list-style-type: none;\">\n<ol>\n<li><span>Unas elecciones de gritos y descalificaci\u00f3n, donde la\u00a0<\/span><strong><span>identidad: independentismo, a favor o en contra,<\/span><\/strong><span>\u00a0ha vuelto a ser la clave principal.\u00a0Las elecciones no han aclarado nada sobre las grandes cuestiones.\u00a0La apuesta de Illa no era romper los bloques, sino ganar reproduciendo \u00abefectos Arrimada\u00bb; cobijar todo el voto no independentista.<\/span><\/li>\n<li><span>Los resultados hay que leerlos \u00edntegramente para ver que el factor m\u00e1s explicativo es\u00a0<\/span><strong><span>la alta abstenci\u00f3n<\/span><\/strong><span>: por cada voto emitido, otro ha quedado en casa.<\/span><\/li>\n<li><span>El PSC es primero, ha superado el baj\u00f3n abstencionista, pero su\u00a0<\/span><strong><span>apoyo ciudadano es\u00a0<\/span><\/strong><strong><span>similar al de las anteriores elecciones<\/span><\/strong><span>.\u00a0Ha mejorado con 35.000 votos m\u00e1s los que hab\u00eda logrado.<\/span><\/li>\n<li><span>Su bloque de gobierno en Barcelona y Espa\u00f1a le ha hecho perder <\/span><strong><span>100.000 votos<\/span><\/strong><span> a causa de los Comuns.\u00a0Iglesias y Colau tienen un problema importante.\u00a0<\/span><strong><span>La pr\u00f3xima batalla municipal para validar o echar a Ada Colau<\/span><\/strong><span>\u00a0tendr\u00e1 una relevancia pol\u00edtica excepcional por su fuerte repercusi\u00f3n en el \u00e1mbito catal\u00e1n y espa\u00f1ol.<\/span><\/li>\n<li><span>El independentismo, aunque puede formar gobierno con el apoyo de la CUP, y que por primera vez han logrado la mayor\u00eda de votos (51,12 \u20ac), ha perdido la ocasi\u00f3n excepcional de obtener una mucho m\u00e1s alta mayor\u00eda.\u00a0Si ahora no lo han conseguido, no lo conseguir\u00e1n nunca, porque en esta ocasi\u00f3n se trataba, no de la siempre dif\u00edcil tarea de atraer nuevo electorado, sino de conseguir que los fieles les votaran.\u00a0Este bloque ha perdido 100.<\/span><strong><span>000 personas<\/span><\/strong><span>\u00a0que ya no han optado por la independencia<\/span><\/li>\n<li><span>El PDeCAT y el PNC casi no han tenido impacto: 76.000 escasos votos para los primeros y 4.500 votos para los segundos.\u00a0Como UDC, pero con menos votos, han quedado fuera de juego.<\/span><\/li>\n<li><span>El bloque formado por CS, PP y Vox, el que podr\u00edamos calificar como la opci\u00f3n espa\u00f1ola, la que se mantiene siempre fuera del gran espacio del catalanismo, ha sufrido una destrucci\u00f3n extraordinaria. A pesar del \u00e9xito de VOX, este bloque ha perdido del orden de 800.000 votos.<\/span><\/li>\n<li><span>Otra mirada es contemplar la relaci\u00f3n de votos entre PSC y Ciudadanos, dado que uno de los principales objetivos socialistas era captar el voto defensivo que vot\u00f3 Arrimadas: fueron 1.7 millones en 2017, por tan s\u00f3lo 796 mil ahora (900.000 votos menos)<\/span><\/li>\n<li><span>Los ganadores, Vox y PSC, han incorporado menos de 250.000 votos de los m\u00e1s de 1,6 millones que han elegido la abstenci\u00f3n.<\/span><\/li>\n<\/ol>\n<h3><span>Unas primeras conclusiones a corto<\/span><\/h3>\n<ol>\n<li>S\u00e1nchez se beneficia porque su apuesta ha funcionado<\/li>\n<li>Iglesias vuelve a perder.<\/li>\n<li><strong><span>La batalla de Barcelona puede ser decisiva<\/span><\/strong><span> para la nueva etapa que abre la crisis Covidi, la crisis econ\u00f3mica estructural y la crisis de la partitocracia en Catalu\u00f1a, y muy decisiva en el gobierno espa\u00f1ol.<\/span><\/li>\n<li><span>La mesa de di\u00e1logo queda emplazada, hay que ver qu\u00e9 dar\u00e1 de s\u00ed, y c\u00f3mo repercutir\u00e1 en las pugnas internas del independentismo, que ha quedado situado como soluci\u00f3n imposible.<\/span><\/li>\n<li><span>Tambi\u00e9n queda claro que no es f\u00e1cil habitar fuera del catalanismo, ni es viable querer ofrecer una nueva opci\u00f3n siguiendo los pasos de las precedentes.<\/span><\/li>\n<li><span><span class=\"\">Y todo ello aderezado con la formaci\u00f3n de un gobierno que depender\u00e1 de la CUP, y una candidatura de Illa que tiene un casi inexistente recorrido.<\/span><\/span><\/li>\n<\/ol>\n<p><span>Es el momento de hacer fuego nuevo: el de la pol\u00edtica en las condiciones concretas de una nueva \u00e9poca, que comenz\u00f3 confusamente en 2008, y que en 2020 se muestra ya con toda su crudeza.<\/span><\/p>\n<span class='bctt-click-to-tweet'><span class='bctt-ctt-text'><a href='https:\/\/twitter.com\/intent\/tweet?url=https%3A%2F%2Fconversesacatalunya.cat%2Fes%2Fresultados-electorales-una-interpretacion-con-luces-largas%2F&#038;text=Ahora%20m%C3%A1s%20que%20nunca%20conviene%20la%20capacidad%20de%20interpretar%20los%20resultados%20electorales%20en%20su%20significaci%C3%B3n%20plena%20y%20colocarlos%20en%20la%20perspectiva%20del%20corto%20y%20medio%20plazo%2C%20de%20mirar%20la%20realidad%20con%20luces%20largas&#038;via=conversesacat&#038;related=conversesacat' target='_blank'rel=\"noopener noreferrer\">Ahora m\u00e1s que nunca conviene la capacidad de interpretar los resultados electorales en su significaci\u00f3n plena y colocarlos en la perspectiva del corto y medio plazo, de mirar la realidad con luces largas <\/a><\/span><a href='https:\/\/twitter.com\/intent\/tweet?url=https%3A%2F%2Fconversesacatalunya.cat%2Fes%2Fresultados-electorales-una-interpretacion-con-luces-largas%2F&#038;text=Ahora%20m%C3%A1s%20que%20nunca%20conviene%20la%20capacidad%20de%20interpretar%20los%20resultados%20electorales%20en%20su%20significaci%C3%B3n%20plena%20y%20colocarlos%20en%20la%20perspectiva%20del%20corto%20y%20medio%20plazo%2C%20de%20mirar%20la%20realidad%20con%20luces%20largas&#038;via=conversesacat&#038;related=conversesacat' target='_blank' class='bctt-ctt-btn'rel=\"noopener noreferrer\">Compartir en X<\/a><\/span><\/li>\n<\/ol>\n<div id=\"polls-92\" class=\"wp-polls\">\n\t<form id=\"polls_form_92\" class=\"wp-polls-form\" action=\"\/index.php\" method=\"post\">\n\t\t<p style=\"display: none;\"><input type=\"hidden\" id=\"poll_92_nonce\" name=\"wp-polls-nonce\" value=\"cd0ccb0daa\" \/><\/p>\n\t\t<p style=\"display: none;\"><input type=\"hidden\" name=\"poll_id\" value=\"92\" \/><\/p>\n\t\t<p style=\"text-align: center\"><strong>Amb els resultats electorals del 14F, creus que el pr\u00f2xim govern catal\u00e0 ser\u00e0 independentista?<\/strong><\/p><div id=\"polls-92-ans\" class=\"wp-polls-ans\"><ul class=\"wp-polls-ul\">\n\t\t<li><input type=\"radio\" id=\"poll-answer-213\" name=\"poll_92\" value=\"213\" \/> <label for=\"poll-answer-213\">Si<\/label><\/li>\n\t\t<li><input type=\"radio\" id=\"poll-answer-214\" name=\"poll_92\" value=\"214\" \/> <label for=\"poll-answer-214\">No<\/label><\/li>\n\t\t<li><input type=\"radio\" id=\"poll-answer-215\" name=\"poll_92\" value=\"215\" \/> <label for=\"poll-answer-215\">No ho s\u00e9<\/label><\/li>\n\t\t<\/ul><p style=\"text-align: center\"><input type=\"button\" name=\"vote\" value=\"   Vota   \" class=\"Buttons\" onclick=\"poll_vote(92);\" \/><\/p><p style=\"text-align: center\"><a href=\"#ViewPollResults\" onclick=\"poll_result(92); return false;\" title=\"View Results Of This Poll\">Mira els resultats<\/a><\/p><\/div>\n\t<\/form>\n<\/div>\n<div id=\"polls-92-loading\" class=\"wp-polls-loading\"><img decoding=\"async\" data-src=\"https:\/\/conversesacatalunya.cat\/wp-content\/plugins\/wp-polls\/images\/loading.gif\" width=\"16\" height=\"16\" alt=\"Cargando ...\" title=\"Cargando ...\" class=\"wp-polls-image lazyload\" src=\"data:image\/svg+xml;base64,PHN2ZyB3aWR0aD0iMSIgaGVpZ2h0PSIxIiB4bWxucz0iaHR0cDovL3d3dy53My5vcmcvMjAwMC9zdmciPjwvc3ZnPg==\" style=\"--smush-placeholder-width: 16px; --smush-placeholder-aspect-ratio: 16\/16;\" \/>&nbsp;Cargando ...<\/div>\n\n","protected":false},"excerpt":{"rendered":"<p>Unas elecciones de gritos y descalificaci\u00f3n, donde la\u00a0identidad: independentismo, a favor o en contra,\u00a0ha vuelto a ser la clave principal.\u00a0Las elecciones no han aclarado nada sobre las grandes cuestiones.\u00a0La apuesta de Illa no era romper los bloques, sino ganar reproduciendo \u00abefectos Arrimada\u00bb; cobijar todo el voto no independentista. Los resultados hay que leerlos \u00edntegramente para ver que el factor m\u00e1s explicativo es\u00a0la alta abstenci\u00f3n: por cada voto emitido, otro ha quedado en casa. El PSC es primero, ha superado el baj\u00f3n abstencionista, pero su\u00a0apoyo ciudadano es\u00a0similar al de las anteriores elecciones.\u00a0Ha mejorado con 35.000 votos m\u00e1s los que hab\u00eda logrado. Su bloque de gobierno en Barcelona y Espa\u00f1a le ha hecho perder 100.000 votos a causa de los Comuns.\u00a0Iglesias y Colau tienen un problema importante.\u00a0La pr\u00f3xima batalla municipal para validar o echar a Ada Colau\u00a0tendr\u00e1 una relevancia pol\u00edtica excepcional por su fuerte repercusi\u00f3n en el \u00e1mbito catal\u00e1n y espa\u00f1ol. El independentismo, aunque puede formar gobierno con el apoyo de la CUP, y que por primera vez han logrado la mayor\u00eda de votos (51,12 \u20ac), ha perdido la ocasi\u00f3n excepcional de obtener una mucho m\u00e1s alta mayor\u00eda.\u00a0Si ahora no lo han conseguido, no lo conseguir\u00e1n nunca, porque en esta ocasi\u00f3n se trataba, no de la siempre dif\u00edcil tarea de atraer nuevo electorado, sino de conseguir que los fieles les votaran.\u00a0Este bloque ha perdido 100.000 personas\u00a0que ya no han optado por la independencia El PDeCAT y el PNC casi no han tenido impacto: 76.000 escasos votos para los primeros y 4.500 votos para los segundos.\u00a0Como UDC, pero con menos votos, han quedado fuera de juego. El bloque formado por CS, PP y Vox, el que podr\u00edamos calificar como la opci\u00f3n espa\u00f1ola, la que se mantiene siempre fuera del gran espacio del catalanismo, ha sufrido una destrucci\u00f3n extraordinaria. A pesar del \u00e9xito de VOX, este bloque ha perdido del orden de 800.000 votos. Otra mirada es contemplar la relaci\u00f3n de votos entre PSC y Ciudadanos, dado que uno de los principales objetivos socialistas era captar el voto defensivo que vot\u00f3 Arrimadas: fueron 1.7 millones en 2017, por tan s\u00f3lo 796 mil ahora (900.000 votos menos) Los ganadores, Vox y PSC, han incorporado menos de 250.000 votos de los m\u00e1s de 1,6 millones que han elegido la abstenci\u00f3n. Unas primeras conclusiones a corto S\u00e1nchez se beneficia porque su apuesta ha funcionado Iglesias vuelve a perder. La batalla de Barcelona puede ser decisiva para la nueva etapa que abre la crisis Covidi, la crisis econ\u00f3mica estructural y la crisis de la partitocracia en Catalu\u00f1a, y muy decisiva en el gobierno espa\u00f1ol. La mesa de di\u00e1logo queda emplazada, hay que ver qu\u00e9 dar\u00e1 de s\u00ed, y c\u00f3mo repercutir\u00e1 en las pugnas internas del independentismo, que ha quedado situado como soluci\u00f3n imposible. Tambi\u00e9n queda claro que no es f\u00e1cil habitar fuera del catalanismo, ni es viable querer ofrecer una nueva opci\u00f3n siguiendo los pasos de las precedentes. Y todo ello aderezado con la formaci\u00f3n de un gobierno que depender\u00e1 de la CUP, y una candidatura de Illa que tiene un casi inexistente recorrido. Es el momento de hacer fuego nuevo: el de la pol\u00edtica en las condiciones concretas de una nueva \u00e9poca, que comenz\u00f3 confusamente en 2008, y que en 2020 se muestra ya con toda su crudeza.<\/p>\n","protected":false},"author":19,"featured_media":45182,"comment_status":"open","ping_status":"open","sticky":false,"template":"","format":"standard","meta":{"_FSMCFIC_featured_image_caption":"","_FSMCFIC_featured_image_nocaption":"","_FSMCFIC_featured_image_hide":"","footnotes":""},"categories":[796],"tags":[3458,3453],"class_list":["post-45209","post","type-post","status-publish","format-standard","has-post-thumbnail","hentry","category-el-blog-de-josep-miro-i-ardevol-es","tag-resultados-electorales","tag-resultats-eleccions-es"],"yoast_head":"<!-- This site is optimized with the Yoast SEO plugin v26.8 - https:\/\/yoast.com\/product\/yoast-seo-wordpress\/ -->\n<title>Resultados electorales: una interpretaci\u00f3n con luces largas - Converses a Catalunya<\/title>\n<meta name=\"description\" content=\"Una interpretaci\u00f3 dels resultats electorals en la seva significaci\u00f3 i situaci\u00f3 en la perspectiva del curt i mig termini\" \/>\n<meta name=\"robots\" content=\"index, follow, max-snippet:-1, max-image-preview:large, max-video-preview:-1\" \/>\n<link rel=\"canonical\" href=\"https:\/\/conversesacatalunya.cat\/es\/resultados-electorales-una-interpretacion-con-luces-largas\/\" \/>\n<meta property=\"og:locale\" content=\"es_ES\" \/>\n<meta property=\"og:type\" content=\"article\" \/>\n<meta property=\"og:title\" content=\"Resultados electorales: una interpretaci\u00f3n con luces largas - Converses a Catalunya\" \/>\n<meta property=\"og:description\" content=\"Una interpretaci\u00f3 dels resultats electorals en la seva significaci\u00f3 i situaci\u00f3 en la perspectiva del curt i mig termini\" \/>\n<meta property=\"og:url\" content=\"https:\/\/conversesacatalunya.cat\/es\/resultados-electorales-una-interpretacion-con-luces-largas\/\" \/>\n<meta property=\"og:site_name\" content=\"Converses a Catalunya\" \/>\n<meta property=\"article:published_time\" content=\"2021-02-16T11:42:03+00:00\" \/>\n<meta property=\"article:modified_time\" content=\"2021-02-16T14:29:47+00:00\" \/>\n<meta property=\"og:image\" content=\"https:\/\/conversesacatalunya.cat\/wp-content\/uploads\/2021\/02\/resultatseleccionsescrutini.jpg\" \/>\n\t<meta property=\"og:image:width\" content=\"690\" \/>\n\t<meta property=\"og:image:height\" content=\"309\" \/>\n\t<meta property=\"og:image:type\" content=\"image\/jpeg\" \/>\n<meta name=\"author\" content=\"Josep Mir\u00f3 i Ard\u00e8vol\" \/>\n<meta name=\"twitter:card\" content=\"summary_large_image\" \/>\n<meta name=\"twitter:label1\" content=\"Escrito por\" \/>\n\t<meta name=\"twitter:data1\" content=\"Josep Mir\u00f3 i Ard\u00e8vol\" \/>\n\t<meta name=\"twitter:label2\" content=\"Tiempo de lectura\" \/>\n\t<meta name=\"twitter:data2\" content=\"3 minutos\" \/>\n<script type=\"application\/ld+json\" class=\"yoast-schema-graph\">{\"@context\":\"https:\/\/schema.org\",\"@graph\":[{\"@type\":\"Article\",\"@id\":\"https:\/\/conversesacatalunya.cat\/es\/resultados-electorales-una-interpretacion-con-luces-largas\/#article\",\"isPartOf\":{\"@id\":\"https:\/\/conversesacatalunya.cat\/es\/resultados-electorales-una-interpretacion-con-luces-largas\/\"},\"author\":{\"name\":\"Josep Mir\u00f3 i Ard\u00e8vol\",\"@id\":\"https:\/\/conversesacatalunya.cat\/#\/schema\/person\/a9598a6786ba7d3d1c5e0de477b79370\"},\"headline\":\"Resultados electorales: una interpretaci\u00f3n con luces largas\",\"datePublished\":\"2021-02-16T11:42:03+00:00\",\"dateModified\":\"2021-02-16T14:29:47+00:00\",\"mainEntityOfPage\":{\"@id\":\"https:\/\/conversesacatalunya.cat\/es\/resultados-electorales-una-interpretacion-con-luces-largas\/\"},\"wordCount\":628,\"commentCount\":0,\"image\":{\"@id\":\"https:\/\/conversesacatalunya.cat\/es\/resultados-electorales-una-interpretacion-con-luces-largas\/#primaryimage\"},\"thumbnailUrl\":\"https:\/\/conversesacatalunya.cat\/wp-content\/uploads\/2021\/02\/resultatseleccionsescrutini.jpg\",\"keywords\":[\"Resultados electorales\",\"Resultats eleccions\"],\"articleSection\":[\"El Blog de Josep Mir\u00f3 i Ard\u00e8vol (ES)\"],\"inLanguage\":\"es\",\"potentialAction\":[{\"@type\":\"CommentAction\",\"name\":\"Comment\",\"target\":[\"https:\/\/conversesacatalunya.cat\/es\/resultados-electorales-una-interpretacion-con-luces-largas\/#respond\"]}]},{\"@type\":\"WebPage\",\"@id\":\"https:\/\/conversesacatalunya.cat\/es\/resultados-electorales-una-interpretacion-con-luces-largas\/\",\"url\":\"https:\/\/conversesacatalunya.cat\/es\/resultados-electorales-una-interpretacion-con-luces-largas\/\",\"name\":\"Resultados electorales: una interpretaci\u00f3n con luces largas - Converses a Catalunya\",\"isPartOf\":{\"@id\":\"https:\/\/conversesacatalunya.cat\/#website\"},\"primaryImageOfPage\":{\"@id\":\"https:\/\/conversesacatalunya.cat\/es\/resultados-electorales-una-interpretacion-con-luces-largas\/#primaryimage\"},\"image\":{\"@id\":\"https:\/\/conversesacatalunya.cat\/es\/resultados-electorales-una-interpretacion-con-luces-largas\/#primaryimage\"},\"thumbnailUrl\":\"https:\/\/conversesacatalunya.cat\/wp-content\/uploads\/2021\/02\/resultatseleccionsescrutini.jpg\",\"datePublished\":\"2021-02-16T11:42:03+00:00\",\"dateModified\":\"2021-02-16T14:29:47+00:00\",\"author\":{\"@id\":\"https:\/\/conversesacatalunya.cat\/#\/schema\/person\/a9598a6786ba7d3d1c5e0de477b79370\"},\"description\":\"Una interpretaci\u00f3 dels resultats electorals en la seva significaci\u00f3 i situaci\u00f3 en la perspectiva del curt i mig termini\",\"breadcrumb\":{\"@id\":\"https:\/\/conversesacatalunya.cat\/es\/resultados-electorales-una-interpretacion-con-luces-largas\/#breadcrumb\"},\"inLanguage\":\"es\",\"potentialAction\":[{\"@type\":\"ReadAction\",\"target\":[\"https:\/\/conversesacatalunya.cat\/es\/resultados-electorales-una-interpretacion-con-luces-largas\/\"]}]},{\"@type\":\"ImageObject\",\"inLanguage\":\"es\",\"@id\":\"https:\/\/conversesacatalunya.cat\/es\/resultados-electorales-una-interpretacion-con-luces-largas\/#primaryimage\",\"url\":\"https:\/\/conversesacatalunya.cat\/wp-content\/uploads\/2021\/02\/resultatseleccionsescrutini.jpg\",\"contentUrl\":\"https:\/\/conversesacatalunya.cat\/wp-content\/uploads\/2021\/02\/resultatseleccionsescrutini.jpg\",\"width\":690,\"height\":309,\"caption\":\"Resultats electorals\"},{\"@type\":\"BreadcrumbList\",\"@id\":\"https:\/\/conversesacatalunya.cat\/es\/resultados-electorales-una-interpretacion-con-luces-largas\/#breadcrumb\",\"itemListElement\":[{\"@type\":\"ListItem\",\"position\":1,\"name\":\"Inici\",\"item\":\"https:\/\/conversesacatalunya.cat\/es\/\"},{\"@type\":\"ListItem\",\"position\":2,\"name\":\"Resultados electorales: una interpretaci\u00f3n con luces largas\"}]},{\"@type\":\"WebSite\",\"@id\":\"https:\/\/conversesacatalunya.cat\/#website\",\"url\":\"https:\/\/conversesacatalunya.cat\/\",\"name\":\"Converses a Catalunya\",\"description\":\"\",\"potentialAction\":[{\"@type\":\"SearchAction\",\"target\":{\"@type\":\"EntryPoint\",\"urlTemplate\":\"https:\/\/conversesacatalunya.cat\/?s={search_term_string}\"},\"query-input\":{\"@type\":\"PropertyValueSpecification\",\"valueRequired\":true,\"valueName\":\"search_term_string\"}}],\"inLanguage\":\"es\"},{\"@type\":\"Person\",\"@id\":\"https:\/\/conversesacatalunya.cat\/#\/schema\/person\/a9598a6786ba7d3d1c5e0de477b79370\",\"name\":\"Josep Mir\u00f3 i Ard\u00e8vol\",\"image\":{\"@type\":\"ImageObject\",\"inLanguage\":\"es\",\"@id\":\"https:\/\/conversesacatalunya.cat\/#\/schema\/person\/image\/\",\"url\":\"https:\/\/conversesacatalunya.cat\/wp-content\/litespeed\/avatar\/c37e3dc881857483d6694cdf98fdedea.jpg?ver=1777270381\",\"contentUrl\":\"https:\/\/conversesacatalunya.cat\/wp-content\/litespeed\/avatar\/c37e3dc881857483d6694cdf98fdedea.jpg?ver=1777270381\",\"caption\":\"Josep Mir\u00f3 i Ard\u00e8vol\"},\"url\":\"https:\/\/conversesacatalunya.cat\/es\/author\/josep-miro-i-ardevol\/\"}]}<\/script>\n<!-- \/ Yoast SEO plugin. -->","yoast_head_json":{"title":"Resultados electorales: una interpretaci\u00f3n con luces largas - Converses a Catalunya","description":"Una interpretaci\u00f3 dels resultats electorals en la seva significaci\u00f3 i situaci\u00f3 en la perspectiva del curt i mig termini","robots":{"index":"index","follow":"follow","max-snippet":"max-snippet:-1","max-image-preview":"max-image-preview:large","max-video-preview":"max-video-preview:-1"},"canonical":"https:\/\/conversesacatalunya.cat\/es\/resultados-electorales-una-interpretacion-con-luces-largas\/","og_locale":"es_ES","og_type":"article","og_title":"Resultados electorales: una interpretaci\u00f3n con luces largas - Converses a Catalunya","og_description":"Una interpretaci\u00f3 dels resultats electorals en la seva significaci\u00f3 i situaci\u00f3 en la perspectiva del curt i mig termini","og_url":"https:\/\/conversesacatalunya.cat\/es\/resultados-electorales-una-interpretacion-con-luces-largas\/","og_site_name":"Converses a Catalunya","article_published_time":"2021-02-16T11:42:03+00:00","article_modified_time":"2021-02-16T14:29:47+00:00","og_image":[{"width":690,"height":309,"url":"https:\/\/conversesacatalunya.cat\/wp-content\/uploads\/2021\/02\/resultatseleccionsescrutini.jpg","type":"image\/jpeg"}],"author":"Josep Mir\u00f3 i Ard\u00e8vol","twitter_card":"summary_large_image","twitter_misc":{"Escrito por":"Josep Mir\u00f3 i Ard\u00e8vol","Tiempo de lectura":"3 minutos"},"schema":{"@context":"https:\/\/schema.org","@graph":[{"@type":"Article","@id":"https:\/\/conversesacatalunya.cat\/es\/resultados-electorales-una-interpretacion-con-luces-largas\/#article","isPartOf":{"@id":"https:\/\/conversesacatalunya.cat\/es\/resultados-electorales-una-interpretacion-con-luces-largas\/"},"author":{"name":"Josep Mir\u00f3 i Ard\u00e8vol","@id":"https:\/\/conversesacatalunya.cat\/#\/schema\/person\/a9598a6786ba7d3d1c5e0de477b79370"},"headline":"Resultados electorales: una interpretaci\u00f3n con luces largas","datePublished":"2021-02-16T11:42:03+00:00","dateModified":"2021-02-16T14:29:47+00:00","mainEntityOfPage":{"@id":"https:\/\/conversesacatalunya.cat\/es\/resultados-electorales-una-interpretacion-con-luces-largas\/"},"wordCount":628,"commentCount":0,"image":{"@id":"https:\/\/conversesacatalunya.cat\/es\/resultados-electorales-una-interpretacion-con-luces-largas\/#primaryimage"},"thumbnailUrl":"https:\/\/conversesacatalunya.cat\/wp-content\/uploads\/2021\/02\/resultatseleccionsescrutini.jpg","keywords":["Resultados electorales","Resultats eleccions"],"articleSection":["El Blog de Josep Mir\u00f3 i Ard\u00e8vol (ES)"],"inLanguage":"es","potentialAction":[{"@type":"CommentAction","name":"Comment","target":["https:\/\/conversesacatalunya.cat\/es\/resultados-electorales-una-interpretacion-con-luces-largas\/#respond"]}]},{"@type":"WebPage","@id":"https:\/\/conversesacatalunya.cat\/es\/resultados-electorales-una-interpretacion-con-luces-largas\/","url":"https:\/\/conversesacatalunya.cat\/es\/resultados-electorales-una-interpretacion-con-luces-largas\/","name":"Resultados electorales: una interpretaci\u00f3n con luces largas - Converses a Catalunya","isPartOf":{"@id":"https:\/\/conversesacatalunya.cat\/#website"},"primaryImageOfPage":{"@id":"https:\/\/conversesacatalunya.cat\/es\/resultados-electorales-una-interpretacion-con-luces-largas\/#primaryimage"},"image":{"@id":"https:\/\/conversesacatalunya.cat\/es\/resultados-electorales-una-interpretacion-con-luces-largas\/#primaryimage"},"thumbnailUrl":"https:\/\/conversesacatalunya.cat\/wp-content\/uploads\/2021\/02\/resultatseleccionsescrutini.jpg","datePublished":"2021-02-16T11:42:03+00:00","dateModified":"2021-02-16T14:29:47+00:00","author":{"@id":"https:\/\/conversesacatalunya.cat\/#\/schema\/person\/a9598a6786ba7d3d1c5e0de477b79370"},"description":"Una interpretaci\u00f3 dels resultats electorals en la seva significaci\u00f3 i situaci\u00f3 en la perspectiva del curt i mig termini","breadcrumb":{"@id":"https:\/\/conversesacatalunya.cat\/es\/resultados-electorales-una-interpretacion-con-luces-largas\/#breadcrumb"},"inLanguage":"es","potentialAction":[{"@type":"ReadAction","target":["https:\/\/conversesacatalunya.cat\/es\/resultados-electorales-una-interpretacion-con-luces-largas\/"]}]},{"@type":"ImageObject","inLanguage":"es","@id":"https:\/\/conversesacatalunya.cat\/es\/resultados-electorales-una-interpretacion-con-luces-largas\/#primaryimage","url":"https:\/\/conversesacatalunya.cat\/wp-content\/uploads\/2021\/02\/resultatseleccionsescrutini.jpg","contentUrl":"https:\/\/conversesacatalunya.cat\/wp-content\/uploads\/2021\/02\/resultatseleccionsescrutini.jpg","width":690,"height":309,"caption":"Resultats electorals"},{"@type":"BreadcrumbList","@id":"https:\/\/conversesacatalunya.cat\/es\/resultados-electorales-una-interpretacion-con-luces-largas\/#breadcrumb","itemListElement":[{"@type":"ListItem","position":1,"name":"Inici","item":"https:\/\/conversesacatalunya.cat\/es\/"},{"@type":"ListItem","position":2,"name":"Resultados electorales: una interpretaci\u00f3n con luces largas"}]},{"@type":"WebSite","@id":"https:\/\/conversesacatalunya.cat\/#website","url":"https:\/\/conversesacatalunya.cat\/","name":"Converses a Catalunya","description":"","potentialAction":[{"@type":"SearchAction","target":{"@type":"EntryPoint","urlTemplate":"https:\/\/conversesacatalunya.cat\/?s={search_term_string}"},"query-input":{"@type":"PropertyValueSpecification","valueRequired":true,"valueName":"search_term_string"}}],"inLanguage":"es"},{"@type":"Person","@id":"https:\/\/conversesacatalunya.cat\/#\/schema\/person\/a9598a6786ba7d3d1c5e0de477b79370","name":"Josep Mir\u00f3 i Ard\u00e8vol","image":{"@type":"ImageObject","inLanguage":"es","@id":"https:\/\/conversesacatalunya.cat\/#\/schema\/person\/image\/","url":"https:\/\/conversesacatalunya.cat\/wp-content\/litespeed\/avatar\/c37e3dc881857483d6694cdf98fdedea.jpg?ver=1777270381","contentUrl":"https:\/\/conversesacatalunya.cat\/wp-content\/litespeed\/avatar\/c37e3dc881857483d6694cdf98fdedea.jpg?ver=1777270381","caption":"Josep Mir\u00f3 i Ard\u00e8vol"},"url":"https:\/\/conversesacatalunya.cat\/es\/author\/josep-miro-i-ardevol\/"}]}},"wps_subtitle":"Ahora m\u00e1s que nunca conviene la capacidad de interpretar los resultados electorales en su significaci\u00f3n plena y colocarlos en la perspectiva del corto y medio plazo, de mirar la realidad con luces largas","_links":{"self":[{"href":"https:\/\/conversesacatalunya.cat\/es\/wp-json\/wp\/v2\/posts\/45209","targetHints":{"allow":["GET"]}}],"collection":[{"href":"https:\/\/conversesacatalunya.cat\/es\/wp-json\/wp\/v2\/posts"}],"about":[{"href":"https:\/\/conversesacatalunya.cat\/es\/wp-json\/wp\/v2\/types\/post"}],"author":[{"embeddable":true,"href":"https:\/\/conversesacatalunya.cat\/es\/wp-json\/wp\/v2\/users\/19"}],"replies":[{"embeddable":true,"href":"https:\/\/conversesacatalunya.cat\/es\/wp-json\/wp\/v2\/comments?post=45209"}],"version-history":[{"count":2,"href":"https:\/\/conversesacatalunya.cat\/es\/wp-json\/wp\/v2\/posts\/45209\/revisions"}],"predecessor-version":[{"id":45211,"href":"https:\/\/conversesacatalunya.cat\/es\/wp-json\/wp\/v2\/posts\/45209\/revisions\/45211"}],"wp:featuredmedia":[{"embeddable":true,"href":"https:\/\/conversesacatalunya.cat\/es\/wp-json\/wp\/v2\/media\/45182"}],"wp:attachment":[{"href":"https:\/\/conversesacatalunya.cat\/es\/wp-json\/wp\/v2\/media?parent=45209"}],"wp:term":[{"taxonomy":"category","embeddable":true,"href":"https:\/\/conversesacatalunya.cat\/es\/wp-json\/wp\/v2\/categories?post=45209"},{"taxonomy":"post_tag","embeddable":true,"href":"https:\/\/conversesacatalunya.cat\/es\/wp-json\/wp\/v2\/tags?post=45209"}],"curies":[{"name":"wp","href":"https:\/\/api.w.org\/{rel}","templated":true}]}}