{"id":45195,"date":"2021-02-16T13:18:47","date_gmt":"2021-02-16T12:18:47","guid":{"rendered":"https:\/\/conversesacatalunya.cat\/o-el-govern-afronta-el-problema-de-la-pandemia-o-catalunya-patira\/"},"modified":"2021-02-16T13:34:01","modified_gmt":"2021-02-16T12:34:01","slug":"o-el-gobierno-afronta-el-problema-de-la-pandemia-o-cataluna-sufrira","status":"publish","type":"post","link":"https:\/\/conversesacatalunya.cat\/es\/o-el-gobierno-afronta-el-problema-de-la-pandemia-o-cataluna-sufrira\/","title":{"rendered":"O el gobierno afronta el problema de la pandemia o Catalu\u00f1a sufrir\u00e1"},"content":{"rendered":"<p><span><span class=\"\">Y cuando nos referimos al gobierno, tanto hacemos referencia al actual, que tiene en principio los d\u00edas contados, como al futuro con una consideraci\u00f3n no menor: las dos piezas claves, Presidencia y Departamento de Salud, corresponden al partido que en principio ser\u00e1 el encargado de formar gobierno y disponer tanto de la presidencia como de la titularidad de ese departamento. <\/span>Aqu\u00ed hay un factor positivo de continuidad que, en teor\u00eda, evita que se produzca un retrasos de meses. En la pr\u00e1ctica esta continuidad, dado los p\u00e9simos resultados de la gesti\u00f3n hasta ahora, presentan\u00a0<\/span><strong><span>una contrapartida bien negativa<\/span><\/strong><span>.<\/span><\/p>\n<p><span>Pero la verdad es que si no cambian la forma de hacer, y no act\u00faan con eficiencia y eficacia (y la sociedad no les presiona mucho en este sentido), Catalu\u00f1a lo pasar\u00e1 muy mal.<\/span><\/p>\n<p><span>Las recientes declaraciones del\u00a0<\/span><strong><span>ministro de Sanidad de Israel<\/span><\/strong><span>, Yuli Edelstein, enmarcan claramente el problema. Este pa\u00eds, como es sabido, es l\u00edder con diferencia en el proceso de vacunaci\u00f3n y es el que dispone de una mayor y mejor informaci\u00f3n cient\u00edfica sobre ella. Asimismo, su vacunaci\u00f3n masiva y r\u00e1pida ya aporta resultados visiblemente positivos. A pesar de este hecho, Yuli Edelstein aborda con un realismo, que algunos podr\u00edan calificar de pesimista, la situaci\u00f3n, porque afirma que <\/span><strong><span>no habr\u00e1 una normalidad y aunque ser\u00e1 relativa antes de dos a\u00f1os<\/span><\/strong><span>, y que nos podemos olvidar de eventos masivos, y pone como ejemplo los conciertos de rock, hasta dentro de mucho tiempo. Tambi\u00e9n deja claro las <\/span><strong><span>peligrosas incertidumbres <\/span><\/strong><span>que planean sobre la situaci\u00f3n.\u00a0Afirma que \u00abno conocemos cuestiones fundamentales como la duraci\u00f3n de la inmunidad, lo que puede representar procesos de vacunaci\u00f3n masiva durante tiempo, ni la capacidad de \u00e9sta en relaci\u00f3n a las nuevas mutaciones\u00bb.<\/span><\/p>\n<p><span>Este es el panorama que debe asumir Catalu\u00f1a.\u00a0En definitiva, debe prepararse r\u00e1pidamente para\u00a0<\/span><strong><span>la cuarta ola<\/span><\/strong><span>, para un verano sin turismo significativo, para una tardanza de al menos dos a\u00f1os para recuperarnos econ\u00f3micamente, y esta es una cuesti\u00f3n b\u00e1sica, evitar e lo largo del a\u00f1o una cadena de quiebras de las empresas m\u00e1s afectadas por las restricciones.<\/span><\/p>\n<p><span>Catalu\u00f1a vivir\u00e1 un\u00a0<\/span><strong><span>carrusel insoportable de relajaci\u00f3n y medidas restrictivas<\/span><\/strong><span>\u00a0si no resuelve los estrangulamientos b\u00e1sicos que contin\u00faa presentando:<\/span><\/p>\n<ul>\n<li><span>Un bajo ritmo de vacunaci\u00f3n<\/span><\/li>\n<li><span>Graves deficiencias en el estudio de los or\u00edgenes de los contagios y sus redes de transmisi\u00f3n<\/span><\/li>\n<li><span>Insuficiencia clara en el rastreo.\u00a0Necesitamos 1.000 rastreadores profesionales para tener una relaci\u00f3n adecuada a la carga de trabajo que este trabajo necesita en funci\u00f3n de la poblaci\u00f3n de Catalu\u00f1a<\/span><\/li>\n<li><span>Un sistema inform\u00e1tico \u00fanico que vincule datos del rastreo con las de la evoluci\u00f3n de la pandemia y los modelos de previsi\u00f3n, as\u00ed como su localizaci\u00f3n, todo en un solo sistema de an\u00e1lisis.<\/span><\/li>\n<li><span>Hay que enmendar la gran deficiencia en el control efectivo de los confinados y establecer las medidas de acompa\u00f1amiento y las ayudas necesarias para hacerlo posible.<\/span><\/li>\n<li><span>Es tambi\u00e9n insuficiente el control de la propagaci\u00f3n y la capacidad para rodear los focos cuando se producen.<\/span><\/li>\n<li><span>Es muy grande el d\u00e9ficit claro de medidas t\u00e9cnicas alternativas o complementarias a las restricciones sobre los espacios p\u00fablicos.\u00a0Hay mucho terreno a recorrer en este campo.<\/span><\/li>\n<li><span><span class=\"goog-text-highlight\">Necesitamos una asistencia sanitaria capaz de efectuar una mejor contenci\u00f3n de la enfermedad en los primeros d\u00edas de afectaci\u00f3n.\u00a0<\/span>No puede ser que el sistema nacional de salud no intervenga en los primeros d\u00edas, y se limite a esperar si la situaci\u00f3n se agrava lo suficiente para determinar su traslado al hospital.\u00a0A pesar de que existe un insuficiente conocimiento de la farmacia eficaz en este terreno, ya hay productos que se aplican sin problemas para abordar otras enfermedades que presentan resultados positivos a la hora de contener la propagaci\u00f3n org\u00e1nica del virus.<\/span><\/li>\n<li><span>Catalu\u00f1a no tiene una protecci\u00f3n civil digna de este nombre.\u00a0Es una pura superestructura que s\u00f3lo sirve para llenar el escenario.\u00a0La pandemia es una ocasi\u00f3n para desplegarla y contribuir a mejorar las medidas de prevenci\u00f3n.<\/span><\/li>\n<\/ul>\n<div id=\"polls-92\" class=\"wp-polls\">\n\t<form id=\"polls_form_92\" class=\"wp-polls-form\" action=\"\/index.php\" method=\"post\">\n\t\t<p style=\"display: none;\"><input type=\"hidden\" id=\"poll_92_nonce\" name=\"wp-polls-nonce\" value=\"cd0ccb0daa\" \/><\/p>\n\t\t<p style=\"display: none;\"><input type=\"hidden\" name=\"poll_id\" value=\"92\" \/><\/p>\n\t\t<p style=\"text-align: center\"><strong>Amb els resultats electorals del 14F, creus que el pr\u00f2xim govern catal\u00e0 ser\u00e0 independentista?<\/strong><\/p><div id=\"polls-92-ans\" class=\"wp-polls-ans\"><ul class=\"wp-polls-ul\">\n\t\t<li><input type=\"radio\" id=\"poll-answer-213\" name=\"poll_92\" value=\"213\" \/> <label for=\"poll-answer-213\">Si<\/label><\/li>\n\t\t<li><input type=\"radio\" id=\"poll-answer-214\" name=\"poll_92\" value=\"214\" \/> <label for=\"poll-answer-214\">No<\/label><\/li>\n\t\t<li><input type=\"radio\" id=\"poll-answer-215\" name=\"poll_92\" value=\"215\" \/> <label for=\"poll-answer-215\">No ho s\u00e9<\/label><\/li>\n\t\t<\/ul><p style=\"text-align: center\"><input type=\"button\" name=\"vote\" value=\"   Vota   \" class=\"Buttons\" onclick=\"poll_vote(92);\" \/><\/p><p style=\"text-align: center\"><a href=\"#ViewPollResults\" onclick=\"poll_result(92); return false;\" title=\"View Results Of This Poll\">Mira els resultats<\/a><\/p><\/div>\n\t<\/form>\n<\/div>\n<div id=\"polls-92-loading\" class=\"wp-polls-loading\"><img decoding=\"async\" data-src=\"https:\/\/conversesacatalunya.cat\/wp-content\/plugins\/wp-polls\/images\/loading.gif\" width=\"16\" height=\"16\" alt=\"Cargando ...\" title=\"Cargando ...\" class=\"wp-polls-image lazyload\" src=\"data:image\/svg+xml;base64,PHN2ZyB3aWR0aD0iMSIgaGVpZ2h0PSIxIiB4bWxucz0iaHR0cDovL3d3dy53My5vcmcvMjAwMC9zdmciPjwvc3ZnPg==\" style=\"--smush-placeholder-width: 16px; --smush-placeholder-aspect-ratio: 16\/16;\" \/>&nbsp;Cargando ...<\/div>\n\n","protected":false},"excerpt":{"rendered":"<p>Y cuando nos referimos al gobierno, tanto hacemos referencia al actual, que tiene en principio los d\u00edas contados, como al futuro con una consideraci\u00f3n no menor: las dos piezas claves, Presidencia y Departamento de Salud, corresponden al partido que en principio ser\u00e1 el encargado de formar gobierno y disponer tanto de la presidencia como de la titularidad de ese departamento. Aqu\u00ed hay un factor positivo de continuidad que, en teor\u00eda, evita que se produzca un retrasos de meses. En la pr\u00e1ctica esta continuidad, dado los p\u00e9simos resultados de la gesti\u00f3n hasta ahora, presentan\u00a0una contrapartida bien negativa. Pero la verdad es que si no cambian la forma de hacer, y no act\u00faan con eficiencia y eficacia (y la sociedad no les presiona mucho en este sentido), Catalu\u00f1a lo pasar\u00e1 muy mal. Las recientes declaraciones del\u00a0ministro de Sanidad de Israel, Yuli Edelstein, enmarcan claramente el problema. Este pa\u00eds, como es sabido, es l\u00edder con diferencia en el proceso de vacunaci\u00f3n y es el que dispone de una mayor y mejor informaci\u00f3n cient\u00edfica sobre ella. Asimismo, su vacunaci\u00f3n masiva y r\u00e1pida ya aporta resultados visiblemente positivos. A pesar de este hecho, Yuli Edelstein aborda con un realismo, que algunos podr\u00edan calificar de pesimista, la situaci\u00f3n, porque afirma que no habr\u00e1 una normalidad y aunque ser\u00e1 relativa antes de dos a\u00f1os, y que nos podemos olvidar de eventos masivos, y pone como ejemplo los conciertos de rock, hasta dentro de mucho tiempo. Tambi\u00e9n deja claro las peligrosas incertidumbres que planean sobre la situaci\u00f3n.\u00a0Afirma que \u00abno conocemos cuestiones fundamentales como la duraci\u00f3n de la inmunidad, lo que puede representar procesos de vacunaci\u00f3n masiva durante tiempo, ni la capacidad de \u00e9sta en relaci\u00f3n a las nuevas mutaciones\u00bb. Este es el panorama que debe asumir Catalu\u00f1a.\u00a0En definitiva, debe prepararse r\u00e1pidamente para\u00a0la cuarta ola, para un verano sin turismo significativo, para una tardanza de al menos dos a\u00f1os para recuperarnos econ\u00f3micamente, y esta es una cuesti\u00f3n b\u00e1sica, evitar e lo largo del a\u00f1o una cadena de quiebras de las empresas m\u00e1s afectadas por las restricciones. Catalu\u00f1a vivir\u00e1 un\u00a0carrusel insoportable de relajaci\u00f3n y medidas restrictivas\u00a0si no resuelve los estrangulamientos b\u00e1sicos que contin\u00faa presentando: Un bajo ritmo de vacunaci\u00f3n Graves deficiencias en el estudio de los or\u00edgenes de los contagios y sus redes de transmisi\u00f3n Insuficiencia clara en el rastreo.\u00a0Necesitamos 1.000 rastreadores profesionales para tener una relaci\u00f3n adecuada a la carga de trabajo que este trabajo necesita en funci\u00f3n de la poblaci\u00f3n de Catalu\u00f1a Un sistema inform\u00e1tico \u00fanico que vincule datos del rastreo con las de la evoluci\u00f3n de la pandemia y los modelos de previsi\u00f3n, as\u00ed como su localizaci\u00f3n, todo en un solo sistema de an\u00e1lisis. Hay que enmendar la gran deficiencia en el control efectivo de los confinados y establecer las medidas de acompa\u00f1amiento y las ayudas necesarias para hacerlo posible. Es tambi\u00e9n insuficiente el control de la propagaci\u00f3n y la capacidad para rodear los focos cuando se producen. Es muy grande el d\u00e9ficit claro de medidas t\u00e9cnicas alternativas o complementarias a las restricciones sobre los espacios p\u00fablicos.\u00a0Hay mucho terreno a recorrer en este campo. Necesitamos una asistencia sanitaria capaz de efectuar una mejor contenci\u00f3n de la enfermedad en los primeros d\u00edas de afectaci\u00f3n.\u00a0No puede ser que el sistema nacional de salud no intervenga en los primeros d\u00edas, y se limite a esperar si la situaci\u00f3n se agrava lo suficiente para determinar su traslado al hospital.\u00a0A pesar de que existe un insuficiente conocimiento de la farmacia eficaz en este terreno, ya hay productos que se aplican sin problemas para abordar otras enfermedades que presentan resultados positivos a la hora de contener la propagaci\u00f3n org\u00e1nica del virus. Catalu\u00f1a no tiene una protecci\u00f3n civil digna de este nombre.\u00a0Es una pura superestructura que s\u00f3lo sirve para llenar el escenario.\u00a0La pandemia es una ocasi\u00f3n para desplegarla y contribuir a mejorar las medidas de prevenci\u00f3n.<\/p>\n","protected":false},"author":2,"featured_media":45191,"comment_status":"open","ping_status":"open","sticky":false,"template":"","format":"standard","meta":{"_FSMCFIC_featured_image_caption":"","_FSMCFIC_featured_image_nocaption":"","_FSMCFIC_featured_image_hide":"","footnotes":""},"categories":[1772,806],"tags":[1504,3317],"class_list":["post-45195","post","type-post","status-publish","format-standard","has-post-thumbnail","hentry","category-especial-coronavirus-es","category-punts-claus-del-dia-es","tag-coronavirus-es","tag-vacuna-covid-es"],"yoast_head":"<!-- This site is optimized with the Yoast SEO plugin v26.8 - https:\/\/yoast.com\/product\/yoast-seo-wordpress\/ -->\n<title>O el gobierno afronta el problema de la pandemia o Catalu\u00f1a sufrir\u00e1 - Converses a Catalunya<\/title>\n<meta name=\"description\" content=\"Catalu\u00f1a ha de prepararse r\u00e1pidamente para la cuarta ola, para un verano sin turismo significativo, y para una tardanza de al menos dos a\u00f1os para recuperarnos econ\u00f3micamente\" \/>\n<meta name=\"robots\" content=\"index, follow, max-snippet:-1, max-image-preview:large, max-video-preview:-1\" \/>\n<link rel=\"canonical\" href=\"https:\/\/conversesacatalunya.cat\/es\/o-el-gobierno-afronta-el-problema-de-la-pandemia-o-cataluna-sufrira\/\" \/>\n<meta property=\"og:locale\" content=\"es_ES\" \/>\n<meta property=\"og:type\" content=\"article\" \/>\n<meta property=\"og:title\" content=\"O el gobierno afronta el problema de la pandemia o Catalu\u00f1a sufrir\u00e1 - Converses a Catalunya\" \/>\n<meta property=\"og:description\" content=\"Catalu\u00f1a ha de prepararse r\u00e1pidamente para la cuarta ola, para un verano sin turismo significativo, y para una tardanza de al menos dos a\u00f1os para recuperarnos econ\u00f3micamente\" \/>\n<meta property=\"og:url\" content=\"https:\/\/conversesacatalunya.cat\/es\/o-el-gobierno-afronta-el-problema-de-la-pandemia-o-cataluna-sufrira\/\" \/>\n<meta property=\"og:site_name\" content=\"Converses a Catalunya\" \/>\n<meta property=\"article:published_time\" content=\"2021-02-16T12:18:47+00:00\" \/>\n<meta property=\"article:modified_time\" content=\"2021-02-16T12:34:01+00:00\" \/>\n<meta property=\"og:image\" content=\"https:\/\/conversesacatalunya.cat\/wp-content\/uploads\/2021\/02\/coronavirus.jpeg\" \/>\n\t<meta property=\"og:image:width\" content=\"948\" \/>\n\t<meta property=\"og:image:height\" content=\"465\" \/>\n\t<meta property=\"og:image:type\" content=\"image\/jpeg\" \/>\n<meta name=\"author\" content=\"conversesacatalunya\" \/>\n<meta name=\"twitter:card\" content=\"summary_large_image\" \/>\n<meta name=\"twitter:label1\" content=\"Escrito por\" \/>\n\t<meta name=\"twitter:data1\" content=\"conversesacatalunya\" \/>\n\t<meta name=\"twitter:label2\" content=\"Tiempo de lectura\" \/>\n\t<meta name=\"twitter:data2\" content=\"3 minutos\" \/>\n<script type=\"application\/ld+json\" class=\"yoast-schema-graph\">{\"@context\":\"https:\/\/schema.org\",\"@graph\":[{\"@type\":\"Article\",\"@id\":\"https:\/\/conversesacatalunya.cat\/es\/o-el-gobierno-afronta-el-problema-de-la-pandemia-o-cataluna-sufrira\/#article\",\"isPartOf\":{\"@id\":\"https:\/\/conversesacatalunya.cat\/es\/o-el-gobierno-afronta-el-problema-de-la-pandemia-o-cataluna-sufrira\/\"},\"author\":{\"name\":\"conversesacatalunya\",\"@id\":\"https:\/\/conversesacatalunya.cat\/#\/schema\/person\/7e24d1e54a2785373ddcb275eae5ed99\"},\"headline\":\"O el gobierno afronta el problema de la pandemia o Catalu\u00f1a sufrir\u00e1\",\"datePublished\":\"2021-02-16T12:18:47+00:00\",\"dateModified\":\"2021-02-16T12:34:01+00:00\",\"mainEntityOfPage\":{\"@id\":\"https:\/\/conversesacatalunya.cat\/es\/o-el-gobierno-afronta-el-problema-de-la-pandemia-o-cataluna-sufrira\/\"},\"wordCount\":724,\"commentCount\":0,\"image\":{\"@id\":\"https:\/\/conversesacatalunya.cat\/es\/o-el-gobierno-afronta-el-problema-de-la-pandemia-o-cataluna-sufrira\/#primaryimage\"},\"thumbnailUrl\":\"https:\/\/conversesacatalunya.cat\/wp-content\/uploads\/2021\/02\/coronavirus.jpeg\",\"keywords\":[\"coronavirus\",\"vacuna covid\"],\"articleSection\":[\"Especial Coronavirus (ES)\",\"Punts clau del dia (ES)\"],\"inLanguage\":\"es\",\"potentialAction\":[{\"@type\":\"CommentAction\",\"name\":\"Comment\",\"target\":[\"https:\/\/conversesacatalunya.cat\/es\/o-el-gobierno-afronta-el-problema-de-la-pandemia-o-cataluna-sufrira\/#respond\"]}]},{\"@type\":\"WebPage\",\"@id\":\"https:\/\/conversesacatalunya.cat\/es\/o-el-gobierno-afronta-el-problema-de-la-pandemia-o-cataluna-sufrira\/\",\"url\":\"https:\/\/conversesacatalunya.cat\/es\/o-el-gobierno-afronta-el-problema-de-la-pandemia-o-cataluna-sufrira\/\",\"name\":\"O el gobierno afronta el problema de la pandemia o Catalu\u00f1a sufrir\u00e1 - Converses a Catalunya\",\"isPartOf\":{\"@id\":\"https:\/\/conversesacatalunya.cat\/#website\"},\"primaryImageOfPage\":{\"@id\":\"https:\/\/conversesacatalunya.cat\/es\/o-el-gobierno-afronta-el-problema-de-la-pandemia-o-cataluna-sufrira\/#primaryimage\"},\"image\":{\"@id\":\"https:\/\/conversesacatalunya.cat\/es\/o-el-gobierno-afronta-el-problema-de-la-pandemia-o-cataluna-sufrira\/#primaryimage\"},\"thumbnailUrl\":\"https:\/\/conversesacatalunya.cat\/wp-content\/uploads\/2021\/02\/coronavirus.jpeg\",\"datePublished\":\"2021-02-16T12:18:47+00:00\",\"dateModified\":\"2021-02-16T12:34:01+00:00\",\"author\":{\"@id\":\"https:\/\/conversesacatalunya.cat\/#\/schema\/person\/7e24d1e54a2785373ddcb275eae5ed99\"},\"description\":\"Catalu\u00f1a ha de prepararse r\u00e1pidamente para la cuarta ola, para un verano sin turismo significativo, y para una tardanza de al menos dos a\u00f1os para recuperarnos econ\u00f3micamente\",\"breadcrumb\":{\"@id\":\"https:\/\/conversesacatalunya.cat\/es\/o-el-gobierno-afronta-el-problema-de-la-pandemia-o-cataluna-sufrira\/#breadcrumb\"},\"inLanguage\":\"es\",\"potentialAction\":[{\"@type\":\"ReadAction\",\"target\":[\"https:\/\/conversesacatalunya.cat\/es\/o-el-gobierno-afronta-el-problema-de-la-pandemia-o-cataluna-sufrira\/\"]}]},{\"@type\":\"ImageObject\",\"inLanguage\":\"es\",\"@id\":\"https:\/\/conversesacatalunya.cat\/es\/o-el-gobierno-afronta-el-problema-de-la-pandemia-o-cataluna-sufrira\/#primaryimage\",\"url\":\"https:\/\/conversesacatalunya.cat\/wp-content\/uploads\/2021\/02\/coronavirus.jpeg\",\"contentUrl\":\"https:\/\/conversesacatalunya.cat\/wp-content\/uploads\/2021\/02\/coronavirus.jpeg\",\"width\":948,\"height\":465},{\"@type\":\"BreadcrumbList\",\"@id\":\"https:\/\/conversesacatalunya.cat\/es\/o-el-gobierno-afronta-el-problema-de-la-pandemia-o-cataluna-sufrira\/#breadcrumb\",\"itemListElement\":[{\"@type\":\"ListItem\",\"position\":1,\"name\":\"Inici\",\"item\":\"https:\/\/conversesacatalunya.cat\/es\/\"},{\"@type\":\"ListItem\",\"position\":2,\"name\":\"O el gobierno afronta el problema de la pandemia o Catalu\u00f1a sufrir\u00e1\"}]},{\"@type\":\"WebSite\",\"@id\":\"https:\/\/conversesacatalunya.cat\/#website\",\"url\":\"https:\/\/conversesacatalunya.cat\/\",\"name\":\"Converses a Catalunya\",\"description\":\"\",\"potentialAction\":[{\"@type\":\"SearchAction\",\"target\":{\"@type\":\"EntryPoint\",\"urlTemplate\":\"https:\/\/conversesacatalunya.cat\/?s={search_term_string}\"},\"query-input\":{\"@type\":\"PropertyValueSpecification\",\"valueRequired\":true,\"valueName\":\"search_term_string\"}}],\"inLanguage\":\"es\"},{\"@type\":\"Person\",\"@id\":\"https:\/\/conversesacatalunya.cat\/#\/schema\/person\/7e24d1e54a2785373ddcb275eae5ed99\",\"name\":\"conversesacatalunya\",\"image\":{\"@type\":\"ImageObject\",\"inLanguage\":\"es\",\"@id\":\"https:\/\/conversesacatalunya.cat\/#\/schema\/person\/image\/\",\"url\":\"https:\/\/conversesacatalunya.cat\/wp-content\/litespeed\/avatar\/febdfeeec89d950f01c748045a981dd2.jpg?ver=1777314535\",\"contentUrl\":\"https:\/\/conversesacatalunya.cat\/wp-content\/litespeed\/avatar\/febdfeeec89d950f01c748045a981dd2.jpg?ver=1777314535\",\"caption\":\"conversesacatalunya\"},\"url\":\"https:\/\/conversesacatalunya.cat\/es\/author\/carme_catala\/\"}]}<\/script>\n<!-- \/ Yoast SEO plugin. -->","yoast_head_json":{"title":"O el gobierno afronta el problema de la pandemia o Catalu\u00f1a sufrir\u00e1 - Converses a Catalunya","description":"Catalu\u00f1a ha de prepararse r\u00e1pidamente para la cuarta ola, para un verano sin turismo significativo, y para una tardanza de al menos dos a\u00f1os para recuperarnos econ\u00f3micamente","robots":{"index":"index","follow":"follow","max-snippet":"max-snippet:-1","max-image-preview":"max-image-preview:large","max-video-preview":"max-video-preview:-1"},"canonical":"https:\/\/conversesacatalunya.cat\/es\/o-el-gobierno-afronta-el-problema-de-la-pandemia-o-cataluna-sufrira\/","og_locale":"es_ES","og_type":"article","og_title":"O el gobierno afronta el problema de la pandemia o Catalu\u00f1a sufrir\u00e1 - Converses a Catalunya","og_description":"Catalu\u00f1a ha de prepararse r\u00e1pidamente para la cuarta ola, para un verano sin turismo significativo, y para una tardanza de al menos dos a\u00f1os para recuperarnos econ\u00f3micamente","og_url":"https:\/\/conversesacatalunya.cat\/es\/o-el-gobierno-afronta-el-problema-de-la-pandemia-o-cataluna-sufrira\/","og_site_name":"Converses a Catalunya","article_published_time":"2021-02-16T12:18:47+00:00","article_modified_time":"2021-02-16T12:34:01+00:00","og_image":[{"width":948,"height":465,"url":"https:\/\/conversesacatalunya.cat\/wp-content\/uploads\/2021\/02\/coronavirus.jpeg","type":"image\/jpeg"}],"author":"conversesacatalunya","twitter_card":"summary_large_image","twitter_misc":{"Escrito por":"conversesacatalunya","Tiempo de lectura":"3 minutos"},"schema":{"@context":"https:\/\/schema.org","@graph":[{"@type":"Article","@id":"https:\/\/conversesacatalunya.cat\/es\/o-el-gobierno-afronta-el-problema-de-la-pandemia-o-cataluna-sufrira\/#article","isPartOf":{"@id":"https:\/\/conversesacatalunya.cat\/es\/o-el-gobierno-afronta-el-problema-de-la-pandemia-o-cataluna-sufrira\/"},"author":{"name":"conversesacatalunya","@id":"https:\/\/conversesacatalunya.cat\/#\/schema\/person\/7e24d1e54a2785373ddcb275eae5ed99"},"headline":"O el gobierno afronta el problema de la pandemia o Catalu\u00f1a sufrir\u00e1","datePublished":"2021-02-16T12:18:47+00:00","dateModified":"2021-02-16T12:34:01+00:00","mainEntityOfPage":{"@id":"https:\/\/conversesacatalunya.cat\/es\/o-el-gobierno-afronta-el-problema-de-la-pandemia-o-cataluna-sufrira\/"},"wordCount":724,"commentCount":0,"image":{"@id":"https:\/\/conversesacatalunya.cat\/es\/o-el-gobierno-afronta-el-problema-de-la-pandemia-o-cataluna-sufrira\/#primaryimage"},"thumbnailUrl":"https:\/\/conversesacatalunya.cat\/wp-content\/uploads\/2021\/02\/coronavirus.jpeg","keywords":["coronavirus","vacuna covid"],"articleSection":["Especial Coronavirus (ES)","Punts clau del dia (ES)"],"inLanguage":"es","potentialAction":[{"@type":"CommentAction","name":"Comment","target":["https:\/\/conversesacatalunya.cat\/es\/o-el-gobierno-afronta-el-problema-de-la-pandemia-o-cataluna-sufrira\/#respond"]}]},{"@type":"WebPage","@id":"https:\/\/conversesacatalunya.cat\/es\/o-el-gobierno-afronta-el-problema-de-la-pandemia-o-cataluna-sufrira\/","url":"https:\/\/conversesacatalunya.cat\/es\/o-el-gobierno-afronta-el-problema-de-la-pandemia-o-cataluna-sufrira\/","name":"O el gobierno afronta el problema de la pandemia o Catalu\u00f1a sufrir\u00e1 - Converses a Catalunya","isPartOf":{"@id":"https:\/\/conversesacatalunya.cat\/#website"},"primaryImageOfPage":{"@id":"https:\/\/conversesacatalunya.cat\/es\/o-el-gobierno-afronta-el-problema-de-la-pandemia-o-cataluna-sufrira\/#primaryimage"},"image":{"@id":"https:\/\/conversesacatalunya.cat\/es\/o-el-gobierno-afronta-el-problema-de-la-pandemia-o-cataluna-sufrira\/#primaryimage"},"thumbnailUrl":"https:\/\/conversesacatalunya.cat\/wp-content\/uploads\/2021\/02\/coronavirus.jpeg","datePublished":"2021-02-16T12:18:47+00:00","dateModified":"2021-02-16T12:34:01+00:00","author":{"@id":"https:\/\/conversesacatalunya.cat\/#\/schema\/person\/7e24d1e54a2785373ddcb275eae5ed99"},"description":"Catalu\u00f1a ha de prepararse r\u00e1pidamente para la cuarta ola, para un verano sin turismo significativo, y para una tardanza de al menos dos a\u00f1os para recuperarnos econ\u00f3micamente","breadcrumb":{"@id":"https:\/\/conversesacatalunya.cat\/es\/o-el-gobierno-afronta-el-problema-de-la-pandemia-o-cataluna-sufrira\/#breadcrumb"},"inLanguage":"es","potentialAction":[{"@type":"ReadAction","target":["https:\/\/conversesacatalunya.cat\/es\/o-el-gobierno-afronta-el-problema-de-la-pandemia-o-cataluna-sufrira\/"]}]},{"@type":"ImageObject","inLanguage":"es","@id":"https:\/\/conversesacatalunya.cat\/es\/o-el-gobierno-afronta-el-problema-de-la-pandemia-o-cataluna-sufrira\/#primaryimage","url":"https:\/\/conversesacatalunya.cat\/wp-content\/uploads\/2021\/02\/coronavirus.jpeg","contentUrl":"https:\/\/conversesacatalunya.cat\/wp-content\/uploads\/2021\/02\/coronavirus.jpeg","width":948,"height":465},{"@type":"BreadcrumbList","@id":"https:\/\/conversesacatalunya.cat\/es\/o-el-gobierno-afronta-el-problema-de-la-pandemia-o-cataluna-sufrira\/#breadcrumb","itemListElement":[{"@type":"ListItem","position":1,"name":"Inici","item":"https:\/\/conversesacatalunya.cat\/es\/"},{"@type":"ListItem","position":2,"name":"O el gobierno afronta el problema de la pandemia o Catalu\u00f1a sufrir\u00e1"}]},{"@type":"WebSite","@id":"https:\/\/conversesacatalunya.cat\/#website","url":"https:\/\/conversesacatalunya.cat\/","name":"Converses a Catalunya","description":"","potentialAction":[{"@type":"SearchAction","target":{"@type":"EntryPoint","urlTemplate":"https:\/\/conversesacatalunya.cat\/?s={search_term_string}"},"query-input":{"@type":"PropertyValueSpecification","valueRequired":true,"valueName":"search_term_string"}}],"inLanguage":"es"},{"@type":"Person","@id":"https:\/\/conversesacatalunya.cat\/#\/schema\/person\/7e24d1e54a2785373ddcb275eae5ed99","name":"conversesacatalunya","image":{"@type":"ImageObject","inLanguage":"es","@id":"https:\/\/conversesacatalunya.cat\/#\/schema\/person\/image\/","url":"https:\/\/conversesacatalunya.cat\/wp-content\/litespeed\/avatar\/febdfeeec89d950f01c748045a981dd2.jpg?ver=1777314535","contentUrl":"https:\/\/conversesacatalunya.cat\/wp-content\/litespeed\/avatar\/febdfeeec89d950f01c748045a981dd2.jpg?ver=1777314535","caption":"conversesacatalunya"},"url":"https:\/\/conversesacatalunya.cat\/es\/author\/carme_catala\/"}]}},"wps_subtitle":"Catalu\u00f1a ha de prepararse r\u00e1pidamente para la cuarta ola, para un verano sin turismo significativo, y para una tardanza de al menos dos a\u00f1os para recuperarnos econ\u00f3micamente","_links":{"self":[{"href":"https:\/\/conversesacatalunya.cat\/es\/wp-json\/wp\/v2\/posts\/45195","targetHints":{"allow":["GET"]}}],"collection":[{"href":"https:\/\/conversesacatalunya.cat\/es\/wp-json\/wp\/v2\/posts"}],"about":[{"href":"https:\/\/conversesacatalunya.cat\/es\/wp-json\/wp\/v2\/types\/post"}],"author":[{"embeddable":true,"href":"https:\/\/conversesacatalunya.cat\/es\/wp-json\/wp\/v2\/users\/2"}],"replies":[{"embeddable":true,"href":"https:\/\/conversesacatalunya.cat\/es\/wp-json\/wp\/v2\/comments?post=45195"}],"version-history":[{"count":2,"href":"https:\/\/conversesacatalunya.cat\/es\/wp-json\/wp\/v2\/posts\/45195\/revisions"}],"predecessor-version":[{"id":45197,"href":"https:\/\/conversesacatalunya.cat\/es\/wp-json\/wp\/v2\/posts\/45195\/revisions\/45197"}],"wp:featuredmedia":[{"embeddable":true,"href":"https:\/\/conversesacatalunya.cat\/es\/wp-json\/wp\/v2\/media\/45191"}],"wp:attachment":[{"href":"https:\/\/conversesacatalunya.cat\/es\/wp-json\/wp\/v2\/media?parent=45195"}],"wp:term":[{"taxonomy":"category","embeddable":true,"href":"https:\/\/conversesacatalunya.cat\/es\/wp-json\/wp\/v2\/categories?post=45195"},{"taxonomy":"post_tag","embeddable":true,"href":"https:\/\/conversesacatalunya.cat\/es\/wp-json\/wp\/v2\/tags?post=45195"}],"curies":[{"name":"wp","href":"https:\/\/api.w.org\/{rel}","templated":true}]}}