{"id":45145,"date":"2021-02-15T12:53:04","date_gmt":"2021-02-15T11:53:04","guid":{"rendered":"https:\/\/conversesacatalunya.cat\/eleccions-14-f-guanya-labstencio\/"},"modified":"2021-02-15T15:42:51","modified_gmt":"2021-02-15T14:42:51","slug":"elecciones-14-f-guanya-la-abstencion","status":"publish","type":"post","link":"https:\/\/conversesacatalunya.cat\/es\/elecciones-14-f-guanya-la-abstencion\/","title":{"rendered":"Elecciones 14-F: Gana la abstenci\u00f3n"},"content":{"rendered":"<p>El resultado ha superado las previsiones y la abstenci\u00f3n ha ca\u00eddo al\u00a0<strong>nivel m\u00e1s bajo<\/strong> desde que se iniciaron las elecciones al Parlamento en 1980. De hecho considerando, junto con la abstenci\u00f3n, el voto en blanco y el nulo, que se contabilizan como participaci\u00f3n, la poblaci\u00f3n que efectivamente ha votado por un partido u otro apenas llega al\u00a0<strong>51%.<\/strong><\/p>\n<p><span class=\"\">La media de participaci\u00f3n para el conjunto de las elecciones est\u00e1 situada en el <\/span><strong><span class=\"\">63,5% <\/span><\/strong><span class=\"\">y fue m\u00e1s baja en los cuatro primeros per\u00edodos, que van del 80 hasta el 95, en los que la media fue del <\/span><strong><span class=\"\">59,98%.\u00a0<\/span><\/strong><span class=\"\">En contrapartida, en la \u00e9poca de la que venimos, de 2010 a 2017, se alcanzaba <\/span><strong><span class=\"\">el 70,4% de<\/span><\/strong><span class=\"\">\u00a0promedio.\u00a0<\/span>Considerando pues la \u00faltima d\u00e9cada, la participaci\u00f3n ha ca\u00eddo en casi 20 puntos, que es una brutalidad. <span class=\"\">Naturalmente el miedo a la Covid-19 ha influido, si bien hay que se\u00f1alar que la Generalitat ha llevado a cabo unas elecciones mod\u00e9licas a pesar de su dificultad.<\/span><\/p>\n<p>El gobierno ha sabido terminar su poco gloriosa vida con una gesti\u00f3n brillante de la cita electoral. Pero, junto con el temor al contagio, nadie puede ocultar que esta abstenci\u00f3n es fruto del desencanto generalizado y del rechazo, donde el resultado de Vox ser\u00eda otra manifestaci\u00f3n.<\/p>\n<p><img fetchpriority=\"high\" decoding=\"async\" class=\"aligncenter size-full wp-image-45132 lazyloaded\" src=\"https:\/\/conversesacatalunya.cat\/wp-content\/uploads\/2021\/02\/Sense-titol.png\" sizes=\"(max-width: 339px) 100vw, 339px\" srcset=\"https:\/\/conversesacatalunya.cat\/wp-content\/uploads\/2021\/02\/Sense-titol.png 339w, https:\/\/conversesacatalunya.cat\/wp-content\/uploads\/2021\/02\/Sense-titol-242x300.png 242w, https:\/\/conversesacatalunya.cat\/wp-content\/uploads\/2021\/02\/Sense-titol-150x186.png 150w\" alt=\"\" width=\"339\" height=\"421\" data-srcset=\"https:\/\/conversesacatalunya.cat\/wp-content\/uploads\/2021\/02\/Sense-titol.png 339w, https:\/\/conversesacatalunya.cat\/wp-content\/uploads\/2021\/02\/Sense-titol-242x300.png 242w, https:\/\/conversesacatalunya.cat\/wp-content\/uploads\/2021\/02\/Sense-titol-150x186.png 150w\" data-src=\"https:\/\/conversesacatalunya.cat\/wp-content\/uploads\/2021\/02\/Sense-titol.png\" data-sizes=\"(max-width: 339px) 100vw, 339px\" \/><\/p>\n<ul>\n<li style=\"text-align: center;\">Media: 63,58%<\/li>\n<li style=\"text-align: center;\">Baja: menor 60%;\u00a0Media: 60% -menos 65%;\u00a0Alta: 65% -10%;\u00a0Muy alta: m\u00e1s del 70%<\/li>\n<\/ul>\n<p>Las elecciones, con m\u00e1s partidos que nunca, demostrando la fragmentaci\u00f3n del pa\u00eds, tienen un resultado que sufrir\u00e1 de la baja representatividad alcanzada. De hecho cuando se indican los porcentajes de cada partido hay que dividirlos por dos para tener una idea m\u00e1s exacta de lo que representan.<\/p>\n<p><span class=\"goog-text-highlight\">As\u00ed, el PSC, ganador con el 23% de los votos, tiene una\u00a0<\/span><strong><span class=\"goog-text-highlight\">representaci\u00f3n real de no m\u00e1s del 12% de los electores.<\/span><\/strong><span class=\"goog-text-highlight\"> Este factor pesar\u00e1 mucho cuando se configure un gobierno, porque si no tiene en cuenta a toda la gente que no tiene expresi\u00f3n en el Parlamento, lo que es dif\u00edcil, acentuar\u00e1 la crisis del pa\u00eds. Claro est\u00e1 que la pol\u00edtica de los partidos va en una direcci\u00f3n y la realidad del electorado hacia otra de forma que los bloques gubernamentales, lo que hab\u00eda en Catalu\u00f1a y lo que hay en Madrid, a pesar del triunfo de Illa (que no ha conseguido el \u00e9xito inicial de Arrimadas) ha visto mermada su representaci\u00f3n, como a\u00fan m\u00e1s lo ha visto el <\/span><a href=\"https:\/\/conversesacatalunya.cat\/es\/ganan-psc-y-vox-pierden-todos-los-demas\/\" target=\"_blank\" rel=\"noopener\"><span class=\"goog-text-highlight\">bloque gubernamental independentista<\/span><\/a><\/p>\n<p>Estas elecciones se\u00f1alan una inflexi\u00f3n en plena crisis y ante un futuro incierto que, por su dimensi\u00f3n, exige una nueva y gran respuesta. La cuesti\u00f3n es si los que ahora han sido incapaces de atraer al elector, estar\u00e1n en condiciones de aportarla.<\/p>\n<div id=\"polls-92\" class=\"wp-polls\">\n\t<form id=\"polls_form_92\" class=\"wp-polls-form\" action=\"\/index.php\" method=\"post\">\n\t\t<p style=\"display: none;\"><input type=\"hidden\" id=\"poll_92_nonce\" name=\"wp-polls-nonce\" value=\"2c9d0bbd62\" \/><\/p>\n\t\t<p style=\"display: none;\"><input type=\"hidden\" name=\"poll_id\" value=\"92\" \/><\/p>\n\t\t<p style=\"text-align: center\"><strong>Amb els resultats electorals del 14F, creus que el pr\u00f2xim govern catal\u00e0 ser\u00e0 independentista?<\/strong><\/p><div id=\"polls-92-ans\" class=\"wp-polls-ans\"><ul class=\"wp-polls-ul\">\n\t\t<li><input type=\"radio\" id=\"poll-answer-213\" name=\"poll_92\" value=\"213\" \/> <label for=\"poll-answer-213\">Si<\/label><\/li>\n\t\t<li><input type=\"radio\" id=\"poll-answer-214\" name=\"poll_92\" value=\"214\" \/> <label for=\"poll-answer-214\">No<\/label><\/li>\n\t\t<li><input type=\"radio\" id=\"poll-answer-215\" name=\"poll_92\" value=\"215\" \/> <label for=\"poll-answer-215\">No ho s\u00e9<\/label><\/li>\n\t\t<\/ul><p style=\"text-align: center\"><input type=\"button\" name=\"vote\" value=\"   Vota   \" class=\"Buttons\" onclick=\"poll_vote(92);\" \/><\/p><p style=\"text-align: center\"><a href=\"#ViewPollResults\" onclick=\"poll_result(92); return false;\" title=\"View Results Of This Poll\">Mira els resultats<\/a><\/p><\/div>\n\t<\/form>\n<\/div>\n<div id=\"polls-92-loading\" class=\"wp-polls-loading\"><img decoding=\"async\" data-src=\"https:\/\/conversesacatalunya.cat\/wp-content\/plugins\/wp-polls\/images\/loading.gif\" width=\"16\" height=\"16\" alt=\"Cargando ...\" title=\"Cargando ...\" class=\"wp-polls-image lazyload\" src=\"data:image\/svg+xml;base64,PHN2ZyB3aWR0aD0iMSIgaGVpZ2h0PSIxIiB4bWxucz0iaHR0cDovL3d3dy53My5vcmcvMjAwMC9zdmciPjwvc3ZnPg==\" style=\"--smush-placeholder-width: 16px; --smush-placeholder-aspect-ratio: 16\/16;\" \/>&nbsp;Cargando ...<\/div>\n\n","protected":false},"excerpt":{"rendered":"<p>El resultado ha superado las previsiones y la abstenci\u00f3n ha ca\u00eddo al\u00a0nivel m\u00e1s bajo desde que se iniciaron las elecciones al Parlamento en 1980. De hecho considerando, junto con la abstenci\u00f3n, el voto en blanco y el nulo, que se contabilizan como participaci\u00f3n, la poblaci\u00f3n que efectivamente ha votado por un partido u otro apenas llega al\u00a051%. La media de participaci\u00f3n para el conjunto de las elecciones est\u00e1 situada en el 63,5% y fue m\u00e1s baja en los cuatro primeros per\u00edodos, que van del 80 hasta el 95, en los que la media fue del 59,98%.\u00a0En contrapartida, en la \u00e9poca de la que venimos, de 2010 a 2017, se alcanzaba el 70,4% de\u00a0promedio.\u00a0Considerando pues la \u00faltima d\u00e9cada, la participaci\u00f3n ha ca\u00eddo en casi 20 puntos, que es una brutalidad. Naturalmente el miedo a la Covid-19 ha influido, si bien hay que se\u00f1alar que la Generalitat ha llevado a cabo unas elecciones mod\u00e9licas a pesar de su dificultad. El gobierno ha sabido terminar su poco gloriosa vida con una gesti\u00f3n brillante de la cita electoral. Pero, junto con el temor al contagio, nadie puede ocultar que esta abstenci\u00f3n es fruto del desencanto generalizado y del rechazo, donde el resultado de Vox ser\u00eda otra manifestaci\u00f3n. Media: 63,58% Baja: menor 60%;\u00a0Media: 60% -menos 65%;\u00a0Alta: 65% -10%;\u00a0Muy alta: m\u00e1s del 70% Las elecciones, con m\u00e1s partidos que nunca, demostrando la fragmentaci\u00f3n del pa\u00eds, tienen un resultado que sufrir\u00e1 de la baja representatividad alcanzada. De hecho cuando se indican los porcentajes de cada partido hay que dividirlos por dos para tener una idea m\u00e1s exacta de lo que representan. As\u00ed, el PSC, ganador con el 23% de los votos, tiene una\u00a0representaci\u00f3n real de no m\u00e1s del 12% de los electores. Este factor pesar\u00e1 mucho cuando se configure un gobierno, porque si no tiene en cuenta a toda la gente que no tiene expresi\u00f3n en el Parlamento, lo que es dif\u00edcil, acentuar\u00e1 la crisis del pa\u00eds. Claro est\u00e1 que la pol\u00edtica de los partidos va en una direcci\u00f3n y la realidad del electorado hacia otra de forma que los bloques gubernamentales, lo que hab\u00eda en Catalu\u00f1a y lo que hay en Madrid, a pesar del triunfo de Illa (que no ha conseguido el \u00e9xito inicial de Arrimadas) ha visto mermada su representaci\u00f3n, como a\u00fan m\u00e1s lo ha visto el bloque gubernamental independentista Estas elecciones se\u00f1alan una inflexi\u00f3n en plena crisis y ante un futuro incierto que, por su dimensi\u00f3n, exige una nueva y gran respuesta. La cuesti\u00f3n es si los que ahora han sido incapaces de atraer al elector, estar\u00e1n en condiciones de aportarla.<\/p>\n","protected":false},"author":2,"featured_media":45135,"comment_status":"open","ping_status":"open","sticky":false,"template":"","format":"standard","meta":{"_FSMCFIC_featured_image_caption":"","_FSMCFIC_featured_image_nocaption":"","_FSMCFIC_featured_image_hide":"","footnotes":""},"categories":[806],"tags":[3415,3454],"class_list":["post-45145","post","type-post","status-publish","format-standard","has-post-thumbnail","hentry","category-punts-claus-del-dia-es","tag-elecciones-14-f","tag-resultados-elecciones"],"yoast_head":"<!-- This site is optimized with the Yoast SEO plugin v26.8 - https:\/\/yoast.com\/product\/yoast-seo-wordpress\/ -->\n<title>Elecciones 14-F: Gana la abstenci\u00f3n - Converses a Catalunya<\/title>\n<meta name=\"description\" content=\"Estas elecciones se\u00f1alan una inflexi\u00f3n en plena crisis y ante un futuro incierto, que por su dimensi\u00f3n, exige una nueva y gran respuesta.\" \/>\n<meta name=\"robots\" content=\"index, follow, max-snippet:-1, max-image-preview:large, max-video-preview:-1\" \/>\n<link rel=\"canonical\" href=\"https:\/\/conversesacatalunya.cat\/es\/elecciones-14-f-guanya-la-abstencion\/\" \/>\n<meta property=\"og:locale\" content=\"es_ES\" \/>\n<meta property=\"og:type\" content=\"article\" \/>\n<meta property=\"og:title\" content=\"Elecciones 14-F: Gana la abstenci\u00f3n - Converses a Catalunya\" \/>\n<meta property=\"og:description\" content=\"Estas elecciones se\u00f1alan una inflexi\u00f3n en plena crisis y ante un futuro incierto, que por su dimensi\u00f3n, exige una nueva y gran respuesta.\" \/>\n<meta property=\"og:url\" content=\"https:\/\/conversesacatalunya.cat\/es\/elecciones-14-f-guanya-la-abstencion\/\" \/>\n<meta property=\"og:site_name\" content=\"Converses a Catalunya\" \/>\n<meta property=\"article:published_time\" content=\"2021-02-15T11:53:04+00:00\" \/>\n<meta property=\"article:modified_time\" content=\"2021-02-15T14:42:51+00:00\" \/>\n<meta property=\"og:image\" content=\"https:\/\/conversesacatalunya.cat\/wp-content\/uploads\/2021\/02\/eleccions-parlament-2021-1.jpg\" \/>\n\t<meta property=\"og:image:width\" content=\"660\" \/>\n\t<meta property=\"og:image:height\" content=\"371\" \/>\n\t<meta property=\"og:image:type\" content=\"image\/jpeg\" \/>\n<meta name=\"author\" content=\"conversesacatalunya\" \/>\n<meta name=\"twitter:card\" content=\"summary_large_image\" \/>\n<meta name=\"twitter:label1\" content=\"Escrito por\" \/>\n\t<meta name=\"twitter:data1\" content=\"conversesacatalunya\" \/>\n\t<meta name=\"twitter:label2\" content=\"Tiempo de lectura\" \/>\n\t<meta name=\"twitter:data2\" content=\"3 minutos\" \/>\n<script type=\"application\/ld+json\" class=\"yoast-schema-graph\">{\"@context\":\"https:\/\/schema.org\",\"@graph\":[{\"@type\":\"Article\",\"@id\":\"https:\/\/conversesacatalunya.cat\/es\/elecciones-14-f-guanya-la-abstencion\/#article\",\"isPartOf\":{\"@id\":\"https:\/\/conversesacatalunya.cat\/es\/elecciones-14-f-guanya-la-abstencion\/\"},\"author\":{\"name\":\"conversesacatalunya\",\"@id\":\"https:\/\/conversesacatalunya.cat\/#\/schema\/person\/7e24d1e54a2785373ddcb275eae5ed99\"},\"headline\":\"Elecciones 14-F: Gana la abstenci\u00f3n\",\"datePublished\":\"2021-02-15T11:53:04+00:00\",\"dateModified\":\"2021-02-15T14:42:51+00:00\",\"mainEntityOfPage\":{\"@id\":\"https:\/\/conversesacatalunya.cat\/es\/elecciones-14-f-guanya-la-abstencion\/\"},\"wordCount\":467,\"commentCount\":0,\"image\":{\"@id\":\"https:\/\/conversesacatalunya.cat\/es\/elecciones-14-f-guanya-la-abstencion\/#primaryimage\"},\"thumbnailUrl\":\"https:\/\/conversesacatalunya.cat\/wp-content\/uploads\/2021\/02\/eleccions-parlament-2021-1.jpg\",\"keywords\":[\"elecciones 14-F\",\"Resultados elecciones\"],\"articleSection\":[\"Punts clau del dia (ES)\"],\"inLanguage\":\"es\",\"potentialAction\":[{\"@type\":\"CommentAction\",\"name\":\"Comment\",\"target\":[\"https:\/\/conversesacatalunya.cat\/es\/elecciones-14-f-guanya-la-abstencion\/#respond\"]}]},{\"@type\":\"WebPage\",\"@id\":\"https:\/\/conversesacatalunya.cat\/es\/elecciones-14-f-guanya-la-abstencion\/\",\"url\":\"https:\/\/conversesacatalunya.cat\/es\/elecciones-14-f-guanya-la-abstencion\/\",\"name\":\"Elecciones 14-F: Gana la abstenci\u00f3n - Converses a Catalunya\",\"isPartOf\":{\"@id\":\"https:\/\/conversesacatalunya.cat\/#website\"},\"primaryImageOfPage\":{\"@id\":\"https:\/\/conversesacatalunya.cat\/es\/elecciones-14-f-guanya-la-abstencion\/#primaryimage\"},\"image\":{\"@id\":\"https:\/\/conversesacatalunya.cat\/es\/elecciones-14-f-guanya-la-abstencion\/#primaryimage\"},\"thumbnailUrl\":\"https:\/\/conversesacatalunya.cat\/wp-content\/uploads\/2021\/02\/eleccions-parlament-2021-1.jpg\",\"datePublished\":\"2021-02-15T11:53:04+00:00\",\"dateModified\":\"2021-02-15T14:42:51+00:00\",\"author\":{\"@id\":\"https:\/\/conversesacatalunya.cat\/#\/schema\/person\/7e24d1e54a2785373ddcb275eae5ed99\"},\"description\":\"Estas elecciones se\u00f1alan una inflexi\u00f3n en plena crisis y ante un futuro incierto, que por su dimensi\u00f3n, exige una nueva y gran respuesta.\",\"breadcrumb\":{\"@id\":\"https:\/\/conversesacatalunya.cat\/es\/elecciones-14-f-guanya-la-abstencion\/#breadcrumb\"},\"inLanguage\":\"es\",\"potentialAction\":[{\"@type\":\"ReadAction\",\"target\":[\"https:\/\/conversesacatalunya.cat\/es\/elecciones-14-f-guanya-la-abstencion\/\"]}]},{\"@type\":\"ImageObject\",\"inLanguage\":\"es\",\"@id\":\"https:\/\/conversesacatalunya.cat\/es\/elecciones-14-f-guanya-la-abstencion\/#primaryimage\",\"url\":\"https:\/\/conversesacatalunya.cat\/wp-content\/uploads\/2021\/02\/eleccions-parlament-2021-1.jpg\",\"contentUrl\":\"https:\/\/conversesacatalunya.cat\/wp-content\/uploads\/2021\/02\/eleccions-parlament-2021-1.jpg\",\"width\":660,\"height\":371,\"caption\":\"eleccions 14-F\"},{\"@type\":\"BreadcrumbList\",\"@id\":\"https:\/\/conversesacatalunya.cat\/es\/elecciones-14-f-guanya-la-abstencion\/#breadcrumb\",\"itemListElement\":[{\"@type\":\"ListItem\",\"position\":1,\"name\":\"Inici\",\"item\":\"https:\/\/conversesacatalunya.cat\/es\/\"},{\"@type\":\"ListItem\",\"position\":2,\"name\":\"Elecciones 14-F: Gana la abstenci\u00f3n\"}]},{\"@type\":\"WebSite\",\"@id\":\"https:\/\/conversesacatalunya.cat\/#website\",\"url\":\"https:\/\/conversesacatalunya.cat\/\",\"name\":\"Converses a Catalunya\",\"description\":\"\",\"potentialAction\":[{\"@type\":\"SearchAction\",\"target\":{\"@type\":\"EntryPoint\",\"urlTemplate\":\"https:\/\/conversesacatalunya.cat\/?s={search_term_string}\"},\"query-input\":{\"@type\":\"PropertyValueSpecification\",\"valueRequired\":true,\"valueName\":\"search_term_string\"}}],\"inLanguage\":\"es\"},{\"@type\":\"Person\",\"@id\":\"https:\/\/conversesacatalunya.cat\/#\/schema\/person\/7e24d1e54a2785373ddcb275eae5ed99\",\"name\":\"conversesacatalunya\",\"image\":{\"@type\":\"ImageObject\",\"inLanguage\":\"es\",\"@id\":\"https:\/\/conversesacatalunya.cat\/#\/schema\/person\/image\/\",\"url\":\"https:\/\/conversesacatalunya.cat\/wp-content\/litespeed\/avatar\/febdfeeec89d950f01c748045a981dd2.jpg?ver=1777314535\",\"contentUrl\":\"https:\/\/conversesacatalunya.cat\/wp-content\/litespeed\/avatar\/febdfeeec89d950f01c748045a981dd2.jpg?ver=1777314535\",\"caption\":\"conversesacatalunya\"},\"url\":\"https:\/\/conversesacatalunya.cat\/es\/author\/carme_catala\/\"}]}<\/script>\n<!-- \/ Yoast SEO plugin. -->","yoast_head_json":{"title":"Elecciones 14-F: Gana la abstenci\u00f3n - Converses a Catalunya","description":"Estas elecciones se\u00f1alan una inflexi\u00f3n en plena crisis y ante un futuro incierto, que por su dimensi\u00f3n, exige una nueva y gran respuesta.","robots":{"index":"index","follow":"follow","max-snippet":"max-snippet:-1","max-image-preview":"max-image-preview:large","max-video-preview":"max-video-preview:-1"},"canonical":"https:\/\/conversesacatalunya.cat\/es\/elecciones-14-f-guanya-la-abstencion\/","og_locale":"es_ES","og_type":"article","og_title":"Elecciones 14-F: Gana la abstenci\u00f3n - Converses a Catalunya","og_description":"Estas elecciones se\u00f1alan una inflexi\u00f3n en plena crisis y ante un futuro incierto, que por su dimensi\u00f3n, exige una nueva y gran respuesta.","og_url":"https:\/\/conversesacatalunya.cat\/es\/elecciones-14-f-guanya-la-abstencion\/","og_site_name":"Converses a Catalunya","article_published_time":"2021-02-15T11:53:04+00:00","article_modified_time":"2021-02-15T14:42:51+00:00","og_image":[{"width":660,"height":371,"url":"https:\/\/conversesacatalunya.cat\/wp-content\/uploads\/2021\/02\/eleccions-parlament-2021-1.jpg","type":"image\/jpeg"}],"author":"conversesacatalunya","twitter_card":"summary_large_image","twitter_misc":{"Escrito por":"conversesacatalunya","Tiempo de lectura":"3 minutos"},"schema":{"@context":"https:\/\/schema.org","@graph":[{"@type":"Article","@id":"https:\/\/conversesacatalunya.cat\/es\/elecciones-14-f-guanya-la-abstencion\/#article","isPartOf":{"@id":"https:\/\/conversesacatalunya.cat\/es\/elecciones-14-f-guanya-la-abstencion\/"},"author":{"name":"conversesacatalunya","@id":"https:\/\/conversesacatalunya.cat\/#\/schema\/person\/7e24d1e54a2785373ddcb275eae5ed99"},"headline":"Elecciones 14-F: Gana la abstenci\u00f3n","datePublished":"2021-02-15T11:53:04+00:00","dateModified":"2021-02-15T14:42:51+00:00","mainEntityOfPage":{"@id":"https:\/\/conversesacatalunya.cat\/es\/elecciones-14-f-guanya-la-abstencion\/"},"wordCount":467,"commentCount":0,"image":{"@id":"https:\/\/conversesacatalunya.cat\/es\/elecciones-14-f-guanya-la-abstencion\/#primaryimage"},"thumbnailUrl":"https:\/\/conversesacatalunya.cat\/wp-content\/uploads\/2021\/02\/eleccions-parlament-2021-1.jpg","keywords":["elecciones 14-F","Resultados elecciones"],"articleSection":["Punts clau del dia (ES)"],"inLanguage":"es","potentialAction":[{"@type":"CommentAction","name":"Comment","target":["https:\/\/conversesacatalunya.cat\/es\/elecciones-14-f-guanya-la-abstencion\/#respond"]}]},{"@type":"WebPage","@id":"https:\/\/conversesacatalunya.cat\/es\/elecciones-14-f-guanya-la-abstencion\/","url":"https:\/\/conversesacatalunya.cat\/es\/elecciones-14-f-guanya-la-abstencion\/","name":"Elecciones 14-F: Gana la abstenci\u00f3n - Converses a Catalunya","isPartOf":{"@id":"https:\/\/conversesacatalunya.cat\/#website"},"primaryImageOfPage":{"@id":"https:\/\/conversesacatalunya.cat\/es\/elecciones-14-f-guanya-la-abstencion\/#primaryimage"},"image":{"@id":"https:\/\/conversesacatalunya.cat\/es\/elecciones-14-f-guanya-la-abstencion\/#primaryimage"},"thumbnailUrl":"https:\/\/conversesacatalunya.cat\/wp-content\/uploads\/2021\/02\/eleccions-parlament-2021-1.jpg","datePublished":"2021-02-15T11:53:04+00:00","dateModified":"2021-02-15T14:42:51+00:00","author":{"@id":"https:\/\/conversesacatalunya.cat\/#\/schema\/person\/7e24d1e54a2785373ddcb275eae5ed99"},"description":"Estas elecciones se\u00f1alan una inflexi\u00f3n en plena crisis y ante un futuro incierto, que por su dimensi\u00f3n, exige una nueva y gran respuesta.","breadcrumb":{"@id":"https:\/\/conversesacatalunya.cat\/es\/elecciones-14-f-guanya-la-abstencion\/#breadcrumb"},"inLanguage":"es","potentialAction":[{"@type":"ReadAction","target":["https:\/\/conversesacatalunya.cat\/es\/elecciones-14-f-guanya-la-abstencion\/"]}]},{"@type":"ImageObject","inLanguage":"es","@id":"https:\/\/conversesacatalunya.cat\/es\/elecciones-14-f-guanya-la-abstencion\/#primaryimage","url":"https:\/\/conversesacatalunya.cat\/wp-content\/uploads\/2021\/02\/eleccions-parlament-2021-1.jpg","contentUrl":"https:\/\/conversesacatalunya.cat\/wp-content\/uploads\/2021\/02\/eleccions-parlament-2021-1.jpg","width":660,"height":371,"caption":"eleccions 14-F"},{"@type":"BreadcrumbList","@id":"https:\/\/conversesacatalunya.cat\/es\/elecciones-14-f-guanya-la-abstencion\/#breadcrumb","itemListElement":[{"@type":"ListItem","position":1,"name":"Inici","item":"https:\/\/conversesacatalunya.cat\/es\/"},{"@type":"ListItem","position":2,"name":"Elecciones 14-F: Gana la abstenci\u00f3n"}]},{"@type":"WebSite","@id":"https:\/\/conversesacatalunya.cat\/#website","url":"https:\/\/conversesacatalunya.cat\/","name":"Converses a Catalunya","description":"","potentialAction":[{"@type":"SearchAction","target":{"@type":"EntryPoint","urlTemplate":"https:\/\/conversesacatalunya.cat\/?s={search_term_string}"},"query-input":{"@type":"PropertyValueSpecification","valueRequired":true,"valueName":"search_term_string"}}],"inLanguage":"es"},{"@type":"Person","@id":"https:\/\/conversesacatalunya.cat\/#\/schema\/person\/7e24d1e54a2785373ddcb275eae5ed99","name":"conversesacatalunya","image":{"@type":"ImageObject","inLanguage":"es","@id":"https:\/\/conversesacatalunya.cat\/#\/schema\/person\/image\/","url":"https:\/\/conversesacatalunya.cat\/wp-content\/litespeed\/avatar\/febdfeeec89d950f01c748045a981dd2.jpg?ver=1777314535","contentUrl":"https:\/\/conversesacatalunya.cat\/wp-content\/litespeed\/avatar\/febdfeeec89d950f01c748045a981dd2.jpg?ver=1777314535","caption":"conversesacatalunya"},"url":"https:\/\/conversesacatalunya.cat\/es\/author\/carme_catala\/"}]}},"wps_subtitle":"Estas elecciones se\u00f1alan una inflexi\u00f3n en plena crisis y ante un futuro incierto, que por su dimensi\u00f3n, exige una nueva y gran respuesta. La cuesti\u00f3n es si los que ahora han sido incapaces de atraer al elector, estar\u00e1n en condiciones de aportarla.","_links":{"self":[{"href":"https:\/\/conversesacatalunya.cat\/es\/wp-json\/wp\/v2\/posts\/45145","targetHints":{"allow":["GET"]}}],"collection":[{"href":"https:\/\/conversesacatalunya.cat\/es\/wp-json\/wp\/v2\/posts"}],"about":[{"href":"https:\/\/conversesacatalunya.cat\/es\/wp-json\/wp\/v2\/types\/post"}],"author":[{"embeddable":true,"href":"https:\/\/conversesacatalunya.cat\/es\/wp-json\/wp\/v2\/users\/2"}],"replies":[{"embeddable":true,"href":"https:\/\/conversesacatalunya.cat\/es\/wp-json\/wp\/v2\/comments?post=45145"}],"version-history":[{"count":4,"href":"https:\/\/conversesacatalunya.cat\/es\/wp-json\/wp\/v2\/posts\/45145\/revisions"}],"predecessor-version":[{"id":45153,"href":"https:\/\/conversesacatalunya.cat\/es\/wp-json\/wp\/v2\/posts\/45145\/revisions\/45153"}],"wp:featuredmedia":[{"embeddable":true,"href":"https:\/\/conversesacatalunya.cat\/es\/wp-json\/wp\/v2\/media\/45135"}],"wp:attachment":[{"href":"https:\/\/conversesacatalunya.cat\/es\/wp-json\/wp\/v2\/media?parent=45145"}],"wp:term":[{"taxonomy":"category","embeddable":true,"href":"https:\/\/conversesacatalunya.cat\/es\/wp-json\/wp\/v2\/categories?post=45145"},{"taxonomy":"post_tag","embeddable":true,"href":"https:\/\/conversesacatalunya.cat\/es\/wp-json\/wp\/v2\/tags?post=45145"}],"curies":[{"name":"wp","href":"https:\/\/api.w.org\/{rel}","templated":true}]}}