{"id":45082,"date":"2021-02-12T11:36:26","date_gmt":"2021-02-12T10:36:26","guid":{"rendered":"https:\/\/conversesacatalunya.cat\/la-previsio-economica-de-brusselles-es-mes-mala-noticia-del-que-sembla\/"},"modified":"2021-02-12T13:38:40","modified_gmt":"2021-02-12T12:38:40","slug":"la-prevision-economica-de-bruselas-es-mas-mala-noticia-de-lo-que-parece","status":"publish","type":"post","link":"https:\/\/conversesacatalunya.cat\/es\/la-prevision-economica-de-bruselas-es-mas-mala-noticia-de-lo-que-parece\/","title":{"rendered":"La previsi\u00f3n econ\u00f3mica de Bruselas es m\u00e1s mala noticia de lo que parece"},"content":{"rendered":"<p><span>La previsi\u00f3n de la Comisi\u00f3n Europea de que Espa\u00f1a crecer\u00eda este a\u00f1o <\/span><strong><span>un 5,6%<\/span><\/strong><span> ha tra\u00eddo\u00a0un soplo de esperanza no del todo justificada. En realidad no es un buen dato.<\/span><\/p>\n<p><span>Dejemos al margen las importantes consideraciones que la Comisi\u00f3n hace sobre la posibilidad de alcanzar esta cifra.\u00a0Concretamente, la necesidad\u00a0<\/span><strong><span>de evitar el cierre de empresas<\/span><\/strong><span>, especialmente pymes, que convertir\u00eda la crisis en estructural.\u00a0Tambi\u00e9n\u00a0<\/span><strong><span>el incierto ritmo de vacunaci\u00f3n<\/span><\/strong><span>, y c\u00f3mo pueden llegar a afectar\u00a0<\/span><strong><span>las mutaciones<\/span><\/strong><span> de la Covid-19.<\/span><\/p>\n<p><span>Dejamos todo ello al margen y centr\u00e9monos en la cifra de crecimiento.\u00a0De acuerdo con esta, la l\u00f3gica econ\u00f3mica nos dice que hasta entrado 2023 no volver\u00edamos a la situaci\u00f3n que ten\u00edamos en diciembre de 2019, con la condici\u00f3n de que el baile, como es l\u00f3gico, ir\u00e1 por sectores y por ramas de actividad.<\/span><\/p>\n<h3><span>Situemos las cifras en contexto<\/span><\/h3>\n<p><span>El a\u00f1o pasado Espa\u00f1a perdi\u00f3 m\u00e1s de 11 puntos porcentuales respecto al 2019. En Catalu\u00f1a fueron 11,5;\u00a0un poco m\u00e1s en Barcelona, 11,7.\u00a0<span class=\"goog-text-highlight\">Como el crecimiento anunciado por la CE del 5,6 se calcula sobre la base de 2020, y resulta que esta es s\u00f3lo el 88,5% de la de 2019, en realidad el crecimiento comparable a los 11,5 puntos perdidos\u00a0<\/span><\/span><strong><span><span class=\"goog-text-highlight\">ser\u00e1 de 4,9.<\/span><\/span><\/strong><\/p>\n<p><span>Al finalizar este a\u00f1o nos separar\u00e1 una gran distancia, 6,6 puntos porcentuales, de la base del 2019. Es evidente que el a\u00f1o que viene no alcanzar\u00edamos ni de lejos este crecimiento, porque de hacerlo representar\u00eda que crecer\u00edamos a un ritmo de un 8% sobre este a\u00f1o, y parece muy inviable alcanzar este d\u00edgito. Por esta raz\u00f3n parece l\u00f3gico estimar que hasta pasado el primer trimestre de 2023 y si todo va bien, no podremos dar por cerrada, a nivel de PIB, la coronacrisis.<\/span><\/p>\n<div id=\"polls-91\" class=\"wp-polls\">\n\t<form id=\"polls_form_91\" class=\"wp-polls-form\" action=\"\/index.php\" method=\"post\">\n\t\t<p style=\"display: none;\"><input type=\"hidden\" id=\"poll_91_nonce\" name=\"wp-polls-nonce\" value=\"d350abb913\" \/><\/p>\n\t\t<p style=\"display: none;\"><input type=\"hidden\" name=\"poll_id\" value=\"91\" \/><\/p>\n\t\t<p style=\"text-align: center\"><strong>Creus que Salvador Illa quedar\u00e0 primer a les eleccions del 14 de febrer?<\/strong><\/p><div id=\"polls-91-ans\" class=\"wp-polls-ans\"><ul class=\"wp-polls-ul\">\n\t\t<li><input type=\"radio\" id=\"poll-answer-210\" name=\"poll_91\" value=\"210\" \/> <label for=\"poll-answer-210\">Si<\/label><\/li>\n\t\t<li><input type=\"radio\" id=\"poll-answer-211\" name=\"poll_91\" value=\"211\" \/> <label for=\"poll-answer-211\">No<\/label><\/li>\n\t\t<li><input type=\"radio\" id=\"poll-answer-212\" name=\"poll_91\" value=\"212\" \/> <label for=\"poll-answer-212\">No ho s\u00e9<\/label><\/li>\n\t\t<\/ul><p style=\"text-align: center\"><input type=\"button\" name=\"vote\" value=\"   Vota   \" class=\"Buttons\" onclick=\"poll_vote(91);\" \/><\/p><p style=\"text-align: center\"><a href=\"#ViewPollResults\" onclick=\"poll_result(91); return false;\" title=\"View Results Of This Poll\">Mira els resultats<\/a><\/p><\/div>\n\t<\/form>\n<\/div>\n<div id=\"polls-91-loading\" class=\"wp-polls-loading\"><img decoding=\"async\" data-src=\"https:\/\/conversesacatalunya.cat\/wp-content\/plugins\/wp-polls\/images\/loading.gif\" width=\"16\" height=\"16\" alt=\"Cargando ...\" title=\"Cargando ...\" class=\"wp-polls-image lazyload\" src=\"data:image\/svg+xml;base64,PHN2ZyB3aWR0aD0iMSIgaGVpZ2h0PSIxIiB4bWxucz0iaHR0cDovL3d3dy53My5vcmcvMjAwMC9zdmciPjwvc3ZnPg==\" style=\"--smush-placeholder-width: 16px; --smush-placeholder-aspect-ratio: 16\/16;\" \/>&nbsp;Cargando ...<\/div>\n\n","protected":false},"excerpt":{"rendered":"<p>La previsi\u00f3n de la Comisi\u00f3n Europea de que Espa\u00f1a crecer\u00eda este a\u00f1o un 5,6% ha tra\u00eddo\u00a0un soplo de esperanza no del todo justificada. En realidad no es un buen dato. Dejemos al margen las importantes consideraciones que la Comisi\u00f3n hace sobre la posibilidad de alcanzar esta cifra.\u00a0Concretamente, la necesidad\u00a0de evitar el cierre de empresas, especialmente pymes, que convertir\u00eda la crisis en estructural.\u00a0Tambi\u00e9n\u00a0el incierto ritmo de vacunaci\u00f3n, y c\u00f3mo pueden llegar a afectar\u00a0las mutaciones de la Covid-19. Dejamos todo ello al margen y centr\u00e9monos en la cifra de crecimiento.\u00a0De acuerdo con esta, la l\u00f3gica econ\u00f3mica nos dice que hasta entrado 2023 no volver\u00edamos a la situaci\u00f3n que ten\u00edamos en diciembre de 2019, con la condici\u00f3n de que el baile, como es l\u00f3gico, ir\u00e1 por sectores y por ramas de actividad. Situemos las cifras en contexto El a\u00f1o pasado Espa\u00f1a perdi\u00f3 m\u00e1s de 11 puntos porcentuales respecto al 2019. En Catalu\u00f1a fueron 11,5;\u00a0un poco m\u00e1s en Barcelona, 11,7.\u00a0Como el crecimiento anunciado por la CE del 5,6 se calcula sobre la base de 2020, y resulta que esta es s\u00f3lo el 88,5% de la de 2019, en realidad el crecimiento comparable a los 11,5 puntos perdidos\u00a0ser\u00e1 de 4,9. Al finalizar este a\u00f1o nos separar\u00e1 una gran distancia, 6,6 puntos porcentuales, de la base del 2019. Es evidente que el a\u00f1o que viene no alcanzar\u00edamos ni de lejos este crecimiento, porque de hacerlo representar\u00eda que crecer\u00edamos a un ritmo de un 8% sobre este a\u00f1o, y parece muy inviable alcanzar este d\u00edgito. Por esta raz\u00f3n parece l\u00f3gico estimar que hasta pasado el primer trimestre de 2023 y si todo va bien, no podremos dar por cerrada, a nivel de PIB, la coronacrisis.<\/p>\n","protected":false},"author":2,"featured_media":45049,"comment_status":"open","ping_status":"open","sticky":false,"template":"","format":"standard","meta":{"_FSMCFIC_featured_image_caption":"","_FSMCFIC_featured_image_nocaption":"","_FSMCFIC_featured_image_hide":"","footnotes":""},"categories":[1772,806],"tags":[3005,3006,960],"class_list":["post-45082","post","type-post","status-publish","format-standard","has-post-thumbnail","hentry","category-especial-coronavirus-es","category-punts-claus-del-dia-es","tag-crisi-coronavirus-es","tag-crisis-coronavirus","tag-pib-es"],"yoast_head":"<!-- This site is optimized with the Yoast SEO plugin v26.8 - https:\/\/yoast.com\/product\/yoast-seo-wordpress\/ -->\n<title>La previsi\u00f3n econ\u00f3mica de Bruselas es m\u00e1s mala noticia de lo que parece - Converses a Catalunya<\/title>\n<meta name=\"description\" content=\"Hasta pasado el primer trimestre de 2023 y si todo va bien, no podremos dar por cerrada, a nivel de PIB, la coronacrisis.\" \/>\n<meta name=\"robots\" content=\"index, follow, max-snippet:-1, max-image-preview:large, max-video-preview:-1\" \/>\n<link rel=\"canonical\" href=\"https:\/\/conversesacatalunya.cat\/es\/la-prevision-economica-de-bruselas-es-mas-mala-noticia-de-lo-que-parece\/\" \/>\n<meta property=\"og:locale\" content=\"es_ES\" \/>\n<meta property=\"og:type\" content=\"article\" \/>\n<meta property=\"og:title\" content=\"La previsi\u00f3n econ\u00f3mica de Bruselas es m\u00e1s mala noticia de lo que parece - Converses a Catalunya\" \/>\n<meta property=\"og:description\" content=\"Hasta pasado el primer trimestre de 2023 y si todo va bien, no podremos dar por cerrada, a nivel de PIB, la coronacrisis.\" \/>\n<meta property=\"og:url\" content=\"https:\/\/conversesacatalunya.cat\/es\/la-prevision-economica-de-bruselas-es-mas-mala-noticia-de-lo-que-parece\/\" \/>\n<meta property=\"og:site_name\" content=\"Converses a Catalunya\" \/>\n<meta property=\"article:published_time\" content=\"2021-02-12T10:36:26+00:00\" \/>\n<meta property=\"article:modified_time\" content=\"2021-02-12T12:38:40+00:00\" \/>\n<meta property=\"og:image\" content=\"https:\/\/conversesacatalunya.cat\/wp-content\/uploads\/2021\/02\/Comision-Europea.jpg\" \/>\n\t<meta property=\"og:image:width\" content=\"1600\" \/>\n\t<meta property=\"og:image:height\" content=\"900\" \/>\n\t<meta property=\"og:image:type\" content=\"image\/jpeg\" \/>\n<meta name=\"author\" content=\"conversesacatalunya\" \/>\n<meta name=\"twitter:card\" content=\"summary_large_image\" \/>\n<meta name=\"twitter:label1\" content=\"Escrito por\" \/>\n\t<meta name=\"twitter:data1\" content=\"conversesacatalunya\" \/>\n\t<meta name=\"twitter:label2\" content=\"Tiempo de lectura\" \/>\n\t<meta name=\"twitter:data2\" content=\"2 minutos\" \/>\n<script type=\"application\/ld+json\" class=\"yoast-schema-graph\">{\"@context\":\"https:\/\/schema.org\",\"@graph\":[{\"@type\":\"Article\",\"@id\":\"https:\/\/conversesacatalunya.cat\/es\/la-prevision-economica-de-bruselas-es-mas-mala-noticia-de-lo-que-parece\/#article\",\"isPartOf\":{\"@id\":\"https:\/\/conversesacatalunya.cat\/es\/la-prevision-economica-de-bruselas-es-mas-mala-noticia-de-lo-que-parece\/\"},\"author\":{\"name\":\"conversesacatalunya\",\"@id\":\"https:\/\/conversesacatalunya.cat\/#\/schema\/person\/7e24d1e54a2785373ddcb275eae5ed99\"},\"headline\":\"La previsi\u00f3n econ\u00f3mica de Bruselas es m\u00e1s mala noticia de lo que parece\",\"datePublished\":\"2021-02-12T10:36:26+00:00\",\"dateModified\":\"2021-02-12T12:38:40+00:00\",\"mainEntityOfPage\":{\"@id\":\"https:\/\/conversesacatalunya.cat\/es\/la-prevision-economica-de-bruselas-es-mas-mala-noticia-de-lo-que-parece\/\"},\"wordCount\":323,\"commentCount\":0,\"image\":{\"@id\":\"https:\/\/conversesacatalunya.cat\/es\/la-prevision-economica-de-bruselas-es-mas-mala-noticia-de-lo-que-parece\/#primaryimage\"},\"thumbnailUrl\":\"https:\/\/conversesacatalunya.cat\/wp-content\/uploads\/2021\/02\/Comision-Europea.jpg\",\"keywords\":[\"crisi coronavirus\",\"crisis coronavirus\",\"PIB\"],\"articleSection\":[\"Especial Coronavirus (ES)\",\"Punts clau del dia (ES)\"],\"inLanguage\":\"es\",\"potentialAction\":[{\"@type\":\"CommentAction\",\"name\":\"Comment\",\"target\":[\"https:\/\/conversesacatalunya.cat\/es\/la-prevision-economica-de-bruselas-es-mas-mala-noticia-de-lo-que-parece\/#respond\"]}]},{\"@type\":\"WebPage\",\"@id\":\"https:\/\/conversesacatalunya.cat\/es\/la-prevision-economica-de-bruselas-es-mas-mala-noticia-de-lo-que-parece\/\",\"url\":\"https:\/\/conversesacatalunya.cat\/es\/la-prevision-economica-de-bruselas-es-mas-mala-noticia-de-lo-que-parece\/\",\"name\":\"La previsi\u00f3n econ\u00f3mica de Bruselas es m\u00e1s mala noticia de lo que parece - Converses a Catalunya\",\"isPartOf\":{\"@id\":\"https:\/\/conversesacatalunya.cat\/#website\"},\"primaryImageOfPage\":{\"@id\":\"https:\/\/conversesacatalunya.cat\/es\/la-prevision-economica-de-bruselas-es-mas-mala-noticia-de-lo-que-parece\/#primaryimage\"},\"image\":{\"@id\":\"https:\/\/conversesacatalunya.cat\/es\/la-prevision-economica-de-bruselas-es-mas-mala-noticia-de-lo-que-parece\/#primaryimage\"},\"thumbnailUrl\":\"https:\/\/conversesacatalunya.cat\/wp-content\/uploads\/2021\/02\/Comision-Europea.jpg\",\"datePublished\":\"2021-02-12T10:36:26+00:00\",\"dateModified\":\"2021-02-12T12:38:40+00:00\",\"author\":{\"@id\":\"https:\/\/conversesacatalunya.cat\/#\/schema\/person\/7e24d1e54a2785373ddcb275eae5ed99\"},\"description\":\"Hasta pasado el primer trimestre de 2023 y si todo va bien, no podremos dar por cerrada, a nivel de PIB, la coronacrisis.\",\"breadcrumb\":{\"@id\":\"https:\/\/conversesacatalunya.cat\/es\/la-prevision-economica-de-bruselas-es-mas-mala-noticia-de-lo-que-parece\/#breadcrumb\"},\"inLanguage\":\"es\",\"potentialAction\":[{\"@type\":\"ReadAction\",\"target\":[\"https:\/\/conversesacatalunya.cat\/es\/la-prevision-economica-de-bruselas-es-mas-mala-noticia-de-lo-que-parece\/\"]}]},{\"@type\":\"ImageObject\",\"inLanguage\":\"es\",\"@id\":\"https:\/\/conversesacatalunya.cat\/es\/la-prevision-economica-de-bruselas-es-mas-mala-noticia-de-lo-que-parece\/#primaryimage\",\"url\":\"https:\/\/conversesacatalunya.cat\/wp-content\/uploads\/2021\/02\/Comision-Europea.jpg\",\"contentUrl\":\"https:\/\/conversesacatalunya.cat\/wp-content\/uploads\/2021\/02\/Comision-Europea.jpg\",\"width\":1600,\"height\":900,\"caption\":\"Previsi\u00f3 econ\u00f2mica Brusse.les\"},{\"@type\":\"BreadcrumbList\",\"@id\":\"https:\/\/conversesacatalunya.cat\/es\/la-prevision-economica-de-bruselas-es-mas-mala-noticia-de-lo-que-parece\/#breadcrumb\",\"itemListElement\":[{\"@type\":\"ListItem\",\"position\":1,\"name\":\"Inici\",\"item\":\"https:\/\/conversesacatalunya.cat\/es\/\"},{\"@type\":\"ListItem\",\"position\":2,\"name\":\"La previsi\u00f3n econ\u00f3mica de Bruselas es m\u00e1s mala noticia de lo que parece\"}]},{\"@type\":\"WebSite\",\"@id\":\"https:\/\/conversesacatalunya.cat\/#website\",\"url\":\"https:\/\/conversesacatalunya.cat\/\",\"name\":\"Converses a Catalunya\",\"description\":\"\",\"potentialAction\":[{\"@type\":\"SearchAction\",\"target\":{\"@type\":\"EntryPoint\",\"urlTemplate\":\"https:\/\/conversesacatalunya.cat\/?s={search_term_string}\"},\"query-input\":{\"@type\":\"PropertyValueSpecification\",\"valueRequired\":true,\"valueName\":\"search_term_string\"}}],\"inLanguage\":\"es\"},{\"@type\":\"Person\",\"@id\":\"https:\/\/conversesacatalunya.cat\/#\/schema\/person\/7e24d1e54a2785373ddcb275eae5ed99\",\"name\":\"conversesacatalunya\",\"image\":{\"@type\":\"ImageObject\",\"inLanguage\":\"es\",\"@id\":\"https:\/\/conversesacatalunya.cat\/#\/schema\/person\/image\/\",\"url\":\"https:\/\/conversesacatalunya.cat\/wp-content\/litespeed\/avatar\/febdfeeec89d950f01c748045a981dd2.jpg?ver=1777314535\",\"contentUrl\":\"https:\/\/conversesacatalunya.cat\/wp-content\/litespeed\/avatar\/febdfeeec89d950f01c748045a981dd2.jpg?ver=1777314535\",\"caption\":\"conversesacatalunya\"},\"url\":\"https:\/\/conversesacatalunya.cat\/es\/author\/carme_catala\/\"}]}<\/script>\n<!-- \/ Yoast SEO plugin. -->","yoast_head_json":{"title":"La previsi\u00f3n econ\u00f3mica de Bruselas es m\u00e1s mala noticia de lo que parece - Converses a Catalunya","description":"Hasta pasado el primer trimestre de 2023 y si todo va bien, no podremos dar por cerrada, a nivel de PIB, la coronacrisis.","robots":{"index":"index","follow":"follow","max-snippet":"max-snippet:-1","max-image-preview":"max-image-preview:large","max-video-preview":"max-video-preview:-1"},"canonical":"https:\/\/conversesacatalunya.cat\/es\/la-prevision-economica-de-bruselas-es-mas-mala-noticia-de-lo-que-parece\/","og_locale":"es_ES","og_type":"article","og_title":"La previsi\u00f3n econ\u00f3mica de Bruselas es m\u00e1s mala noticia de lo que parece - Converses a Catalunya","og_description":"Hasta pasado el primer trimestre de 2023 y si todo va bien, no podremos dar por cerrada, a nivel de PIB, la coronacrisis.","og_url":"https:\/\/conversesacatalunya.cat\/es\/la-prevision-economica-de-bruselas-es-mas-mala-noticia-de-lo-que-parece\/","og_site_name":"Converses a Catalunya","article_published_time":"2021-02-12T10:36:26+00:00","article_modified_time":"2021-02-12T12:38:40+00:00","og_image":[{"width":1600,"height":900,"url":"https:\/\/conversesacatalunya.cat\/wp-content\/uploads\/2021\/02\/Comision-Europea.jpg","type":"image\/jpeg"}],"author":"conversesacatalunya","twitter_card":"summary_large_image","twitter_misc":{"Escrito por":"conversesacatalunya","Tiempo de lectura":"2 minutos"},"schema":{"@context":"https:\/\/schema.org","@graph":[{"@type":"Article","@id":"https:\/\/conversesacatalunya.cat\/es\/la-prevision-economica-de-bruselas-es-mas-mala-noticia-de-lo-que-parece\/#article","isPartOf":{"@id":"https:\/\/conversesacatalunya.cat\/es\/la-prevision-economica-de-bruselas-es-mas-mala-noticia-de-lo-que-parece\/"},"author":{"name":"conversesacatalunya","@id":"https:\/\/conversesacatalunya.cat\/#\/schema\/person\/7e24d1e54a2785373ddcb275eae5ed99"},"headline":"La previsi\u00f3n econ\u00f3mica de Bruselas es m\u00e1s mala noticia de lo que parece","datePublished":"2021-02-12T10:36:26+00:00","dateModified":"2021-02-12T12:38:40+00:00","mainEntityOfPage":{"@id":"https:\/\/conversesacatalunya.cat\/es\/la-prevision-economica-de-bruselas-es-mas-mala-noticia-de-lo-que-parece\/"},"wordCount":323,"commentCount":0,"image":{"@id":"https:\/\/conversesacatalunya.cat\/es\/la-prevision-economica-de-bruselas-es-mas-mala-noticia-de-lo-que-parece\/#primaryimage"},"thumbnailUrl":"https:\/\/conversesacatalunya.cat\/wp-content\/uploads\/2021\/02\/Comision-Europea.jpg","keywords":["crisi coronavirus","crisis coronavirus","PIB"],"articleSection":["Especial Coronavirus (ES)","Punts clau del dia (ES)"],"inLanguage":"es","potentialAction":[{"@type":"CommentAction","name":"Comment","target":["https:\/\/conversesacatalunya.cat\/es\/la-prevision-economica-de-bruselas-es-mas-mala-noticia-de-lo-que-parece\/#respond"]}]},{"@type":"WebPage","@id":"https:\/\/conversesacatalunya.cat\/es\/la-prevision-economica-de-bruselas-es-mas-mala-noticia-de-lo-que-parece\/","url":"https:\/\/conversesacatalunya.cat\/es\/la-prevision-economica-de-bruselas-es-mas-mala-noticia-de-lo-que-parece\/","name":"La previsi\u00f3n econ\u00f3mica de Bruselas es m\u00e1s mala noticia de lo que parece - Converses a Catalunya","isPartOf":{"@id":"https:\/\/conversesacatalunya.cat\/#website"},"primaryImageOfPage":{"@id":"https:\/\/conversesacatalunya.cat\/es\/la-prevision-economica-de-bruselas-es-mas-mala-noticia-de-lo-que-parece\/#primaryimage"},"image":{"@id":"https:\/\/conversesacatalunya.cat\/es\/la-prevision-economica-de-bruselas-es-mas-mala-noticia-de-lo-que-parece\/#primaryimage"},"thumbnailUrl":"https:\/\/conversesacatalunya.cat\/wp-content\/uploads\/2021\/02\/Comision-Europea.jpg","datePublished":"2021-02-12T10:36:26+00:00","dateModified":"2021-02-12T12:38:40+00:00","author":{"@id":"https:\/\/conversesacatalunya.cat\/#\/schema\/person\/7e24d1e54a2785373ddcb275eae5ed99"},"description":"Hasta pasado el primer trimestre de 2023 y si todo va bien, no podremos dar por cerrada, a nivel de PIB, la coronacrisis.","breadcrumb":{"@id":"https:\/\/conversesacatalunya.cat\/es\/la-prevision-economica-de-bruselas-es-mas-mala-noticia-de-lo-que-parece\/#breadcrumb"},"inLanguage":"es","potentialAction":[{"@type":"ReadAction","target":["https:\/\/conversesacatalunya.cat\/es\/la-prevision-economica-de-bruselas-es-mas-mala-noticia-de-lo-que-parece\/"]}]},{"@type":"ImageObject","inLanguage":"es","@id":"https:\/\/conversesacatalunya.cat\/es\/la-prevision-economica-de-bruselas-es-mas-mala-noticia-de-lo-que-parece\/#primaryimage","url":"https:\/\/conversesacatalunya.cat\/wp-content\/uploads\/2021\/02\/Comision-Europea.jpg","contentUrl":"https:\/\/conversesacatalunya.cat\/wp-content\/uploads\/2021\/02\/Comision-Europea.jpg","width":1600,"height":900,"caption":"Previsi\u00f3 econ\u00f2mica Brusse.les"},{"@type":"BreadcrumbList","@id":"https:\/\/conversesacatalunya.cat\/es\/la-prevision-economica-de-bruselas-es-mas-mala-noticia-de-lo-que-parece\/#breadcrumb","itemListElement":[{"@type":"ListItem","position":1,"name":"Inici","item":"https:\/\/conversesacatalunya.cat\/es\/"},{"@type":"ListItem","position":2,"name":"La previsi\u00f3n econ\u00f3mica de Bruselas es m\u00e1s mala noticia de lo que parece"}]},{"@type":"WebSite","@id":"https:\/\/conversesacatalunya.cat\/#website","url":"https:\/\/conversesacatalunya.cat\/","name":"Converses a Catalunya","description":"","potentialAction":[{"@type":"SearchAction","target":{"@type":"EntryPoint","urlTemplate":"https:\/\/conversesacatalunya.cat\/?s={search_term_string}"},"query-input":{"@type":"PropertyValueSpecification","valueRequired":true,"valueName":"search_term_string"}}],"inLanguage":"es"},{"@type":"Person","@id":"https:\/\/conversesacatalunya.cat\/#\/schema\/person\/7e24d1e54a2785373ddcb275eae5ed99","name":"conversesacatalunya","image":{"@type":"ImageObject","inLanguage":"es","@id":"https:\/\/conversesacatalunya.cat\/#\/schema\/person\/image\/","url":"https:\/\/conversesacatalunya.cat\/wp-content\/litespeed\/avatar\/febdfeeec89d950f01c748045a981dd2.jpg?ver=1777314535","contentUrl":"https:\/\/conversesacatalunya.cat\/wp-content\/litespeed\/avatar\/febdfeeec89d950f01c748045a981dd2.jpg?ver=1777314535","caption":"conversesacatalunya"},"url":"https:\/\/conversesacatalunya.cat\/es\/author\/carme_catala\/"}]}},"wps_subtitle":"Hasta pasado el primer trimestre de 2023 y si todo va bien, no podremos dar por cerrada, a nivel de PIB, la coronacrisis.","_links":{"self":[{"href":"https:\/\/conversesacatalunya.cat\/es\/wp-json\/wp\/v2\/posts\/45082","targetHints":{"allow":["GET"]}}],"collection":[{"href":"https:\/\/conversesacatalunya.cat\/es\/wp-json\/wp\/v2\/posts"}],"about":[{"href":"https:\/\/conversesacatalunya.cat\/es\/wp-json\/wp\/v2\/types\/post"}],"author":[{"embeddable":true,"href":"https:\/\/conversesacatalunya.cat\/es\/wp-json\/wp\/v2\/users\/2"}],"replies":[{"embeddable":true,"href":"https:\/\/conversesacatalunya.cat\/es\/wp-json\/wp\/v2\/comments?post=45082"}],"version-history":[{"count":2,"href":"https:\/\/conversesacatalunya.cat\/es\/wp-json\/wp\/v2\/posts\/45082\/revisions"}],"predecessor-version":[{"id":45084,"href":"https:\/\/conversesacatalunya.cat\/es\/wp-json\/wp\/v2\/posts\/45082\/revisions\/45084"}],"wp:featuredmedia":[{"embeddable":true,"href":"https:\/\/conversesacatalunya.cat\/es\/wp-json\/wp\/v2\/media\/45049"}],"wp:attachment":[{"href":"https:\/\/conversesacatalunya.cat\/es\/wp-json\/wp\/v2\/media?parent=45082"}],"wp:term":[{"taxonomy":"category","embeddable":true,"href":"https:\/\/conversesacatalunya.cat\/es\/wp-json\/wp\/v2\/categories?post=45082"},{"taxonomy":"post_tag","embeddable":true,"href":"https:\/\/conversesacatalunya.cat\/es\/wp-json\/wp\/v2\/tags?post=45082"}],"curies":[{"name":"wp","href":"https:\/\/api.w.org\/{rel}","templated":true}]}}