{"id":45073,"date":"2021-02-12T12:22:55","date_gmt":"2021-02-12T11:22:55","guid":{"rendered":"https:\/\/conversesacatalunya.cat\/per-que-es-tan-dificil-que-salvem-economicament-lestiu\/"},"modified":"2021-02-12T13:15:48","modified_gmt":"2021-02-12T12:15:48","slug":"por-que-es-tan-dificil-que-salvamos-economicamente-el-verano","status":"publish","type":"post","link":"https:\/\/conversesacatalunya.cat\/es\/por-que-es-tan-dificil-que-salvamos-economicamente-el-verano\/","title":{"rendered":"\u00bfPor qu\u00e9 es tan dif\u00edcil que salvamos econ\u00f3micamente el verano?"},"content":{"rendered":"<p><span>Illa lo ha vuelto a reiterar, el <\/span><strong><span>70% de<\/span><\/strong><span>\u00a0la poblaci\u00f3n estar\u00e1 vacunada en verano.\u00a0Entendamos bien la expresi\u00f3n, no significa el comienzo del verano, en el mes de junio, sino el 30 de agosto cuando la temporada estar\u00e1 liquidada.<\/span><\/p>\n<p><span>En realidad a principios de junio, si se cumpliera la previsi\u00f3n del 70%, como mucho se habr\u00eda <\/span><strong><span>vacunado el 45% de la poblaci\u00f3n, y por tanto estar\u00edamos todav\u00eda lejos de la<\/span><\/strong><span>\u00a0inmunidad de grupo.\u00a0Har\u00eda falta 3 meses m\u00e1s para alcanzarla, los de verano.\u00a0Este hecho ya nos dice que incluso con la previsi\u00f3n oficial, las vacaciones no se podr\u00e1n normalizar por completo, aunque las condiciones ser\u00edan claramente mejores que las actuales.<\/span><\/p>\n<p><span>Pero es que el problema real radica en que\u00a0<\/span><strong><span>se alcance el ritmo de vacunaci\u00f3n<\/span><\/strong><span> para cumplir con las cifras apuntadas m\u00e1s arriba. Para que fuera as\u00ed se habr\u00edan de aplicar 55.000 vacunas al d\u00eda, 7 d\u00edas a la semana, sin ning\u00fan festivo. Y esto, adem\u00e1s, considerando que una parte de estas vacunas, digamos una tercera parte, ser\u00e1n de una sola dosis. Haci\u00e9ndolo as\u00ed podr\u00eda alcanzar la cifra objetivo del 70% de poblaci\u00f3n en 200 d\u00edas a contar desde el 12 de febrero.<\/span><\/p>\n<p><span>Pero no est\u00e1 demostrada la capacidad de realizar ese elevado n\u00famero de vacunaciones diarias. Las puntas m\u00e1ximas que se han alcanzado est\u00e1n alrededor o sobrepasan <\/span><strong><span>por poco las 30.000<\/span><\/strong><span>. Todo ello con un hecho agravante. Cada dos d\u00edas que pasan desde la fecha de 12 de febrero se dejan de vacunar <\/span><strong><span>110.000 dosis,<\/span><\/strong><span> de las que hay que restar las que realmente se han inyectado. Y con las cifras actuales esto significa que cada 3 d\u00edas de retraso (por lo tanto, el pr\u00f3ximo lunes) <\/span><strong><span>ya se habr\u00e1n perdido 2 d\u00edas<\/span><\/strong><span>, que habr\u00e1 que ir a\u00f1adiendo al 30 de agosto, o incrementar a\u00fan m\u00e1s las 55.000 dosis diarias.<\/span><\/p>\n<p><span>Dado que a\u00fan no ha comenzado la vacunaci\u00f3n general y que se est\u00e1n haciendo los grupos m\u00e1s localizables, que no requieren una log\u00edstica compleja, es notorio pensar que, o bien la Generalitat hace un esfuerzo extraordinario, o la vacunaci\u00f3n no habr\u00e1 alcanzado la cifra que promete Illa ni de lejos.<\/span><\/p>\n<div id=\"polls-91\" class=\"wp-polls\">\n\t<form id=\"polls_form_91\" class=\"wp-polls-form\" action=\"\/index.php\" method=\"post\">\n\t\t<p style=\"display: none;\"><input type=\"hidden\" id=\"poll_91_nonce\" name=\"wp-polls-nonce\" value=\"b280b8b855\" \/><\/p>\n\t\t<p style=\"display: none;\"><input type=\"hidden\" name=\"poll_id\" value=\"91\" \/><\/p>\n\t\t<p style=\"text-align: center\"><strong>Creus que Salvador Illa quedar\u00e0 primer a les eleccions del 14 de febrer?<\/strong><\/p><div id=\"polls-91-ans\" class=\"wp-polls-ans\"><ul class=\"wp-polls-ul\">\n\t\t<li><input type=\"radio\" id=\"poll-answer-210\" name=\"poll_91\" value=\"210\" \/> <label for=\"poll-answer-210\">Si<\/label><\/li>\n\t\t<li><input type=\"radio\" id=\"poll-answer-211\" name=\"poll_91\" value=\"211\" \/> <label for=\"poll-answer-211\">No<\/label><\/li>\n\t\t<li><input type=\"radio\" id=\"poll-answer-212\" name=\"poll_91\" value=\"212\" \/> <label for=\"poll-answer-212\">No ho s\u00e9<\/label><\/li>\n\t\t<\/ul><p style=\"text-align: center\"><input type=\"button\" name=\"vote\" value=\"   Vota   \" class=\"Buttons\" onclick=\"poll_vote(91);\" \/><\/p><p style=\"text-align: center\"><a href=\"#ViewPollResults\" onclick=\"poll_result(91); return false;\" title=\"View Results Of This Poll\">Mira els resultats<\/a><\/p><\/div>\n\t<\/form>\n<\/div>\n<div id=\"polls-91-loading\" class=\"wp-polls-loading\"><img decoding=\"async\" data-src=\"https:\/\/conversesacatalunya.cat\/wp-content\/plugins\/wp-polls\/images\/loading.gif\" width=\"16\" height=\"16\" alt=\"Cargando ...\" title=\"Cargando ...\" class=\"wp-polls-image lazyload\" src=\"data:image\/svg+xml;base64,PHN2ZyB3aWR0aD0iMSIgaGVpZ2h0PSIxIiB4bWxucz0iaHR0cDovL3d3dy53My5vcmcvMjAwMC9zdmciPjwvc3ZnPg==\" style=\"--smush-placeholder-width: 16px; --smush-placeholder-aspect-ratio: 16\/16;\" \/>&nbsp;Cargando ...<\/div>\n\n","protected":false},"excerpt":{"rendered":"<p>Illa lo ha vuelto a reiterar, el 70% de\u00a0la poblaci\u00f3n estar\u00e1 vacunada en verano.\u00a0Entendamos bien la expresi\u00f3n, no significa el comienzo del verano, en el mes de junio, sino el 30 de agosto cuando la temporada estar\u00e1 liquidada. En realidad a principios de junio, si se cumpliera la previsi\u00f3n del 70%, como mucho se habr\u00eda vacunado el 45% de la poblaci\u00f3n, y por tanto estar\u00edamos todav\u00eda lejos de la\u00a0inmunidad de grupo.\u00a0Har\u00eda falta 3 meses m\u00e1s para alcanzarla, los de verano.\u00a0Este hecho ya nos dice que incluso con la previsi\u00f3n oficial, las vacaciones no se podr\u00e1n normalizar por completo, aunque las condiciones ser\u00edan claramente mejores que las actuales. Pero es que el problema real radica en que\u00a0se alcance el ritmo de vacunaci\u00f3n para cumplir con las cifras apuntadas m\u00e1s arriba. Para que fuera as\u00ed se habr\u00edan de aplicar 55.000 vacunas al d\u00eda, 7 d\u00edas a la semana, sin ning\u00fan festivo. Y esto, adem\u00e1s, considerando que una parte de estas vacunas, digamos una tercera parte, ser\u00e1n de una sola dosis. Haci\u00e9ndolo as\u00ed podr\u00eda alcanzar la cifra objetivo del 70% de poblaci\u00f3n en 200 d\u00edas a contar desde el 12 de febrero. Pero no est\u00e1 demostrada la capacidad de realizar ese elevado n\u00famero de vacunaciones diarias. Las puntas m\u00e1ximas que se han alcanzado est\u00e1n alrededor o sobrepasan por poco las 30.000. Todo ello con un hecho agravante. Cada dos d\u00edas que pasan desde la fecha de 12 de febrero se dejan de vacunar 110.000 dosis, de las que hay que restar las que realmente se han inyectado. Y con las cifras actuales esto significa que cada 3 d\u00edas de retraso (por lo tanto, el pr\u00f3ximo lunes) ya se habr\u00e1n perdido 2 d\u00edas, que habr\u00e1 que ir a\u00f1adiendo al 30 de agosto, o incrementar a\u00fan m\u00e1s las 55.000 dosis diarias. Dado que a\u00fan no ha comenzado la vacunaci\u00f3n general y que se est\u00e1n haciendo los grupos m\u00e1s localizables, que no requieren una log\u00edstica compleja, es notorio pensar que, o bien la Generalitat hace un esfuerzo extraordinario, o la vacunaci\u00f3n no habr\u00e1 alcanzado la cifra que promete Illa ni de lejos.<\/p>\n","protected":false},"author":2,"featured_media":45058,"comment_status":"open","ping_status":"open","sticky":false,"template":"","format":"standard","meta":{"_FSMCFIC_featured_image_caption":"","_FSMCFIC_featured_image_nocaption":"","_FSMCFIC_featured_image_hide":"","footnotes":""},"categories":[1772,806],"tags":[3317],"class_list":["post-45073","post","type-post","status-publish","format-standard","has-post-thumbnail","hentry","category-especial-coronavirus-es","category-punts-claus-del-dia-es","tag-vacuna-covid-es"],"yoast_head":"<!-- This site is optimized with the Yoast SEO plugin v26.8 - https:\/\/yoast.com\/product\/yoast-seo-wordpress\/ -->\n<title>\u00bfPor qu\u00e9 es tan dif\u00edcil que salvamos econ\u00f3micamente el verano? - Converses a Catalunya<\/title>\n<meta name=\"description\" content=\"O bien la Generalitat hace un esfuerzo extraordinario, o la vacunaci\u00f3n no habr\u00e1 alcanzado la cifra que promete Illa ni de lejos..\" \/>\n<meta name=\"robots\" content=\"index, follow, max-snippet:-1, max-image-preview:large, max-video-preview:-1\" \/>\n<link rel=\"canonical\" href=\"https:\/\/conversesacatalunya.cat\/es\/por-que-es-tan-dificil-que-salvamos-economicamente-el-verano\/\" \/>\n<meta property=\"og:locale\" content=\"es_ES\" \/>\n<meta property=\"og:type\" content=\"article\" \/>\n<meta property=\"og:title\" content=\"\u00bfPor qu\u00e9 es tan dif\u00edcil que salvamos econ\u00f3micamente el verano? - Converses a Catalunya\" \/>\n<meta property=\"og:description\" content=\"O bien la Generalitat hace un esfuerzo extraordinario, o la vacunaci\u00f3n no habr\u00e1 alcanzado la cifra que promete Illa ni de lejos..\" \/>\n<meta property=\"og:url\" content=\"https:\/\/conversesacatalunya.cat\/es\/por-que-es-tan-dificil-que-salvamos-economicamente-el-verano\/\" \/>\n<meta property=\"og:site_name\" content=\"Converses a Catalunya\" \/>\n<meta property=\"article:published_time\" content=\"2021-02-12T11:22:55+00:00\" \/>\n<meta property=\"article:modified_time\" content=\"2021-02-12T12:15:48+00:00\" \/>\n<meta property=\"og:image\" content=\"https:\/\/conversesacatalunya.cat\/wp-content\/uploads\/2021\/02\/frasco-vacuna-jeringa_23-2148541621.jpg\" \/>\n\t<meta property=\"og:image:width\" content=\"626\" \/>\n\t<meta property=\"og:image:height\" content=\"375\" \/>\n\t<meta property=\"og:image:type\" content=\"image\/jpeg\" \/>\n<meta name=\"author\" content=\"conversesacatalunya\" \/>\n<meta name=\"twitter:card\" content=\"summary_large_image\" \/>\n<meta name=\"twitter:label1\" content=\"Escrito por\" \/>\n\t<meta name=\"twitter:data1\" content=\"conversesacatalunya\" \/>\n\t<meta name=\"twitter:label2\" content=\"Tiempo de lectura\" \/>\n\t<meta name=\"twitter:data2\" content=\"2 minutos\" \/>\n<script type=\"application\/ld+json\" class=\"yoast-schema-graph\">{\"@context\":\"https:\/\/schema.org\",\"@graph\":[{\"@type\":\"Article\",\"@id\":\"https:\/\/conversesacatalunya.cat\/es\/por-que-es-tan-dificil-que-salvamos-economicamente-el-verano\/#article\",\"isPartOf\":{\"@id\":\"https:\/\/conversesacatalunya.cat\/es\/por-que-es-tan-dificil-que-salvamos-economicamente-el-verano\/\"},\"author\":{\"name\":\"conversesacatalunya\",\"@id\":\"https:\/\/conversesacatalunya.cat\/#\/schema\/person\/7e24d1e54a2785373ddcb275eae5ed99\"},\"headline\":\"\u00bfPor qu\u00e9 es tan dif\u00edcil que salvamos econ\u00f3micamente el verano?\",\"datePublished\":\"2021-02-12T11:22:55+00:00\",\"dateModified\":\"2021-02-12T12:15:48+00:00\",\"mainEntityOfPage\":{\"@id\":\"https:\/\/conversesacatalunya.cat\/es\/por-que-es-tan-dificil-que-salvamos-economicamente-el-verano\/\"},\"wordCount\":390,\"commentCount\":0,\"image\":{\"@id\":\"https:\/\/conversesacatalunya.cat\/es\/por-que-es-tan-dificil-que-salvamos-economicamente-el-verano\/#primaryimage\"},\"thumbnailUrl\":\"https:\/\/conversesacatalunya.cat\/wp-content\/uploads\/2021\/02\/frasco-vacuna-jeringa_23-2148541621.jpg\",\"keywords\":[\"vacuna covid\"],\"articleSection\":[\"Especial Coronavirus (ES)\",\"Punts clau del dia (ES)\"],\"inLanguage\":\"es\",\"potentialAction\":[{\"@type\":\"CommentAction\",\"name\":\"Comment\",\"target\":[\"https:\/\/conversesacatalunya.cat\/es\/por-que-es-tan-dificil-que-salvamos-economicamente-el-verano\/#respond\"]}]},{\"@type\":\"WebPage\",\"@id\":\"https:\/\/conversesacatalunya.cat\/es\/por-que-es-tan-dificil-que-salvamos-economicamente-el-verano\/\",\"url\":\"https:\/\/conversesacatalunya.cat\/es\/por-que-es-tan-dificil-que-salvamos-economicamente-el-verano\/\",\"name\":\"\u00bfPor qu\u00e9 es tan dif\u00edcil que salvamos econ\u00f3micamente el verano? - Converses a Catalunya\",\"isPartOf\":{\"@id\":\"https:\/\/conversesacatalunya.cat\/#website\"},\"primaryImageOfPage\":{\"@id\":\"https:\/\/conversesacatalunya.cat\/es\/por-que-es-tan-dificil-que-salvamos-economicamente-el-verano\/#primaryimage\"},\"image\":{\"@id\":\"https:\/\/conversesacatalunya.cat\/es\/por-que-es-tan-dificil-que-salvamos-economicamente-el-verano\/#primaryimage\"},\"thumbnailUrl\":\"https:\/\/conversesacatalunya.cat\/wp-content\/uploads\/2021\/02\/frasco-vacuna-jeringa_23-2148541621.jpg\",\"datePublished\":\"2021-02-12T11:22:55+00:00\",\"dateModified\":\"2021-02-12T12:15:48+00:00\",\"author\":{\"@id\":\"https:\/\/conversesacatalunya.cat\/#\/schema\/person\/7e24d1e54a2785373ddcb275eae5ed99\"},\"description\":\"O bien la Generalitat hace un esfuerzo extraordinario, o la vacunaci\u00f3n no habr\u00e1 alcanzado la cifra que promete Illa ni de lejos..\",\"breadcrumb\":{\"@id\":\"https:\/\/conversesacatalunya.cat\/es\/por-que-es-tan-dificil-que-salvamos-economicamente-el-verano\/#breadcrumb\"},\"inLanguage\":\"es\",\"potentialAction\":[{\"@type\":\"ReadAction\",\"target\":[\"https:\/\/conversesacatalunya.cat\/es\/por-que-es-tan-dificil-que-salvamos-economicamente-el-verano\/\"]}]},{\"@type\":\"ImageObject\",\"inLanguage\":\"es\",\"@id\":\"https:\/\/conversesacatalunya.cat\/es\/por-que-es-tan-dificil-que-salvamos-economicamente-el-verano\/#primaryimage\",\"url\":\"https:\/\/conversesacatalunya.cat\/wp-content\/uploads\/2021\/02\/frasco-vacuna-jeringa_23-2148541621.jpg\",\"contentUrl\":\"https:\/\/conversesacatalunya.cat\/wp-content\/uploads\/2021\/02\/frasco-vacuna-jeringa_23-2148541621.jpg\",\"width\":626,\"height\":375},{\"@type\":\"BreadcrumbList\",\"@id\":\"https:\/\/conversesacatalunya.cat\/es\/por-que-es-tan-dificil-que-salvamos-economicamente-el-verano\/#breadcrumb\",\"itemListElement\":[{\"@type\":\"ListItem\",\"position\":1,\"name\":\"Inici\",\"item\":\"https:\/\/conversesacatalunya.cat\/es\/\"},{\"@type\":\"ListItem\",\"position\":2,\"name\":\"\u00bfPor qu\u00e9 es tan dif\u00edcil que salvamos econ\u00f3micamente el verano?\"}]},{\"@type\":\"WebSite\",\"@id\":\"https:\/\/conversesacatalunya.cat\/#website\",\"url\":\"https:\/\/conversesacatalunya.cat\/\",\"name\":\"Converses a Catalunya\",\"description\":\"\",\"potentialAction\":[{\"@type\":\"SearchAction\",\"target\":{\"@type\":\"EntryPoint\",\"urlTemplate\":\"https:\/\/conversesacatalunya.cat\/?s={search_term_string}\"},\"query-input\":{\"@type\":\"PropertyValueSpecification\",\"valueRequired\":true,\"valueName\":\"search_term_string\"}}],\"inLanguage\":\"es\"},{\"@type\":\"Person\",\"@id\":\"https:\/\/conversesacatalunya.cat\/#\/schema\/person\/7e24d1e54a2785373ddcb275eae5ed99\",\"name\":\"conversesacatalunya\",\"image\":{\"@type\":\"ImageObject\",\"inLanguage\":\"es\",\"@id\":\"https:\/\/conversesacatalunya.cat\/#\/schema\/person\/image\/\",\"url\":\"https:\/\/conversesacatalunya.cat\/wp-content\/litespeed\/avatar\/febdfeeec89d950f01c748045a981dd2.jpg?ver=1777314535\",\"contentUrl\":\"https:\/\/conversesacatalunya.cat\/wp-content\/litespeed\/avatar\/febdfeeec89d950f01c748045a981dd2.jpg?ver=1777314535\",\"caption\":\"conversesacatalunya\"},\"url\":\"https:\/\/conversesacatalunya.cat\/es\/author\/carme_catala\/\"}]}<\/script>\n<!-- \/ Yoast SEO plugin. -->","yoast_head_json":{"title":"\u00bfPor qu\u00e9 es tan dif\u00edcil que salvamos econ\u00f3micamente el verano? - Converses a Catalunya","description":"O bien la Generalitat hace un esfuerzo extraordinario, o la vacunaci\u00f3n no habr\u00e1 alcanzado la cifra que promete Illa ni de lejos..","robots":{"index":"index","follow":"follow","max-snippet":"max-snippet:-1","max-image-preview":"max-image-preview:large","max-video-preview":"max-video-preview:-1"},"canonical":"https:\/\/conversesacatalunya.cat\/es\/por-que-es-tan-dificil-que-salvamos-economicamente-el-verano\/","og_locale":"es_ES","og_type":"article","og_title":"\u00bfPor qu\u00e9 es tan dif\u00edcil que salvamos econ\u00f3micamente el verano? - Converses a Catalunya","og_description":"O bien la Generalitat hace un esfuerzo extraordinario, o la vacunaci\u00f3n no habr\u00e1 alcanzado la cifra que promete Illa ni de lejos..","og_url":"https:\/\/conversesacatalunya.cat\/es\/por-que-es-tan-dificil-que-salvamos-economicamente-el-verano\/","og_site_name":"Converses a Catalunya","article_published_time":"2021-02-12T11:22:55+00:00","article_modified_time":"2021-02-12T12:15:48+00:00","og_image":[{"width":626,"height":375,"url":"https:\/\/conversesacatalunya.cat\/wp-content\/uploads\/2021\/02\/frasco-vacuna-jeringa_23-2148541621.jpg","type":"image\/jpeg"}],"author":"conversesacatalunya","twitter_card":"summary_large_image","twitter_misc":{"Escrito por":"conversesacatalunya","Tiempo de lectura":"2 minutos"},"schema":{"@context":"https:\/\/schema.org","@graph":[{"@type":"Article","@id":"https:\/\/conversesacatalunya.cat\/es\/por-que-es-tan-dificil-que-salvamos-economicamente-el-verano\/#article","isPartOf":{"@id":"https:\/\/conversesacatalunya.cat\/es\/por-que-es-tan-dificil-que-salvamos-economicamente-el-verano\/"},"author":{"name":"conversesacatalunya","@id":"https:\/\/conversesacatalunya.cat\/#\/schema\/person\/7e24d1e54a2785373ddcb275eae5ed99"},"headline":"\u00bfPor qu\u00e9 es tan dif\u00edcil que salvamos econ\u00f3micamente el verano?","datePublished":"2021-02-12T11:22:55+00:00","dateModified":"2021-02-12T12:15:48+00:00","mainEntityOfPage":{"@id":"https:\/\/conversesacatalunya.cat\/es\/por-que-es-tan-dificil-que-salvamos-economicamente-el-verano\/"},"wordCount":390,"commentCount":0,"image":{"@id":"https:\/\/conversesacatalunya.cat\/es\/por-que-es-tan-dificil-que-salvamos-economicamente-el-verano\/#primaryimage"},"thumbnailUrl":"https:\/\/conversesacatalunya.cat\/wp-content\/uploads\/2021\/02\/frasco-vacuna-jeringa_23-2148541621.jpg","keywords":["vacuna covid"],"articleSection":["Especial Coronavirus (ES)","Punts clau del dia (ES)"],"inLanguage":"es","potentialAction":[{"@type":"CommentAction","name":"Comment","target":["https:\/\/conversesacatalunya.cat\/es\/por-que-es-tan-dificil-que-salvamos-economicamente-el-verano\/#respond"]}]},{"@type":"WebPage","@id":"https:\/\/conversesacatalunya.cat\/es\/por-que-es-tan-dificil-que-salvamos-economicamente-el-verano\/","url":"https:\/\/conversesacatalunya.cat\/es\/por-que-es-tan-dificil-que-salvamos-economicamente-el-verano\/","name":"\u00bfPor qu\u00e9 es tan dif\u00edcil que salvamos econ\u00f3micamente el verano? - Converses a Catalunya","isPartOf":{"@id":"https:\/\/conversesacatalunya.cat\/#website"},"primaryImageOfPage":{"@id":"https:\/\/conversesacatalunya.cat\/es\/por-que-es-tan-dificil-que-salvamos-economicamente-el-verano\/#primaryimage"},"image":{"@id":"https:\/\/conversesacatalunya.cat\/es\/por-que-es-tan-dificil-que-salvamos-economicamente-el-verano\/#primaryimage"},"thumbnailUrl":"https:\/\/conversesacatalunya.cat\/wp-content\/uploads\/2021\/02\/frasco-vacuna-jeringa_23-2148541621.jpg","datePublished":"2021-02-12T11:22:55+00:00","dateModified":"2021-02-12T12:15:48+00:00","author":{"@id":"https:\/\/conversesacatalunya.cat\/#\/schema\/person\/7e24d1e54a2785373ddcb275eae5ed99"},"description":"O bien la Generalitat hace un esfuerzo extraordinario, o la vacunaci\u00f3n no habr\u00e1 alcanzado la cifra que promete Illa ni de lejos..","breadcrumb":{"@id":"https:\/\/conversesacatalunya.cat\/es\/por-que-es-tan-dificil-que-salvamos-economicamente-el-verano\/#breadcrumb"},"inLanguage":"es","potentialAction":[{"@type":"ReadAction","target":["https:\/\/conversesacatalunya.cat\/es\/por-que-es-tan-dificil-que-salvamos-economicamente-el-verano\/"]}]},{"@type":"ImageObject","inLanguage":"es","@id":"https:\/\/conversesacatalunya.cat\/es\/por-que-es-tan-dificil-que-salvamos-economicamente-el-verano\/#primaryimage","url":"https:\/\/conversesacatalunya.cat\/wp-content\/uploads\/2021\/02\/frasco-vacuna-jeringa_23-2148541621.jpg","contentUrl":"https:\/\/conversesacatalunya.cat\/wp-content\/uploads\/2021\/02\/frasco-vacuna-jeringa_23-2148541621.jpg","width":626,"height":375},{"@type":"BreadcrumbList","@id":"https:\/\/conversesacatalunya.cat\/es\/por-que-es-tan-dificil-que-salvamos-economicamente-el-verano\/#breadcrumb","itemListElement":[{"@type":"ListItem","position":1,"name":"Inici","item":"https:\/\/conversesacatalunya.cat\/es\/"},{"@type":"ListItem","position":2,"name":"\u00bfPor qu\u00e9 es tan dif\u00edcil que salvamos econ\u00f3micamente el verano?"}]},{"@type":"WebSite","@id":"https:\/\/conversesacatalunya.cat\/#website","url":"https:\/\/conversesacatalunya.cat\/","name":"Converses a Catalunya","description":"","potentialAction":[{"@type":"SearchAction","target":{"@type":"EntryPoint","urlTemplate":"https:\/\/conversesacatalunya.cat\/?s={search_term_string}"},"query-input":{"@type":"PropertyValueSpecification","valueRequired":true,"valueName":"search_term_string"}}],"inLanguage":"es"},{"@type":"Person","@id":"https:\/\/conversesacatalunya.cat\/#\/schema\/person\/7e24d1e54a2785373ddcb275eae5ed99","name":"conversesacatalunya","image":{"@type":"ImageObject","inLanguage":"es","@id":"https:\/\/conversesacatalunya.cat\/#\/schema\/person\/image\/","url":"https:\/\/conversesacatalunya.cat\/wp-content\/litespeed\/avatar\/febdfeeec89d950f01c748045a981dd2.jpg?ver=1777314535","contentUrl":"https:\/\/conversesacatalunya.cat\/wp-content\/litespeed\/avatar\/febdfeeec89d950f01c748045a981dd2.jpg?ver=1777314535","caption":"conversesacatalunya"},"url":"https:\/\/conversesacatalunya.cat\/es\/author\/carme_catala\/"}]}},"wps_subtitle":"Es notorio pensar que, o bien la Generalitat hace un esfuerzo extraordinario, o la vacunaci\u00f3n no habr\u00e1 alcanzado la cifra que promete Illa ni de lejos.","_links":{"self":[{"href":"https:\/\/conversesacatalunya.cat\/es\/wp-json\/wp\/v2\/posts\/45073","targetHints":{"allow":["GET"]}}],"collection":[{"href":"https:\/\/conversesacatalunya.cat\/es\/wp-json\/wp\/v2\/posts"}],"about":[{"href":"https:\/\/conversesacatalunya.cat\/es\/wp-json\/wp\/v2\/types\/post"}],"author":[{"embeddable":true,"href":"https:\/\/conversesacatalunya.cat\/es\/wp-json\/wp\/v2\/users\/2"}],"replies":[{"embeddable":true,"href":"https:\/\/conversesacatalunya.cat\/es\/wp-json\/wp\/v2\/comments?post=45073"}],"version-history":[{"count":2,"href":"https:\/\/conversesacatalunya.cat\/es\/wp-json\/wp\/v2\/posts\/45073\/revisions"}],"predecessor-version":[{"id":45075,"href":"https:\/\/conversesacatalunya.cat\/es\/wp-json\/wp\/v2\/posts\/45073\/revisions\/45075"}],"wp:featuredmedia":[{"embeddable":true,"href":"https:\/\/conversesacatalunya.cat\/es\/wp-json\/wp\/v2\/media\/45058"}],"wp:attachment":[{"href":"https:\/\/conversesacatalunya.cat\/es\/wp-json\/wp\/v2\/media?parent=45073"}],"wp:term":[{"taxonomy":"category","embeddable":true,"href":"https:\/\/conversesacatalunya.cat\/es\/wp-json\/wp\/v2\/categories?post=45073"},{"taxonomy":"post_tag","embeddable":true,"href":"https:\/\/conversesacatalunya.cat\/es\/wp-json\/wp\/v2\/tags?post=45073"}],"curies":[{"name":"wp","href":"https:\/\/api.w.org\/{rel}","templated":true}]}}