{"id":44935,"date":"2021-02-09T13:22:26","date_gmt":"2021-02-09T12:22:26","guid":{"rendered":"https:\/\/conversesacatalunya.cat\/aguantara-fins-diumenge-efecte-illa\/"},"modified":"2021-02-09T15:18:45","modified_gmt":"2021-02-09T14:18:45","slug":"aguantara-fins-diumenge-efecte-illa","status":"publish","type":"post","link":"https:\/\/conversesacatalunya.cat\/es\/aguantara-fins-diumenge-efecte-illa\/","title":{"rendered":"\u00bfAguantar\u00e1 hasta el domingo el efecto Illa?"},"content":{"rendered":"<p><span><span class=\"\">Es incuestionable que Salvador Illa ha representado una fuerte inyecci\u00f3n a las perspectivas electorales del PSC. <\/span>Uno se puede preguntar, si no es un af\u00edn al partido socialista o apuesta por Illa con la misma esperanza que en 2017 apost\u00f3 por arrimada, \u00bfc\u00f3mo es posible que el ministro de Sanidad del gobierno espa\u00f1ol sea en plena pandemia un buen candidato?<\/span><\/p>\n<p><strong><span>No pocos medios internacionales lo observan con sorpresa<\/span><\/strong><span>, porque en definitiva Espa\u00f1a ha sido el pa\u00eds con peor comportamiento sanitario en la primera ola, y es\u00a0<\/span><strong><span>uno de los tres peores<\/span><\/strong><span>\u00a0en esta segunda, considerando que los otros dos tienen sistemas de salud menos desarrollado, porque son Portugal y Chequia.\u00a0Adem\u00e1s, es el pa\u00eds que ha registrado el impacto econ\u00f3mico negativo mayor debido a las restricciones m\u00e1s intensas.<\/span><\/p>\n<p><span>La respuesta al interrogante quiz\u00e1s la podemos encontrar en el manual del marketing electoral, que en su punto n\u00famero 1 dice que el candidato ha\u00a0<\/span><strong><span>de superar claramente el 75% del reconocimiento por parte del electorado<\/span><\/strong><span> y, a ser posible, del 80% hacia arriba, por la sencilla raz\u00f3n de que s\u00f3lo se puede votar por aquello que se conoce. Y si esta cifra es muy peque\u00f1a, autom\u00e1ticamente el n\u00famero de electores potenciales se reduce en la misma proporci\u00f3n.<\/span><\/p>\n<p><span>De acuerdo con este criterio, hay que decir que la casi totalidad de candidatos tienen niveles de notoriedad muy peque\u00f1os. Los n\u00fameros 1 de las fuerzas mayoritarias del independentismo, Pere Aragon\u00e9s y Laura Borr\u00e0s, apenas se sit\u00faan en el l\u00edmite del 75%. Y a partir de aqu\u00ed comienza el drama. \u00c0ngels Chac\u00f3n llega al 65%, a pesar de los a\u00f1os en la conselleria. Carrizosa, a pesar de ser el portavoz de Cs en el Parlamento durante estos 3 \u00faltimos a\u00f1os, s\u00f3lo alcanza el 61%. Alejandro Fern\u00e1ndez, l\u00edder de los populares, alcanza el 42%. A Jessica Albiach, que ha sido tambi\u00e9n la portavoz de los Comuns, s\u00f3lo la conoce el 45%. Mientras que a Dolores Sabater lo hace el 58%.<\/span><\/p>\n<p><span>Como se puede ver, con todo esto no se puede ir muy lejos. Sobre todo los de la parte baja del ranking de conocimiento, y los de la parte alta tienen claramente un problema para rascar m\u00e1s votos.\u00a0<\/span><strong><span>En este entorno destaca Illa<\/span><\/strong><span>, que tiene un grado de conocimiento perfecto, <strong>e<\/strong><\/span><strong><span>l 91,5%.<\/span><\/strong><span> Es decir, casi todos los electores saben qui\u00e9n es. Con este margen tan amplio es posible obtener una buena rentabilidad electoral, pese a que su valoraci\u00f3n sea muy discreta, un 4,2 sobre 10. Por lo tanto, un suspenso alto, pero suspenso, entre los electores, y un 6,5 entre los propios votantes.<\/span><\/p>\n<p><span>En relaci\u00f3n con esta \u00faltima valoraci\u00f3n, la de los que te votan, s\u00f3lo Jessica Albiach con un 6,2 y Ignacio Garriga de Vox con un 4,9,\u00a0<\/span><strong><span>obtienen peor resultado que Illa<\/span><\/strong><span> . Este \u00faltimo hecho hace que sea m\u00e1s sensible que otros l\u00edderes a variaciones en la campa\u00f1a, y es posible que esta \u00faltima semana le pase factura. Por ejemplo, el error que cometi\u00f3 proponiendo una <\/span><strong><span>agencia de salud p\u00fablica para Catalu\u00f1a<\/span><\/strong><span>\u00a0cuando esta entidad ya existe, viniendo, adem\u00e1s, de quien ha sido ministro de Sanidad, ha hecho levantar las cejas a m\u00e1s de un posible elector.<\/span><\/p>\n<p><span>Para reforzarlo, el PSC quema ya los \u00faltimos cartuchos, como sacar una lista de cristianos que apoyan Illa, tal <\/span><strong><span>como titulaba La Vanguardia<\/span><\/strong><span>. Cuando los socialistas sacan a los cristianos a circular es que no acaban de redondear el resultado. En realidad, y esto lo obviaba La Vanguardia, se trata de una lista de afiliados al PSC que adem\u00e1s se califican de cristianos. Por lo tanto, es un apoyo desde el propio aparato del partido. Pero todo puede sumar y no es cuesti\u00f3n de dejar pasar ning\u00fan voto.<\/span><\/p>\n<p><span>El PSC, por cierto, ha liquidado el partido de Units de la lista, que ha pasado de ser una coalici\u00f3n expl\u00edcita con el PSC, como era en 2017, a una lista exclusiva del PSC-PSOE con algunas incorporaciones de militantes de Units pero no como tales, sino como simples independientes, entre los que destaca Ramon Espadaler, en el n\u00famero tres por Barcelona, \u200b\u200by uno de los pocos esca\u00f1os seguros que puede alcanzar Units. La contrapartida de la p\u00e9rdida de rango de este partido tendr\u00e1 consecuencias legales en las pr\u00f3ximas elecciones, dado que ya no ser\u00e1, a efectos de derechos electorales, un partido que haya concurrido a elecciones.<\/span><\/p>\n<span class='bctt-click-to-tweet'><span class='bctt-ctt-text'><a href='https:\/\/twitter.com\/intent\/tweet?url=https%3A%2F%2Fconversesacatalunya.cat%2Fes%2Faguantara-fins-diumenge-efecte-illa%2F&#038;text=%C2%BFC%C3%B3mo%20es%20posible%20que%2C%20Salvador%20Illa%2C%20el%20ministro%20de%20Sanidad%20del%20gobierno%20espa%C3%B1ol%2C%20sea%20en%20plena%20pandemia%20un%20buen%20candidato%3F&#038;via=conversesacat&#038;related=conversesacat' target='_blank'rel=\"noopener noreferrer\">\u00bfC\u00f3mo es posible que, Salvador Illa, el ministro de Sanidad del gobierno espa\u00f1ol, sea en plena pandemia un buen candidato? <\/a><\/span><a href='https:\/\/twitter.com\/intent\/tweet?url=https%3A%2F%2Fconversesacatalunya.cat%2Fes%2Faguantara-fins-diumenge-efecte-illa%2F&#038;text=%C2%BFC%C3%B3mo%20es%20posible%20que%2C%20Salvador%20Illa%2C%20el%20ministro%20de%20Sanidad%20del%20gobierno%20espa%C3%B1ol%2C%20sea%20en%20plena%20pandemia%20un%20buen%20candidato%3F&#038;via=conversesacat&#038;related=conversesacat' target='_blank' class='bctt-ctt-btn'rel=\"noopener noreferrer\">Compartir en X<\/a><\/span>\n<div id=\"polls-91\" class=\"wp-polls\">\n\t<form id=\"polls_form_91\" class=\"wp-polls-form\" action=\"\/index.php\" method=\"post\">\n\t\t<p style=\"display: none;\"><input type=\"hidden\" id=\"poll_91_nonce\" name=\"wp-polls-nonce\" value=\"b280b8b855\" \/><\/p>\n\t\t<p style=\"display: none;\"><input type=\"hidden\" name=\"poll_id\" value=\"91\" \/><\/p>\n\t\t<p style=\"text-align: center\"><strong>Creus que Salvador Illa quedar\u00e0 primer a les eleccions del 14 de febrer?<\/strong><\/p><div id=\"polls-91-ans\" class=\"wp-polls-ans\"><ul class=\"wp-polls-ul\">\n\t\t<li><input type=\"radio\" id=\"poll-answer-210\" name=\"poll_91\" value=\"210\" \/> <label for=\"poll-answer-210\">Si<\/label><\/li>\n\t\t<li><input type=\"radio\" id=\"poll-answer-211\" name=\"poll_91\" value=\"211\" \/> <label for=\"poll-answer-211\">No<\/label><\/li>\n\t\t<li><input type=\"radio\" id=\"poll-answer-212\" name=\"poll_91\" value=\"212\" \/> <label for=\"poll-answer-212\">No ho s\u00e9<\/label><\/li>\n\t\t<\/ul><p style=\"text-align: center\"><input type=\"button\" name=\"vote\" value=\"   Vota   \" class=\"Buttons\" onclick=\"poll_vote(91);\" \/><\/p><p style=\"text-align: center\"><a href=\"#ViewPollResults\" onclick=\"poll_result(91); return false;\" title=\"View Results Of This Poll\">Mira els resultats<\/a><\/p><\/div>\n\t<\/form>\n<\/div>\n<div id=\"polls-91-loading\" class=\"wp-polls-loading\"><img decoding=\"async\" data-src=\"https:\/\/conversesacatalunya.cat\/wp-content\/plugins\/wp-polls\/images\/loading.gif\" width=\"16\" height=\"16\" alt=\"Cargando ...\" title=\"Cargando ...\" class=\"wp-polls-image lazyload\" src=\"data:image\/svg+xml;base64,PHN2ZyB3aWR0aD0iMSIgaGVpZ2h0PSIxIiB4bWxucz0iaHR0cDovL3d3dy53My5vcmcvMjAwMC9zdmciPjwvc3ZnPg==\" style=\"--smush-placeholder-width: 16px; --smush-placeholder-aspect-ratio: 16\/16;\" \/>&nbsp;Cargando ...<\/div>\n\n","protected":false},"excerpt":{"rendered":"<p>Es incuestionable que Salvador Illa ha representado una fuerte inyecci\u00f3n a las perspectivas electorales del PSC. Uno se puede preguntar, si no es un af\u00edn al partido socialista o apuesta por Illa con la misma esperanza que en 2017 apost\u00f3 por arrimada, \u00bfc\u00f3mo es posible que el ministro de Sanidad del gobierno espa\u00f1ol sea en plena pandemia un buen candidato? No pocos medios internacionales lo observan con sorpresa, porque en definitiva Espa\u00f1a ha sido el pa\u00eds con peor comportamiento sanitario en la primera ola, y es\u00a0uno de los tres peores\u00a0en esta segunda, considerando que los otros dos tienen sistemas de salud menos desarrollado, porque son Portugal y Chequia.\u00a0Adem\u00e1s, es el pa\u00eds que ha registrado el impacto econ\u00f3mico negativo mayor debido a las restricciones m\u00e1s intensas. La respuesta al interrogante quiz\u00e1s la podemos encontrar en el manual del marketing electoral, que en su punto n\u00famero 1 dice que el candidato ha\u00a0de superar claramente el 75% del reconocimiento por parte del electorado y, a ser posible, del 80% hacia arriba, por la sencilla raz\u00f3n de que s\u00f3lo se puede votar por aquello que se conoce. Y si esta cifra es muy peque\u00f1a, autom\u00e1ticamente el n\u00famero de electores potenciales se reduce en la misma proporci\u00f3n. De acuerdo con este criterio, hay que decir que la casi totalidad de candidatos tienen niveles de notoriedad muy peque\u00f1os. Los n\u00fameros 1 de las fuerzas mayoritarias del independentismo, Pere Aragon\u00e9s y Laura Borr\u00e0s, apenas se sit\u00faan en el l\u00edmite del 75%. Y a partir de aqu\u00ed comienza el drama. \u00c0ngels Chac\u00f3n llega al 65%, a pesar de los a\u00f1os en la conselleria. Carrizosa, a pesar de ser el portavoz de Cs en el Parlamento durante estos 3 \u00faltimos a\u00f1os, s\u00f3lo alcanza el 61%. Alejandro Fern\u00e1ndez, l\u00edder de los populares, alcanza el 42%. A Jessica Albiach, que ha sido tambi\u00e9n la portavoz de los Comuns, s\u00f3lo la conoce el 45%. Mientras que a Dolores Sabater lo hace el 58%. Como se puede ver, con todo esto no se puede ir muy lejos. Sobre todo los de la parte baja del ranking de conocimiento, y los de la parte alta tienen claramente un problema para rascar m\u00e1s votos.\u00a0En este entorno destaca Illa, que tiene un grado de conocimiento perfecto, el 91,5%. Es decir, casi todos los electores saben qui\u00e9n es. Con este margen tan amplio es posible obtener una buena rentabilidad electoral, pese a que su valoraci\u00f3n sea muy discreta, un 4,2 sobre 10. Por lo tanto, un suspenso alto, pero suspenso, entre los electores, y un 6,5 entre los propios votantes. En relaci\u00f3n con esta \u00faltima valoraci\u00f3n, la de los que te votan, s\u00f3lo Jessica Albiach con un 6,2 y Ignacio Garriga de Vox con un 4,9,\u00a0obtienen peor resultado que Illa . Este \u00faltimo hecho hace que sea m\u00e1s sensible que otros l\u00edderes a variaciones en la campa\u00f1a, y es posible que esta \u00faltima semana le pase factura. Por ejemplo, el error que cometi\u00f3 proponiendo una agencia de salud p\u00fablica para Catalu\u00f1a\u00a0cuando esta entidad ya existe, viniendo, adem\u00e1s, de quien ha sido ministro de Sanidad, ha hecho levantar las cejas a m\u00e1s de un posible elector. Para reforzarlo, el PSC quema ya los \u00faltimos cartuchos, como sacar una lista de cristianos que apoyan Illa, tal como titulaba La Vanguardia. Cuando los socialistas sacan a los cristianos a circular es que no acaban de redondear el resultado. En realidad, y esto lo obviaba La Vanguardia, se trata de una lista de afiliados al PSC que adem\u00e1s se califican de cristianos. Por lo tanto, es un apoyo desde el propio aparato del partido. Pero todo puede sumar y no es cuesti\u00f3n de dejar pasar ning\u00fan voto. El PSC, por cierto, ha liquidado el partido de Units de la lista, que ha pasado de ser una coalici\u00f3n expl\u00edcita con el PSC, como era en 2017, a una lista exclusiva del PSC-PSOE con algunas incorporaciones de militantes de Units pero no como tales, sino como simples independientes, entre los que destaca Ramon Espadaler, en el n\u00famero tres por Barcelona, \u200b\u200by uno de los pocos esca\u00f1os seguros que puede alcanzar Units. La contrapartida de la p\u00e9rdida de rango de este partido tendr\u00e1 consecuencias legales en las pr\u00f3ximas elecciones, dado que ya no ser\u00e1, a efectos de derechos electorales, un partido que haya concurrido a elecciones.<\/p>\n","protected":false},"author":2,"featured_media":44939,"comment_status":"open","ping_status":"open","sticky":false,"template":"","format":"standard","meta":{"_FSMCFIC_featured_image_caption":"","_FSMCFIC_featured_image_nocaption":"","_FSMCFIC_featured_image_hide":"","footnotes":""},"categories":[806,781],"tags":[3402,3079],"class_list":["post-44935","post","type-post","status-publish","format-standard","has-post-thumbnail","hentry","category-punts-claus-del-dia-es","category-sin-categorizar","tag-eleccions-14-f-es","tag-salvador-illa"],"yoast_head":"<!-- This site is optimized with the Yoast SEO plugin v26.8 - https:\/\/yoast.com\/product\/yoast-seo-wordpress\/ -->\n<title>\u00bfAguantar\u00e1 hasta el domingo el efecto Illa? - Converses a Catalunya<\/title>\n<meta name=\"description\" content=\"\u00bfC\u00f3mo es posible que Salvador Illa, ministro de Sanidad del gobierno espa\u00f1ol sea en plena pandemia un buen candidato?\" \/>\n<meta name=\"robots\" content=\"index, follow, max-snippet:-1, max-image-preview:large, max-video-preview:-1\" \/>\n<link rel=\"canonical\" href=\"https:\/\/conversesacatalunya.cat\/es\/aguantara-fins-diumenge-efecte-illa\/\" \/>\n<meta property=\"og:locale\" content=\"es_ES\" \/>\n<meta property=\"og:type\" content=\"article\" \/>\n<meta property=\"og:title\" content=\"\u00bfAguantar\u00e1 hasta el domingo el efecto Illa? - Converses a Catalunya\" \/>\n<meta property=\"og:description\" content=\"\u00bfC\u00f3mo es posible que Salvador Illa, ministro de Sanidad del gobierno espa\u00f1ol sea en plena pandemia un buen candidato?\" \/>\n<meta property=\"og:url\" content=\"https:\/\/conversesacatalunya.cat\/es\/aguantara-fins-diumenge-efecte-illa\/\" \/>\n<meta property=\"og:site_name\" content=\"Converses a Catalunya\" \/>\n<meta property=\"article:published_time\" content=\"2021-02-09T12:22:26+00:00\" \/>\n<meta property=\"article:modified_time\" content=\"2021-02-09T14:18:45+00:00\" \/>\n<meta property=\"og:image\" content=\"https:\/\/conversesacatalunya.cat\/wp-content\/uploads\/2021\/02\/illa-1.jpg\" \/>\n\t<meta property=\"og:image:width\" content=\"1000\" \/>\n\t<meta property=\"og:image:height\" content=\"567\" \/>\n\t<meta property=\"og:image:type\" content=\"image\/jpeg\" \/>\n<meta name=\"author\" content=\"conversesacatalunya\" \/>\n<meta name=\"twitter:card\" content=\"summary_large_image\" \/>\n<meta name=\"twitter:label1\" content=\"Escrito por\" \/>\n\t<meta name=\"twitter:data1\" content=\"conversesacatalunya\" \/>\n\t<meta name=\"twitter:label2\" content=\"Tiempo de lectura\" \/>\n\t<meta name=\"twitter:data2\" content=\"4 minutos\" \/>\n<script type=\"application\/ld+json\" class=\"yoast-schema-graph\">{\"@context\":\"https:\/\/schema.org\",\"@graph\":[{\"@type\":\"Article\",\"@id\":\"https:\/\/conversesacatalunya.cat\/es\/aguantara-fins-diumenge-efecte-illa\/#article\",\"isPartOf\":{\"@id\":\"https:\/\/conversesacatalunya.cat\/es\/aguantara-fins-diumenge-efecte-illa\/\"},\"author\":{\"name\":\"conversesacatalunya\",\"@id\":\"https:\/\/conversesacatalunya.cat\/#\/schema\/person\/7e24d1e54a2785373ddcb275eae5ed99\"},\"headline\":\"\u00bfAguantar\u00e1 hasta el domingo el efecto Illa?\",\"datePublished\":\"2021-02-09T12:22:26+00:00\",\"dateModified\":\"2021-02-09T14:18:45+00:00\",\"mainEntityOfPage\":{\"@id\":\"https:\/\/conversesacatalunya.cat\/es\/aguantara-fins-diumenge-efecte-illa\/\"},\"wordCount\":789,\"commentCount\":0,\"image\":{\"@id\":\"https:\/\/conversesacatalunya.cat\/es\/aguantara-fins-diumenge-efecte-illa\/#primaryimage\"},\"thumbnailUrl\":\"https:\/\/conversesacatalunya.cat\/wp-content\/uploads\/2021\/02\/illa-1.jpg\",\"keywords\":[\"eleccions 14-F\",\"Salvador Illa\"],\"articleSection\":[\"Punts clau del dia (ES)\",\"Sin categorizar\"],\"inLanguage\":\"es\",\"potentialAction\":[{\"@type\":\"CommentAction\",\"name\":\"Comment\",\"target\":[\"https:\/\/conversesacatalunya.cat\/es\/aguantara-fins-diumenge-efecte-illa\/#respond\"]}]},{\"@type\":\"WebPage\",\"@id\":\"https:\/\/conversesacatalunya.cat\/es\/aguantara-fins-diumenge-efecte-illa\/\",\"url\":\"https:\/\/conversesacatalunya.cat\/es\/aguantara-fins-diumenge-efecte-illa\/\",\"name\":\"\u00bfAguantar\u00e1 hasta el domingo el efecto Illa? - Converses a Catalunya\",\"isPartOf\":{\"@id\":\"https:\/\/conversesacatalunya.cat\/#website\"},\"primaryImageOfPage\":{\"@id\":\"https:\/\/conversesacatalunya.cat\/es\/aguantara-fins-diumenge-efecte-illa\/#primaryimage\"},\"image\":{\"@id\":\"https:\/\/conversesacatalunya.cat\/es\/aguantara-fins-diumenge-efecte-illa\/#primaryimage\"},\"thumbnailUrl\":\"https:\/\/conversesacatalunya.cat\/wp-content\/uploads\/2021\/02\/illa-1.jpg\",\"datePublished\":\"2021-02-09T12:22:26+00:00\",\"dateModified\":\"2021-02-09T14:18:45+00:00\",\"author\":{\"@id\":\"https:\/\/conversesacatalunya.cat\/#\/schema\/person\/7e24d1e54a2785373ddcb275eae5ed99\"},\"description\":\"\u00bfC\u00f3mo es posible que Salvador Illa, ministro de Sanidad del gobierno espa\u00f1ol sea en plena pandemia un buen candidato?\",\"breadcrumb\":{\"@id\":\"https:\/\/conversesacatalunya.cat\/es\/aguantara-fins-diumenge-efecte-illa\/#breadcrumb\"},\"inLanguage\":\"es\",\"potentialAction\":[{\"@type\":\"ReadAction\",\"target\":[\"https:\/\/conversesacatalunya.cat\/es\/aguantara-fins-diumenge-efecte-illa\/\"]}]},{\"@type\":\"ImageObject\",\"inLanguage\":\"es\",\"@id\":\"https:\/\/conversesacatalunya.cat\/es\/aguantara-fins-diumenge-efecte-illa\/#primaryimage\",\"url\":\"https:\/\/conversesacatalunya.cat\/wp-content\/uploads\/2021\/02\/illa-1.jpg\",\"contentUrl\":\"https:\/\/conversesacatalunya.cat\/wp-content\/uploads\/2021\/02\/illa-1.jpg\",\"width\":1000,\"height\":567,\"caption\":\"Salvador Illa\"},{\"@type\":\"BreadcrumbList\",\"@id\":\"https:\/\/conversesacatalunya.cat\/es\/aguantara-fins-diumenge-efecte-illa\/#breadcrumb\",\"itemListElement\":[{\"@type\":\"ListItem\",\"position\":1,\"name\":\"Inici\",\"item\":\"https:\/\/conversesacatalunya.cat\/es\/\"},{\"@type\":\"ListItem\",\"position\":2,\"name\":\"\u00bfAguantar\u00e1 hasta el domingo el efecto Illa?\"}]},{\"@type\":\"WebSite\",\"@id\":\"https:\/\/conversesacatalunya.cat\/#website\",\"url\":\"https:\/\/conversesacatalunya.cat\/\",\"name\":\"Converses a Catalunya\",\"description\":\"\",\"potentialAction\":[{\"@type\":\"SearchAction\",\"target\":{\"@type\":\"EntryPoint\",\"urlTemplate\":\"https:\/\/conversesacatalunya.cat\/?s={search_term_string}\"},\"query-input\":{\"@type\":\"PropertyValueSpecification\",\"valueRequired\":true,\"valueName\":\"search_term_string\"}}],\"inLanguage\":\"es\"},{\"@type\":\"Person\",\"@id\":\"https:\/\/conversesacatalunya.cat\/#\/schema\/person\/7e24d1e54a2785373ddcb275eae5ed99\",\"name\":\"conversesacatalunya\",\"image\":{\"@type\":\"ImageObject\",\"inLanguage\":\"es\",\"@id\":\"https:\/\/conversesacatalunya.cat\/#\/schema\/person\/image\/\",\"url\":\"https:\/\/conversesacatalunya.cat\/wp-content\/litespeed\/avatar\/febdfeeec89d950f01c748045a981dd2.jpg?ver=1777314535\",\"contentUrl\":\"https:\/\/conversesacatalunya.cat\/wp-content\/litespeed\/avatar\/febdfeeec89d950f01c748045a981dd2.jpg?ver=1777314535\",\"caption\":\"conversesacatalunya\"},\"url\":\"https:\/\/conversesacatalunya.cat\/es\/author\/carme_catala\/\"}]}<\/script>\n<!-- \/ Yoast SEO plugin. -->","yoast_head_json":{"title":"\u00bfAguantar\u00e1 hasta el domingo el efecto Illa? - Converses a Catalunya","description":"\u00bfC\u00f3mo es posible que Salvador Illa, ministro de Sanidad del gobierno espa\u00f1ol sea en plena pandemia un buen candidato?","robots":{"index":"index","follow":"follow","max-snippet":"max-snippet:-1","max-image-preview":"max-image-preview:large","max-video-preview":"max-video-preview:-1"},"canonical":"https:\/\/conversesacatalunya.cat\/es\/aguantara-fins-diumenge-efecte-illa\/","og_locale":"es_ES","og_type":"article","og_title":"\u00bfAguantar\u00e1 hasta el domingo el efecto Illa? - Converses a Catalunya","og_description":"\u00bfC\u00f3mo es posible que Salvador Illa, ministro de Sanidad del gobierno espa\u00f1ol sea en plena pandemia un buen candidato?","og_url":"https:\/\/conversesacatalunya.cat\/es\/aguantara-fins-diumenge-efecte-illa\/","og_site_name":"Converses a Catalunya","article_published_time":"2021-02-09T12:22:26+00:00","article_modified_time":"2021-02-09T14:18:45+00:00","og_image":[{"width":1000,"height":567,"url":"https:\/\/conversesacatalunya.cat\/wp-content\/uploads\/2021\/02\/illa-1.jpg","type":"image\/jpeg"}],"author":"conversesacatalunya","twitter_card":"summary_large_image","twitter_misc":{"Escrito por":"conversesacatalunya","Tiempo de lectura":"4 minutos"},"schema":{"@context":"https:\/\/schema.org","@graph":[{"@type":"Article","@id":"https:\/\/conversesacatalunya.cat\/es\/aguantara-fins-diumenge-efecte-illa\/#article","isPartOf":{"@id":"https:\/\/conversesacatalunya.cat\/es\/aguantara-fins-diumenge-efecte-illa\/"},"author":{"name":"conversesacatalunya","@id":"https:\/\/conversesacatalunya.cat\/#\/schema\/person\/7e24d1e54a2785373ddcb275eae5ed99"},"headline":"\u00bfAguantar\u00e1 hasta el domingo el efecto Illa?","datePublished":"2021-02-09T12:22:26+00:00","dateModified":"2021-02-09T14:18:45+00:00","mainEntityOfPage":{"@id":"https:\/\/conversesacatalunya.cat\/es\/aguantara-fins-diumenge-efecte-illa\/"},"wordCount":789,"commentCount":0,"image":{"@id":"https:\/\/conversesacatalunya.cat\/es\/aguantara-fins-diumenge-efecte-illa\/#primaryimage"},"thumbnailUrl":"https:\/\/conversesacatalunya.cat\/wp-content\/uploads\/2021\/02\/illa-1.jpg","keywords":["eleccions 14-F","Salvador Illa"],"articleSection":["Punts clau del dia (ES)","Sin categorizar"],"inLanguage":"es","potentialAction":[{"@type":"CommentAction","name":"Comment","target":["https:\/\/conversesacatalunya.cat\/es\/aguantara-fins-diumenge-efecte-illa\/#respond"]}]},{"@type":"WebPage","@id":"https:\/\/conversesacatalunya.cat\/es\/aguantara-fins-diumenge-efecte-illa\/","url":"https:\/\/conversesacatalunya.cat\/es\/aguantara-fins-diumenge-efecte-illa\/","name":"\u00bfAguantar\u00e1 hasta el domingo el efecto Illa? - Converses a Catalunya","isPartOf":{"@id":"https:\/\/conversesacatalunya.cat\/#website"},"primaryImageOfPage":{"@id":"https:\/\/conversesacatalunya.cat\/es\/aguantara-fins-diumenge-efecte-illa\/#primaryimage"},"image":{"@id":"https:\/\/conversesacatalunya.cat\/es\/aguantara-fins-diumenge-efecte-illa\/#primaryimage"},"thumbnailUrl":"https:\/\/conversesacatalunya.cat\/wp-content\/uploads\/2021\/02\/illa-1.jpg","datePublished":"2021-02-09T12:22:26+00:00","dateModified":"2021-02-09T14:18:45+00:00","author":{"@id":"https:\/\/conversesacatalunya.cat\/#\/schema\/person\/7e24d1e54a2785373ddcb275eae5ed99"},"description":"\u00bfC\u00f3mo es posible que Salvador Illa, ministro de Sanidad del gobierno espa\u00f1ol sea en plena pandemia un buen candidato?","breadcrumb":{"@id":"https:\/\/conversesacatalunya.cat\/es\/aguantara-fins-diumenge-efecte-illa\/#breadcrumb"},"inLanguage":"es","potentialAction":[{"@type":"ReadAction","target":["https:\/\/conversesacatalunya.cat\/es\/aguantara-fins-diumenge-efecte-illa\/"]}]},{"@type":"ImageObject","inLanguage":"es","@id":"https:\/\/conversesacatalunya.cat\/es\/aguantara-fins-diumenge-efecte-illa\/#primaryimage","url":"https:\/\/conversesacatalunya.cat\/wp-content\/uploads\/2021\/02\/illa-1.jpg","contentUrl":"https:\/\/conversesacatalunya.cat\/wp-content\/uploads\/2021\/02\/illa-1.jpg","width":1000,"height":567,"caption":"Salvador Illa"},{"@type":"BreadcrumbList","@id":"https:\/\/conversesacatalunya.cat\/es\/aguantara-fins-diumenge-efecte-illa\/#breadcrumb","itemListElement":[{"@type":"ListItem","position":1,"name":"Inici","item":"https:\/\/conversesacatalunya.cat\/es\/"},{"@type":"ListItem","position":2,"name":"\u00bfAguantar\u00e1 hasta el domingo el efecto Illa?"}]},{"@type":"WebSite","@id":"https:\/\/conversesacatalunya.cat\/#website","url":"https:\/\/conversesacatalunya.cat\/","name":"Converses a Catalunya","description":"","potentialAction":[{"@type":"SearchAction","target":{"@type":"EntryPoint","urlTemplate":"https:\/\/conversesacatalunya.cat\/?s={search_term_string}"},"query-input":{"@type":"PropertyValueSpecification","valueRequired":true,"valueName":"search_term_string"}}],"inLanguage":"es"},{"@type":"Person","@id":"https:\/\/conversesacatalunya.cat\/#\/schema\/person\/7e24d1e54a2785373ddcb275eae5ed99","name":"conversesacatalunya","image":{"@type":"ImageObject","inLanguage":"es","@id":"https:\/\/conversesacatalunya.cat\/#\/schema\/person\/image\/","url":"https:\/\/conversesacatalunya.cat\/wp-content\/litespeed\/avatar\/febdfeeec89d950f01c748045a981dd2.jpg?ver=1777314535","contentUrl":"https:\/\/conversesacatalunya.cat\/wp-content\/litespeed\/avatar\/febdfeeec89d950f01c748045a981dd2.jpg?ver=1777314535","caption":"conversesacatalunya"},"url":"https:\/\/conversesacatalunya.cat\/es\/author\/carme_catala\/"}]}},"wps_subtitle":"\u00bfC\u00f3mo es posible que el ministro de Sanidad del gobierno espa\u00f1ol sea en plena pandemia un buen candidato?","_links":{"self":[{"href":"https:\/\/conversesacatalunya.cat\/es\/wp-json\/wp\/v2\/posts\/44935","targetHints":{"allow":["GET"]}}],"collection":[{"href":"https:\/\/conversesacatalunya.cat\/es\/wp-json\/wp\/v2\/posts"}],"about":[{"href":"https:\/\/conversesacatalunya.cat\/es\/wp-json\/wp\/v2\/types\/post"}],"author":[{"embeddable":true,"href":"https:\/\/conversesacatalunya.cat\/es\/wp-json\/wp\/v2\/users\/2"}],"replies":[{"embeddable":true,"href":"https:\/\/conversesacatalunya.cat\/es\/wp-json\/wp\/v2\/comments?post=44935"}],"version-history":[{"count":2,"href":"https:\/\/conversesacatalunya.cat\/es\/wp-json\/wp\/v2\/posts\/44935\/revisions"}],"predecessor-version":[{"id":44941,"href":"https:\/\/conversesacatalunya.cat\/es\/wp-json\/wp\/v2\/posts\/44935\/revisions\/44941"}],"wp:featuredmedia":[{"embeddable":true,"href":"https:\/\/conversesacatalunya.cat\/es\/wp-json\/wp\/v2\/media\/44939"}],"wp:attachment":[{"href":"https:\/\/conversesacatalunya.cat\/es\/wp-json\/wp\/v2\/media?parent=44935"}],"wp:term":[{"taxonomy":"category","embeddable":true,"href":"https:\/\/conversesacatalunya.cat\/es\/wp-json\/wp\/v2\/categories?post=44935"},{"taxonomy":"post_tag","embeddable":true,"href":"https:\/\/conversesacatalunya.cat\/es\/wp-json\/wp\/v2\/tags?post=44935"}],"curies":[{"name":"wp","href":"https:\/\/api.w.org\/{rel}","templated":true}]}}