{"id":44925,"date":"2021-02-09T12:23:20","date_gmt":"2021-02-09T11:23:20","guid":{"rendered":"https:\/\/conversesacatalunya.cat\/caiguda-historica-de-la-industria-espanyola\/"},"modified":"2021-02-09T12:45:58","modified_gmt":"2021-02-09T11:45:58","slug":"caida-historica-de-la-industria-espanola","status":"publish","type":"post","link":"https:\/\/conversesacatalunya.cat\/es\/caida-historica-de-la-industria-espanola\/","title":{"rendered":"Ca\u00edda hist\u00f3rica de la industria espa\u00f1ola"},"content":{"rendered":"<p>Los datos del Instituto Nacional de Estad\u00edstica (INE) son claros sobre la salud de la industria espa\u00f1ola en la actualidad. Despu\u00e9s de seis a\u00f1os consecutivos de crecimiento\u00a0<strong>sufre su mayor descenso desde 2009<\/strong>, cuando cay\u00f3 un 16,2% en plena crisis del ladrillo. La\u00a0<a href=\"https:\/\/conversesacatalunya.cat\/es\/economia-el-gobierno-se-prepara-para-la-tercera-ola\/\" target=\"_blank\" rel=\"noopener\">ca\u00edda<\/a>\u00a0del 9,1% en 2020 del \u00cdndice General de Producci\u00f3n Industrial (IPI) revela los datos desoladores de los efectos de la pandemia en Espa\u00f1a.<\/p>\n<p>As\u00ed, todos los sectores sufrieron un recorte de producci\u00f3n en 2020, aunque con distinta intensidad. Los descensos m\u00e1s significativos se dieron en los bienes de equipo y en los bienes de consumo duradero, con bajadas del 15,4% y del 13,5%, respectivamente. Les siguen los bienes intermedios, con un retroceso de su producci\u00f3n del 7,8%; los bienes de consumo no duradero (-6,5%), y la energ\u00eda (-6,2%).<\/p>\n<p>En este sentido, la otra industria de Espa\u00f1a, la tur\u00edstica, ha quedado a\u00fan m\u00e1s afectada. La pandemia de coronavirus ha pulverizado la industria tur\u00edstica de Espa\u00f1a, tan vital para el pa\u00eds y las llegadas cayeron a 19 millones en 2020, frente a los casi 84 millones de visitantes del a\u00f1o anterior. Antes de la pandemia y las restricciones de viaje impuestas debido al coronavirus,<strong>\u00a0el turismo representaba un 11% del PIB de Espa\u00f1a<\/strong>, de 1.100 billones de euros, por lo que es una de las industrias l\u00edderes del pa\u00eds. Durante mucho tiempo Espa\u00f1a se ha clasificado entre los tres principales destinos tur\u00edsticos junto con Francia y Estados Unidos.<\/p>\n<p>Pero los datos del INE tambi\u00e9n revelan aqu\u00ed una ca\u00edda considerable: los ingresos obtenidos por Espa\u00f1a gracias a turistas extranjeros se desplomaron en 2020 a apenas 20.000 millones de euros (24.000 millones de d\u00f3lares), un 79% menos que los 92.000 millones de euros recibidos en 2019.<\/p>\n<p>Un posible periodo de crecimiento intenso econ\u00f3mico con la frenada de los contagios del Coronavirus podr\u00edan mejorar las previsiones a corto y medio plazo del gobierno y de las instituciones europeas.<\/p>\n<div class=\"code-block code-block-2\">\n<div>\n<div class=\"a-single a-7\"><span class='bctt-click-to-tweet'><span class='bctt-ctt-text'><a href='https:\/\/twitter.com\/intent\/tweet?url=https%3A%2F%2Fconversesacatalunya.cat%2Fes%2Fcaida-historica-de-la-industria-espanola%2F&#038;text=Despu%C3%A9s%20de%20seis%20a%C3%B1os%20consecutivos%20de%20crecimiento%20sufre%20su%20mayor%20descenso%20desde%202009%2C%20cuando%20cay%C3%B3%20un%2016%2C2%25%20en%20plena%20crisis%20del%20ladrillo%20&#038;via=conversesacat&#038;related=conversesacat' target='_blank'rel=\"noopener noreferrer\">Despu\u00e9s de seis a\u00f1os consecutivos de crecimiento sufre su mayor descenso desde 2009, cuando cay\u00f3 un 16,2% en plena crisis del ladrillo  <\/a><\/span><a href='https:\/\/twitter.com\/intent\/tweet?url=https%3A%2F%2Fconversesacatalunya.cat%2Fes%2Fcaida-historica-de-la-industria-espanola%2F&#038;text=Despu%C3%A9s%20de%20seis%20a%C3%B1os%20consecutivos%20de%20crecimiento%20sufre%20su%20mayor%20descenso%20desde%202009%2C%20cuando%20cay%C3%B3%20un%2016%2C2%25%20en%20plena%20crisis%20del%20ladrillo%20&#038;via=conversesacat&#038;related=conversesacat' target='_blank' class='bctt-ctt-btn'rel=\"noopener noreferrer\">Compartir en X<\/a><\/span><\/div>\n<\/div>\n<\/div>\n<p>&nbsp;<\/p>\n<div id=\"polls-91\" class=\"wp-polls\">\n\t<form id=\"polls_form_91\" class=\"wp-polls-form\" action=\"\/index.php\" method=\"post\">\n\t\t<p style=\"display: none;\"><input type=\"hidden\" id=\"poll_91_nonce\" name=\"wp-polls-nonce\" value=\"e87f7c0538\" \/><\/p>\n\t\t<p style=\"display: none;\"><input type=\"hidden\" name=\"poll_id\" value=\"91\" \/><\/p>\n\t\t<p style=\"text-align: center\"><strong>Creus que Salvador Illa quedar\u00e0 primer a les eleccions del 14 de febrer?<\/strong><\/p><div id=\"polls-91-ans\" class=\"wp-polls-ans\"><ul class=\"wp-polls-ul\">\n\t\t<li><input type=\"radio\" id=\"poll-answer-210\" name=\"poll_91\" value=\"210\" \/> <label for=\"poll-answer-210\">Si<\/label><\/li>\n\t\t<li><input type=\"radio\" id=\"poll-answer-211\" name=\"poll_91\" value=\"211\" \/> <label for=\"poll-answer-211\">No<\/label><\/li>\n\t\t<li><input type=\"radio\" id=\"poll-answer-212\" name=\"poll_91\" value=\"212\" \/> <label for=\"poll-answer-212\">No ho s\u00e9<\/label><\/li>\n\t\t<\/ul><p style=\"text-align: center\"><input type=\"button\" name=\"vote\" value=\"   Vota   \" class=\"Buttons\" onclick=\"poll_vote(91);\" \/><\/p><p style=\"text-align: center\"><a href=\"#ViewPollResults\" onclick=\"poll_result(91); return false;\" title=\"View Results Of This Poll\">Mira els resultats<\/a><\/p><\/div>\n\t<\/form>\n<\/div>\n<div id=\"polls-91-loading\" class=\"wp-polls-loading\"><img decoding=\"async\" data-src=\"https:\/\/conversesacatalunya.cat\/wp-content\/plugins\/wp-polls\/images\/loading.gif\" width=\"16\" height=\"16\" alt=\"Cargando ...\" title=\"Cargando ...\" class=\"wp-polls-image lazyload\" src=\"data:image\/svg+xml;base64,PHN2ZyB3aWR0aD0iMSIgaGVpZ2h0PSIxIiB4bWxucz0iaHR0cDovL3d3dy53My5vcmcvMjAwMC9zdmciPjwvc3ZnPg==\" style=\"--smush-placeholder-width: 16px; --smush-placeholder-aspect-ratio: 16\/16;\" \/>&nbsp;Cargando ...<\/div>\n\n","protected":false},"excerpt":{"rendered":"<p>Los datos del Instituto Nacional de Estad\u00edstica (INE) son claros sobre la salud de la industria espa\u00f1ola en la actualidad. Despu\u00e9s de seis a\u00f1os consecutivos de crecimiento\u00a0sufre su mayor descenso desde 2009, cuando cay\u00f3 un 16,2% en plena crisis del ladrillo. La\u00a0ca\u00edda\u00a0del 9,1% en 2020 del \u00cdndice General de Producci\u00f3n Industrial (IPI) revela los datos desoladores de los efectos de la pandemia en Espa\u00f1a. As\u00ed, todos los sectores sufrieron un recorte de producci\u00f3n en 2020, aunque con distinta intensidad. Los descensos m\u00e1s significativos se dieron en los bienes de equipo y en los bienes de consumo duradero, con bajadas del 15,4% y del 13,5%, respectivamente. Les siguen los bienes intermedios, con un retroceso de su producci\u00f3n del 7,8%; los bienes de consumo no duradero (-6,5%), y la energ\u00eda (-6,2%). En este sentido, la otra industria de Espa\u00f1a, la tur\u00edstica, ha quedado a\u00fan m\u00e1s afectada. La pandemia de coronavirus ha pulverizado la industria tur\u00edstica de Espa\u00f1a, tan vital para el pa\u00eds y las llegadas cayeron a 19 millones en 2020, frente a los casi 84 millones de visitantes del a\u00f1o anterior. Antes de la pandemia y las restricciones de viaje impuestas debido al coronavirus,\u00a0el turismo representaba un 11% del PIB de Espa\u00f1a, de 1.100 billones de euros, por lo que es una de las industrias l\u00edderes del pa\u00eds. Durante mucho tiempo Espa\u00f1a se ha clasificado entre los tres principales destinos tur\u00edsticos junto con Francia y Estados Unidos. Pero los datos del INE tambi\u00e9n revelan aqu\u00ed una ca\u00edda considerable: los ingresos obtenidos por Espa\u00f1a gracias a turistas extranjeros se desplomaron en 2020 a apenas 20.000 millones de euros (24.000 millones de d\u00f3lares), un 79% menos que los 92.000 millones de euros recibidos en 2019. Un posible periodo de crecimiento intenso econ\u00f3mico con la frenada de los contagios del Coronavirus podr\u00edan mejorar las previsiones a corto y medio plazo del gobierno y de las instituciones europeas. &nbsp;<\/p>\n","protected":false},"author":20,"featured_media":44852,"comment_status":"open","ping_status":"open","sticky":false,"template":"","format":"standard","meta":{"_FSMCFIC_featured_image_caption":"","_FSMCFIC_featured_image_nocaption":"","_FSMCFIC_featured_image_hide":"","footnotes":""},"categories":[1772,806],"tags":[1504,960],"class_list":["post-44925","post","type-post","status-publish","format-standard","has-post-thumbnail","hentry","category-especial-coronavirus-es","category-punts-claus-del-dia-es","tag-coronavirus-es","tag-pib-es"],"yoast_head":"<!-- This site is optimized with the Yoast SEO plugin v26.8 - https:\/\/yoast.com\/product\/yoast-seo-wordpress\/ -->\n<title>Ca\u00edda hist\u00f3rica de la industria espa\u00f1ola - Converses a Catalunya<\/title>\n<meta name=\"description\" content=\"La producci\u00f3n industrial y el turismo han sufrido considerablemente durante este \u00faltimo a\u00f1o por el Coronavirus,\" \/>\n<meta name=\"robots\" content=\"index, follow, max-snippet:-1, max-image-preview:large, max-video-preview:-1\" \/>\n<link rel=\"canonical\" href=\"https:\/\/conversesacatalunya.cat\/es\/caida-historica-de-la-industria-espanola\/\" \/>\n<meta property=\"og:locale\" content=\"es_ES\" \/>\n<meta property=\"og:type\" content=\"article\" \/>\n<meta property=\"og:title\" content=\"Ca\u00edda hist\u00f3rica de la industria espa\u00f1ola - Converses a Catalunya\" \/>\n<meta property=\"og:description\" content=\"La producci\u00f3n industrial y el turismo han sufrido considerablemente durante este \u00faltimo a\u00f1o por el Coronavirus,\" \/>\n<meta property=\"og:url\" content=\"https:\/\/conversesacatalunya.cat\/es\/caida-historica-de-la-industria-espanola\/\" \/>\n<meta property=\"og:site_name\" content=\"Converses a Catalunya\" \/>\n<meta property=\"article:published_time\" content=\"2021-02-09T11:23:20+00:00\" \/>\n<meta property=\"article:modified_time\" content=\"2021-02-09T11:45:58+00:00\" \/>\n<meta property=\"og:image\" content=\"https:\/\/conversesacatalunya.cat\/wp-content\/uploads\/2021\/02\/Capture-3.png\" \/>\n\t<meta property=\"og:image:width\" content=\"1062\" \/>\n\t<meta property=\"og:image:height\" content=\"703\" \/>\n\t<meta property=\"og:image:type\" content=\"image\/png\" \/>\n<meta name=\"author\" content=\"conversesacatalunya\" \/>\n<meta name=\"twitter:card\" content=\"summary_large_image\" \/>\n<meta name=\"twitter:label1\" content=\"Escrito por\" \/>\n\t<meta name=\"twitter:data1\" content=\"conversesacatalunya\" \/>\n\t<meta name=\"twitter:label2\" content=\"Tiempo de lectura\" \/>\n\t<meta name=\"twitter:data2\" content=\"2 minutos\" \/>\n<script type=\"application\/ld+json\" class=\"yoast-schema-graph\">{\"@context\":\"https:\/\/schema.org\",\"@graph\":[{\"@type\":\"Article\",\"@id\":\"https:\/\/conversesacatalunya.cat\/es\/caida-historica-de-la-industria-espanola\/#article\",\"isPartOf\":{\"@id\":\"https:\/\/conversesacatalunya.cat\/es\/caida-historica-de-la-industria-espanola\/\"},\"author\":{\"name\":\"conversesacatalunya\",\"@id\":\"https:\/\/conversesacatalunya.cat\/#\/schema\/person\/a7a9496a363cd9847daf7cd659d92e64\"},\"headline\":\"Ca\u00edda hist\u00f3rica de la industria espa\u00f1ola\",\"datePublished\":\"2021-02-09T11:23:20+00:00\",\"dateModified\":\"2021-02-09T11:45:58+00:00\",\"mainEntityOfPage\":{\"@id\":\"https:\/\/conversesacatalunya.cat\/es\/caida-historica-de-la-industria-espanola\/\"},\"wordCount\":366,\"commentCount\":0,\"image\":{\"@id\":\"https:\/\/conversesacatalunya.cat\/es\/caida-historica-de-la-industria-espanola\/#primaryimage\"},\"thumbnailUrl\":\"https:\/\/conversesacatalunya.cat\/wp-content\/uploads\/2021\/02\/Capture-3.png\",\"keywords\":[\"coronavirus\",\"PIB\"],\"articleSection\":[\"Especial Coronavirus (ES)\",\"Punts clau del dia (ES)\"],\"inLanguage\":\"es\",\"potentialAction\":[{\"@type\":\"CommentAction\",\"name\":\"Comment\",\"target\":[\"https:\/\/conversesacatalunya.cat\/es\/caida-historica-de-la-industria-espanola\/#respond\"]}]},{\"@type\":\"WebPage\",\"@id\":\"https:\/\/conversesacatalunya.cat\/es\/caida-historica-de-la-industria-espanola\/\",\"url\":\"https:\/\/conversesacatalunya.cat\/es\/caida-historica-de-la-industria-espanola\/\",\"name\":\"Ca\u00edda hist\u00f3rica de la industria espa\u00f1ola - Converses a Catalunya\",\"isPartOf\":{\"@id\":\"https:\/\/conversesacatalunya.cat\/#website\"},\"primaryImageOfPage\":{\"@id\":\"https:\/\/conversesacatalunya.cat\/es\/caida-historica-de-la-industria-espanola\/#primaryimage\"},\"image\":{\"@id\":\"https:\/\/conversesacatalunya.cat\/es\/caida-historica-de-la-industria-espanola\/#primaryimage\"},\"thumbnailUrl\":\"https:\/\/conversesacatalunya.cat\/wp-content\/uploads\/2021\/02\/Capture-3.png\",\"datePublished\":\"2021-02-09T11:23:20+00:00\",\"dateModified\":\"2021-02-09T11:45:58+00:00\",\"author\":{\"@id\":\"https:\/\/conversesacatalunya.cat\/#\/schema\/person\/a7a9496a363cd9847daf7cd659d92e64\"},\"description\":\"La producci\u00f3n industrial y el turismo han sufrido considerablemente durante este \u00faltimo a\u00f1o por el Coronavirus,\",\"breadcrumb\":{\"@id\":\"https:\/\/conversesacatalunya.cat\/es\/caida-historica-de-la-industria-espanola\/#breadcrumb\"},\"inLanguage\":\"es\",\"potentialAction\":[{\"@type\":\"ReadAction\",\"target\":[\"https:\/\/conversesacatalunya.cat\/es\/caida-historica-de-la-industria-espanola\/\"]}]},{\"@type\":\"ImageObject\",\"inLanguage\":\"es\",\"@id\":\"https:\/\/conversesacatalunya.cat\/es\/caida-historica-de-la-industria-espanola\/#primaryimage\",\"url\":\"https:\/\/conversesacatalunya.cat\/wp-content\/uploads\/2021\/02\/Capture-3.png\",\"contentUrl\":\"https:\/\/conversesacatalunya.cat\/wp-content\/uploads\/2021\/02\/Capture-3.png\",\"width\":1062,\"height\":703,\"caption\":\"ind\u00fastria\"},{\"@type\":\"BreadcrumbList\",\"@id\":\"https:\/\/conversesacatalunya.cat\/es\/caida-historica-de-la-industria-espanola\/#breadcrumb\",\"itemListElement\":[{\"@type\":\"ListItem\",\"position\":1,\"name\":\"Inici\",\"item\":\"https:\/\/conversesacatalunya.cat\/es\/\"},{\"@type\":\"ListItem\",\"position\":2,\"name\":\"Ca\u00edda hist\u00f3rica de la industria espa\u00f1ola\"}]},{\"@type\":\"WebSite\",\"@id\":\"https:\/\/conversesacatalunya.cat\/#website\",\"url\":\"https:\/\/conversesacatalunya.cat\/\",\"name\":\"Converses a Catalunya\",\"description\":\"\",\"potentialAction\":[{\"@type\":\"SearchAction\",\"target\":{\"@type\":\"EntryPoint\",\"urlTemplate\":\"https:\/\/conversesacatalunya.cat\/?s={search_term_string}\"},\"query-input\":{\"@type\":\"PropertyValueSpecification\",\"valueRequired\":true,\"valueName\":\"search_term_string\"}}],\"inLanguage\":\"es\"},{\"@type\":\"Person\",\"@id\":\"https:\/\/conversesacatalunya.cat\/#\/schema\/person\/a7a9496a363cd9847daf7cd659d92e64\",\"name\":\"conversesacatalunya\",\"image\":{\"@type\":\"ImageObject\",\"inLanguage\":\"es\",\"@id\":\"https:\/\/conversesacatalunya.cat\/#\/schema\/person\/image\/\",\"url\":\"https:\/\/conversesacatalunya.cat\/wp-content\/litespeed\/avatar\/ff91582b44ff9c880dc9c5ac2f5c7e89.jpg?ver=1777372947\",\"contentUrl\":\"https:\/\/conversesacatalunya.cat\/wp-content\/litespeed\/avatar\/ff91582b44ff9c880dc9c5ac2f5c7e89.jpg?ver=1777372947\",\"caption\":\"conversesacatalunya\"},\"url\":\"https:\/\/conversesacatalunya.cat\/es\/author\/francisco_garcia\/\"}]}<\/script>\n<!-- \/ Yoast SEO plugin. -->","yoast_head_json":{"title":"Ca\u00edda hist\u00f3rica de la industria espa\u00f1ola - Converses a Catalunya","description":"La producci\u00f3n industrial y el turismo han sufrido considerablemente durante este \u00faltimo a\u00f1o por el Coronavirus,","robots":{"index":"index","follow":"follow","max-snippet":"max-snippet:-1","max-image-preview":"max-image-preview:large","max-video-preview":"max-video-preview:-1"},"canonical":"https:\/\/conversesacatalunya.cat\/es\/caida-historica-de-la-industria-espanola\/","og_locale":"es_ES","og_type":"article","og_title":"Ca\u00edda hist\u00f3rica de la industria espa\u00f1ola - Converses a Catalunya","og_description":"La producci\u00f3n industrial y el turismo han sufrido considerablemente durante este \u00faltimo a\u00f1o por el Coronavirus,","og_url":"https:\/\/conversesacatalunya.cat\/es\/caida-historica-de-la-industria-espanola\/","og_site_name":"Converses a Catalunya","article_published_time":"2021-02-09T11:23:20+00:00","article_modified_time":"2021-02-09T11:45:58+00:00","og_image":[{"width":1062,"height":703,"url":"https:\/\/conversesacatalunya.cat\/wp-content\/uploads\/2021\/02\/Capture-3.png","type":"image\/png"}],"author":"conversesacatalunya","twitter_card":"summary_large_image","twitter_misc":{"Escrito por":"conversesacatalunya","Tiempo de lectura":"2 minutos"},"schema":{"@context":"https:\/\/schema.org","@graph":[{"@type":"Article","@id":"https:\/\/conversesacatalunya.cat\/es\/caida-historica-de-la-industria-espanola\/#article","isPartOf":{"@id":"https:\/\/conversesacatalunya.cat\/es\/caida-historica-de-la-industria-espanola\/"},"author":{"name":"conversesacatalunya","@id":"https:\/\/conversesacatalunya.cat\/#\/schema\/person\/a7a9496a363cd9847daf7cd659d92e64"},"headline":"Ca\u00edda hist\u00f3rica de la industria espa\u00f1ola","datePublished":"2021-02-09T11:23:20+00:00","dateModified":"2021-02-09T11:45:58+00:00","mainEntityOfPage":{"@id":"https:\/\/conversesacatalunya.cat\/es\/caida-historica-de-la-industria-espanola\/"},"wordCount":366,"commentCount":0,"image":{"@id":"https:\/\/conversesacatalunya.cat\/es\/caida-historica-de-la-industria-espanola\/#primaryimage"},"thumbnailUrl":"https:\/\/conversesacatalunya.cat\/wp-content\/uploads\/2021\/02\/Capture-3.png","keywords":["coronavirus","PIB"],"articleSection":["Especial Coronavirus (ES)","Punts clau del dia (ES)"],"inLanguage":"es","potentialAction":[{"@type":"CommentAction","name":"Comment","target":["https:\/\/conversesacatalunya.cat\/es\/caida-historica-de-la-industria-espanola\/#respond"]}]},{"@type":"WebPage","@id":"https:\/\/conversesacatalunya.cat\/es\/caida-historica-de-la-industria-espanola\/","url":"https:\/\/conversesacatalunya.cat\/es\/caida-historica-de-la-industria-espanola\/","name":"Ca\u00edda hist\u00f3rica de la industria espa\u00f1ola - Converses a Catalunya","isPartOf":{"@id":"https:\/\/conversesacatalunya.cat\/#website"},"primaryImageOfPage":{"@id":"https:\/\/conversesacatalunya.cat\/es\/caida-historica-de-la-industria-espanola\/#primaryimage"},"image":{"@id":"https:\/\/conversesacatalunya.cat\/es\/caida-historica-de-la-industria-espanola\/#primaryimage"},"thumbnailUrl":"https:\/\/conversesacatalunya.cat\/wp-content\/uploads\/2021\/02\/Capture-3.png","datePublished":"2021-02-09T11:23:20+00:00","dateModified":"2021-02-09T11:45:58+00:00","author":{"@id":"https:\/\/conversesacatalunya.cat\/#\/schema\/person\/a7a9496a363cd9847daf7cd659d92e64"},"description":"La producci\u00f3n industrial y el turismo han sufrido considerablemente durante este \u00faltimo a\u00f1o por el Coronavirus,","breadcrumb":{"@id":"https:\/\/conversesacatalunya.cat\/es\/caida-historica-de-la-industria-espanola\/#breadcrumb"},"inLanguage":"es","potentialAction":[{"@type":"ReadAction","target":["https:\/\/conversesacatalunya.cat\/es\/caida-historica-de-la-industria-espanola\/"]}]},{"@type":"ImageObject","inLanguage":"es","@id":"https:\/\/conversesacatalunya.cat\/es\/caida-historica-de-la-industria-espanola\/#primaryimage","url":"https:\/\/conversesacatalunya.cat\/wp-content\/uploads\/2021\/02\/Capture-3.png","contentUrl":"https:\/\/conversesacatalunya.cat\/wp-content\/uploads\/2021\/02\/Capture-3.png","width":1062,"height":703,"caption":"ind\u00fastria"},{"@type":"BreadcrumbList","@id":"https:\/\/conversesacatalunya.cat\/es\/caida-historica-de-la-industria-espanola\/#breadcrumb","itemListElement":[{"@type":"ListItem","position":1,"name":"Inici","item":"https:\/\/conversesacatalunya.cat\/es\/"},{"@type":"ListItem","position":2,"name":"Ca\u00edda hist\u00f3rica de la industria espa\u00f1ola"}]},{"@type":"WebSite","@id":"https:\/\/conversesacatalunya.cat\/#website","url":"https:\/\/conversesacatalunya.cat\/","name":"Converses a Catalunya","description":"","potentialAction":[{"@type":"SearchAction","target":{"@type":"EntryPoint","urlTemplate":"https:\/\/conversesacatalunya.cat\/?s={search_term_string}"},"query-input":{"@type":"PropertyValueSpecification","valueRequired":true,"valueName":"search_term_string"}}],"inLanguage":"es"},{"@type":"Person","@id":"https:\/\/conversesacatalunya.cat\/#\/schema\/person\/a7a9496a363cd9847daf7cd659d92e64","name":"conversesacatalunya","image":{"@type":"ImageObject","inLanguage":"es","@id":"https:\/\/conversesacatalunya.cat\/#\/schema\/person\/image\/","url":"https:\/\/conversesacatalunya.cat\/wp-content\/litespeed\/avatar\/ff91582b44ff9c880dc9c5ac2f5c7e89.jpg?ver=1777372947","contentUrl":"https:\/\/conversesacatalunya.cat\/wp-content\/litespeed\/avatar\/ff91582b44ff9c880dc9c5ac2f5c7e89.jpg?ver=1777372947","caption":"conversesacatalunya"},"url":"https:\/\/conversesacatalunya.cat\/es\/author\/francisco_garcia\/"}]}},"wps_subtitle":"La producci\u00f3n industrial y el turismo han sufrido considerablemente durante este \u00faltimo a\u00f1o por el Coronavirus, el cual dificulta la recuperaci\u00f3n de la econom\u00eda espa\u00f1ola","_links":{"self":[{"href":"https:\/\/conversesacatalunya.cat\/es\/wp-json\/wp\/v2\/posts\/44925","targetHints":{"allow":["GET"]}}],"collection":[{"href":"https:\/\/conversesacatalunya.cat\/es\/wp-json\/wp\/v2\/posts"}],"about":[{"href":"https:\/\/conversesacatalunya.cat\/es\/wp-json\/wp\/v2\/types\/post"}],"author":[{"embeddable":true,"href":"https:\/\/conversesacatalunya.cat\/es\/wp-json\/wp\/v2\/users\/20"}],"replies":[{"embeddable":true,"href":"https:\/\/conversesacatalunya.cat\/es\/wp-json\/wp\/v2\/comments?post=44925"}],"version-history":[{"count":2,"href":"https:\/\/conversesacatalunya.cat\/es\/wp-json\/wp\/v2\/posts\/44925\/revisions"}],"predecessor-version":[{"id":44927,"href":"https:\/\/conversesacatalunya.cat\/es\/wp-json\/wp\/v2\/posts\/44925\/revisions\/44927"}],"wp:featuredmedia":[{"embeddable":true,"href":"https:\/\/conversesacatalunya.cat\/es\/wp-json\/wp\/v2\/media\/44852"}],"wp:attachment":[{"href":"https:\/\/conversesacatalunya.cat\/es\/wp-json\/wp\/v2\/media?parent=44925"}],"wp:term":[{"taxonomy":"category","embeddable":true,"href":"https:\/\/conversesacatalunya.cat\/es\/wp-json\/wp\/v2\/categories?post=44925"},{"taxonomy":"post_tag","embeddable":true,"href":"https:\/\/conversesacatalunya.cat\/es\/wp-json\/wp\/v2\/tags?post=44925"}],"curies":[{"name":"wp","href":"https:\/\/api.w.org\/{rel}","templated":true}]}}