{"id":44873,"date":"2021-02-08T10:41:19","date_gmt":"2021-02-08T09:41:19","guid":{"rendered":"https:\/\/conversesacatalunya.cat\/primers-dies-biden-partit-democrata-no-treballadors\/"},"modified":"2021-02-08T13:16:01","modified_gmt":"2021-02-08T12:16:01","slug":"los-primeros-dias-de-biden-demuestran-que-el-partido-democrata-ya-no-es-el-de-los-trabajadores","status":"publish","type":"post","link":"https:\/\/conversesacatalunya.cat\/es\/los-primeros-dias-de-biden-demuestran-que-el-partido-democrata-ya-no-es-el-de-los-trabajadores\/","title":{"rendered":"Los primeros d\u00edas de Biden demuestran que el Partido Dem\u00f3crata ya no es el de los trabajadores"},"content":{"rendered":"<p align=\"justify\"><span><span class=\"\">Todav\u00eda hoy, en la imaginaci\u00f3n popular,\u00a0<\/span><\/span><strong><span><span class=\"\">el Partido Dem\u00f3crata de Estados Unidos defiende los intereses de las clases medias y trabajadoras<\/span><\/span><\/strong><span><span class=\"\">\u00a0contra los abusos de las grandes corporaciones.<\/span><\/span><\/p>\n<p align=\"justify\"><span>En pleno siglo XXI, sin embargo, el alma de esta formaci\u00f3n pol\u00edtica ha cambiado.\u00a0<\/span><a href=\"https:\/\/www.ft.com\/oren-cass\" target=\"_blank\" rel=\"noopener\"><span>Seg\u00fan<\/span><\/a><span>\u00a0Oren Cass, director del instituto\u00a0<\/span><i><span>American Compass<\/span><\/i><span>, las prioridades de los dem\u00f3cratas se han trasladado de los problemas econ\u00f3micos concretos hacia el progresismo m\u00e1s ideol\u00f3gico.<\/span><\/p>\n<p align=\"justify\"><span>Esto se explica, seg\u00fan Cass, porque\u00a0<\/span><strong><span>el n\u00facleo duro de activistas, donantes y consejeros dem\u00f3cratas est\u00e1n m\u00e1s motivados por las grietas raciales y identitarias y por el cambio clim\u00e1tico<\/span><\/strong><span>\u00a0que por corregir los efectos secundarios adversos de la econom\u00eda moderna.<\/span><\/p>\n<p align=\"justify\"><span>Cass pone como ejemplo a Amazon. Esta multinacional basa su negocio en la posici\u00f3n casi monopol\u00edstica que ocupa para vender art\u00edculos por internet y distribuirlos a domicilio, generalmente mediante veh\u00edculos contaminantes conducidos por trabajadores sin formaci\u00f3n.\u00a0<\/span><strong><span>No se puede decir que sea un gran modelo para el siglo XXI, al menos en su forma actual.<\/span><\/strong><\/p>\n<p align=\"justify\"><span>Sin embargo, pocas empresas han demostrado m\u00e1s entusiasmo por la presidencia de Joe Biden que Amazon.<\/span><\/p>\n<p align=\"justify\"><span>Pocas horas despu\u00e9s de la investidura del dem\u00f3crata, la cuenta de Twitter de Amazon\u00a0<\/span><a href=\"https:\/\/twitter.com\/amazonnews\/status\/1351946138740547588\" target=\"_blank\" rel=\"noopener\"><span>tuiteaba<\/span><\/a><span> que la empresa estaba \u00abpreparada para ayudar en los esfuerzos para afrontar el cambio clim\u00e1tico, controlar la epidemia de Covid-19, reactivar nuestra econom\u00eda y proponer pol\u00edticas de inmigraci\u00f3n de sentido com\u00fan que honren la diversidad de Am\u00e9rica\u00bb.<\/span><\/p>\n<p align=\"justify\"><span>Seg\u00fan la misma web de la Casa Blanca,\u00a0<\/span><strong><span>las \u00abprioridades inmediatas\u00bb del gobierno federal<\/span><\/strong><span> incluyen el control de la Covid-19, la promoci\u00f3n de la recuperaci\u00f3n econ\u00f3mica, la lucha contra el cambio clim\u00e1tico, la promoci\u00f3n de la igualdad racial y los derechos civiles, la reforma de nuestro sistema de inmigraci\u00f3n y la restauraci\u00f3n del papel de Am\u00e9rica en el mundo.<\/span><\/p>\n<p align=\"justify\"><span>Temas como los sueldos, los trabajos, la educaci\u00f3n, los impuestos, la reforma del sistema de salud p\u00fablica, quedan relegados al pie de p\u00e1gina.\u00a0Tampoco se habla de las necesarias leyes anti-monopolio ni de la regulaci\u00f3n de los mercados financieros.<\/span><\/p>\n<p align=\"justify\"><span>Tantos temas que durante la presidencia de Barack Obama supon\u00edan a\u00fan el ADN del Partido Dem\u00f3crata y le hab\u00edan dado la victoria electoral, y que han desaparecido totalmente.<\/span><\/p>\n<p align=\"justify\"><span>La nueva identidad del Partido Dem\u00f3crata,\u00a0<\/span><strong><span>definida por los intereses de sus nuevos donantes y activistas duros<\/span><\/strong><span>, ha quedado patente desde el primer d\u00eda de la presidencia de Biden.<\/span><\/p>\n<p align=\"justify\"><span>Si bien su primera decisi\u00f3n fue acertada al reforzar la lucha contra la Covid-19 e incentivar la recuperaci\u00f3n econ\u00f3mica, <\/span><strong><span>enseguida se perdi\u00f3 en un mar de pol\u00edticas de identidad y diversidad para contentar a sus ide\u00f3logos<\/span><\/strong><span>.\u00a0Entre \u00e9stas, la reintroducci\u00f3n de la discriminaci\u00f3n llamada positiva o la supresi\u00f3n, sin ning\u00fan an\u00e1lisis serio, de las restricciones a la inmigraci\u00f3n introducidas por Trump, a pesar de los <\/span><a href=\"\/\/americancompass.org\/the-commons\/worker-power-loose-borders-pick-one\/\" target=\"_blank\" rel=\"noopener\"><span>probables<\/span><\/a><span>\u00a0efectos virtuosos que han tenido para aumentar los salarios m\u00e1s bajos.<\/span><\/p>\n<p align=\"justify\"><span>El grueso de las primeras medidas de Biden tendr\u00e1 poco impacto positivo para las familias trabajadoras, ya sean blancas, negras o hisp\u00e1nicas.<\/span><\/p>\n<p align=\"justify\"><div id=\"polls-90\" class=\"wp-polls\">\n\t<form id=\"polls_form_90\" class=\"wp-polls-form\" action=\"\/index.php\" method=\"post\">\n\t\t<p style=\"display: none;\"><input type=\"hidden\" id=\"poll_90_nonce\" name=\"wp-polls-nonce\" value=\"775722bc83\" \/><\/p>\n\t\t<p style=\"display: none;\"><input type=\"hidden\" name=\"poll_id\" value=\"90\" \/><\/p>\n\t\t<p style=\"text-align: center\"><strong>Creus que els vots al PDEcat i al Partit Nacionalista de Catalunya influenciaran en els resultats de Junts per Catalunya?<\/strong><\/p><div id=\"polls-90-ans\" class=\"wp-polls-ans\"><ul class=\"wp-polls-ul\">\n\t\t<li><input type=\"radio\" id=\"poll-answer-208\" name=\"poll_90\" value=\"208\" \/> <label for=\"poll-answer-208\">Si<\/label><\/li>\n\t\t<li><input type=\"radio\" id=\"poll-answer-209\" name=\"poll_90\" value=\"209\" \/> <label for=\"poll-answer-209\">No<\/label><\/li>\n\t\t<\/ul><p style=\"text-align: center\"><input type=\"button\" name=\"vote\" value=\"   Vota   \" class=\"Buttons\" onclick=\"poll_vote(90);\" \/><\/p><p style=\"text-align: center\"><a href=\"#ViewPollResults\" onclick=\"poll_result(90); return false;\" title=\"View Results Of This Poll\">Mira els resultats<\/a><\/p><\/div>\n\t<\/form>\n<\/div>\n<div id=\"polls-90-loading\" class=\"wp-polls-loading\"><img decoding=\"async\" data-src=\"https:\/\/conversesacatalunya.cat\/wp-content\/plugins\/wp-polls\/images\/loading.gif\" width=\"16\" height=\"16\" alt=\"Cargando ...\" title=\"Cargando ...\" class=\"wp-polls-image lazyload\" src=\"data:image\/svg+xml;base64,PHN2ZyB3aWR0aD0iMSIgaGVpZ2h0PSIxIiB4bWxucz0iaHR0cDovL3d3dy53My5vcmcvMjAwMC9zdmciPjwvc3ZnPg==\" style=\"--smush-placeholder-width: 16px; --smush-placeholder-aspect-ratio: 16\/16;\" \/>&nbsp;Cargando ...<\/div>\n\n","protected":false},"excerpt":{"rendered":"<p>Todav\u00eda hoy, en la imaginaci\u00f3n popular,\u00a0el Partido Dem\u00f3crata de Estados Unidos defiende los intereses de las clases medias y trabajadoras\u00a0contra los abusos de las grandes corporaciones. En pleno siglo XXI, sin embargo, el alma de esta formaci\u00f3n pol\u00edtica ha cambiado.\u00a0Seg\u00fan\u00a0Oren Cass, director del instituto\u00a0American Compass, las prioridades de los dem\u00f3cratas se han trasladado de los problemas econ\u00f3micos concretos hacia el progresismo m\u00e1s ideol\u00f3gico. Esto se explica, seg\u00fan Cass, porque\u00a0el n\u00facleo duro de activistas, donantes y consejeros dem\u00f3cratas est\u00e1n m\u00e1s motivados por las grietas raciales y identitarias y por el cambio clim\u00e1tico\u00a0que por corregir los efectos secundarios adversos de la econom\u00eda moderna. Cass pone como ejemplo a Amazon. Esta multinacional basa su negocio en la posici\u00f3n casi monopol\u00edstica que ocupa para vender art\u00edculos por internet y distribuirlos a domicilio, generalmente mediante veh\u00edculos contaminantes conducidos por trabajadores sin formaci\u00f3n.\u00a0No se puede decir que sea un gran modelo para el siglo XXI, al menos en su forma actual. Sin embargo, pocas empresas han demostrado m\u00e1s entusiasmo por la presidencia de Joe Biden que Amazon. Pocas horas despu\u00e9s de la investidura del dem\u00f3crata, la cuenta de Twitter de Amazon\u00a0tuiteaba que la empresa estaba \u00abpreparada para ayudar en los esfuerzos para afrontar el cambio clim\u00e1tico, controlar la epidemia de Covid-19, reactivar nuestra econom\u00eda y proponer pol\u00edticas de inmigraci\u00f3n de sentido com\u00fan que honren la diversidad de Am\u00e9rica\u00bb. Seg\u00fan la misma web de la Casa Blanca,\u00a0las \u00abprioridades inmediatas\u00bb del gobierno federal incluyen el control de la Covid-19, la promoci\u00f3n de la recuperaci\u00f3n econ\u00f3mica, la lucha contra el cambio clim\u00e1tico, la promoci\u00f3n de la igualdad racial y los derechos civiles, la reforma de nuestro sistema de inmigraci\u00f3n y la restauraci\u00f3n del papel de Am\u00e9rica en el mundo. Temas como los sueldos, los trabajos, la educaci\u00f3n, los impuestos, la reforma del sistema de salud p\u00fablica, quedan relegados al pie de p\u00e1gina.\u00a0Tampoco se habla de las necesarias leyes anti-monopolio ni de la regulaci\u00f3n de los mercados financieros. Tantos temas que durante la presidencia de Barack Obama supon\u00edan a\u00fan el ADN del Partido Dem\u00f3crata y le hab\u00edan dado la victoria electoral, y que han desaparecido totalmente. La nueva identidad del Partido Dem\u00f3crata,\u00a0definida por los intereses de sus nuevos donantes y activistas duros, ha quedado patente desde el primer d\u00eda de la presidencia de Biden. Si bien su primera decisi\u00f3n fue acertada al reforzar la lucha contra la Covid-19 e incentivar la recuperaci\u00f3n econ\u00f3mica, enseguida se perdi\u00f3 en un mar de pol\u00edticas de identidad y diversidad para contentar a sus ide\u00f3logos.\u00a0Entre \u00e9stas, la reintroducci\u00f3n de la discriminaci\u00f3n llamada positiva o la supresi\u00f3n, sin ning\u00fan an\u00e1lisis serio, de las restricciones a la inmigraci\u00f3n introducidas por Trump, a pesar de los probables\u00a0efectos virtuosos que han tenido para aumentar los salarios m\u00e1s bajos. El grueso de las primeras medidas de Biden tendr\u00e1 poco impacto positivo para las familias trabajadoras, ya sean blancas, negras o hisp\u00e1nicas.<\/p>\n","protected":false},"author":67,"featured_media":44841,"comment_status":"open","ping_status":"open","sticky":false,"template":"","format":"standard","meta":{"_FSMCFIC_featured_image_caption":"","_FSMCFIC_featured_image_nocaption":"","_FSMCFIC_featured_image_hide":"","footnotes":""},"categories":[806],"tags":[1837,1756,1842],"class_list":["post-44873","post","type-post","status-publish","format-standard","has-post-thumbnail","hentry","category-punts-claus-del-dia-es","tag-biden-es","tag-eeuu-es","tag-partido-democrata"],"yoast_head":"<!-- This site is optimized with the Yoast SEO plugin v26.8 - https:\/\/yoast.com\/product\/yoast-seo-wordpress\/ -->\n<title>Los primeros d\u00edas de Biden demuestran que el Partido Dem\u00f3crata ya no es el de los trabajadores - Converses a Catalunya<\/title>\n<meta name=\"robots\" content=\"index, follow, max-snippet:-1, max-image-preview:large, max-video-preview:-1\" \/>\n<link rel=\"canonical\" href=\"https:\/\/conversesacatalunya.cat\/es\/los-primeros-dias-de-biden-demuestran-que-el-partido-democrata-ya-no-es-el-de-los-trabajadores\/\" \/>\n<meta property=\"og:locale\" content=\"es_ES\" \/>\n<meta property=\"og:type\" content=\"article\" \/>\n<meta property=\"og:title\" content=\"Los primeros d\u00edas de Biden demuestran que el Partido Dem\u00f3crata ya no es el de los trabajadores - Converses a Catalunya\" \/>\n<meta property=\"og:description\" content=\"Todav\u00eda hoy, en la imaginaci\u00f3n popular,\u00a0el Partido Dem\u00f3crata de Estados Unidos defiende los intereses de las clases medias y trabajadoras\u00a0contra los abusos de las grandes corporaciones. En pleno siglo XXI, sin embargo, el alma de esta formaci\u00f3n pol\u00edtica ha cambiado.\u00a0Seg\u00fan\u00a0Oren Cass, director del instituto\u00a0American Compass, las prioridades de los dem\u00f3cratas se han trasladado de los problemas econ\u00f3micos concretos hacia el progresismo m\u00e1s ideol\u00f3gico. Esto se explica, seg\u00fan Cass, porque\u00a0el n\u00facleo duro de activistas, donantes y consejeros dem\u00f3cratas est\u00e1n m\u00e1s motivados por las grietas raciales y identitarias y por el cambio clim\u00e1tico\u00a0que por corregir los efectos secundarios adversos de la econom\u00eda moderna. Cass pone como ejemplo a Amazon. Esta multinacional basa su negocio en la posici\u00f3n casi monopol\u00edstica que ocupa para vender art\u00edculos por internet y distribuirlos a domicilio, generalmente mediante veh\u00edculos contaminantes conducidos por trabajadores sin formaci\u00f3n.\u00a0No se puede decir que sea un gran modelo para el siglo XXI, al menos en su forma actual. Sin embargo, pocas empresas han demostrado m\u00e1s entusiasmo por la presidencia de Joe Biden que Amazon. Pocas horas despu\u00e9s de la investidura del dem\u00f3crata, la cuenta de Twitter de Amazon\u00a0tuiteaba que la empresa estaba \u00abpreparada para ayudar en los esfuerzos para afrontar el cambio clim\u00e1tico, controlar la epidemia de Covid-19, reactivar nuestra econom\u00eda y proponer pol\u00edticas de inmigraci\u00f3n de sentido com\u00fan que honren la diversidad de Am\u00e9rica\u00bb. Seg\u00fan la misma web de la Casa Blanca,\u00a0las \u00abprioridades inmediatas\u00bb del gobierno federal incluyen el control de la Covid-19, la promoci\u00f3n de la recuperaci\u00f3n econ\u00f3mica, la lucha contra el cambio clim\u00e1tico, la promoci\u00f3n de la igualdad racial y los derechos civiles, la reforma de nuestro sistema de inmigraci\u00f3n y la restauraci\u00f3n del papel de Am\u00e9rica en el mundo. Temas como los sueldos, los trabajos, la educaci\u00f3n, los impuestos, la reforma del sistema de salud p\u00fablica, quedan relegados al pie de p\u00e1gina.\u00a0Tampoco se habla de las necesarias leyes anti-monopolio ni de la regulaci\u00f3n de los mercados financieros. Tantos temas que durante la presidencia de Barack Obama supon\u00edan a\u00fan el ADN del Partido Dem\u00f3crata y le hab\u00edan dado la victoria electoral, y que han desaparecido totalmente. La nueva identidad del Partido Dem\u00f3crata,\u00a0definida por los intereses de sus nuevos donantes y activistas duros, ha quedado patente desde el primer d\u00eda de la presidencia de Biden. Si bien su primera decisi\u00f3n fue acertada al reforzar la lucha contra la Covid-19 e incentivar la recuperaci\u00f3n econ\u00f3mica, enseguida se perdi\u00f3 en un mar de pol\u00edticas de identidad y diversidad para contentar a sus ide\u00f3logos.\u00a0Entre \u00e9stas, la reintroducci\u00f3n de la discriminaci\u00f3n llamada positiva o la supresi\u00f3n, sin ning\u00fan an\u00e1lisis serio, de las restricciones a la inmigraci\u00f3n introducidas por Trump, a pesar de los probables\u00a0efectos virtuosos que han tenido para aumentar los salarios m\u00e1s bajos. El grueso de las primeras medidas de Biden tendr\u00e1 poco impacto positivo para las familias trabajadoras, ya sean blancas, negras o hisp\u00e1nicas.\" \/>\n<meta property=\"og:url\" content=\"https:\/\/conversesacatalunya.cat\/es\/los-primeros-dias-de-biden-demuestran-que-el-partido-democrata-ya-no-es-el-de-los-trabajadores\/\" \/>\n<meta property=\"og:site_name\" content=\"Converses a Catalunya\" \/>\n<meta property=\"article:published_time\" content=\"2021-02-08T09:41:19+00:00\" \/>\n<meta property=\"article:modified_time\" content=\"2021-02-08T12:16:01+00:00\" \/>\n<meta property=\"og:image\" content=\"https:\/\/conversesacatalunya.cat\/wp-content\/uploads\/2021\/02\/biden-treballador.jpg\" \/>\n\t<meta property=\"og:image:width\" content=\"640\" \/>\n\t<meta property=\"og:image:height\" content=\"480\" \/>\n\t<meta property=\"og:image:type\" content=\"image\/jpeg\" \/>\n<meta name=\"author\" content=\"conversesacatalunya\" \/>\n<meta name=\"twitter:card\" content=\"summary_large_image\" \/>\n<meta name=\"twitter:label1\" content=\"Escrito por\" \/>\n\t<meta name=\"twitter:data1\" content=\"conversesacatalunya\" \/>\n\t<meta name=\"twitter:label2\" content=\"Tiempo de lectura\" \/>\n\t<meta name=\"twitter:data2\" content=\"3 minutos\" \/>\n<script type=\"application\/ld+json\" class=\"yoast-schema-graph\">{\"@context\":\"https:\/\/schema.org\",\"@graph\":[{\"@type\":\"Article\",\"@id\":\"https:\/\/conversesacatalunya.cat\/es\/los-primeros-dias-de-biden-demuestran-que-el-partido-democrata-ya-no-es-el-de-los-trabajadores\/#article\",\"isPartOf\":{\"@id\":\"https:\/\/conversesacatalunya.cat\/es\/los-primeros-dias-de-biden-demuestran-que-el-partido-democrata-ya-no-es-el-de-los-trabajadores\/\"},\"author\":{\"name\":\"conversesacatalunya\",\"@id\":\"https:\/\/conversesacatalunya.cat\/#\/schema\/person\/c5a8ffe796b1512764aeb6d6d6fa0fc7\"},\"headline\":\"Los primeros d\u00edas de Biden demuestran que el Partido Dem\u00f3crata ya no es el de los trabajadores\",\"datePublished\":\"2021-02-08T09:41:19+00:00\",\"dateModified\":\"2021-02-08T12:16:01+00:00\",\"mainEntityOfPage\":{\"@id\":\"https:\/\/conversesacatalunya.cat\/es\/los-primeros-dias-de-biden-demuestran-que-el-partido-democrata-ya-no-es-el-de-los-trabajadores\/\"},\"wordCount\":569,\"commentCount\":0,\"image\":{\"@id\":\"https:\/\/conversesacatalunya.cat\/es\/los-primeros-dias-de-biden-demuestran-que-el-partido-democrata-ya-no-es-el-de-los-trabajadores\/#primaryimage\"},\"thumbnailUrl\":\"https:\/\/conversesacatalunya.cat\/wp-content\/uploads\/2021\/02\/biden-treballador.jpg\",\"keywords\":[\"Biden\",\"EEUU\",\"partido dem\u00f3crata\"],\"articleSection\":[\"Punts clau del dia (ES)\"],\"inLanguage\":\"es\",\"potentialAction\":[{\"@type\":\"CommentAction\",\"name\":\"Comment\",\"target\":[\"https:\/\/conversesacatalunya.cat\/es\/los-primeros-dias-de-biden-demuestran-que-el-partido-democrata-ya-no-es-el-de-los-trabajadores\/#respond\"]}]},{\"@type\":\"WebPage\",\"@id\":\"https:\/\/conversesacatalunya.cat\/es\/los-primeros-dias-de-biden-demuestran-que-el-partido-democrata-ya-no-es-el-de-los-trabajadores\/\",\"url\":\"https:\/\/conversesacatalunya.cat\/es\/los-primeros-dias-de-biden-demuestran-que-el-partido-democrata-ya-no-es-el-de-los-trabajadores\/\",\"name\":\"Los primeros d\u00edas de Biden demuestran que el Partido Dem\u00f3crata ya no es el de los trabajadores - Converses a Catalunya\",\"isPartOf\":{\"@id\":\"https:\/\/conversesacatalunya.cat\/#website\"},\"primaryImageOfPage\":{\"@id\":\"https:\/\/conversesacatalunya.cat\/es\/los-primeros-dias-de-biden-demuestran-que-el-partido-democrata-ya-no-es-el-de-los-trabajadores\/#primaryimage\"},\"image\":{\"@id\":\"https:\/\/conversesacatalunya.cat\/es\/los-primeros-dias-de-biden-demuestran-que-el-partido-democrata-ya-no-es-el-de-los-trabajadores\/#primaryimage\"},\"thumbnailUrl\":\"https:\/\/conversesacatalunya.cat\/wp-content\/uploads\/2021\/02\/biden-treballador.jpg\",\"datePublished\":\"2021-02-08T09:41:19+00:00\",\"dateModified\":\"2021-02-08T12:16:01+00:00\",\"author\":{\"@id\":\"https:\/\/conversesacatalunya.cat\/#\/schema\/person\/c5a8ffe796b1512764aeb6d6d6fa0fc7\"},\"breadcrumb\":{\"@id\":\"https:\/\/conversesacatalunya.cat\/es\/los-primeros-dias-de-biden-demuestran-que-el-partido-democrata-ya-no-es-el-de-los-trabajadores\/#breadcrumb\"},\"inLanguage\":\"es\",\"potentialAction\":[{\"@type\":\"ReadAction\",\"target\":[\"https:\/\/conversesacatalunya.cat\/es\/los-primeros-dias-de-biden-demuestran-que-el-partido-democrata-ya-no-es-el-de-los-trabajadores\/\"]}]},{\"@type\":\"ImageObject\",\"inLanguage\":\"es\",\"@id\":\"https:\/\/conversesacatalunya.cat\/es\/los-primeros-dias-de-biden-demuestran-que-el-partido-democrata-ya-no-es-el-de-los-trabajadores\/#primaryimage\",\"url\":\"https:\/\/conversesacatalunya.cat\/wp-content\/uploads\/2021\/02\/biden-treballador.jpg\",\"contentUrl\":\"https:\/\/conversesacatalunya.cat\/wp-content\/uploads\/2021\/02\/biden-treballador.jpg\",\"width\":640,\"height\":480},{\"@type\":\"BreadcrumbList\",\"@id\":\"https:\/\/conversesacatalunya.cat\/es\/los-primeros-dias-de-biden-demuestran-que-el-partido-democrata-ya-no-es-el-de-los-trabajadores\/#breadcrumb\",\"itemListElement\":[{\"@type\":\"ListItem\",\"position\":1,\"name\":\"Inici\",\"item\":\"https:\/\/conversesacatalunya.cat\/es\/\"},{\"@type\":\"ListItem\",\"position\":2,\"name\":\"Los primeros d\u00edas de Biden demuestran que el Partido Dem\u00f3crata ya no es el de los trabajadores\"}]},{\"@type\":\"WebSite\",\"@id\":\"https:\/\/conversesacatalunya.cat\/#website\",\"url\":\"https:\/\/conversesacatalunya.cat\/\",\"name\":\"Converses a Catalunya\",\"description\":\"\",\"potentialAction\":[{\"@type\":\"SearchAction\",\"target\":{\"@type\":\"EntryPoint\",\"urlTemplate\":\"https:\/\/conversesacatalunya.cat\/?s={search_term_string}\"},\"query-input\":{\"@type\":\"PropertyValueSpecification\",\"valueRequired\":true,\"valueName\":\"search_term_string\"}}],\"inLanguage\":\"es\"},{\"@type\":\"Person\",\"@id\":\"https:\/\/conversesacatalunya.cat\/#\/schema\/person\/c5a8ffe796b1512764aeb6d6d6fa0fc7\",\"name\":\"conversesacatalunya\",\"image\":{\"@type\":\"ImageObject\",\"inLanguage\":\"es\",\"@id\":\"https:\/\/conversesacatalunya.cat\/#\/schema\/person\/image\/\",\"url\":\"https:\/\/conversesacatalunya.cat\/wp-content\/litespeed\/avatar\/02659ee938034c59a151ae106ade943e.jpg?ver=1777051754\",\"contentUrl\":\"https:\/\/conversesacatalunya.cat\/wp-content\/litespeed\/avatar\/02659ee938034c59a151ae106ade943e.jpg?ver=1777051754\",\"caption\":\"conversesacatalunya\"},\"url\":\"https:\/\/conversesacatalunya.cat\/es\/author\/carles_lopez\/\"}]}<\/script>\n<!-- \/ Yoast SEO plugin. -->","yoast_head_json":{"title":"Los primeros d\u00edas de Biden demuestran que el Partido Dem\u00f3crata ya no es el de los trabajadores - Converses a Catalunya","robots":{"index":"index","follow":"follow","max-snippet":"max-snippet:-1","max-image-preview":"max-image-preview:large","max-video-preview":"max-video-preview:-1"},"canonical":"https:\/\/conversesacatalunya.cat\/es\/los-primeros-dias-de-biden-demuestran-que-el-partido-democrata-ya-no-es-el-de-los-trabajadores\/","og_locale":"es_ES","og_type":"article","og_title":"Los primeros d\u00edas de Biden demuestran que el Partido Dem\u00f3crata ya no es el de los trabajadores - Converses a Catalunya","og_description":"Todav\u00eda hoy, en la imaginaci\u00f3n popular,\u00a0el Partido Dem\u00f3crata de Estados Unidos defiende los intereses de las clases medias y trabajadoras\u00a0contra los abusos de las grandes corporaciones. En pleno siglo XXI, sin embargo, el alma de esta formaci\u00f3n pol\u00edtica ha cambiado.\u00a0Seg\u00fan\u00a0Oren Cass, director del instituto\u00a0American Compass, las prioridades de los dem\u00f3cratas se han trasladado de los problemas econ\u00f3micos concretos hacia el progresismo m\u00e1s ideol\u00f3gico. Esto se explica, seg\u00fan Cass, porque\u00a0el n\u00facleo duro de activistas, donantes y consejeros dem\u00f3cratas est\u00e1n m\u00e1s motivados por las grietas raciales y identitarias y por el cambio clim\u00e1tico\u00a0que por corregir los efectos secundarios adversos de la econom\u00eda moderna. Cass pone como ejemplo a Amazon. Esta multinacional basa su negocio en la posici\u00f3n casi monopol\u00edstica que ocupa para vender art\u00edculos por internet y distribuirlos a domicilio, generalmente mediante veh\u00edculos contaminantes conducidos por trabajadores sin formaci\u00f3n.\u00a0No se puede decir que sea un gran modelo para el siglo XXI, al menos en su forma actual. Sin embargo, pocas empresas han demostrado m\u00e1s entusiasmo por la presidencia de Joe Biden que Amazon. Pocas horas despu\u00e9s de la investidura del dem\u00f3crata, la cuenta de Twitter de Amazon\u00a0tuiteaba que la empresa estaba \u00abpreparada para ayudar en los esfuerzos para afrontar el cambio clim\u00e1tico, controlar la epidemia de Covid-19, reactivar nuestra econom\u00eda y proponer pol\u00edticas de inmigraci\u00f3n de sentido com\u00fan que honren la diversidad de Am\u00e9rica\u00bb. Seg\u00fan la misma web de la Casa Blanca,\u00a0las \u00abprioridades inmediatas\u00bb del gobierno federal incluyen el control de la Covid-19, la promoci\u00f3n de la recuperaci\u00f3n econ\u00f3mica, la lucha contra el cambio clim\u00e1tico, la promoci\u00f3n de la igualdad racial y los derechos civiles, la reforma de nuestro sistema de inmigraci\u00f3n y la restauraci\u00f3n del papel de Am\u00e9rica en el mundo. Temas como los sueldos, los trabajos, la educaci\u00f3n, los impuestos, la reforma del sistema de salud p\u00fablica, quedan relegados al pie de p\u00e1gina.\u00a0Tampoco se habla de las necesarias leyes anti-monopolio ni de la regulaci\u00f3n de los mercados financieros. Tantos temas que durante la presidencia de Barack Obama supon\u00edan a\u00fan el ADN del Partido Dem\u00f3crata y le hab\u00edan dado la victoria electoral, y que han desaparecido totalmente. La nueva identidad del Partido Dem\u00f3crata,\u00a0definida por los intereses de sus nuevos donantes y activistas duros, ha quedado patente desde el primer d\u00eda de la presidencia de Biden. Si bien su primera decisi\u00f3n fue acertada al reforzar la lucha contra la Covid-19 e incentivar la recuperaci\u00f3n econ\u00f3mica, enseguida se perdi\u00f3 en un mar de pol\u00edticas de identidad y diversidad para contentar a sus ide\u00f3logos.\u00a0Entre \u00e9stas, la reintroducci\u00f3n de la discriminaci\u00f3n llamada positiva o la supresi\u00f3n, sin ning\u00fan an\u00e1lisis serio, de las restricciones a la inmigraci\u00f3n introducidas por Trump, a pesar de los probables\u00a0efectos virtuosos que han tenido para aumentar los salarios m\u00e1s bajos. El grueso de las primeras medidas de Biden tendr\u00e1 poco impacto positivo para las familias trabajadoras, ya sean blancas, negras o hisp\u00e1nicas.","og_url":"https:\/\/conversesacatalunya.cat\/es\/los-primeros-dias-de-biden-demuestran-que-el-partido-democrata-ya-no-es-el-de-los-trabajadores\/","og_site_name":"Converses a Catalunya","article_published_time":"2021-02-08T09:41:19+00:00","article_modified_time":"2021-02-08T12:16:01+00:00","og_image":[{"width":640,"height":480,"url":"https:\/\/conversesacatalunya.cat\/wp-content\/uploads\/2021\/02\/biden-treballador.jpg","type":"image\/jpeg"}],"author":"conversesacatalunya","twitter_card":"summary_large_image","twitter_misc":{"Escrito por":"conversesacatalunya","Tiempo de lectura":"3 minutos"},"schema":{"@context":"https:\/\/schema.org","@graph":[{"@type":"Article","@id":"https:\/\/conversesacatalunya.cat\/es\/los-primeros-dias-de-biden-demuestran-que-el-partido-democrata-ya-no-es-el-de-los-trabajadores\/#article","isPartOf":{"@id":"https:\/\/conversesacatalunya.cat\/es\/los-primeros-dias-de-biden-demuestran-que-el-partido-democrata-ya-no-es-el-de-los-trabajadores\/"},"author":{"name":"conversesacatalunya","@id":"https:\/\/conversesacatalunya.cat\/#\/schema\/person\/c5a8ffe796b1512764aeb6d6d6fa0fc7"},"headline":"Los primeros d\u00edas de Biden demuestran que el Partido Dem\u00f3crata ya no es el de los trabajadores","datePublished":"2021-02-08T09:41:19+00:00","dateModified":"2021-02-08T12:16:01+00:00","mainEntityOfPage":{"@id":"https:\/\/conversesacatalunya.cat\/es\/los-primeros-dias-de-biden-demuestran-que-el-partido-democrata-ya-no-es-el-de-los-trabajadores\/"},"wordCount":569,"commentCount":0,"image":{"@id":"https:\/\/conversesacatalunya.cat\/es\/los-primeros-dias-de-biden-demuestran-que-el-partido-democrata-ya-no-es-el-de-los-trabajadores\/#primaryimage"},"thumbnailUrl":"https:\/\/conversesacatalunya.cat\/wp-content\/uploads\/2021\/02\/biden-treballador.jpg","keywords":["Biden","EEUU","partido dem\u00f3crata"],"articleSection":["Punts clau del dia (ES)"],"inLanguage":"es","potentialAction":[{"@type":"CommentAction","name":"Comment","target":["https:\/\/conversesacatalunya.cat\/es\/los-primeros-dias-de-biden-demuestran-que-el-partido-democrata-ya-no-es-el-de-los-trabajadores\/#respond"]}]},{"@type":"WebPage","@id":"https:\/\/conversesacatalunya.cat\/es\/los-primeros-dias-de-biden-demuestran-que-el-partido-democrata-ya-no-es-el-de-los-trabajadores\/","url":"https:\/\/conversesacatalunya.cat\/es\/los-primeros-dias-de-biden-demuestran-que-el-partido-democrata-ya-no-es-el-de-los-trabajadores\/","name":"Los primeros d\u00edas de Biden demuestran que el Partido Dem\u00f3crata ya no es el de los trabajadores - Converses a Catalunya","isPartOf":{"@id":"https:\/\/conversesacatalunya.cat\/#website"},"primaryImageOfPage":{"@id":"https:\/\/conversesacatalunya.cat\/es\/los-primeros-dias-de-biden-demuestran-que-el-partido-democrata-ya-no-es-el-de-los-trabajadores\/#primaryimage"},"image":{"@id":"https:\/\/conversesacatalunya.cat\/es\/los-primeros-dias-de-biden-demuestran-que-el-partido-democrata-ya-no-es-el-de-los-trabajadores\/#primaryimage"},"thumbnailUrl":"https:\/\/conversesacatalunya.cat\/wp-content\/uploads\/2021\/02\/biden-treballador.jpg","datePublished":"2021-02-08T09:41:19+00:00","dateModified":"2021-02-08T12:16:01+00:00","author":{"@id":"https:\/\/conversesacatalunya.cat\/#\/schema\/person\/c5a8ffe796b1512764aeb6d6d6fa0fc7"},"breadcrumb":{"@id":"https:\/\/conversesacatalunya.cat\/es\/los-primeros-dias-de-biden-demuestran-que-el-partido-democrata-ya-no-es-el-de-los-trabajadores\/#breadcrumb"},"inLanguage":"es","potentialAction":[{"@type":"ReadAction","target":["https:\/\/conversesacatalunya.cat\/es\/los-primeros-dias-de-biden-demuestran-que-el-partido-democrata-ya-no-es-el-de-los-trabajadores\/"]}]},{"@type":"ImageObject","inLanguage":"es","@id":"https:\/\/conversesacatalunya.cat\/es\/los-primeros-dias-de-biden-demuestran-que-el-partido-democrata-ya-no-es-el-de-los-trabajadores\/#primaryimage","url":"https:\/\/conversesacatalunya.cat\/wp-content\/uploads\/2021\/02\/biden-treballador.jpg","contentUrl":"https:\/\/conversesacatalunya.cat\/wp-content\/uploads\/2021\/02\/biden-treballador.jpg","width":640,"height":480},{"@type":"BreadcrumbList","@id":"https:\/\/conversesacatalunya.cat\/es\/los-primeros-dias-de-biden-demuestran-que-el-partido-democrata-ya-no-es-el-de-los-trabajadores\/#breadcrumb","itemListElement":[{"@type":"ListItem","position":1,"name":"Inici","item":"https:\/\/conversesacatalunya.cat\/es\/"},{"@type":"ListItem","position":2,"name":"Los primeros d\u00edas de Biden demuestran que el Partido Dem\u00f3crata ya no es el de los trabajadores"}]},{"@type":"WebSite","@id":"https:\/\/conversesacatalunya.cat\/#website","url":"https:\/\/conversesacatalunya.cat\/","name":"Converses a Catalunya","description":"","potentialAction":[{"@type":"SearchAction","target":{"@type":"EntryPoint","urlTemplate":"https:\/\/conversesacatalunya.cat\/?s={search_term_string}"},"query-input":{"@type":"PropertyValueSpecification","valueRequired":true,"valueName":"search_term_string"}}],"inLanguage":"es"},{"@type":"Person","@id":"https:\/\/conversesacatalunya.cat\/#\/schema\/person\/c5a8ffe796b1512764aeb6d6d6fa0fc7","name":"conversesacatalunya","image":{"@type":"ImageObject","inLanguage":"es","@id":"https:\/\/conversesacatalunya.cat\/#\/schema\/person\/image\/","url":"https:\/\/conversesacatalunya.cat\/wp-content\/litespeed\/avatar\/02659ee938034c59a151ae106ade943e.jpg?ver=1777051754","contentUrl":"https:\/\/conversesacatalunya.cat\/wp-content\/litespeed\/avatar\/02659ee938034c59a151ae106ade943e.jpg?ver=1777051754","caption":"conversesacatalunya"},"url":"https:\/\/conversesacatalunya.cat\/es\/author\/carles_lopez\/"}]}},"wps_subtitle":"Los activistas y donantes dem\u00f3cratas est\u00e1n m\u00e1s motivados por las grietas raciales y identitarias y por el cambio clim\u00e1tico que por corregir los efectos secundarios adversos de la econom\u00eda moderna","_links":{"self":[{"href":"https:\/\/conversesacatalunya.cat\/es\/wp-json\/wp\/v2\/posts\/44873","targetHints":{"allow":["GET"]}}],"collection":[{"href":"https:\/\/conversesacatalunya.cat\/es\/wp-json\/wp\/v2\/posts"}],"about":[{"href":"https:\/\/conversesacatalunya.cat\/es\/wp-json\/wp\/v2\/types\/post"}],"author":[{"embeddable":true,"href":"https:\/\/conversesacatalunya.cat\/es\/wp-json\/wp\/v2\/users\/67"}],"replies":[{"embeddable":true,"href":"https:\/\/conversesacatalunya.cat\/es\/wp-json\/wp\/v2\/comments?post=44873"}],"version-history":[{"count":2,"href":"https:\/\/conversesacatalunya.cat\/es\/wp-json\/wp\/v2\/posts\/44873\/revisions"}],"predecessor-version":[{"id":44875,"href":"https:\/\/conversesacatalunya.cat\/es\/wp-json\/wp\/v2\/posts\/44873\/revisions\/44875"}],"wp:featuredmedia":[{"embeddable":true,"href":"https:\/\/conversesacatalunya.cat\/es\/wp-json\/wp\/v2\/media\/44841"}],"wp:attachment":[{"href":"https:\/\/conversesacatalunya.cat\/es\/wp-json\/wp\/v2\/media?parent=44873"}],"wp:term":[{"taxonomy":"category","embeddable":true,"href":"https:\/\/conversesacatalunya.cat\/es\/wp-json\/wp\/v2\/categories?post=44873"},{"taxonomy":"post_tag","embeddable":true,"href":"https:\/\/conversesacatalunya.cat\/es\/wp-json\/wp\/v2\/tags?post=44873"}],"curies":[{"name":"wp","href":"https:\/\/api.w.org\/{rel}","templated":true}]}}