{"id":44705,"date":"2021-02-02T10:47:26","date_gmt":"2021-02-02T09:47:26","guid":{"rendered":"https:\/\/conversesacatalunya.cat\/resultats-de-lenquesta-anterior-creus-que-fa-be-el-govern-espanyol-de-presentar-directament-a-la-comissio-europea-els-programes-dajuda-next-generation-eu-sense-passar-pel-congres-dels-diputats\/"},"modified":"2021-02-02T10:55:45","modified_gmt":"2021-02-02T09:55:45","slug":"resultats-de-lenquesta-anterior-creus-que-fa-be-el-govern-espanyol-de-presentar-directament-a-la-comissio-europea-els-programes-dajuda-next-generation-eu-sense-passar-pel-congres-dels-diputats","status":"publish","type":"post","link":"https:\/\/conversesacatalunya.cat\/es\/resultats-de-lenquesta-anterior-creus-que-fa-be-el-govern-espanyol-de-presentar-directament-a-la-comissio-europea-els-programes-dajuda-next-generation-eu-sense-passar-pel-congres-dels-diputats\/","title":{"rendered":"Resultados de la encuesta anterior: \u00bfCrees que hace bien el gobierno espa\u00f1ol de presentar directamente a la Comisi\u00f3n Europea los programas de ayuda Next Generation EU sin pasar por el Congreso?"},"content":{"rendered":"<p><span class=\"\">En la encuesta anterior: \u00bfCrees que hace bien el gobierno espa\u00f1ol de presentar directamente a la Comisi\u00f3n Europea los programas de ayuda Next Generation EU sin pasar por el Congreso?, nuestros lectores han votado lo siguiente:<\/span><\/p>\n<p><strong>No: 61%<\/strong><\/p>\n<p><strong>S\u00ed: 20%<\/strong><\/p>\n<p><strong>No lo s\u00e9: 18%<\/strong><\/p>\n<p><span class=\"\">El pasado 28 de enero se aprob\u00f3, en el Congreso, el decreto del gobierno espa\u00f1ol que pone las bases para la recepci\u00f3n de los 140.000 millones de euros de los fondos de recuperaci\u00f3n europeos (Next Generation EU).<\/span><\/p>\n<p>La aprobaci\u00f3n se logr\u00f3 con el apoyo del PNV, Bildu, M\u00e1s Pa\u00eds, Comprom\u00eds, Coalici\u00f3n Canaria, Nueva Canarias, Teruel Existe, el PRC, el PSOE y Unidas Podemos. Con estos votos y la <strong>abstenci\u00f3n de Vox<\/strong> se consigui\u00f3 la mayor\u00eda absoluta.<\/p>\n<p>Votaron en contra: ERC, PP, JxCat, PDEcat, Ciudadanos y la CUP.<\/p>\n<p>Una de las cr\u00edticas que se han hecho a este decreto es que se trata de un plan sin consenso, con una gesti\u00f3n centralizada ya que se asignar\u00e1n los proyectos desde Madrid.<\/p>\n<div id=\"polls-90\" class=\"wp-polls\">\n\t<form id=\"polls_form_90\" class=\"wp-polls-form\" action=\"\/index.php\" method=\"post\">\n\t\t<p style=\"display: none;\"><input type=\"hidden\" id=\"poll_90_nonce\" name=\"wp-polls-nonce\" value=\"1def0d56ba\" \/><\/p>\n\t\t<p style=\"display: none;\"><input type=\"hidden\" name=\"poll_id\" value=\"90\" \/><\/p>\n\t\t<p style=\"text-align: center\"><strong>Creus que els vots al PDEcat i al Partit Nacionalista de Catalunya influenciaran en els resultats de Junts per Catalunya?<\/strong><\/p><div id=\"polls-90-ans\" class=\"wp-polls-ans\"><ul class=\"wp-polls-ul\">\n\t\t<li><input type=\"radio\" id=\"poll-answer-208\" name=\"poll_90\" value=\"208\" \/> <label for=\"poll-answer-208\">Si<\/label><\/li>\n\t\t<li><input type=\"radio\" id=\"poll-answer-209\" name=\"poll_90\" value=\"209\" \/> <label for=\"poll-answer-209\">No<\/label><\/li>\n\t\t<\/ul><p style=\"text-align: center\"><input type=\"button\" name=\"vote\" value=\"   Vota   \" class=\"Buttons\" onclick=\"poll_vote(90);\" \/><\/p><p style=\"text-align: center\"><a href=\"#ViewPollResults\" onclick=\"poll_result(90); return false;\" title=\"View Results Of This Poll\">Mira els resultats<\/a><\/p><\/div>\n\t<\/form>\n<\/div>\n<div id=\"polls-90-loading\" class=\"wp-polls-loading\"><img decoding=\"async\" data-src=\"https:\/\/conversesacatalunya.cat\/wp-content\/plugins\/wp-polls\/images\/loading.gif\" width=\"16\" height=\"16\" alt=\"Cargando ...\" title=\"Cargando ...\" class=\"wp-polls-image lazyload\" src=\"data:image\/svg+xml;base64,PHN2ZyB3aWR0aD0iMSIgaGVpZ2h0PSIxIiB4bWxucz0iaHR0cDovL3d3dy53My5vcmcvMjAwMC9zdmciPjwvc3ZnPg==\" style=\"--smush-placeholder-width: 16px; --smush-placeholder-aspect-ratio: 16\/16;\" \/>&nbsp;Cargando ...<\/div>\n\n<p>&nbsp;<\/p>\n","protected":false},"excerpt":{"rendered":"<p>En la encuesta anterior: \u00bfCrees que hace bien el gobierno espa\u00f1ol de presentar directamente a la Comisi\u00f3n Europea los programas de ayuda Next Generation EU sin pasar por el Congreso?, nuestros lectores han votado lo siguiente: No: 61% S\u00ed: 20% No lo s\u00e9: 18% El pasado 28 de enero se aprob\u00f3, en el Congreso, el decreto del gobierno espa\u00f1ol que pone las bases para la recepci\u00f3n de los 140.000 millones de euros de los fondos de recuperaci\u00f3n europeos (Next Generation EU). La aprobaci\u00f3n se logr\u00f3 con el apoyo del PNV, Bildu, M\u00e1s Pa\u00eds, Comprom\u00eds, Coalici\u00f3n Canaria, Nueva Canarias, Teruel Existe, el PRC, el PSOE y Unidas Podemos. Con estos votos y la abstenci\u00f3n de Vox se consigui\u00f3 la mayor\u00eda absoluta. Votaron en contra: ERC, PP, JxCat, PDEcat, Ciudadanos y la CUP. Una de las cr\u00edticas que se han hecho a este decreto es que se trata de un plan sin consenso, con una gesti\u00f3n centralizada ya que se asignar\u00e1n los proyectos desde Madrid. &nbsp;<\/p>\n","protected":false},"author":3,"featured_media":44701,"comment_status":"open","ping_status":"open","sticky":false,"template":"","format":"standard","meta":{"_FSMCFIC_featured_image_caption":"","_FSMCFIC_featured_image_nocaption":"","_FSMCFIC_featured_image_hide":"","footnotes":""},"categories":[789],"tags":[3373,3426],"class_list":["post-44705","post","type-post","status-publish","format-standard","has-post-thumbnail","hentry","category-objectius-especifics-es","tag-fondos-europeos","tag-next-generation-es"],"yoast_head":"<!-- This site is optimized with the Yoast SEO plugin v26.8 - https:\/\/yoast.com\/product\/yoast-seo-wordpress\/ -->\n<title>Resultados de la encuesta anterior: \u00bfCrees que hace bien el gobierno espa\u00f1ol de presentar directamente a la Comisi\u00f3n Europea los programas de ayuda Next Generation EU sin pasar por el Congreso? - Converses a Catalunya<\/title>\n<meta name=\"robots\" content=\"index, follow, max-snippet:-1, max-image-preview:large, max-video-preview:-1\" \/>\n<link rel=\"canonical\" href=\"https:\/\/conversesacatalunya.cat\/es\/resultats-de-lenquesta-anterior-creus-que-fa-be-el-govern-espanyol-de-presentar-directament-a-la-comissio-europea-els-programes-dajuda-next-generation-eu-sense-passar-pel-congres-dels-diputats\/\" \/>\n<meta property=\"og:locale\" content=\"es_ES\" \/>\n<meta property=\"og:type\" content=\"article\" \/>\n<meta property=\"og:title\" content=\"Resultados de la encuesta anterior: \u00bfCrees que hace bien el gobierno espa\u00f1ol de presentar directamente a la Comisi\u00f3n Europea los programas de ayuda Next Generation EU sin pasar por el Congreso? - Converses a Catalunya\" \/>\n<meta property=\"og:description\" content=\"En la encuesta anterior: \u00bfCrees que hace bien el gobierno espa\u00f1ol de presentar directamente a la Comisi\u00f3n Europea los programas de ayuda Next Generation EU sin pasar por el Congreso?, nuestros lectores han votado lo siguiente: No: 61% S\u00ed: 20% No lo s\u00e9: 18% El pasado 28 de enero se aprob\u00f3, en el Congreso, el decreto del gobierno espa\u00f1ol que pone las bases para la recepci\u00f3n de los 140.000 millones de euros de los fondos de recuperaci\u00f3n europeos (Next Generation EU). La aprobaci\u00f3n se logr\u00f3 con el apoyo del PNV, Bildu, M\u00e1s Pa\u00eds, Comprom\u00eds, Coalici\u00f3n Canaria, Nueva Canarias, Teruel Existe, el PRC, el PSOE y Unidas Podemos. Con estos votos y la abstenci\u00f3n de Vox se consigui\u00f3 la mayor\u00eda absoluta. Votaron en contra: ERC, PP, JxCat, PDEcat, Ciudadanos y la CUP. Una de las cr\u00edticas que se han hecho a este decreto es que se trata de un plan sin consenso, con una gesti\u00f3n centralizada ya que se asignar\u00e1n los proyectos desde Madrid. &nbsp;\" \/>\n<meta property=\"og:url\" content=\"https:\/\/conversesacatalunya.cat\/es\/resultats-de-lenquesta-anterior-creus-que-fa-be-el-govern-espanyol-de-presentar-directament-a-la-comissio-europea-els-programes-dajuda-next-generation-eu-sense-passar-pel-congres-dels-diputats\/\" \/>\n<meta property=\"og:site_name\" content=\"Converses a Catalunya\" \/>\n<meta property=\"article:published_time\" content=\"2021-02-02T09:47:26+00:00\" \/>\n<meta property=\"article:modified_time\" content=\"2021-02-02T09:55:45+00:00\" \/>\n<meta property=\"og:image\" content=\"https:\/\/conversesacatalunya.cat\/wp-content\/uploads\/2021\/02\/Fondo-Next-Generation-EU-e1606726875605.jpg\" \/>\n\t<meta property=\"og:image:width\" content=\"2000\" \/>\n\t<meta property=\"og:image:height\" content=\"1003\" \/>\n\t<meta property=\"og:image:type\" content=\"image\/jpeg\" \/>\n<meta name=\"author\" content=\"conversesacatalunya\" \/>\n<meta name=\"twitter:card\" content=\"summary_large_image\" \/>\n<meta name=\"twitter:label1\" content=\"Escrito por\" \/>\n\t<meta name=\"twitter:data1\" content=\"conversesacatalunya\" \/>\n\t<meta name=\"twitter:label2\" content=\"Tiempo de lectura\" \/>\n\t<meta name=\"twitter:data2\" content=\"1 minuto\" \/>\n<script type=\"application\/ld+json\" class=\"yoast-schema-graph\">{\"@context\":\"https:\/\/schema.org\",\"@graph\":[{\"@type\":\"Article\",\"@id\":\"https:\/\/conversesacatalunya.cat\/es\/resultats-de-lenquesta-anterior-creus-que-fa-be-el-govern-espanyol-de-presentar-directament-a-la-comissio-europea-els-programes-dajuda-next-generation-eu-sense-passar-pel-congres-dels-diputats\/#article\",\"isPartOf\":{\"@id\":\"https:\/\/conversesacatalunya.cat\/es\/resultats-de-lenquesta-anterior-creus-que-fa-be-el-govern-espanyol-de-presentar-directament-a-la-comissio-europea-els-programes-dajuda-next-generation-eu-sense-passar-pel-congres-dels-diputats\/\"},\"author\":{\"name\":\"conversesacatalunya\",\"@id\":\"https:\/\/conversesacatalunya.cat\/#\/schema\/person\/982274792508d804a0821b413c9ac076\"},\"headline\":\"Resultados de la encuesta anterior: \u00bfCrees que hace bien el gobierno espa\u00f1ol de presentar directamente a la Comisi\u00f3n Europea los programas de ayuda Next Generation EU sin pasar por el Congreso?\",\"datePublished\":\"2021-02-02T09:47:26+00:00\",\"dateModified\":\"2021-02-02T09:55:45+00:00\",\"mainEntityOfPage\":{\"@id\":\"https:\/\/conversesacatalunya.cat\/es\/resultats-de-lenquesta-anterior-creus-que-fa-be-el-govern-espanyol-de-presentar-directament-a-la-comissio-europea-els-programes-dajuda-next-generation-eu-sense-passar-pel-congres-dels-diputats\/\"},\"wordCount\":209,\"commentCount\":0,\"image\":{\"@id\":\"https:\/\/conversesacatalunya.cat\/es\/resultats-de-lenquesta-anterior-creus-que-fa-be-el-govern-espanyol-de-presentar-directament-a-la-comissio-europea-els-programes-dajuda-next-generation-eu-sense-passar-pel-congres-dels-diputats\/#primaryimage\"},\"thumbnailUrl\":\"https:\/\/conversesacatalunya.cat\/wp-content\/uploads\/2021\/02\/Fondo-Next-Generation-EU-e1606726875605.jpg\",\"keywords\":[\"fondos europeos\",\"Next Generation\"],\"articleSection\":[\"Objectius espec\u00edfics (ES)\"],\"inLanguage\":\"es\",\"potentialAction\":[{\"@type\":\"CommentAction\",\"name\":\"Comment\",\"target\":[\"https:\/\/conversesacatalunya.cat\/es\/resultats-de-lenquesta-anterior-creus-que-fa-be-el-govern-espanyol-de-presentar-directament-a-la-comissio-europea-els-programes-dajuda-next-generation-eu-sense-passar-pel-congres-dels-diputats\/#respond\"]}]},{\"@type\":\"WebPage\",\"@id\":\"https:\/\/conversesacatalunya.cat\/es\/resultats-de-lenquesta-anterior-creus-que-fa-be-el-govern-espanyol-de-presentar-directament-a-la-comissio-europea-els-programes-dajuda-next-generation-eu-sense-passar-pel-congres-dels-diputats\/\",\"url\":\"https:\/\/conversesacatalunya.cat\/es\/resultats-de-lenquesta-anterior-creus-que-fa-be-el-govern-espanyol-de-presentar-directament-a-la-comissio-europea-els-programes-dajuda-next-generation-eu-sense-passar-pel-congres-dels-diputats\/\",\"name\":\"Resultados de la encuesta anterior: \u00bfCrees que hace bien el gobierno espa\u00f1ol de presentar directamente a la Comisi\u00f3n Europea los programas de ayuda Next Generation EU sin pasar por el Congreso? - Converses a Catalunya\",\"isPartOf\":{\"@id\":\"https:\/\/conversesacatalunya.cat\/#website\"},\"primaryImageOfPage\":{\"@id\":\"https:\/\/conversesacatalunya.cat\/es\/resultats-de-lenquesta-anterior-creus-que-fa-be-el-govern-espanyol-de-presentar-directament-a-la-comissio-europea-els-programes-dajuda-next-generation-eu-sense-passar-pel-congres-dels-diputats\/#primaryimage\"},\"image\":{\"@id\":\"https:\/\/conversesacatalunya.cat\/es\/resultats-de-lenquesta-anterior-creus-que-fa-be-el-govern-espanyol-de-presentar-directament-a-la-comissio-europea-els-programes-dajuda-next-generation-eu-sense-passar-pel-congres-dels-diputats\/#primaryimage\"},\"thumbnailUrl\":\"https:\/\/conversesacatalunya.cat\/wp-content\/uploads\/2021\/02\/Fondo-Next-Generation-EU-e1606726875605.jpg\",\"datePublished\":\"2021-02-02T09:47:26+00:00\",\"dateModified\":\"2021-02-02T09:55:45+00:00\",\"author\":{\"@id\":\"https:\/\/conversesacatalunya.cat\/#\/schema\/person\/982274792508d804a0821b413c9ac076\"},\"breadcrumb\":{\"@id\":\"https:\/\/conversesacatalunya.cat\/es\/resultats-de-lenquesta-anterior-creus-que-fa-be-el-govern-espanyol-de-presentar-directament-a-la-comissio-europea-els-programes-dajuda-next-generation-eu-sense-passar-pel-congres-dels-diputats\/#breadcrumb\"},\"inLanguage\":\"es\",\"potentialAction\":[{\"@type\":\"ReadAction\",\"target\":[\"https:\/\/conversesacatalunya.cat\/es\/resultats-de-lenquesta-anterior-creus-que-fa-be-el-govern-espanyol-de-presentar-directament-a-la-comissio-europea-els-programes-dajuda-next-generation-eu-sense-passar-pel-congres-dels-diputats\/\"]}]},{\"@type\":\"ImageObject\",\"inLanguage\":\"es\",\"@id\":\"https:\/\/conversesacatalunya.cat\/es\/resultats-de-lenquesta-anterior-creus-que-fa-be-el-govern-espanyol-de-presentar-directament-a-la-comissio-europea-els-programes-dajuda-next-generation-eu-sense-passar-pel-congres-dels-diputats\/#primaryimage\",\"url\":\"https:\/\/conversesacatalunya.cat\/wp-content\/uploads\/2021\/02\/Fondo-Next-Generation-EU-e1606726875605.jpg\",\"contentUrl\":\"https:\/\/conversesacatalunya.cat\/wp-content\/uploads\/2021\/02\/Fondo-Next-Generation-EU-e1606726875605.jpg\",\"width\":2000,\"height\":1003,\"caption\":\"Nex Generation EU\"},{\"@type\":\"BreadcrumbList\",\"@id\":\"https:\/\/conversesacatalunya.cat\/es\/resultats-de-lenquesta-anterior-creus-que-fa-be-el-govern-espanyol-de-presentar-directament-a-la-comissio-europea-els-programes-dajuda-next-generation-eu-sense-passar-pel-congres-dels-diputats\/#breadcrumb\",\"itemListElement\":[{\"@type\":\"ListItem\",\"position\":1,\"name\":\"Inici\",\"item\":\"https:\/\/conversesacatalunya.cat\/es\/\"},{\"@type\":\"ListItem\",\"position\":2,\"name\":\"Resultados de la encuesta anterior: \u00bfCrees que hace bien el gobierno espa\u00f1ol de presentar directamente a la Comisi\u00f3n Europea los programas de ayuda Next Generation EU sin pasar por el Congreso?\"}]},{\"@type\":\"WebSite\",\"@id\":\"https:\/\/conversesacatalunya.cat\/#website\",\"url\":\"https:\/\/conversesacatalunya.cat\/\",\"name\":\"Converses a Catalunya\",\"description\":\"\",\"potentialAction\":[{\"@type\":\"SearchAction\",\"target\":{\"@type\":\"EntryPoint\",\"urlTemplate\":\"https:\/\/conversesacatalunya.cat\/?s={search_term_string}\"},\"query-input\":{\"@type\":\"PropertyValueSpecification\",\"valueRequired\":true,\"valueName\":\"search_term_string\"}}],\"inLanguage\":\"es\"},{\"@type\":\"Person\",\"@id\":\"https:\/\/conversesacatalunya.cat\/#\/schema\/person\/982274792508d804a0821b413c9ac076\",\"name\":\"conversesacatalunya\",\"image\":{\"@type\":\"ImageObject\",\"inLanguage\":\"es\",\"@id\":\"https:\/\/conversesacatalunya.cat\/#\/schema\/person\/image\/\",\"url\":\"https:\/\/conversesacatalunya.cat\/wp-content\/litespeed\/avatar\/f04b47eeffd9637c7cf7869e217fb9ec.jpg?ver=1777370077\",\"contentUrl\":\"https:\/\/conversesacatalunya.cat\/wp-content\/litespeed\/avatar\/f04b47eeffd9637c7cf7869e217fb9ec.jpg?ver=1777370077\",\"caption\":\"conversesacatalunya\"},\"url\":\"https:\/\/conversesacatalunya.cat\/es\/author\/muntsa_escola\/\"}]}<\/script>\n<!-- \/ Yoast SEO plugin. -->","yoast_head_json":{"title":"Resultados de la encuesta anterior: \u00bfCrees que hace bien el gobierno espa\u00f1ol de presentar directamente a la Comisi\u00f3n Europea los programas de ayuda Next Generation EU sin pasar por el Congreso? - Converses a Catalunya","robots":{"index":"index","follow":"follow","max-snippet":"max-snippet:-1","max-image-preview":"max-image-preview:large","max-video-preview":"max-video-preview:-1"},"canonical":"https:\/\/conversesacatalunya.cat\/es\/resultats-de-lenquesta-anterior-creus-que-fa-be-el-govern-espanyol-de-presentar-directament-a-la-comissio-europea-els-programes-dajuda-next-generation-eu-sense-passar-pel-congres-dels-diputats\/","og_locale":"es_ES","og_type":"article","og_title":"Resultados de la encuesta anterior: \u00bfCrees que hace bien el gobierno espa\u00f1ol de presentar directamente a la Comisi\u00f3n Europea los programas de ayuda Next Generation EU sin pasar por el Congreso? - Converses a Catalunya","og_description":"En la encuesta anterior: \u00bfCrees que hace bien el gobierno espa\u00f1ol de presentar directamente a la Comisi\u00f3n Europea los programas de ayuda Next Generation EU sin pasar por el Congreso?, nuestros lectores han votado lo siguiente: No: 61% S\u00ed: 20% No lo s\u00e9: 18% El pasado 28 de enero se aprob\u00f3, en el Congreso, el decreto del gobierno espa\u00f1ol que pone las bases para la recepci\u00f3n de los 140.000 millones de euros de los fondos de recuperaci\u00f3n europeos (Next Generation EU). La aprobaci\u00f3n se logr\u00f3 con el apoyo del PNV, Bildu, M\u00e1s Pa\u00eds, Comprom\u00eds, Coalici\u00f3n Canaria, Nueva Canarias, Teruel Existe, el PRC, el PSOE y Unidas Podemos. Con estos votos y la abstenci\u00f3n de Vox se consigui\u00f3 la mayor\u00eda absoluta. Votaron en contra: ERC, PP, JxCat, PDEcat, Ciudadanos y la CUP. Una de las cr\u00edticas que se han hecho a este decreto es que se trata de un plan sin consenso, con una gesti\u00f3n centralizada ya que se asignar\u00e1n los proyectos desde Madrid. &nbsp;","og_url":"https:\/\/conversesacatalunya.cat\/es\/resultats-de-lenquesta-anterior-creus-que-fa-be-el-govern-espanyol-de-presentar-directament-a-la-comissio-europea-els-programes-dajuda-next-generation-eu-sense-passar-pel-congres-dels-diputats\/","og_site_name":"Converses a Catalunya","article_published_time":"2021-02-02T09:47:26+00:00","article_modified_time":"2021-02-02T09:55:45+00:00","og_image":[{"width":2000,"height":1003,"url":"https:\/\/conversesacatalunya.cat\/wp-content\/uploads\/2021\/02\/Fondo-Next-Generation-EU-e1606726875605.jpg","type":"image\/jpeg"}],"author":"conversesacatalunya","twitter_card":"summary_large_image","twitter_misc":{"Escrito por":"conversesacatalunya","Tiempo de lectura":"1 minuto"},"schema":{"@context":"https:\/\/schema.org","@graph":[{"@type":"Article","@id":"https:\/\/conversesacatalunya.cat\/es\/resultats-de-lenquesta-anterior-creus-que-fa-be-el-govern-espanyol-de-presentar-directament-a-la-comissio-europea-els-programes-dajuda-next-generation-eu-sense-passar-pel-congres-dels-diputats\/#article","isPartOf":{"@id":"https:\/\/conversesacatalunya.cat\/es\/resultats-de-lenquesta-anterior-creus-que-fa-be-el-govern-espanyol-de-presentar-directament-a-la-comissio-europea-els-programes-dajuda-next-generation-eu-sense-passar-pel-congres-dels-diputats\/"},"author":{"name":"conversesacatalunya","@id":"https:\/\/conversesacatalunya.cat\/#\/schema\/person\/982274792508d804a0821b413c9ac076"},"headline":"Resultados de la encuesta anterior: \u00bfCrees que hace bien el gobierno espa\u00f1ol de presentar directamente a la Comisi\u00f3n Europea los programas de ayuda Next Generation EU sin pasar por el Congreso?","datePublished":"2021-02-02T09:47:26+00:00","dateModified":"2021-02-02T09:55:45+00:00","mainEntityOfPage":{"@id":"https:\/\/conversesacatalunya.cat\/es\/resultats-de-lenquesta-anterior-creus-que-fa-be-el-govern-espanyol-de-presentar-directament-a-la-comissio-europea-els-programes-dajuda-next-generation-eu-sense-passar-pel-congres-dels-diputats\/"},"wordCount":209,"commentCount":0,"image":{"@id":"https:\/\/conversesacatalunya.cat\/es\/resultats-de-lenquesta-anterior-creus-que-fa-be-el-govern-espanyol-de-presentar-directament-a-la-comissio-europea-els-programes-dajuda-next-generation-eu-sense-passar-pel-congres-dels-diputats\/#primaryimage"},"thumbnailUrl":"https:\/\/conversesacatalunya.cat\/wp-content\/uploads\/2021\/02\/Fondo-Next-Generation-EU-e1606726875605.jpg","keywords":["fondos europeos","Next Generation"],"articleSection":["Objectius espec\u00edfics (ES)"],"inLanguage":"es","potentialAction":[{"@type":"CommentAction","name":"Comment","target":["https:\/\/conversesacatalunya.cat\/es\/resultats-de-lenquesta-anterior-creus-que-fa-be-el-govern-espanyol-de-presentar-directament-a-la-comissio-europea-els-programes-dajuda-next-generation-eu-sense-passar-pel-congres-dels-diputats\/#respond"]}]},{"@type":"WebPage","@id":"https:\/\/conversesacatalunya.cat\/es\/resultats-de-lenquesta-anterior-creus-que-fa-be-el-govern-espanyol-de-presentar-directament-a-la-comissio-europea-els-programes-dajuda-next-generation-eu-sense-passar-pel-congres-dels-diputats\/","url":"https:\/\/conversesacatalunya.cat\/es\/resultats-de-lenquesta-anterior-creus-que-fa-be-el-govern-espanyol-de-presentar-directament-a-la-comissio-europea-els-programes-dajuda-next-generation-eu-sense-passar-pel-congres-dels-diputats\/","name":"Resultados de la encuesta anterior: \u00bfCrees que hace bien el gobierno espa\u00f1ol de presentar directamente a la Comisi\u00f3n Europea los programas de ayuda Next Generation EU sin pasar por el Congreso? - Converses a Catalunya","isPartOf":{"@id":"https:\/\/conversesacatalunya.cat\/#website"},"primaryImageOfPage":{"@id":"https:\/\/conversesacatalunya.cat\/es\/resultats-de-lenquesta-anterior-creus-que-fa-be-el-govern-espanyol-de-presentar-directament-a-la-comissio-europea-els-programes-dajuda-next-generation-eu-sense-passar-pel-congres-dels-diputats\/#primaryimage"},"image":{"@id":"https:\/\/conversesacatalunya.cat\/es\/resultats-de-lenquesta-anterior-creus-que-fa-be-el-govern-espanyol-de-presentar-directament-a-la-comissio-europea-els-programes-dajuda-next-generation-eu-sense-passar-pel-congres-dels-diputats\/#primaryimage"},"thumbnailUrl":"https:\/\/conversesacatalunya.cat\/wp-content\/uploads\/2021\/02\/Fondo-Next-Generation-EU-e1606726875605.jpg","datePublished":"2021-02-02T09:47:26+00:00","dateModified":"2021-02-02T09:55:45+00:00","author":{"@id":"https:\/\/conversesacatalunya.cat\/#\/schema\/person\/982274792508d804a0821b413c9ac076"},"breadcrumb":{"@id":"https:\/\/conversesacatalunya.cat\/es\/resultats-de-lenquesta-anterior-creus-que-fa-be-el-govern-espanyol-de-presentar-directament-a-la-comissio-europea-els-programes-dajuda-next-generation-eu-sense-passar-pel-congres-dels-diputats\/#breadcrumb"},"inLanguage":"es","potentialAction":[{"@type":"ReadAction","target":["https:\/\/conversesacatalunya.cat\/es\/resultats-de-lenquesta-anterior-creus-que-fa-be-el-govern-espanyol-de-presentar-directament-a-la-comissio-europea-els-programes-dajuda-next-generation-eu-sense-passar-pel-congres-dels-diputats\/"]}]},{"@type":"ImageObject","inLanguage":"es","@id":"https:\/\/conversesacatalunya.cat\/es\/resultats-de-lenquesta-anterior-creus-que-fa-be-el-govern-espanyol-de-presentar-directament-a-la-comissio-europea-els-programes-dajuda-next-generation-eu-sense-passar-pel-congres-dels-diputats\/#primaryimage","url":"https:\/\/conversesacatalunya.cat\/wp-content\/uploads\/2021\/02\/Fondo-Next-Generation-EU-e1606726875605.jpg","contentUrl":"https:\/\/conversesacatalunya.cat\/wp-content\/uploads\/2021\/02\/Fondo-Next-Generation-EU-e1606726875605.jpg","width":2000,"height":1003,"caption":"Nex Generation EU"},{"@type":"BreadcrumbList","@id":"https:\/\/conversesacatalunya.cat\/es\/resultats-de-lenquesta-anterior-creus-que-fa-be-el-govern-espanyol-de-presentar-directament-a-la-comissio-europea-els-programes-dajuda-next-generation-eu-sense-passar-pel-congres-dels-diputats\/#breadcrumb","itemListElement":[{"@type":"ListItem","position":1,"name":"Inici","item":"https:\/\/conversesacatalunya.cat\/es\/"},{"@type":"ListItem","position":2,"name":"Resultados de la encuesta anterior: \u00bfCrees que hace bien el gobierno espa\u00f1ol de presentar directamente a la Comisi\u00f3n Europea los programas de ayuda Next Generation EU sin pasar por el Congreso?"}]},{"@type":"WebSite","@id":"https:\/\/conversesacatalunya.cat\/#website","url":"https:\/\/conversesacatalunya.cat\/","name":"Converses a Catalunya","description":"","potentialAction":[{"@type":"SearchAction","target":{"@type":"EntryPoint","urlTemplate":"https:\/\/conversesacatalunya.cat\/?s={search_term_string}"},"query-input":{"@type":"PropertyValueSpecification","valueRequired":true,"valueName":"search_term_string"}}],"inLanguage":"es"},{"@type":"Person","@id":"https:\/\/conversesacatalunya.cat\/#\/schema\/person\/982274792508d804a0821b413c9ac076","name":"conversesacatalunya","image":{"@type":"ImageObject","inLanguage":"es","@id":"https:\/\/conversesacatalunya.cat\/#\/schema\/person\/image\/","url":"https:\/\/conversesacatalunya.cat\/wp-content\/litespeed\/avatar\/f04b47eeffd9637c7cf7869e217fb9ec.jpg?ver=1777370077","contentUrl":"https:\/\/conversesacatalunya.cat\/wp-content\/litespeed\/avatar\/f04b47eeffd9637c7cf7869e217fb9ec.jpg?ver=1777370077","caption":"conversesacatalunya"},"url":"https:\/\/conversesacatalunya.cat\/es\/author\/muntsa_escola\/"}]}},"wps_subtitle":"","_links":{"self":[{"href":"https:\/\/conversesacatalunya.cat\/es\/wp-json\/wp\/v2\/posts\/44705","targetHints":{"allow":["GET"]}}],"collection":[{"href":"https:\/\/conversesacatalunya.cat\/es\/wp-json\/wp\/v2\/posts"}],"about":[{"href":"https:\/\/conversesacatalunya.cat\/es\/wp-json\/wp\/v2\/types\/post"}],"author":[{"embeddable":true,"href":"https:\/\/conversesacatalunya.cat\/es\/wp-json\/wp\/v2\/users\/3"}],"replies":[{"embeddable":true,"href":"https:\/\/conversesacatalunya.cat\/es\/wp-json\/wp\/v2\/comments?post=44705"}],"version-history":[{"count":4,"href":"https:\/\/conversesacatalunya.cat\/es\/wp-json\/wp\/v2\/posts\/44705\/revisions"}],"predecessor-version":[{"id":44710,"href":"https:\/\/conversesacatalunya.cat\/es\/wp-json\/wp\/v2\/posts\/44705\/revisions\/44710"}],"wp:featuredmedia":[{"embeddable":true,"href":"https:\/\/conversesacatalunya.cat\/es\/wp-json\/wp\/v2\/media\/44701"}],"wp:attachment":[{"href":"https:\/\/conversesacatalunya.cat\/es\/wp-json\/wp\/v2\/media?parent=44705"}],"wp:term":[{"taxonomy":"category","embeddable":true,"href":"https:\/\/conversesacatalunya.cat\/es\/wp-json\/wp\/v2\/categories?post=44705"},{"taxonomy":"post_tag","embeddable":true,"href":"https:\/\/conversesacatalunya.cat\/es\/wp-json\/wp\/v2\/tags?post=44705"}],"curies":[{"name":"wp","href":"https:\/\/api.w.org\/{rel}","templated":true}]}}