{"id":44595,"date":"2021-01-28T11:07:46","date_gmt":"2021-01-28T10:07:46","guid":{"rendered":"https:\/\/conversesacatalunya.cat\/bo-social-les-families-nombroses-podrien-veures-excloses\/"},"modified":"2021-01-28T11:16:40","modified_gmt":"2021-01-28T10:16:40","slug":"bono-social-las-familias-numerosas-podrian-verse-excluidas","status":"publish","type":"post","link":"https:\/\/conversesacatalunya.cat\/es\/bono-social-las-familias-numerosas-podrian-verse-excluidas\/","title":{"rendered":"Bono social: las familias numerosas podr\u00edan verse excluidas"},"content":{"rendered":"<p>Teresa Ribera, vicepresidenta cuarta y ministra para la Transici\u00f3n Ecol\u00f3gica y el Reto Demogr\u00e1fico,<strong> ha abierto la posibilidad de excluir a las familias numerosas del bono social<\/strong>, del que ahora se benefician de \u00e9l con independencia de su renta. Durante una comparecencia a petici\u00f3n propia en el Congreso de los Diputados, Ribera se\u00f1al\u00f3 que con el sistema actual se puede estar \u00abdejando a un lado recursos que podr\u00edan destinarse a colectivos particularmente necesitados\u00bb.<\/p>\n<p>Estas declaraciones contrastan con<strong> la deplorable situaci\u00f3n en la que se encuentra la demograf\u00eda espa\u00f1ola<\/strong>, la cual no asegura el mantenimiento del sistema de pensiones para las pr\u00f3ximas d\u00e9cadas debido a la escasa natalidad. Un estudio llevado a cabo por el Instituto de M\u00e9tricas y Evaluaci\u00f3n de la Salud (IHME) de la universidad de Washington publicado por <a href=\"http:\/\/www.healthdata.org\/research-article\/fertility-mortality-migration-and-population-scenarios-195-countries-and\" target=\"_blank\" rel=\"noopener\"><em>The Lancet<\/em><\/a> apuntan que en 2060 la poblaci\u00f3n pasar\u00eda de 46 millones de habitantes a 23 millones, con el agravante de que adem\u00e1s ser\u00eda una poblaci\u00f3n claramente envejecida.<\/p>\n<p>Actualmente, las familias numerosas (tres o m\u00e1s hijos) se benefician autom\u00e1ticamente de <a href=\"https:\/\/www.bonosocial.gob.es\/\" target=\"_blank\" rel=\"noopener\">descuentos en el precio de la luz<\/a> de entre el 25 y el 40%, con independencia de su renta o patrimonio. En concreto, de los 1,2 millones de hogares beneficiarios del bono social, un 16% m\u00e1s que en 2019, 300.000 son familia numerosa.<\/p>\n<p>Seg\u00fan Ribera, la falta de criba econ\u00f3mica en este caso que podr\u00eda estar beneficiando a consumidores que no necesiten la ayuda que, sin embargo, es fundamental \u00aben un buen n\u00famero de hogares donde la factura energ\u00e9tica es una de las cuestiones que m\u00e1s preocupaci\u00f3n supone\u00bb para llegar fin de mes.<\/p>\n<p>Ribera, que ha anunciado que \u201cen las pr\u00f3ximas semanas\u201d elevar\u00e1 al Consejo de Ministros la Estrategia de Almacenamiento Energ\u00e9tico, ha comparecido ante la Comisi\u00f3n de Transici\u00f3n Ecol\u00f3gica y Reto Demogr\u00e1fico del Congreso para dar explicaciones en relaci\u00f3n a la escalada del recibo como consecuencia de la borrasca Filomena y la ola de fr\u00edo de la primera quincena de enero, as\u00ed como para explicar las medidas del Gobierno para favorecer la reducci\u00f3n del coste de la electricidad y la protecci\u00f3n de los consumidores vulnerables.<\/p>\n<p>La vicepresidenta ha reiterado que quiere estudiar \u201ccon cuidado\u201d la reforma del mercado el\u00e9ctrico para evitar los \u201cbeneficios ca\u00eddos del cielo\u201d de la tecnolog\u00eda hidroel\u00e9ctrica y nuclear, tal y como pactaron PSOE y Unidas Podemos: \u201cNo queremos minar la confianza que nos ha costado dos a\u00f1os y medio reparar por parte de los inversores y los reguladores internacionales\u201d.<\/p>\n<span class='bctt-click-to-tweet'><span class='bctt-ctt-text'><a href='https:\/\/twitter.com\/intent\/tweet?url=https%3A%2F%2Fconversesacatalunya.cat%2Fes%2Fbono-social-las-familias-numerosas-podrian-verse-excluidas%2F&#038;text=Estas%20declaraciones%20contrastan%20con%20la%20deplorable%20situaci%C3%B3n%20en%20la%20que%20se%20encuentra%20la%20demograf%C3%ADa%20espa%C3%B1ola%2C%20la%20cual%20no%20asegura%20el%20mantenimiento%20del%20sistema%20de%20pensiones%20para%20las%20pr%C3%B3ximas%20d%C3%A9cadas%20debido%20a%20la%20escasa%20natalidad&#038;via=conversesacat&#038;related=conversesacat' target='_blank'rel=\"noopener noreferrer\">Estas declaraciones contrastan con la deplorable situaci\u00f3n en la que se encuentra la demograf\u00eda espa\u00f1ola, la cual no asegura el mantenimiento del sistema de pensiones para las pr\u00f3ximas d\u00e9cadas debido a la escasa natalidad <\/a><\/span><a href='https:\/\/twitter.com\/intent\/tweet?url=https%3A%2F%2Fconversesacatalunya.cat%2Fes%2Fbono-social-las-familias-numerosas-podrian-verse-excluidas%2F&#038;text=Estas%20declaraciones%20contrastan%20con%20la%20deplorable%20situaci%C3%B3n%20en%20la%20que%20se%20encuentra%20la%20demograf%C3%ADa%20espa%C3%B1ola%2C%20la%20cual%20no%20asegura%20el%20mantenimiento%20del%20sistema%20de%20pensiones%20para%20las%20pr%C3%B3ximas%20d%C3%A9cadas%20debido%20a%20la%20escasa%20natalidad&#038;via=conversesacat&#038;related=conversesacat' target='_blank' class='bctt-ctt-btn'rel=\"noopener noreferrer\">Compartir en X<\/a><\/span>\n<div id=\"polls-89\" class=\"wp-polls\">\n\t<form id=\"polls_form_89\" class=\"wp-polls-form\" action=\"\/index.php\" method=\"post\">\n\t\t<p style=\"display: none;\"><input type=\"hidden\" id=\"poll_89_nonce\" name=\"wp-polls-nonce\" value=\"39c8484f87\" \/><\/p>\n\t\t<p style=\"display: none;\"><input type=\"hidden\" name=\"poll_id\" value=\"89\" \/><\/p>\n\t\t<p style=\"text-align: center\"><strong>Creus que fa b\u00e9 el govern espanyol de presentar directament a la Comissi\u00f3 Europea els programes d'ajuda Next Generation EU sense passar pel Congr\u00e9s dels Diputats?<\/strong><\/p><div id=\"polls-89-ans\" class=\"wp-polls-ans\"><ul class=\"wp-polls-ul\">\n\t\t<li><input type=\"radio\" id=\"poll-answer-205\" name=\"poll_89\" value=\"205\" \/> <label for=\"poll-answer-205\">Si<\/label><\/li>\n\t\t<li><input type=\"radio\" id=\"poll-answer-206\" name=\"poll_89\" value=\"206\" \/> <label for=\"poll-answer-206\">No<\/label><\/li>\n\t\t<li><input type=\"radio\" id=\"poll-answer-207\" name=\"poll_89\" value=\"207\" \/> <label for=\"poll-answer-207\">No ho s\u00e9<\/label><\/li>\n\t\t<\/ul><p style=\"text-align: center\"><input type=\"button\" name=\"vote\" value=\"   Vota   \" class=\"Buttons\" onclick=\"poll_vote(89);\" \/><\/p><p style=\"text-align: center\"><a href=\"#ViewPollResults\" onclick=\"poll_result(89); return false;\" title=\"View Results Of This Poll\">Mira els resultats<\/a><\/p><\/div>\n\t<\/form>\n<\/div>\n<div id=\"polls-89-loading\" class=\"wp-polls-loading\"><img decoding=\"async\" data-src=\"https:\/\/conversesacatalunya.cat\/wp-content\/plugins\/wp-polls\/images\/loading.gif\" width=\"16\" height=\"16\" alt=\"Cargando ...\" title=\"Cargando ...\" class=\"wp-polls-image lazyload\" src=\"data:image\/svg+xml;base64,PHN2ZyB3aWR0aD0iMSIgaGVpZ2h0PSIxIiB4bWxucz0iaHR0cDovL3d3dy53My5vcmcvMjAwMC9zdmciPjwvc3ZnPg==\" style=\"--smush-placeholder-width: 16px; --smush-placeholder-aspect-ratio: 16\/16;\" \/>&nbsp;Cargando ...<\/div>\n\n","protected":false},"excerpt":{"rendered":"<p>Teresa Ribera, vicepresidenta cuarta y ministra para la Transici\u00f3n Ecol\u00f3gica y el Reto Demogr\u00e1fico, ha abierto la posibilidad de excluir a las familias numerosas del bono social, del que ahora se benefician de \u00e9l con independencia de su renta. Durante una comparecencia a petici\u00f3n propia en el Congreso de los Diputados, Ribera se\u00f1al\u00f3 que con el sistema actual se puede estar \u00abdejando a un lado recursos que podr\u00edan destinarse a colectivos particularmente necesitados\u00bb. Estas declaraciones contrastan con la deplorable situaci\u00f3n en la que se encuentra la demograf\u00eda espa\u00f1ola, la cual no asegura el mantenimiento del sistema de pensiones para las pr\u00f3ximas d\u00e9cadas debido a la escasa natalidad. Un estudio llevado a cabo por el Instituto de M\u00e9tricas y Evaluaci\u00f3n de la Salud (IHME) de la universidad de Washington publicado por The Lancet apuntan que en 2060 la poblaci\u00f3n pasar\u00eda de 46 millones de habitantes a 23 millones, con el agravante de que adem\u00e1s ser\u00eda una poblaci\u00f3n claramente envejecida. Actualmente, las familias numerosas (tres o m\u00e1s hijos) se benefician autom\u00e1ticamente de descuentos en el precio de la luz de entre el 25 y el 40%, con independencia de su renta o patrimonio. En concreto, de los 1,2 millones de hogares beneficiarios del bono social, un 16% m\u00e1s que en 2019, 300.000 son familia numerosa. Seg\u00fan Ribera, la falta de criba econ\u00f3mica en este caso que podr\u00eda estar beneficiando a consumidores que no necesiten la ayuda que, sin embargo, es fundamental \u00aben un buen n\u00famero de hogares donde la factura energ\u00e9tica es una de las cuestiones que m\u00e1s preocupaci\u00f3n supone\u00bb para llegar fin de mes. Ribera, que ha anunciado que \u201cen las pr\u00f3ximas semanas\u201d elevar\u00e1 al Consejo de Ministros la Estrategia de Almacenamiento Energ\u00e9tico, ha comparecido ante la Comisi\u00f3n de Transici\u00f3n Ecol\u00f3gica y Reto Demogr\u00e1fico del Congreso para dar explicaciones en relaci\u00f3n a la escalada del recibo como consecuencia de la borrasca Filomena y la ola de fr\u00edo de la primera quincena de enero, as\u00ed como para explicar las medidas del Gobierno para favorecer la reducci\u00f3n del coste de la electricidad y la protecci\u00f3n de los consumidores vulnerables. La vicepresidenta ha reiterado que quiere estudiar \u201ccon cuidado\u201d la reforma del mercado el\u00e9ctrico para evitar los \u201cbeneficios ca\u00eddos del cielo\u201d de la tecnolog\u00eda hidroel\u00e9ctrica y nuclear, tal y como pactaron PSOE y Unidas Podemos: \u201cNo queremos minar la confianza que nos ha costado dos a\u00f1os y medio reparar por parte de los inversores y los reguladores internacionales\u201d.<\/p>\n","protected":false},"author":20,"featured_media":44523,"comment_status":"open","ping_status":"open","sticky":false,"template":"","format":"standard","meta":{"_FSMCFIC_featured_image_caption":"","_FSMCFIC_featured_image_nocaption":"","_FSMCFIC_featured_image_hide":"","footnotes":""},"categories":[806],"tags":[3413,831,3414],"class_list":["post-44595","post","type-post","status-publish","format-standard","has-post-thumbnail","hentry","category-punts-claus-del-dia-es","tag-bono-social","tag-economia-es","tag-familias-numerosas"],"yoast_head":"<!-- This site is optimized with the Yoast SEO plugin v26.8 - https:\/\/yoast.com\/product\/yoast-seo-wordpress\/ -->\n<title>Bono social: las familias numerosas podr\u00edan verse excluidas -<\/title>\n<meta name=\"description\" content=\"Seg\u00fan la ministra Teresa Ribera, las familias numerosas podr\u00edan verse excluidas del bono social. Sin embargo\" \/>\n<meta name=\"robots\" content=\"index, follow, max-snippet:-1, max-image-preview:large, max-video-preview:-1\" \/>\n<link rel=\"canonical\" href=\"https:\/\/conversesacatalunya.cat\/es\/bono-social-las-familias-numerosas-podrian-verse-excluidas\/\" \/>\n<meta property=\"og:locale\" content=\"es_ES\" \/>\n<meta property=\"og:type\" content=\"article\" \/>\n<meta property=\"og:title\" content=\"Bono social: las familias numerosas podr\u00edan verse excluidas -\" \/>\n<meta property=\"og:description\" content=\"Seg\u00fan la ministra Teresa Ribera, las familias numerosas podr\u00edan verse excluidas del bono social. Sin embargo\" \/>\n<meta property=\"og:url\" content=\"https:\/\/conversesacatalunya.cat\/es\/bono-social-las-familias-numerosas-podrian-verse-excluidas\/\" \/>\n<meta property=\"og:site_name\" content=\"Converses a Catalunya\" \/>\n<meta property=\"article:published_time\" content=\"2021-01-28T10:07:46+00:00\" \/>\n<meta property=\"article:modified_time\" content=\"2021-01-28T10:16:40+00:00\" \/>\n<meta property=\"og:image\" content=\"https:\/\/conversesacatalunya.cat\/wp-content\/uploads\/2021\/01\/Capture-10.png\" \/>\n\t<meta property=\"og:image:width\" content=\"977\" \/>\n\t<meta property=\"og:image:height\" content=\"729\" \/>\n\t<meta property=\"og:image:type\" content=\"image\/png\" \/>\n<meta name=\"author\" content=\"conversesacatalunya\" \/>\n<meta name=\"twitter:card\" content=\"summary_large_image\" \/>\n<meta name=\"twitter:label1\" content=\"Escrito por\" \/>\n\t<meta name=\"twitter:data1\" content=\"conversesacatalunya\" \/>\n\t<meta name=\"twitter:label2\" content=\"Tiempo de lectura\" \/>\n\t<meta name=\"twitter:data2\" content=\"2 minutos\" \/>\n<script type=\"application\/ld+json\" class=\"yoast-schema-graph\">{\"@context\":\"https:\/\/schema.org\",\"@graph\":[{\"@type\":\"Article\",\"@id\":\"https:\/\/conversesacatalunya.cat\/es\/bono-social-las-familias-numerosas-podrian-verse-excluidas\/#article\",\"isPartOf\":{\"@id\":\"https:\/\/conversesacatalunya.cat\/es\/bono-social-las-familias-numerosas-podrian-verse-excluidas\/\"},\"author\":{\"name\":\"conversesacatalunya\",\"@id\":\"https:\/\/conversesacatalunya.cat\/#\/schema\/person\/a7a9496a363cd9847daf7cd659d92e64\"},\"headline\":\"Bono social: las familias numerosas podr\u00edan verse excluidas\",\"datePublished\":\"2021-01-28T10:07:46+00:00\",\"dateModified\":\"2021-01-28T10:16:40+00:00\",\"mainEntityOfPage\":{\"@id\":\"https:\/\/conversesacatalunya.cat\/es\/bono-social-las-familias-numerosas-podrian-verse-excluidas\/\"},\"wordCount\":492,\"commentCount\":0,\"image\":{\"@id\":\"https:\/\/conversesacatalunya.cat\/es\/bono-social-las-familias-numerosas-podrian-verse-excluidas\/#primaryimage\"},\"thumbnailUrl\":\"https:\/\/conversesacatalunya.cat\/wp-content\/uploads\/2021\/01\/Capture-10.png\",\"keywords\":[\"Bono social\",\"Economia\",\"Familias numerosas\"],\"articleSection\":[\"Punts clau del dia (ES)\"],\"inLanguage\":\"es\",\"potentialAction\":[{\"@type\":\"CommentAction\",\"name\":\"Comment\",\"target\":[\"https:\/\/conversesacatalunya.cat\/es\/bono-social-las-familias-numerosas-podrian-verse-excluidas\/#respond\"]}]},{\"@type\":\"WebPage\",\"@id\":\"https:\/\/conversesacatalunya.cat\/es\/bono-social-las-familias-numerosas-podrian-verse-excluidas\/\",\"url\":\"https:\/\/conversesacatalunya.cat\/es\/bono-social-las-familias-numerosas-podrian-verse-excluidas\/\",\"name\":\"Bono social: las familias numerosas podr\u00edan verse excluidas -\",\"isPartOf\":{\"@id\":\"https:\/\/conversesacatalunya.cat\/#website\"},\"primaryImageOfPage\":{\"@id\":\"https:\/\/conversesacatalunya.cat\/es\/bono-social-las-familias-numerosas-podrian-verse-excluidas\/#primaryimage\"},\"image\":{\"@id\":\"https:\/\/conversesacatalunya.cat\/es\/bono-social-las-familias-numerosas-podrian-verse-excluidas\/#primaryimage\"},\"thumbnailUrl\":\"https:\/\/conversesacatalunya.cat\/wp-content\/uploads\/2021\/01\/Capture-10.png\",\"datePublished\":\"2021-01-28T10:07:46+00:00\",\"dateModified\":\"2021-01-28T10:16:40+00:00\",\"author\":{\"@id\":\"https:\/\/conversesacatalunya.cat\/#\/schema\/person\/a7a9496a363cd9847daf7cd659d92e64\"},\"description\":\"Seg\u00fan la ministra Teresa Ribera, las familias numerosas podr\u00edan verse excluidas del bono social. Sin embargo\",\"breadcrumb\":{\"@id\":\"https:\/\/conversesacatalunya.cat\/es\/bono-social-las-familias-numerosas-podrian-verse-excluidas\/#breadcrumb\"},\"inLanguage\":\"es\",\"potentialAction\":[{\"@type\":\"ReadAction\",\"target\":[\"https:\/\/conversesacatalunya.cat\/es\/bono-social-las-familias-numerosas-podrian-verse-excluidas\/\"]}]},{\"@type\":\"ImageObject\",\"inLanguage\":\"es\",\"@id\":\"https:\/\/conversesacatalunya.cat\/es\/bono-social-las-familias-numerosas-podrian-verse-excluidas\/#primaryimage\",\"url\":\"https:\/\/conversesacatalunya.cat\/wp-content\/uploads\/2021\/01\/Capture-10.png\",\"contentUrl\":\"https:\/\/conversesacatalunya.cat\/wp-content\/uploads\/2021\/01\/Capture-10.png\",\"width\":977,\"height\":729,\"caption\":\"bo social\"},{\"@type\":\"BreadcrumbList\",\"@id\":\"https:\/\/conversesacatalunya.cat\/es\/bono-social-las-familias-numerosas-podrian-verse-excluidas\/#breadcrumb\",\"itemListElement\":[{\"@type\":\"ListItem\",\"position\":1,\"name\":\"Inici\",\"item\":\"https:\/\/conversesacatalunya.cat\/es\/\"},{\"@type\":\"ListItem\",\"position\":2,\"name\":\"Bono social: las familias numerosas podr\u00edan verse excluidas\"}]},{\"@type\":\"WebSite\",\"@id\":\"https:\/\/conversesacatalunya.cat\/#website\",\"url\":\"https:\/\/conversesacatalunya.cat\/\",\"name\":\"Converses a Catalunya\",\"description\":\"\",\"potentialAction\":[{\"@type\":\"SearchAction\",\"target\":{\"@type\":\"EntryPoint\",\"urlTemplate\":\"https:\/\/conversesacatalunya.cat\/?s={search_term_string}\"},\"query-input\":{\"@type\":\"PropertyValueSpecification\",\"valueRequired\":true,\"valueName\":\"search_term_string\"}}],\"inLanguage\":\"es\"},{\"@type\":\"Person\",\"@id\":\"https:\/\/conversesacatalunya.cat\/#\/schema\/person\/a7a9496a363cd9847daf7cd659d92e64\",\"name\":\"conversesacatalunya\",\"image\":{\"@type\":\"ImageObject\",\"inLanguage\":\"es\",\"@id\":\"https:\/\/conversesacatalunya.cat\/#\/schema\/person\/image\/\",\"url\":\"https:\/\/conversesacatalunya.cat\/wp-content\/litespeed\/avatar\/ff91582b44ff9c880dc9c5ac2f5c7e89.jpg?ver=1777372947\",\"contentUrl\":\"https:\/\/conversesacatalunya.cat\/wp-content\/litespeed\/avatar\/ff91582b44ff9c880dc9c5ac2f5c7e89.jpg?ver=1777372947\",\"caption\":\"conversesacatalunya\"},\"url\":\"https:\/\/conversesacatalunya.cat\/es\/author\/francisco_garcia\/\"}]}<\/script>\n<!-- \/ Yoast SEO plugin. -->","yoast_head_json":{"title":"Bono social: las familias numerosas podr\u00edan verse excluidas -","description":"Seg\u00fan la ministra Teresa Ribera, las familias numerosas podr\u00edan verse excluidas del bono social. Sin embargo","robots":{"index":"index","follow":"follow","max-snippet":"max-snippet:-1","max-image-preview":"max-image-preview:large","max-video-preview":"max-video-preview:-1"},"canonical":"https:\/\/conversesacatalunya.cat\/es\/bono-social-las-familias-numerosas-podrian-verse-excluidas\/","og_locale":"es_ES","og_type":"article","og_title":"Bono social: las familias numerosas podr\u00edan verse excluidas -","og_description":"Seg\u00fan la ministra Teresa Ribera, las familias numerosas podr\u00edan verse excluidas del bono social. Sin embargo","og_url":"https:\/\/conversesacatalunya.cat\/es\/bono-social-las-familias-numerosas-podrian-verse-excluidas\/","og_site_name":"Converses a Catalunya","article_published_time":"2021-01-28T10:07:46+00:00","article_modified_time":"2021-01-28T10:16:40+00:00","og_image":[{"width":977,"height":729,"url":"https:\/\/conversesacatalunya.cat\/wp-content\/uploads\/2021\/01\/Capture-10.png","type":"image\/png"}],"author":"conversesacatalunya","twitter_card":"summary_large_image","twitter_misc":{"Escrito por":"conversesacatalunya","Tiempo de lectura":"2 minutos"},"schema":{"@context":"https:\/\/schema.org","@graph":[{"@type":"Article","@id":"https:\/\/conversesacatalunya.cat\/es\/bono-social-las-familias-numerosas-podrian-verse-excluidas\/#article","isPartOf":{"@id":"https:\/\/conversesacatalunya.cat\/es\/bono-social-las-familias-numerosas-podrian-verse-excluidas\/"},"author":{"name":"conversesacatalunya","@id":"https:\/\/conversesacatalunya.cat\/#\/schema\/person\/a7a9496a363cd9847daf7cd659d92e64"},"headline":"Bono social: las familias numerosas podr\u00edan verse excluidas","datePublished":"2021-01-28T10:07:46+00:00","dateModified":"2021-01-28T10:16:40+00:00","mainEntityOfPage":{"@id":"https:\/\/conversesacatalunya.cat\/es\/bono-social-las-familias-numerosas-podrian-verse-excluidas\/"},"wordCount":492,"commentCount":0,"image":{"@id":"https:\/\/conversesacatalunya.cat\/es\/bono-social-las-familias-numerosas-podrian-verse-excluidas\/#primaryimage"},"thumbnailUrl":"https:\/\/conversesacatalunya.cat\/wp-content\/uploads\/2021\/01\/Capture-10.png","keywords":["Bono social","Economia","Familias numerosas"],"articleSection":["Punts clau del dia (ES)"],"inLanguage":"es","potentialAction":[{"@type":"CommentAction","name":"Comment","target":["https:\/\/conversesacatalunya.cat\/es\/bono-social-las-familias-numerosas-podrian-verse-excluidas\/#respond"]}]},{"@type":"WebPage","@id":"https:\/\/conversesacatalunya.cat\/es\/bono-social-las-familias-numerosas-podrian-verse-excluidas\/","url":"https:\/\/conversesacatalunya.cat\/es\/bono-social-las-familias-numerosas-podrian-verse-excluidas\/","name":"Bono social: las familias numerosas podr\u00edan verse excluidas -","isPartOf":{"@id":"https:\/\/conversesacatalunya.cat\/#website"},"primaryImageOfPage":{"@id":"https:\/\/conversesacatalunya.cat\/es\/bono-social-las-familias-numerosas-podrian-verse-excluidas\/#primaryimage"},"image":{"@id":"https:\/\/conversesacatalunya.cat\/es\/bono-social-las-familias-numerosas-podrian-verse-excluidas\/#primaryimage"},"thumbnailUrl":"https:\/\/conversesacatalunya.cat\/wp-content\/uploads\/2021\/01\/Capture-10.png","datePublished":"2021-01-28T10:07:46+00:00","dateModified":"2021-01-28T10:16:40+00:00","author":{"@id":"https:\/\/conversesacatalunya.cat\/#\/schema\/person\/a7a9496a363cd9847daf7cd659d92e64"},"description":"Seg\u00fan la ministra Teresa Ribera, las familias numerosas podr\u00edan verse excluidas del bono social. Sin embargo","breadcrumb":{"@id":"https:\/\/conversesacatalunya.cat\/es\/bono-social-las-familias-numerosas-podrian-verse-excluidas\/#breadcrumb"},"inLanguage":"es","potentialAction":[{"@type":"ReadAction","target":["https:\/\/conversesacatalunya.cat\/es\/bono-social-las-familias-numerosas-podrian-verse-excluidas\/"]}]},{"@type":"ImageObject","inLanguage":"es","@id":"https:\/\/conversesacatalunya.cat\/es\/bono-social-las-familias-numerosas-podrian-verse-excluidas\/#primaryimage","url":"https:\/\/conversesacatalunya.cat\/wp-content\/uploads\/2021\/01\/Capture-10.png","contentUrl":"https:\/\/conversesacatalunya.cat\/wp-content\/uploads\/2021\/01\/Capture-10.png","width":977,"height":729,"caption":"bo social"},{"@type":"BreadcrumbList","@id":"https:\/\/conversesacatalunya.cat\/es\/bono-social-las-familias-numerosas-podrian-verse-excluidas\/#breadcrumb","itemListElement":[{"@type":"ListItem","position":1,"name":"Inici","item":"https:\/\/conversesacatalunya.cat\/es\/"},{"@type":"ListItem","position":2,"name":"Bono social: las familias numerosas podr\u00edan verse excluidas"}]},{"@type":"WebSite","@id":"https:\/\/conversesacatalunya.cat\/#website","url":"https:\/\/conversesacatalunya.cat\/","name":"Converses a Catalunya","description":"","potentialAction":[{"@type":"SearchAction","target":{"@type":"EntryPoint","urlTemplate":"https:\/\/conversesacatalunya.cat\/?s={search_term_string}"},"query-input":{"@type":"PropertyValueSpecification","valueRequired":true,"valueName":"search_term_string"}}],"inLanguage":"es"},{"@type":"Person","@id":"https:\/\/conversesacatalunya.cat\/#\/schema\/person\/a7a9496a363cd9847daf7cd659d92e64","name":"conversesacatalunya","image":{"@type":"ImageObject","inLanguage":"es","@id":"https:\/\/conversesacatalunya.cat\/#\/schema\/person\/image\/","url":"https:\/\/conversesacatalunya.cat\/wp-content\/litespeed\/avatar\/ff91582b44ff9c880dc9c5ac2f5c7e89.jpg?ver=1777372947","contentUrl":"https:\/\/conversesacatalunya.cat\/wp-content\/litespeed\/avatar\/ff91582b44ff9c880dc9c5ac2f5c7e89.jpg?ver=1777372947","caption":"conversesacatalunya"},"url":"https:\/\/conversesacatalunya.cat\/es\/author\/francisco_garcia\/"}]}},"wps_subtitle":"Seg\u00fan las \u00faltimas declaraciones de la ministra Teresa Ribera, las familias numerosas podr\u00edan verse excluidas del bono social. Sin embargo, Espa\u00f1a se encuentra en una grave crisis demogr\u00e1fica","_links":{"self":[{"href":"https:\/\/conversesacatalunya.cat\/es\/wp-json\/wp\/v2\/posts\/44595","targetHints":{"allow":["GET"]}}],"collection":[{"href":"https:\/\/conversesacatalunya.cat\/es\/wp-json\/wp\/v2\/posts"}],"about":[{"href":"https:\/\/conversesacatalunya.cat\/es\/wp-json\/wp\/v2\/types\/post"}],"author":[{"embeddable":true,"href":"https:\/\/conversesacatalunya.cat\/es\/wp-json\/wp\/v2\/users\/20"}],"replies":[{"embeddable":true,"href":"https:\/\/conversesacatalunya.cat\/es\/wp-json\/wp\/v2\/comments?post=44595"}],"version-history":[{"count":2,"href":"https:\/\/conversesacatalunya.cat\/es\/wp-json\/wp\/v2\/posts\/44595\/revisions"}],"predecessor-version":[{"id":44597,"href":"https:\/\/conversesacatalunya.cat\/es\/wp-json\/wp\/v2\/posts\/44595\/revisions\/44597"}],"wp:featuredmedia":[{"embeddable":true,"href":"https:\/\/conversesacatalunya.cat\/es\/wp-json\/wp\/v2\/media\/44523"}],"wp:attachment":[{"href":"https:\/\/conversesacatalunya.cat\/es\/wp-json\/wp\/v2\/media?parent=44595"}],"wp:term":[{"taxonomy":"category","embeddable":true,"href":"https:\/\/conversesacatalunya.cat\/es\/wp-json\/wp\/v2\/categories?post=44595"},{"taxonomy":"post_tag","embeddable":true,"href":"https:\/\/conversesacatalunya.cat\/es\/wp-json\/wp\/v2\/tags?post=44595"}],"curies":[{"name":"wp","href":"https:\/\/api.w.org\/{rel}","templated":true}]}}