{"id":44561,"date":"2021-01-27T12:19:17","date_gmt":"2021-01-27T11:19:17","guid":{"rendered":"https:\/\/conversesacatalunya.cat\/campanya-electoral-illa-president-al-canal-segarra-garrigues\/"},"modified":"2021-01-27T15:24:26","modified_gmt":"2021-01-27T14:24:26","slug":"campana-electoral-de-illa-presidente-al-canal-segarra-garrigues","status":"publish","type":"post","link":"https:\/\/conversesacatalunya.cat\/es\/campana-electoral-de-illa-presidente-al-canal-segarra-garrigues\/","title":{"rendered":"Campa\u00f1a electoral. De Illa presidente al canal Segarra-Garrigues"},"content":{"rendered":"<p><span><span class=\"\">Se ha hecho p\u00fablico el primer cartel electoral de Illa como candidato del PSC. <\/span>Figura una foto suya de frente, y debajo s\u00f3lo una <\/span><strong><span>palabra \u00abpresidente<\/span><\/strong><span>\u00a0\u00ab.\u00a0No parece demasiado acertado que los socialistas catalanes vendan la piel del oso antes de haberlo cazado y, pasando por encima de lo que decidir\u00e1n los catalanes, ya presenten a Illa como presidente. Es una campa\u00f1a de perfil mesi\u00e1nico.<\/span><\/p>\n<p><span>Illa, que recordemos que ha obtenido un resultado p\u00e9simo como ministro, que se ve salvado como persona gracias a su excelente car\u00e1cter, puede pagar un costo por ser presentado como el hombre que redimir\u00e1 Catalu\u00f1a, como el <\/span><strong><span>\u00abpresidente<\/span><\/strong><span>\u00ab. Cabe recordar un precedente en esta l\u00ednea, el de Artur Mas, cuando su campa\u00f1a electoral para revalidar la Generalitat le presentaba con unas im\u00e1genes con los brazos abiertos liderando el pa\u00eds como un nuevo Mois\u00e9s. El resultado es que sali\u00f3 peor parado de las elecciones de lo que le otorgaban las encuestas.<\/span><\/p>\n<p><span>Por otra parte, desde el punto de vista de lo que sabemos hoy, la presidencia de Illa es <\/span><strong><span>objetivamente improbable<\/span><\/strong><span>. Primero, porque excepto el\u00a0<\/span><a href=\"https:\/\/conversesacatalunya.cat\/es\/el-cis-de-tezanos-vuelve-a-montar-escandalo-con-su-encuesta-sobre-cataluna\/\" target=\"_blank\" rel=\"noopener\"><span>CIS del inefable Tezanos<\/span><\/a><span>, muy pocas encuestas m\u00e1s sit\u00faan al PSC como primera fuerza. No se trata de discutir que pueda quedar primera, sino que tambi\u00e9n puede ocupar la segunda posici\u00f3n o, como se\u00f1alan los \u00faltimos sondeos, la tercera. Pero es que, incluso, quedando en primer lugar no est\u00e1 claro c\u00f3mo\u00a0<\/span><strong><span>podr\u00eda tener la mayor\u00eda necesaria para gobernar<\/span><\/strong><span>. \u00bfCon qui\u00e9n gobernar\u00eda, con los Comunes? Ni de lejos es suficiente. \u00bfSe a\u00f1adir\u00eda ERC, o bien dispondr\u00eda de su apoyo parlamentario? Es posible, pero entonces estar\u00edamos ante un nuevo tripartito con todo lo que ello significa. No, no es f\u00e1cil hacer de Illa el presidente y, en todo caso, es excesivo presentarlo ya en estos t\u00e9rminos.<\/span><\/p>\n<p><span>Su llegada, m\u00e1s la orientaci\u00f3n general que toma la campa\u00f1a anuncia que esta tratar\u00e1 por fin sobre los\u00a0<\/span><strong><span>grandes problemas concretos<\/span><\/strong><span> que afectan a los catalanes. Ya ser\u00eda hora. Nos gustar\u00eda mucho o\u00edr qu\u00e9 tienen que decir los candidatos para abordar el problema vital m\u00e1s grave que padecemos, el de la\u00a0<\/span><strong><span>pandemia y la vacunaci\u00f3n<\/span><\/strong><span>, y conocer qu\u00e9 nos preparan para que podamos disfrutar de las ayudas europeas por los\u00a0<\/span><strong><span>proyectos Next Generation<\/span><\/strong><span>, y tambi\u00e9n que pudi\u00e9ramos entrar en\u00a0<\/span><strong><span>los grandes agujeros negros que tiene Catalu\u00f1a<\/span><\/strong><span>\u00a0.<\/span><\/p>\n<p><span>Por ejemplo, que la campa\u00f1a abordara este desastre hist\u00f3rico que es el\u00a0<\/span><strong><span>canal Segarra-Garrigues<\/span><\/strong><span> iniciado en 2002 y que ahora con suerte quiz\u00e1s termina en el 2032. Y no es una broma. Los agricultores que empezaron a hacer la concentraci\u00f3n parcelaria al inicio, en la primera d\u00e9cada de este siglo, y que ten\u00edan en torno a los 50 a\u00f1os, cuando termine el regad\u00edo tendr\u00e1n 80. Ser\u00e1 la segunda obra m\u00e1s cara de Catalu\u00f1a, con el riesgo de que cuando acabe ya no haya agricultores que puedan cultivar los terrenos transformados. El Segarra-Garrigues es la obra m\u00e1s costosa que ha puesto en marcha la Generalitat, tras la inacabada, el otro agujero negro, <\/span><strong><span>l\u00ednea 9 del metro<\/span><\/strong><span>.<\/span><\/p>\n<p><span>Ha significado un gasto para la Generalitat de\u00a0<\/span><strong><span>1.100 mill\u00f3nes<\/span><\/strong><span>\u00a0de euros, y\u00a0<\/span><strong><span>1.000 m\u00e1s del gobierno central<\/span><\/strong><span>. Est\u00e1 finalizada pr\u00e1cticamente toda la red primaria, la que permite distribuir el agua del canal, pero est\u00e1 pendiente la mayor parte del resto de la red, la que lleva el agua a pie de parcela. Hoy, 18 a\u00f1os despu\u00e9s de haber comenzado,\u00a0<\/span><strong><span>de las 70.000<\/span><\/strong><span>\u00a0hect\u00e1reas, que es el potencial que cubre la red primaria, s\u00f3lo se\u00a0<\/span><strong><span>riegan 12.000<\/span><\/strong><span>. Es una inversi\u00f3n ruinosa a la que se a\u00f1ade la desviaci\u00f3n en el presupuesto final que puede llegar a ser de un 80%. Todo ello es un esc\u00e1ndalo sobre el cual nunca la Generalitat ha querido hacer una auditor\u00eda ni crear una comisi\u00f3n en el Parlamento. Quiz\u00e1s, ahora los candidatos, empezando por el mismo Illa, quieran aprovechar la campa\u00f1a para abordar cuestiones de esta naturaleza.<\/span><\/p>\n<p><span><span class=\"\">Y ya puestos, no estar\u00eda de m\u00e1s que se preocuparan de una vez por todas de la agricultura. Mucha ley de lucha contra el cambio clim\u00e1tico, mucha sostenibilidad, pero todo est\u00e1 en el lavadero. El cambio clim\u00e1tico exige <\/span><\/span><strong><span><span class=\"\">revisar el uso del agua en los regad\u00edos actuales<\/span><\/span><\/strong><span><span class=\"\"> y extenderlos, como har\u00eda el Segarra-Garrigues, si es que queremos un cierto grado de soberan\u00eda alimentaria y productos de proximidad. Y es decisivo a la vez ahorrar agua y para ell hay <\/span><\/span><strong><span><span class=\"\">reducir el riego por gravedad<\/span><\/span><\/strong><span><span class=\"\">\u00a0y transformarlo en sistemas m\u00e1s eficaces, y aqu\u00ed, verg\u00fcenza, hay que a\u00f1adir que Catalu\u00f1a es de entre todas las comunidades la que todav\u00eda\u00a0<\/span><\/span><strong><span><span class=\"\">tiene el porcentaje m\u00e1s alto<\/span><\/span><\/strong><span><span class=\"\">\u00a0de este tipo de regad\u00edo sobre el total que se riega. Pr\u00e1cticamente la mitad (48%).<\/span><\/span><\/p>\n<div id=\"polls-89\" class=\"wp-polls\">\n\t<form id=\"polls_form_89\" class=\"wp-polls-form\" action=\"\/index.php\" method=\"post\">\n\t\t<p style=\"display: none;\"><input type=\"hidden\" id=\"poll_89_nonce\" name=\"wp-polls-nonce\" value=\"39c8484f87\" \/><\/p>\n\t\t<p style=\"display: none;\"><input type=\"hidden\" name=\"poll_id\" value=\"89\" \/><\/p>\n\t\t<p style=\"text-align: center\"><strong>Creus que fa b\u00e9 el govern espanyol de presentar directament a la Comissi\u00f3 Europea els programes d'ajuda Next Generation EU sense passar pel Congr\u00e9s dels Diputats?<\/strong><\/p><div id=\"polls-89-ans\" class=\"wp-polls-ans\"><ul class=\"wp-polls-ul\">\n\t\t<li><input type=\"radio\" id=\"poll-answer-205\" name=\"poll_89\" value=\"205\" \/> <label for=\"poll-answer-205\">Si<\/label><\/li>\n\t\t<li><input type=\"radio\" id=\"poll-answer-206\" name=\"poll_89\" value=\"206\" \/> <label for=\"poll-answer-206\">No<\/label><\/li>\n\t\t<li><input type=\"radio\" id=\"poll-answer-207\" name=\"poll_89\" value=\"207\" \/> <label for=\"poll-answer-207\">No ho s\u00e9<\/label><\/li>\n\t\t<\/ul><p style=\"text-align: center\"><input type=\"button\" name=\"vote\" value=\"   Vota   \" class=\"Buttons\" onclick=\"poll_vote(89);\" \/><\/p><p style=\"text-align: center\"><a href=\"#ViewPollResults\" onclick=\"poll_result(89); return false;\" title=\"View Results Of This Poll\">Mira els resultats<\/a><\/p><\/div>\n\t<\/form>\n<\/div>\n<div id=\"polls-89-loading\" class=\"wp-polls-loading\"><img decoding=\"async\" data-src=\"https:\/\/conversesacatalunya.cat\/wp-content\/plugins\/wp-polls\/images\/loading.gif\" width=\"16\" height=\"16\" alt=\"Cargando ...\" title=\"Cargando ...\" class=\"wp-polls-image lazyload\" src=\"data:image\/svg+xml;base64,PHN2ZyB3aWR0aD0iMSIgaGVpZ2h0PSIxIiB4bWxucz0iaHR0cDovL3d3dy53My5vcmcvMjAwMC9zdmciPjwvc3ZnPg==\" style=\"--smush-placeholder-width: 16px; --smush-placeholder-aspect-ratio: 16\/16;\" \/>&nbsp;Cargando ...<\/div>\n\n","protected":false},"excerpt":{"rendered":"<p>Se ha hecho p\u00fablico el primer cartel electoral de Illa como candidato del PSC. Figura una foto suya de frente, y debajo s\u00f3lo una palabra \u00abpresidente\u00a0\u00ab.\u00a0No parece demasiado acertado que los socialistas catalanes vendan la piel del oso antes de haberlo cazado y, pasando por encima de lo que decidir\u00e1n los catalanes, ya presenten a Illa como presidente. Es una campa\u00f1a de perfil mesi\u00e1nico. Illa, que recordemos que ha obtenido un resultado p\u00e9simo como ministro, que se ve salvado como persona gracias a su excelente car\u00e1cter, puede pagar un costo por ser presentado como el hombre que redimir\u00e1 Catalu\u00f1a, como el \u00abpresidente\u00ab. Cabe recordar un precedente en esta l\u00ednea, el de Artur Mas, cuando su campa\u00f1a electoral para revalidar la Generalitat le presentaba con unas im\u00e1genes con los brazos abiertos liderando el pa\u00eds como un nuevo Mois\u00e9s. El resultado es que sali\u00f3 peor parado de las elecciones de lo que le otorgaban las encuestas. Por otra parte, desde el punto de vista de lo que sabemos hoy, la presidencia de Illa es objetivamente improbable. Primero, porque excepto el\u00a0CIS del inefable Tezanos, muy pocas encuestas m\u00e1s sit\u00faan al PSC como primera fuerza. No se trata de discutir que pueda quedar primera, sino que tambi\u00e9n puede ocupar la segunda posici\u00f3n o, como se\u00f1alan los \u00faltimos sondeos, la tercera. Pero es que, incluso, quedando en primer lugar no est\u00e1 claro c\u00f3mo\u00a0podr\u00eda tener la mayor\u00eda necesaria para gobernar. \u00bfCon qui\u00e9n gobernar\u00eda, con los Comunes? Ni de lejos es suficiente. \u00bfSe a\u00f1adir\u00eda ERC, o bien dispondr\u00eda de su apoyo parlamentario? Es posible, pero entonces estar\u00edamos ante un nuevo tripartito con todo lo que ello significa. No, no es f\u00e1cil hacer de Illa el presidente y, en todo caso, es excesivo presentarlo ya en estos t\u00e9rminos. Su llegada, m\u00e1s la orientaci\u00f3n general que toma la campa\u00f1a anuncia que esta tratar\u00e1 por fin sobre los\u00a0grandes problemas concretos que afectan a los catalanes. Ya ser\u00eda hora. Nos gustar\u00eda mucho o\u00edr qu\u00e9 tienen que decir los candidatos para abordar el problema vital m\u00e1s grave que padecemos, el de la\u00a0pandemia y la vacunaci\u00f3n, y conocer qu\u00e9 nos preparan para que podamos disfrutar de las ayudas europeas por los\u00a0proyectos Next Generation, y tambi\u00e9n que pudi\u00e9ramos entrar en\u00a0los grandes agujeros negros que tiene Catalu\u00f1a\u00a0. Por ejemplo, que la campa\u00f1a abordara este desastre hist\u00f3rico que es el\u00a0canal Segarra-Garrigues iniciado en 2002 y que ahora con suerte quiz\u00e1s termina en el 2032. Y no es una broma. Los agricultores que empezaron a hacer la concentraci\u00f3n parcelaria al inicio, en la primera d\u00e9cada de este siglo, y que ten\u00edan en torno a los 50 a\u00f1os, cuando termine el regad\u00edo tendr\u00e1n 80. Ser\u00e1 la segunda obra m\u00e1s cara de Catalu\u00f1a, con el riesgo de que cuando acabe ya no haya agricultores que puedan cultivar los terrenos transformados. El Segarra-Garrigues es la obra m\u00e1s costosa que ha puesto en marcha la Generalitat, tras la inacabada, el otro agujero negro, l\u00ednea 9 del metro. Ha significado un gasto para la Generalitat de\u00a01.100 mill\u00f3nes\u00a0de euros, y\u00a01.000 m\u00e1s del gobierno central. Est\u00e1 finalizada pr\u00e1cticamente toda la red primaria, la que permite distribuir el agua del canal, pero est\u00e1 pendiente la mayor parte del resto de la red, la que lleva el agua a pie de parcela. Hoy, 18 a\u00f1os despu\u00e9s de haber comenzado,\u00a0de las 70.000\u00a0hect\u00e1reas, que es el potencial que cubre la red primaria, s\u00f3lo se\u00a0riegan 12.000. Es una inversi\u00f3n ruinosa a la que se a\u00f1ade la desviaci\u00f3n en el presupuesto final que puede llegar a ser de un 80%. Todo ello es un esc\u00e1ndalo sobre el cual nunca la Generalitat ha querido hacer una auditor\u00eda ni crear una comisi\u00f3n en el Parlamento. Quiz\u00e1s, ahora los candidatos, empezando por el mismo Illa, quieran aprovechar la campa\u00f1a para abordar cuestiones de esta naturaleza. Y ya puestos, no estar\u00eda de m\u00e1s que se preocuparan de una vez por todas de la agricultura. Mucha ley de lucha contra el cambio clim\u00e1tico, mucha sostenibilidad, pero todo est\u00e1 en el lavadero. El cambio clim\u00e1tico exige revisar el uso del agua en los regad\u00edos actuales y extenderlos, como har\u00eda el Segarra-Garrigues, si es que queremos un cierto grado de soberan\u00eda alimentaria y productos de proximidad. Y es decisivo a la vez ahorrar agua y para ell hay reducir el riego por gravedad\u00a0y transformarlo en sistemas m\u00e1s eficaces, y aqu\u00ed, verg\u00fcenza, hay que a\u00f1adir que Catalu\u00f1a es de entre todas las comunidades la que todav\u00eda\u00a0tiene el porcentaje m\u00e1s alto\u00a0de este tipo de regad\u00edo sobre el total que se riega. Pr\u00e1cticamente la mitad (48%).<\/p>\n","protected":false},"author":2,"featured_media":44550,"comment_status":"open","ping_status":"open","sticky":false,"template":"","format":"standard","meta":{"_FSMCFIC_featured_image_caption":"","_FSMCFIC_featured_image_nocaption":"","_FSMCFIC_featured_image_hide":"","footnotes":""},"categories":[806],"tags":[3013,1525,3079],"class_list":["post-44561","post","type-post","status-publish","format-standard","has-post-thumbnail","hentry","category-punts-claus-del-dia-es","tag-campana-electoral","tag-elecciones-anticipadas","tag-salvador-illa"],"yoast_head":"<!-- This site is optimized with the Yoast SEO plugin v26.8 - https:\/\/yoast.com\/product\/yoast-seo-wordpress\/ -->\n<title>Campa\u00f1a electoral. De Illa presidente al canal Segarra-Garrigues - Converses a Catalunya<\/title>\n<meta name=\"description\" content=\"Su llegada, m\u00e1s la orientaci\u00f3n general que toma la campa\u00f1a tratar\u00e1 por fin sobre los grandes problemas concretos que afectan a los catalanes.\" \/>\n<meta name=\"robots\" content=\"index, follow, max-snippet:-1, max-image-preview:large, max-video-preview:-1\" \/>\n<link rel=\"canonical\" href=\"https:\/\/conversesacatalunya.cat\/es\/campana-electoral-de-illa-presidente-al-canal-segarra-garrigues\/\" \/>\n<meta property=\"og:locale\" content=\"es_ES\" \/>\n<meta property=\"og:type\" content=\"article\" \/>\n<meta property=\"og:title\" content=\"Campa\u00f1a electoral. De Illa presidente al canal Segarra-Garrigues - Converses a Catalunya\" \/>\n<meta property=\"og:description\" content=\"Su llegada, m\u00e1s la orientaci\u00f3n general que toma la campa\u00f1a tratar\u00e1 por fin sobre los grandes problemas concretos que afectan a los catalanes.\" \/>\n<meta property=\"og:url\" content=\"https:\/\/conversesacatalunya.cat\/es\/campana-electoral-de-illa-presidente-al-canal-segarra-garrigues\/\" \/>\n<meta property=\"og:site_name\" content=\"Converses a Catalunya\" \/>\n<meta property=\"article:published_time\" content=\"2021-01-27T11:19:17+00:00\" \/>\n<meta property=\"article:modified_time\" content=\"2021-01-27T14:24:26+00:00\" \/>\n<meta property=\"og:image\" content=\"https:\/\/conversesacatalunya.cat\/wp-content\/uploads\/2021\/01\/illa-president.jpg\" \/>\n\t<meta property=\"og:image:width\" content=\"840\" \/>\n\t<meta property=\"og:image:height\" content=\"420\" \/>\n\t<meta property=\"og:image:type\" content=\"image\/jpeg\" \/>\n<meta name=\"author\" content=\"conversesacatalunya\" \/>\n<meta name=\"twitter:card\" content=\"summary_large_image\" \/>\n<meta name=\"twitter:label1\" content=\"Escrito por\" \/>\n\t<meta name=\"twitter:data1\" content=\"conversesacatalunya\" \/>\n\t<meta name=\"twitter:label2\" content=\"Tiempo de lectura\" \/>\n\t<meta name=\"twitter:data2\" content=\"4 minutos\" \/>\n<script type=\"application\/ld+json\" class=\"yoast-schema-graph\">{\"@context\":\"https:\/\/schema.org\",\"@graph\":[{\"@type\":\"Article\",\"@id\":\"https:\/\/conversesacatalunya.cat\/es\/campana-electoral-de-illa-presidente-al-canal-segarra-garrigues\/#article\",\"isPartOf\":{\"@id\":\"https:\/\/conversesacatalunya.cat\/es\/campana-electoral-de-illa-presidente-al-canal-segarra-garrigues\/\"},\"author\":{\"name\":\"conversesacatalunya\",\"@id\":\"https:\/\/conversesacatalunya.cat\/#\/schema\/person\/7e24d1e54a2785373ddcb275eae5ed99\"},\"headline\":\"Campa\u00f1a electoral. De Illa presidente al canal Segarra-Garrigues\",\"datePublished\":\"2021-01-27T11:19:17+00:00\",\"dateModified\":\"2021-01-27T14:24:26+00:00\",\"mainEntityOfPage\":{\"@id\":\"https:\/\/conversesacatalunya.cat\/es\/campana-electoral-de-illa-presidente-al-canal-segarra-garrigues\/\"},\"wordCount\":845,\"commentCount\":0,\"image\":{\"@id\":\"https:\/\/conversesacatalunya.cat\/es\/campana-electoral-de-illa-presidente-al-canal-segarra-garrigues\/#primaryimage\"},\"thumbnailUrl\":\"https:\/\/conversesacatalunya.cat\/wp-content\/uploads\/2021\/01\/illa-president.jpg\",\"keywords\":[\"campa\u00f1a electoral\",\"elecciones anticipadas\",\"Salvador Illa\"],\"articleSection\":[\"Punts clau del dia (ES)\"],\"inLanguage\":\"es\",\"potentialAction\":[{\"@type\":\"CommentAction\",\"name\":\"Comment\",\"target\":[\"https:\/\/conversesacatalunya.cat\/es\/campana-electoral-de-illa-presidente-al-canal-segarra-garrigues\/#respond\"]}]},{\"@type\":\"WebPage\",\"@id\":\"https:\/\/conversesacatalunya.cat\/es\/campana-electoral-de-illa-presidente-al-canal-segarra-garrigues\/\",\"url\":\"https:\/\/conversesacatalunya.cat\/es\/campana-electoral-de-illa-presidente-al-canal-segarra-garrigues\/\",\"name\":\"Campa\u00f1a electoral. De Illa presidente al canal Segarra-Garrigues - Converses a Catalunya\",\"isPartOf\":{\"@id\":\"https:\/\/conversesacatalunya.cat\/#website\"},\"primaryImageOfPage\":{\"@id\":\"https:\/\/conversesacatalunya.cat\/es\/campana-electoral-de-illa-presidente-al-canal-segarra-garrigues\/#primaryimage\"},\"image\":{\"@id\":\"https:\/\/conversesacatalunya.cat\/es\/campana-electoral-de-illa-presidente-al-canal-segarra-garrigues\/#primaryimage\"},\"thumbnailUrl\":\"https:\/\/conversesacatalunya.cat\/wp-content\/uploads\/2021\/01\/illa-president.jpg\",\"datePublished\":\"2021-01-27T11:19:17+00:00\",\"dateModified\":\"2021-01-27T14:24:26+00:00\",\"author\":{\"@id\":\"https:\/\/conversesacatalunya.cat\/#\/schema\/person\/7e24d1e54a2785373ddcb275eae5ed99\"},\"description\":\"Su llegada, m\u00e1s la orientaci\u00f3n general que toma la campa\u00f1a tratar\u00e1 por fin sobre los grandes problemas concretos que afectan a los catalanes.\",\"breadcrumb\":{\"@id\":\"https:\/\/conversesacatalunya.cat\/es\/campana-electoral-de-illa-presidente-al-canal-segarra-garrigues\/#breadcrumb\"},\"inLanguage\":\"es\",\"potentialAction\":[{\"@type\":\"ReadAction\",\"target\":[\"https:\/\/conversesacatalunya.cat\/es\/campana-electoral-de-illa-presidente-al-canal-segarra-garrigues\/\"]}]},{\"@type\":\"ImageObject\",\"inLanguage\":\"es\",\"@id\":\"https:\/\/conversesacatalunya.cat\/es\/campana-electoral-de-illa-presidente-al-canal-segarra-garrigues\/#primaryimage\",\"url\":\"https:\/\/conversesacatalunya.cat\/wp-content\/uploads\/2021\/01\/illa-president.jpg\",\"contentUrl\":\"https:\/\/conversesacatalunya.cat\/wp-content\/uploads\/2021\/01\/illa-president.jpg\",\"width\":840,\"height\":420,\"caption\":\"Illa president\"},{\"@type\":\"BreadcrumbList\",\"@id\":\"https:\/\/conversesacatalunya.cat\/es\/campana-electoral-de-illa-presidente-al-canal-segarra-garrigues\/#breadcrumb\",\"itemListElement\":[{\"@type\":\"ListItem\",\"position\":1,\"name\":\"Inici\",\"item\":\"https:\/\/conversesacatalunya.cat\/es\/\"},{\"@type\":\"ListItem\",\"position\":2,\"name\":\"Campa\u00f1a electoral. De Illa presidente al canal Segarra-Garrigues\"}]},{\"@type\":\"WebSite\",\"@id\":\"https:\/\/conversesacatalunya.cat\/#website\",\"url\":\"https:\/\/conversesacatalunya.cat\/\",\"name\":\"Converses a Catalunya\",\"description\":\"\",\"potentialAction\":[{\"@type\":\"SearchAction\",\"target\":{\"@type\":\"EntryPoint\",\"urlTemplate\":\"https:\/\/conversesacatalunya.cat\/?s={search_term_string}\"},\"query-input\":{\"@type\":\"PropertyValueSpecification\",\"valueRequired\":true,\"valueName\":\"search_term_string\"}}],\"inLanguage\":\"es\"},{\"@type\":\"Person\",\"@id\":\"https:\/\/conversesacatalunya.cat\/#\/schema\/person\/7e24d1e54a2785373ddcb275eae5ed99\",\"name\":\"conversesacatalunya\",\"image\":{\"@type\":\"ImageObject\",\"inLanguage\":\"es\",\"@id\":\"https:\/\/conversesacatalunya.cat\/#\/schema\/person\/image\/\",\"url\":\"https:\/\/conversesacatalunya.cat\/wp-content\/litespeed\/avatar\/febdfeeec89d950f01c748045a981dd2.jpg?ver=1777314535\",\"contentUrl\":\"https:\/\/conversesacatalunya.cat\/wp-content\/litespeed\/avatar\/febdfeeec89d950f01c748045a981dd2.jpg?ver=1777314535\",\"caption\":\"conversesacatalunya\"},\"url\":\"https:\/\/conversesacatalunya.cat\/es\/author\/carme_catala\/\"}]}<\/script>\n<!-- \/ Yoast SEO plugin. -->","yoast_head_json":{"title":"Campa\u00f1a electoral. De Illa presidente al canal Segarra-Garrigues - Converses a Catalunya","description":"Su llegada, m\u00e1s la orientaci\u00f3n general que toma la campa\u00f1a tratar\u00e1 por fin sobre los grandes problemas concretos que afectan a los catalanes.","robots":{"index":"index","follow":"follow","max-snippet":"max-snippet:-1","max-image-preview":"max-image-preview:large","max-video-preview":"max-video-preview:-1"},"canonical":"https:\/\/conversesacatalunya.cat\/es\/campana-electoral-de-illa-presidente-al-canal-segarra-garrigues\/","og_locale":"es_ES","og_type":"article","og_title":"Campa\u00f1a electoral. De Illa presidente al canal Segarra-Garrigues - Converses a Catalunya","og_description":"Su llegada, m\u00e1s la orientaci\u00f3n general que toma la campa\u00f1a tratar\u00e1 por fin sobre los grandes problemas concretos que afectan a los catalanes.","og_url":"https:\/\/conversesacatalunya.cat\/es\/campana-electoral-de-illa-presidente-al-canal-segarra-garrigues\/","og_site_name":"Converses a Catalunya","article_published_time":"2021-01-27T11:19:17+00:00","article_modified_time":"2021-01-27T14:24:26+00:00","og_image":[{"width":840,"height":420,"url":"https:\/\/conversesacatalunya.cat\/wp-content\/uploads\/2021\/01\/illa-president.jpg","type":"image\/jpeg"}],"author":"conversesacatalunya","twitter_card":"summary_large_image","twitter_misc":{"Escrito por":"conversesacatalunya","Tiempo de lectura":"4 minutos"},"schema":{"@context":"https:\/\/schema.org","@graph":[{"@type":"Article","@id":"https:\/\/conversesacatalunya.cat\/es\/campana-electoral-de-illa-presidente-al-canal-segarra-garrigues\/#article","isPartOf":{"@id":"https:\/\/conversesacatalunya.cat\/es\/campana-electoral-de-illa-presidente-al-canal-segarra-garrigues\/"},"author":{"name":"conversesacatalunya","@id":"https:\/\/conversesacatalunya.cat\/#\/schema\/person\/7e24d1e54a2785373ddcb275eae5ed99"},"headline":"Campa\u00f1a electoral. De Illa presidente al canal Segarra-Garrigues","datePublished":"2021-01-27T11:19:17+00:00","dateModified":"2021-01-27T14:24:26+00:00","mainEntityOfPage":{"@id":"https:\/\/conversesacatalunya.cat\/es\/campana-electoral-de-illa-presidente-al-canal-segarra-garrigues\/"},"wordCount":845,"commentCount":0,"image":{"@id":"https:\/\/conversesacatalunya.cat\/es\/campana-electoral-de-illa-presidente-al-canal-segarra-garrigues\/#primaryimage"},"thumbnailUrl":"https:\/\/conversesacatalunya.cat\/wp-content\/uploads\/2021\/01\/illa-president.jpg","keywords":["campa\u00f1a electoral","elecciones anticipadas","Salvador Illa"],"articleSection":["Punts clau del dia (ES)"],"inLanguage":"es","potentialAction":[{"@type":"CommentAction","name":"Comment","target":["https:\/\/conversesacatalunya.cat\/es\/campana-electoral-de-illa-presidente-al-canal-segarra-garrigues\/#respond"]}]},{"@type":"WebPage","@id":"https:\/\/conversesacatalunya.cat\/es\/campana-electoral-de-illa-presidente-al-canal-segarra-garrigues\/","url":"https:\/\/conversesacatalunya.cat\/es\/campana-electoral-de-illa-presidente-al-canal-segarra-garrigues\/","name":"Campa\u00f1a electoral. De Illa presidente al canal Segarra-Garrigues - Converses a Catalunya","isPartOf":{"@id":"https:\/\/conversesacatalunya.cat\/#website"},"primaryImageOfPage":{"@id":"https:\/\/conversesacatalunya.cat\/es\/campana-electoral-de-illa-presidente-al-canal-segarra-garrigues\/#primaryimage"},"image":{"@id":"https:\/\/conversesacatalunya.cat\/es\/campana-electoral-de-illa-presidente-al-canal-segarra-garrigues\/#primaryimage"},"thumbnailUrl":"https:\/\/conversesacatalunya.cat\/wp-content\/uploads\/2021\/01\/illa-president.jpg","datePublished":"2021-01-27T11:19:17+00:00","dateModified":"2021-01-27T14:24:26+00:00","author":{"@id":"https:\/\/conversesacatalunya.cat\/#\/schema\/person\/7e24d1e54a2785373ddcb275eae5ed99"},"description":"Su llegada, m\u00e1s la orientaci\u00f3n general que toma la campa\u00f1a tratar\u00e1 por fin sobre los grandes problemas concretos que afectan a los catalanes.","breadcrumb":{"@id":"https:\/\/conversesacatalunya.cat\/es\/campana-electoral-de-illa-presidente-al-canal-segarra-garrigues\/#breadcrumb"},"inLanguage":"es","potentialAction":[{"@type":"ReadAction","target":["https:\/\/conversesacatalunya.cat\/es\/campana-electoral-de-illa-presidente-al-canal-segarra-garrigues\/"]}]},{"@type":"ImageObject","inLanguage":"es","@id":"https:\/\/conversesacatalunya.cat\/es\/campana-electoral-de-illa-presidente-al-canal-segarra-garrigues\/#primaryimage","url":"https:\/\/conversesacatalunya.cat\/wp-content\/uploads\/2021\/01\/illa-president.jpg","contentUrl":"https:\/\/conversesacatalunya.cat\/wp-content\/uploads\/2021\/01\/illa-president.jpg","width":840,"height":420,"caption":"Illa president"},{"@type":"BreadcrumbList","@id":"https:\/\/conversesacatalunya.cat\/es\/campana-electoral-de-illa-presidente-al-canal-segarra-garrigues\/#breadcrumb","itemListElement":[{"@type":"ListItem","position":1,"name":"Inici","item":"https:\/\/conversesacatalunya.cat\/es\/"},{"@type":"ListItem","position":2,"name":"Campa\u00f1a electoral. De Illa presidente al canal Segarra-Garrigues"}]},{"@type":"WebSite","@id":"https:\/\/conversesacatalunya.cat\/#website","url":"https:\/\/conversesacatalunya.cat\/","name":"Converses a Catalunya","description":"","potentialAction":[{"@type":"SearchAction","target":{"@type":"EntryPoint","urlTemplate":"https:\/\/conversesacatalunya.cat\/?s={search_term_string}"},"query-input":{"@type":"PropertyValueSpecification","valueRequired":true,"valueName":"search_term_string"}}],"inLanguage":"es"},{"@type":"Person","@id":"https:\/\/conversesacatalunya.cat\/#\/schema\/person\/7e24d1e54a2785373ddcb275eae5ed99","name":"conversesacatalunya","image":{"@type":"ImageObject","inLanguage":"es","@id":"https:\/\/conversesacatalunya.cat\/#\/schema\/person\/image\/","url":"https:\/\/conversesacatalunya.cat\/wp-content\/litespeed\/avatar\/febdfeeec89d950f01c748045a981dd2.jpg?ver=1777314535","contentUrl":"https:\/\/conversesacatalunya.cat\/wp-content\/litespeed\/avatar\/febdfeeec89d950f01c748045a981dd2.jpg?ver=1777314535","caption":"conversesacatalunya"},"url":"https:\/\/conversesacatalunya.cat\/es\/author\/carme_catala\/"}]}},"wps_subtitle":"Su llegada, m\u00e1s la orientaci\u00f3n general que toma la campa\u00f1a, anuncia que esta tratar\u00e1 por fin sobre los grandes problemas concretos que afectan a los catalanes. Ya ser\u00eda hora.","_links":{"self":[{"href":"https:\/\/conversesacatalunya.cat\/es\/wp-json\/wp\/v2\/posts\/44561","targetHints":{"allow":["GET"]}}],"collection":[{"href":"https:\/\/conversesacatalunya.cat\/es\/wp-json\/wp\/v2\/posts"}],"about":[{"href":"https:\/\/conversesacatalunya.cat\/es\/wp-json\/wp\/v2\/types\/post"}],"author":[{"embeddable":true,"href":"https:\/\/conversesacatalunya.cat\/es\/wp-json\/wp\/v2\/users\/2"}],"replies":[{"embeddable":true,"href":"https:\/\/conversesacatalunya.cat\/es\/wp-json\/wp\/v2\/comments?post=44561"}],"version-history":[{"count":2,"href":"https:\/\/conversesacatalunya.cat\/es\/wp-json\/wp\/v2\/posts\/44561\/revisions"}],"predecessor-version":[{"id":44563,"href":"https:\/\/conversesacatalunya.cat\/es\/wp-json\/wp\/v2\/posts\/44561\/revisions\/44563"}],"wp:featuredmedia":[{"embeddable":true,"href":"https:\/\/conversesacatalunya.cat\/es\/wp-json\/wp\/v2\/media\/44550"}],"wp:attachment":[{"href":"https:\/\/conversesacatalunya.cat\/es\/wp-json\/wp\/v2\/media?parent=44561"}],"wp:term":[{"taxonomy":"category","embeddable":true,"href":"https:\/\/conversesacatalunya.cat\/es\/wp-json\/wp\/v2\/categories?post=44561"},{"taxonomy":"post_tag","embeddable":true,"href":"https:\/\/conversesacatalunya.cat\/es\/wp-json\/wp\/v2\/tags?post=44561"}],"curies":[{"name":"wp","href":"https:\/\/api.w.org\/{rel}","templated":true}]}}