{"id":43910,"date":"2021-01-13T09:00:47","date_gmt":"2021-01-13T08:00:47","guid":{"rendered":"https:\/\/conversesacatalunya.cat\/?p=43910"},"modified":"2021-01-11T10:56:39","modified_gmt":"2021-01-11T09:56:39","slug":"la-evolucion-de-los-precios-ha-aumentado-la-deflacion-en-la-ue","status":"publish","type":"post","link":"https:\/\/conversesacatalunya.cat\/es\/la-evolucion-de-los-precios-ha-aumentado-la-deflacion-en-la-ue\/","title":{"rendered":"La evoluci\u00f3n de los precios ha aumentado la deflaci\u00f3n en la UE"},"content":{"rendered":"<p>Eurostat ha registrado en el pasado mes de diciembre una tasa de inflaci\u00f3n interanual de la zona euro del -0,3%, en l\u00ednea con el dato de noviembre y ampliando as\u00ed a cinco meses consecutivos el periodo de deflaci\u00f3n en la regi\u00f3n, en la que dos tercios de sus miembros registraron ca\u00eddas de precios.<\/p>\n<p>La bajada de precios observada en diciembre en la zona euro responde principalmente a<strong> la ca\u00edda del precio de la energ\u00eda<\/strong>, con un retroceso del 6,9%, frente a la bajada del 8,3% de noviembre, as\u00ed como a la menor subida del precio de los alimentos frescos, que se encarecieron un 2,1%, la mitad que en noviembre. Asimismo, los servicios subieron de precio un 0,7% interanual en diciembre, una d\u00e9cima m\u00e1s que en el mes anterior, pero los bienes industriales no energ\u00e9ticos se abarataron un 0,5%, tras una ca\u00edda del 0,3% en noviembre (aumentando la deflaci\u00f3n).<\/p>\n<p>De este modo, al excluir del c\u00e1lculo la energ\u00eda, la tasa de inflaci\u00f3n interanual de la zona euro en diciembre se situ\u00f3 en el 0,5%, una d\u00e9cima menos que en noviembre, mientras que al dejar fuera tambi\u00e9n el precio de los alimentos frescos, el alcohol y el tabaco, la tasa de inflaci\u00f3n subyacente se mantuvo en el 0,2%.<\/p>\n<p>Entre los 18 pa\u00edses de la zona euro de los que hab\u00eda datos disponibles,<strong> una docena registr\u00f3 en diciembre ca\u00eddas interanuales de precios<\/strong>, siendo las m\u00e1s acusadas las observadas en Grecia (-2,4%) y Eslovenia (-1,2%), mientras que \u00fanicamente en cinco pa\u00edses hubo tasas positivas de inflaci\u00f3n, con Eslovaquia a la cabeza (+1,6%). En el caso de Francia, los precios se mantuvieron estables. Por su parte, en Espa\u00f1a la tasa de inflaci\u00f3n armonizada interanual se situ\u00f3 en diciembre una deflaci\u00f3n del -0,6%, dos d\u00e9cimas por encima del -0,8% registrado en noviembre, lo que estrech\u00f3 a tres d\u00e9cimas el diferencial de precios favorable al pa\u00eds en relaci\u00f3n con la media de la zona euro.<\/p>\n<p>En este sentido, el economista de IHS Markit Chris Williamson ha declarado que a\u00fan la econom\u00eda seguir\u00e1 sufriendo los efectos de la pandemia. \u00abEs posible que lo peor est\u00e9 a\u00fan por venir antes de que las cosas mejoren, especialmente porque los datos de la \u00faltima encuesta se recopilaron antes de la noticia de la nueva y m\u00e1s contagiosa cepa del virus\u00bb, asegura el economista.<\/p>\n<p>Los \u00faltimos datos aumentan el riesgo de que se produzca <strong>una recesi\u00f3n t\u00e9cnica<\/strong>, junto con una nueva ca\u00edda del producto interior bruto (PIB) de la zona euro, a lo largo del primer trimestre del nuevo a\u00f1o, cuando la actividad seguir\u00e1 estando restringida debido a un severo distanciamiento social. En el caso de Espa\u00f1a, la actividad del sector privado registr\u00f3 un ligero repunte en el \u00faltimo mes de 2020, hasta los 48,7 puntos, frente a los 41,7 puntos a los que cay\u00f3 un mes atr\u00e1s.<\/p>\n<span class='bctt-click-to-tweet'><span class='bctt-ctt-text'><a href='https:\/\/twitter.com\/intent\/tweet?url=https%3A%2F%2Fconversesacatalunya.cat%2Fes%2Fla-evolucion-de-los-precios-ha-aumentado-la-deflacion-en-la-ue%2F&#038;text=La%20bajada%20de%20precios%20observada%20en%20diciembre%20en%20la%20zona%20euro%20responde%20principalmente%20a%20la%20ca%C3%ADda%20del%20precio%20de%20la%20energ%C3%ADa%2C%20con%20un%20retroceso%20del%206%2C9%25&#038;via=conversesacat&#038;related=conversesacat' target='_blank'rel=\"noopener noreferrer\">La bajada de precios observada en diciembre en la zona euro responde principalmente a la ca\u00edda del precio de la energ\u00eda, con un retroceso del 6,9% <\/a><\/span><a href='https:\/\/twitter.com\/intent\/tweet?url=https%3A%2F%2Fconversesacatalunya.cat%2Fes%2Fla-evolucion-de-los-precios-ha-aumentado-la-deflacion-en-la-ue%2F&#038;text=La%20bajada%20de%20precios%20observada%20en%20diciembre%20en%20la%20zona%20euro%20responde%20principalmente%20a%20la%20ca%C3%ADda%20del%20precio%20de%20la%20energ%C3%ADa%2C%20con%20un%20retroceso%20del%206%2C9%25&#038;via=conversesacat&#038;related=conversesacat' target='_blank' class='bctt-ctt-btn'rel=\"noopener noreferrer\">Compartir en X<\/a><\/span>\n","protected":false},"excerpt":{"rendered":"<p>Eurostat ha registrado en el pasado mes de diciembre una tasa de inflaci\u00f3n interanual de la zona euro del -0,3%, en l\u00ednea con el dato de noviembre y ampliando as\u00ed a cinco meses consecutivos el periodo de deflaci\u00f3n en la regi\u00f3n, en la que dos tercios de sus miembros registraron ca\u00eddas de precios. La bajada de precios observada en diciembre en la zona euro responde principalmente a la ca\u00edda del precio de la energ\u00eda, con un retroceso del 6,9%, frente a la bajada del 8,3% de noviembre, as\u00ed como a la menor subida del precio de los alimentos frescos, que se encarecieron un 2,1%, la mitad que en noviembre. Asimismo, los servicios subieron de precio un 0,7% interanual en diciembre, una d\u00e9cima m\u00e1s que en el mes anterior, pero los bienes industriales no energ\u00e9ticos se abarataron un 0,5%, tras una ca\u00edda del 0,3% en noviembre (aumentando la deflaci\u00f3n). De este modo, al excluir del c\u00e1lculo la energ\u00eda, la tasa de inflaci\u00f3n interanual de la zona euro en diciembre se situ\u00f3 en el 0,5%, una d\u00e9cima menos que en noviembre, mientras que al dejar fuera tambi\u00e9n el precio de los alimentos frescos, el alcohol y el tabaco, la tasa de inflaci\u00f3n subyacente se mantuvo en el 0,2%. Entre los 18 pa\u00edses de la zona euro de los que hab\u00eda datos disponibles, una docena registr\u00f3 en diciembre ca\u00eddas interanuales de precios, siendo las m\u00e1s acusadas las observadas en Grecia (-2,4%) y Eslovenia (-1,2%), mientras que \u00fanicamente en cinco pa\u00edses hubo tasas positivas de inflaci\u00f3n, con Eslovaquia a la cabeza (+1,6%). En el caso de Francia, los precios se mantuvieron estables. Por su parte, en Espa\u00f1a la tasa de inflaci\u00f3n armonizada interanual se situ\u00f3 en diciembre una deflaci\u00f3n del -0,6%, dos d\u00e9cimas por encima del -0,8% registrado en noviembre, lo que estrech\u00f3 a tres d\u00e9cimas el diferencial de precios favorable al pa\u00eds en relaci\u00f3n con la media de la zona euro. En este sentido, el economista de IHS Markit Chris Williamson ha declarado que a\u00fan la econom\u00eda seguir\u00e1 sufriendo los efectos de la pandemia. \u00abEs posible que lo peor est\u00e9 a\u00fan por venir antes de que las cosas mejoren, especialmente porque los datos de la \u00faltima encuesta se recopilaron antes de la noticia de la nueva y m\u00e1s contagiosa cepa del virus\u00bb, asegura el economista. Los \u00faltimos datos aumentan el riesgo de que se produzca una recesi\u00f3n t\u00e9cnica, junto con una nueva ca\u00edda del producto interior bruto (PIB) de la zona euro, a lo largo del primer trimestre del nuevo a\u00f1o, cuando la actividad seguir\u00e1 estando restringida debido a un severo distanciamiento social. En el caso de Espa\u00f1a, la actividad del sector privado registr\u00f3 un ligero repunte en el \u00faltimo mes de 2020, hasta los 48,7 puntos, frente a los 41,7 puntos a los que cay\u00f3 un mes atr\u00e1s.<\/p>\n","protected":false},"author":20,"featured_media":43901,"comment_status":"open","ping_status":"open","sticky":false,"template":"","format":"standard","meta":{"_FSMCFIC_featured_image_caption":"","_FSMCFIC_featured_image_nocaption":"","_FSMCFIC_featured_image_hide":"","footnotes":""},"categories":[806],"tags":[3006,3097],"class_list":["post-43910","post","type-post","status-publish","format-standard","has-post-thumbnail","hentry","category-punts-claus-del-dia-es","tag-crisis-coronavirus","tag-inflacio-es"],"yoast_head":"<!-- This site is optimized with the Yoast SEO plugin v26.8 - https:\/\/yoast.com\/product\/yoast-seo-wordpress\/ -->\n<title>La evoluci\u00f3n de los precios ha aumentado la deflaci\u00f3n en la UE -<\/title>\n<meta name=\"description\" content=\"La pandemia ha empeorado los datos de la inflaci\u00f3n, mostrando una evoluci\u00f3n de los precios favorable a una mayor deflaci\u00f3n\" \/>\n<meta name=\"robots\" content=\"index, follow, max-snippet:-1, max-image-preview:large, max-video-preview:-1\" \/>\n<link rel=\"canonical\" href=\"https:\/\/conversesacatalunya.cat\/es\/la-evolucion-de-los-precios-ha-aumentado-la-deflacion-en-la-ue\/\" \/>\n<meta property=\"og:locale\" content=\"es_ES\" \/>\n<meta property=\"og:type\" content=\"article\" \/>\n<meta property=\"og:title\" content=\"La evoluci\u00f3n de los precios ha aumentado la deflaci\u00f3n en la UE -\" \/>\n<meta property=\"og:description\" content=\"La pandemia ha empeorado los datos de la inflaci\u00f3n, mostrando una evoluci\u00f3n de los precios favorable a una mayor deflaci\u00f3n\" \/>\n<meta property=\"og:url\" content=\"https:\/\/conversesacatalunya.cat\/es\/la-evolucion-de-los-precios-ha-aumentado-la-deflacion-en-la-ue\/\" \/>\n<meta property=\"og:site_name\" content=\"Converses a Catalunya\" \/>\n<meta property=\"article:published_time\" content=\"2021-01-13T08:00:47+00:00\" \/>\n<meta property=\"og:image\" content=\"https:\/\/conversesacatalunya.cat\/wp-content\/uploads\/2021\/01\/Capture-5.png\" \/>\n\t<meta property=\"og:image:width\" content=\"1088\" \/>\n\t<meta property=\"og:image:height\" content=\"718\" \/>\n\t<meta property=\"og:image:type\" content=\"image\/png\" \/>\n<meta name=\"author\" content=\"conversesacatalunya\" \/>\n<meta name=\"twitter:card\" content=\"summary_large_image\" \/>\n<meta name=\"twitter:label1\" content=\"Escrito por\" \/>\n\t<meta name=\"twitter:data1\" content=\"conversesacatalunya\" \/>\n\t<meta name=\"twitter:label2\" content=\"Tiempo de lectura\" \/>\n\t<meta name=\"twitter:data2\" content=\"3 minutos\" \/>\n<script type=\"application\/ld+json\" class=\"yoast-schema-graph\">{\"@context\":\"https:\/\/schema.org\",\"@graph\":[{\"@type\":\"Article\",\"@id\":\"https:\/\/conversesacatalunya.cat\/es\/la-evolucion-de-los-precios-ha-aumentado-la-deflacion-en-la-ue\/#article\",\"isPartOf\":{\"@id\":\"https:\/\/conversesacatalunya.cat\/es\/la-evolucion-de-los-precios-ha-aumentado-la-deflacion-en-la-ue\/\"},\"author\":{\"name\":\"conversesacatalunya\",\"@id\":\"https:\/\/conversesacatalunya.cat\/#\/schema\/person\/a7a9496a363cd9847daf7cd659d92e64\"},\"headline\":\"La evoluci\u00f3n de los precios ha aumentado la deflaci\u00f3n en la UE\",\"datePublished\":\"2021-01-13T08:00:47+00:00\",\"mainEntityOfPage\":{\"@id\":\"https:\/\/conversesacatalunya.cat\/es\/la-evolucion-de-los-precios-ha-aumentado-la-deflacion-en-la-ue\/\"},\"wordCount\":539,\"commentCount\":0,\"image\":{\"@id\":\"https:\/\/conversesacatalunya.cat\/es\/la-evolucion-de-los-precios-ha-aumentado-la-deflacion-en-la-ue\/#primaryimage\"},\"thumbnailUrl\":\"https:\/\/conversesacatalunya.cat\/wp-content\/uploads\/2021\/01\/Capture-5.png\",\"keywords\":[\"crisis coronavirus\",\"Inflaci\u00f3\"],\"articleSection\":[\"Punts clau del dia (ES)\"],\"inLanguage\":\"es\",\"potentialAction\":[{\"@type\":\"CommentAction\",\"name\":\"Comment\",\"target\":[\"https:\/\/conversesacatalunya.cat\/es\/la-evolucion-de-los-precios-ha-aumentado-la-deflacion-en-la-ue\/#respond\"]}]},{\"@type\":\"WebPage\",\"@id\":\"https:\/\/conversesacatalunya.cat\/es\/la-evolucion-de-los-precios-ha-aumentado-la-deflacion-en-la-ue\/\",\"url\":\"https:\/\/conversesacatalunya.cat\/es\/la-evolucion-de-los-precios-ha-aumentado-la-deflacion-en-la-ue\/\",\"name\":\"La evoluci\u00f3n de los precios ha aumentado la deflaci\u00f3n en la UE -\",\"isPartOf\":{\"@id\":\"https:\/\/conversesacatalunya.cat\/#website\"},\"primaryImageOfPage\":{\"@id\":\"https:\/\/conversesacatalunya.cat\/es\/la-evolucion-de-los-precios-ha-aumentado-la-deflacion-en-la-ue\/#primaryimage\"},\"image\":{\"@id\":\"https:\/\/conversesacatalunya.cat\/es\/la-evolucion-de-los-precios-ha-aumentado-la-deflacion-en-la-ue\/#primaryimage\"},\"thumbnailUrl\":\"https:\/\/conversesacatalunya.cat\/wp-content\/uploads\/2021\/01\/Capture-5.png\",\"datePublished\":\"2021-01-13T08:00:47+00:00\",\"author\":{\"@id\":\"https:\/\/conversesacatalunya.cat\/#\/schema\/person\/a7a9496a363cd9847daf7cd659d92e64\"},\"description\":\"La pandemia ha empeorado los datos de la inflaci\u00f3n, mostrando una evoluci\u00f3n de los precios favorable a una mayor deflaci\u00f3n\",\"breadcrumb\":{\"@id\":\"https:\/\/conversesacatalunya.cat\/es\/la-evolucion-de-los-precios-ha-aumentado-la-deflacion-en-la-ue\/#breadcrumb\"},\"inLanguage\":\"es\",\"potentialAction\":[{\"@type\":\"ReadAction\",\"target\":[\"https:\/\/conversesacatalunya.cat\/es\/la-evolucion-de-los-precios-ha-aumentado-la-deflacion-en-la-ue\/\"]}]},{\"@type\":\"ImageObject\",\"inLanguage\":\"es\",\"@id\":\"https:\/\/conversesacatalunya.cat\/es\/la-evolucion-de-los-precios-ha-aumentado-la-deflacion-en-la-ue\/#primaryimage\",\"url\":\"https:\/\/conversesacatalunya.cat\/wp-content\/uploads\/2021\/01\/Capture-5.png\",\"contentUrl\":\"https:\/\/conversesacatalunya.cat\/wp-content\/uploads\/2021\/01\/Capture-5.png\",\"width\":1088,\"height\":718,\"caption\":\"deflaci\u00f3\"},{\"@type\":\"BreadcrumbList\",\"@id\":\"https:\/\/conversesacatalunya.cat\/es\/la-evolucion-de-los-precios-ha-aumentado-la-deflacion-en-la-ue\/#breadcrumb\",\"itemListElement\":[{\"@type\":\"ListItem\",\"position\":1,\"name\":\"Inici\",\"item\":\"https:\/\/conversesacatalunya.cat\/es\/\"},{\"@type\":\"ListItem\",\"position\":2,\"name\":\"La evoluci\u00f3n de los precios ha aumentado la deflaci\u00f3n en la UE\"}]},{\"@type\":\"WebSite\",\"@id\":\"https:\/\/conversesacatalunya.cat\/#website\",\"url\":\"https:\/\/conversesacatalunya.cat\/\",\"name\":\"Converses a Catalunya\",\"description\":\"\",\"potentialAction\":[{\"@type\":\"SearchAction\",\"target\":{\"@type\":\"EntryPoint\",\"urlTemplate\":\"https:\/\/conversesacatalunya.cat\/?s={search_term_string}\"},\"query-input\":{\"@type\":\"PropertyValueSpecification\",\"valueRequired\":true,\"valueName\":\"search_term_string\"}}],\"inLanguage\":\"es\"},{\"@type\":\"Person\",\"@id\":\"https:\/\/conversesacatalunya.cat\/#\/schema\/person\/a7a9496a363cd9847daf7cd659d92e64\",\"name\":\"conversesacatalunya\",\"image\":{\"@type\":\"ImageObject\",\"inLanguage\":\"es\",\"@id\":\"https:\/\/conversesacatalunya.cat\/#\/schema\/person\/image\/\",\"url\":\"https:\/\/conversesacatalunya.cat\/wp-content\/litespeed\/avatar\/ff91582b44ff9c880dc9c5ac2f5c7e89.jpg?ver=1777372947\",\"contentUrl\":\"https:\/\/conversesacatalunya.cat\/wp-content\/litespeed\/avatar\/ff91582b44ff9c880dc9c5ac2f5c7e89.jpg?ver=1777372947\",\"caption\":\"conversesacatalunya\"},\"url\":\"https:\/\/conversesacatalunya.cat\/es\/author\/francisco_garcia\/\"}]}<\/script>\n<!-- \/ Yoast SEO plugin. -->","yoast_head_json":{"title":"La evoluci\u00f3n de los precios ha aumentado la deflaci\u00f3n en la UE -","description":"La pandemia ha empeorado los datos de la inflaci\u00f3n, mostrando una evoluci\u00f3n de los precios favorable a una mayor deflaci\u00f3n","robots":{"index":"index","follow":"follow","max-snippet":"max-snippet:-1","max-image-preview":"max-image-preview:large","max-video-preview":"max-video-preview:-1"},"canonical":"https:\/\/conversesacatalunya.cat\/es\/la-evolucion-de-los-precios-ha-aumentado-la-deflacion-en-la-ue\/","og_locale":"es_ES","og_type":"article","og_title":"La evoluci\u00f3n de los precios ha aumentado la deflaci\u00f3n en la UE -","og_description":"La pandemia ha empeorado los datos de la inflaci\u00f3n, mostrando una evoluci\u00f3n de los precios favorable a una mayor deflaci\u00f3n","og_url":"https:\/\/conversesacatalunya.cat\/es\/la-evolucion-de-los-precios-ha-aumentado-la-deflacion-en-la-ue\/","og_site_name":"Converses a Catalunya","article_published_time":"2021-01-13T08:00:47+00:00","og_image":[{"width":1088,"height":718,"url":"https:\/\/conversesacatalunya.cat\/wp-content\/uploads\/2021\/01\/Capture-5.png","type":"image\/png"}],"author":"conversesacatalunya","twitter_card":"summary_large_image","twitter_misc":{"Escrito por":"conversesacatalunya","Tiempo de lectura":"3 minutos"},"schema":{"@context":"https:\/\/schema.org","@graph":[{"@type":"Article","@id":"https:\/\/conversesacatalunya.cat\/es\/la-evolucion-de-los-precios-ha-aumentado-la-deflacion-en-la-ue\/#article","isPartOf":{"@id":"https:\/\/conversesacatalunya.cat\/es\/la-evolucion-de-los-precios-ha-aumentado-la-deflacion-en-la-ue\/"},"author":{"name":"conversesacatalunya","@id":"https:\/\/conversesacatalunya.cat\/#\/schema\/person\/a7a9496a363cd9847daf7cd659d92e64"},"headline":"La evoluci\u00f3n de los precios ha aumentado la deflaci\u00f3n en la UE","datePublished":"2021-01-13T08:00:47+00:00","mainEntityOfPage":{"@id":"https:\/\/conversesacatalunya.cat\/es\/la-evolucion-de-los-precios-ha-aumentado-la-deflacion-en-la-ue\/"},"wordCount":539,"commentCount":0,"image":{"@id":"https:\/\/conversesacatalunya.cat\/es\/la-evolucion-de-los-precios-ha-aumentado-la-deflacion-en-la-ue\/#primaryimage"},"thumbnailUrl":"https:\/\/conversesacatalunya.cat\/wp-content\/uploads\/2021\/01\/Capture-5.png","keywords":["crisis coronavirus","Inflaci\u00f3"],"articleSection":["Punts clau del dia (ES)"],"inLanguage":"es","potentialAction":[{"@type":"CommentAction","name":"Comment","target":["https:\/\/conversesacatalunya.cat\/es\/la-evolucion-de-los-precios-ha-aumentado-la-deflacion-en-la-ue\/#respond"]}]},{"@type":"WebPage","@id":"https:\/\/conversesacatalunya.cat\/es\/la-evolucion-de-los-precios-ha-aumentado-la-deflacion-en-la-ue\/","url":"https:\/\/conversesacatalunya.cat\/es\/la-evolucion-de-los-precios-ha-aumentado-la-deflacion-en-la-ue\/","name":"La evoluci\u00f3n de los precios ha aumentado la deflaci\u00f3n en la UE -","isPartOf":{"@id":"https:\/\/conversesacatalunya.cat\/#website"},"primaryImageOfPage":{"@id":"https:\/\/conversesacatalunya.cat\/es\/la-evolucion-de-los-precios-ha-aumentado-la-deflacion-en-la-ue\/#primaryimage"},"image":{"@id":"https:\/\/conversesacatalunya.cat\/es\/la-evolucion-de-los-precios-ha-aumentado-la-deflacion-en-la-ue\/#primaryimage"},"thumbnailUrl":"https:\/\/conversesacatalunya.cat\/wp-content\/uploads\/2021\/01\/Capture-5.png","datePublished":"2021-01-13T08:00:47+00:00","author":{"@id":"https:\/\/conversesacatalunya.cat\/#\/schema\/person\/a7a9496a363cd9847daf7cd659d92e64"},"description":"La pandemia ha empeorado los datos de la inflaci\u00f3n, mostrando una evoluci\u00f3n de los precios favorable a una mayor deflaci\u00f3n","breadcrumb":{"@id":"https:\/\/conversesacatalunya.cat\/es\/la-evolucion-de-los-precios-ha-aumentado-la-deflacion-en-la-ue\/#breadcrumb"},"inLanguage":"es","potentialAction":[{"@type":"ReadAction","target":["https:\/\/conversesacatalunya.cat\/es\/la-evolucion-de-los-precios-ha-aumentado-la-deflacion-en-la-ue\/"]}]},{"@type":"ImageObject","inLanguage":"es","@id":"https:\/\/conversesacatalunya.cat\/es\/la-evolucion-de-los-precios-ha-aumentado-la-deflacion-en-la-ue\/#primaryimage","url":"https:\/\/conversesacatalunya.cat\/wp-content\/uploads\/2021\/01\/Capture-5.png","contentUrl":"https:\/\/conversesacatalunya.cat\/wp-content\/uploads\/2021\/01\/Capture-5.png","width":1088,"height":718,"caption":"deflaci\u00f3"},{"@type":"BreadcrumbList","@id":"https:\/\/conversesacatalunya.cat\/es\/la-evolucion-de-los-precios-ha-aumentado-la-deflacion-en-la-ue\/#breadcrumb","itemListElement":[{"@type":"ListItem","position":1,"name":"Inici","item":"https:\/\/conversesacatalunya.cat\/es\/"},{"@type":"ListItem","position":2,"name":"La evoluci\u00f3n de los precios ha aumentado la deflaci\u00f3n en la UE"}]},{"@type":"WebSite","@id":"https:\/\/conversesacatalunya.cat\/#website","url":"https:\/\/conversesacatalunya.cat\/","name":"Converses a Catalunya","description":"","potentialAction":[{"@type":"SearchAction","target":{"@type":"EntryPoint","urlTemplate":"https:\/\/conversesacatalunya.cat\/?s={search_term_string}"},"query-input":{"@type":"PropertyValueSpecification","valueRequired":true,"valueName":"search_term_string"}}],"inLanguage":"es"},{"@type":"Person","@id":"https:\/\/conversesacatalunya.cat\/#\/schema\/person\/a7a9496a363cd9847daf7cd659d92e64","name":"conversesacatalunya","image":{"@type":"ImageObject","inLanguage":"es","@id":"https:\/\/conversesacatalunya.cat\/#\/schema\/person\/image\/","url":"https:\/\/conversesacatalunya.cat\/wp-content\/litespeed\/avatar\/ff91582b44ff9c880dc9c5ac2f5c7e89.jpg?ver=1777372947","contentUrl":"https:\/\/conversesacatalunya.cat\/wp-content\/litespeed\/avatar\/ff91582b44ff9c880dc9c5ac2f5c7e89.jpg?ver=1777372947","caption":"conversesacatalunya"},"url":"https:\/\/conversesacatalunya.cat\/es\/author\/francisco_garcia\/"}]}},"wps_subtitle":"La pandemia ha empeorado los datos de la inflaci\u00f3n, mostrando una evoluci\u00f3n de los precios favorable a una mayor deflaci\u00f3n respecto los \u00faltimos a\u00f1os","_links":{"self":[{"href":"https:\/\/conversesacatalunya.cat\/es\/wp-json\/wp\/v2\/posts\/43910","targetHints":{"allow":["GET"]}}],"collection":[{"href":"https:\/\/conversesacatalunya.cat\/es\/wp-json\/wp\/v2\/posts"}],"about":[{"href":"https:\/\/conversesacatalunya.cat\/es\/wp-json\/wp\/v2\/types\/post"}],"author":[{"embeddable":true,"href":"https:\/\/conversesacatalunya.cat\/es\/wp-json\/wp\/v2\/users\/20"}],"replies":[{"embeddable":true,"href":"https:\/\/conversesacatalunya.cat\/es\/wp-json\/wp\/v2\/comments?post=43910"}],"version-history":[{"count":2,"href":"https:\/\/conversesacatalunya.cat\/es\/wp-json\/wp\/v2\/posts\/43910\/revisions"}],"predecessor-version":[{"id":43912,"href":"https:\/\/conversesacatalunya.cat\/es\/wp-json\/wp\/v2\/posts\/43910\/revisions\/43912"}],"wp:featuredmedia":[{"embeddable":true,"href":"https:\/\/conversesacatalunya.cat\/es\/wp-json\/wp\/v2\/media\/43901"}],"wp:attachment":[{"href":"https:\/\/conversesacatalunya.cat\/es\/wp-json\/wp\/v2\/media?parent=43910"}],"wp:term":[{"taxonomy":"category","embeddable":true,"href":"https:\/\/conversesacatalunya.cat\/es\/wp-json\/wp\/v2\/categories?post=43910"},{"taxonomy":"post_tag","embeddable":true,"href":"https:\/\/conversesacatalunya.cat\/es\/wp-json\/wp\/v2\/tags?post=43910"}],"curies":[{"name":"wp","href":"https:\/\/api.w.org\/{rel}","templated":true}]}}