{"id":43711,"date":"2020-12-30T14:58:25","date_gmt":"2020-12-30T13:58:25","guid":{"rendered":"https:\/\/conversesacatalunya.cat\/coronavirus-una-nova-ona-posa-en-perill-als-autonoms\/"},"modified":"2020-12-30T15:05:12","modified_gmt":"2020-12-30T14:05:12","slug":"coronavirus-una-nueva-ola-pone-en-peligro-a-los-autonomos","status":"publish","type":"post","link":"https:\/\/conversesacatalunya.cat\/es\/coronavirus-una-nueva-ola-pone-en-peligro-a-los-autonomos\/","title":{"rendered":"Coronavirus: una nueva ola pone en peligro a los aut\u00f3nomos"},"content":{"rendered":"<p>La encuesta realizada por Aut\u00f2noms Pimec manifiesta <strong>la delicada salud de casi la mitad de los aut\u00f3nomos de Catalu\u00f1a<\/strong> ante la amenaza de una posible tercera ola de coronavirus. Seg\u00fan el estudio, el 85% de los aut\u00f3nomos \u00abno aguantar\u00eda\u00bb las consecuencias de una tercera ola de la pandemia. El 44,1% de ellos tendr\u00eda problemas, pero podr\u00eda continuar su actividad, mientras que el 40,9% se ver\u00eda abocado al cierre definitivo. El \u00e1rea especializada de la patronal catalana ha constatado en una encuesta, realizada a 200 profesionales entre el 1 y el 3 de diciembre, \u00abque la situaci\u00f3n de los aut\u00f3nomos es mucho m\u00e1s grave que en el conjunto de la econom\u00eda\u00bb, seg\u00fan ha explicado en rueda de prensa el gerente del \u00c1rea Institucional de Pimec, \u00c0ngel Hermosilla.<\/p>\n<p>Por ello, el punto de partida ante la progresi\u00f3n de la pandemia en las pr\u00f3ximas semanas, a pesar de haberse iniciado la vacunaci\u00f3n contra el coronavirus, es m\u00e1s negativo. De ah\u00ed que 4 de cada 5 aut\u00f3nomos encuestados considera que no puede aguantar m\u00e1s restricciones y un 40,9% cree que deber\u00eda cerrarse ante de esta situaci\u00f3n. Las perspectivas se mantienen en negativo para el conjunto del primer semestre de 2021, con un 48,9% de los aut\u00f3nomos que pronostica problemas financieros. La posibilidad de una tercera ola complica las previsiones del sector. \u00abDe cara al ejercicio de 2021, un 65,1% de los aut\u00f3nomos anticipa un descenso de su actividad y un 36,5% ve riesgo de cierre \u00ab, agreg\u00f3 \u00c1ngel Hermosilla.<\/p>\n<p>Es consecuencia directa de la afectaci\u00f3n econ\u00f3mica de la pandemia y de la falta de suficientes recursos directos de las administraciones para compensar los cierres obligados por las restricciones sanitarias. Al cierre de este a\u00f1o,<strong> un 47,3% de los aut\u00f3nomos catalanes prev\u00e9 acabar 2020 con un descenso superior al 50% en su actividad<\/strong> y hasta el 89,3% sufrir\u00e1 una ca\u00edda en su facturaci\u00f3n, mientras que el 6,5% asegura que se quedar\u00e1 igual y el 4,3% prev\u00e9 acabar 2020 con una mejora en su actividad, seg\u00fan el informe presentado este martes por Aut\u00f2noms Pimec.<\/p>\n<p>En concreto, el 18,3% de los aut\u00f3nomos se encontraba sin actividad a principios de diciembre, y solo el 34,5% ten\u00eda un 50% o m\u00e1s de su actividad normal, cuando, si se suman las pymes, este porcentaje aumenta hasta el 60%. Las consecuencias de este impacto son muchas, pero el principal problema que identifican los aut\u00f3nomos es el descenso de las ventas, seguido de los problemas para pagar impuestos, cotizaciones y suministros. Con una posible inminente tercera ola, la situaci\u00f3n se recrudecer\u00eda.<\/p>\n<p>La gran reivindicaci\u00f3n de los aut\u00f3nomos frente a las nuevas restricciones es que la administraci\u00f3n tenga un plan de ayudas estable. La vicepresidenta de Aut\u00f3nomos Pimec, Carme Garc\u00eda, reclam\u00f3 que, ante una eventual tercera ola de la pandemia, los aut\u00f3nomos tengan derecho a recibir ayudas directas \u201cpara mantener la supervivencia\u201d como han tenido en otros pa\u00edses desde el principio de la crisis.<\/p>\n<p>Seg\u00fan Garc\u00eda, la petici\u00f3n de ayudas ya se ha trasladado a las administraciones, sin que, de momento, hayan recibido respuestas concretas, excepto \u201clas peque\u00f1as ayudas que han salido de la Generalitat\u201d. Tras el colapso de la aplicaci\u00f3n inform\u00e1tica para pedir las ayudas el pasado oto\u00f1o, el Govern se comprometi\u00f3 a dar 2.000 euros a 116.000 aut\u00f3nomos antes de que termine el a\u00f1o.<\/p>\n<span class='bctt-click-to-tweet'><span class='bctt-ctt-text'><a href='https:\/\/twitter.com\/intent\/tweet?url=https%3A%2F%2Fconversesacatalunya.cat%2Fes%2Fcoronavirus-una-nueva-ola-pone-en-peligro-a-los-autonomos%2F&#038;text=Al%20cierre%20de%20este%20a%C3%B1o%2C%20un%2047%2C3%25%20de%20los%20aut%C3%B3nomos%20catalanes%20prev%C3%A9%20acabar%202020%20con%20un%20descenso%20superior%20al%2050%25%20en%20su%20actividad%20y%20hasta%20el%2089%2C3%25%20sufrir%C3%A1%20una%20ca%C3%ADda%20en%20su%20facturaci%C3%B3n&#038;via=conversesacat&#038;related=conversesacat' target='_blank'rel=\"noopener noreferrer\">Al cierre de este a\u00f1o, un 47,3% de los aut\u00f3nomos catalanes prev\u00e9 acabar 2020 con un descenso superior al 50% en su actividad y hasta el 89,3% sufrir\u00e1 una ca\u00edda en su facturaci\u00f3n <\/a><\/span><a href='https:\/\/twitter.com\/intent\/tweet?url=https%3A%2F%2Fconversesacatalunya.cat%2Fes%2Fcoronavirus-una-nueva-ola-pone-en-peligro-a-los-autonomos%2F&#038;text=Al%20cierre%20de%20este%20a%C3%B1o%2C%20un%2047%2C3%25%20de%20los%20aut%C3%B3nomos%20catalanes%20prev%C3%A9%20acabar%202020%20con%20un%20descenso%20superior%20al%2050%25%20en%20su%20actividad%20y%20hasta%20el%2089%2C3%25%20sufrir%C3%A1%20una%20ca%C3%ADda%20en%20su%20facturaci%C3%B3n&#038;via=conversesacat&#038;related=conversesacat' target='_blank' class='bctt-ctt-btn'rel=\"noopener noreferrer\">Compartir en X<\/a><\/span>\n<div id=\"polls-85\" class=\"wp-polls\">\n\t<form id=\"polls_form_85\" class=\"wp-polls-form\" action=\"\/index.php\" method=\"post\">\n\t\t<p style=\"display: none;\"><input type=\"hidden\" id=\"poll_85_nonce\" name=\"wp-polls-nonce\" value=\"a6bb8cbe4f\" \/><\/p>\n\t\t<p style=\"display: none;\"><input type=\"hidden\" name=\"poll_id\" value=\"85\" \/><\/p>\n\t\t<p style=\"text-align: center\"><strong>Pactar\u00e0 ERC amb Els Comuns i el PSC com acaben de fer a l'Ajuntament de Barcelona?<\/strong><\/p><div id=\"polls-85-ans\" class=\"wp-polls-ans\"><ul class=\"wp-polls-ul\">\n\t\t<li><input type=\"radio\" id=\"poll-answer-193\" name=\"poll_85\" value=\"193\" \/> <label for=\"poll-answer-193\">Si<\/label><\/li>\n\t\t<li><input type=\"radio\" id=\"poll-answer-194\" name=\"poll_85\" value=\"194\" \/> <label for=\"poll-answer-194\">No<\/label><\/li>\n\t\t<li><input type=\"radio\" id=\"poll-answer-195\" name=\"poll_85\" value=\"195\" \/> <label for=\"poll-answer-195\">No ho s\u00e9<\/label><\/li>\n\t\t<\/ul><p style=\"text-align: center\"><input type=\"button\" name=\"vote\" value=\"   Vota   \" class=\"Buttons\" onclick=\"poll_vote(85);\" \/><\/p><p style=\"text-align: center\"><a href=\"#ViewPollResults\" onclick=\"poll_result(85); return false;\" title=\"View Results Of This Poll\">Mira els resultats<\/a><\/p><\/div>\n\t<\/form>\n<\/div>\n<div id=\"polls-85-loading\" class=\"wp-polls-loading\"><img decoding=\"async\" data-src=\"https:\/\/conversesacatalunya.cat\/wp-content\/plugins\/wp-polls\/images\/loading.gif\" width=\"16\" height=\"16\" alt=\"Cargando ...\" title=\"Cargando ...\" class=\"wp-polls-image lazyload\" src=\"data:image\/svg+xml;base64,PHN2ZyB3aWR0aD0iMSIgaGVpZ2h0PSIxIiB4bWxucz0iaHR0cDovL3d3dy53My5vcmcvMjAwMC9zdmciPjwvc3ZnPg==\" style=\"--smush-placeholder-width: 16px; --smush-placeholder-aspect-ratio: 16\/16;\" \/>&nbsp;Cargando ...<\/div>\n\n","protected":false},"excerpt":{"rendered":"<p>La encuesta realizada por Aut\u00f2noms Pimec manifiesta la delicada salud de casi la mitad de los aut\u00f3nomos de Catalu\u00f1a ante la amenaza de una posible tercera ola de coronavirus. Seg\u00fan el estudio, el 85% de los aut\u00f3nomos \u00abno aguantar\u00eda\u00bb las consecuencias de una tercera ola de la pandemia. El 44,1% de ellos tendr\u00eda problemas, pero podr\u00eda continuar su actividad, mientras que el 40,9% se ver\u00eda abocado al cierre definitivo. El \u00e1rea especializada de la patronal catalana ha constatado en una encuesta, realizada a 200 profesionales entre el 1 y el 3 de diciembre, \u00abque la situaci\u00f3n de los aut\u00f3nomos es mucho m\u00e1s grave que en el conjunto de la econom\u00eda\u00bb, seg\u00fan ha explicado en rueda de prensa el gerente del \u00c1rea Institucional de Pimec, \u00c0ngel Hermosilla. Por ello, el punto de partida ante la progresi\u00f3n de la pandemia en las pr\u00f3ximas semanas, a pesar de haberse iniciado la vacunaci\u00f3n contra el coronavirus, es m\u00e1s negativo. De ah\u00ed que 4 de cada 5 aut\u00f3nomos encuestados considera que no puede aguantar m\u00e1s restricciones y un 40,9% cree que deber\u00eda cerrarse ante de esta situaci\u00f3n. Las perspectivas se mantienen en negativo para el conjunto del primer semestre de 2021, con un 48,9% de los aut\u00f3nomos que pronostica problemas financieros. La posibilidad de una tercera ola complica las previsiones del sector. \u00abDe cara al ejercicio de 2021, un 65,1% de los aut\u00f3nomos anticipa un descenso de su actividad y un 36,5% ve riesgo de cierre \u00ab, agreg\u00f3 \u00c1ngel Hermosilla. Es consecuencia directa de la afectaci\u00f3n econ\u00f3mica de la pandemia y de la falta de suficientes recursos directos de las administraciones para compensar los cierres obligados por las restricciones sanitarias. Al cierre de este a\u00f1o, un 47,3% de los aut\u00f3nomos catalanes prev\u00e9 acabar 2020 con un descenso superior al 50% en su actividad y hasta el 89,3% sufrir\u00e1 una ca\u00edda en su facturaci\u00f3n, mientras que el 6,5% asegura que se quedar\u00e1 igual y el 4,3% prev\u00e9 acabar 2020 con una mejora en su actividad, seg\u00fan el informe presentado este martes por Aut\u00f2noms Pimec. En concreto, el 18,3% de los aut\u00f3nomos se encontraba sin actividad a principios de diciembre, y solo el 34,5% ten\u00eda un 50% o m\u00e1s de su actividad normal, cuando, si se suman las pymes, este porcentaje aumenta hasta el 60%. Las consecuencias de este impacto son muchas, pero el principal problema que identifican los aut\u00f3nomos es el descenso de las ventas, seguido de los problemas para pagar impuestos, cotizaciones y suministros. Con una posible inminente tercera ola, la situaci\u00f3n se recrudecer\u00eda. La gran reivindicaci\u00f3n de los aut\u00f3nomos frente a las nuevas restricciones es que la administraci\u00f3n tenga un plan de ayudas estable. La vicepresidenta de Aut\u00f3nomos Pimec, Carme Garc\u00eda, reclam\u00f3 que, ante una eventual tercera ola de la pandemia, los aut\u00f3nomos tengan derecho a recibir ayudas directas \u201cpara mantener la supervivencia\u201d como han tenido en otros pa\u00edses desde el principio de la crisis. Seg\u00fan Garc\u00eda, la petici\u00f3n de ayudas ya se ha trasladado a las administraciones, sin que, de momento, hayan recibido respuestas concretas, excepto \u201clas peque\u00f1as ayudas que han salido de la Generalitat\u201d. Tras el colapso de la aplicaci\u00f3n inform\u00e1tica para pedir las ayudas el pasado oto\u00f1o, el Govern se comprometi\u00f3 a dar 2.000 euros a 116.000 aut\u00f3nomos antes de que termine el a\u00f1o.<\/p>\n","protected":false},"author":20,"featured_media":43697,"comment_status":"open","ping_status":"open","sticky":false,"template":"","format":"standard","meta":{"_FSMCFIC_featured_image_caption":"","_FSMCFIC_featured_image_nocaption":"","_FSMCFIC_featured_image_hide":"","footnotes":""},"categories":[1772,806],"tags":[1504],"class_list":["post-43711","post","type-post","status-publish","format-standard","has-post-thumbnail","hentry","category-especial-coronavirus-es","category-punts-claus-del-dia-es","tag-coronavirus-es"],"yoast_head":"<!-- This site is optimized with the Yoast SEO plugin v26.8 - https:\/\/yoast.com\/product\/yoast-seo-wordpress\/ -->\n<title>Coronavirus: una nueva ola pone en peligro a los aut\u00f3nomos -<\/title>\n<meta name=\"description\" content=\"Seg\u00fan la encuesta de la patronal catalana, m\u00e1s de un 40% de los aut\u00f3nomos en Catalu\u00f1a ven en peligro su negocio\" \/>\n<meta name=\"robots\" content=\"index, follow, max-snippet:-1, max-image-preview:large, max-video-preview:-1\" \/>\n<link rel=\"canonical\" href=\"https:\/\/conversesacatalunya.cat\/es\/coronavirus-una-nueva-ola-pone-en-peligro-a-los-autonomos\/\" \/>\n<meta property=\"og:locale\" content=\"es_ES\" \/>\n<meta property=\"og:type\" content=\"article\" \/>\n<meta property=\"og:title\" content=\"Coronavirus: una nueva ola pone en peligro a los aut\u00f3nomos -\" \/>\n<meta property=\"og:description\" content=\"Seg\u00fan la encuesta de la patronal catalana, m\u00e1s de un 40% de los aut\u00f3nomos en Catalu\u00f1a ven en peligro su negocio\" \/>\n<meta property=\"og:url\" content=\"https:\/\/conversesacatalunya.cat\/es\/coronavirus-una-nueva-ola-pone-en-peligro-a-los-autonomos\/\" \/>\n<meta property=\"og:site_name\" content=\"Converses a Catalunya\" \/>\n<meta property=\"article:published_time\" content=\"2020-12-30T13:58:25+00:00\" \/>\n<meta property=\"article:modified_time\" content=\"2020-12-30T14:05:12+00:00\" \/>\n<meta property=\"og:image\" content=\"https:\/\/conversesacatalunya.cat\/wp-content\/uploads\/2020\/12\/Capture-11.png\" \/>\n\t<meta property=\"og:image:width\" content=\"530\" \/>\n\t<meta property=\"og:image:height\" content=\"693\" \/>\n\t<meta property=\"og:image:type\" content=\"image\/png\" \/>\n<meta name=\"author\" content=\"conversesacatalunya\" \/>\n<meta name=\"twitter:card\" content=\"summary_large_image\" \/>\n<meta name=\"twitter:label1\" content=\"Escrito por\" \/>\n\t<meta name=\"twitter:data1\" content=\"conversesacatalunya\" \/>\n\t<meta name=\"twitter:label2\" content=\"Tiempo de lectura\" \/>\n\t<meta name=\"twitter:data2\" content=\"3 minutos\" \/>\n<script type=\"application\/ld+json\" class=\"yoast-schema-graph\">{\"@context\":\"https:\/\/schema.org\",\"@graph\":[{\"@type\":\"Article\",\"@id\":\"https:\/\/conversesacatalunya.cat\/es\/coronavirus-una-nueva-ola-pone-en-peligro-a-los-autonomos\/#article\",\"isPartOf\":{\"@id\":\"https:\/\/conversesacatalunya.cat\/es\/coronavirus-una-nueva-ola-pone-en-peligro-a-los-autonomos\/\"},\"author\":{\"name\":\"conversesacatalunya\",\"@id\":\"https:\/\/conversesacatalunya.cat\/#\/schema\/person\/a7a9496a363cd9847daf7cd659d92e64\"},\"headline\":\"Coronavirus: una nueva ola pone en peligro a los aut\u00f3nomos\",\"datePublished\":\"2020-12-30T13:58:25+00:00\",\"dateModified\":\"2020-12-30T14:05:12+00:00\",\"mainEntityOfPage\":{\"@id\":\"https:\/\/conversesacatalunya.cat\/es\/coronavirus-una-nueva-ola-pone-en-peligro-a-los-autonomos\/\"},\"wordCount\":619,\"commentCount\":0,\"image\":{\"@id\":\"https:\/\/conversesacatalunya.cat\/es\/coronavirus-una-nueva-ola-pone-en-peligro-a-los-autonomos\/#primaryimage\"},\"thumbnailUrl\":\"https:\/\/conversesacatalunya.cat\/wp-content\/uploads\/2020\/12\/Capture-11.png\",\"keywords\":[\"coronavirus\"],\"articleSection\":[\"Especial Coronavirus (ES)\",\"Punts clau del dia (ES)\"],\"inLanguage\":\"es\",\"potentialAction\":[{\"@type\":\"CommentAction\",\"name\":\"Comment\",\"target\":[\"https:\/\/conversesacatalunya.cat\/es\/coronavirus-una-nueva-ola-pone-en-peligro-a-los-autonomos\/#respond\"]}]},{\"@type\":\"WebPage\",\"@id\":\"https:\/\/conversesacatalunya.cat\/es\/coronavirus-una-nueva-ola-pone-en-peligro-a-los-autonomos\/\",\"url\":\"https:\/\/conversesacatalunya.cat\/es\/coronavirus-una-nueva-ola-pone-en-peligro-a-los-autonomos\/\",\"name\":\"Coronavirus: una nueva ola pone en peligro a los aut\u00f3nomos -\",\"isPartOf\":{\"@id\":\"https:\/\/conversesacatalunya.cat\/#website\"},\"primaryImageOfPage\":{\"@id\":\"https:\/\/conversesacatalunya.cat\/es\/coronavirus-una-nueva-ola-pone-en-peligro-a-los-autonomos\/#primaryimage\"},\"image\":{\"@id\":\"https:\/\/conversesacatalunya.cat\/es\/coronavirus-una-nueva-ola-pone-en-peligro-a-los-autonomos\/#primaryimage\"},\"thumbnailUrl\":\"https:\/\/conversesacatalunya.cat\/wp-content\/uploads\/2020\/12\/Capture-11.png\",\"datePublished\":\"2020-12-30T13:58:25+00:00\",\"dateModified\":\"2020-12-30T14:05:12+00:00\",\"author\":{\"@id\":\"https:\/\/conversesacatalunya.cat\/#\/schema\/person\/a7a9496a363cd9847daf7cd659d92e64\"},\"description\":\"Seg\u00fan la encuesta de la patronal catalana, m\u00e1s de un 40% de los aut\u00f3nomos en Catalu\u00f1a ven en peligro su negocio\",\"breadcrumb\":{\"@id\":\"https:\/\/conversesacatalunya.cat\/es\/coronavirus-una-nueva-ola-pone-en-peligro-a-los-autonomos\/#breadcrumb\"},\"inLanguage\":\"es\",\"potentialAction\":[{\"@type\":\"ReadAction\",\"target\":[\"https:\/\/conversesacatalunya.cat\/es\/coronavirus-una-nueva-ola-pone-en-peligro-a-los-autonomos\/\"]}]},{\"@type\":\"ImageObject\",\"inLanguage\":\"es\",\"@id\":\"https:\/\/conversesacatalunya.cat\/es\/coronavirus-una-nueva-ola-pone-en-peligro-a-los-autonomos\/#primaryimage\",\"url\":\"https:\/\/conversesacatalunya.cat\/wp-content\/uploads\/2020\/12\/Capture-11.png\",\"contentUrl\":\"https:\/\/conversesacatalunya.cat\/wp-content\/uploads\/2020\/12\/Capture-11.png\",\"width\":530,\"height\":693,\"caption\":\"ona\"},{\"@type\":\"BreadcrumbList\",\"@id\":\"https:\/\/conversesacatalunya.cat\/es\/coronavirus-una-nueva-ola-pone-en-peligro-a-los-autonomos\/#breadcrumb\",\"itemListElement\":[{\"@type\":\"ListItem\",\"position\":1,\"name\":\"Inici\",\"item\":\"https:\/\/conversesacatalunya.cat\/es\/\"},{\"@type\":\"ListItem\",\"position\":2,\"name\":\"Coronavirus: una nueva ola pone en peligro a los aut\u00f3nomos\"}]},{\"@type\":\"WebSite\",\"@id\":\"https:\/\/conversesacatalunya.cat\/#website\",\"url\":\"https:\/\/conversesacatalunya.cat\/\",\"name\":\"Converses a Catalunya\",\"description\":\"\",\"potentialAction\":[{\"@type\":\"SearchAction\",\"target\":{\"@type\":\"EntryPoint\",\"urlTemplate\":\"https:\/\/conversesacatalunya.cat\/?s={search_term_string}\"},\"query-input\":{\"@type\":\"PropertyValueSpecification\",\"valueRequired\":true,\"valueName\":\"search_term_string\"}}],\"inLanguage\":\"es\"},{\"@type\":\"Person\",\"@id\":\"https:\/\/conversesacatalunya.cat\/#\/schema\/person\/a7a9496a363cd9847daf7cd659d92e64\",\"name\":\"conversesacatalunya\",\"image\":{\"@type\":\"ImageObject\",\"inLanguage\":\"es\",\"@id\":\"https:\/\/conversesacatalunya.cat\/#\/schema\/person\/image\/\",\"url\":\"https:\/\/conversesacatalunya.cat\/wp-content\/litespeed\/avatar\/ff91582b44ff9c880dc9c5ac2f5c7e89.jpg?ver=1777372947\",\"contentUrl\":\"https:\/\/conversesacatalunya.cat\/wp-content\/litespeed\/avatar\/ff91582b44ff9c880dc9c5ac2f5c7e89.jpg?ver=1777372947\",\"caption\":\"conversesacatalunya\"},\"url\":\"https:\/\/conversesacatalunya.cat\/es\/author\/francisco_garcia\/\"}]}<\/script>\n<!-- \/ Yoast SEO plugin. -->","yoast_head_json":{"title":"Coronavirus: una nueva ola pone en peligro a los aut\u00f3nomos -","description":"Seg\u00fan la encuesta de la patronal catalana, m\u00e1s de un 40% de los aut\u00f3nomos en Catalu\u00f1a ven en peligro su negocio","robots":{"index":"index","follow":"follow","max-snippet":"max-snippet:-1","max-image-preview":"max-image-preview:large","max-video-preview":"max-video-preview:-1"},"canonical":"https:\/\/conversesacatalunya.cat\/es\/coronavirus-una-nueva-ola-pone-en-peligro-a-los-autonomos\/","og_locale":"es_ES","og_type":"article","og_title":"Coronavirus: una nueva ola pone en peligro a los aut\u00f3nomos -","og_description":"Seg\u00fan la encuesta de la patronal catalana, m\u00e1s de un 40% de los aut\u00f3nomos en Catalu\u00f1a ven en peligro su negocio","og_url":"https:\/\/conversesacatalunya.cat\/es\/coronavirus-una-nueva-ola-pone-en-peligro-a-los-autonomos\/","og_site_name":"Converses a Catalunya","article_published_time":"2020-12-30T13:58:25+00:00","article_modified_time":"2020-12-30T14:05:12+00:00","og_image":[{"width":530,"height":693,"url":"https:\/\/conversesacatalunya.cat\/wp-content\/uploads\/2020\/12\/Capture-11.png","type":"image\/png"}],"author":"conversesacatalunya","twitter_card":"summary_large_image","twitter_misc":{"Escrito por":"conversesacatalunya","Tiempo de lectura":"3 minutos"},"schema":{"@context":"https:\/\/schema.org","@graph":[{"@type":"Article","@id":"https:\/\/conversesacatalunya.cat\/es\/coronavirus-una-nueva-ola-pone-en-peligro-a-los-autonomos\/#article","isPartOf":{"@id":"https:\/\/conversesacatalunya.cat\/es\/coronavirus-una-nueva-ola-pone-en-peligro-a-los-autonomos\/"},"author":{"name":"conversesacatalunya","@id":"https:\/\/conversesacatalunya.cat\/#\/schema\/person\/a7a9496a363cd9847daf7cd659d92e64"},"headline":"Coronavirus: una nueva ola pone en peligro a los aut\u00f3nomos","datePublished":"2020-12-30T13:58:25+00:00","dateModified":"2020-12-30T14:05:12+00:00","mainEntityOfPage":{"@id":"https:\/\/conversesacatalunya.cat\/es\/coronavirus-una-nueva-ola-pone-en-peligro-a-los-autonomos\/"},"wordCount":619,"commentCount":0,"image":{"@id":"https:\/\/conversesacatalunya.cat\/es\/coronavirus-una-nueva-ola-pone-en-peligro-a-los-autonomos\/#primaryimage"},"thumbnailUrl":"https:\/\/conversesacatalunya.cat\/wp-content\/uploads\/2020\/12\/Capture-11.png","keywords":["coronavirus"],"articleSection":["Especial Coronavirus (ES)","Punts clau del dia (ES)"],"inLanguage":"es","potentialAction":[{"@type":"CommentAction","name":"Comment","target":["https:\/\/conversesacatalunya.cat\/es\/coronavirus-una-nueva-ola-pone-en-peligro-a-los-autonomos\/#respond"]}]},{"@type":"WebPage","@id":"https:\/\/conversesacatalunya.cat\/es\/coronavirus-una-nueva-ola-pone-en-peligro-a-los-autonomos\/","url":"https:\/\/conversesacatalunya.cat\/es\/coronavirus-una-nueva-ola-pone-en-peligro-a-los-autonomos\/","name":"Coronavirus: una nueva ola pone en peligro a los aut\u00f3nomos -","isPartOf":{"@id":"https:\/\/conversesacatalunya.cat\/#website"},"primaryImageOfPage":{"@id":"https:\/\/conversesacatalunya.cat\/es\/coronavirus-una-nueva-ola-pone-en-peligro-a-los-autonomos\/#primaryimage"},"image":{"@id":"https:\/\/conversesacatalunya.cat\/es\/coronavirus-una-nueva-ola-pone-en-peligro-a-los-autonomos\/#primaryimage"},"thumbnailUrl":"https:\/\/conversesacatalunya.cat\/wp-content\/uploads\/2020\/12\/Capture-11.png","datePublished":"2020-12-30T13:58:25+00:00","dateModified":"2020-12-30T14:05:12+00:00","author":{"@id":"https:\/\/conversesacatalunya.cat\/#\/schema\/person\/a7a9496a363cd9847daf7cd659d92e64"},"description":"Seg\u00fan la encuesta de la patronal catalana, m\u00e1s de un 40% de los aut\u00f3nomos en Catalu\u00f1a ven en peligro su negocio","breadcrumb":{"@id":"https:\/\/conversesacatalunya.cat\/es\/coronavirus-una-nueva-ola-pone-en-peligro-a-los-autonomos\/#breadcrumb"},"inLanguage":"es","potentialAction":[{"@type":"ReadAction","target":["https:\/\/conversesacatalunya.cat\/es\/coronavirus-una-nueva-ola-pone-en-peligro-a-los-autonomos\/"]}]},{"@type":"ImageObject","inLanguage":"es","@id":"https:\/\/conversesacatalunya.cat\/es\/coronavirus-una-nueva-ola-pone-en-peligro-a-los-autonomos\/#primaryimage","url":"https:\/\/conversesacatalunya.cat\/wp-content\/uploads\/2020\/12\/Capture-11.png","contentUrl":"https:\/\/conversesacatalunya.cat\/wp-content\/uploads\/2020\/12\/Capture-11.png","width":530,"height":693,"caption":"ona"},{"@type":"BreadcrumbList","@id":"https:\/\/conversesacatalunya.cat\/es\/coronavirus-una-nueva-ola-pone-en-peligro-a-los-autonomos\/#breadcrumb","itemListElement":[{"@type":"ListItem","position":1,"name":"Inici","item":"https:\/\/conversesacatalunya.cat\/es\/"},{"@type":"ListItem","position":2,"name":"Coronavirus: una nueva ola pone en peligro a los aut\u00f3nomos"}]},{"@type":"WebSite","@id":"https:\/\/conversesacatalunya.cat\/#website","url":"https:\/\/conversesacatalunya.cat\/","name":"Converses a Catalunya","description":"","potentialAction":[{"@type":"SearchAction","target":{"@type":"EntryPoint","urlTemplate":"https:\/\/conversesacatalunya.cat\/?s={search_term_string}"},"query-input":{"@type":"PropertyValueSpecification","valueRequired":true,"valueName":"search_term_string"}}],"inLanguage":"es"},{"@type":"Person","@id":"https:\/\/conversesacatalunya.cat\/#\/schema\/person\/a7a9496a363cd9847daf7cd659d92e64","name":"conversesacatalunya","image":{"@type":"ImageObject","inLanguage":"es","@id":"https:\/\/conversesacatalunya.cat\/#\/schema\/person\/image\/","url":"https:\/\/conversesacatalunya.cat\/wp-content\/litespeed\/avatar\/ff91582b44ff9c880dc9c5ac2f5c7e89.jpg?ver=1777372947","contentUrl":"https:\/\/conversesacatalunya.cat\/wp-content\/litespeed\/avatar\/ff91582b44ff9c880dc9c5ac2f5c7e89.jpg?ver=1777372947","caption":"conversesacatalunya"},"url":"https:\/\/conversesacatalunya.cat\/es\/author\/francisco_garcia\/"}]}},"wps_subtitle":"Seg\u00fan la encuesta de la patronal catalana, m\u00e1s de un 40% de los aut\u00f3nomos en Catalu\u00f1a ven en peligro su negocio ante una nueva ola de coronavirus","_links":{"self":[{"href":"https:\/\/conversesacatalunya.cat\/es\/wp-json\/wp\/v2\/posts\/43711","targetHints":{"allow":["GET"]}}],"collection":[{"href":"https:\/\/conversesacatalunya.cat\/es\/wp-json\/wp\/v2\/posts"}],"about":[{"href":"https:\/\/conversesacatalunya.cat\/es\/wp-json\/wp\/v2\/types\/post"}],"author":[{"embeddable":true,"href":"https:\/\/conversesacatalunya.cat\/es\/wp-json\/wp\/v2\/users\/20"}],"replies":[{"embeddable":true,"href":"https:\/\/conversesacatalunya.cat\/es\/wp-json\/wp\/v2\/comments?post=43711"}],"version-history":[{"count":2,"href":"https:\/\/conversesacatalunya.cat\/es\/wp-json\/wp\/v2\/posts\/43711\/revisions"}],"predecessor-version":[{"id":43713,"href":"https:\/\/conversesacatalunya.cat\/es\/wp-json\/wp\/v2\/posts\/43711\/revisions\/43713"}],"wp:featuredmedia":[{"embeddable":true,"href":"https:\/\/conversesacatalunya.cat\/es\/wp-json\/wp\/v2\/media\/43697"}],"wp:attachment":[{"href":"https:\/\/conversesacatalunya.cat\/es\/wp-json\/wp\/v2\/media?parent=43711"}],"wp:term":[{"taxonomy":"category","embeddable":true,"href":"https:\/\/conversesacatalunya.cat\/es\/wp-json\/wp\/v2\/categories?post=43711"},{"taxonomy":"post_tag","embeddable":true,"href":"https:\/\/conversesacatalunya.cat\/es\/wp-json\/wp\/v2\/tags?post=43711"}],"curies":[{"name":"wp","href":"https:\/\/api.w.org\/{rel}","templated":true}]}}