{"id":43562,"date":"2020-12-24T11:24:41","date_gmt":"2020-12-24T10:24:41","guid":{"rendered":"https:\/\/conversesacatalunya.cat\/brexit-ue-i-regne-unit-ultimen-les-negociacions\/"},"modified":"2020-12-24T11:36:51","modified_gmt":"2020-12-24T10:36:51","slug":"brexit-ue-y-reino-unido-ultiman-las-negociaciones","status":"publish","type":"post","link":"https:\/\/conversesacatalunya.cat\/es\/brexit-ue-y-reino-unido-ultiman-las-negociaciones\/","title":{"rendered":"Brexit: UE y Reino Unido ultiman las negociaciones"},"content":{"rendered":"<p>Seg\u00fan la agencia Bloomberg, ambas partes <strong>ya habr\u00edan llegado a un punto en com\u00fan y estar\u00edan negociando las \u00faltimas cuestiones<\/strong>. La UE, seg\u00fan Reuters, que cita fuentes diplom\u00e1ticas, habr\u00eda iniciado los preparativos para la aplicaci\u00f3n del pacto a partir del 1 de enero. Los diarios The Sun y Financial Times tambi\u00e9n informan de un cercano acuerdo con el Reino Unido. El tabloide The Sun ha publicado a primera hora de la tarde que el acuerdo est\u00e1 pr\u00e1cticamente cerrado, y solo pendiente de cerrar una discrepancia sobre las bater\u00edas de los coches el\u00e9ctricos, tras haber avanzado las negociaciones en lo relativo a la pesca. Financial Times, que cita fuentes diplom\u00e1ticas a ambos lados del canal, se\u00f1ala que pese a que quedan aspectos pendientes tanto en pesca como en las garant\u00edas de una competencia justa, a\u00fan ser\u00eda posible un acuerdo hoy, El premier brit\u00e1nico, Boris Johnson, est\u00e1 en estrecho contacto con Ursula von der Leyen, y estar\u00edan llevando las negociaciones personalmente.<\/p>\n<p>Seg\u00fan Sky News, fuentes del Gobierno brit\u00e1nico indican que el asunto \u00abya est\u00e1 hecho\u00bb y solo falta la r\u00fabrica oficial europea para su anuncio. Por su parte, The Times se\u00f1ala que el Consejo Europeo estar\u00eda tramitando la aplicaci\u00f3n de lo acordado de forma provisional para evitar un gran caos en Reino Unido mientras dure la tramitaci\u00f3n en los respectivos Parlamentos.<\/p>\n<p>Los mercados del Viejo Continente parecen esperanzados en que se produzcan pr\u00f3ximos acercamientos entre el Reino Unido y <a href=\"https:\/\/conversesacatalunya.cat\/es\/coronavirus-reino-unido-queda-aislado-a-causa-de-una-nueva-cepa\/\" target=\"_blank\" rel=\"noopener noreferrer\">Bruselas<\/a>. Las bolsas europeas cotizan este mi\u00e9rcoles con subidas, y el Ibex supera el 1% de alzas. Asimismo, la libra esterlina<strong> rebota en su cruce con la moneda \u00fanica<\/strong> tras dos d\u00edas de depreciaci\u00f3n, por lo que recupera los 1,11 euros, al tiempo que vuelve a los 1,35 d\u00f3lares al crecer un 1% frente al &#8216;billete verde&#8217;. \u00abParece que el acuerdo est\u00e1 cerca; es cuesti\u00f3n de si se anuncia hoy o ma\u00f1ana\u00bb, declar\u00f3 a Reuters un diplom\u00e1tico. \u00c9ste a\u00f1adi\u00f3 que el Consejo Europeo ha puesto en marcha el protocolo de aplicaci\u00f3n provisional del acuerdo.<\/p>\n<p>Francia es el pa\u00eds potencialmente m\u00e1s afectado por el recorte de las cuotas pesqueras en aguas brit\u00e1nicas que supondr\u00e1 el acuerdo y que se ha convertido en el \u00faltimo escollo de las conversaciones. El visto bueno del Gobierno franc\u00e9s de Emmanuel Macron es imprescindible para rematar el texto. En la otra orilla, el primer ministro del Reino Unido, Boris Johnson, sopesa el riesgo de que el acuerdo, que incluir\u00e1 la apertura mutua de los mercados brit\u00e1nico y europeo, provoque una revuelta entre los conservadores que defienden un Brexit tajante y sin ning\u00fan lazo con la UE.<\/p>\n<p>Pero Londres ha comprobado en las \u00faltimas horas, a ra\u00edz del cierre de fronteras para frenar la propagaci\u00f3n de la covid-19, el monumental da\u00f1o que podr\u00eda causar una ruptura sin ning\u00fan tipo de acuerdo. La propia revalorizaci\u00f3n de la divisa brit\u00e1nica ante la inminencia de un pacto muestra que el lado brit\u00e1nico ser\u00eda el m\u00e1s golpeado por una salida ca\u00f3tica del mercado interior, riesgo que ha estado sobre la mesa en las \u00faltimas semanas y que, a falta de acuerdo, se materializar\u00eda el 1 de enero.<\/p>\n<span class='bctt-click-to-tweet'><span class='bctt-ctt-text'><a href='https:\/\/twitter.com\/intent\/tweet?url=https%3A%2F%2Fconversesacatalunya.cat%2Fes%2Fbrexit-ue-y-reino-unido-ultiman-las-negociaciones%2F&#038;text=Ambas%20partes%20ya%20habr%C3%ADan%20llegado%20a%20un%20punto%20en%20com%C3%BAn%20y%20estar%C3%ADan%20negociando%20las%20%C3%BAltimas%20cuestiones&#038;via=conversesacat&#038;related=conversesacat' target='_blank'rel=\"noopener noreferrer\">Ambas partes ya habr\u00edan llegado a un punto en com\u00fan y estar\u00edan negociando las \u00faltimas cuestiones <\/a><\/span><a href='https:\/\/twitter.com\/intent\/tweet?url=https%3A%2F%2Fconversesacatalunya.cat%2Fes%2Fbrexit-ue-y-reino-unido-ultiman-las-negociaciones%2F&#038;text=Ambas%20partes%20ya%20habr%C3%ADan%20llegado%20a%20un%20punto%20en%20com%C3%BAn%20y%20estar%C3%ADan%20negociando%20las%20%C3%BAltimas%20cuestiones&#038;via=conversesacat&#038;related=conversesacat' target='_blank' class='bctt-ctt-btn'rel=\"noopener noreferrer\">Compartir en X<\/a><\/span>\n<div id=\"polls-85\" class=\"wp-polls\">\n\t<form id=\"polls_form_85\" class=\"wp-polls-form\" action=\"\/index.php\" method=\"post\">\n\t\t<p style=\"display: none;\"><input type=\"hidden\" id=\"poll_85_nonce\" name=\"wp-polls-nonce\" value=\"a6bb8cbe4f\" \/><\/p>\n\t\t<p style=\"display: none;\"><input type=\"hidden\" name=\"poll_id\" value=\"85\" \/><\/p>\n\t\t<p style=\"text-align: center\"><strong>Pactar\u00e0 ERC amb Els Comuns i el PSC com acaben de fer a l'Ajuntament de Barcelona?<\/strong><\/p><div id=\"polls-85-ans\" class=\"wp-polls-ans\"><ul class=\"wp-polls-ul\">\n\t\t<li><input type=\"radio\" id=\"poll-answer-193\" name=\"poll_85\" value=\"193\" \/> <label for=\"poll-answer-193\">Si<\/label><\/li>\n\t\t<li><input type=\"radio\" id=\"poll-answer-194\" name=\"poll_85\" value=\"194\" \/> <label for=\"poll-answer-194\">No<\/label><\/li>\n\t\t<li><input type=\"radio\" id=\"poll-answer-195\" name=\"poll_85\" value=\"195\" \/> <label for=\"poll-answer-195\">No ho s\u00e9<\/label><\/li>\n\t\t<\/ul><p style=\"text-align: center\"><input type=\"button\" name=\"vote\" value=\"   Vota   \" class=\"Buttons\" onclick=\"poll_vote(85);\" \/><\/p><p style=\"text-align: center\"><a href=\"#ViewPollResults\" onclick=\"poll_result(85); return false;\" title=\"View Results Of This Poll\">Mira els resultats<\/a><\/p><\/div>\n\t<\/form>\n<\/div>\n<div id=\"polls-85-loading\" class=\"wp-polls-loading\"><img decoding=\"async\" data-src=\"https:\/\/conversesacatalunya.cat\/wp-content\/plugins\/wp-polls\/images\/loading.gif\" width=\"16\" height=\"16\" alt=\"Cargando ...\" title=\"Cargando ...\" class=\"wp-polls-image lazyload\" src=\"data:image\/svg+xml;base64,PHN2ZyB3aWR0aD0iMSIgaGVpZ2h0PSIxIiB4bWxucz0iaHR0cDovL3d3dy53My5vcmcvMjAwMC9zdmciPjwvc3ZnPg==\" style=\"--smush-placeholder-width: 16px; --smush-placeholder-aspect-ratio: 16\/16;\" \/>&nbsp;Cargando ...<\/div>\n\n","protected":false},"excerpt":{"rendered":"<p>Seg\u00fan la agencia Bloomberg, ambas partes ya habr\u00edan llegado a un punto en com\u00fan y estar\u00edan negociando las \u00faltimas cuestiones. La UE, seg\u00fan Reuters, que cita fuentes diplom\u00e1ticas, habr\u00eda iniciado los preparativos para la aplicaci\u00f3n del pacto a partir del 1 de enero. Los diarios The Sun y Financial Times tambi\u00e9n informan de un cercano acuerdo con el Reino Unido. El tabloide The Sun ha publicado a primera hora de la tarde que el acuerdo est\u00e1 pr\u00e1cticamente cerrado, y solo pendiente de cerrar una discrepancia sobre las bater\u00edas de los coches el\u00e9ctricos, tras haber avanzado las negociaciones en lo relativo a la pesca. Financial Times, que cita fuentes diplom\u00e1ticas a ambos lados del canal, se\u00f1ala que pese a que quedan aspectos pendientes tanto en pesca como en las garant\u00edas de una competencia justa, a\u00fan ser\u00eda posible un acuerdo hoy, El premier brit\u00e1nico, Boris Johnson, est\u00e1 en estrecho contacto con Ursula von der Leyen, y estar\u00edan llevando las negociaciones personalmente. Seg\u00fan Sky News, fuentes del Gobierno brit\u00e1nico indican que el asunto \u00abya est\u00e1 hecho\u00bb y solo falta la r\u00fabrica oficial europea para su anuncio. Por su parte, The Times se\u00f1ala que el Consejo Europeo estar\u00eda tramitando la aplicaci\u00f3n de lo acordado de forma provisional para evitar un gran caos en Reino Unido mientras dure la tramitaci\u00f3n en los respectivos Parlamentos. Los mercados del Viejo Continente parecen esperanzados en que se produzcan pr\u00f3ximos acercamientos entre el Reino Unido y Bruselas. Las bolsas europeas cotizan este mi\u00e9rcoles con subidas, y el Ibex supera el 1% de alzas. Asimismo, la libra esterlina rebota en su cruce con la moneda \u00fanica tras dos d\u00edas de depreciaci\u00f3n, por lo que recupera los 1,11 euros, al tiempo que vuelve a los 1,35 d\u00f3lares al crecer un 1% frente al &#8216;billete verde&#8217;. \u00abParece que el acuerdo est\u00e1 cerca; es cuesti\u00f3n de si se anuncia hoy o ma\u00f1ana\u00bb, declar\u00f3 a Reuters un diplom\u00e1tico. \u00c9ste a\u00f1adi\u00f3 que el Consejo Europeo ha puesto en marcha el protocolo de aplicaci\u00f3n provisional del acuerdo. Francia es el pa\u00eds potencialmente m\u00e1s afectado por el recorte de las cuotas pesqueras en aguas brit\u00e1nicas que supondr\u00e1 el acuerdo y que se ha convertido en el \u00faltimo escollo de las conversaciones. El visto bueno del Gobierno franc\u00e9s de Emmanuel Macron es imprescindible para rematar el texto. En la otra orilla, el primer ministro del Reino Unido, Boris Johnson, sopesa el riesgo de que el acuerdo, que incluir\u00e1 la apertura mutua de los mercados brit\u00e1nico y europeo, provoque una revuelta entre los conservadores que defienden un Brexit tajante y sin ning\u00fan lazo con la UE. Pero Londres ha comprobado en las \u00faltimas horas, a ra\u00edz del cierre de fronteras para frenar la propagaci\u00f3n de la covid-19, el monumental da\u00f1o que podr\u00eda causar una ruptura sin ning\u00fan tipo de acuerdo. La propia revalorizaci\u00f3n de la divisa brit\u00e1nica ante la inminencia de un pacto muestra que el lado brit\u00e1nico ser\u00eda el m\u00e1s golpeado por una salida ca\u00f3tica del mercado interior, riesgo que ha estado sobre la mesa en las \u00faltimas semanas y que, a falta de acuerdo, se materializar\u00eda el 1 de enero.<\/p>\n","protected":false},"author":20,"featured_media":43554,"comment_status":"open","ping_status":"open","sticky":false,"template":"","format":"standard","meta":{"_FSMCFIC_featured_image_caption":"","_FSMCFIC_featured_image_nocaption":"","_FSMCFIC_featured_image_hide":"","footnotes":""},"categories":[806],"tags":[1161,874],"class_list":["post-43562","post","type-post","status-publish","format-standard","has-post-thumbnail","hentry","category-punts-claus-del-dia-es","tag-brexit-es","tag-ue-es"],"yoast_head":"<!-- This site is optimized with the Yoast SEO plugin v26.8 - https:\/\/yoast.com\/product\/yoast-seo-wordpress\/ -->\n<title>Brexit: UE y Reino Unido ultiman las negociaciones - Converses a Catalunya<\/title>\n<meta name=\"description\" content=\"Varias filtraciones indican que en los pr\u00f3ximos d\u00edas se anunciar\u00e1 el Brexit definitivo, lo que marcar\u00e1 un antes y un despu\u00e9s para el Reino Unido\" \/>\n<meta name=\"robots\" content=\"index, follow, max-snippet:-1, max-image-preview:large, max-video-preview:-1\" \/>\n<link rel=\"canonical\" href=\"https:\/\/conversesacatalunya.cat\/es\/brexit-ue-y-reino-unido-ultiman-las-negociaciones\/\" \/>\n<meta property=\"og:locale\" content=\"es_ES\" \/>\n<meta property=\"og:type\" content=\"article\" \/>\n<meta property=\"og:title\" content=\"Brexit: UE y Reino Unido ultiman las negociaciones - Converses a Catalunya\" \/>\n<meta property=\"og:description\" content=\"Varias filtraciones indican que en los pr\u00f3ximos d\u00edas se anunciar\u00e1 el Brexit definitivo, lo que marcar\u00e1 un antes y un despu\u00e9s para el Reino Unido\" \/>\n<meta property=\"og:url\" content=\"https:\/\/conversesacatalunya.cat\/es\/brexit-ue-y-reino-unido-ultiman-las-negociaciones\/\" \/>\n<meta property=\"og:site_name\" content=\"Converses a Catalunya\" \/>\n<meta property=\"article:published_time\" content=\"2020-12-24T10:24:41+00:00\" \/>\n<meta property=\"article:modified_time\" content=\"2020-12-24T10:36:51+00:00\" \/>\n<meta property=\"og:image\" content=\"https:\/\/conversesacatalunya.cat\/wp-content\/uploads\/2020\/12\/Capture-9.png\" \/>\n\t<meta property=\"og:image:width\" content=\"1025\" \/>\n\t<meta property=\"og:image:height\" content=\"676\" \/>\n\t<meta property=\"og:image:type\" content=\"image\/png\" \/>\n<meta name=\"author\" content=\"conversesacatalunya\" \/>\n<meta name=\"twitter:card\" content=\"summary_large_image\" \/>\n<meta name=\"twitter:label1\" content=\"Escrito por\" \/>\n\t<meta name=\"twitter:data1\" content=\"conversesacatalunya\" \/>\n\t<meta name=\"twitter:label2\" content=\"Tiempo de lectura\" \/>\n\t<meta name=\"twitter:data2\" content=\"3 minutos\" \/>\n<script type=\"application\/ld+json\" class=\"yoast-schema-graph\">{\"@context\":\"https:\/\/schema.org\",\"@graph\":[{\"@type\":\"Article\",\"@id\":\"https:\/\/conversesacatalunya.cat\/es\/brexit-ue-y-reino-unido-ultiman-las-negociaciones\/#article\",\"isPartOf\":{\"@id\":\"https:\/\/conversesacatalunya.cat\/es\/brexit-ue-y-reino-unido-ultiman-las-negociaciones\/\"},\"author\":{\"name\":\"conversesacatalunya\",\"@id\":\"https:\/\/conversesacatalunya.cat\/#\/schema\/person\/a7a9496a363cd9847daf7cd659d92e64\"},\"headline\":\"Brexit: UE y Reino Unido ultiman las negociaciones\",\"datePublished\":\"2020-12-24T10:24:41+00:00\",\"dateModified\":\"2020-12-24T10:36:51+00:00\",\"mainEntityOfPage\":{\"@id\":\"https:\/\/conversesacatalunya.cat\/es\/brexit-ue-y-reino-unido-ultiman-las-negociaciones\/\"},\"wordCount\":594,\"commentCount\":0,\"image\":{\"@id\":\"https:\/\/conversesacatalunya.cat\/es\/brexit-ue-y-reino-unido-ultiman-las-negociaciones\/#primaryimage\"},\"thumbnailUrl\":\"https:\/\/conversesacatalunya.cat\/wp-content\/uploads\/2020\/12\/Capture-9.png\",\"keywords\":[\"Brexit\",\"UE\"],\"articleSection\":[\"Punts clau del dia (ES)\"],\"inLanguage\":\"es\",\"potentialAction\":[{\"@type\":\"CommentAction\",\"name\":\"Comment\",\"target\":[\"https:\/\/conversesacatalunya.cat\/es\/brexit-ue-y-reino-unido-ultiman-las-negociaciones\/#respond\"]}]},{\"@type\":\"WebPage\",\"@id\":\"https:\/\/conversesacatalunya.cat\/es\/brexit-ue-y-reino-unido-ultiman-las-negociaciones\/\",\"url\":\"https:\/\/conversesacatalunya.cat\/es\/brexit-ue-y-reino-unido-ultiman-las-negociaciones\/\",\"name\":\"Brexit: UE y Reino Unido ultiman las negociaciones - Converses a Catalunya\",\"isPartOf\":{\"@id\":\"https:\/\/conversesacatalunya.cat\/#website\"},\"primaryImageOfPage\":{\"@id\":\"https:\/\/conversesacatalunya.cat\/es\/brexit-ue-y-reino-unido-ultiman-las-negociaciones\/#primaryimage\"},\"image\":{\"@id\":\"https:\/\/conversesacatalunya.cat\/es\/brexit-ue-y-reino-unido-ultiman-las-negociaciones\/#primaryimage\"},\"thumbnailUrl\":\"https:\/\/conversesacatalunya.cat\/wp-content\/uploads\/2020\/12\/Capture-9.png\",\"datePublished\":\"2020-12-24T10:24:41+00:00\",\"dateModified\":\"2020-12-24T10:36:51+00:00\",\"author\":{\"@id\":\"https:\/\/conversesacatalunya.cat\/#\/schema\/person\/a7a9496a363cd9847daf7cd659d92e64\"},\"description\":\"Varias filtraciones indican que en los pr\u00f3ximos d\u00edas se anunciar\u00e1 el Brexit definitivo, lo que marcar\u00e1 un antes y un despu\u00e9s para el Reino Unido\",\"breadcrumb\":{\"@id\":\"https:\/\/conversesacatalunya.cat\/es\/brexit-ue-y-reino-unido-ultiman-las-negociaciones\/#breadcrumb\"},\"inLanguage\":\"es\",\"potentialAction\":[{\"@type\":\"ReadAction\",\"target\":[\"https:\/\/conversesacatalunya.cat\/es\/brexit-ue-y-reino-unido-ultiman-las-negociaciones\/\"]}]},{\"@type\":\"ImageObject\",\"inLanguage\":\"es\",\"@id\":\"https:\/\/conversesacatalunya.cat\/es\/brexit-ue-y-reino-unido-ultiman-las-negociaciones\/#primaryimage\",\"url\":\"https:\/\/conversesacatalunya.cat\/wp-content\/uploads\/2020\/12\/Capture-9.png\",\"contentUrl\":\"https:\/\/conversesacatalunya.cat\/wp-content\/uploads\/2020\/12\/Capture-9.png\",\"width\":1025,\"height\":676,\"caption\":\"Regne Unit\"},{\"@type\":\"BreadcrumbList\",\"@id\":\"https:\/\/conversesacatalunya.cat\/es\/brexit-ue-y-reino-unido-ultiman-las-negociaciones\/#breadcrumb\",\"itemListElement\":[{\"@type\":\"ListItem\",\"position\":1,\"name\":\"Inici\",\"item\":\"https:\/\/conversesacatalunya.cat\/es\/\"},{\"@type\":\"ListItem\",\"position\":2,\"name\":\"Brexit: UE y Reino Unido ultiman las negociaciones\"}]},{\"@type\":\"WebSite\",\"@id\":\"https:\/\/conversesacatalunya.cat\/#website\",\"url\":\"https:\/\/conversesacatalunya.cat\/\",\"name\":\"Converses a Catalunya\",\"description\":\"\",\"potentialAction\":[{\"@type\":\"SearchAction\",\"target\":{\"@type\":\"EntryPoint\",\"urlTemplate\":\"https:\/\/conversesacatalunya.cat\/?s={search_term_string}\"},\"query-input\":{\"@type\":\"PropertyValueSpecification\",\"valueRequired\":true,\"valueName\":\"search_term_string\"}}],\"inLanguage\":\"es\"},{\"@type\":\"Person\",\"@id\":\"https:\/\/conversesacatalunya.cat\/#\/schema\/person\/a7a9496a363cd9847daf7cd659d92e64\",\"name\":\"conversesacatalunya\",\"image\":{\"@type\":\"ImageObject\",\"inLanguage\":\"es\",\"@id\":\"https:\/\/conversesacatalunya.cat\/#\/schema\/person\/image\/\",\"url\":\"https:\/\/conversesacatalunya.cat\/wp-content\/litespeed\/avatar\/ff91582b44ff9c880dc9c5ac2f5c7e89.jpg?ver=1777372947\",\"contentUrl\":\"https:\/\/conversesacatalunya.cat\/wp-content\/litespeed\/avatar\/ff91582b44ff9c880dc9c5ac2f5c7e89.jpg?ver=1777372947\",\"caption\":\"conversesacatalunya\"},\"url\":\"https:\/\/conversesacatalunya.cat\/es\/author\/francisco_garcia\/\"}]}<\/script>\n<!-- \/ Yoast SEO plugin. -->","yoast_head_json":{"title":"Brexit: UE y Reino Unido ultiman las negociaciones - Converses a Catalunya","description":"Varias filtraciones indican que en los pr\u00f3ximos d\u00edas se anunciar\u00e1 el Brexit definitivo, lo que marcar\u00e1 un antes y un despu\u00e9s para el Reino Unido","robots":{"index":"index","follow":"follow","max-snippet":"max-snippet:-1","max-image-preview":"max-image-preview:large","max-video-preview":"max-video-preview:-1"},"canonical":"https:\/\/conversesacatalunya.cat\/es\/brexit-ue-y-reino-unido-ultiman-las-negociaciones\/","og_locale":"es_ES","og_type":"article","og_title":"Brexit: UE y Reino Unido ultiman las negociaciones - Converses a Catalunya","og_description":"Varias filtraciones indican que en los pr\u00f3ximos d\u00edas se anunciar\u00e1 el Brexit definitivo, lo que marcar\u00e1 un antes y un despu\u00e9s para el Reino Unido","og_url":"https:\/\/conversesacatalunya.cat\/es\/brexit-ue-y-reino-unido-ultiman-las-negociaciones\/","og_site_name":"Converses a Catalunya","article_published_time":"2020-12-24T10:24:41+00:00","article_modified_time":"2020-12-24T10:36:51+00:00","og_image":[{"width":1025,"height":676,"url":"https:\/\/conversesacatalunya.cat\/wp-content\/uploads\/2020\/12\/Capture-9.png","type":"image\/png"}],"author":"conversesacatalunya","twitter_card":"summary_large_image","twitter_misc":{"Escrito por":"conversesacatalunya","Tiempo de lectura":"3 minutos"},"schema":{"@context":"https:\/\/schema.org","@graph":[{"@type":"Article","@id":"https:\/\/conversesacatalunya.cat\/es\/brexit-ue-y-reino-unido-ultiman-las-negociaciones\/#article","isPartOf":{"@id":"https:\/\/conversesacatalunya.cat\/es\/brexit-ue-y-reino-unido-ultiman-las-negociaciones\/"},"author":{"name":"conversesacatalunya","@id":"https:\/\/conversesacatalunya.cat\/#\/schema\/person\/a7a9496a363cd9847daf7cd659d92e64"},"headline":"Brexit: UE y Reino Unido ultiman las negociaciones","datePublished":"2020-12-24T10:24:41+00:00","dateModified":"2020-12-24T10:36:51+00:00","mainEntityOfPage":{"@id":"https:\/\/conversesacatalunya.cat\/es\/brexit-ue-y-reino-unido-ultiman-las-negociaciones\/"},"wordCount":594,"commentCount":0,"image":{"@id":"https:\/\/conversesacatalunya.cat\/es\/brexit-ue-y-reino-unido-ultiman-las-negociaciones\/#primaryimage"},"thumbnailUrl":"https:\/\/conversesacatalunya.cat\/wp-content\/uploads\/2020\/12\/Capture-9.png","keywords":["Brexit","UE"],"articleSection":["Punts clau del dia (ES)"],"inLanguage":"es","potentialAction":[{"@type":"CommentAction","name":"Comment","target":["https:\/\/conversesacatalunya.cat\/es\/brexit-ue-y-reino-unido-ultiman-las-negociaciones\/#respond"]}]},{"@type":"WebPage","@id":"https:\/\/conversesacatalunya.cat\/es\/brexit-ue-y-reino-unido-ultiman-las-negociaciones\/","url":"https:\/\/conversesacatalunya.cat\/es\/brexit-ue-y-reino-unido-ultiman-las-negociaciones\/","name":"Brexit: UE y Reino Unido ultiman las negociaciones - Converses a Catalunya","isPartOf":{"@id":"https:\/\/conversesacatalunya.cat\/#website"},"primaryImageOfPage":{"@id":"https:\/\/conversesacatalunya.cat\/es\/brexit-ue-y-reino-unido-ultiman-las-negociaciones\/#primaryimage"},"image":{"@id":"https:\/\/conversesacatalunya.cat\/es\/brexit-ue-y-reino-unido-ultiman-las-negociaciones\/#primaryimage"},"thumbnailUrl":"https:\/\/conversesacatalunya.cat\/wp-content\/uploads\/2020\/12\/Capture-9.png","datePublished":"2020-12-24T10:24:41+00:00","dateModified":"2020-12-24T10:36:51+00:00","author":{"@id":"https:\/\/conversesacatalunya.cat\/#\/schema\/person\/a7a9496a363cd9847daf7cd659d92e64"},"description":"Varias filtraciones indican que en los pr\u00f3ximos d\u00edas se anunciar\u00e1 el Brexit definitivo, lo que marcar\u00e1 un antes y un despu\u00e9s para el Reino Unido","breadcrumb":{"@id":"https:\/\/conversesacatalunya.cat\/es\/brexit-ue-y-reino-unido-ultiman-las-negociaciones\/#breadcrumb"},"inLanguage":"es","potentialAction":[{"@type":"ReadAction","target":["https:\/\/conversesacatalunya.cat\/es\/brexit-ue-y-reino-unido-ultiman-las-negociaciones\/"]}]},{"@type":"ImageObject","inLanguage":"es","@id":"https:\/\/conversesacatalunya.cat\/es\/brexit-ue-y-reino-unido-ultiman-las-negociaciones\/#primaryimage","url":"https:\/\/conversesacatalunya.cat\/wp-content\/uploads\/2020\/12\/Capture-9.png","contentUrl":"https:\/\/conversesacatalunya.cat\/wp-content\/uploads\/2020\/12\/Capture-9.png","width":1025,"height":676,"caption":"Regne Unit"},{"@type":"BreadcrumbList","@id":"https:\/\/conversesacatalunya.cat\/es\/brexit-ue-y-reino-unido-ultiman-las-negociaciones\/#breadcrumb","itemListElement":[{"@type":"ListItem","position":1,"name":"Inici","item":"https:\/\/conversesacatalunya.cat\/es\/"},{"@type":"ListItem","position":2,"name":"Brexit: UE y Reino Unido ultiman las negociaciones"}]},{"@type":"WebSite","@id":"https:\/\/conversesacatalunya.cat\/#website","url":"https:\/\/conversesacatalunya.cat\/","name":"Converses a Catalunya","description":"","potentialAction":[{"@type":"SearchAction","target":{"@type":"EntryPoint","urlTemplate":"https:\/\/conversesacatalunya.cat\/?s={search_term_string}"},"query-input":{"@type":"PropertyValueSpecification","valueRequired":true,"valueName":"search_term_string"}}],"inLanguage":"es"},{"@type":"Person","@id":"https:\/\/conversesacatalunya.cat\/#\/schema\/person\/a7a9496a363cd9847daf7cd659d92e64","name":"conversesacatalunya","image":{"@type":"ImageObject","inLanguage":"es","@id":"https:\/\/conversesacatalunya.cat\/#\/schema\/person\/image\/","url":"https:\/\/conversesacatalunya.cat\/wp-content\/litespeed\/avatar\/ff91582b44ff9c880dc9c5ac2f5c7e89.jpg?ver=1777372947","contentUrl":"https:\/\/conversesacatalunya.cat\/wp-content\/litespeed\/avatar\/ff91582b44ff9c880dc9c5ac2f5c7e89.jpg?ver=1777372947","caption":"conversesacatalunya"},"url":"https:\/\/conversesacatalunya.cat\/es\/author\/francisco_garcia\/"}]}},"wps_subtitle":"Varias filtraciones indican que en los pr\u00f3ximos d\u00edas se anunciar\u00e1 el Brexit definitivo, hecho que marcar\u00e1 un antes y un despu\u00e9s para el Reino Unido","_links":{"self":[{"href":"https:\/\/conversesacatalunya.cat\/es\/wp-json\/wp\/v2\/posts\/43562","targetHints":{"allow":["GET"]}}],"collection":[{"href":"https:\/\/conversesacatalunya.cat\/es\/wp-json\/wp\/v2\/posts"}],"about":[{"href":"https:\/\/conversesacatalunya.cat\/es\/wp-json\/wp\/v2\/types\/post"}],"author":[{"embeddable":true,"href":"https:\/\/conversesacatalunya.cat\/es\/wp-json\/wp\/v2\/users\/20"}],"replies":[{"embeddable":true,"href":"https:\/\/conversesacatalunya.cat\/es\/wp-json\/wp\/v2\/comments?post=43562"}],"version-history":[{"count":2,"href":"https:\/\/conversesacatalunya.cat\/es\/wp-json\/wp\/v2\/posts\/43562\/revisions"}],"predecessor-version":[{"id":43564,"href":"https:\/\/conversesacatalunya.cat\/es\/wp-json\/wp\/v2\/posts\/43562\/revisions\/43564"}],"wp:featuredmedia":[{"embeddable":true,"href":"https:\/\/conversesacatalunya.cat\/es\/wp-json\/wp\/v2\/media\/43554"}],"wp:attachment":[{"href":"https:\/\/conversesacatalunya.cat\/es\/wp-json\/wp\/v2\/media?parent=43562"}],"wp:term":[{"taxonomy":"category","embeddable":true,"href":"https:\/\/conversesacatalunya.cat\/es\/wp-json\/wp\/v2\/categories?post=43562"},{"taxonomy":"post_tag","embeddable":true,"href":"https:\/\/conversesacatalunya.cat\/es\/wp-json\/wp\/v2\/tags?post=43562"}],"curies":[{"name":"wp","href":"https:\/\/api.w.org\/{rel}","templated":true}]}}