{"id":43407,"date":"2020-12-18T12:28:34","date_gmt":"2020-12-18T11:28:34","guid":{"rendered":"https:\/\/conversesacatalunya.cat\/brexit-condicions-ue\/"},"modified":"2020-12-18T12:45:51","modified_gmt":"2020-12-18T11:45:51","slug":"brexit-condiciones-ue","status":"publish","type":"post","link":"https:\/\/conversesacatalunya.cat\/es\/brexit-condiciones-ue\/","title":{"rendered":"Al fin y al cabo, \u00bfun Brexit seg\u00fan las condiciones de la UE?"},"content":{"rendered":"<p align=\"justify\">Para Gideon Rachman, responsable de pol\u00edtica exterior del\u00a0<i>Financial Times<\/i>, la en\u00e9sima pr\u00f3rroga de las negociaciones entre Londres y Bruselas para pactar la salida del Reino Unido de la Uni\u00f3n Europea, acordada la semana pasada, no deber\u00eda sorprender.<\/p>\n<p align=\"justify\">Seg\u00fan\u00a0<a href=\"https:\/\/www.ft.com\/content\/955dc9c9-d5a8-4fd5-a66b-ef28c9f70e2c\" target=\"_blank\" rel=\"noopener noreferrer\">afirma<\/a> este buen conocedor de las relaciones entre las dos capitales, el <em>premier<\/em> brit\u00e1nico Boris Johnson es consciente de que un Brexit sin acuerdo ser\u00eda desastroso para el Reino Unido. Mucho m\u00e1s que para la Uni\u00f3n Europea.<\/p>\n<p align=\"justify\">As\u00ed pues,\u00a0<strong>Rachman conf\u00eda en que un acuerdo entre las dos partes llegue antes de A\u00f1o<\/strong>\u00a0.<\/p>\n<p align=\"justify\">El periodista a\u00f1ade que se tratar\u00e1 de un acuerdo\u00a0<strong>favorable a la UE<\/strong>.\u00a0De hecho, Bruselas tendr\u00eda incluso ya preparadas las concesiones menores de \u00faltimo minuto para hacer pasar mejor el trago a los brit\u00e1nicos, como por ejemplo en el \u00e1rea de pesca.<\/p>\n<p align=\"justify\">Las l\u00edneas rojas de Bruselas, piensa Rachman, ser\u00e1n en cualquier caso respetadas.\u00a0Se trata sobre todo\u00a0<strong>de asegurarse de que el Reino Unido seguir\u00e1 sometido a reglas que le impedir\u00e1n hacer libremente competencia a los Estados miembros <\/strong><strong>de la UE<\/strong>\u00a0salt\u00e1ndose las regulaciones del otro lado del Canal de la Mancha.<\/p>\n<p align=\"justify\">De confirmarse, se tratar\u00eda de una nueva muestra de la asimetr\u00eda de poder entre los dos actores, el Reino Unido y la Uni\u00f3n Europea, en detrimento del primero.<\/p>\n<p align=\"justify\"><strong>Gran Breta\u00f1a env\u00eda el 43% de sus exportaciones totales a los pa\u00edses de la UE. <\/strong>Alemania, Francia e Italia env\u00edan al Reino Unido tan s\u00f3lo un 6% de sus exportaciones respectivas. La poblaci\u00f3n de la UE es de 447 millones de personas, contra solamente 67 millones de brit\u00e1nicos.\u00a0A pesar de perder al Reino Unido, la UE seguir\u00e1 siendo un mercado \u00fanico comparable en tama\u00f1o al de los Estados Unidos o China.<\/p>\n<p align=\"justify\">La relaci\u00f3n de poder desfavorable a Londres <strong>ya ha obligado a Johnson a hacer numerosas concesiones<\/strong>, como la de dar un estatus especial a Irlanda del Norte. Lo que implicar\u00e1 una verdadera divisi\u00f3n en el seno del Reino Unido, con las aduanas no situadas en la frontera terrestre entre Belfast y Dubl\u00edn, sino entre ambos lados del Mar de Irlanda.<\/p>\n<p align=\"justify\">Seg\u00fan Rachman, el Reino Unido no ha entendido que la fuerza de la UE reside precisamente en el atractivo de su mercado \u00fanico. Y las instituciones de Bruselas no quieren de ninguna manera hacer concesiones a Londres en este \u00e1mbito.<\/p>\n<p align=\"justify\"><span class=\"goog-text-highlight\">Los funcionarios europeos saben que\u00a0<\/span><strong><span class=\"goog-text-highlight\">si sientan un precedente de un pa\u00eds que aprovecha las ventajas del mercado \u00fanico sin participar en los costes de mantenerlo<\/span><\/strong><span class=\"goog-text-highlight\">, el Brexit ser\u00e1 s\u00f3lo el primer caso de una ola de demandas similares al las de otros pa\u00edses.<\/span><\/p>\n<p align=\"justify\"><span class='bctt-click-to-tweet'><span class='bctt-ctt-text'><a href='https:\/\/twitter.com\/intent\/tweet?url=https%3A%2F%2Fconversesacatalunya.cat%2Fes%2Fbrexit-condiciones-ue%2F&#038;text=Los%20funcionarios%20europeos%20saben%20que%20si%20sientan%20un%20precedente%20de%20un%20pa%C3%ADs%20que%20aprovecha%20las%20ventajas%20del%20mercado%20%C3%BAnico%20sin%20participar%20en%20los%20costes%20de%20mantenerlo%2C%20el%20Brexit%20ser%C3%A1%20s%C3%B3lo%20el%20primer%20caso&#038;via=conversesacat&#038;related=conversesacat' target='_blank'rel=\"noopener noreferrer\">Los funcionarios europeos saben que si sientan un precedente de un pa\u00eds que aprovecha las ventajas del mercado \u00fanico sin participar en los costes de mantenerlo, el Brexit ser\u00e1 s\u00f3lo el primer caso <\/a><\/span><a href='https:\/\/twitter.com\/intent\/tweet?url=https%3A%2F%2Fconversesacatalunya.cat%2Fes%2Fbrexit-condiciones-ue%2F&#038;text=Los%20funcionarios%20europeos%20saben%20que%20si%20sientan%20un%20precedente%20de%20un%20pa%C3%ADs%20que%20aprovecha%20las%20ventajas%20del%20mercado%20%C3%BAnico%20sin%20participar%20en%20los%20costes%20de%20mantenerlo%2C%20el%20Brexit%20ser%C3%A1%20s%C3%B3lo%20el%20primer%20caso&#038;via=conversesacat&#038;related=conversesacat' target='_blank' class='bctt-ctt-btn'rel=\"noopener noreferrer\">Compartir en X<\/a><\/span>\n<p align=\"justify\">Sin contar con el hecho de que Bruselas quiere evitar a toda costa que los euroesc\u00e9pticos presenten el caso del Brexit como la demostraci\u00f3n de las ventajas que la salida de la UE representar\u00eda por sus respectivos pa\u00edses.<\/p>\n<p align=\"justify\"><div id=\"polls-84\" class=\"wp-polls\">\n\t<form id=\"polls_form_84\" class=\"wp-polls-form\" action=\"\/index.php\" method=\"post\">\n\t\t<p style=\"display: none;\"><input type=\"hidden\" id=\"poll_84_nonce\" name=\"wp-polls-nonce\" value=\"2a0248d606\" \/><\/p>\n\t\t<p style=\"display: none;\"><input type=\"hidden\" name=\"poll_id\" value=\"84\" \/><\/p>\n\t\t<p style=\"text-align: center\"><strong>Els Punts Claus de Converses a Catalunya sempre van rotant. Voldries que quedessin fixes en pantalla els tres punts claus que es publiquen cada dia?<\/strong><\/p><div id=\"polls-84-ans\" class=\"wp-polls-ans\"><ul class=\"wp-polls-ul\">\n\t\t<li><input type=\"radio\" id=\"poll-answer-190\" name=\"poll_84\" value=\"190\" \/> <label for=\"poll-answer-190\">Si<\/label><\/li>\n\t\t<li><input type=\"radio\" id=\"poll-answer-191\" name=\"poll_84\" value=\"191\" \/> <label for=\"poll-answer-191\">No<\/label><\/li>\n\t\t<li><input type=\"radio\" id=\"poll-answer-192\" name=\"poll_84\" value=\"192\" \/> <label for=\"poll-answer-192\">M'\u00e9s indiferent<\/label><\/li>\n\t\t<\/ul><p style=\"text-align: center\"><input type=\"button\" name=\"vote\" value=\"   Vota   \" class=\"Buttons\" onclick=\"poll_vote(84);\" \/><\/p><p style=\"text-align: center\"><a href=\"#ViewPollResults\" onclick=\"poll_result(84); return false;\" title=\"View Results Of This Poll\">Mira els resultats<\/a><\/p><\/div>\n\t<\/form>\n<\/div>\n<div id=\"polls-84-loading\" class=\"wp-polls-loading\"><img decoding=\"async\" data-src=\"https:\/\/conversesacatalunya.cat\/wp-content\/plugins\/wp-polls\/images\/loading.gif\" width=\"16\" height=\"16\" alt=\"Cargando ...\" title=\"Cargando ...\" class=\"wp-polls-image lazyload\" src=\"data:image\/svg+xml;base64,PHN2ZyB3aWR0aD0iMSIgaGVpZ2h0PSIxIiB4bWxucz0iaHR0cDovL3d3dy53My5vcmcvMjAwMC9zdmciPjwvc3ZnPg==\" style=\"--smush-placeholder-width: 16px; --smush-placeholder-aspect-ratio: 16\/16;\" \/>&nbsp;Cargando ...<\/div>\n\n","protected":false},"excerpt":{"rendered":"<p>Para Gideon Rachman, responsable de pol\u00edtica exterior del\u00a0Financial Times, la en\u00e9sima pr\u00f3rroga de las negociaciones entre Londres y Bruselas para pactar la salida del Reino Unido de la Uni\u00f3n Europea, acordada la semana pasada, no deber\u00eda sorprender. Seg\u00fan\u00a0afirma este buen conocedor de las relaciones entre las dos capitales, el premier brit\u00e1nico Boris Johnson es consciente de que un Brexit sin acuerdo ser\u00eda desastroso para el Reino Unido. Mucho m\u00e1s que para la Uni\u00f3n Europea. As\u00ed pues,\u00a0Rachman conf\u00eda en que un acuerdo entre las dos partes llegue antes de A\u00f1o\u00a0. El periodista a\u00f1ade que se tratar\u00e1 de un acuerdo\u00a0favorable a la UE.\u00a0De hecho, Bruselas tendr\u00eda incluso ya preparadas las concesiones menores de \u00faltimo minuto para hacer pasar mejor el trago a los brit\u00e1nicos, como por ejemplo en el \u00e1rea de pesca. Las l\u00edneas rojas de Bruselas, piensa Rachman, ser\u00e1n en cualquier caso respetadas.\u00a0Se trata sobre todo\u00a0de asegurarse de que el Reino Unido seguir\u00e1 sometido a reglas que le impedir\u00e1n hacer libremente competencia a los Estados miembros de la UE\u00a0salt\u00e1ndose las regulaciones del otro lado del Canal de la Mancha. De confirmarse, se tratar\u00eda de una nueva muestra de la asimetr\u00eda de poder entre los dos actores, el Reino Unido y la Uni\u00f3n Europea, en detrimento del primero. Gran Breta\u00f1a env\u00eda el 43% de sus exportaciones totales a los pa\u00edses de la UE. Alemania, Francia e Italia env\u00edan al Reino Unido tan s\u00f3lo un 6% de sus exportaciones respectivas. La poblaci\u00f3n de la UE es de 447 millones de personas, contra solamente 67 millones de brit\u00e1nicos.\u00a0A pesar de perder al Reino Unido, la UE seguir\u00e1 siendo un mercado \u00fanico comparable en tama\u00f1o al de los Estados Unidos o China. La relaci\u00f3n de poder desfavorable a Londres ya ha obligado a Johnson a hacer numerosas concesiones, como la de dar un estatus especial a Irlanda del Norte. Lo que implicar\u00e1 una verdadera divisi\u00f3n en el seno del Reino Unido, con las aduanas no situadas en la frontera terrestre entre Belfast y Dubl\u00edn, sino entre ambos lados del Mar de Irlanda. Seg\u00fan Rachman, el Reino Unido no ha entendido que la fuerza de la UE reside precisamente en el atractivo de su mercado \u00fanico. Y las instituciones de Bruselas no quieren de ninguna manera hacer concesiones a Londres en este \u00e1mbito. Los funcionarios europeos saben que\u00a0si sientan un precedente de un pa\u00eds que aprovecha las ventajas del mercado \u00fanico sin participar en los costes de mantenerlo, el Brexit ser\u00e1 s\u00f3lo el primer caso de una ola de demandas similares al las de otros pa\u00edses. Sin contar con el hecho de que Bruselas quiere evitar a toda costa que los euroesc\u00e9pticos presenten el caso del Brexit como la demostraci\u00f3n de las ventajas que la salida de la UE representar\u00eda por sus respectivos pa\u00edses.<\/p>\n","protected":false},"author":67,"featured_media":43286,"comment_status":"open","ping_status":"open","sticky":false,"template":"","format":"standard","meta":{"_FSMCFIC_featured_image_caption":"","_FSMCFIC_featured_image_nocaption":"","_FSMCFIC_featured_image_hide":"","footnotes":""},"categories":[806],"tags":[1160,1161,874],"class_list":["post-43407","post","type-post","status-publish","format-standard","has-post-thumbnail","hentry","category-punts-claus-del-dia-es","tag-boris-johnson-es","tag-brexit-es","tag-ue-es"],"yoast_head":"<!-- This site is optimized with the Yoast SEO plugin v26.8 - https:\/\/yoast.com\/product\/yoast-seo-wordpress\/ -->\n<title>Al fin y al cabo, \u00bfun Brexit seg\u00fan las condiciones de la UE? - Converses a Catalunya<\/title>\n<meta name=\"robots\" content=\"index, follow, max-snippet:-1, max-image-preview:large, max-video-preview:-1\" \/>\n<link rel=\"canonical\" href=\"https:\/\/conversesacatalunya.cat\/es\/brexit-condiciones-ue\/\" \/>\n<meta property=\"og:locale\" content=\"es_ES\" \/>\n<meta property=\"og:type\" content=\"article\" \/>\n<meta property=\"og:title\" content=\"Al fin y al cabo, \u00bfun Brexit seg\u00fan las condiciones de la UE? - Converses a Catalunya\" \/>\n<meta property=\"og:description\" content=\"Para Gideon Rachman, responsable de pol\u00edtica exterior del\u00a0Financial Times, la en\u00e9sima pr\u00f3rroga de las negociaciones entre Londres y Bruselas para pactar la salida del Reino Unido de la Uni\u00f3n Europea, acordada la semana pasada, no deber\u00eda sorprender. Seg\u00fan\u00a0afirma este buen conocedor de las relaciones entre las dos capitales, el premier brit\u00e1nico Boris Johnson es consciente de que un Brexit sin acuerdo ser\u00eda desastroso para el Reino Unido. Mucho m\u00e1s que para la Uni\u00f3n Europea. As\u00ed pues,\u00a0Rachman conf\u00eda en que un acuerdo entre las dos partes llegue antes de A\u00f1o\u00a0. El periodista a\u00f1ade que se tratar\u00e1 de un acuerdo\u00a0favorable a la UE.\u00a0De hecho, Bruselas tendr\u00eda incluso ya preparadas las concesiones menores de \u00faltimo minuto para hacer pasar mejor el trago a los brit\u00e1nicos, como por ejemplo en el \u00e1rea de pesca. Las l\u00edneas rojas de Bruselas, piensa Rachman, ser\u00e1n en cualquier caso respetadas.\u00a0Se trata sobre todo\u00a0de asegurarse de que el Reino Unido seguir\u00e1 sometido a reglas que le impedir\u00e1n hacer libremente competencia a los Estados miembros de la UE\u00a0salt\u00e1ndose las regulaciones del otro lado del Canal de la Mancha. De confirmarse, se tratar\u00eda de una nueva muestra de la asimetr\u00eda de poder entre los dos actores, el Reino Unido y la Uni\u00f3n Europea, en detrimento del primero. Gran Breta\u00f1a env\u00eda el 43% de sus exportaciones totales a los pa\u00edses de la UE. Alemania, Francia e Italia env\u00edan al Reino Unido tan s\u00f3lo un 6% de sus exportaciones respectivas. La poblaci\u00f3n de la UE es de 447 millones de personas, contra solamente 67 millones de brit\u00e1nicos.\u00a0A pesar de perder al Reino Unido, la UE seguir\u00e1 siendo un mercado \u00fanico comparable en tama\u00f1o al de los Estados Unidos o China. La relaci\u00f3n de poder desfavorable a Londres ya ha obligado a Johnson a hacer numerosas concesiones, como la de dar un estatus especial a Irlanda del Norte. Lo que implicar\u00e1 una verdadera divisi\u00f3n en el seno del Reino Unido, con las aduanas no situadas en la frontera terrestre entre Belfast y Dubl\u00edn, sino entre ambos lados del Mar de Irlanda. Seg\u00fan Rachman, el Reino Unido no ha entendido que la fuerza de la UE reside precisamente en el atractivo de su mercado \u00fanico. Y las instituciones de Bruselas no quieren de ninguna manera hacer concesiones a Londres en este \u00e1mbito. Los funcionarios europeos saben que\u00a0si sientan un precedente de un pa\u00eds que aprovecha las ventajas del mercado \u00fanico sin participar en los costes de mantenerlo, el Brexit ser\u00e1 s\u00f3lo el primer caso de una ola de demandas similares al las de otros pa\u00edses. Sin contar con el hecho de que Bruselas quiere evitar a toda costa que los euroesc\u00e9pticos presenten el caso del Brexit como la demostraci\u00f3n de las ventajas que la salida de la UE representar\u00eda por sus respectivos pa\u00edses.\" \/>\n<meta property=\"og:url\" content=\"https:\/\/conversesacatalunya.cat\/es\/brexit-condiciones-ue\/\" \/>\n<meta property=\"og:site_name\" content=\"Converses a Catalunya\" \/>\n<meta property=\"article:published_time\" content=\"2020-12-18T11:28:34+00:00\" \/>\n<meta property=\"article:modified_time\" content=\"2020-12-18T11:45:51+00:00\" \/>\n<meta property=\"og:image\" content=\"https:\/\/conversesacatalunya.cat\/wp-content\/uploads\/2020\/12\/boris-johnson-brexit-scaled.jpg\" \/>\n\t<meta property=\"og:image:width\" content=\"2560\" \/>\n\t<meta property=\"og:image:height\" content=\"1743\" \/>\n\t<meta property=\"og:image:type\" content=\"image\/jpeg\" \/>\n<meta name=\"author\" content=\"conversesacatalunya\" \/>\n<meta name=\"twitter:card\" content=\"summary_large_image\" \/>\n<meta name=\"twitter:label1\" content=\"Escrito por\" \/>\n\t<meta name=\"twitter:data1\" content=\"conversesacatalunya\" \/>\n\t<meta name=\"twitter:label2\" content=\"Tiempo de lectura\" \/>\n\t<meta name=\"twitter:data2\" content=\"3 minutos\" \/>\n<script type=\"application\/ld+json\" class=\"yoast-schema-graph\">{\"@context\":\"https:\/\/schema.org\",\"@graph\":[{\"@type\":\"Article\",\"@id\":\"https:\/\/conversesacatalunya.cat\/es\/brexit-condiciones-ue\/#article\",\"isPartOf\":{\"@id\":\"https:\/\/conversesacatalunya.cat\/es\/brexit-condiciones-ue\/\"},\"author\":{\"name\":\"conversesacatalunya\",\"@id\":\"https:\/\/conversesacatalunya.cat\/#\/schema\/person\/c5a8ffe796b1512764aeb6d6d6fa0fc7\"},\"headline\":\"Al fin y al cabo, \u00bfun Brexit seg\u00fan las condiciones de la UE?\",\"datePublished\":\"2020-12-18T11:28:34+00:00\",\"dateModified\":\"2020-12-18T11:45:51+00:00\",\"mainEntityOfPage\":{\"@id\":\"https:\/\/conversesacatalunya.cat\/es\/brexit-condiciones-ue\/\"},\"wordCount\":560,\"commentCount\":0,\"image\":{\"@id\":\"https:\/\/conversesacatalunya.cat\/es\/brexit-condiciones-ue\/#primaryimage\"},\"thumbnailUrl\":\"https:\/\/conversesacatalunya.cat\/wp-content\/uploads\/2020\/12\/boris-johnson-brexit-scaled.jpg\",\"keywords\":[\"Boris Johnson\",\"Brexit\",\"UE\"],\"articleSection\":[\"Punts clau del dia (ES)\"],\"inLanguage\":\"es\",\"potentialAction\":[{\"@type\":\"CommentAction\",\"name\":\"Comment\",\"target\":[\"https:\/\/conversesacatalunya.cat\/es\/brexit-condiciones-ue\/#respond\"]}]},{\"@type\":\"WebPage\",\"@id\":\"https:\/\/conversesacatalunya.cat\/es\/brexit-condiciones-ue\/\",\"url\":\"https:\/\/conversesacatalunya.cat\/es\/brexit-condiciones-ue\/\",\"name\":\"Al fin y al cabo, \u00bfun Brexit seg\u00fan las condiciones de la UE? - Converses a Catalunya\",\"isPartOf\":{\"@id\":\"https:\/\/conversesacatalunya.cat\/#website\"},\"primaryImageOfPage\":{\"@id\":\"https:\/\/conversesacatalunya.cat\/es\/brexit-condiciones-ue\/#primaryimage\"},\"image\":{\"@id\":\"https:\/\/conversesacatalunya.cat\/es\/brexit-condiciones-ue\/#primaryimage\"},\"thumbnailUrl\":\"https:\/\/conversesacatalunya.cat\/wp-content\/uploads\/2020\/12\/boris-johnson-brexit-scaled.jpg\",\"datePublished\":\"2020-12-18T11:28:34+00:00\",\"dateModified\":\"2020-12-18T11:45:51+00:00\",\"author\":{\"@id\":\"https:\/\/conversesacatalunya.cat\/#\/schema\/person\/c5a8ffe796b1512764aeb6d6d6fa0fc7\"},\"breadcrumb\":{\"@id\":\"https:\/\/conversesacatalunya.cat\/es\/brexit-condiciones-ue\/#breadcrumb\"},\"inLanguage\":\"es\",\"potentialAction\":[{\"@type\":\"ReadAction\",\"target\":[\"https:\/\/conversesacatalunya.cat\/es\/brexit-condiciones-ue\/\"]}]},{\"@type\":\"ImageObject\",\"inLanguage\":\"es\",\"@id\":\"https:\/\/conversesacatalunya.cat\/es\/brexit-condiciones-ue\/#primaryimage\",\"url\":\"https:\/\/conversesacatalunya.cat\/wp-content\/uploads\/2020\/12\/boris-johnson-brexit-scaled.jpg\",\"contentUrl\":\"https:\/\/conversesacatalunya.cat\/wp-content\/uploads\/2020\/12\/boris-johnson-brexit-scaled.jpg\",\"width\":2560,\"height\":1743,\"caption\":\"European Commission President Ursula von der Leyen welcomes British Prime Minister Boris Johnson in Brussels, Belgium December 9, 2020. Olivier Hoslet\/Pool via REUTERS\"},{\"@type\":\"BreadcrumbList\",\"@id\":\"https:\/\/conversesacatalunya.cat\/es\/brexit-condiciones-ue\/#breadcrumb\",\"itemListElement\":[{\"@type\":\"ListItem\",\"position\":1,\"name\":\"Inici\",\"item\":\"https:\/\/conversesacatalunya.cat\/es\/\"},{\"@type\":\"ListItem\",\"position\":2,\"name\":\"Al fin y al cabo, \u00bfun Brexit seg\u00fan las condiciones de la UE?\"}]},{\"@type\":\"WebSite\",\"@id\":\"https:\/\/conversesacatalunya.cat\/#website\",\"url\":\"https:\/\/conversesacatalunya.cat\/\",\"name\":\"Converses a Catalunya\",\"description\":\"\",\"potentialAction\":[{\"@type\":\"SearchAction\",\"target\":{\"@type\":\"EntryPoint\",\"urlTemplate\":\"https:\/\/conversesacatalunya.cat\/?s={search_term_string}\"},\"query-input\":{\"@type\":\"PropertyValueSpecification\",\"valueRequired\":true,\"valueName\":\"search_term_string\"}}],\"inLanguage\":\"es\"},{\"@type\":\"Person\",\"@id\":\"https:\/\/conversesacatalunya.cat\/#\/schema\/person\/c5a8ffe796b1512764aeb6d6d6fa0fc7\",\"name\":\"conversesacatalunya\",\"image\":{\"@type\":\"ImageObject\",\"inLanguage\":\"es\",\"@id\":\"https:\/\/conversesacatalunya.cat\/#\/schema\/person\/image\/\",\"url\":\"https:\/\/conversesacatalunya.cat\/wp-content\/litespeed\/avatar\/02659ee938034c59a151ae106ade943e.jpg?ver=1777051754\",\"contentUrl\":\"https:\/\/conversesacatalunya.cat\/wp-content\/litespeed\/avatar\/02659ee938034c59a151ae106ade943e.jpg?ver=1777051754\",\"caption\":\"conversesacatalunya\"},\"url\":\"https:\/\/conversesacatalunya.cat\/es\/author\/carles_lopez\/\"}]}<\/script>\n<!-- \/ Yoast SEO plugin. -->","yoast_head_json":{"title":"Al fin y al cabo, \u00bfun Brexit seg\u00fan las condiciones de la UE? - Converses a Catalunya","robots":{"index":"index","follow":"follow","max-snippet":"max-snippet:-1","max-image-preview":"max-image-preview:large","max-video-preview":"max-video-preview:-1"},"canonical":"https:\/\/conversesacatalunya.cat\/es\/brexit-condiciones-ue\/","og_locale":"es_ES","og_type":"article","og_title":"Al fin y al cabo, \u00bfun Brexit seg\u00fan las condiciones de la UE? - Converses a Catalunya","og_description":"Para Gideon Rachman, responsable de pol\u00edtica exterior del\u00a0Financial Times, la en\u00e9sima pr\u00f3rroga de las negociaciones entre Londres y Bruselas para pactar la salida del Reino Unido de la Uni\u00f3n Europea, acordada la semana pasada, no deber\u00eda sorprender. Seg\u00fan\u00a0afirma este buen conocedor de las relaciones entre las dos capitales, el premier brit\u00e1nico Boris Johnson es consciente de que un Brexit sin acuerdo ser\u00eda desastroso para el Reino Unido. Mucho m\u00e1s que para la Uni\u00f3n Europea. As\u00ed pues,\u00a0Rachman conf\u00eda en que un acuerdo entre las dos partes llegue antes de A\u00f1o\u00a0. El periodista a\u00f1ade que se tratar\u00e1 de un acuerdo\u00a0favorable a la UE.\u00a0De hecho, Bruselas tendr\u00eda incluso ya preparadas las concesiones menores de \u00faltimo minuto para hacer pasar mejor el trago a los brit\u00e1nicos, como por ejemplo en el \u00e1rea de pesca. Las l\u00edneas rojas de Bruselas, piensa Rachman, ser\u00e1n en cualquier caso respetadas.\u00a0Se trata sobre todo\u00a0de asegurarse de que el Reino Unido seguir\u00e1 sometido a reglas que le impedir\u00e1n hacer libremente competencia a los Estados miembros de la UE\u00a0salt\u00e1ndose las regulaciones del otro lado del Canal de la Mancha. De confirmarse, se tratar\u00eda de una nueva muestra de la asimetr\u00eda de poder entre los dos actores, el Reino Unido y la Uni\u00f3n Europea, en detrimento del primero. Gran Breta\u00f1a env\u00eda el 43% de sus exportaciones totales a los pa\u00edses de la UE. Alemania, Francia e Italia env\u00edan al Reino Unido tan s\u00f3lo un 6% de sus exportaciones respectivas. La poblaci\u00f3n de la UE es de 447 millones de personas, contra solamente 67 millones de brit\u00e1nicos.\u00a0A pesar de perder al Reino Unido, la UE seguir\u00e1 siendo un mercado \u00fanico comparable en tama\u00f1o al de los Estados Unidos o China. La relaci\u00f3n de poder desfavorable a Londres ya ha obligado a Johnson a hacer numerosas concesiones, como la de dar un estatus especial a Irlanda del Norte. Lo que implicar\u00e1 una verdadera divisi\u00f3n en el seno del Reino Unido, con las aduanas no situadas en la frontera terrestre entre Belfast y Dubl\u00edn, sino entre ambos lados del Mar de Irlanda. Seg\u00fan Rachman, el Reino Unido no ha entendido que la fuerza de la UE reside precisamente en el atractivo de su mercado \u00fanico. Y las instituciones de Bruselas no quieren de ninguna manera hacer concesiones a Londres en este \u00e1mbito. Los funcionarios europeos saben que\u00a0si sientan un precedente de un pa\u00eds que aprovecha las ventajas del mercado \u00fanico sin participar en los costes de mantenerlo, el Brexit ser\u00e1 s\u00f3lo el primer caso de una ola de demandas similares al las de otros pa\u00edses. Sin contar con el hecho de que Bruselas quiere evitar a toda costa que los euroesc\u00e9pticos presenten el caso del Brexit como la demostraci\u00f3n de las ventajas que la salida de la UE representar\u00eda por sus respectivos pa\u00edses.","og_url":"https:\/\/conversesacatalunya.cat\/es\/brexit-condiciones-ue\/","og_site_name":"Converses a Catalunya","article_published_time":"2020-12-18T11:28:34+00:00","article_modified_time":"2020-12-18T11:45:51+00:00","og_image":[{"width":2560,"height":1743,"url":"https:\/\/conversesacatalunya.cat\/wp-content\/uploads\/2020\/12\/boris-johnson-brexit-scaled.jpg","type":"image\/jpeg"}],"author":"conversesacatalunya","twitter_card":"summary_large_image","twitter_misc":{"Escrito por":"conversesacatalunya","Tiempo de lectura":"3 minutos"},"schema":{"@context":"https:\/\/schema.org","@graph":[{"@type":"Article","@id":"https:\/\/conversesacatalunya.cat\/es\/brexit-condiciones-ue\/#article","isPartOf":{"@id":"https:\/\/conversesacatalunya.cat\/es\/brexit-condiciones-ue\/"},"author":{"name":"conversesacatalunya","@id":"https:\/\/conversesacatalunya.cat\/#\/schema\/person\/c5a8ffe796b1512764aeb6d6d6fa0fc7"},"headline":"Al fin y al cabo, \u00bfun Brexit seg\u00fan las condiciones de la UE?","datePublished":"2020-12-18T11:28:34+00:00","dateModified":"2020-12-18T11:45:51+00:00","mainEntityOfPage":{"@id":"https:\/\/conversesacatalunya.cat\/es\/brexit-condiciones-ue\/"},"wordCount":560,"commentCount":0,"image":{"@id":"https:\/\/conversesacatalunya.cat\/es\/brexit-condiciones-ue\/#primaryimage"},"thumbnailUrl":"https:\/\/conversesacatalunya.cat\/wp-content\/uploads\/2020\/12\/boris-johnson-brexit-scaled.jpg","keywords":["Boris Johnson","Brexit","UE"],"articleSection":["Punts clau del dia (ES)"],"inLanguage":"es","potentialAction":[{"@type":"CommentAction","name":"Comment","target":["https:\/\/conversesacatalunya.cat\/es\/brexit-condiciones-ue\/#respond"]}]},{"@type":"WebPage","@id":"https:\/\/conversesacatalunya.cat\/es\/brexit-condiciones-ue\/","url":"https:\/\/conversesacatalunya.cat\/es\/brexit-condiciones-ue\/","name":"Al fin y al cabo, \u00bfun Brexit seg\u00fan las condiciones de la UE? - Converses a Catalunya","isPartOf":{"@id":"https:\/\/conversesacatalunya.cat\/#website"},"primaryImageOfPage":{"@id":"https:\/\/conversesacatalunya.cat\/es\/brexit-condiciones-ue\/#primaryimage"},"image":{"@id":"https:\/\/conversesacatalunya.cat\/es\/brexit-condiciones-ue\/#primaryimage"},"thumbnailUrl":"https:\/\/conversesacatalunya.cat\/wp-content\/uploads\/2020\/12\/boris-johnson-brexit-scaled.jpg","datePublished":"2020-12-18T11:28:34+00:00","dateModified":"2020-12-18T11:45:51+00:00","author":{"@id":"https:\/\/conversesacatalunya.cat\/#\/schema\/person\/c5a8ffe796b1512764aeb6d6d6fa0fc7"},"breadcrumb":{"@id":"https:\/\/conversesacatalunya.cat\/es\/brexit-condiciones-ue\/#breadcrumb"},"inLanguage":"es","potentialAction":[{"@type":"ReadAction","target":["https:\/\/conversesacatalunya.cat\/es\/brexit-condiciones-ue\/"]}]},{"@type":"ImageObject","inLanguage":"es","@id":"https:\/\/conversesacatalunya.cat\/es\/brexit-condiciones-ue\/#primaryimage","url":"https:\/\/conversesacatalunya.cat\/wp-content\/uploads\/2020\/12\/boris-johnson-brexit-scaled.jpg","contentUrl":"https:\/\/conversesacatalunya.cat\/wp-content\/uploads\/2020\/12\/boris-johnson-brexit-scaled.jpg","width":2560,"height":1743,"caption":"European Commission President Ursula von der Leyen welcomes British Prime Minister Boris Johnson in Brussels, Belgium December 9, 2020. Olivier Hoslet\/Pool via REUTERS"},{"@type":"BreadcrumbList","@id":"https:\/\/conversesacatalunya.cat\/es\/brexit-condiciones-ue\/#breadcrumb","itemListElement":[{"@type":"ListItem","position":1,"name":"Inici","item":"https:\/\/conversesacatalunya.cat\/es\/"},{"@type":"ListItem","position":2,"name":"Al fin y al cabo, \u00bfun Brexit seg\u00fan las condiciones de la UE?"}]},{"@type":"WebSite","@id":"https:\/\/conversesacatalunya.cat\/#website","url":"https:\/\/conversesacatalunya.cat\/","name":"Converses a Catalunya","description":"","potentialAction":[{"@type":"SearchAction","target":{"@type":"EntryPoint","urlTemplate":"https:\/\/conversesacatalunya.cat\/?s={search_term_string}"},"query-input":{"@type":"PropertyValueSpecification","valueRequired":true,"valueName":"search_term_string"}}],"inLanguage":"es"},{"@type":"Person","@id":"https:\/\/conversesacatalunya.cat\/#\/schema\/person\/c5a8ffe796b1512764aeb6d6d6fa0fc7","name":"conversesacatalunya","image":{"@type":"ImageObject","inLanguage":"es","@id":"https:\/\/conversesacatalunya.cat\/#\/schema\/person\/image\/","url":"https:\/\/conversesacatalunya.cat\/wp-content\/litespeed\/avatar\/02659ee938034c59a151ae106ade943e.jpg?ver=1777051754","contentUrl":"https:\/\/conversesacatalunya.cat\/wp-content\/litespeed\/avatar\/02659ee938034c59a151ae106ade943e.jpg?ver=1777051754","caption":"conversesacatalunya"},"url":"https:\/\/conversesacatalunya.cat\/es\/author\/carles_lopez\/"}]}},"wps_subtitle":"Boris Johnson es consciente de que un Brexit sin acuerdo ser\u00eda desastroso para el Reino Unido. Mucho m\u00e1s que para la Uni\u00f3n Europea.","_links":{"self":[{"href":"https:\/\/conversesacatalunya.cat\/es\/wp-json\/wp\/v2\/posts\/43407","targetHints":{"allow":["GET"]}}],"collection":[{"href":"https:\/\/conversesacatalunya.cat\/es\/wp-json\/wp\/v2\/posts"}],"about":[{"href":"https:\/\/conversesacatalunya.cat\/es\/wp-json\/wp\/v2\/types\/post"}],"author":[{"embeddable":true,"href":"https:\/\/conversesacatalunya.cat\/es\/wp-json\/wp\/v2\/users\/67"}],"replies":[{"embeddable":true,"href":"https:\/\/conversesacatalunya.cat\/es\/wp-json\/wp\/v2\/comments?post=43407"}],"version-history":[{"count":4,"href":"https:\/\/conversesacatalunya.cat\/es\/wp-json\/wp\/v2\/posts\/43407\/revisions"}],"predecessor-version":[{"id":43415,"href":"https:\/\/conversesacatalunya.cat\/es\/wp-json\/wp\/v2\/posts\/43407\/revisions\/43415"}],"wp:featuredmedia":[{"embeddable":true,"href":"https:\/\/conversesacatalunya.cat\/es\/wp-json\/wp\/v2\/media\/43286"}],"wp:attachment":[{"href":"https:\/\/conversesacatalunya.cat\/es\/wp-json\/wp\/v2\/media?parent=43407"}],"wp:term":[{"taxonomy":"category","embeddable":true,"href":"https:\/\/conversesacatalunya.cat\/es\/wp-json\/wp\/v2\/categories?post=43407"},{"taxonomy":"post_tag","embeddable":true,"href":"https:\/\/conversesacatalunya.cat\/es\/wp-json\/wp\/v2\/tags?post=43407"}],"curies":[{"name":"wp","href":"https:\/\/api.w.org\/{rel}","templated":true}]}}